{"id":83711,"date":"2022-08-19T16:19:50","date_gmt":"2022-08-19T19:19:50","guid":{"rendered":"https:\/\/cooltivarte.com\/portal\/?p=83711"},"modified":"2022-08-19T16:37:06","modified_gmt":"2022-08-19T19:37:06","slug":"cara-y-cruz","status":"publish","type":"post","link":"https:\/\/cooltivarte.com\/portal\/cara-y-cruz\/","title":{"rendered":"Cara y cruz"},"content":{"rendered":"<figure id=\"attachment_83715\" aria-describedby=\"caption-attachment-83715\" style=\"width: 1024px\" class=\"wp-caption aligncenter\"><img fetchpriority=\"high\" decoding=\"async\" class=\"wp-image-83715\" title=\"Juan Bervejillo - Bar Mitre - julio 2022 - Foto Marcelo Rodriguez\" src=\"https:\/\/cooltivarte.com\/portal\/wp-content\/uploads\/2022\/08\/Juan-Bervejillo-Bar-Mitre-julio-2022-Foto-Marcelo-Rodriguez-1.jpg\" alt=\"Juan Bervejillo - Bar Mitre - julio 2022 - Foto Marcelo Rodriguez-\" width=\"1024\" height=\"768\" srcset=\"https:\/\/cooltivarte.com\/portal\/wp-content\/uploads\/2022\/08\/Juan-Bervejillo-Bar-Mitre-julio-2022-Foto-Marcelo-Rodriguez-1.jpg 1200w, https:\/\/cooltivarte.com\/portal\/wp-content\/uploads\/2022\/08\/Juan-Bervejillo-Bar-Mitre-julio-2022-Foto-Marcelo-Rodriguez-1-300x225.jpg 300w, https:\/\/cooltivarte.com\/portal\/wp-content\/uploads\/2022\/08\/Juan-Bervejillo-Bar-Mitre-julio-2022-Foto-Marcelo-Rodriguez-1-1024x768.jpg 1024w, https:\/\/cooltivarte.com\/portal\/wp-content\/uploads\/2022\/08\/Juan-Bervejillo-Bar-Mitre-julio-2022-Foto-Marcelo-Rodriguez-1-768x576.jpg 768w\" sizes=\"(max-width: 1024px) 100vw, 1024px\" \/><figcaption id=\"caption-attachment-83715\" class=\"wp-caption-text\">Juan Bervejillo &#8211; Bar Mitre &#8211; julio 2022 &#8211; Foto Marcelo Rodriguez<\/figcaption><\/figure>\n<p>Fue un s\u00e1bado de enero, seguramente el primer s\u00e1bado del a\u00f1o. Ma dirig\u00eda al local de Todo M\u00fasica en el centro en plan de rey mago, iba con una idea clara, un caj\u00f3n peruano para mi hijo y una guitarra \u00be para mi hija.<\/p>\n<p>La ciudad luc\u00eda la parsimonia habitual de esa \u00e9poca del a\u00f1o, en la que Montevideo baja tres cambios y se mueve en c\u00e1mara lenta.<\/p>\n<p>En el comercio me atendi\u00f3 Eduardo, un antiguo compa\u00f1ero de facultad, m\u00fasico \u00e9l, desde aquellos lejanos noventa. Me mostr\u00f3 las distintas opciones que ten\u00eda para ofrecerme, me habl\u00f3 de cualidades y conveniencias de cada unos de los instrumentos, mientras de fondo se escuchaba a alguien probando una guitarra el\u00e9ctrica, sonaban punteos de Dire Straits, fragmentos de temas de Eric Clapton, entre lo que pude reconocer. \u00abEs un m\u00fasico de una banda de cumbias\u00bb me dijo Eduardo, \u00abno se c\u00f3mo se llama, pero es conocido\u00bb agreg\u00f3.<\/p>\n<p>A menos de cincuenta metros hab\u00eda otro local de venta de instrumentos, si bien los argumentos de Eduardo me hab\u00edan convencido bastante sobre marcas, modelos y prestaciones, me pareci\u00f3 adecuado ver otras opciones. Sal\u00ed del local y me dirig\u00ed hacia la calle San Jos\u00e9, mientras esperaba para cruzar del otro lado, exactamente en el sem\u00e1foro de enfrente veo a <a href=\"https:\/\/cooltivarte.com\/portal\/?s=Leo+Masliah\" target=\"_blank\" rel=\"noopener\">Leo Masliah<\/a>, de chancletas, bermudas y con la chismosa en la mano, camino a hacer alg\u00fan mandado, la leche, el pan, como cualquiera de nosotros. Si algo le faltaba a esta historia, al entrar al siguiente local el que sale de atr\u00e1s del mostrador para mostrarme las virtudes de las guitarras es <a href=\"https:\/\/cooltivarte.com\/portal\/?s=V\u00edctor+Nattero\" target=\"_blank\" rel=\"noopener\">V\u00edctor Nattero<\/a>.<\/p>\n<p>Sal\u00ed de all\u00ed pensando en esta suma de situaciones, en que en Montevideo pasan estas cosas, en que los tipos que pusieron las canciones en tu walkman est\u00e1n ah\u00ed, llevando vidas tan simples como la tuya. La discusi\u00f3n es casi una constante, \u00bfes un desprop\u00f3sito que estas personas que han hecho aportes tan valiosos a la cultura de nuestro pa\u00eds, estos artistas que han hecho cosas extraordinarias vivan una vida com\u00fan, tan ordinaria como la m\u00eda o la tuya? No s\u00e9 si Leo preferir\u00eda tener una mucama que le haga los mandados o si V\u00edctor sufr\u00eda por trabajar en una casa de venta de instrumentos musicales, si el guitarrista del grupo de cumbia preferir\u00eda haber sido el guitarrista de <a href=\"https:\/\/cooltivarte.com\/portal\/?s=Los+Traidores\" target=\"_blank\" rel=\"noopener\">Los Traidores<\/a>, pero eligi\u00f3 la m\u00fasica tropical para un s\u00e1bado de ma\u00f1ana probar guitarras en vez de venderlas. No s\u00e9, est\u00e1 claro que todos convivimos con nuestras aspiraciones y frustraciones. Pero Montevideo es as\u00ed, Uruguay es as\u00ed, una noche est\u00e1s sobre el escenario ante gente que te ama y corea tus canciones y a la ma\u00f1ana vas a comprar la leche al almac\u00e9n. Parecen las dos caras de una misma moneda, \u00bfuna virtud de un pa\u00eds de cercan\u00edas?, \u00bfun pa\u00eds que no valora a sus artistas como es debido? Probablemente ambas preguntas tengan un s\u00ed como respuesta dependiendo a qui\u00e9n le preguntes, en qu\u00e9 momento y en qu\u00e9 circunstancias.<\/p>\n<p>Algo de esto volv\u00ed a pensar hace un par de semanas cuando <a href=\"https:\/\/cooltivarte.com\/portal\/?s=Juan+Bervejillo\" target=\"_blank\" rel=\"noopener\">Juan Bervejillo<\/a> se present\u00f3 en el Bar Mitre, un espacio nuevo para m\u00ed en 25 de mayo casi Bartolom\u00e9 Mitre.<\/p>\n<p>Desde hace un tiempo Juan viene present\u00e1ndose en boliches, en general son lugares peque\u00f1os, para no m\u00e1s de cincuenta personas. Verlo en esos espacios es un privilegio. Juan es historia viva de nuestro rock nacional y sus casi cuarenta a\u00f1os en la ruta, su talento y su oficio pueden apreciarse cuando se sube al escenario, la mayor\u00eda de las veces una banqueta o a lo sumo una peque\u00f1a tarima en estos bares. \u00abA veces cuando hay alg\u00fan mango invito al Mireya y a alg\u00fan otro para que me acompa\u00f1en, as\u00ed le dan un poco de color\u00bb, me cuenta. Pero la mayor\u00eda de las veces lo hace solo, con su guitarra, una Takamine Gd5 electroac\u00fastica que lo tiene muy feliz. \u00abPara este formato esta es la mejor\u00bb.<\/p>\n<p>Juan arranca el recital con una lista de canciones escrita en marcador negro, ubicada en el piso al lado de su taburete. El bar ofrece un peque\u00f1o escenario elevado unos veinte cent\u00edmetros del piso, donde una banda de hasta tres m\u00fasicos podr\u00edan desenvolverse sin problemas, el espacio est\u00e1 arreglado con buen gusto, y por detr\u00e1s una placa iluminada en sus bordes resalta una M que referencia al nombre del lugar.<\/p>\n<p>Las mesas se ubican enfrente al escenario, permitiendo una buena visual desde casi todas ellas.<\/p>\n<p>Juan comienza interpretando las canciones de su lista mientras una hoja y el marcador negro recorren las mesas. \u00abPongan ah\u00ed las canciones que quieren que cante\u00bb, nos dice. Mientras tanto va desgranando un grupo de canciones, tal vez menos conocidas, algunas nuevas. compuestas en los \u00faltimos tiempos y que Juan suele mostrar en sus redes. Cada una de ellas van precedidas de una historia, a veces sobre c\u00f3mo fue compuesta, otras sobre alg\u00fan personaje a la que est\u00e1 vinculada, breves historias que facilitan en v\u00ednculo con un p\u00fablico que a la tercera canci\u00f3n ya es cautivo, una mesa en el fondo compuesta en su mayor\u00eda por chicas que las cantan todas, las aplauden todas y dialogan de una punta a la otra del boliche con el cantante, detr\u00e1s nuestro otra mesa, redonda, grande, con ocupantes tal vez menos efusivos pero no menos entusiasmados. A nuestra derecha una pareja disfruta del show mientras su hijo peque\u00f1o, de no m\u00e1s de tres a\u00f1os se entretiene con un juguete, cercano y ajeno a lo que est\u00e1 sucediendo. A nuestra izquierda un par de chicas tambi\u00e9n las cantan todas, mientras la pareja de una de ellas disfruta el recital m\u00e1s mansamente, la procesi\u00f3n va por dentro, este es de los m\u00edos.<\/p>\n<p>Finalmente, la hoja de papel y el marcador llegan a nuestra mesa, miramos la lista de canciones y agregamos un par, yo inclu\u00ed Yo jugar\u00e9, en tanto Santi agreg\u00f3 \u00bfC\u00f3mo te va che?, canci\u00f3n que viene tocando en su guitarra y se prestaba a observar con atenci\u00f3n el trabajo de Juan en su Takamine.<\/p>\n<p>Cuando recibe la lista, el cantante bromea: \u00ab\u00a1Qu\u00e9 cantidad! Pens\u00e9 que era una pel\u00edcula y es una serie\u00bb y agrega: \u00abVieron que ahora las series son largu\u00edsimas. Yo encontr\u00e9 la soluci\u00f3n, miro el primer cap\u00edtulo y el \u00faltimo, si total en el medio no pasa nada\u00bb, hay consejo para todo y para todos, el di\u00e1logo es permanente, fluido, agradable. Juan tiene todos los recursos, conoce todas las ma\u00f1as del oficio, maneja las pausas, se toma sus descansos, nos invita a cantar y le da una pausa a su voz mientras las nuestras hacen los coros. El recital termina con el p\u00fablico en su bolsillo, pedimos bises y Juan sube al escenario, hace una canci\u00f3n suave, de las que son para escuchar y no para corear, la vuelta a la calma es perfecta, el recital termina, el cantante baja del escenario, recorre las mesas, saluda a cada uno de nosotros, conversa, se toma algunas fotos, un chico mexicano se acerca, lo felicita por el show y le dice que le quiere dar un regalo, mete su mano en su morral y saca un peque\u00f1o b\u00faho de cer\u00e1mica. Las escenas se suceden como instant\u00e1neas, como aquellas fotonovelas que le\u00edan nuestras madres en la peluquer\u00eda, sentadas bajo el secador de pelo.<\/p>\n<p>\u00bfNo corr\u00e9s el riesgo de que el recital se vuelva un grandes \u00e9xitos al pasar la hoja por las mesas? En otra muestra de oficio y de que el azar no es un caballo desbocado sino un veh\u00edculo fiable que forma parte del plan, me responde: \u00abPero en la primera parte canto lo que quiero\u00bb. Tambi\u00e9n estas son dos caras de la moneda del artista que se sube al escenario, la eterna disyuntiva, el equilibrio entre lo que el p\u00fablico espera y lo que se quiere mostrar.<\/p>\n<p>De pronto se acerca un se\u00f1or que felicita a Juan y se presenta, \u00e9l es el due\u00f1o del lugar, \u00abdespu\u00e9s de trabajar cuarenta a\u00f1os en ANCAP puse este bar para que lo trabaje mi hijo\u00bb nos cuenta. \u00bfComiste algo? le pregunta a Juan<\/p>\n<p>La noche sigue un poco m\u00e1s, la mayor\u00eda de las mesas est\u00e1n vac\u00edas, la gente se retir\u00f3 pronto, nos sentamos en la mesa de atr\u00e1s, la redonda, llega un plato de papas fritas, la comida del cantante, Juan recoge los sobres de las mesas donde el p\u00fablico aport\u00f3 lo que cree que vali\u00f3 el show.<\/p>\n<p>\u00bfEn qu\u00e9 and\u00e1s? Le pregunto a Juan. Te llevamos, vamos para el barrio. Pusimos el equipo de guitarra en el ba\u00fal, un cuidacoches se acerca a pedir unas monedas, Juan mete la mano en el bolsillo y le entrega un pu\u00f1ado que incluye la p\u00faa con la que toc\u00f3 esta noche.<\/p>\n<p>Nos subimos al auto, mi hijo va al volante camino a tres cruces y entre charlas, an\u00e9cdotas y promesas de futuras pizzas, no puedo, no quiero perder de vista que, sentado atr\u00e1s, junto a su pareja, va uno de los que han hecho la historia de la m\u00fasica uruguaya, uno de los que puso las canciones en mi walkman y tambi\u00e9n va Juan, un amigo.<\/p>\n<p>&nbsp;<\/p>\n<blockquote class=\"instagram-media\" data-instgrm-captioned data-instgrm-permalink=\"https:\/\/www.instagram.com\/p\/Chc-W16LUMC\/?utm_source=ig_embed&amp;utm_campaign=loading\" data-instgrm-version=\"14\" style=\" background:#FFF; border:0; border-radius:3px; box-shadow:0 0 1px 0 rgba(0,0,0,0.5),0 1px 10px 0 rgba(0,0,0,0.15); margin: 1px; max-width:540px; min-width:326px; padding:0; width:99.375%; width:-webkit-calc(100% - 2px); width:calc(100% - 2px);\">\n<div style=\"padding:16px;\"> <a href=\"https:\/\/www.instagram.com\/p\/Chc-W16LUMC\/?utm_source=ig_embed&amp;utm_campaign=loading\" style=\" background:#FFFFFF; line-height:0; padding:0 0; text-align:center; text-decoration:none; width:100%;\" target=\"_blank\" rel=\"noopener\"> <\/p>\n<div style=\" display: flex; flex-direction: row; align-items: center;\">\n<div style=\"background-color: #F4F4F4; border-radius: 50%; flex-grow: 0; height: 40px; margin-right: 14px; width: 40px;\"><\/div>\n<div style=\"display: flex; flex-direction: column; flex-grow: 1; justify-content: center;\">\n<div style=\" background-color: #F4F4F4; border-radius: 4px; flex-grow: 0; height: 14px; margin-bottom: 6px; width: 100px;\"><\/div>\n<div style=\" background-color: #F4F4F4; border-radius: 4px; flex-grow: 0; height: 14px; width: 60px;\"><\/div>\n<\/div>\n<\/div>\n<div style=\"padding: 19% 0;\"><\/div>\n<div style=\"display:block; height:50px; margin:0 auto 12px; width:50px;\"><svg width=\"50px\" height=\"50px\" viewBox=\"0 0 60 60\" version=\"1.1\" xmlns=\"https:\/\/www.w3.org\/2000\/svg\" xmlns:xlink=\"https:\/\/www.w3.org\/1999\/xlink\"><g stroke=\"none\" stroke-width=\"1\" fill=\"none\" fill-rule=\"evenodd\"><\/g><g transform=\"translate(-511.000000, -20.000000)\" fill=\"#000000\"><\/g><g><path d=\"M556.869,30.41 C554.814,30.41 553.148,32.076 553.148,34.131 C553.148,36.186 554.814,37.852 556.869,37.852 C558.924,37.852 560.59,36.186 560.59,34.131 C560.59,32.076 558.924,30.41 556.869,30.41 M541,60.657 C535.114,60.657 530.342,55.887 530.342,50 C530.342,44.114 535.114,39.342 541,39.342 C546.887,39.342 551.658,44.114 551.658,50 C551.658,55.887 546.887,60.657 541,60.657 M541,33.886 C532.1,33.886 524.886,41.1 524.886,50 C524.886,58.899 532.1,66.113 541,66.113 C549.9,66.113 557.115,58.899 557.115,50 C557.115,41.1 549.9,33.886 541,33.886 M565.378,62.101 C565.244,65.022 564.756,66.606 564.346,67.663 C563.803,69.06 563.154,70.057 562.106,71.106 C561.058,72.155 560.06,72.803 558.662,73.347 C557.607,73.757 556.021,74.244 553.102,74.378 C549.944,74.521 548.997,74.552 541,74.552 C533.003,74.552 532.056,74.521 528.898,74.378 C525.979,74.244 524.393,73.757 523.338,73.347 C521.94,72.803 520.942,72.155 519.894,71.106 C518.846,70.057 518.197,69.06 517.654,67.663 C517.244,66.606 516.755,65.022 516.623,62.101 C516.479,58.943 516.448,57.996 516.448,50 C516.448,42.003 516.479,41.056 516.623,37.899 C516.755,34.978 517.244,33.391 517.654,32.338 C518.197,30.938 518.846,29.942 519.894,28.894 C520.942,27.846 521.94,27.196 523.338,26.654 C524.393,26.244 525.979,25.756 528.898,25.623 C532.057,25.479 533.004,25.448 541,25.448 C548.997,25.448 549.943,25.479 553.102,25.623 C556.021,25.756 557.607,26.244 558.662,26.654 C560.06,27.196 561.058,27.846 562.106,28.894 C563.154,29.942 563.803,30.938 564.346,32.338 C564.756,33.391 565.244,34.978 565.378,37.899 C565.522,41.056 565.552,42.003 565.552,50 C565.552,57.996 565.522,58.943 565.378,62.101 M570.82,37.631 C570.674,34.438 570.167,32.258 569.425,30.349 C568.659,28.377 567.633,26.702 565.965,25.035 C564.297,23.368 562.623,22.342 560.652,21.575 C558.743,20.834 556.562,20.326 553.369,20.18 C550.169,20.033 549.148,20 541,20 C532.853,20 531.831,20.033 528.631,20.18 C525.438,20.326 523.257,20.834 521.349,21.575 C519.376,22.342 517.703,23.368 516.035,25.035 C514.368,26.702 513.342,28.377 512.574,30.349 C511.834,32.258 511.326,34.438 511.181,37.631 C511.035,40.831 511,41.851 511,50 C511,58.147 511.035,59.17 511.181,62.369 C511.326,65.562 511.834,67.743 512.574,69.651 C513.342,71.625 514.368,73.296 516.035,74.965 C517.703,76.634 519.376,77.658 521.349,78.425 C523.257,79.167 525.438,79.673 528.631,79.82 C531.831,79.965 532.853,80.001 541,80.001 C549.148,80.001 550.169,79.965 553.369,79.82 C556.562,79.673 558.743,79.167 560.652,78.425 C562.623,77.658 564.297,76.634 565.965,74.965 C567.633,73.296 568.659,71.625 569.425,69.651 C570.167,67.743 570.674,65.562 570.82,62.369 C570.966,59.17 571,58.147 571,50 C571,41.851 570.966,40.831 570.82,37.631\"><\/path><\/g><\/svg><\/div>\n<div style=\"padding-top: 8px;\">\n<div style=\" color:#3897f0; font-family:Arial,sans-serif; font-size:14px; font-style:normal; font-weight:550; line-height:18px;\">Ver esta publicaci\u00f3n en Instagram<\/div>\n<\/div>\n<div style=\"padding: 12.5% 0;\"><\/div>\n<div style=\"display: flex; flex-direction: row; margin-bottom: 14px; align-items: center;\">\n<div>\n<div style=\"background-color: #F4F4F4; border-radius: 50%; height: 12.5px; width: 12.5px; transform: translateX(0px) translateY(7px);\"><\/div>\n<div style=\"background-color: #F4F4F4; height: 12.5px; transform: rotate(-45deg) translateX(3px) translateY(1px); width: 12.5px; flex-grow: 0; margin-right: 14px; margin-left: 2px;\"><\/div>\n<div style=\"background-color: #F4F4F4; border-radius: 50%; height: 12.5px; width: 12.5px; transform: translateX(9px) translateY(-18px);\"><\/div>\n<\/div>\n<div style=\"margin-left: 8px;\">\n<div style=\" background-color: #F4F4F4; border-radius: 50%; flex-grow: 0; height: 20px; width: 20px;\"><\/div>\n<div style=\" width: 0; height: 0; border-top: 2px solid transparent; border-left: 6px solid #f4f4f4; border-bottom: 2px solid transparent; transform: translateX(16px) translateY(-4px) rotate(30deg)\"><\/div>\n<\/div>\n<div style=\"margin-left: auto;\">\n<div style=\" width: 0px; border-top: 8px solid #F4F4F4; border-right: 8px solid transparent; transform: translateY(16px);\"><\/div>\n<div style=\" background-color: #F4F4F4; flex-grow: 0; height: 12px; width: 16px; transform: translateY(-4px);\"><\/div>\n<div style=\" width: 0; height: 0; border-top: 8px solid #F4F4F4; border-left: 8px solid transparent; transform: translateY(-4px) translateX(8px);\"><\/div>\n<\/div>\n<\/div>\n<div style=\"display: flex; flex-direction: column; flex-grow: 1; justify-content: center; margin-bottom: 24px;\">\n<div style=\" background-color: #F4F4F4; border-radius: 4px; flex-grow: 0; height: 14px; margin-bottom: 6px; width: 224px;\"><\/div>\n<div style=\" background-color: #F4F4F4; border-radius: 4px; flex-grow: 0; height: 14px; width: 144px;\"><\/div>\n<\/div>\n<p><\/a><\/p>\n<p style=\" color:#c9c8cd; font-family:Arial,sans-serif; font-size:14px; line-height:17px; margin-bottom:0; margin-top:8px; overflow:hidden; padding:8px 0 7px; text-align:center; text-overflow:ellipsis; white-space:nowrap;\"><a href=\"https:\/\/www.instagram.com\/p\/Chc-W16LUMC\/?utm_source=ig_embed&amp;utm_campaign=loading\" style=\" color:#c9c8cd; font-family:Arial,sans-serif; font-size:14px; font-style:normal; font-weight:normal; line-height:17px; text-decoration:none;\" target=\"_blank\" rel=\"noopener\">Una publicaci\u00f3n compartida de cooltivarte.com (@_cooltivarte_)<\/a><\/p>\n<\/div>\n<\/blockquote>\n<p> <script async src=\"\/\/www.instagram.com\/embed.js\"><\/script><br \/>\n&nbsp;<\/p>\n<p>&nbsp;<\/p>\n<p>&nbsp;<\/p>\n<p>&nbsp;<\/p>\n","protected":false},"excerpt":{"rendered":"<p>Fue un s\u00e1bado de enero, seguramente el primer s\u00e1bado del a\u00f1o. Ma dirig\u00eda al local de Todo M\u00fasica en el centro en plan de rey mago, iba con una idea clara, un caj\u00f3n peruano para mi hijo y una guitarra \u00be para mi hija. La ciudad luc\u00eda la parsimonia habitual de esa \u00e9poca del a\u00f1o, [&hellip;]<\/p>\n","protected":false},"author":197,"featured_media":83715,"comment_status":"closed","ping_status":"closed","sticky":false,"template":"","format":"standard","meta":{"om_disable_all_campaigns":false,"ngg_post_thumbnail":0,"jnews-multi-image_gallery":[],"jnews_single_post":{"subtitle":"Juan Bervejillo se present\u00f3 en el Bar Mitre","format":"standard","video":"","gallery":"","source_name":"","source_url":"","via_name":"","via_url":"","override_template":"0","override":[{"template":"1","single_blog_custom":"","parallax":"1","fullscreen":"1","layout":"right-sidebar","sidebar":"default-sidebar","second_sidebar":"default-sidebar","sticky_sidebar":"1","share_position":"top","share_float_style":"share-monocrhome","show_share_counter":"1","show_view_counter":"1","show_featured":"1","show_post_meta":"1","show_post_author":"1","show_post_author_image":"1","show_post_date":"1","post_date_format":"default","post_date_format_custom":"Y\/m\/d","show_post_category":"1","show_post_reading_time":"0","post_reading_time_wpm":"300","show_zoom_button":"0","zoom_button_out_step":"2","zoom_button_in_step":"3","show_post_tag":"1","show_prev_next_post":"1","show_popup_post":"1","number_popup_post":"1","show_author_box":"0","show_post_related":"0","show_inline_post_related":"0"}],"override_image_size":"0","image_override":[{"single_post_thumbnail_size":"crop-500","single_post_gallery_size":"crop-500"}],"trending_post":"0","trending_post_position":"meta","trending_post_label":"Trending","sponsored_post":"0","sponsored_post_label":"Sponsored by","sponsored_post_name":"","sponsored_post_url":"","sponsored_post_logo_enable":"0","sponsored_post_logo":"","sponsored_post_desc":""},"jnews_primary_category":{"id":""},"jnews_social_meta":{"fb_title":"","fb_description":"","fb_image":"","twitter_title":"","twitter_description":"","twitter_image":""},"jnews_override_counter":{"override_view_counter":"0","view_counter_number":"0","override_share_counter":"0","share_counter_number":"0","override_like_counter":"0","like_counter_number":"0","override_dislike_counter":"0","dislike_counter_number":"0"},"footnotes":""},"categories":[59],"tags":[17568,17567,1915,500,69],"class_list":["post-83711","post","type-post","status-publish","format-standard","has-post-thumbnail","hentry","category-musicos","tag-bar-mitre","tag-juan-bervejillo","tag-leo-masliah","tag-los-traidores","tag-victor-nattero"],"yoast_head":"<!-- This site is optimized with the Yoast SEO plugin v27.5 - https:\/\/yoast.com\/product\/yoast-seo-wordpress\/ -->\n<title>Cara y cruz - Cooltivarte Portal<\/title>\n<meta name=\"description\" content=\"Algo de esto volv\u00ed a pensar hace un par de semanas cuando Juan Bervejillo se present\u00f3 en el Bar Mitre, un espacio nuevo para m\u00ed en 25 de mayo casi Bartolom\u00e9 Mitre.\" \/>\n<meta name=\"robots\" content=\"index, follow, max-snippet:-1, max-image-preview:large, max-video-preview:-1\" \/>\n<link rel=\"canonical\" href=\"https:\/\/cooltivarte.com\/portal\/cara-y-cruz\/\" \/>\n<meta property=\"og:locale\" content=\"es_ES\" \/>\n<meta property=\"og:type\" content=\"article\" \/>\n<meta property=\"og:title\" content=\"Cara y cruz - Juan Bervejillo se present\u00f3 en el Bar Mitre por Marcelo Rodr\u00edguez Arcidiaco\" \/>\n<meta property=\"og:description\" content=\"Algo de esto volv\u00ed a pensar hace un par de semanas cuando Juan Bervejillo se present\u00f3 en el Bar Mitre, un espacio nuevo para m\u00ed en 25 de mayo casi Bartolom\u00e9 Mitre.\" \/>\n<meta property=\"og:url\" content=\"https:\/\/cooltivarte.com\/portal\/cara-y-cruz\/\" \/>\n<meta property=\"og:site_name\" content=\"Cooltivarte Portal\" \/>\n<meta property=\"article:publisher\" content=\"https:\/\/www.facebook.com\/cooltivartecom\/\" \/>\n<meta property=\"article:author\" content=\"https:\/\/www.facebook.com\/cooltivartecom\/\" \/>\n<meta property=\"article:published_time\" content=\"2022-08-19T19:19:50+00:00\" \/>\n<meta property=\"article:modified_time\" content=\"2022-08-19T19:37:06+00:00\" \/>\n<meta property=\"og:image\" content=\"https:\/\/cooltivarte.com\/portal\/wp-content\/uploads\/2022\/08\/Juan-Bervejillo-Bar-Mitre-julio-2022-Foto-Marcelo-Rodriguez-1.jpg\" \/>\n\t<meta property=\"og:image:width\" content=\"1200\" \/>\n\t<meta property=\"og:image:height\" content=\"900\" \/>\n\t<meta property=\"og:image:type\" content=\"image\/jpeg\" \/>\n<meta name=\"author\" content=\"Marcelo Rodr\u00edguez Arcidiaco\" \/>\n<meta name=\"twitter:card\" content=\"summary_large_image\" \/>\n<meta name=\"twitter:title\" content=\"Cara y cruz - Juan Bervejillo se present\u00f3 en el Bar Mitre por Marcelo Rodr\u00edguez Arcidiaco\" \/>\n<meta name=\"twitter:description\" content=\"Algo de esto volv\u00ed a pensar hace un par de semanas cuando Juan Bervejillo se present\u00f3 en el Bar Mitre, un espacio nuevo para m\u00ed en 25 de mayo casi Bartolom\u00e9 Mitre.\" \/>\n<meta name=\"twitter:image\" content=\"https:\/\/cooltivarte.com\/portal\/wp-content\/uploads\/2022\/08\/Juan-Bervejillo-Bar-Mitre-julio-2022-Foto-Marcelo-Rodriguez-1.jpg\" \/>\n<meta name=\"twitter:creator\" content=\"@https:\/\/x.com\/obolocultural\" \/>\n<meta name=\"twitter:site\" content=\"@obolocultural\" \/>\n<meta name=\"twitter:label1\" content=\"Escrito por\" \/>\n\t<meta name=\"twitter:data1\" content=\"Marcelo Rodr\u00edguez Arcidiaco\" \/>\n\t<meta name=\"twitter:label2\" content=\"Tiempo de lectura\" \/>\n\t<meta name=\"twitter:data2\" content=\"8 minutos\" \/>\n<!-- \/ Yoast SEO plugin. -->","yoast_head_json":{"title":"Cara y cruz - Cooltivarte Portal","description":"Algo de esto volv\u00ed a pensar hace un par de semanas cuando Juan Bervejillo se present\u00f3 en el Bar Mitre, un espacio nuevo para m\u00ed en 25 de mayo casi Bartolom\u00e9 Mitre.","robots":{"index":"index","follow":"follow","max-snippet":"max-snippet:-1","max-image-preview":"max-image-preview:large","max-video-preview":"max-video-preview:-1"},"canonical":"https:\/\/cooltivarte.com\/portal\/cara-y-cruz\/","og_locale":"es_ES","og_type":"article","og_title":"Cara y cruz - Juan Bervejillo se present\u00f3 en el Bar Mitre por Marcelo Rodr\u00edguez Arcidiaco","og_description":"Algo de esto volv\u00ed a pensar hace un par de semanas cuando Juan Bervejillo se present\u00f3 en el Bar Mitre, un espacio nuevo para m\u00ed en 25 de mayo casi Bartolom\u00e9 Mitre.","og_url":"https:\/\/cooltivarte.com\/portal\/cara-y-cruz\/","og_site_name":"Cooltivarte Portal","article_publisher":"https:\/\/www.facebook.com\/cooltivartecom\/","article_author":"https:\/\/www.facebook.com\/cooltivartecom\/","article_published_time":"2022-08-19T19:19:50+00:00","article_modified_time":"2022-08-19T19:37:06+00:00","og_image":[{"width":1200,"height":900,"url":"https:\/\/cooltivarte.com\/portal\/wp-content\/uploads\/2022\/08\/Juan-Bervejillo-Bar-Mitre-julio-2022-Foto-Marcelo-Rodriguez-1.jpg","type":"image\/jpeg"}],"author":"Marcelo Rodr\u00edguez Arcidiaco","twitter_card":"summary_large_image","twitter_title":"Cara y cruz - Juan Bervejillo se present\u00f3 en el Bar Mitre por Marcelo Rodr\u00edguez Arcidiaco","twitter_description":"Algo de esto volv\u00ed a pensar hace un par de semanas cuando Juan Bervejillo se present\u00f3 en el Bar Mitre, un espacio nuevo para m\u00ed en 25 de mayo casi Bartolom\u00e9 Mitre.","twitter_image":"https:\/\/cooltivarte.com\/portal\/wp-content\/uploads\/2022\/08\/Juan-Bervejillo-Bar-Mitre-julio-2022-Foto-Marcelo-Rodriguez-1.jpg","twitter_creator":"@https:\/\/x.com\/obolocultural","twitter_site":"@obolocultural","twitter_misc":{"Escrito por":"Marcelo Rodr\u00edguez Arcidiaco","Tiempo de lectura":"8 minutos"},"schema":{"@context":"https:\/\/schema.org","@graph":[{"@type":"NewsArticle","@id":"https:\/\/cooltivarte.com\/portal\/cara-y-cruz\/#article","isPartOf":{"@id":"https:\/\/cooltivarte.com\/portal\/cara-y-cruz\/"},"author":{"name":"Marcelo Rodr\u00edguez Arcidiaco","@id":"https:\/\/cooltivarte.com\/portal\/#\/schema\/person\/fa356cbbc975072000c537039536bc3b"},"headline":"Cara y cruz","datePublished":"2022-08-19T19:19:50+00:00","dateModified":"2022-08-19T19:37:06+00:00","mainEntityOfPage":{"@id":"https:\/\/cooltivarte.com\/portal\/cara-y-cruz\/"},"wordCount":1655,"publisher":{"@id":"https:\/\/cooltivarte.com\/portal\/#organization"},"image":{"@id":"https:\/\/cooltivarte.com\/portal\/cara-y-cruz\/#primaryimage"},"thumbnailUrl":"https:\/\/cooltivarte.com\/portal\/wp-content\/uploads\/2022\/08\/Juan-Bervejillo-Bar-Mitre-julio-2022-Foto-Marcelo-Rodriguez-1.jpg","keywords":["Bar Mitre","Juan Bervejillo","Leo Masl\u00edah","Los Traidores","victor nattero"],"articleSection":["M\u00fasica"],"inLanguage":"es-AR"},{"@type":"WebPage","@id":"https:\/\/cooltivarte.com\/portal\/cara-y-cruz\/","url":"https:\/\/cooltivarte.com\/portal\/cara-y-cruz\/","name":"Cara y cruz - Cooltivarte Portal","isPartOf":{"@id":"https:\/\/cooltivarte.com\/portal\/#website"},"primaryImageOfPage":{"@id":"https:\/\/cooltivarte.com\/portal\/cara-y-cruz\/#primaryimage"},"image":{"@id":"https:\/\/cooltivarte.com\/portal\/cara-y-cruz\/#primaryimage"},"thumbnailUrl":"https:\/\/cooltivarte.com\/portal\/wp-content\/uploads\/2022\/08\/Juan-Bervejillo-Bar-Mitre-julio-2022-Foto-Marcelo-Rodriguez-1.jpg","datePublished":"2022-08-19T19:19:50+00:00","dateModified":"2022-08-19T19:37:06+00:00","description":"Algo de esto volv\u00ed a pensar hace un par de semanas cuando Juan Bervejillo se present\u00f3 en el Bar Mitre, un espacio nuevo para m\u00ed en 25 de mayo casi Bartolom\u00e9 Mitre.","breadcrumb":{"@id":"https:\/\/cooltivarte.com\/portal\/cara-y-cruz\/#breadcrumb"},"inLanguage":"es-AR","potentialAction":[{"@type":"ReadAction","target":["https:\/\/cooltivarte.com\/portal\/cara-y-cruz\/"]}]},{"@type":"ImageObject","inLanguage":"es-AR","@id":"https:\/\/cooltivarte.com\/portal\/cara-y-cruz\/#primaryimage","url":"https:\/\/cooltivarte.com\/portal\/wp-content\/uploads\/2022\/08\/Juan-Bervejillo-Bar-Mitre-julio-2022-Foto-Marcelo-Rodriguez-1.jpg","contentUrl":"https:\/\/cooltivarte.com\/portal\/wp-content\/uploads\/2022\/08\/Juan-Bervejillo-Bar-Mitre-julio-2022-Foto-Marcelo-Rodriguez-1.jpg","width":1200,"height":900,"caption":"Juan Bervejillo - Bar Mitre - julio 2022 - Foto Marcelo Rodriguez-"},{"@type":"BreadcrumbList","@id":"https:\/\/cooltivarte.com\/portal\/cara-y-cruz\/#breadcrumb","itemListElement":[{"@type":"ListItem","position":1,"name":"Portada","item":"https:\/\/cooltivarte.com\/portal\/"},{"@type":"ListItem","position":2,"name":"Cara y cruz"}]},{"@type":"WebSite","@id":"https:\/\/cooltivarte.com\/portal\/#website","url":"https:\/\/cooltivarte.com\/portal\/","name":"Cooltivarte Portal","description":"Arte, cultura y turismo para el mundo ...","publisher":{"@id":"https:\/\/cooltivarte.com\/portal\/#organization"},"potentialAction":[{"@type":"SearchAction","target":{"@type":"EntryPoint","urlTemplate":"https:\/\/cooltivarte.com\/portal\/?s={search_term_string}"},"query-input":{"@type":"PropertyValueSpecification","valueRequired":true,"valueName":"search_term_string"}}],"inLanguage":"es-AR"},{"@type":"Organization","@id":"https:\/\/cooltivarte.com\/portal\/#organization","name":"cooltivarte","url":"https:\/\/cooltivarte.com\/portal\/","logo":{"@type":"ImageObject","inLanguage":"es-AR","@id":"https:\/\/cooltivarte.com\/portal\/#\/schema\/logo\/image\/","url":"https:\/\/cooltivarte.com\/portal\/wp-content\/uploads\/2020\/04\/logo-cooltivarte-v2.png","contentUrl":"https:\/\/cooltivarte.com\/portal\/wp-content\/uploads\/2020\/04\/logo-cooltivarte-v2.png","width":851,"height":243,"caption":"cooltivarte"},"image":{"@id":"https:\/\/cooltivarte.com\/portal\/#\/schema\/logo\/image\/"},"sameAs":["https:\/\/www.facebook.com\/cooltivartecom\/","https:\/\/x.com\/obolocultural","https:\/\/www.instagram.com\/_cooltivarte_\/","https:\/\/www.linkedin.com\/company\/-bolocultural?reportsuccess=8zaNG1HwhPbAR9iQhZ5rfGeqz_vQFftHun0ZWU0Wy9vNemRJ8vtcKdJvzQfW8XagyOJSKg0XvfJ1dp","https:\/\/www.pinterest.com\/cooltivarte\/","https:\/\/cooltivarte.tumblr.com\/","https:\/\/www.tiktok.com\/@cooltivarte","https:\/\/www.youtube.com\/@PrensaCooltivarte"]},{"@type":"Person","@id":"https:\/\/cooltivarte.com\/portal\/#\/schema\/person\/fa356cbbc975072000c537039536bc3b","name":"Marcelo Rodr\u00edguez Arcidiaco","image":{"@type":"ImageObject","inLanguage":"es-AR","@id":"https:\/\/cooltivarte.com\/portal\/wp-content\/uploads\/2022\/08\/marcelo_rodriguez-120x120.jpg","url":"https:\/\/cooltivarte.com\/portal\/wp-content\/uploads\/2022\/08\/marcelo_rodriguez-120x120.jpg","contentUrl":"https:\/\/cooltivarte.com\/portal\/wp-content\/uploads\/2022\/08\/marcelo_rodriguez-120x120.jpg","caption":"Marcelo Rodr\u00edguez Arcidiaco"},"description":"Marcelo Rodr\u00edguez Arcidiaco naci\u00f3 en Santa Luc\u00eda, departamento de Canelones, el 9 de enero de 1971. En 1989 se radic\u00f3 en Montevideo para iniciar sus estudios de Educaci\u00f3n F\u00edsica en el ISEF. Tras titularse como Profesor de Educaci\u00f3n F\u00edsica en 1993, volvi\u00f3 a las aulas en 1996 para estudiar Ciencias de la Comunicaci\u00f3n, donde obtuvo el t\u00edtulo de licenciado en el a\u00f1o 2001. Desde 2020 cursa estudios de posgrado en la FHEC. Actualmente se desempe\u00f1a en la Intendencia de Montevideo, en las dos profesiones que ha elegido, docente y comunicador. En 2012 public\u00f3 su primer libro Entre el cuervo y el \u00e1ngel (Perro Andaluz), una biograf\u00eda del m\u00fasico Eduardo Darnauchans. En 2021 publico por el Sello Perro Andaluz para la colecci\u00f3n Vademecum, \u00bfQuien dijo que no hab\u00eda poes\u00eda en el rocanrol? Placeres del Sado-Musiquismo o la tercera es la vencida en la carrera de Tabar\u00e9 Rivero.","sameAs":["https:\/\/www.facebook.com\/cooltivartecom\/","https:\/\/www.instagram.com\/_cooltivarte_\/","https:\/\/www.linkedin.com\/company\/-bolocultural","https:\/\/www.pinterest.com\/cooltivarte","https:\/\/x.com\/https:\/\/x.com\/obolocultural","https:\/\/www.youtube.com\/@PrensaCooltivarte","https:\/\/www.tumblr.com\/blog\/cooltivarte"],"url":"https:\/\/cooltivarte.com\/portal\/author\/marcelo-rodriguez-arcidiaco\/"}]}},"_links":{"self":[{"href":"https:\/\/cooltivarte.com\/portal\/wp-json\/wp\/v2\/posts\/83711","targetHints":{"allow":["GET"]}}],"collection":[{"href":"https:\/\/cooltivarte.com\/portal\/wp-json\/wp\/v2\/posts"}],"about":[{"href":"https:\/\/cooltivarte.com\/portal\/wp-json\/wp\/v2\/types\/post"}],"author":[{"embeddable":true,"href":"https:\/\/cooltivarte.com\/portal\/wp-json\/wp\/v2\/users\/197"}],"replies":[{"embeddable":true,"href":"https:\/\/cooltivarte.com\/portal\/wp-json\/wp\/v2\/comments?post=83711"}],"version-history":[{"count":5,"href":"https:\/\/cooltivarte.com\/portal\/wp-json\/wp\/v2\/posts\/83711\/revisions"}],"predecessor-version":[{"id":83717,"href":"https:\/\/cooltivarte.com\/portal\/wp-json\/wp\/v2\/posts\/83711\/revisions\/83717"}],"wp:featuredmedia":[{"embeddable":true,"href":"https:\/\/cooltivarte.com\/portal\/wp-json\/wp\/v2\/media\/83715"}],"wp:attachment":[{"href":"https:\/\/cooltivarte.com\/portal\/wp-json\/wp\/v2\/media?parent=83711"}],"wp:term":[{"taxonomy":"category","embeddable":true,"href":"https:\/\/cooltivarte.com\/portal\/wp-json\/wp\/v2\/categories?post=83711"},{"taxonomy":"post_tag","embeddable":true,"href":"https:\/\/cooltivarte.com\/portal\/wp-json\/wp\/v2\/tags?post=83711"}],"curies":[{"name":"wp","href":"https:\/\/api.w.org\/{rel}","templated":true}]}}