{"id":83550,"date":"2022-08-09T15:08:34","date_gmt":"2022-08-09T18:08:34","guid":{"rendered":"https:\/\/cooltivarte.com\/portal\/?p=83550"},"modified":"2022-08-10T13:33:42","modified_gmt":"2022-08-10T16:33:42","slug":"paz-carrara-lanzo-su-primer-disco-me-canse-de-hacer-canciones-que-no-salgan-si-no-estoy-llorando","status":"publish","type":"post","link":"https:\/\/cooltivarte.com\/portal\/paz-carrara-lanzo-su-primer-disco-me-canse-de-hacer-canciones-que-no-salgan-si-no-estoy-llorando\/","title":{"rendered":"Paz Carrara lanz\u00f3 su primer disco: \u201cMe cans\u00e9 de hacer canciones (que no salgan si no estoy llorando)&#8221;"},"content":{"rendered":"<table cellspacing=\"0\" cellpadding=\"0\" border=\"0\">\n<tbody>\n<tr class=\"x_gmail-\">\n<td class=\"x_gmail-stack-column\" valign=\"top\">\n<div class=\"x_gmail-\" align=\"center\">\n<div><span style=\"font-size: large;\"><b><i><u>ESCUCH\u00c1<span class=\"x_gmail-Apple-converted-space\">&nbsp;<\/span><span style=\"font-family: Arial;\">&#8220;ME CANS\u00c9 DE HACER CANCIONES (QUE NO SALGAN SI NO ESTOY LLORANDO&#8221; <\/span><\/u><\/i><\/b><b><i><u>EN TODAS LAS PLATAFORMAS DIGITALES<\/u><\/i><\/b><\/span><\/div>\n<div><span style=\"font-size: large;\"><u><a class=\"x_gmail-\" href=\"https:\/\/links.altafonte.com\/wmd7kj4\" target=\"_blank\" rel=\"noopener noreferrer\" data-auth=\"NotApplicable\" data-linkindex=\"1\"><b>https:\/\/links.altafonte.com\/wmd7kj4<\/b><\/a><\/u><\/span><span class=\"x_gmail-Apple-converted-space\">&nbsp;<\/span><span style=\"font-size: medium;\"><b><i><u><br aria-hidden=\"true\"\/><\/u><\/i><\/b><\/span><\/div>\n<div><span style=\"font-size: medium;\"><b><i><u>&nbsp;<\/u><\/i><\/b><\/span><\/div>\n<div><b><i><u><span style=\"font-size: large;\">MIR\u00c1 EL VIDEOCLIP OFICIAL DE &#8220;TARDE&#8221;<\/span><\/u><\/i><\/b><\/div>\n<div><u><span style=\"font-size: large;\"><a class=\"x_gmail-\" href=\"https:\/\/youtu.be\/i8JLnYeqHPc\" target=\"_blank\" rel=\"noopener noreferrer\" data-auth=\"NotApplicable\" data-linkindex=\"2\"><b>https:\/\/youtu.be\/i8JLnYeqHPc<\/b><\/a><\/span><\/u><span class=\"x_gmail-Apple-converted-space\">&nbsp;<\/span><\/div>\n<div>&nbsp;<\/div>\n<div>&nbsp;<\/div>\n<div>\n<p dir=\"ltr\"><span style=\"font-size: medium;\">Luego de sus adelantos <i><u><b><a class=\"x_gmail-\" href=\"https:\/\/youtu.be\/41tiiVlRN90\" target=\"_blank\" rel=\"noopener noreferrer\" data-auth=\"NotApplicable\" data-linkindex=\"8\">&#8220;Suficiente&#8221;<\/a><\/b><\/u><\/i> feat. <b>Ainda<\/b> y <a class=\"x_gmail-\" href=\"https:\/\/youtu.be\/Zhf6ifJ-iUY\" target=\"_blank\" rel=\"noopener noreferrer\" data-auth=\"NotApplicable\" data-linkindex=\"9\"><u>&#8220;Ancla&#8221;<\/u><\/a><u> ,<\/u>y una vasta experiencia en los shows en vivo<span style=\"color: #000000;\">, la talentosa cordobesa&nbsp;<\/span><b>Paz Carrara<\/b> lanz\u00f3 su primer \u00e1lbum demostrando la sensibilidad que tanto la caracteriza:<b> <i><u><a class=\"x_gmail-\" href=\"https:\/\/links.altafonte.com\/wmd7kj4\" target=\"_blank\" rel=\"noopener noreferrer\" data-auth=\"NotApplicable\" data-linkindex=\"10\">&#8220;Me cans\u00e9 de hacer <\/a><\/u><\/i><\/b><i><u><a class=\"x_gmail-\" href=\"https:\/\/links.altafonte.com\/wmd7kj4\" target=\"_blank\" rel=\"noopener noreferrer\" data-auth=\"NotApplicable\" data-linkindex=\"11\">canciones<b> (que no salgan si no estoy llorando)&#8221;<\/b><\/a><\/u><\/i>. <\/span>El estar triste siempre fue una forma r\u00e1pida y f\u00e1cil de hacer m\u00fasica para Paz. De esa manera fueron saliendo sus primeras canciones y proyectos. Es agotador tener que estar devastado para sentirse inspirado. El disco pone un fin a esa etapa de la cantautora para abrirle las puertas a escribir sobre otros aspectos de la vida que pueden inspirar tanto o m\u00e1s que la tristeza y el vac\u00edo. El amor, el autodescubrimiento, el exilio, el hogar y el desamor.<\/p>\n<p dir=\"ltr\"><span style=\"font-size: medium;\">Para su \u00faltimo adelanto que comparti\u00f3 con Ainda, Paz cuenta: &#8220;<i>Me ha pasado muchas veces de sentir que por no hacer canciones que me destruyan emocionalmente no son lo suficientemente buenas. La vida me va mostrando constantemente que es necesario hacer un balance. La tristeza es parte de ese balance, como tambi\u00e9n el resto de las cosas lindas que nos pasan. Este disco para mi viene a ser equilibrio para mi m\u00fasica&#8221;. <\/i><\/span><\/p>\n<\/div>\n<\/div>\n<\/td>\n<\/tr>\n<\/tbody>\n<\/table>\n<table cellspacing=\"0\" cellpadding=\"0\" border=\"0\">\n<tbody>\n<tr>\n<td class=\"x_gmail-stack-column-full-width\" valign=\"top\" align=\"center\"><img decoding=\"async\" class=\"x_gmail-fluid\" src=\"http:\/\/cdn.pemres02.net\/8548\/portada.png\" alt=\"\" data-imagetype=\"External\" width=\"auto\" height=\"500\"\/><\/td>\n<\/tr>\n<\/tbody>\n<\/table>\n<table cellspacing=\"0\" cellpadding=\"0\" border=\"0\">\n<tbody>\n<tr class=\"x_gmail-\">\n<td class=\"x_gmail-stack-column\" valign=\"top\">\n<div class=\"x_gmail-\" align=\"center\">\n<div><b><span style=\"font-size: medium;\"><i>Canci\u00f3n x canci\u00f3n por Paz Carrara<\/i><\/span><\/b><\/div>\n<div>&nbsp;<\/div>\n<div><span style=\"font-size: small;\"><b>Intro\u2026\u201dal mando siempre va tristeza\u201d<\/b>: Era la versi\u00f3n depre de Ancla. La primera que sali\u00f3. Para mi ten\u00eda un mont\u00f3n de cosas lindas y mostraba la nostalgia que ven\u00eda cargando en quiz\u00e1s las canciones anteriores. Decidimos ir por la versi\u00f3n m\u00e1s arriba para el disco, pero \u00e9sta tambi\u00e9n ten\u00eda algo especial. Era la perfecta carta presentaci\u00f3n del \u00e1lbum.<\/span><\/div>\n<div><span style=\"font-size: small;\">&nbsp;<\/span><\/div>\n<div><span style=\"font-size: small;\"><b>Ancla<\/b>:&nbsp;Una canci\u00f3n que habla de la tristeza de la forma m\u00e1s alegre posible:&nbsp;<i>acompa\u00f1ada de un ritmo pop que genera ganas de bailar y un estribillo que probablemente canten por d\u00edas despu\u00e9s de escucharla en loop<\/i>.<\/span><\/div>\n<div><span style=\"font-size: small;\">&nbsp;<\/span><\/div>\n<div><span style=\"font-size: small;\"><b>Ox\u00edmoron<\/b>: con guitarras espa\u00f1olas y percus programadas, \u00e9sta canci\u00f3n es la m\u00e1s \u201cdrexleriana\u201d de todas a nivel arreglos. Suena a esa nostalgia de un amor que no termina de ser pero que intenta.<\/span><\/div>\n<div><span style=\"font-size: small;\">&nbsp;<\/span><\/div>\n<div><span style=\"font-size: small;\"><b>Tarde<\/b>: Es una canci\u00f3n que escribimos con Fran Saglietti (Francisca y Los Exploradores). Nos juntamos por primera vez, hablamos de habernos ido de C\u00f3rdoba y migrar a Buenos Aires. Empezamos a escribir una canci\u00f3n d\u00f3nde nunca dijimos en voz alta sobre qu\u00e9 \u00edbamos a hablar. Para mi habla de eso: de sentirse afuera &nbsp; de una situaci\u00f3n y encontrarse en otro lugar con una nueva versi\u00f3n de uno mismo.&nbsp;<\/span><\/div>\n<div><span style=\"font-size: small;\">&nbsp;<\/span><\/div>\n<div><span style=\"font-size: small;\"><b>Suficiente<\/b>:&nbsp;Esta canci\u00f3n habla de poder de alguna manera hacerle freno al inconformismo. Me ha pasado muchas veces de sentir que por no hacer canciones que me destruyan emocionalmente no son lo suficientemente buenas. <\/span><\/div>\n<div><span style=\"font-size: small;\">&nbsp;<\/span><\/div>\n<div><span style=\"font-size: small;\"><b>Algo me est\u00e1 pasando<\/b>: de mis favoritas del disco. Habla de ese momento en donde las cosas est\u00e1n m\u00e1s claras adentro nuestro que nunca, pero quiz\u00e1s no estamos listos para enfrentar lo que sabemos que viene. En esta canci\u00f3n me acompa\u00f1a Paula Prieto, una cantante argentina\/norteamericana, con la que en el momento de escribir la canci\u00f3n a\u00fan no nos conoc\u00edamos. Su voz y su manera de comunicar fueron simplemente perfectas para la canci\u00f3n.<\/span><\/div>\n<div><span style=\"font-size: small;\">&nbsp;<\/span><\/div>\n<div><span style=\"font-size: small;\"><b>Siento que se me escapa<\/b>: escribimos esta canci\u00f3n con Delfi Mancardo v\u00eda instagram. Otra de mis favoritas. Perderse por otra persona a veces puede pasar, y el momento en el que te das cuenta de eso es sobre lo que habla esta canci\u00f3n.<\/span><\/div>\n<div><span style=\"font-size: small;\">&nbsp;<\/span><\/div>\n<div><span style=\"font-size: small;\"><b>Tu querer<\/b>: La canci\u00f3n casi m\u00e1s pop de todo el disco. En chiste con Diego y Pablo le dec\u00edamos \u201cla Fleetwood Mac\u201d. Habla del final de una relaci\u00f3n, y por eso est\u00e1 al final del disco. Arranca con Ancla, pasando por distintos momentos la de la vida y de las relaciones, y llega al final con Tu Querer \ud83d\ude42<\/span><\/div>\n<div>&nbsp;<\/div>\n<div><span style=\"font-size: medium;\"><i><a class=\"x_gmail-\" href=\"https:\/\/links.altafonte.com\/wmd7kj4\" target=\"_blank\" rel=\"noopener noreferrer\" data-auth=\"NotApplicable\" data-linkindex=\"12\"><u>&#8220;Me cans\u00e9 de hacer <\/u><\/a><\/i><a class=\"x_gmail-\" href=\"https:\/\/links.altafonte.com\/wmd7kj4\" target=\"_blank\" rel=\"noopener noreferrer\" data-auth=\"NotApplicable\" data-linkindex=\"13\"><u>canciones<\/u><\/a><i><a class=\"x_gmail-\" href=\"https:\/\/links.altafonte.com\/wmd7kj4\" target=\"_blank\" rel=\"noopener noreferrer\" data-auth=\"NotApplicable\" data-linkindex=\"14\"><u> (que no salgan si no estoy llorando)&#8221;<\/u><\/a> <\/i>producido <span style=\"color: #000000;\">por Diego Mema y Pablo Gim\u00e9nez, que saldr\u00e1 a la luz a principios de este agosto \u201822.&nbsp;<\/span><\/span><span class=\"x_gmail-Apple-converted-space\">&nbsp;<\/span><\/div>\n<div><span style=\"color: #000000;\">&nbsp;<\/span><\/div>\n<\/div>\n<\/td>\n<\/tr>\n<\/tbody>\n<\/table>\n<table cellspacing=\"0\" cellpadding=\"0\" border=\"0\">\n<tbody>\n<tr>\n<td class=\"x_gmail-stack-column-full-width\" valign=\"top\" align=\"center\"><img decoding=\"async\" class=\"x_gmail-fluid\" src=\"http:\/\/cdn.pemres02.net\/8548\/img9671.jpg\" alt=\"\" data-imagetype=\"External\" width=\"auto\" height=\"600\"\/><\/td>\n<\/tr>\n<\/tbody>\n<\/table>\n<table cellspacing=\"0\" cellpadding=\"0\" border=\"0\">\n<tbody>\n<tr>\n<td class=\"x_gmail-stack-column\" valign=\"top\">\n<div align=\"center\">\n<div><span lang=\"ES\"><b><span style=\"font-size: medium;\">&nbsp;<\/span><\/b><\/span><\/div>\n<div><span lang=\"ES\"><b><span style=\"font-size: medium;\">M\u00e1s acerca de Paz Carrara<\/span><\/b><\/span><\/div>\n<div><span lang=\"ES\"><span style=\"font-size: medium;\">&nbsp;<\/span><\/span><\/div>\n<div><span style=\"font-size: medium;\"><b>Paz Carrara<\/b><span class=\"x_gmail-Apple-converted-space\">&nbsp;<\/span>es una cantante y compositora de 23 a\u00f1os nacida en la provincia de C\u00f3rdoba&nbsp;y comenz\u00f3&nbsp;su relaci\u00f3n con la m\u00fasica desde muy peque\u00f1a, ingresando al conservatorio F\u00e9lix T. Garz\u00f3n a los 8 a\u00f1os de edad.&nbsp;En 2018 se mud\u00f3 a Buenos Aires en donde termin\u00f3 sus estudios de m\u00fasica y comenz\u00f3 a desarrollar su carrera como artista.&nbsp;Dentro de sus primeros pasos y&nbsp;con su estilo<span class=\"x_gmail-Apple-converted-space\">&nbsp;<\/span><i>pop folk<\/i><span class=\"x_gmail-Apple-converted-space\">&nbsp;<\/span>lanz\u00f3<span class=\"x_gmail-Apple-converted-space\">&nbsp;<\/span><i>\u201cRam\u00e9\u201d<\/i><span class=\"x_gmail-Apple-converted-space\">&nbsp;<\/span>(2019) su primer EP &nbsp;y luego<span class=\"x_gmail-Apple-converted-space\">&nbsp;<\/span><i>\u201cCentenios\u201d<\/i><span class=\"x_gmail-Apple-converted-space\">&nbsp;<\/span>(2020) logrando reconocimiento en la escena de la m\u00fasica que comenz\u00f3 a descubrir su talento y su sensibilidad tanto en la composici\u00f3n como en la interpretaci\u00f3n de sus canciones.&nbsp;En el 2020 a trav\u00e9s de su single<span class=\"x_gmail-Apple-converted-space\">&nbsp;<\/span><i>\u201cRadar\u201d<\/i>, logr\u00f3 dar un paso agigantado, as\u00ed conquistando r\u00e1pidamente p\u00fablico y nuevos oyentes acumulando m\u00e1s de 1M de escuchas en Spotify.&nbsp;<\/span><\/div>\n<div><span style=\"font-size: medium;\">&nbsp;<\/span><\/div>\n<div><span style=\"font-size: medium;\"><span style=\"color: #000000;\">En 2020 y 2021 comparti\u00f3 escenario invitada por artistas como<span class=\"x_gmail-Apple-converted-space\">&nbsp;<\/span><\/span><b>Bandalos Chinos<\/b><span style=\"color: #000000;\">,<span class=\"x_gmail-Apple-converted-space\">&nbsp;<\/span><\/span><b>Celli<\/b><span style=\"color: #000000;\">, y<span class=\"x_gmail-Apple-converted-space\">&nbsp;<\/span><\/span><b>Ainda<\/b><span style=\"color: #000000;\">, y en 2022 present\u00f3 su proyecto en los escenarios del&nbsp;<\/span><b>Cosquin Rock<\/b><span style=\"color: #000000;\">&nbsp;y<span class=\"x_gmail-Apple-converted-space\">&nbsp;<\/span><\/span><b>Quilmes Rock<\/b><span style=\"color: #000000;\">. Adem\u00e1s en mayo de este a\u00f1o tuvo la posibilidad de&nbsp;telonear el show de&nbsp;<\/span>Louis Tomlinson (ex One Direction).&nbsp;Actualmente se encuentra presentando su primer disco<span class=\"x_gmail-Apple-converted-space\">&nbsp;<\/span><i>&#8220;Me cans\u00e9 de hacer <\/i>canciones<i> (que no salgan si no estoy llorando)&#8221; <\/i>que pronto lo presentar\u00e1 en vivo.<\/span><\/div>\n<\/div>\n<\/td>\n<\/tr>\n<\/tbody>\n<\/table>\n","protected":false},"excerpt":{"rendered":"<p>ESCUCH\u00c1&nbsp;&#8220;ME CANS\u00c9 DE HACER CANCIONES (QUE NO SALGAN SI NO ESTOY LLORANDO&#8221; EN TODAS LAS PLATAFORMAS DIGITALES https:\/\/links.altafonte.com\/wmd7kj4&nbsp; &nbsp; MIR\u00c1 EL VIDEOCLIP OFICIAL DE &#8220;TARDE&#8221; https:\/\/youtu.be\/i8JLnYeqHPc&nbsp; &nbsp; &nbsp; Luego de sus adelantos &#8220;Suficiente&#8221; feat. Ainda y &#8220;Ancla&#8221; ,y una vasta experiencia en los shows en vivo, la talentosa cordobesa&nbsp;Paz Carrara lanz\u00f3 su primer \u00e1lbum demostrando [&hellip;]<\/p>\n","protected":false},"author":8,"featured_media":83551,"comment_status":"closed","ping_status":"closed","sticky":false,"template":"","format":"standard","meta":{"om_disable_all_campaigns":false,"ngg_post_thumbnail":0,"jnews-multi-image_gallery":[],"jnews_single_post":{"subtitle":"","format":"standard","video":"","gallery":"","source_name":"","source_url":"","via_name":"","via_url":"","override_template":"0","override":[{"template":"1","single_blog_custom":"","parallax":"1","fullscreen":"1","layout":"right-sidebar","sidebar":"default-sidebar","second_sidebar":"default-sidebar","sticky_sidebar":"1","share_position":"top","share_float_style":"share-monocrhome","show_share_counter":"1","show_view_counter":"1","show_featured":"1","show_post_meta":"1","show_post_author":"1","show_post_author_image":"1","show_post_date":"1","post_date_format":"default","post_date_format_custom":"Y\/m\/d","show_post_category":"1","show_post_reading_time":"0","post_reading_time_wpm":"300","show_zoom_button":"0","zoom_button_out_step":"2","zoom_button_in_step":"3","show_post_tag":"1","show_prev_next_post":"1","show_popup_post":"1","number_popup_post":"1","show_author_box":"0","show_post_related":"0","show_inline_post_related":"0"}],"override_image_size":"0","image_override":[{"single_post_thumbnail_size":"crop-500","single_post_gallery_size":"crop-500"}],"trending_post":"0","trending_post_position":"meta","trending_post_label":"Trending","sponsored_post":"0","sponsored_post_label":"Sponsored by","sponsored_post_name":"","sponsored_post_url":"","sponsored_post_logo_enable":"0","sponsored_post_logo":"","sponsored_post_desc":""},"jnews_primary_category":{"id":""},"jnews_social_meta":{"fb_title":"","fb_description":"","fb_image":"","twitter_title":"","twitter_description":"","twitter_image":""},"jnews_override_counter":{"override_view_counter":"0","view_counter_number":"0","override_share_counter":"0","share_counter_number":"0","override_like_counter":"0","like_counter_number":"0","override_dislike_counter":"0","dislike_counter_number":"0"},"footnotes":""},"categories":[13675],"tags":[],"class_list":["post-83550","post","type-post","status-publish","format-standard","has-post-thumbnail","hentry","category-novedades"],"yoast_head":"<!-- This site is optimized with the Yoast SEO plugin v27.5 - https:\/\/yoast.com\/product\/yoast-seo-wordpress\/ -->\n<title>Paz Carrara lanz\u00f3 su primer disco: \u201cMe cans\u00e9 de hacer canciones (que no salgan si no estoy llorando)&quot; - Cooltivarte Portal<\/title>\n<meta name=\"description\" content=\"COOLTIVARTE.COM es un portal digital colaborativo de actualizaci\u00f3n permanente dedicado a difundir el acontecer art\u00edstico y cultural, entrevista artistas, gestores y productores de las diferentes disciplinas del arte, y publicando art\u00edculos de reflexi\u00f3n de producci\u00f3n propia sobre los elementos culturales.\" \/>\n<meta name=\"robots\" content=\"index, follow, max-snippet:-1, max-image-preview:large, max-video-preview:-1\" \/>\n<link rel=\"canonical\" href=\"https:\/\/cooltivarte.com\/portal\/paz-carrara-lanzo-su-primer-disco-me-canse-de-hacer-canciones-que-no-salgan-si-no-estoy-llorando\/\" \/>\n<meta property=\"og:locale\" content=\"es_ES\" \/>\n<meta property=\"og:type\" content=\"article\" \/>\n<meta property=\"og:title\" content=\"Paz Carrara lanz\u00f3 su primer disco: \u201cMe cans\u00e9 de hacer canciones (que no salgan si no estoy llorando)&quot; - Cooltivarte Portal\" \/>\n<meta property=\"og:description\" content=\"COOLTIVARTE.COM es un portal digital colaborativo de actualizaci\u00f3n permanente dedicado a difundir el acontecer art\u00edstico y cultural, entrevista artistas, gestores y productores de las diferentes disciplinas del arte, y publicando art\u00edculos de reflexi\u00f3n de producci\u00f3n propia sobre los elementos culturales.\" \/>\n<meta property=\"og:url\" content=\"https:\/\/cooltivarte.com\/portal\/paz-carrara-lanzo-su-primer-disco-me-canse-de-hacer-canciones-que-no-salgan-si-no-estoy-llorando\/\" \/>\n<meta property=\"og:site_name\" content=\"Cooltivarte Portal\" \/>\n<meta property=\"article:publisher\" content=\"https:\/\/www.facebook.com\/cooltivartecom\/\" \/>\n<meta property=\"article:author\" content=\"https:\/\/www.facebook.com\/cooltivartecom\" \/>\n<meta property=\"article:published_time\" content=\"2022-08-09T18:08:34+00:00\" \/>\n<meta property=\"article:modified_time\" content=\"2022-08-10T16:33:42+00:00\" \/>\n<meta property=\"og:image\" content=\"https:\/\/cooltivarte.com\/portal\/wp-content\/uploads\/2022\/08\/img9666.jpg\" \/>\n\t<meta property=\"og:image:width\" content=\"500\" \/>\n\t<meta property=\"og:image:height\" content=\"750\" \/>\n\t<meta property=\"og:image:type\" content=\"image\/jpeg\" \/>\n<meta name=\"author\" content=\"Cooltivarte\" \/>\n<meta name=\"twitter:card\" content=\"summary_large_image\" \/>\n<meta name=\"twitter:creator\" content=\"@https:\/\/x.com\/obolocultural\" \/>\n<meta name=\"twitter:site\" content=\"@obolocultural\" \/>\n<meta name=\"twitter:label1\" content=\"Escrito por\" \/>\n\t<meta name=\"twitter:data1\" content=\"Cooltivarte\" \/>\n\t<meta name=\"twitter:label2\" content=\"Tiempo de lectura\" \/>\n\t<meta name=\"twitter:data2\" content=\"5 minutos\" \/>\n<!-- \/ Yoast SEO plugin. -->","yoast_head_json":{"title":"Paz Carrara lanz\u00f3 su primer disco: \u201cMe cans\u00e9 de hacer canciones (que no salgan si no estoy llorando)\" - Cooltivarte Portal","description":"COOLTIVARTE.COM es un portal digital colaborativo de actualizaci\u00f3n permanente dedicado a difundir el acontecer art\u00edstico y cultural, entrevista artistas, gestores y productores de las diferentes disciplinas del arte, y publicando art\u00edculos de reflexi\u00f3n de producci\u00f3n propia sobre los elementos culturales.","robots":{"index":"index","follow":"follow","max-snippet":"max-snippet:-1","max-image-preview":"max-image-preview:large","max-video-preview":"max-video-preview:-1"},"canonical":"https:\/\/cooltivarte.com\/portal\/paz-carrara-lanzo-su-primer-disco-me-canse-de-hacer-canciones-que-no-salgan-si-no-estoy-llorando\/","og_locale":"es_ES","og_type":"article","og_title":"Paz Carrara lanz\u00f3 su primer disco: \u201cMe cans\u00e9 de hacer canciones (que no salgan si no estoy llorando)\" - Cooltivarte Portal","og_description":"COOLTIVARTE.COM es un portal digital colaborativo de actualizaci\u00f3n permanente dedicado a difundir el acontecer art\u00edstico y cultural, entrevista artistas, gestores y productores de las diferentes disciplinas del arte, y publicando art\u00edculos de reflexi\u00f3n de producci\u00f3n propia sobre los elementos culturales.","og_url":"https:\/\/cooltivarte.com\/portal\/paz-carrara-lanzo-su-primer-disco-me-canse-de-hacer-canciones-que-no-salgan-si-no-estoy-llorando\/","og_site_name":"Cooltivarte Portal","article_publisher":"https:\/\/www.facebook.com\/cooltivartecom\/","article_author":"https:\/\/www.facebook.com\/cooltivartecom","article_published_time":"2022-08-09T18:08:34+00:00","article_modified_time":"2022-08-10T16:33:42+00:00","og_image":[{"width":500,"height":750,"url":"https:\/\/cooltivarte.com\/portal\/wp-content\/uploads\/2022\/08\/img9666.jpg","type":"image\/jpeg"}],"author":"Cooltivarte","twitter_card":"summary_large_image","twitter_creator":"@https:\/\/x.com\/obolocultural","twitter_site":"@obolocultural","twitter_misc":{"Escrito por":"Cooltivarte","Tiempo de lectura":"5 minutos"},"schema":{"@context":"https:\/\/schema.org","@graph":[{"@type":"NewsArticle","@id":"https:\/\/cooltivarte.com\/portal\/paz-carrara-lanzo-su-primer-disco-me-canse-de-hacer-canciones-que-no-salgan-si-no-estoy-llorando\/#article","isPartOf":{"@id":"https:\/\/cooltivarte.com\/portal\/paz-carrara-lanzo-su-primer-disco-me-canse-de-hacer-canciones-que-no-salgan-si-no-estoy-llorando\/"},"author":{"name":"Cooltivarte","@id":"https:\/\/cooltivarte.com\/portal\/#\/schema\/person\/ec2a4f4e71b740d0c559c0ab9a157e19"},"headline":"Paz Carrara lanz\u00f3 su primer disco: \u201cMe cans\u00e9 de hacer canciones (que no salgan si no estoy llorando)&#8221;","datePublished":"2022-08-09T18:08:34+00:00","dateModified":"2022-08-10T16:33:42+00:00","mainEntityOfPage":{"@id":"https:\/\/cooltivarte.com\/portal\/paz-carrara-lanzo-su-primer-disco-me-canse-de-hacer-canciones-que-no-salgan-si-no-estoy-llorando\/"},"wordCount":1024,"publisher":{"@id":"https:\/\/cooltivarte.com\/portal\/#organization"},"image":{"@id":"https:\/\/cooltivarte.com\/portal\/paz-carrara-lanzo-su-primer-disco-me-canse-de-hacer-canciones-que-no-salgan-si-no-estoy-llorando\/#primaryimage"},"thumbnailUrl":"https:\/\/cooltivarte.com\/portal\/wp-content\/uploads\/2022\/08\/img9666.jpg","articleSection":["Novedades"],"inLanguage":"es-AR"},{"@type":"WebPage","@id":"https:\/\/cooltivarte.com\/portal\/paz-carrara-lanzo-su-primer-disco-me-canse-de-hacer-canciones-que-no-salgan-si-no-estoy-llorando\/","url":"https:\/\/cooltivarte.com\/portal\/paz-carrara-lanzo-su-primer-disco-me-canse-de-hacer-canciones-que-no-salgan-si-no-estoy-llorando\/","name":"Paz Carrara lanz\u00f3 su primer disco: \u201cMe cans\u00e9 de hacer canciones (que no salgan si no estoy llorando)\" - Cooltivarte Portal","isPartOf":{"@id":"https:\/\/cooltivarte.com\/portal\/#website"},"primaryImageOfPage":{"@id":"https:\/\/cooltivarte.com\/portal\/paz-carrara-lanzo-su-primer-disco-me-canse-de-hacer-canciones-que-no-salgan-si-no-estoy-llorando\/#primaryimage"},"image":{"@id":"https:\/\/cooltivarte.com\/portal\/paz-carrara-lanzo-su-primer-disco-me-canse-de-hacer-canciones-que-no-salgan-si-no-estoy-llorando\/#primaryimage"},"thumbnailUrl":"https:\/\/cooltivarte.com\/portal\/wp-content\/uploads\/2022\/08\/img9666.jpg","datePublished":"2022-08-09T18:08:34+00:00","dateModified":"2022-08-10T16:33:42+00:00","description":"COOLTIVARTE.COM es un portal digital colaborativo de actualizaci\u00f3n permanente dedicado a difundir el acontecer art\u00edstico y cultural, entrevista artistas, gestores y productores de las diferentes disciplinas del arte, y publicando art\u00edculos de reflexi\u00f3n de producci\u00f3n propia sobre los elementos culturales.","breadcrumb":{"@id":"https:\/\/cooltivarte.com\/portal\/paz-carrara-lanzo-su-primer-disco-me-canse-de-hacer-canciones-que-no-salgan-si-no-estoy-llorando\/#breadcrumb"},"inLanguage":"es-AR","potentialAction":[{"@type":"ReadAction","target":["https:\/\/cooltivarte.com\/portal\/paz-carrara-lanzo-su-primer-disco-me-canse-de-hacer-canciones-que-no-salgan-si-no-estoy-llorando\/"]}]},{"@type":"ImageObject","inLanguage":"es-AR","@id":"https:\/\/cooltivarte.com\/portal\/paz-carrara-lanzo-su-primer-disco-me-canse-de-hacer-canciones-que-no-salgan-si-no-estoy-llorando\/#primaryimage","url":"https:\/\/cooltivarte.com\/portal\/wp-content\/uploads\/2022\/08\/img9666.jpg","contentUrl":"https:\/\/cooltivarte.com\/portal\/wp-content\/uploads\/2022\/08\/img9666.jpg","width":500,"height":750,"caption":"Paz Carrara"},{"@type":"BreadcrumbList","@id":"https:\/\/cooltivarte.com\/portal\/paz-carrara-lanzo-su-primer-disco-me-canse-de-hacer-canciones-que-no-salgan-si-no-estoy-llorando\/#breadcrumb","itemListElement":[{"@type":"ListItem","position":1,"name":"Portada","item":"https:\/\/cooltivarte.com\/portal\/"},{"@type":"ListItem","position":2,"name":"Paz Carrara lanz\u00f3 su primer disco: \u201cMe cans\u00e9 de hacer canciones (que no salgan si no estoy llorando)\u00bb"}]},{"@type":"WebSite","@id":"https:\/\/cooltivarte.com\/portal\/#website","url":"https:\/\/cooltivarte.com\/portal\/","name":"Cooltivarte Portal","description":"Arte, cultura y turismo para el mundo ...","publisher":{"@id":"https:\/\/cooltivarte.com\/portal\/#organization"},"potentialAction":[{"@type":"SearchAction","target":{"@type":"EntryPoint","urlTemplate":"https:\/\/cooltivarte.com\/portal\/?s={search_term_string}"},"query-input":{"@type":"PropertyValueSpecification","valueRequired":true,"valueName":"search_term_string"}}],"inLanguage":"es-AR"},{"@type":"Organization","@id":"https:\/\/cooltivarte.com\/portal\/#organization","name":"cooltivarte","url":"https:\/\/cooltivarte.com\/portal\/","logo":{"@type":"ImageObject","inLanguage":"es-AR","@id":"https:\/\/cooltivarte.com\/portal\/#\/schema\/logo\/image\/","url":"https:\/\/cooltivarte.com\/portal\/wp-content\/uploads\/2020\/04\/logo-cooltivarte-v2.png","contentUrl":"https:\/\/cooltivarte.com\/portal\/wp-content\/uploads\/2020\/04\/logo-cooltivarte-v2.png","width":851,"height":243,"caption":"cooltivarte"},"image":{"@id":"https:\/\/cooltivarte.com\/portal\/#\/schema\/logo\/image\/"},"sameAs":["https:\/\/www.facebook.com\/cooltivartecom\/","https:\/\/x.com\/obolocultural","https:\/\/www.instagram.com\/_cooltivarte_\/","https:\/\/www.linkedin.com\/company\/-bolocultural?reportsuccess=8zaNG1HwhPbAR9iQhZ5rfGeqz_vQFftHun0ZWU0Wy9vNemRJ8vtcKdJvzQfW8XagyOJSKg0XvfJ1dp","https:\/\/www.pinterest.com\/cooltivarte\/","https:\/\/cooltivarte.tumblr.com\/","https:\/\/www.tiktok.com\/@cooltivarte","https:\/\/www.youtube.com\/@PrensaCooltivarte"]},{"@type":"Person","@id":"https:\/\/cooltivarte.com\/portal\/#\/schema\/person\/ec2a4f4e71b740d0c559c0ab9a157e19","name":"Cooltivarte","image":{"@type":"ImageObject","inLanguage":"es-AR","@id":"https:\/\/cooltivarte.com\/portal\/wp-content\/uploads\/2014\/05\/logo-cooltivarte-120x120.jpg","url":"https:\/\/cooltivarte.com\/portal\/wp-content\/uploads\/2014\/05\/logo-cooltivarte-120x120.jpg","contentUrl":"https:\/\/cooltivarte.com\/portal\/wp-content\/uploads\/2014\/05\/logo-cooltivarte-120x120.jpg","caption":"Cooltivarte"},"description":"Somos COOLTIVARTE.COM. Un portal digital dedicado a difundir el acontecer art\u00edstico y cultural del Uruguay. Estamos en la vuelta desde el a\u00f1o 2003, y como evoluci\u00f3n del bolet\u00edn Obolo Cultural, nos encontramos abocados a apoyar a los artistas nacionales brind\u00e1ndoles un espacio de difusi\u00f3n. Creemos en la idea de utilizar la potencialidad que hoy d\u00eda nos otorga la web, para que la cultura uruguaya y sus creadores dispongan de una din\u00e1mica ventana, que los ponga en contacto entre s\u00ed y con el mundo. Somos COOLTIVARTE.COM y pretendemos configurarnos como un portal din\u00e1mico, entretenido y atento a los nuevos emprendimientos, que busque siempre la interacci\u00f3n con los artistas.","sameAs":["http:\/\/www.cooltivarte.com","https:\/\/www.facebook.com\/cooltivartecom","https:\/\/www.instagram.com\/_cooltivarte_\/","https:\/\/www.linkedin.com\/company\/-bolocultural","https:\/\/www.pinterest.com\/cooltivarte\/","https:\/\/x.com\/https:\/\/x.com\/obolocultural","https:\/\/www.youtube.com\/@PrensaCooltivarte","https:\/\/www.tumblr.com\/blog\/cooltivarte"],"url":"https:\/\/cooltivarte.com\/portal\/author\/cooltivarte\/"}]}},"_links":{"self":[{"href":"https:\/\/cooltivarte.com\/portal\/wp-json\/wp\/v2\/posts\/83550","targetHints":{"allow":["GET"]}}],"collection":[{"href":"https:\/\/cooltivarte.com\/portal\/wp-json\/wp\/v2\/posts"}],"about":[{"href":"https:\/\/cooltivarte.com\/portal\/wp-json\/wp\/v2\/types\/post"}],"author":[{"embeddable":true,"href":"https:\/\/cooltivarte.com\/portal\/wp-json\/wp\/v2\/users\/8"}],"replies":[{"embeddable":true,"href":"https:\/\/cooltivarte.com\/portal\/wp-json\/wp\/v2\/comments?post=83550"}],"version-history":[{"count":1,"href":"https:\/\/cooltivarte.com\/portal\/wp-json\/wp\/v2\/posts\/83550\/revisions"}],"predecessor-version":[{"id":83552,"href":"https:\/\/cooltivarte.com\/portal\/wp-json\/wp\/v2\/posts\/83550\/revisions\/83552"}],"wp:featuredmedia":[{"embeddable":true,"href":"https:\/\/cooltivarte.com\/portal\/wp-json\/wp\/v2\/media\/83551"}],"wp:attachment":[{"href":"https:\/\/cooltivarte.com\/portal\/wp-json\/wp\/v2\/media?parent=83550"}],"wp:term":[{"taxonomy":"category","embeddable":true,"href":"https:\/\/cooltivarte.com\/portal\/wp-json\/wp\/v2\/categories?post=83550"},{"taxonomy":"post_tag","embeddable":true,"href":"https:\/\/cooltivarte.com\/portal\/wp-json\/wp\/v2\/tags?post=83550"}],"curies":[{"name":"wp","href":"https:\/\/api.w.org\/{rel}","templated":true}]}}