{"id":83058,"date":"2022-07-11T21:12:01","date_gmt":"2022-07-12T00:12:01","guid":{"rendered":"https:\/\/cooltivarte.com\/portal\/?p=83058"},"modified":"2022-07-20T21:16:22","modified_gmt":"2022-07-21T00:16:22","slug":"contemplacion","status":"publish","type":"post","link":"https:\/\/cooltivarte.com\/portal\/contemplacion\/","title":{"rendered":"Contemplaci\u00f3n"},"content":{"rendered":"<p><img fetchpriority=\"high\" decoding=\"async\" class=\"aligncenter wp-image-83059\" title=\"contemplacion del paisaje\" src=\"https:\/\/cooltivarte.com\/portal\/wp-content\/uploads\/2022\/07\/contemplacion-del-paisaje.png\" alt=\"contemplacion del paisaje\" width=\"900\" height=\"506\" srcset=\"https:\/\/cooltivarte.com\/portal\/wp-content\/uploads\/2022\/07\/contemplacion-del-paisaje.png 1536w, https:\/\/cooltivarte.com\/portal\/wp-content\/uploads\/2022\/07\/contemplacion-del-paisaje-300x169.png 300w, https:\/\/cooltivarte.com\/portal\/wp-content\/uploads\/2022\/07\/contemplacion-del-paisaje-1024x576.png 1024w, https:\/\/cooltivarte.com\/portal\/wp-content\/uploads\/2022\/07\/contemplacion-del-paisaje-768x432.png 768w\" sizes=\"(max-width: 900px) 100vw, 900px\" \/><\/p>\n<h4>&nbsp;<\/h4>\n<h4><em>\u00abEl sosiego del verano permite la contemplaci\u00f3n. Arist\u00f3teles, que supo vivir bien y teorizar sobre ello, entendi\u00f3 la felicidad como una actividad contemplativa y, a la vez, la contemplaci\u00f3n como la acci\u00f3n humana m\u00e1s excelente\u00bb<\/em><\/h4>\n<p>&nbsp;<\/p>\n<p>El sosiego del verano permite la contemplaci\u00f3n. Arist\u00f3teles, que supo vivir bien y teorizar sobre ello, entendi\u00f3 la felicidad como una actividad contemplativa y, a la vez, la contemplaci\u00f3n como la acci\u00f3n humana m\u00e1s excelente.<\/p>\n<p>Yo, que tengo a Arist\u00f3teles entre los m\u00e1s sabios, sigo en este tiempo de est\u00edo sus consejos y as\u00ed, al amanecer, mientras oteo el naciente sol ascender sobre la horizontal del mar, dejo caer, con lentitud, sobre la nuclear blancura de un plato de porcelana una espesa y fina l\u00e1grima de aceite que corta perpendicularmente la l\u00ednea del horizonte y que toma en su seno el color de las luces del alba.<\/p>\n<p>La contemplaci\u00f3n del noble zumo de aceitunas me evoca voces de largos ecos. Si uno presta la necesaria atenci\u00f3n puede remontarse a la noche de los tiempos y contemplar como en las costas del Mediterr\u00e1neo el pueblo fenicio, amigo del ingenio y la navegaci\u00f3n, hunde sus manos en la tierra para plantar los primeros olivos tra\u00eddos del Asia menor, creando con ello una cultura de perfecta simbiosis entre el hombre y el \u00e1rbol que hace imposible discernir qui\u00e9n alimenta a quien.<\/p>\n<p>Quiz\u00e1s fue el olivo quien verdaderamente nos cultiv\u00f3 a los hombres que, desde entonces, poblamos las tierras de la cuenca mediterr\u00e1nea. Cultivando la tierra para el aceite, el aceite ha ido cultivado nuestras almas; model\u00e1ndolas y, a la vez, cuid\u00e1ndolas. Quiz\u00e1s por eso Cicer\u00f3n, que naci\u00f3 rodeado de olivos en su villa de Arpino, us\u00f3 el t\u00e9rmino agrario&nbsp;<em>cultura&nbsp;<\/em>para referirse a que nuestro esp\u00edritu, como la tierra, necesita cultivo.<\/p>\n<div class=\"jeg_ad jeg_ad_article jnews_content_inline_ads  \">\n<div class=\"ads-wrapper align-center \">Mientras imagino a Cicer\u00f3n paseando entre sus olivares, unto un trozo de pan sobre el aceite y casi puedo ver a los atletas griegos ungiendo sus cuerpos con el mismo divino l\u00edquido antes de pisar la sagrada arena del estadio de Olimpia. El atleta griego no se esforzaba por el oro sino por alcanzar la virtud, por, como cantaba P\u00edndaro, llegar a ser el que eres. Las cabeza de los vencedores eran coronadas con una rama de olivo que hab\u00eda sido cortada por el m\u00e1s bello de los efebos mientras el p\u00fablico agradec\u00edan que los dioses les hubiesen permito contemplar la belleza de la virtud en este mundo que, la mayor\u00eda de las veces, parece mediocre e innoble. Todos celebraban el triunfo de la virtud arrojando flores a los excelentes mientras estos daban una vuelta triunfal al estadio. En el templo de Zeus, los heraldos proclamaban sus nombres, su patria y su linaje, y al regresar a sus ciudades \u00e9stos eran recibidos como h\u00e9roes. Se derribaba un trozo de la muralla para darles una especial entrada, los poetas cantaban su haza\u00f1as, se erig\u00edan estatuas conmemorativas y se les reservaba un puesto de honor en las comidas comunes del pritaneo, sede del gobierno de la polis.<\/div>\n<\/div>\n<p>El hombre griego no luchaba por dinero sino solo por ganarse el m\u00e9rito y el respeto de sus iguales. As\u00ed lo constat\u00f3 el embajador persa que asisti\u00f3 a los juegos ol\u00edmpicos. Al contemplar el premio que recib\u00edan los vencedores, el enviado persa escribi\u00f3 asustado a Mardonio, comandante de los ej\u00e9rcitos del Imperio aquem\u00e9nida durante las Guerras M\u00e9dicas: \u00ab\u00a1Ay, Mardonio, contra qu\u00e9 clase de gente nos has tra\u00eddo a combatir! \u00a1No compiten por dinero, sino por amor propio\u00bb.<\/p>\n<p>Jenofonte cuenta que el aturdimiento que provocaba la presencia del vencedor ol\u00edmpico es un sentimiento de naturaleza casi religiosa: Cuando el atleta, coronado con el olivo, muestra su excelencia, cuando es capaz de superar sus propios l\u00edmites, un resplandor atrae las miradas de todos los presentes como por la noche los ojos humanos son atra\u00eddos por el fulgor de los cuerpos celestes. El atleta que triunfa es digno de contemplaci\u00f3n porque parece un dios encarnado. La vista de todos los espectadores queda atrapada por su belleza y cada uno se conmueve en lo m\u00e1s hondo de su alma. Unos se quedan callados, absorbidos por un silencio casi sagrado, mientras que otros gesticulan expresando su entusiasmo.<\/p>\n<div class=\"jeg_ad jeg_ad_article jnews_content_inline_3_ads  \">\n<div class=\"ads-wrapper align-center \">Callado y absorbido por un silencio sagrado es como quedo cada ma\u00f1ana de verano cuando el aceite pinta con viejas historias mi plato.<\/div>\n<\/div>\n<div>&nbsp;<\/div>\n<div>&nbsp;<\/div>\n<div>&nbsp;<\/div>\n","protected":false},"excerpt":{"rendered":"<p>&nbsp; \u00abEl sosiego del verano permite la contemplaci\u00f3n. Arist\u00f3teles, que supo vivir bien y teorizar sobre ello, entendi\u00f3 la felicidad como una actividad contemplativa y, a la vez, la contemplaci\u00f3n como la acci\u00f3n humana m\u00e1s excelente\u00bb &nbsp; El sosiego del verano permite la contemplaci\u00f3n. Arist\u00f3teles, que supo vivir bien y teorizar sobre ello, entendi\u00f3 la [&hellip;]<\/p>\n","protected":false},"author":168,"featured_media":83059,"comment_status":"closed","ping_status":"closed","sticky":false,"template":"","format":"standard","meta":{"om_disable_all_campaigns":false,"ngg_post_thumbnail":0,"jnews-multi-image_gallery":[],"jnews_single_post":{"subtitle":"","format":"standard","video":"","gallery":"","source_name":"","source_url":"","via_name":"","via_url":"","override_template":"0","override":[{"template":"1","single_blog_custom":"","parallax":"1","fullscreen":"1","layout":"right-sidebar","sidebar":"default-sidebar","second_sidebar":"default-sidebar","sticky_sidebar":"1","share_position":"top","share_float_style":"share-monocrhome","show_share_counter":"1","show_view_counter":"1","show_featured":"1","show_post_meta":"1","show_post_author":"1","show_post_author_image":"1","show_post_date":"1","post_date_format":"default","post_date_format_custom":"Y\/m\/d","show_post_category":"1","show_post_reading_time":"0","post_reading_time_wpm":"300","show_zoom_button":"0","zoom_button_out_step":"2","zoom_button_in_step":"3","show_post_tag":"1","show_prev_next_post":"1","show_popup_post":"1","number_popup_post":"1","show_author_box":"0","show_post_related":"0","show_inline_post_related":"0"}],"override_image_size":"0","image_override":[{"single_post_thumbnail_size":"crop-500","single_post_gallery_size":"crop-500"}],"trending_post":"0","trending_post_position":"meta","trending_post_label":"Trending","sponsored_post":"0","sponsored_post_label":"Sponsored by","sponsored_post_name":"","sponsored_post_url":"","sponsored_post_logo_enable":"0","sponsored_post_logo":"","sponsored_post_desc":""},"jnews_primary_category":{"id":""},"jnews_social_meta":{"fb_title":"","fb_description":"","fb_image":"","twitter_title":"","twitter_description":"","twitter_image":""},"jnews_override_counter":{"override_view_counter":"0","view_counter_number":"0","override_share_counter":"0","share_counter_number":"0","override_like_counter":"0","like_counter_number":"0","override_dislike_counter":"0","dislike_counter_number":"0"},"footnotes":""},"categories":[54],"tags":[1627],"class_list":["post-83058","post","type-post","status-publish","format-standard","has-post-thumbnail","hentry","category-articulos","tag-aristoteles"],"yoast_head":"<!-- This site is optimized with the Yoast SEO plugin v27.5 - https:\/\/yoast.com\/product\/yoast-seo-wordpress\/ -->\n<title>Contemplaci\u00f3n - Cooltivarte Portal<\/title>\n<meta name=\"description\" content=\"El sosiego del verano permite la contemplaci\u00f3n. Arist\u00f3teles, que supo vivir bien y teorizar sobre ello, entendi\u00f3 la felicidad como una actividad contemplativa y, a la vez, la contemplaci\u00f3n como la acci\u00f3n humana m\u00e1s excelente\" \/>\n<meta name=\"robots\" content=\"index, follow, max-snippet:-1, max-image-preview:large, max-video-preview:-1\" \/>\n<link rel=\"canonical\" href=\"https:\/\/cooltivarte.com\/portal\/contemplacion\/\" \/>\n<meta property=\"og:locale\" content=\"es_ES\" \/>\n<meta property=\"og:type\" content=\"article\" \/>\n<meta property=\"og:title\" content=\"Contemplaci\u00f3n\" \/>\n<meta property=\"og:description\" content=\"El sosiego del verano permite la contemplaci\u00f3n. Arist\u00f3teles, que supo vivir bien y teorizar sobre ello, entendi\u00f3 la felicidad como una actividad contemplativa y, a la vez, la contemplaci\u00f3n como la acci\u00f3n humana m\u00e1s excelente\" \/>\n<meta property=\"og:url\" content=\"https:\/\/cooltivarte.com\/portal\/contemplacion\/\" \/>\n<meta property=\"og:site_name\" content=\"Cooltivarte Portal\" \/>\n<meta property=\"article:publisher\" content=\"https:\/\/www.facebook.com\/cooltivartecom\/\" \/>\n<meta property=\"article:author\" content=\"https:\/\/www.facebook.com\/cooltivartecom\/\" \/>\n<meta property=\"article:published_time\" content=\"2022-07-12T00:12:01+00:00\" \/>\n<meta property=\"article:modified_time\" content=\"2022-07-21T00:16:22+00:00\" \/>\n<meta property=\"og:image\" content=\"https:\/\/cooltivarte.com\/portal\/wp-content\/uploads\/2022\/07\/contemplacion-del-paisaje.png\" \/>\n\t<meta property=\"og:image:width\" content=\"1536\" \/>\n\t<meta property=\"og:image:height\" content=\"864\" \/>\n\t<meta property=\"og:image:type\" content=\"image\/png\" \/>\n<meta name=\"author\" content=\"Eduardo Infante\" \/>\n<meta name=\"twitter:card\" content=\"summary_large_image\" \/>\n<meta name=\"twitter:title\" content=\"Contemplaci\u00f3n\" \/>\n<meta name=\"twitter:description\" content=\"El sosiego del verano permite la contemplaci\u00f3n. Arist\u00f3teles, que supo vivir bien y teorizar sobre ello, entendi\u00f3 la felicidad como una actividad contemplativa y, a la vez, la contemplaci\u00f3n como la acci\u00f3n humana m\u00e1s excelente\" \/>\n<meta name=\"twitter:image\" content=\"https:\/\/cooltivarte.com\/portal\/wp-content\/uploads\/2022\/07\/contemplacion-del-paisaje.png\" \/>\n<meta name=\"twitter:creator\" content=\"@https:\/\/twitter.com\/eledututor\" \/>\n<meta name=\"twitter:site\" content=\"@obolocultural\" \/>\n<meta name=\"twitter:label1\" content=\"Escrito por\" \/>\n\t<meta name=\"twitter:data1\" content=\"Eduardo Infante\" \/>\n\t<meta name=\"twitter:label2\" content=\"Tiempo de lectura\" \/>\n\t<meta name=\"twitter:data2\" content=\"4 minutos\" \/>\n<!-- \/ Yoast SEO plugin. -->","yoast_head_json":{"title":"Contemplaci\u00f3n - Cooltivarte Portal","description":"El sosiego del verano permite la contemplaci\u00f3n. Arist\u00f3teles, que supo vivir bien y teorizar sobre ello, entendi\u00f3 la felicidad como una actividad contemplativa y, a la vez, la contemplaci\u00f3n como la acci\u00f3n humana m\u00e1s excelente","robots":{"index":"index","follow":"follow","max-snippet":"max-snippet:-1","max-image-preview":"max-image-preview:large","max-video-preview":"max-video-preview:-1"},"canonical":"https:\/\/cooltivarte.com\/portal\/contemplacion\/","og_locale":"es_ES","og_type":"article","og_title":"Contemplaci\u00f3n","og_description":"El sosiego del verano permite la contemplaci\u00f3n. Arist\u00f3teles, que supo vivir bien y teorizar sobre ello, entendi\u00f3 la felicidad como una actividad contemplativa y, a la vez, la contemplaci\u00f3n como la acci\u00f3n humana m\u00e1s excelente","og_url":"https:\/\/cooltivarte.com\/portal\/contemplacion\/","og_site_name":"Cooltivarte Portal","article_publisher":"https:\/\/www.facebook.com\/cooltivartecom\/","article_author":"https:\/\/www.facebook.com\/cooltivartecom\/","article_published_time":"2022-07-12T00:12:01+00:00","article_modified_time":"2022-07-21T00:16:22+00:00","og_image":[{"width":1536,"height":864,"url":"https:\/\/cooltivarte.com\/portal\/wp-content\/uploads\/2022\/07\/contemplacion-del-paisaje.png","type":"image\/png"}],"author":"Eduardo Infante","twitter_card":"summary_large_image","twitter_title":"Contemplaci\u00f3n","twitter_description":"El sosiego del verano permite la contemplaci\u00f3n. Arist\u00f3teles, que supo vivir bien y teorizar sobre ello, entendi\u00f3 la felicidad como una actividad contemplativa y, a la vez, la contemplaci\u00f3n como la acci\u00f3n humana m\u00e1s excelente","twitter_image":"https:\/\/cooltivarte.com\/portal\/wp-content\/uploads\/2022\/07\/contemplacion-del-paisaje.png","twitter_creator":"@https:\/\/twitter.com\/eledututor","twitter_site":"@obolocultural","twitter_misc":{"Escrito por":"Eduardo Infante","Tiempo de lectura":"4 minutos"},"schema":{"@context":"https:\/\/schema.org","@graph":[{"@type":"NewsArticle","@id":"https:\/\/cooltivarte.com\/portal\/contemplacion\/#article","isPartOf":{"@id":"https:\/\/cooltivarte.com\/portal\/contemplacion\/"},"author":{"name":"Eduardo Infante","@id":"https:\/\/cooltivarte.com\/portal\/#\/schema\/person\/d2ead9679edf0dfbf044292ce2f9faeb"},"headline":"Contemplaci\u00f3n","datePublished":"2022-07-12T00:12:01+00:00","dateModified":"2022-07-21T00:16:22+00:00","mainEntityOfPage":{"@id":"https:\/\/cooltivarte.com\/portal\/contemplacion\/"},"wordCount":775,"publisher":{"@id":"https:\/\/cooltivarte.com\/portal\/#organization"},"image":{"@id":"https:\/\/cooltivarte.com\/portal\/contemplacion\/#primaryimage"},"thumbnailUrl":"https:\/\/cooltivarte.com\/portal\/wp-content\/uploads\/2022\/07\/contemplacion-del-paisaje.png","keywords":["Arist\u00f3teles"],"articleSection":["Art\u00edculos"],"inLanguage":"es-AR"},{"@type":"WebPage","@id":"https:\/\/cooltivarte.com\/portal\/contemplacion\/","url":"https:\/\/cooltivarte.com\/portal\/contemplacion\/","name":"Contemplaci\u00f3n - Cooltivarte Portal","isPartOf":{"@id":"https:\/\/cooltivarte.com\/portal\/#website"},"primaryImageOfPage":{"@id":"https:\/\/cooltivarte.com\/portal\/contemplacion\/#primaryimage"},"image":{"@id":"https:\/\/cooltivarte.com\/portal\/contemplacion\/#primaryimage"},"thumbnailUrl":"https:\/\/cooltivarte.com\/portal\/wp-content\/uploads\/2022\/07\/contemplacion-del-paisaje.png","datePublished":"2022-07-12T00:12:01+00:00","dateModified":"2022-07-21T00:16:22+00:00","description":"El sosiego del verano permite la contemplaci\u00f3n. Arist\u00f3teles, que supo vivir bien y teorizar sobre ello, entendi\u00f3 la felicidad como una actividad contemplativa y, a la vez, la contemplaci\u00f3n como la acci\u00f3n humana m\u00e1s excelente","breadcrumb":{"@id":"https:\/\/cooltivarte.com\/portal\/contemplacion\/#breadcrumb"},"inLanguage":"es-AR","potentialAction":[{"@type":"ReadAction","target":["https:\/\/cooltivarte.com\/portal\/contemplacion\/"]}]},{"@type":"ImageObject","inLanguage":"es-AR","@id":"https:\/\/cooltivarte.com\/portal\/contemplacion\/#primaryimage","url":"https:\/\/cooltivarte.com\/portal\/wp-content\/uploads\/2022\/07\/contemplacion-del-paisaje.png","contentUrl":"https:\/\/cooltivarte.com\/portal\/wp-content\/uploads\/2022\/07\/contemplacion-del-paisaje.png","width":1536,"height":864,"caption":"contemplacion del paisaje"},{"@type":"BreadcrumbList","@id":"https:\/\/cooltivarte.com\/portal\/contemplacion\/#breadcrumb","itemListElement":[{"@type":"ListItem","position":1,"name":"Portada","item":"https:\/\/cooltivarte.com\/portal\/"},{"@type":"ListItem","position":2,"name":"Contemplaci\u00f3n"}]},{"@type":"WebSite","@id":"https:\/\/cooltivarte.com\/portal\/#website","url":"https:\/\/cooltivarte.com\/portal\/","name":"Cooltivarte Portal","description":"Arte, cultura y turismo para el mundo ...","publisher":{"@id":"https:\/\/cooltivarte.com\/portal\/#organization"},"potentialAction":[{"@type":"SearchAction","target":{"@type":"EntryPoint","urlTemplate":"https:\/\/cooltivarte.com\/portal\/?s={search_term_string}"},"query-input":{"@type":"PropertyValueSpecification","valueRequired":true,"valueName":"search_term_string"}}],"inLanguage":"es-AR"},{"@type":"Organization","@id":"https:\/\/cooltivarte.com\/portal\/#organization","name":"cooltivarte","url":"https:\/\/cooltivarte.com\/portal\/","logo":{"@type":"ImageObject","inLanguage":"es-AR","@id":"https:\/\/cooltivarte.com\/portal\/#\/schema\/logo\/image\/","url":"https:\/\/cooltivarte.com\/portal\/wp-content\/uploads\/2020\/04\/logo-cooltivarte-v2.png","contentUrl":"https:\/\/cooltivarte.com\/portal\/wp-content\/uploads\/2020\/04\/logo-cooltivarte-v2.png","width":851,"height":243,"caption":"cooltivarte"},"image":{"@id":"https:\/\/cooltivarte.com\/portal\/#\/schema\/logo\/image\/"},"sameAs":["https:\/\/www.facebook.com\/cooltivartecom\/","https:\/\/x.com\/obolocultural","https:\/\/www.instagram.com\/_cooltivarte_\/","https:\/\/www.linkedin.com\/company\/-bolocultural?reportsuccess=8zaNG1HwhPbAR9iQhZ5rfGeqz_vQFftHun0ZWU0Wy9vNemRJ8vtcKdJvzQfW8XagyOJSKg0XvfJ1dp","https:\/\/www.pinterest.com\/cooltivarte\/","https:\/\/cooltivarte.tumblr.com\/","https:\/\/www.tiktok.com\/@cooltivarte","https:\/\/www.youtube.com\/@PrensaCooltivarte"]},{"@type":"Person","@id":"https:\/\/cooltivarte.com\/portal\/#\/schema\/person\/d2ead9679edf0dfbf044292ce2f9faeb","name":"Eduardo Infante","image":{"@type":"ImageObject","inLanguage":"es-AR","@id":"https:\/\/cooltivarte.com\/portal\/wp-content\/uploads\/2021\/02\/eduardo-infante.jpg","url":"https:\/\/cooltivarte.com\/portal\/wp-content\/uploads\/2021\/02\/eduardo-infante.jpg","contentUrl":"https:\/\/cooltivarte.com\/portal\/wp-content\/uploads\/2021\/02\/eduardo-infante.jpg","caption":"Eduardo Infante"},"description":"Huelva, 1977. Estudi\u00f3 Humanidades en Universidad de Huelva y filosof\u00eda en la Universidad Pontificia de Salamanca. Veinte a\u00f1os de experiencia como docente impartiendo filosof\u00eda en bachillerato con m\u00e9todos nada convencionales: explica a Arist\u00f3teles paseando por el parque, invita a practicar el cinismo en las calles comerciales de la ciudad de Gij\u00f3n o narra el juicio a S\u00f3crates en un juzgado. Escritor en la editorial Ariel (Planeta). Autor del bestseller internacional Filosof\u00eda en la calle (publicado en Espa\u00f1a, M\u00e9xico, Colombia, Per\u00fa, China, Taiwan, entre otros). Colaborador habitual en medios de comunicaci\u00f3n: Cadena Ser, Diario El Mundo, La Nueva Espa\u00f1a, Radio Televisi\u00f3n Espa\u00f1ola, Filosof\u00eda&amp;Co. Asesor filos\u00f3fico del programa de televisi\u00f3n Qui\u00e9n educa a qui\u00e9n (RTVE). TED speaker . Colaborador en el programa Aprendemos Juntos de la Fundaci\u00f3n BBVA y El Pa\u00eds. Conferenciante. Divulgador de la filosof\u00eda en redes sociales a trav\u00e9s del proyecto #FiloReto","sameAs":["https:\/\/cooltivarte.com\/","https:\/\/www.facebook.com\/cooltivartecom\/","https:\/\/www.instagram.com\/eduardo_infante_filosofia\/","https:\/\/www.linkedin.com\/company\/-bolocultural","https:\/\/www.pinterest.com\/cooltivarte","https:\/\/x.com\/https:\/\/twitter.com\/eledututor","https:\/\/www.youtube.com\/@PrensaCooltivarte","https:\/\/www.tumblr.com\/blog\/cooltivarte"],"url":"https:\/\/cooltivarte.com\/portal\/author\/eduardo-infante\/"}]}},"_links":{"self":[{"href":"https:\/\/cooltivarte.com\/portal\/wp-json\/wp\/v2\/posts\/83058","targetHints":{"allow":["GET"]}}],"collection":[{"href":"https:\/\/cooltivarte.com\/portal\/wp-json\/wp\/v2\/posts"}],"about":[{"href":"https:\/\/cooltivarte.com\/portal\/wp-json\/wp\/v2\/types\/post"}],"author":[{"embeddable":true,"href":"https:\/\/cooltivarte.com\/portal\/wp-json\/wp\/v2\/users\/168"}],"replies":[{"embeddable":true,"href":"https:\/\/cooltivarte.com\/portal\/wp-json\/wp\/v2\/comments?post=83058"}],"version-history":[{"count":1,"href":"https:\/\/cooltivarte.com\/portal\/wp-json\/wp\/v2\/posts\/83058\/revisions"}],"predecessor-version":[{"id":83060,"href":"https:\/\/cooltivarte.com\/portal\/wp-json\/wp\/v2\/posts\/83058\/revisions\/83060"}],"wp:featuredmedia":[{"embeddable":true,"href":"https:\/\/cooltivarte.com\/portal\/wp-json\/wp\/v2\/media\/83059"}],"wp:attachment":[{"href":"https:\/\/cooltivarte.com\/portal\/wp-json\/wp\/v2\/media?parent=83058"}],"wp:term":[{"taxonomy":"category","embeddable":true,"href":"https:\/\/cooltivarte.com\/portal\/wp-json\/wp\/v2\/categories?post=83058"},{"taxonomy":"post_tag","embeddable":true,"href":"https:\/\/cooltivarte.com\/portal\/wp-json\/wp\/v2\/tags?post=83058"}],"curies":[{"name":"wp","href":"https:\/\/api.w.org\/{rel}","templated":true}]}}