{"id":82747,"date":"2022-07-05T15:08:49","date_gmt":"2022-07-05T18:08:49","guid":{"rendered":"https:\/\/cooltivarte.com\/portal\/?p=82747"},"modified":"2022-07-06T10:48:22","modified_gmt":"2022-07-06T13:48:22","slug":"cristhian-ortega-presenta-versos-para-vivir-en-el-teatro-de-la-casa-de-la-cultura-de-maldonado","status":"publish","type":"post","link":"https:\/\/cooltivarte.com\/portal\/cristhian-ortega-presenta-versos-para-vivir-en-el-teatro-de-la-casa-de-la-cultura-de-maldonado\/","title":{"rendered":"Cristhian Ortega presenta Versos para vivir en el Teatro de la Casa de la Cultura de Maldonado."},"content":{"rendered":"<p><img fetchpriority=\"high\" decoding=\"async\" class=\"aligncenter wp-image-82748\" title=\"Cristhian Ortega presenta Versos para vivir en el Teatro de la Casa de la Cultura de Maldonado.\" src=\"https:\/\/cooltivarte.com\/portal\/wp-content\/uploads\/2022\/07\/thumbnail_core_010_storie.png\" alt=\"Cristhian Ortega presenta Versos para vivir en el Teatro de la Casa de la Cultura de Maldonado.\" width=\"506\" height=\"900\" srcset=\"https:\/\/cooltivarte.com\/portal\/wp-content\/uploads\/2022\/07\/thumbnail_core_010_storie.png 720w, https:\/\/cooltivarte.com\/portal\/wp-content\/uploads\/2022\/07\/thumbnail_core_010_storie-169x300.png 169w, https:\/\/cooltivarte.com\/portal\/wp-content\/uploads\/2022\/07\/thumbnail_core_010_storie-576x1024.png 576w\" sizes=\"(max-width: 506px) 100vw, 506px\" \/><\/p>\n<h3>&nbsp;<\/h3>\n<h3><strong>Cristhian Ortega<\/strong> presenta <strong>Versos<\/strong> para vivir en el Teatro de la Casa de la Cultura de Maldonado.<\/h3>\n<p>El pr\u00f3ximo <strong>s\u00e1bado 9 de julio 2022<\/strong>, Cristhian Ortega estar\u00e1 presentando el espect\u00e1culo Versos para vivir en el Teatro de la Casa de la Cultura de Maldonado.<\/p>\n<p>Versos para vivir es un espect\u00e1culo musical que contiene a la canci\u00f3n como eje y principal protagonista en escena.<\/p>\n<p>El compositor uruguayo propone sumergir a los oyentes en una atm\u00f3sfera c\u00e1lida e intimista para brindar un recorrido a trav\u00e9s del repertorio de canciones pertenecientes a su primer disco titulado Solsticio, editado en el a\u00f1o 2019. Adem\u00e1s ofrecer\u00e1 un adelanto de las nuevas composiciones que formar\u00e1n parte de su pr\u00f3ximo trabajo discogr\u00e1fico titulado Andar, en el cual se encuentra trabajando actualmente.<\/p>\n<p>En esta oportunidad, se presentar\u00e1 en formato d\u00fao, acompa\u00f1ado por el percusionista Fabricio Armesto.<\/p>\n<p>El concierto comenzar\u00e1 a las 20 hrs y contar\u00e1 con la participaci\u00f3n de algunos invitados, entre ellos Kihara Freire y Rodrigo Buschiazzo, quienes ser\u00e1n los encargados de abrir la noche.<\/p>\n<p>La entrada es gratuita y las mismas deben retirarse en Direcci\u00f3n de Cultura de Maldonado a partir del lunes 4 de julio en el horario de atenci\u00f3n al p\u00fablico, entre las 09:00 y las 15:00hrs.<\/p>\n<p>Este concierto est\u00e1 dirigido al p\u00fablico en general, poniendo \u00e9nfasis en aquellos disfrutan de espect\u00e1culos que se caracterizan por la cercan\u00eda, la interacci\u00f3n y la complicidad que ofrece el cantautor en su calidad de narrador de historias.<\/p>\n<p><strong>CRISTHIAN ORTEGA<\/strong><\/p>\n<p>M\u00fasico, cantante y compositor uruguayo.<\/p>\n<p>Cristhian Ortega es un joven m\u00fasico y compositor perteneciente a la nueva generaci\u00f3n de cantautores que se viene gestando en el seno de la m\u00fasica popular uruguaya.<\/p>\n<p>Actualmente reside en el departamento de Maldonado, en donde adem\u00e1s de proyectarse como cancionista, dedica sus horas a la docencia, brindando clases de guitarra y m\u00fasica en general en diferentes institutos de la ciudad.<\/p>\n<p>Sus composiciones transitan el formato canci\u00f3n, proyect\u00e1ndose musicalmente de una forma bastante ecl\u00e9ctica hacia la ra\u00edz folkl\u00f3rica latinoamericana y la m\u00fasica pop.<\/p>\n<p>Sus conciertos se caracterizan por la comunicaci\u00f3n e interacci\u00f3n con el p\u00fablico, generando cercan\u00edas propias de un cantautor narrador de historias.<\/p>\n<p>Ha presentado sus composiciones en escenarios como la Sala Zitarrosa, Escenario Alfredo Zitarrosa (Rural del Prado, Montevideo), Sala del Anglo, Espacio Gobbi (Paysand\u00fa), teatro Casa de la Cultura de Maldonado, Piri\u00e1polis y Teatro Sociedad Uni\u00f3n de San Carlos entre otros.<\/p>\n<p>En el a\u00f1o 2016 fue premiado por su trabajo como compositor y guitarrista en el Concurso del programa de difusi\u00f3n de la m\u00fasica popular Guitarra Negra, organizada por el Departamento de Cultura de la Intendencia de Montevideo.<\/p>\n<p>En octubre del a\u00f1o 2019 edita Solsticio, su primer \u00e1lbum de canciones, grabado y producido en conjunto con Fabi\u00e1n Marquisio en Canaima Estudio (Portezuelo, Maldonado).<\/p>\n<p>El disco cont\u00f3 con la participaci\u00f3n de varios referentes de la m\u00fasica uruguaya, como Estela Magnone, Carlos \u201cBoca\u201d Ferreira, Gonzalo Franco, Fabi\u00e1n Marquisio, Mart\u00edn Muguerza entre otros destacados m\u00fasicos de experiencia .<\/p>\n<p>Asimismo, fue presentado oficialmente en el Teatro de la Casa de la Cultura de Maldonado y posteriormente, en el verano 2019-2020 se llev\u00f3 a cabo una gira de promoci\u00f3n del mismo en formato solista, realizando conciertos por la regi\u00f3n este del pa\u00eds, recorriendo diferentes espacios culturales de los departamentos de Maldonado y Rocha.<\/p>\n<p>En varias oportunidades ha sido invitado para abrir espect\u00e1culos de distintos artistas de la escena nacional como Cuatro Pesos de Propina, Diego Rossberg , Nahual ,El Alem\u00e1n y Fabian Marquisio.<\/p>\n<p>Entre 2020 y 2021 participa en eventos importantes de la canci\u00f3n de autor de nuestro pa\u00eds como lo son el Festival Canci\u00f3n de R\u00edo (Paysand\u00fa) y el ciclo de cantautores Canciones de Oto\u00f1o, compartiendo escenario con destacados m\u00fasicos de la escena, como Daniel Drexler, Papina de Palma, Florencia Nu\u00f1ez, Luana Mendez y Juan Manuel Barrios.<\/p>\n<p>En 2021 lanza un nuevo sencillo titulado Cr\u00f3nicas de Cuarentena y participa como invitado en el segundo volumen De VILLAZUL-M\u00fasica para aprender, trabajo discogr\u00e1fico producido por Fabi\u00e1n Marquisio.<\/p>\n<p>En la actualidad se encuentra trabajando en su pr\u00f3ximo disco de canciones de su autor\u00eda titulado Andar.<\/p>\n<p>&nbsp;<\/p>\n<p>&nbsp;<\/p>\n<p>&nbsp;<\/p>\n","protected":false},"excerpt":{"rendered":"<p>&nbsp; Cristhian Ortega presenta Versos para vivir en el Teatro de la Casa de la Cultura de Maldonado. El pr\u00f3ximo s\u00e1bado 9 de julio 2022, Cristhian Ortega estar\u00e1 presentando el espect\u00e1culo Versos para vivir en el Teatro de la Casa de la Cultura de Maldonado. Versos para vivir es un espect\u00e1culo musical que contiene a [&hellip;]<\/p>\n","protected":false},"author":8,"featured_media":82748,"comment_status":"closed","ping_status":"closed","sticky":false,"template":"","format":"standard","meta":{"om_disable_all_campaigns":false,"ngg_post_thumbnail":0,"jnews-multi-image_gallery":[],"jnews_single_post":{"subtitle":"S\u00e1bado 9 de julio","format":"standard","video":"","gallery":"","source_name":"","source_url":"","via_name":"","via_url":"","override_template":"0","override":[{"template":"1","single_blog_custom":"","parallax":"1","fullscreen":"1","layout":"right-sidebar","sidebar":"default-sidebar","second_sidebar":"default-sidebar","sticky_sidebar":"1","share_position":"top","share_float_style":"share-monocrhome","show_share_counter":"1","show_view_counter":"1","show_featured":"1","show_post_meta":"1","show_post_author":"1","show_post_author_image":"1","show_post_date":"1","post_date_format":"default","post_date_format_custom":"Y\/m\/d","show_post_category":"1","show_post_reading_time":"0","post_reading_time_wpm":"300","show_zoom_button":"0","zoom_button_out_step":"2","zoom_button_in_step":"3","show_post_tag":"1","show_prev_next_post":"1","show_popup_post":"1","number_popup_post":"1","show_author_box":"0","show_post_related":"0","show_inline_post_related":"0"}],"override_image_size":"0","image_override":[{"single_post_thumbnail_size":"crop-500","single_post_gallery_size":"crop-500"}],"trending_post":"0","trending_post_position":"meta","trending_post_label":"Trending","sponsored_post":"0","sponsored_post_label":"Sponsored by","sponsored_post_name":"","sponsored_post_url":"","sponsored_post_logo_enable":"0","sponsored_post_logo":"","sponsored_post_desc":""},"jnews_primary_category":{"id":""},"jnews_social_meta":{"fb_title":"","fb_description":"","fb_image":"","twitter_title":"","twitter_description":"","twitter_image":""},"jnews_override_counter":{"override_view_counter":"0","view_counter_number":"0","override_share_counter":"0","share_counter_number":"0","override_like_counter":"0","like_counter_number":"0","override_dislike_counter":"0","dislike_counter_number":"0"},"footnotes":""},"categories":[3394],"tags":[17216,14338,6064,17213,1267,2705,17217,10375,2614,11373,168,1764,5217,17212,62,17214,10523,17215,17218],"class_list":["post-82747","post","type-post","status-publish","format-standard","has-post-thumbnail","hentry","category-eventos","tag-carlos-boca-ferreira","tag-cristhian-ortega","tag-escenario-alfredo-zitarrosa","tag-espacio-gobbi-paysandu","tag-estela-magnone","tag-fabian-marquisio","tag-gonzalo-franco","tag-guitarra-negra","tag-intendencia-de-montevideo","tag-martin-muguerza","tag-montevideo","tag-piriapolis","tag-rural-del-prado","tag-sala-del-anglo","tag-sala-zitarrosa","tag-teatro-casa-de-la-cultura-de-maldonado","tag-teatro-de-la-casa-de-la-cultura-de-maldonado","tag-teatro-sociedad-union-de-san-carlos","tag-versos"],"yoast_head":"<!-- This site is optimized with the Yoast SEO plugin v27.5 - https:\/\/yoast.com\/product\/yoast-seo-wordpress\/ -->\n<title>Cristhian Ortega presenta Versos para vivir en el Teatro de la Casa de la Cultura de Maldonado. - Cooltivarte Portal<\/title>\n<meta name=\"description\" content=\"El pr\u00f3ximo s\u00e1bado 9 de julio 2022, Cristhian Ortega estar\u00e1 presentando el espect\u00e1culo Versos para vivir en el Teatro de la Casa de la Cultura de Maldonado.\" \/>\n<meta name=\"robots\" content=\"index, follow, max-snippet:-1, max-image-preview:large, max-video-preview:-1\" \/>\n<link rel=\"canonical\" href=\"https:\/\/cooltivarte.com\/portal\/cristhian-ortega-presenta-versos-para-vivir-en-el-teatro-de-la-casa-de-la-cultura-de-maldonado\/\" \/>\n<meta property=\"og:locale\" content=\"es_ES\" \/>\n<meta property=\"og:type\" content=\"article\" \/>\n<meta property=\"og:title\" content=\"Cristhian Ortega presenta Versos para vivir en el Teatro de la Casa de la Cultura de Maldonado.\" \/>\n<meta property=\"og:description\" content=\"El pr\u00f3ximo s\u00e1bado 9 de julio 2022, Cristhian Ortega estar\u00e1 presentando el espect\u00e1culo Versos para vivir en el Teatro de la Casa de la Cultura de Maldonado.\" \/>\n<meta property=\"og:url\" content=\"https:\/\/cooltivarte.com\/portal\/cristhian-ortega-presenta-versos-para-vivir-en-el-teatro-de-la-casa-de-la-cultura-de-maldonado\/\" \/>\n<meta property=\"og:site_name\" content=\"Cooltivarte Portal\" \/>\n<meta property=\"article:publisher\" content=\"https:\/\/www.facebook.com\/cooltivartecom\/\" \/>\n<meta property=\"article:author\" content=\"https:\/\/www.facebook.com\/cooltivartecom\" \/>\n<meta property=\"article:published_time\" content=\"2022-07-05T18:08:49+00:00\" \/>\n<meta property=\"article:modified_time\" content=\"2022-07-06T13:48:22+00:00\" \/>\n<meta property=\"og:image\" content=\"https:\/\/cooltivarte.com\/portal\/wp-content\/uploads\/2022\/07\/thumbnail_core_010_storie.png\" \/>\n\t<meta property=\"og:image:width\" content=\"720\" \/>\n\t<meta property=\"og:image:height\" content=\"1280\" \/>\n\t<meta property=\"og:image:type\" content=\"image\/png\" \/>\n<meta name=\"author\" content=\"Cooltivarte\" \/>\n<meta name=\"twitter:card\" content=\"summary_large_image\" \/>\n<meta name=\"twitter:title\" content=\"Cristhian Ortega presenta Versos para vivir en el Teatro de la Casa de la Cultura de Maldonado.\" \/>\n<meta name=\"twitter:description\" content=\"El pr\u00f3ximo s\u00e1bado 9 de julio 2022, Cristhian Ortega estar\u00e1 presentando el espect\u00e1culo Versos para vivir en el Teatro de la Casa de la Cultura de Maldonado.\" \/>\n<meta name=\"twitter:image\" content=\"https:\/\/cooltivarte.com\/portal\/wp-content\/uploads\/2022\/07\/thumbnail_core_010_storie.png\" \/>\n<meta name=\"twitter:creator\" content=\"@https:\/\/x.com\/obolocultural\" \/>\n<meta name=\"twitter:site\" content=\"@obolocultural\" \/>\n<meta name=\"twitter:label1\" content=\"Escrito por\" \/>\n\t<meta name=\"twitter:data1\" content=\"Cooltivarte\" \/>\n\t<meta name=\"twitter:label2\" content=\"Tiempo de lectura\" \/>\n\t<meta name=\"twitter:data2\" content=\"4 minutos\" \/>\n<!-- \/ Yoast SEO plugin. -->","yoast_head_json":{"title":"Cristhian Ortega presenta Versos para vivir en el Teatro de la Casa de la Cultura de Maldonado. - Cooltivarte Portal","description":"El pr\u00f3ximo s\u00e1bado 9 de julio 2022, Cristhian Ortega estar\u00e1 presentando el espect\u00e1culo Versos para vivir en el Teatro de la Casa de la Cultura de Maldonado.","robots":{"index":"index","follow":"follow","max-snippet":"max-snippet:-1","max-image-preview":"max-image-preview:large","max-video-preview":"max-video-preview:-1"},"canonical":"https:\/\/cooltivarte.com\/portal\/cristhian-ortega-presenta-versos-para-vivir-en-el-teatro-de-la-casa-de-la-cultura-de-maldonado\/","og_locale":"es_ES","og_type":"article","og_title":"Cristhian Ortega presenta Versos para vivir en el Teatro de la Casa de la Cultura de Maldonado.","og_description":"El pr\u00f3ximo s\u00e1bado 9 de julio 2022, Cristhian Ortega estar\u00e1 presentando el espect\u00e1culo Versos para vivir en el Teatro de la Casa de la Cultura de Maldonado.","og_url":"https:\/\/cooltivarte.com\/portal\/cristhian-ortega-presenta-versos-para-vivir-en-el-teatro-de-la-casa-de-la-cultura-de-maldonado\/","og_site_name":"Cooltivarte Portal","article_publisher":"https:\/\/www.facebook.com\/cooltivartecom\/","article_author":"https:\/\/www.facebook.com\/cooltivartecom","article_published_time":"2022-07-05T18:08:49+00:00","article_modified_time":"2022-07-06T13:48:22+00:00","og_image":[{"width":720,"height":1280,"url":"https:\/\/cooltivarte.com\/portal\/wp-content\/uploads\/2022\/07\/thumbnail_core_010_storie.png","type":"image\/png"}],"author":"Cooltivarte","twitter_card":"summary_large_image","twitter_title":"Cristhian Ortega presenta Versos para vivir en el Teatro de la Casa de la Cultura de Maldonado.","twitter_description":"El pr\u00f3ximo s\u00e1bado 9 de julio 2022, Cristhian Ortega estar\u00e1 presentando el espect\u00e1culo Versos para vivir en el Teatro de la Casa de la Cultura de Maldonado.","twitter_image":"https:\/\/cooltivarte.com\/portal\/wp-content\/uploads\/2022\/07\/thumbnail_core_010_storie.png","twitter_creator":"@https:\/\/x.com\/obolocultural","twitter_site":"@obolocultural","twitter_misc":{"Escrito por":"Cooltivarte","Tiempo de lectura":"4 minutos"},"schema":{"@context":"https:\/\/schema.org","@graph":[{"@type":"NewsArticle","@id":"https:\/\/cooltivarte.com\/portal\/cristhian-ortega-presenta-versos-para-vivir-en-el-teatro-de-la-casa-de-la-cultura-de-maldonado\/#article","isPartOf":{"@id":"https:\/\/cooltivarte.com\/portal\/cristhian-ortega-presenta-versos-para-vivir-en-el-teatro-de-la-casa-de-la-cultura-de-maldonado\/"},"author":{"name":"Cooltivarte","@id":"https:\/\/cooltivarte.com\/portal\/#\/schema\/person\/ec2a4f4e71b740d0c559c0ab9a157e19"},"headline":"Cristhian Ortega presenta Versos para vivir en el Teatro de la Casa de la Cultura de Maldonado.","datePublished":"2022-07-05T18:08:49+00:00","dateModified":"2022-07-06T13:48:22+00:00","mainEntityOfPage":{"@id":"https:\/\/cooltivarte.com\/portal\/cristhian-ortega-presenta-versos-para-vivir-en-el-teatro-de-la-casa-de-la-cultura-de-maldonado\/"},"wordCount":746,"publisher":{"@id":"https:\/\/cooltivarte.com\/portal\/#organization"},"image":{"@id":"https:\/\/cooltivarte.com\/portal\/cristhian-ortega-presenta-versos-para-vivir-en-el-teatro-de-la-casa-de-la-cultura-de-maldonado\/#primaryimage"},"thumbnailUrl":"https:\/\/cooltivarte.com\/portal\/wp-content\/uploads\/2022\/07\/thumbnail_core_010_storie.png","keywords":["Carlos \u201cBoca\u201d Ferreira","CRISTHIAN ORTEGA","escenario Alfredo Zitarrosa","Espacio Gobbi (Paysand\u00fa)","estela magnone","Fabi\u00e1n Marquisio","Gonzalo Franco","GUITARRA NEGRA","Intendencia de Montevideo","Mart\u00edn Muguerza","Montevideo","Piri\u00e1polis","Rural del Prado","Sala del Anglo","Sala Zitarrosa","teatro Casa de la Cultura de Maldonado","Teatro de la Casa de la Cultura de Maldonado","Teatro Sociedad Uni\u00f3n de San Carlos","Versos"],"articleSection":["Eventos"],"inLanguage":"es-AR"},{"@type":"WebPage","@id":"https:\/\/cooltivarte.com\/portal\/cristhian-ortega-presenta-versos-para-vivir-en-el-teatro-de-la-casa-de-la-cultura-de-maldonado\/","url":"https:\/\/cooltivarte.com\/portal\/cristhian-ortega-presenta-versos-para-vivir-en-el-teatro-de-la-casa-de-la-cultura-de-maldonado\/","name":"Cristhian Ortega presenta Versos para vivir en el Teatro de la Casa de la Cultura de Maldonado. - Cooltivarte Portal","isPartOf":{"@id":"https:\/\/cooltivarte.com\/portal\/#website"},"primaryImageOfPage":{"@id":"https:\/\/cooltivarte.com\/portal\/cristhian-ortega-presenta-versos-para-vivir-en-el-teatro-de-la-casa-de-la-cultura-de-maldonado\/#primaryimage"},"image":{"@id":"https:\/\/cooltivarte.com\/portal\/cristhian-ortega-presenta-versos-para-vivir-en-el-teatro-de-la-casa-de-la-cultura-de-maldonado\/#primaryimage"},"thumbnailUrl":"https:\/\/cooltivarte.com\/portal\/wp-content\/uploads\/2022\/07\/thumbnail_core_010_storie.png","datePublished":"2022-07-05T18:08:49+00:00","dateModified":"2022-07-06T13:48:22+00:00","description":"El pr\u00f3ximo s\u00e1bado 9 de julio 2022, Cristhian Ortega estar\u00e1 presentando el espect\u00e1culo Versos para vivir en el Teatro de la Casa de la Cultura de Maldonado.","breadcrumb":{"@id":"https:\/\/cooltivarte.com\/portal\/cristhian-ortega-presenta-versos-para-vivir-en-el-teatro-de-la-casa-de-la-cultura-de-maldonado\/#breadcrumb"},"inLanguage":"es-AR","potentialAction":[{"@type":"ReadAction","target":["https:\/\/cooltivarte.com\/portal\/cristhian-ortega-presenta-versos-para-vivir-en-el-teatro-de-la-casa-de-la-cultura-de-maldonado\/"]}]},{"@type":"ImageObject","inLanguage":"es-AR","@id":"https:\/\/cooltivarte.com\/portal\/cristhian-ortega-presenta-versos-para-vivir-en-el-teatro-de-la-casa-de-la-cultura-de-maldonado\/#primaryimage","url":"https:\/\/cooltivarte.com\/portal\/wp-content\/uploads\/2022\/07\/thumbnail_core_010_storie.png","contentUrl":"https:\/\/cooltivarte.com\/portal\/wp-content\/uploads\/2022\/07\/thumbnail_core_010_storie.png","width":720,"height":1280,"caption":"Cristhian Ortega presenta Versos para vivir en el Teatro de la Casa de la Cultura de Maldonado."},{"@type":"BreadcrumbList","@id":"https:\/\/cooltivarte.com\/portal\/cristhian-ortega-presenta-versos-para-vivir-en-el-teatro-de-la-casa-de-la-cultura-de-maldonado\/#breadcrumb","itemListElement":[{"@type":"ListItem","position":1,"name":"Portada","item":"https:\/\/cooltivarte.com\/portal\/"},{"@type":"ListItem","position":2,"name":"Cristhian Ortega presenta Versos para vivir en el Teatro de la Casa de la Cultura de Maldonado."}]},{"@type":"WebSite","@id":"https:\/\/cooltivarte.com\/portal\/#website","url":"https:\/\/cooltivarte.com\/portal\/","name":"Cooltivarte Portal","description":"Arte, cultura y turismo para el mundo ...","publisher":{"@id":"https:\/\/cooltivarte.com\/portal\/#organization"},"potentialAction":[{"@type":"SearchAction","target":{"@type":"EntryPoint","urlTemplate":"https:\/\/cooltivarte.com\/portal\/?s={search_term_string}"},"query-input":{"@type":"PropertyValueSpecification","valueRequired":true,"valueName":"search_term_string"}}],"inLanguage":"es-AR"},{"@type":"Organization","@id":"https:\/\/cooltivarte.com\/portal\/#organization","name":"cooltivarte","url":"https:\/\/cooltivarte.com\/portal\/","logo":{"@type":"ImageObject","inLanguage":"es-AR","@id":"https:\/\/cooltivarte.com\/portal\/#\/schema\/logo\/image\/","url":"https:\/\/cooltivarte.com\/portal\/wp-content\/uploads\/2020\/04\/logo-cooltivarte-v2.png","contentUrl":"https:\/\/cooltivarte.com\/portal\/wp-content\/uploads\/2020\/04\/logo-cooltivarte-v2.png","width":851,"height":243,"caption":"cooltivarte"},"image":{"@id":"https:\/\/cooltivarte.com\/portal\/#\/schema\/logo\/image\/"},"sameAs":["https:\/\/www.facebook.com\/cooltivartecom\/","https:\/\/x.com\/obolocultural","https:\/\/www.instagram.com\/_cooltivarte_\/","https:\/\/www.linkedin.com\/company\/-bolocultural?reportsuccess=8zaNG1HwhPbAR9iQhZ5rfGeqz_vQFftHun0ZWU0Wy9vNemRJ8vtcKdJvzQfW8XagyOJSKg0XvfJ1dp","https:\/\/www.pinterest.com\/cooltivarte\/","https:\/\/cooltivarte.tumblr.com\/","https:\/\/www.tiktok.com\/@cooltivarte","https:\/\/www.youtube.com\/@PrensaCooltivarte"]},{"@type":"Person","@id":"https:\/\/cooltivarte.com\/portal\/#\/schema\/person\/ec2a4f4e71b740d0c559c0ab9a157e19","name":"Cooltivarte","image":{"@type":"ImageObject","inLanguage":"es-AR","@id":"https:\/\/cooltivarte.com\/portal\/wp-content\/uploads\/2014\/05\/logo-cooltivarte-120x120.jpg","url":"https:\/\/cooltivarte.com\/portal\/wp-content\/uploads\/2014\/05\/logo-cooltivarte-120x120.jpg","contentUrl":"https:\/\/cooltivarte.com\/portal\/wp-content\/uploads\/2014\/05\/logo-cooltivarte-120x120.jpg","caption":"Cooltivarte"},"description":"Somos COOLTIVARTE.COM. Un portal digital dedicado a difundir el acontecer art\u00edstico y cultural del Uruguay. Estamos en la vuelta desde el a\u00f1o 2003, y como evoluci\u00f3n del bolet\u00edn Obolo Cultural, nos encontramos abocados a apoyar a los artistas nacionales brind\u00e1ndoles un espacio de difusi\u00f3n. Creemos en la idea de utilizar la potencialidad que hoy d\u00eda nos otorga la web, para que la cultura uruguaya y sus creadores dispongan de una din\u00e1mica ventana, que los ponga en contacto entre s\u00ed y con el mundo. Somos COOLTIVARTE.COM y pretendemos configurarnos como un portal din\u00e1mico, entretenido y atento a los nuevos emprendimientos, que busque siempre la interacci\u00f3n con los artistas.","sameAs":["http:\/\/www.cooltivarte.com","https:\/\/www.facebook.com\/cooltivartecom","https:\/\/www.instagram.com\/_cooltivarte_\/","https:\/\/www.linkedin.com\/company\/-bolocultural","https:\/\/www.pinterest.com\/cooltivarte\/","https:\/\/x.com\/https:\/\/x.com\/obolocultural","https:\/\/www.youtube.com\/@PrensaCooltivarte","https:\/\/www.tumblr.com\/blog\/cooltivarte"],"url":"https:\/\/cooltivarte.com\/portal\/author\/cooltivarte\/"}]}},"_links":{"self":[{"href":"https:\/\/cooltivarte.com\/portal\/wp-json\/wp\/v2\/posts\/82747","targetHints":{"allow":["GET"]}}],"collection":[{"href":"https:\/\/cooltivarte.com\/portal\/wp-json\/wp\/v2\/posts"}],"about":[{"href":"https:\/\/cooltivarte.com\/portal\/wp-json\/wp\/v2\/types\/post"}],"author":[{"embeddable":true,"href":"https:\/\/cooltivarte.com\/portal\/wp-json\/wp\/v2\/users\/8"}],"replies":[{"embeddable":true,"href":"https:\/\/cooltivarte.com\/portal\/wp-json\/wp\/v2\/comments?post=82747"}],"version-history":[{"count":3,"href":"https:\/\/cooltivarte.com\/portal\/wp-json\/wp\/v2\/posts\/82747\/revisions"}],"predecessor-version":[{"id":82760,"href":"https:\/\/cooltivarte.com\/portal\/wp-json\/wp\/v2\/posts\/82747\/revisions\/82760"}],"wp:featuredmedia":[{"embeddable":true,"href":"https:\/\/cooltivarte.com\/portal\/wp-json\/wp\/v2\/media\/82748"}],"wp:attachment":[{"href":"https:\/\/cooltivarte.com\/portal\/wp-json\/wp\/v2\/media?parent=82747"}],"wp:term":[{"taxonomy":"category","embeddable":true,"href":"https:\/\/cooltivarte.com\/portal\/wp-json\/wp\/v2\/categories?post=82747"},{"taxonomy":"post_tag","embeddable":true,"href":"https:\/\/cooltivarte.com\/portal\/wp-json\/wp\/v2\/tags?post=82747"}],"curies":[{"name":"wp","href":"https:\/\/api.w.org\/{rel}","templated":true}]}}