{"id":82635,"date":"2022-07-04T21:42:18","date_gmt":"2022-07-05T00:42:18","guid":{"rendered":"https:\/\/cooltivarte.com\/portal\/?p=82635"},"modified":"2022-07-02T21:50:11","modified_gmt":"2022-07-03T00:50:11","slug":"barcarola-que-te-voy-a-decir","status":"publish","type":"post","link":"https:\/\/cooltivarte.com\/portal\/barcarola-que-te-voy-a-decir\/","title":{"rendered":"Barcarola &#8211; Que Te Voy a Decir"},"content":{"rendered":"<p><iframe title=\"YouTube video player\" src=\"https:\/\/www.youtube.com\/embed\/efTQVjFoMqg\" width=\"100%\" height=\"515\" frameborder=\"0\" allowfullscreen=\"allowfullscreen\"><span data-mce-type=\"bookmark\" style=\"display: inline-block; width: 0px; overflow: hidden; line-height: 0;\" class=\"mce_SELRES_start\">\ufeff<\/span><\/iframe><\/p>\n<p>&nbsp;<\/p>\n<p>\u201cD\u00f3nde andar\u00e1 Mateo\u2026\u201d<\/p>\n<p><strong>BARCAROLA<\/strong> se forma a comienzos de los ochenta con un origen en Brasil. <a href=\"https:\/\/cooltivarte.com\/portal\/?s=Pippo+Spera\" target=\"_blank\" rel=\"noopener\"><strong>Pippo Spera<\/strong><\/a> y <a href=\"https:\/\/cooltivarte.com\/portal\/?s=Eduardo+M\u00e1rquez\" target=\"_blank\" rel=\"noopener\"><strong>Eduardo M\u00e1rquez<\/strong><\/a>, hab\u00edan hecho proyectos con m\u00fasicos brasileros de renombre y luego de un disco, que jam\u00e1s se edit\u00f3, intitulado &#8220;Barcarola&#8221;, forman en Montevideo un grupo y lo bautizan con el nombre del disco, porque sin dudas, consideraron que el proyecto ten\u00eda un hilo conductor con el iniciado en Brasil.<\/p>\n<p>El grupo <strong>BARCAROLA<\/strong> (y el \u00fanico disco editado s\u00ed, en Uruguay, con id\u00e9ntico t\u00edtulo) ser\u00eda conformado por: <a href=\"https:\/\/cooltivarte.com\/portal\/?s=Mar\u00eda+de+F\u00e1tima\" target=\"_blank\" rel=\"noopener\"><strong>Mar\u00eda de F\u00e1tima<\/strong><\/a> y <a href=\"https:\/\/cooltivarte.com\/portal\/?s=Susana+Bosch\" target=\"_blank\" rel=\"noopener\"><strong>Susana Bosch<\/strong><\/a> (voces), <strong>Pippo Spera<\/strong> (guitarra y voz), <strong>Eduardo M\u00e1rquez<\/strong> (bajo), m\u00e1s <a href=\"https:\/\/cooltivarte.com\/portal\/?s=Hugo+Fattoruso\" target=\"_blank\" rel=\"noopener\"><strong>Hugo Fattoruso<\/strong><\/a> y <strong><a href=\"https:\/\/cooltivarte.com\/portal\/?s=Osvaldo+Fattoruso\" target=\"_blank\" rel=\"noopener\">Osvaldo Fattoruso<\/a><\/strong> (teclados, coros, y bater\u00eda, respectivamente). El disco ser\u00eda editado por SONDOR en 1981.<\/p>\n<p>Este hermoso y emotivo candombe es de Pippo (m\u00fasica) con texto de <a href=\"https:\/\/cooltivarte.com\/portal\/?s=Horacio+Buscaglia\" target=\"_blank\" rel=\"noopener\"><strong>Horacio Buscaglia<\/strong><\/a>. Hablar de un <a href=\"https:\/\/cooltivarte.com\/portal\/?s=OPA\" target=\"_blank\" rel=\"noopener\"><strong>OPA<\/strong><\/a> ampliado no ser\u00eda incorrecto en este caso. Las cosas que suenan aqu\u00ed, m\u00e1s all\u00e1 de que son canciones, tienen el cuerpo y el alma del tr\u00edo emblem\u00e1tico.<\/p>\n<p>&nbsp;<\/p>\n","protected":false},"excerpt":{"rendered":"<p>\ufeff &nbsp; \u201cD\u00f3nde andar\u00e1 Mateo\u2026\u201d BARCAROLA se forma a comienzos de los ochenta con un origen en Brasil. Pippo Spera y Eduardo M\u00e1rquez, hab\u00edan hecho proyectos con m\u00fasicos brasileros de renombre y luego de un disco, que jam\u00e1s se edit\u00f3, intitulado &#8220;Barcarola&#8221;, forman en Montevideo un grupo y lo bautizan con el nombre del disco, [&hellip;]<\/p>\n","protected":false},"author":185,"featured_media":82636,"comment_status":"closed","ping_status":"closed","sticky":false,"template":"","format":"standard","meta":{"om_disable_all_campaigns":false,"ngg_post_thumbnail":0,"jnews-multi-image_gallery":[],"jnews_single_post":{"subtitle":"\u201cD\u00f3nde andar\u00e1 Mateo\u2026\u201d","format":"standard","video":"","gallery":"","source_name":"","source_url":"","via_name":"","via_url":"","override_template":"0","override":[{"template":"1","single_blog_custom":"","parallax":"1","fullscreen":"1","layout":"right-sidebar","sidebar":"default-sidebar","second_sidebar":"default-sidebar","sticky_sidebar":"1","share_position":"top","share_float_style":"share-monocrhome","show_share_counter":"1","show_view_counter":"1","show_featured":"1","show_post_meta":"1","show_post_author":"1","show_post_author_image":"1","show_post_date":"1","post_date_format":"default","post_date_format_custom":"Y\/m\/d","show_post_category":"1","show_post_reading_time":"0","post_reading_time_wpm":"300","show_zoom_button":"0","zoom_button_out_step":"2","zoom_button_in_step":"3","show_post_tag":"1","show_prev_next_post":"1","show_popup_post":"1","number_popup_post":"1","show_author_box":"0","show_post_related":"0","show_inline_post_related":"0"}],"override_image_size":"0","image_override":[{"single_post_thumbnail_size":"crop-500","single_post_gallery_size":"crop-500"}],"trending_post":"0","trending_post_position":"meta","trending_post_label":"Trending","sponsored_post":"0","sponsored_post_label":"Sponsored by","sponsored_post_name":"","sponsored_post_url":"","sponsored_post_logo_enable":"0","sponsored_post_logo":"","sponsored_post_desc":""},"jnews_primary_category":{"id":""},"jnews_social_meta":{"fb_title":"","fb_description":"","fb_image":"","twitter_title":"","twitter_description":"","twitter_image":""},"jnews_override_counter":{"override_view_counter":"0","view_counter_number":"0","override_share_counter":"0","share_counter_number":"0","override_like_counter":"0","like_counter_number":"0","override_dislike_counter":"0","dislike_counter_number":"0"},"footnotes":""},"categories":[16021],"tags":[17148,17146,5619,204,17147,205,14804,15515],"class_list":["post-82635","post","type-post","status-publish","format-standard","has-post-thumbnail","hentry","category-tesoros-de-la-isla","tag-barcarola","tag-eduardo-marquez","tag-horacio-buscaglia","tag-hugo-fattoruso","tag-maria-de-fatima","tag-osvaldo-fattoruso","tag-pippo-spera","tag-susana-bosch"],"yoast_head":"<!-- This site is optimized with the Yoast SEO plugin v27.5 - https:\/\/yoast.com\/product\/yoast-seo-wordpress\/ -->\n<title>Barcarola - Que Te Voy a Decir - Cooltivarte Portal<\/title>\n<meta name=\"description\" content=\"El grupo BARCAROLA (y el \u00fanico disco editado s\u00ed, en Uruguay, con id\u00e9ntico t\u00edtulo) ser\u00eda conformado por: Mar\u00eda de F\u00e1tima y Susana Bosch (voces), Pippo Spera (guitarra y voz), Eduardo M\u00e1rquez (bajo), m\u00e1s Hugo Fattoruso y Osvaldo Fattoruso (teclados, coros, y bater\u00eda, respectivamente). El disco ser\u00eda editado por SONDOR en 1981.\" \/>\n<meta name=\"robots\" content=\"index, follow, max-snippet:-1, max-image-preview:large, max-video-preview:-1\" \/>\n<link rel=\"canonical\" href=\"https:\/\/cooltivarte.com\/portal\/barcarola-que-te-voy-a-decir\/\" \/>\n<meta property=\"og:locale\" content=\"es_ES\" \/>\n<meta property=\"og:type\" content=\"article\" \/>\n<meta property=\"og:title\" content=\"Barcarola - Que Te Voy a Decir \u201cD\u00f3nde andar\u00e1 Mateo\u2026\u201d por Jorge Alastra\" \/>\n<meta property=\"og:description\" content=\"El grupo BARCAROLA (y el \u00fanico disco editado s\u00ed, en Uruguay, con id\u00e9ntico t\u00edtulo) ser\u00eda conformado por: Mar\u00eda de F\u00e1tima y Susana Bosch (voces), Pippo Spera (guitarra y voz), Eduardo M\u00e1rquez (bajo), m\u00e1s Hugo Fattoruso y Osvaldo Fattoruso (teclados, coros, y bater\u00eda, respectivamente). El disco ser\u00eda editado por SONDOR en 1981.\" \/>\n<meta property=\"og:url\" content=\"https:\/\/cooltivarte.com\/portal\/barcarola-que-te-voy-a-decir\/\" \/>\n<meta property=\"og:site_name\" content=\"Cooltivarte Portal\" \/>\n<meta property=\"article:publisher\" content=\"https:\/\/www.facebook.com\/cooltivartecom\/\" \/>\n<meta property=\"article:author\" content=\"https:\/\/www.facebook.com\/jorge.alastra.1\" \/>\n<meta property=\"article:published_time\" content=\"2022-07-05T00:42:18+00:00\" \/>\n<meta property=\"og:image\" content=\"https:\/\/cooltivarte.com\/portal\/wp-content\/uploads\/2022\/07\/barcarola.jpg\" \/>\n\t<meta property=\"og:image:width\" content=\"721\" \/>\n\t<meta property=\"og:image:height\" content=\"722\" \/>\n\t<meta property=\"og:image:type\" content=\"image\/jpeg\" \/>\n<meta name=\"author\" content=\"Jorge Alastra\" \/>\n<meta name=\"twitter:card\" content=\"summary_large_image\" \/>\n<meta name=\"twitter:title\" content=\"Barcarola - Que Te Voy a Decir \u201cD\u00f3nde andar\u00e1 Mateo\u2026\u201d por Jorge Alastra\" \/>\n<meta name=\"twitter:description\" content=\"El grupo BARCAROLA (y el \u00fanico disco editado s\u00ed, en Uruguay, con id\u00e9ntico t\u00edtulo) ser\u00eda conformado por: Mar\u00eda de F\u00e1tima y Susana Bosch (voces), Pippo Spera (guitarra y voz), Eduardo M\u00e1rquez (bajo), m\u00e1s Hugo Fattoruso y Osvaldo Fattoruso (teclados, coros, y bater\u00eda, respectivamente). El disco ser\u00eda editado por SONDOR en 1981.\" \/>\n<meta name=\"twitter:image\" content=\"https:\/\/cooltivarte.com\/portal\/wp-content\/uploads\/2022\/07\/barcarola.jpg\" \/>\n<meta name=\"twitter:creator\" content=\"@https:\/\/x.com\/obolocultural\" \/>\n<meta name=\"twitter:site\" content=\"@obolocultural\" \/>\n<meta name=\"twitter:label1\" content=\"Escrito por\" \/>\n\t<meta name=\"twitter:data1\" content=\"Jorge Alastra\" \/>\n\t<meta name=\"twitter:label2\" content=\"Tiempo de lectura\" \/>\n\t<meta name=\"twitter:data2\" content=\"1 minuto\" \/>\n<!-- \/ Yoast SEO plugin. -->","yoast_head_json":{"title":"Barcarola - Que Te Voy a Decir - Cooltivarte Portal","description":"El grupo BARCAROLA (y el \u00fanico disco editado s\u00ed, en Uruguay, con id\u00e9ntico t\u00edtulo) ser\u00eda conformado por: Mar\u00eda de F\u00e1tima y Susana Bosch (voces), Pippo Spera (guitarra y voz), Eduardo M\u00e1rquez (bajo), m\u00e1s Hugo Fattoruso y Osvaldo Fattoruso (teclados, coros, y bater\u00eda, respectivamente). El disco ser\u00eda editado por SONDOR en 1981.","robots":{"index":"index","follow":"follow","max-snippet":"max-snippet:-1","max-image-preview":"max-image-preview:large","max-video-preview":"max-video-preview:-1"},"canonical":"https:\/\/cooltivarte.com\/portal\/barcarola-que-te-voy-a-decir\/","og_locale":"es_ES","og_type":"article","og_title":"Barcarola - Que Te Voy a Decir \u201cD\u00f3nde andar\u00e1 Mateo\u2026\u201d por Jorge Alastra","og_description":"El grupo BARCAROLA (y el \u00fanico disco editado s\u00ed, en Uruguay, con id\u00e9ntico t\u00edtulo) ser\u00eda conformado por: Mar\u00eda de F\u00e1tima y Susana Bosch (voces), Pippo Spera (guitarra y voz), Eduardo M\u00e1rquez (bajo), m\u00e1s Hugo Fattoruso y Osvaldo Fattoruso (teclados, coros, y bater\u00eda, respectivamente). El disco ser\u00eda editado por SONDOR en 1981.","og_url":"https:\/\/cooltivarte.com\/portal\/barcarola-que-te-voy-a-decir\/","og_site_name":"Cooltivarte Portal","article_publisher":"https:\/\/www.facebook.com\/cooltivartecom\/","article_author":"https:\/\/www.facebook.com\/jorge.alastra.1","article_published_time":"2022-07-05T00:42:18+00:00","og_image":[{"width":721,"height":722,"url":"https:\/\/cooltivarte.com\/portal\/wp-content\/uploads\/2022\/07\/barcarola.jpg","type":"image\/jpeg"}],"author":"Jorge Alastra","twitter_card":"summary_large_image","twitter_title":"Barcarola - Que Te Voy a Decir \u201cD\u00f3nde andar\u00e1 Mateo\u2026\u201d por Jorge Alastra","twitter_description":"El grupo BARCAROLA (y el \u00fanico disco editado s\u00ed, en Uruguay, con id\u00e9ntico t\u00edtulo) ser\u00eda conformado por: Mar\u00eda de F\u00e1tima y Susana Bosch (voces), Pippo Spera (guitarra y voz), Eduardo M\u00e1rquez (bajo), m\u00e1s Hugo Fattoruso y Osvaldo Fattoruso (teclados, coros, y bater\u00eda, respectivamente). El disco ser\u00eda editado por SONDOR en 1981.","twitter_image":"https:\/\/cooltivarte.com\/portal\/wp-content\/uploads\/2022\/07\/barcarola.jpg","twitter_creator":"@https:\/\/x.com\/obolocultural","twitter_site":"@obolocultural","twitter_misc":{"Escrito por":"Jorge Alastra","Tiempo de lectura":"1 minuto"},"schema":{"@context":"https:\/\/schema.org","@graph":[{"@type":"NewsArticle","@id":"https:\/\/cooltivarte.com\/portal\/barcarola-que-te-voy-a-decir\/#article","isPartOf":{"@id":"https:\/\/cooltivarte.com\/portal\/barcarola-que-te-voy-a-decir\/"},"author":{"name":"Jorge Alastra","@id":"https:\/\/cooltivarte.com\/portal\/#\/schema\/person\/c26490951a2ec3bd62aa3389052a597e"},"headline":"Barcarola &#8211; Que Te Voy a Decir","datePublished":"2022-07-05T00:42:18+00:00","mainEntityOfPage":{"@id":"https:\/\/cooltivarte.com\/portal\/barcarola-que-te-voy-a-decir\/"},"wordCount":193,"publisher":{"@id":"https:\/\/cooltivarte.com\/portal\/#organization"},"image":{"@id":"https:\/\/cooltivarte.com\/portal\/barcarola-que-te-voy-a-decir\/#primaryimage"},"thumbnailUrl":"https:\/\/cooltivarte.com\/portal\/wp-content\/uploads\/2022\/07\/barcarola.jpg","keywords":["BARCAROLA","Eduardo M\u00e1rquez","Horacio Buscaglia","Hugo Fattoruso","Maria de F\u00e1tima","Osvaldo Fattoruso","Pippo Spera","Susana Bosch"],"articleSection":["Tesoros de la isla"],"inLanguage":"es-AR"},{"@type":"WebPage","@id":"https:\/\/cooltivarte.com\/portal\/barcarola-que-te-voy-a-decir\/","url":"https:\/\/cooltivarte.com\/portal\/barcarola-que-te-voy-a-decir\/","name":"Barcarola - Que Te Voy a Decir - Cooltivarte Portal","isPartOf":{"@id":"https:\/\/cooltivarte.com\/portal\/#website"},"primaryImageOfPage":{"@id":"https:\/\/cooltivarte.com\/portal\/barcarola-que-te-voy-a-decir\/#primaryimage"},"image":{"@id":"https:\/\/cooltivarte.com\/portal\/barcarola-que-te-voy-a-decir\/#primaryimage"},"thumbnailUrl":"https:\/\/cooltivarte.com\/portal\/wp-content\/uploads\/2022\/07\/barcarola.jpg","datePublished":"2022-07-05T00:42:18+00:00","description":"El grupo BARCAROLA (y el \u00fanico disco editado s\u00ed, en Uruguay, con id\u00e9ntico t\u00edtulo) ser\u00eda conformado por: Mar\u00eda de F\u00e1tima y Susana Bosch (voces), Pippo Spera (guitarra y voz), Eduardo M\u00e1rquez (bajo), m\u00e1s Hugo Fattoruso y Osvaldo Fattoruso (teclados, coros, y bater\u00eda, respectivamente). El disco ser\u00eda editado por SONDOR en 1981.","breadcrumb":{"@id":"https:\/\/cooltivarte.com\/portal\/barcarola-que-te-voy-a-decir\/#breadcrumb"},"inLanguage":"es-AR","potentialAction":[{"@type":"ReadAction","target":["https:\/\/cooltivarte.com\/portal\/barcarola-que-te-voy-a-decir\/"]}]},{"@type":"ImageObject","inLanguage":"es-AR","@id":"https:\/\/cooltivarte.com\/portal\/barcarola-que-te-voy-a-decir\/#primaryimage","url":"https:\/\/cooltivarte.com\/portal\/wp-content\/uploads\/2022\/07\/barcarola.jpg","contentUrl":"https:\/\/cooltivarte.com\/portal\/wp-content\/uploads\/2022\/07\/barcarola.jpg","width":721,"height":722,"caption":"barcarola"},{"@type":"BreadcrumbList","@id":"https:\/\/cooltivarte.com\/portal\/barcarola-que-te-voy-a-decir\/#breadcrumb","itemListElement":[{"@type":"ListItem","position":1,"name":"Portada","item":"https:\/\/cooltivarte.com\/portal\/"},{"@type":"ListItem","position":2,"name":"Barcarola &#8211; Que Te Voy a Decir"}]},{"@type":"WebSite","@id":"https:\/\/cooltivarte.com\/portal\/#website","url":"https:\/\/cooltivarte.com\/portal\/","name":"Cooltivarte Portal","description":"Arte, cultura y turismo para el mundo ...","publisher":{"@id":"https:\/\/cooltivarte.com\/portal\/#organization"},"potentialAction":[{"@type":"SearchAction","target":{"@type":"EntryPoint","urlTemplate":"https:\/\/cooltivarte.com\/portal\/?s={search_term_string}"},"query-input":{"@type":"PropertyValueSpecification","valueRequired":true,"valueName":"search_term_string"}}],"inLanguage":"es-AR"},{"@type":"Organization","@id":"https:\/\/cooltivarte.com\/portal\/#organization","name":"cooltivarte","url":"https:\/\/cooltivarte.com\/portal\/","logo":{"@type":"ImageObject","inLanguage":"es-AR","@id":"https:\/\/cooltivarte.com\/portal\/#\/schema\/logo\/image\/","url":"https:\/\/cooltivarte.com\/portal\/wp-content\/uploads\/2020\/04\/logo-cooltivarte-v2.png","contentUrl":"https:\/\/cooltivarte.com\/portal\/wp-content\/uploads\/2020\/04\/logo-cooltivarte-v2.png","width":851,"height":243,"caption":"cooltivarte"},"image":{"@id":"https:\/\/cooltivarte.com\/portal\/#\/schema\/logo\/image\/"},"sameAs":["https:\/\/www.facebook.com\/cooltivartecom\/","https:\/\/x.com\/obolocultural","https:\/\/www.instagram.com\/_cooltivarte_\/","https:\/\/www.linkedin.com\/company\/-bolocultural?reportsuccess=8zaNG1HwhPbAR9iQhZ5rfGeqz_vQFftHun0ZWU0Wy9vNemRJ8vtcKdJvzQfW8XagyOJSKg0XvfJ1dp","https:\/\/www.pinterest.com\/cooltivarte\/","https:\/\/cooltivarte.tumblr.com\/","https:\/\/www.tiktok.com\/@cooltivarte","https:\/\/www.youtube.com\/@PrensaCooltivarte"]},{"@type":"Person","@id":"https:\/\/cooltivarte.com\/portal\/#\/schema\/person\/c26490951a2ec3bd62aa3389052a597e","name":"Jorge Alastra","image":{"@type":"ImageObject","inLanguage":"es-AR","@id":"https:\/\/cooltivarte.com\/portal\/wp-content\/uploads\/2022\/02\/Jorge-Alastra-120x120.jpg","url":"https:\/\/cooltivarte.com\/portal\/wp-content\/uploads\/2022\/02\/Jorge-Alastra-120x120.jpg","contentUrl":"https:\/\/cooltivarte.com\/portal\/wp-content\/uploads\/2022\/02\/Jorge-Alastra-120x120.jpg","caption":"Jorge Alastra"},"description":"Jorge Alastra (1963) Compositor, arreglador, guitarrista y productor musical. Ha editado cuatro trabajos como solista con el sello PERRO ANDALUZ- \"Parte\" (2007), \"Puente A\u00e9reo\" (2009), \"Tres\" (2012) y \"Azar\" (2016) Fue fundador, guitarrista, arreglador y productor del Malajunta tango tr\u00edo. Ha obtenido varias distinciones por su actividad como compositor y\/o productor: Premio Graffiti 2008 por la producci\u00f3n de \"Una de Cabrera\", Premio Graffiti 2013 a mejor disco de Tango con Malajunta, 2013 nominado a mejor \u00e1lbum solista masculino por \"Tres\" por dicho premio. En 2014 obtuvo el primer premio por \"Hacia el Ayu\u00ed\", canci\u00f3n sobre el artiguismo, otorgado por la Comisi\u00f3n para el Bicentenario. Ha dado talleres de m\u00fasica y actualmente es docente de guitarra y composici\u00f3n de forma independiente.","sameAs":["https:\/\/open.spotify.com\/artist\/7C8leWt6Dtb8xluUkFLlf0?autoplay=true","https:\/\/www.facebook.com\/jorge.alastra.1","https:\/\/www.instagram.com\/jorge1963.azar\/","https:\/\/www.linkedin.com\/company\/-bolocultural","https:\/\/www.pinterest.com\/cooltivarte","https:\/\/x.com\/https:\/\/x.com\/obolocultural","https:\/\/www.youtube.com\/channel\/UCe9J-45HRsQXnnrIf1XoLUQ","https:\/\/soundcloud.com\/jorgealastra-music","https:\/\/www.tumblr.com\/blog\/cooltivarte"],"url":"https:\/\/cooltivarte.com\/portal\/author\/jorge-alastra\/"}]}},"_links":{"self":[{"href":"https:\/\/cooltivarte.com\/portal\/wp-json\/wp\/v2\/posts\/82635","targetHints":{"allow":["GET"]}}],"collection":[{"href":"https:\/\/cooltivarte.com\/portal\/wp-json\/wp\/v2\/posts"}],"about":[{"href":"https:\/\/cooltivarte.com\/portal\/wp-json\/wp\/v2\/types\/post"}],"author":[{"embeddable":true,"href":"https:\/\/cooltivarte.com\/portal\/wp-json\/wp\/v2\/users\/185"}],"replies":[{"embeddable":true,"href":"https:\/\/cooltivarte.com\/portal\/wp-json\/wp\/v2\/comments?post=82635"}],"version-history":[{"count":1,"href":"https:\/\/cooltivarte.com\/portal\/wp-json\/wp\/v2\/posts\/82635\/revisions"}],"predecessor-version":[{"id":82637,"href":"https:\/\/cooltivarte.com\/portal\/wp-json\/wp\/v2\/posts\/82635\/revisions\/82637"}],"wp:featuredmedia":[{"embeddable":true,"href":"https:\/\/cooltivarte.com\/portal\/wp-json\/wp\/v2\/media\/82636"}],"wp:attachment":[{"href":"https:\/\/cooltivarte.com\/portal\/wp-json\/wp\/v2\/media?parent=82635"}],"wp:term":[{"taxonomy":"category","embeddable":true,"href":"https:\/\/cooltivarte.com\/portal\/wp-json\/wp\/v2\/categories?post=82635"},{"taxonomy":"post_tag","embeddable":true,"href":"https:\/\/cooltivarte.com\/portal\/wp-json\/wp\/v2\/tags?post=82635"}],"curies":[{"name":"wp","href":"https:\/\/api.w.org\/{rel}","templated":true}]}}