{"id":82619,"date":"2022-06-29T14:15:04","date_gmt":"2022-06-29T17:15:04","guid":{"rendered":"https:\/\/cooltivarte.com\/portal\/?p=82619"},"modified":"2022-07-02T14:20:03","modified_gmt":"2022-07-02T17:20:03","slug":"museo-horta","status":"publish","type":"post","link":"https:\/\/cooltivarte.com\/portal\/museo-horta\/","title":{"rendered":"MUSEO HORTA"},"content":{"rendered":"<figure id=\"attachment_82620\" aria-describedby=\"caption-attachment-82620\" style=\"width: 626px\" class=\"wp-caption aligncenter\"><img fetchpriority=\"high\" decoding=\"async\" class=\"wp-image-82620 size-full\" title=\"Visitando Museos MUSEO HORTA por Daniel Benoit Cassou\" src=\"https:\/\/cooltivarte.com\/portal\/wp-content\/uploads\/2022\/07\/MUSEO-HORTA.jpg\" alt=\"Visitando Museos MUSEO HORTA por Daniel Benoit Cassou\" width=\"626\" height=\"761\" srcset=\"https:\/\/cooltivarte.com\/portal\/wp-content\/uploads\/2022\/07\/MUSEO-HORTA.jpg 626w, https:\/\/cooltivarte.com\/portal\/wp-content\/uploads\/2022\/07\/MUSEO-HORTA-247x300.jpg 247w\" sizes=\"(max-width: 626px) 100vw, 626px\" \/><figcaption id=\"caption-attachment-82620\" class=\"wp-caption-text\">Visitando Museos MUSEO HORTA por Daniel Benoit Cassou<\/figcaption><\/figure>\n<p>&nbsp;<\/p>\n<p>La que fuera la vivienda de<strong> Emile Tassel<\/strong>, fue dise\u00f1ada por el arquitecto belga <strong>V\u00edctor Horta<\/strong>.<br \/>\nToda la casa es una manifestaci\u00f3n de arte en su m\u00e1xima expresi\u00f3n.<br \/>\nSe trata de una gran obra de arte habitable, que emana estilo Art Nouveau en cada detalle.<br \/>\nTassel debi\u00f3 de estar muy seguro y comprometido con esa corriente para poder vivir bajo esa \u00fanica forma de arte.<br \/>\nEl Art Nouveau daba cuenta de la creciente y pujante clase burguesa, en una etapa de esplendor de B\u00e9lgica.<br \/>\n<strong>V\u00edctor Horta<\/strong> naci\u00f3 en la ciudad de Gante en 1861 y falleci\u00f3 en 1947 en Bruselas.<br \/>\nFue el impulsor del movimiento modernista en su pa\u00eds.<br \/>\nSe form\u00f3 en Francia en la Academia de Bellas Artes y luego se traslad\u00f3 a B\u00e9lgica, donde termin\u00f3 sus estudios.<br \/>\nSe convirti\u00f3 en uno de los pioneros y principales representantes del modernismo arquitect\u00f3nico en B\u00e9lgica.<br \/>\nLa Casa Tassel devenida en museo, permite muy pocas visitas diarias y siempre est\u00e1 todo reservado con mucha antelaci\u00f3n.<br \/>\nNo se permiten tomar fotos en su interior, por lo que estoy usando algunas de internet.<br \/>\nLa Casa Tassel es la primera construcci\u00f3n globalizada del continente europeo siendo una de las obras m\u00e1s completas de la historia del arte.<br \/>\nFue construida entre 1892 y 1893 por V\u00edctor Horta y se convirti\u00f3 en una de las primeras y mejores manifestaciones del estilo modernista.<br \/>\nEn virtud del espacio reducido de su padr\u00f3n (7,79 m de ancho y 29 m de profundidad), Horta se las debi\u00f3 de ingeniar para lograr componer la vivienda en forma completa.<br \/>\nEso lo llev\u00f3 a dividir la vivienda en tres niveles diferentes recurriendo al uso de varias escaleras.<br \/>\nEl arquitecto se preocup\u00f3 hasta el m\u00e1s m\u00ednimo detalle de la construcci\u00f3n y decoraci\u00f3n de la casa, de hecho \u00e9l mismo fue quien dise\u00f1\u00f3 el mobiliario.<br \/>\nLa fachada tambi\u00e9n es modernista, donde destacan las ventanas bow-window en l\u00edneas curvas.<br \/>\nOtro recurso art\u00edstico m\u00e1s que funcional es el empleo del<br \/>\nhierro que llama la atenci\u00f3n al espectador desde la calle.<br \/>\nEl Art Nouveau, llamado de diferentes maneras dependido del pa\u00eds, es un movimiento integrador que afect\u00f3 no s\u00f3lo a la arquitectura sino tambi\u00e9n al dise\u00f1o, el mobiliario, tambi\u00e9n muy presente en el<br \/>\ndise\u00f1o de joyas.<br \/>\nLa Casa Tassel es la imagen de lo que fuera una \u00e9poca de esplendor como lo fue, reflejo de un pa\u00eds en pleno progreso econ\u00f3mico de la burgues\u00eda, sus fuertes tradiciones artesanales y la amplia industrializaci\u00f3n desarrollada en aquella \u00e9poca.<br \/>\nEn el 2000 fue declarada Patrimonio de la Humanidad por la UNESCO.<\/p>\n<p>&nbsp;<br \/>\n<iframe style=\"border: none; overflow: hidden;\" src=\"https:\/\/www.facebook.com\/plugins\/post.php?href=https%3A%2F%2Fwww.facebook.com%2Fphoto.php%3Ffbid%3D10160154575539461%26set%3Da.10152431790309461%26type%3D3&amp;show_text=true&amp;width=500\" width=\"500\" height=\"498\" frameborder=\"0\" scrolling=\"no\" allowfullscreen=\"allowfullscreen\"><\/iframe><br \/>\n&nbsp;<\/p>\n","protected":false},"excerpt":{"rendered":"<p>&nbsp; La que fuera la vivienda de Emile Tassel, fue dise\u00f1ada por el arquitecto belga V\u00edctor Horta. Toda la casa es una manifestaci\u00f3n de arte en su m\u00e1xima expresi\u00f3n. Se trata de una gran obra de arte habitable, que emana estilo Art Nouveau en cada detalle. Tassel debi\u00f3 de estar muy seguro y comprometido con [&hellip;]<\/p>\n","protected":false},"author":14,"featured_media":82620,"comment_status":"closed","ping_status":"closed","sticky":false,"template":"","format":"standard","meta":{"om_disable_all_campaigns":false,"ngg_post_thumbnail":0,"jnews-multi-image_gallery":[],"jnews_single_post":{"subtitle":"Visitando Museos","format":"standard","video":"","gallery":"","source_name":"","source_url":"","via_name":"","via_url":"","override_template":"0","override":[{"template":"1","single_blog_custom":"","parallax":"1","fullscreen":"1","layout":"right-sidebar","sidebar":"default-sidebar","second_sidebar":"default-sidebar","sticky_sidebar":"1","share_position":"top","share_float_style":"share-monocrhome","show_share_counter":"1","show_view_counter":"1","show_featured":"1","show_post_meta":"1","show_post_author":"1","show_post_author_image":"1","show_post_date":"1","post_date_format":"default","post_date_format_custom":"Y\/m\/d","show_post_category":"1","show_post_reading_time":"0","post_reading_time_wpm":"300","show_zoom_button":"0","zoom_button_out_step":"2","zoom_button_in_step":"3","show_post_tag":"1","show_prev_next_post":"1","show_popup_post":"1","number_popup_post":"1","show_author_box":"0","show_post_related":"0","show_inline_post_related":"0"}],"override_image_size":"0","image_override":[{"single_post_thumbnail_size":"crop-500","single_post_gallery_size":"crop-500"}],"trending_post":"0","trending_post_position":"meta","trending_post_label":"Trending","sponsored_post":"0","sponsored_post_label":"Sponsored by","sponsored_post_name":"","sponsored_post_url":"","sponsored_post_logo_enable":"0","sponsored_post_logo":"","sponsored_post_desc":""},"jnews_primary_category":{"id":""},"jnews_social_meta":{"fb_title":"","fb_description":"","fb_image":"","twitter_title":"","twitter_description":"","twitter_image":""},"jnews_override_counter":{"override_view_counter":"0","view_counter_number":"0","override_share_counter":"0","share_counter_number":"0","override_like_counter":"0","like_counter_number":"0","override_dislike_counter":"0","dislike_counter_number":"0"},"footnotes":""},"categories":[6797],"tags":[4493,17130,17128,17131,17129],"class_list":["post-82619","post","type-post","status-publish","format-standard","has-post-thumbnail","hentry","category-museos","tag-art-nouveau","tag-casa-tassel","tag-emile-tassel","tag-maison-tassel","tag-victor-horta"],"yoast_head":"<!-- This site is optimized with the Yoast SEO plugin v27.5 - https:\/\/yoast.com\/product\/yoast-seo-wordpress\/ -->\n<title>MUSEO HORTA - Cooltivarte Portal<\/title>\n<meta name=\"description\" content=\"La que fuera la vivienda de Emile Tassel, fue dise\u00f1ada por el arquitecto belga V\u00edctor Horta. Toda la casa es una manifestaci\u00f3n de arte en su m\u00e1xima expresi\u00f3n. Se trata de una gran obra de arte habitable, que emana estilo Art Nouveau en cada detalle.\" \/>\n<meta name=\"robots\" content=\"index, follow, max-snippet:-1, max-image-preview:large, max-video-preview:-1\" \/>\n<link rel=\"canonical\" href=\"https:\/\/cooltivarte.com\/portal\/museo-horta\/\" \/>\n<meta property=\"og:locale\" content=\"es_ES\" \/>\n<meta property=\"og:type\" content=\"article\" \/>\n<meta property=\"og:title\" content=\"Visitando Museos MUSEO HORTA por Daniel Benoit Cassou\" \/>\n<meta property=\"og:description\" content=\"La que fuera la vivienda de Emile Tassel, fue dise\u00f1ada por el arquitecto belga V\u00edctor Horta. Toda la casa es una manifestaci\u00f3n de arte en su m\u00e1xima expresi\u00f3n. Se trata de una gran obra de arte habitable, que emana estilo Art Nouveau en cada detalle.\" \/>\n<meta property=\"og:url\" content=\"https:\/\/cooltivarte.com\/portal\/museo-horta\/\" \/>\n<meta property=\"og:site_name\" content=\"Cooltivarte Portal\" \/>\n<meta property=\"article:publisher\" content=\"https:\/\/www.facebook.com\/cooltivartecom\/\" \/>\n<meta property=\"article:author\" content=\"https:\/\/www.facebook.com\/daniel.benoit.3557?fref=ts\" \/>\n<meta property=\"article:published_time\" content=\"2022-06-29T17:15:04+00:00\" \/>\n<meta property=\"article:modified_time\" content=\"2022-07-02T17:20:03+00:00\" \/>\n<meta property=\"og:image\" content=\"https:\/\/cooltivarte.com\/portal\/wp-content\/uploads\/2022\/07\/MUSEO-HORTA.jpg\" \/>\n\t<meta property=\"og:image:width\" content=\"626\" \/>\n\t<meta property=\"og:image:height\" content=\"761\" \/>\n\t<meta property=\"og:image:type\" content=\"image\/jpeg\" \/>\n<meta name=\"author\" content=\"Daniel Benoit Cassou\" \/>\n<meta name=\"twitter:card\" content=\"summary_large_image\" \/>\n<meta name=\"twitter:title\" content=\"Visitando Museos MUSEO HORTA por Daniel Benoit Cassou\" \/>\n<meta name=\"twitter:description\" content=\"La que fuera la vivienda de Emile Tassel, fue dise\u00f1ada por el arquitecto belga V\u00edctor Horta. Toda la casa es una manifestaci\u00f3n de arte en su m\u00e1xima expresi\u00f3n. Se trata de una gran obra de arte habitable, que emana estilo Art Nouveau en cada detalle.\" \/>\n<meta name=\"twitter:image\" content=\"https:\/\/cooltivarte.com\/portal\/wp-content\/uploads\/2022\/07\/MUSEO-HORTA.jpg\" \/>\n<meta name=\"twitter:creator\" content=\"@https:\/\/x.com\/obolocultural\" \/>\n<meta name=\"twitter:site\" content=\"@obolocultural\" \/>\n<meta name=\"twitter:label1\" content=\"Escrito por\" \/>\n\t<meta name=\"twitter:data1\" content=\"Daniel Benoit Cassou\" \/>\n\t<meta name=\"twitter:label2\" content=\"Tiempo de lectura\" \/>\n\t<meta name=\"twitter:data2\" content=\"3 minutos\" \/>\n<!-- \/ Yoast SEO plugin. -->","yoast_head_json":{"title":"MUSEO HORTA - Cooltivarte Portal","description":"La que fuera la vivienda de Emile Tassel, fue dise\u00f1ada por el arquitecto belga V\u00edctor Horta. Toda la casa es una manifestaci\u00f3n de arte en su m\u00e1xima expresi\u00f3n. Se trata de una gran obra de arte habitable, que emana estilo Art Nouveau en cada detalle.","robots":{"index":"index","follow":"follow","max-snippet":"max-snippet:-1","max-image-preview":"max-image-preview:large","max-video-preview":"max-video-preview:-1"},"canonical":"https:\/\/cooltivarte.com\/portal\/museo-horta\/","og_locale":"es_ES","og_type":"article","og_title":"Visitando Museos MUSEO HORTA por Daniel Benoit Cassou","og_description":"La que fuera la vivienda de Emile Tassel, fue dise\u00f1ada por el arquitecto belga V\u00edctor Horta. Toda la casa es una manifestaci\u00f3n de arte en su m\u00e1xima expresi\u00f3n. Se trata de una gran obra de arte habitable, que emana estilo Art Nouveau en cada detalle.","og_url":"https:\/\/cooltivarte.com\/portal\/museo-horta\/","og_site_name":"Cooltivarte Portal","article_publisher":"https:\/\/www.facebook.com\/cooltivartecom\/","article_author":"https:\/\/www.facebook.com\/daniel.benoit.3557?fref=ts","article_published_time":"2022-06-29T17:15:04+00:00","article_modified_time":"2022-07-02T17:20:03+00:00","og_image":[{"width":626,"height":761,"url":"https:\/\/cooltivarte.com\/portal\/wp-content\/uploads\/2022\/07\/MUSEO-HORTA.jpg","type":"image\/jpeg"}],"author":"Daniel Benoit Cassou","twitter_card":"summary_large_image","twitter_title":"Visitando Museos MUSEO HORTA por Daniel Benoit Cassou","twitter_description":"La que fuera la vivienda de Emile Tassel, fue dise\u00f1ada por el arquitecto belga V\u00edctor Horta. Toda la casa es una manifestaci\u00f3n de arte en su m\u00e1xima expresi\u00f3n. Se trata de una gran obra de arte habitable, que emana estilo Art Nouveau en cada detalle.","twitter_image":"https:\/\/cooltivarte.com\/portal\/wp-content\/uploads\/2022\/07\/MUSEO-HORTA.jpg","twitter_creator":"@https:\/\/x.com\/obolocultural","twitter_site":"@obolocultural","twitter_misc":{"Escrito por":"Daniel Benoit Cassou","Tiempo de lectura":"3 minutos"},"schema":{"@context":"https:\/\/schema.org","@graph":[{"@type":"NewsArticle","@id":"https:\/\/cooltivarte.com\/portal\/museo-horta\/#article","isPartOf":{"@id":"https:\/\/cooltivarte.com\/portal\/museo-horta\/"},"author":{"name":"Daniel Benoit Cassou","@id":"https:\/\/cooltivarte.com\/portal\/#\/schema\/person\/175e2af38af164206375abd19e491b3f"},"headline":"MUSEO HORTA","datePublished":"2022-06-29T17:15:04+00:00","dateModified":"2022-07-02T17:20:03+00:00","mainEntityOfPage":{"@id":"https:\/\/cooltivarte.com\/portal\/museo-horta\/"},"wordCount":467,"publisher":{"@id":"https:\/\/cooltivarte.com\/portal\/#organization"},"image":{"@id":"https:\/\/cooltivarte.com\/portal\/museo-horta\/#primaryimage"},"thumbnailUrl":"https:\/\/cooltivarte.com\/portal\/wp-content\/uploads\/2022\/07\/MUSEO-HORTA.jpg","keywords":["Art Nouveau","Casa Tassel","Emile Tassel","Maison Tassel","V\u00edctor Horta"],"articleSection":["Museos que Cooltivan"],"inLanguage":"es-AR"},{"@type":"WebPage","@id":"https:\/\/cooltivarte.com\/portal\/museo-horta\/","url":"https:\/\/cooltivarte.com\/portal\/museo-horta\/","name":"MUSEO HORTA - Cooltivarte Portal","isPartOf":{"@id":"https:\/\/cooltivarte.com\/portal\/#website"},"primaryImageOfPage":{"@id":"https:\/\/cooltivarte.com\/portal\/museo-horta\/#primaryimage"},"image":{"@id":"https:\/\/cooltivarte.com\/portal\/museo-horta\/#primaryimage"},"thumbnailUrl":"https:\/\/cooltivarte.com\/portal\/wp-content\/uploads\/2022\/07\/MUSEO-HORTA.jpg","datePublished":"2022-06-29T17:15:04+00:00","dateModified":"2022-07-02T17:20:03+00:00","description":"La que fuera la vivienda de Emile Tassel, fue dise\u00f1ada por el arquitecto belga V\u00edctor Horta. Toda la casa es una manifestaci\u00f3n de arte en su m\u00e1xima expresi\u00f3n. Se trata de una gran obra de arte habitable, que emana estilo Art Nouveau en cada detalle.","breadcrumb":{"@id":"https:\/\/cooltivarte.com\/portal\/museo-horta\/#breadcrumb"},"inLanguage":"es-AR","potentialAction":[{"@type":"ReadAction","target":["https:\/\/cooltivarte.com\/portal\/museo-horta\/"]}]},{"@type":"ImageObject","inLanguage":"es-AR","@id":"https:\/\/cooltivarte.com\/portal\/museo-horta\/#primaryimage","url":"https:\/\/cooltivarte.com\/portal\/wp-content\/uploads\/2022\/07\/MUSEO-HORTA.jpg","contentUrl":"https:\/\/cooltivarte.com\/portal\/wp-content\/uploads\/2022\/07\/MUSEO-HORTA.jpg","width":626,"height":761,"caption":"Visitando Museos MUSEO HORTA por Daniel Benoit Cassou"},{"@type":"BreadcrumbList","@id":"https:\/\/cooltivarte.com\/portal\/museo-horta\/#breadcrumb","itemListElement":[{"@type":"ListItem","position":1,"name":"Portada","item":"https:\/\/cooltivarte.com\/portal\/"},{"@type":"ListItem","position":2,"name":"MUSEO HORTA"}]},{"@type":"WebSite","@id":"https:\/\/cooltivarte.com\/portal\/#website","url":"https:\/\/cooltivarte.com\/portal\/","name":"Cooltivarte Portal","description":"Arte, cultura y turismo para el mundo ...","publisher":{"@id":"https:\/\/cooltivarte.com\/portal\/#organization"},"potentialAction":[{"@type":"SearchAction","target":{"@type":"EntryPoint","urlTemplate":"https:\/\/cooltivarte.com\/portal\/?s={search_term_string}"},"query-input":{"@type":"PropertyValueSpecification","valueRequired":true,"valueName":"search_term_string"}}],"inLanguage":"es-AR"},{"@type":"Organization","@id":"https:\/\/cooltivarte.com\/portal\/#organization","name":"cooltivarte","url":"https:\/\/cooltivarte.com\/portal\/","logo":{"@type":"ImageObject","inLanguage":"es-AR","@id":"https:\/\/cooltivarte.com\/portal\/#\/schema\/logo\/image\/","url":"https:\/\/cooltivarte.com\/portal\/wp-content\/uploads\/2020\/04\/logo-cooltivarte-v2.png","contentUrl":"https:\/\/cooltivarte.com\/portal\/wp-content\/uploads\/2020\/04\/logo-cooltivarte-v2.png","width":851,"height":243,"caption":"cooltivarte"},"image":{"@id":"https:\/\/cooltivarte.com\/portal\/#\/schema\/logo\/image\/"},"sameAs":["https:\/\/www.facebook.com\/cooltivartecom\/","https:\/\/x.com\/obolocultural","https:\/\/www.instagram.com\/_cooltivarte_\/","https:\/\/www.linkedin.com\/company\/-bolocultural?reportsuccess=8zaNG1HwhPbAR9iQhZ5rfGeqz_vQFftHun0ZWU0Wy9vNemRJ8vtcKdJvzQfW8XagyOJSKg0XvfJ1dp","https:\/\/www.pinterest.com\/cooltivarte\/","https:\/\/cooltivarte.tumblr.com\/","https:\/\/www.tiktok.com\/@cooltivarte","https:\/\/www.youtube.com\/@PrensaCooltivarte"]},{"@type":"Person","@id":"https:\/\/cooltivarte.com\/portal\/#\/schema\/person\/175e2af38af164206375abd19e491b3f","name":"Daniel Benoit Cassou","image":{"@type":"ImageObject","inLanguage":"es-AR","@id":"https:\/\/cooltivarte.com\/portal\/wp-content\/uploads\/2022\/11\/daniel-benoit-120x120.jpg","url":"https:\/\/cooltivarte.com\/portal\/wp-content\/uploads\/2022\/11\/daniel-benoit-120x120.jpg","contentUrl":"https:\/\/cooltivarte.com\/portal\/wp-content\/uploads\/2022\/11\/daniel-benoit-120x120.jpg","caption":"Daniel Benoit Cassou"},"description":"Daniel Benoit - (Uruguay, 1961), es contador p\u00fablico de profesi\u00f3n. Hizo su formaci\u00f3n art\u00edstica en los talleres de Hugo Longa, Clever Lara y Lacy Duarte; escultura con Jos\u00e9 Pelayo y fotograf\u00eda con Enrique Abal, Oscar Bonilla y Roberto Schettini. Realiz\u00f3 cursos de formaci\u00f3n te\u00f3rica con Nelson Di Maggio, Alfredo Torres, Nelson Bali\u00f1o y Emma Sanguinetti, entre otros. Ha participado en muestras de fotografias, colectivas asi como individuales: 2007 \u2013 Facultad de Ciencias Econ\u00f3micas; Centro Cultural Lapido; Club de Golf; Fotogramas - Montevideo 2009 \u2013 Galer\u00eda de arte La Pasionaria \u2013 Club de Golf - Montevideo 2010 \u2013 A la Follie; Trattoria La Commedia; Club de Golf \u2013 Montevideo 2011 \u2013 Museo del Azulejo; Fotograma; Club de Golf \u2013 Montevideo; Bienal X \u2013 Salto 2012 \u2013 Espacio Innova \u2013 Punta del Este Es asiduo asistente a las principales bienales de arte: Venecia, Lyon, San Pablo, Cuba, Porto Alegre, Lima, as\u00ed como ferias de Basilea, Paris, Buenos Aires, entre otras. Es coleccionista de arte nacional, asesor de arte contempor\u00e1neo, escribe en sus blogs y es columnista de la revista de arte nacional \u201cCooltivarte\u201d desde el 2012, asi como de la revista \u201cArte\u201d del periodico \u201cEl Pais\u201d. Blog","sameAs":["https:\/\/danielbenoit.art\/","https:\/\/www.facebook.com\/daniel.benoit.3557?fref=ts","https:\/\/www.instagram.com\/danielbenoitcassou\/","https:\/\/www.linkedin.com\/in\/daniel-benoit-87890a39\/","https:\/\/www.pinterest.com\/cooltivarte","https:\/\/x.com\/https:\/\/x.com\/obolocultural","https:\/\/www.youtube.com\/@PrensaCooltivarte","https:\/\/www.tumblr.com\/blog\/cooltivarte"],"url":"https:\/\/cooltivarte.com\/portal\/author\/benoit\/"}]}},"_links":{"self":[{"href":"https:\/\/cooltivarte.com\/portal\/wp-json\/wp\/v2\/posts\/82619","targetHints":{"allow":["GET"]}}],"collection":[{"href":"https:\/\/cooltivarte.com\/portal\/wp-json\/wp\/v2\/posts"}],"about":[{"href":"https:\/\/cooltivarte.com\/portal\/wp-json\/wp\/v2\/types\/post"}],"author":[{"embeddable":true,"href":"https:\/\/cooltivarte.com\/portal\/wp-json\/wp\/v2\/users\/14"}],"replies":[{"embeddable":true,"href":"https:\/\/cooltivarte.com\/portal\/wp-json\/wp\/v2\/comments?post=82619"}],"version-history":[{"count":1,"href":"https:\/\/cooltivarte.com\/portal\/wp-json\/wp\/v2\/posts\/82619\/revisions"}],"predecessor-version":[{"id":82621,"href":"https:\/\/cooltivarte.com\/portal\/wp-json\/wp\/v2\/posts\/82619\/revisions\/82621"}],"wp:featuredmedia":[{"embeddable":true,"href":"https:\/\/cooltivarte.com\/portal\/wp-json\/wp\/v2\/media\/82620"}],"wp:attachment":[{"href":"https:\/\/cooltivarte.com\/portal\/wp-json\/wp\/v2\/media?parent=82619"}],"wp:term":[{"taxonomy":"category","embeddable":true,"href":"https:\/\/cooltivarte.com\/portal\/wp-json\/wp\/v2\/categories?post=82619"},{"taxonomy":"post_tag","embeddable":true,"href":"https:\/\/cooltivarte.com\/portal\/wp-json\/wp\/v2\/tags?post=82619"}],"curies":[{"name":"wp","href":"https:\/\/api.w.org\/{rel}","templated":true}]}}