{"id":82555,"date":"2022-06-30T09:58:19","date_gmt":"2022-06-30T12:58:19","guid":{"rendered":"https:\/\/cooltivarte.com\/portal\/?p=82555"},"modified":"2022-06-30T09:58:19","modified_gmt":"2022-06-30T12:58:19","slug":"julio-cobelli-y-hugo-rivas-en-festival-internacional-de-guitarras","status":"publish","type":"post","link":"https:\/\/cooltivarte.com\/portal\/julio-cobelli-y-hugo-rivas-en-festival-internacional-de-guitarras\/","title":{"rendered":"Julio Cobelli y Hugo Rivas en Festival Internacional de Guitarras"},"content":{"rendered":"<p><img fetchpriority=\"high\" decoding=\"async\" class=\"aligncenter wp-image-82556 size-full\" title=\"Julio Cobelli y Hugo Rivas en Sala Zitarrosa Festival Internacional de Guitarras\" src=\"https:\/\/cooltivarte.com\/portal\/wp-content\/uploads\/2022\/06\/Julio-Cobelli-y-Hugo-Rivas.jpg\" alt=\"Julio Cobelli y Hugo Rivas en Sala Zitarrosa Festival Internacional de Guitarras\" width=\"679\" height=\"960\" srcset=\"https:\/\/cooltivarte.com\/portal\/wp-content\/uploads\/2022\/06\/Julio-Cobelli-y-Hugo-Rivas.jpg 679w, https:\/\/cooltivarte.com\/portal\/wp-content\/uploads\/2022\/06\/Julio-Cobelli-y-Hugo-Rivas-212x300.jpg 212w\" sizes=\"(max-width: 679px) 100vw, 679px\" \/><\/p>\n<h3>&nbsp;<\/h3>\n<h3><strong>Julio Cobelli y Hugo Rivas<\/strong><br \/>\n<strong>Tuya y M\u00eda<\/strong><\/h3>\n<h3><strong>6 de julio Sala Zitarrosa<\/strong><br \/>\n<strong>Festival internacional de Guitarras<\/strong><\/h3>\n<p><a href=\"https:\/\/tickantel.com.uy\/inicio\/espectaculo\/40011872\/espectaculo\/Julio%20Cobelli%20y%20Hugo%20Rivas?3\" target=\"_blank\" rel=\"noopener\"><strong>Entradas en venta por Tickantel<\/strong><\/a><\/p>\n<p>&nbsp;<\/p>\n<p><strong>Julio Cobelli y Hugo Rivas se presentan en el marco del Festival Internacional de Guitarra<\/strong><br \/>\n<strong>Los principales referentes de la guitarra en el tango de cada lado del R\u00edo de la Plata se juntan para presentar \u201cTuya y M\u00eda\u201d un disco de tangos a d\u00fao de guitarras.<\/strong><\/p>\n<p><a href=\"https:\/\/cooltivarte.com\/portal\/?s=Julio+Cobelli\" target=\"_blank\" rel=\"noopener\"><strong>Julio Cobelli<\/strong><\/a> con apenas 18 a\u00f1os, se convirti\u00f3 en uno de los guitarristas de Alfredo Zitarrosa, junto a quien trabaj\u00f3 en dos per\u00edodos. Grab\u00f3 con el emblem\u00e1tico guitarrista porte\u00f1o Roberto Grela y toc\u00f3 para figuras del tango, como Roberto Goyeneche y Rub\u00e9n Ju\u00e1rez.<\/p>\n<p><a href=\"https:\/\/cooltivarte.com\/portal\/?s=Hugo+Rivas\" target=\"_blank\" rel=\"noopener\"><strong>Hugo Rivas<\/strong><\/a>, con m\u00e1s de 25 a\u00f1os de trayectoria profesional, es considerado uno de los mayores exponentes de la guitarra del tango. Grab\u00f3 y comparti\u00f3 proyectos con figuras de la talla de Leopoldo Federico, Horacio Salgan, Ruben Ju\u00e1rez y Dino Saluzzi.<\/p>\n<p>&nbsp;<br \/>\n<iframe title=\"YouTube video player\" src=\"https:\/\/www.youtube.com\/embed\/3wYwQlWSY-s\" allowfullscreen=\"allowfullscreen\" width=\"100%\" height=\"515\" frameborder=\"0\"><span style=\"display: inline-block; width: 0px; overflow: hidden; line-height: 0;\" data-mce-type=\"bookmark\" class=\"mce_SELRES_start\">\ufeff<\/span><\/iframe><br \/>\n&nbsp;<\/p>\n<p>&nbsp;<\/p>\n<p>&nbsp;<\/p>\n<p>&nbsp;<\/p>\n","protected":false},"excerpt":{"rendered":"<p>&nbsp; Julio Cobelli y Hugo Rivas Tuya y M\u00eda 6 de julio Sala Zitarrosa Festival internacional de Guitarras Entradas en venta por Tickantel &nbsp; Julio Cobelli y Hugo Rivas se presentan en el marco del Festival Internacional de Guitarra Los principales referentes de la guitarra en el tango de cada lado del R\u00edo de la [&hellip;]<\/p>\n","protected":false},"author":8,"featured_media":82556,"comment_status":"closed","ping_status":"closed","sticky":false,"template":"","format":"standard","meta":{"om_disable_all_campaigns":false,"ngg_post_thumbnail":0,"jnews-multi-image_gallery":[],"jnews_single_post":{"subtitle":"6 de julio 2022 Sala Zitarrosa","format":"standard","video":"","gallery":"","source_name":"","source_url":"","via_name":"","via_url":"","override_template":"0","override":[{"template":"1","single_blog_custom":"","parallax":"1","fullscreen":"1","layout":"right-sidebar","sidebar":"default-sidebar","second_sidebar":"default-sidebar","sticky_sidebar":"1","share_position":"top","share_float_style":"share-monocrhome","show_share_counter":"1","show_view_counter":"1","show_featured":"1","show_post_meta":"1","show_post_author":"1","show_post_author_image":"1","show_post_date":"1","post_date_format":"default","post_date_format_custom":"Y\/m\/d","show_post_category":"1","show_post_reading_time":"0","post_reading_time_wpm":"300","show_zoom_button":"0","zoom_button_out_step":"2","zoom_button_in_step":"3","show_post_tag":"1","show_prev_next_post":"1","show_popup_post":"1","number_popup_post":"1","show_author_box":"0","show_post_related":"0","show_inline_post_related":"0"}],"override_image_size":"0","image_override":[{"single_post_thumbnail_size":"crop-500","single_post_gallery_size":"crop-500"}],"trending_post":"0","trending_post_position":"meta","trending_post_label":"Trending","sponsored_post":"0","sponsored_post_label":"Sponsored by","sponsored_post_name":"","sponsored_post_url":"","sponsored_post_logo_enable":"0","sponsored_post_logo":"","sponsored_post_desc":""},"jnews_primary_category":{"id":""},"jnews_social_meta":{"fb_title":"","fb_description":"","fb_image":"","twitter_title":"","twitter_description":"","twitter_image":""},"jnews_override_counter":{"override_view_counter":"0","view_counter_number":"0","override_share_counter":"0","share_counter_number":"0","override_like_counter":"0","like_counter_number":"0","override_dislike_counter":"0","dislike_counter_number":"0"},"footnotes":""},"categories":[3394],"tags":[17090,17089,1756,62],"class_list":["post-82555","post","type-post","status-publish","format-standard","has-post-thumbnail","hentry","category-eventos","tag-festival-internacional-de-guitarras","tag-hugo-rivas","tag-julio-cobelli","tag-sala-zitarrosa"],"yoast_head":"<!-- This site is optimized with the Yoast SEO plugin v27.4 - https:\/\/yoast.com\/product\/yoast-seo-wordpress\/ -->\n<title>Julio Cobelli y Hugo Rivas en Festival Internacional de Guitarras - Cooltivarte Portal<\/title>\n<meta name=\"description\" content=\"Julio Cobelli y Hugo Rivas se presentan en el marco del Festival Internacional de Guitarra. Los principales referentes de la guitarra en el tango de cada lado del R\u00edo de la Plata se juntan para presentar \u201cTuya y M\u00eda\u201d un disco de tangos a d\u00fao de guitarras.\" \/>\n<meta name=\"robots\" content=\"index, follow, max-snippet:-1, max-image-preview:large, max-video-preview:-1\" \/>\n<link rel=\"canonical\" href=\"https:\/\/cooltivarte.com\/portal\/julio-cobelli-y-hugo-rivas-en-festival-internacional-de-guitarras\/\" \/>\n<meta property=\"og:locale\" content=\"es_ES\" \/>\n<meta property=\"og:type\" content=\"article\" \/>\n<meta property=\"og:title\" content=\"Julio Cobelli y Hugo Rivas en Sala Zitarrosa Festival Internacional de Guitarras\" \/>\n<meta property=\"og:description\" content=\"Julio Cobelli y Hugo Rivas se presentan en el marco del Festival Internacional de Guitarra. Los principales referentes de la guitarra en el tango de cada lado del R\u00edo de la Plata se juntan para presentar \u201cTuya y M\u00eda\u201d un disco de tangos a d\u00fao de guitarras.\" \/>\n<meta property=\"og:url\" content=\"https:\/\/cooltivarte.com\/portal\/julio-cobelli-y-hugo-rivas-en-festival-internacional-de-guitarras\/\" \/>\n<meta property=\"og:site_name\" content=\"Cooltivarte Portal\" \/>\n<meta property=\"article:publisher\" content=\"https:\/\/www.facebook.com\/cooltivartecom\/\" \/>\n<meta property=\"article:author\" content=\"https:\/\/www.facebook.com\/cooltivartecom\" \/>\n<meta property=\"article:published_time\" content=\"2022-06-30T12:58:19+00:00\" \/>\n<meta property=\"og:image\" content=\"https:\/\/cooltivarte.com\/portal\/wp-content\/uploads\/2022\/06\/Julio-Cobelli-y-Hugo-Rivas.jpg\" \/>\n\t<meta property=\"og:image:width\" content=\"679\" \/>\n\t<meta property=\"og:image:height\" content=\"960\" \/>\n\t<meta property=\"og:image:type\" content=\"image\/jpeg\" \/>\n<meta name=\"author\" content=\"Cooltivarte\" \/>\n<meta name=\"twitter:card\" content=\"summary_large_image\" \/>\n<meta name=\"twitter:title\" content=\"Julio Cobelli y Hugo Rivas en Sala Zitarrosa Festival Internacional de Guitarras\" \/>\n<meta name=\"twitter:description\" content=\"Julio Cobelli y Hugo Rivas se presentan en el marco del Festival Internacional de Guitarra. Los principales referentes de la guitarra en el tango de cada lado del R\u00edo de la Plata se juntan para presentar \u201cTuya y M\u00eda\u201d un disco de tangos a d\u00fao de guitarras.\" \/>\n<meta name=\"twitter:image\" content=\"https:\/\/cooltivarte.com\/portal\/wp-content\/uploads\/2022\/06\/Julio-Cobelli-y-Hugo-Rivas.jpg\" \/>\n<meta name=\"twitter:creator\" content=\"@https:\/\/x.com\/obolocultural\" \/>\n<meta name=\"twitter:site\" content=\"@obolocultural\" \/>\n<meta name=\"twitter:label1\" content=\"Escrito por\" \/>\n\t<meta name=\"twitter:data1\" content=\"Cooltivarte\" \/>\n\t<meta name=\"twitter:label2\" content=\"Tiempo de lectura\" \/>\n\t<meta name=\"twitter:data2\" content=\"1 minuto\" \/>\n<!-- \/ Yoast SEO plugin. -->","yoast_head_json":{"title":"Julio Cobelli y Hugo Rivas en Festival Internacional de Guitarras - Cooltivarte Portal","description":"Julio Cobelli y Hugo Rivas se presentan en el marco del Festival Internacional de Guitarra. Los principales referentes de la guitarra en el tango de cada lado del R\u00edo de la Plata se juntan para presentar \u201cTuya y M\u00eda\u201d un disco de tangos a d\u00fao de guitarras.","robots":{"index":"index","follow":"follow","max-snippet":"max-snippet:-1","max-image-preview":"max-image-preview:large","max-video-preview":"max-video-preview:-1"},"canonical":"https:\/\/cooltivarte.com\/portal\/julio-cobelli-y-hugo-rivas-en-festival-internacional-de-guitarras\/","og_locale":"es_ES","og_type":"article","og_title":"Julio Cobelli y Hugo Rivas en Sala Zitarrosa Festival Internacional de Guitarras","og_description":"Julio Cobelli y Hugo Rivas se presentan en el marco del Festival Internacional de Guitarra. Los principales referentes de la guitarra en el tango de cada lado del R\u00edo de la Plata se juntan para presentar \u201cTuya y M\u00eda\u201d un disco de tangos a d\u00fao de guitarras.","og_url":"https:\/\/cooltivarte.com\/portal\/julio-cobelli-y-hugo-rivas-en-festival-internacional-de-guitarras\/","og_site_name":"Cooltivarte Portal","article_publisher":"https:\/\/www.facebook.com\/cooltivartecom\/","article_author":"https:\/\/www.facebook.com\/cooltivartecom","article_published_time":"2022-06-30T12:58:19+00:00","og_image":[{"width":679,"height":960,"url":"https:\/\/cooltivarte.com\/portal\/wp-content\/uploads\/2022\/06\/Julio-Cobelli-y-Hugo-Rivas.jpg","type":"image\/jpeg"}],"author":"Cooltivarte","twitter_card":"summary_large_image","twitter_title":"Julio Cobelli y Hugo Rivas en Sala Zitarrosa Festival Internacional de Guitarras","twitter_description":"Julio Cobelli y Hugo Rivas se presentan en el marco del Festival Internacional de Guitarra. Los principales referentes de la guitarra en el tango de cada lado del R\u00edo de la Plata se juntan para presentar \u201cTuya y M\u00eda\u201d un disco de tangos a d\u00fao de guitarras.","twitter_image":"https:\/\/cooltivarte.com\/portal\/wp-content\/uploads\/2022\/06\/Julio-Cobelli-y-Hugo-Rivas.jpg","twitter_creator":"@https:\/\/x.com\/obolocultural","twitter_site":"@obolocultural","twitter_misc":{"Escrito por":"Cooltivarte","Tiempo de lectura":"1 minuto"},"schema":{"@context":"https:\/\/schema.org","@graph":[{"@type":"NewsArticle","@id":"https:\/\/cooltivarte.com\/portal\/julio-cobelli-y-hugo-rivas-en-festival-internacional-de-guitarras\/#article","isPartOf":{"@id":"https:\/\/cooltivarte.com\/portal\/julio-cobelli-y-hugo-rivas-en-festival-internacional-de-guitarras\/"},"author":{"name":"Cooltivarte","@id":"https:\/\/cooltivarte.com\/portal\/#\/schema\/person\/ec2a4f4e71b740d0c559c0ab9a157e19"},"headline":"Julio Cobelli y Hugo Rivas en Festival Internacional de Guitarras","datePublished":"2022-06-30T12:58:19+00:00","mainEntityOfPage":{"@id":"https:\/\/cooltivarte.com\/portal\/julio-cobelli-y-hugo-rivas-en-festival-internacional-de-guitarras\/"},"wordCount":180,"publisher":{"@id":"https:\/\/cooltivarte.com\/portal\/#organization"},"image":{"@id":"https:\/\/cooltivarte.com\/portal\/julio-cobelli-y-hugo-rivas-en-festival-internacional-de-guitarras\/#primaryimage"},"thumbnailUrl":"https:\/\/cooltivarte.com\/portal\/wp-content\/uploads\/2022\/06\/Julio-Cobelli-y-Hugo-Rivas.jpg","keywords":["Festival internacional de Guitarras","Hugo Rivas","JULIO COBELLI","Sala Zitarrosa"],"articleSection":["Eventos"],"inLanguage":"es-AR"},{"@type":"WebPage","@id":"https:\/\/cooltivarte.com\/portal\/julio-cobelli-y-hugo-rivas-en-festival-internacional-de-guitarras\/","url":"https:\/\/cooltivarte.com\/portal\/julio-cobelli-y-hugo-rivas-en-festival-internacional-de-guitarras\/","name":"Julio Cobelli y Hugo Rivas en Festival Internacional de Guitarras - Cooltivarte Portal","isPartOf":{"@id":"https:\/\/cooltivarte.com\/portal\/#website"},"primaryImageOfPage":{"@id":"https:\/\/cooltivarte.com\/portal\/julio-cobelli-y-hugo-rivas-en-festival-internacional-de-guitarras\/#primaryimage"},"image":{"@id":"https:\/\/cooltivarte.com\/portal\/julio-cobelli-y-hugo-rivas-en-festival-internacional-de-guitarras\/#primaryimage"},"thumbnailUrl":"https:\/\/cooltivarte.com\/portal\/wp-content\/uploads\/2022\/06\/Julio-Cobelli-y-Hugo-Rivas.jpg","datePublished":"2022-06-30T12:58:19+00:00","description":"Julio Cobelli y Hugo Rivas se presentan en el marco del Festival Internacional de Guitarra. Los principales referentes de la guitarra en el tango de cada lado del R\u00edo de la Plata se juntan para presentar \u201cTuya y M\u00eda\u201d un disco de tangos a d\u00fao de guitarras.","breadcrumb":{"@id":"https:\/\/cooltivarte.com\/portal\/julio-cobelli-y-hugo-rivas-en-festival-internacional-de-guitarras\/#breadcrumb"},"inLanguage":"es-AR","potentialAction":[{"@type":"ReadAction","target":["https:\/\/cooltivarte.com\/portal\/julio-cobelli-y-hugo-rivas-en-festival-internacional-de-guitarras\/"]}]},{"@type":"ImageObject","inLanguage":"es-AR","@id":"https:\/\/cooltivarte.com\/portal\/julio-cobelli-y-hugo-rivas-en-festival-internacional-de-guitarras\/#primaryimage","url":"https:\/\/cooltivarte.com\/portal\/wp-content\/uploads\/2022\/06\/Julio-Cobelli-y-Hugo-Rivas.jpg","contentUrl":"https:\/\/cooltivarte.com\/portal\/wp-content\/uploads\/2022\/06\/Julio-Cobelli-y-Hugo-Rivas.jpg","width":679,"height":960,"caption":"Julio Cobelli y Hugo Rivas en Sala Zitarrosa Festival Internacional de Guitarras"},{"@type":"BreadcrumbList","@id":"https:\/\/cooltivarte.com\/portal\/julio-cobelli-y-hugo-rivas-en-festival-internacional-de-guitarras\/#breadcrumb","itemListElement":[{"@type":"ListItem","position":1,"name":"Portada","item":"https:\/\/cooltivarte.com\/portal\/"},{"@type":"ListItem","position":2,"name":"Julio Cobelli y Hugo Rivas en Festival Internacional de Guitarras"}]},{"@type":"WebSite","@id":"https:\/\/cooltivarte.com\/portal\/#website","url":"https:\/\/cooltivarte.com\/portal\/","name":"Cooltivarte Portal","description":"Arte, cultura y turismo para el mundo ...","publisher":{"@id":"https:\/\/cooltivarte.com\/portal\/#organization"},"potentialAction":[{"@type":"SearchAction","target":{"@type":"EntryPoint","urlTemplate":"https:\/\/cooltivarte.com\/portal\/?s={search_term_string}"},"query-input":{"@type":"PropertyValueSpecification","valueRequired":true,"valueName":"search_term_string"}}],"inLanguage":"es-AR"},{"@type":"Organization","@id":"https:\/\/cooltivarte.com\/portal\/#organization","name":"cooltivarte","url":"https:\/\/cooltivarte.com\/portal\/","logo":{"@type":"ImageObject","inLanguage":"es-AR","@id":"https:\/\/cooltivarte.com\/portal\/#\/schema\/logo\/image\/","url":"https:\/\/cooltivarte.com\/portal\/wp-content\/uploads\/2020\/04\/logo-cooltivarte-v2.png","contentUrl":"https:\/\/cooltivarte.com\/portal\/wp-content\/uploads\/2020\/04\/logo-cooltivarte-v2.png","width":851,"height":243,"caption":"cooltivarte"},"image":{"@id":"https:\/\/cooltivarte.com\/portal\/#\/schema\/logo\/image\/"},"sameAs":["https:\/\/www.facebook.com\/cooltivartecom\/","https:\/\/x.com\/obolocultural","https:\/\/www.instagram.com\/_cooltivarte_\/","https:\/\/www.linkedin.com\/company\/-bolocultural?reportsuccess=8zaNG1HwhPbAR9iQhZ5rfGeqz_vQFftHun0ZWU0Wy9vNemRJ8vtcKdJvzQfW8XagyOJSKg0XvfJ1dp","https:\/\/www.pinterest.com\/cooltivarte\/","https:\/\/cooltivarte.tumblr.com\/","https:\/\/www.tiktok.com\/@cooltivarte","https:\/\/www.youtube.com\/@PrensaCooltivarte"]},{"@type":"Person","@id":"https:\/\/cooltivarte.com\/portal\/#\/schema\/person\/ec2a4f4e71b740d0c559c0ab9a157e19","name":"Cooltivarte","image":{"@type":"ImageObject","inLanguage":"es-AR","@id":"https:\/\/cooltivarte.com\/portal\/wp-content\/uploads\/2014\/05\/logo-cooltivarte-120x120.jpg","url":"https:\/\/cooltivarte.com\/portal\/wp-content\/uploads\/2014\/05\/logo-cooltivarte-120x120.jpg","contentUrl":"https:\/\/cooltivarte.com\/portal\/wp-content\/uploads\/2014\/05\/logo-cooltivarte-120x120.jpg","caption":"Cooltivarte"},"description":"Somos COOLTIVARTE.COM. Un portal digital dedicado a difundir el acontecer art\u00edstico y cultural del Uruguay. Estamos en la vuelta desde el a\u00f1o 2003, y como evoluci\u00f3n del bolet\u00edn Obolo Cultural, nos encontramos abocados a apoyar a los artistas nacionales brind\u00e1ndoles un espacio de difusi\u00f3n. Creemos en la idea de utilizar la potencialidad que hoy d\u00eda nos otorga la web, para que la cultura uruguaya y sus creadores dispongan de una din\u00e1mica ventana, que los ponga en contacto entre s\u00ed y con el mundo. Somos COOLTIVARTE.COM y pretendemos configurarnos como un portal din\u00e1mico, entretenido y atento a los nuevos emprendimientos, que busque siempre la interacci\u00f3n con los artistas.","sameAs":["http:\/\/www.cooltivarte.com","https:\/\/www.facebook.com\/cooltivartecom","https:\/\/www.instagram.com\/_cooltivarte_\/","https:\/\/www.linkedin.com\/company\/-bolocultural","https:\/\/www.pinterest.com\/cooltivarte\/","https:\/\/x.com\/https:\/\/x.com\/obolocultural","https:\/\/www.youtube.com\/@PrensaCooltivarte","https:\/\/www.tumblr.com\/blog\/cooltivarte"],"url":"https:\/\/cooltivarte.com\/portal\/author\/cooltivarte\/"}]}},"_links":{"self":[{"href":"https:\/\/cooltivarte.com\/portal\/wp-json\/wp\/v2\/posts\/82555","targetHints":{"allow":["GET"]}}],"collection":[{"href":"https:\/\/cooltivarte.com\/portal\/wp-json\/wp\/v2\/posts"}],"about":[{"href":"https:\/\/cooltivarte.com\/portal\/wp-json\/wp\/v2\/types\/post"}],"author":[{"embeddable":true,"href":"https:\/\/cooltivarte.com\/portal\/wp-json\/wp\/v2\/users\/8"}],"replies":[{"embeddable":true,"href":"https:\/\/cooltivarte.com\/portal\/wp-json\/wp\/v2\/comments?post=82555"}],"version-history":[{"count":1,"href":"https:\/\/cooltivarte.com\/portal\/wp-json\/wp\/v2\/posts\/82555\/revisions"}],"predecessor-version":[{"id":82557,"href":"https:\/\/cooltivarte.com\/portal\/wp-json\/wp\/v2\/posts\/82555\/revisions\/82557"}],"wp:featuredmedia":[{"embeddable":true,"href":"https:\/\/cooltivarte.com\/portal\/wp-json\/wp\/v2\/media\/82556"}],"wp:attachment":[{"href":"https:\/\/cooltivarte.com\/portal\/wp-json\/wp\/v2\/media?parent=82555"}],"wp:term":[{"taxonomy":"category","embeddable":true,"href":"https:\/\/cooltivarte.com\/portal\/wp-json\/wp\/v2\/categories?post=82555"},{"taxonomy":"post_tag","embeddable":true,"href":"https:\/\/cooltivarte.com\/portal\/wp-json\/wp\/v2\/tags?post=82555"}],"curies":[{"name":"wp","href":"https:\/\/api.w.org\/{rel}","templated":true}]}}