{"id":82466,"date":"2022-06-24T19:57:25","date_gmt":"2022-06-24T22:57:25","guid":{"rendered":"https:\/\/cooltivarte.com\/portal\/?p=82466"},"modified":"2022-06-24T19:57:25","modified_gmt":"2022-06-24T22:57:25","slug":"juan-ibarra-nuevo-single-indias-adelanto-de-su-segundo-album","status":"publish","type":"post","link":"https:\/\/cooltivarte.com\/portal\/juan-ibarra-nuevo-single-indias-adelanto-de-su-segundo-album\/","title":{"rendered":"JUAN IBARRA &#8211; Nuevo single &#8220;INDIAS&#8221; adelanto de su segundo \u00e1lbum"},"content":{"rendered":"<figure id=\"attachment_82467\" aria-describedby=\"caption-attachment-82467\" style=\"width: 960px\" class=\"wp-caption alignnone\"><img fetchpriority=\"high\" decoding=\"async\" class=\"wp-image-82467\" title=\"INDIAS Adelanto de Arco nuevo \u00e1lbum de Juan Ibarra\" src=\"https:\/\/cooltivarte.com\/portal\/wp-content\/uploads\/2022\/06\/indias.jpg\" alt=\"INDIAS Adelanto de Arco nuevo \u00e1lbum de Juan Ibarra\" width=\"960\" height=\"960\" srcset=\"https:\/\/cooltivarte.com\/portal\/wp-content\/uploads\/2022\/06\/indias.jpg 1200w, https:\/\/cooltivarte.com\/portal\/wp-content\/uploads\/2022\/06\/indias-300x300.jpg 300w, https:\/\/cooltivarte.com\/portal\/wp-content\/uploads\/2022\/06\/indias-1024x1024.jpg 1024w, https:\/\/cooltivarte.com\/portal\/wp-content\/uploads\/2022\/06\/indias-150x150.jpg 150w, https:\/\/cooltivarte.com\/portal\/wp-content\/uploads\/2022\/06\/indias-768x768.jpg 768w, https:\/\/cooltivarte.com\/portal\/wp-content\/uploads\/2022\/06\/indias-120x120.jpg 120w, https:\/\/cooltivarte.com\/portal\/wp-content\/uploads\/2022\/06\/indias-75x75.jpg 75w\" sizes=\"(max-width: 960px) 100vw, 960px\" \/><figcaption id=\"caption-attachment-82467\" class=\"wp-caption-text\">INDIAS Adelanto de Arco nuevo \u00e1lbum de Juan Ibarra<\/figcaption><\/figure>\n<h3><strong>INDIAS<\/strong><br \/>\nAdelanto de Arco nuevo \u00e1lbum de <a href=\"https:\/\/cooltivarte.com\/portal\/?s=Juan+Ibarra\" target=\"_blank\" rel=\"noopener\">Juan Ibarra<\/a><\/h3>\n<p>Arco el nuevo \u00e1lbum de Juan Ibarra se estrenar\u00e1 el pr\u00f3ximo 27 de julio 2022 en formato digital y en formato vinilo. El vinilo integrar\u00e1 la nueva serie de colecci\u00f3n llamada Jazz 300 de nuestro cat\u00e1logo.<\/p>\n<p><strong>Indias<\/strong> es el adelanto del disco. Una canci\u00f3n inspirada en la apertura de ajedrez India de Rey, donde a trav\u00e9s de una guitarra \u201cMate\u00edstica\u201d se encuentran lo ac\u00fastico y lo el\u00e9ctrico dando lugar a una melod\u00eda l\u00edrica y el\u00e1stica que busca ser parte de una milonga perdida entre el mundo del folklore y del jazz<\/p>\n<p>&nbsp;<br \/>\n<iframe style=\"border-radius: 12px;\" src=\"https:\/\/open.spotify.com\/embed\/album\/52M9mMaOLfrGgZK6C10FBB?utm_source=generator\" width=\"100%\" height=\"380\" frameborder=\"0\" allowfullscreen=\"allowfullscreen\"><\/iframe><br \/>\n&nbsp;<\/p>\n<p>B i o g r a f \u00ed a&nbsp; d e&nbsp; J u a n&nbsp; I b a r r a<\/p>\n<p><strong>Juan Ibarra<\/strong> naci\u00f3 en Montevideo, Uruguay. Comenz\u00f3 sus estudios de m\u00fasica a los 8 a\u00f1os.<\/p>\n<p>Luego de formarse con varios profesores de bater\u00eda en Uruguay, se radica en Buenos Aires, Argentina, para empezar su Carrera Profesional de M\u00fasica en el Instituto Tecnol\u00f3gico de M\u00fasica Contempor\u00e1nea con el gran profesor Carlos Riganti, esta \u00e9poca son sus primeros pasos en el jazz.<\/p>\n<p>A la edad de 23 es atrapado por todo lo que es el ritmo Afro Uruguayo llamado Candombe y nuevamente, empez\u00f3 a estudiar todo lo que pudo de este ritmo hasta el d\u00eda de hoy.<\/p>\n<p>Fue parte de muchos grupos y estilos de m\u00fasica, tanto como bandas de rock, de reggae, y folklore, como percusionista, tocando la guitarra, el piano, el acorde\u00f3n, parte de muchos grupos de jazz, candombe, etc.<\/p>\n<p>Estudi\u00f3 en diferentes pa\u00edses, con Oscar Giunta, Oscar Linero y Carlos Riganti en Argentina. Edu Ribeiro en Brasil. Dan Weiss, Ali Jackson y Francisco Mela en Nueva York. En 2015 con Gerald Cleaver, Michael Formanek, Tom Rainey, Tony Malaby y varios m\u00e1s en la School of Improvisational Music en el Conservatorio de Brooklyn, Nueva York.<br \/>\nEn 2016 fue invitado para la Made In Jazz Competition a tocar en el Tribeca Performing Arts Center, New York, con Santiago Beis y Antonino Restuccia.<\/p>\n<p>Actualmente vive en Montevideo, tocando sus composiciones con Juan Ibarra Quinteto, es docente en el Conservatorio de M\u00fasica Sur y est\u00e1 trabajando en su libro de Candombe llamado Madera.<\/p>\n<p>&nbsp;<\/p>\n<p><a href=\"https:\/\/www.juanibarramusic.com\/\" target=\"_blank\" rel=\"noopener\">https:\/\/www.juanibarramusic.com\/<\/a><\/p>\n<p>&nbsp;<\/p>\n<p>&nbsp;<\/p>\n","protected":false},"excerpt":{"rendered":"<p>INDIAS Adelanto de Arco nuevo \u00e1lbum de Juan Ibarra Arco el nuevo \u00e1lbum de Juan Ibarra se estrenar\u00e1 el pr\u00f3ximo 27 de julio 2022 en formato digital y en formato vinilo. El vinilo integrar\u00e1 la nueva serie de colecci\u00f3n llamada Jazz 300 de nuestro cat\u00e1logo. Indias es el adelanto del disco. Una canci\u00f3n inspirada en [&hellip;]<\/p>\n","protected":false},"author":8,"featured_media":82467,"comment_status":"closed","ping_status":"closed","sticky":false,"template":"","format":"standard","meta":{"om_disable_all_campaigns":false,"ngg_post_thumbnail":0,"jnews-multi-image_gallery":[],"jnews_single_post":{"subtitle":"","format":"standard","video":"","gallery":"","source_name":"","source_url":"","via_name":"","via_url":"","override_template":"0","override":[{"template":"1","single_blog_custom":"","parallax":"1","fullscreen":"1","layout":"right-sidebar","sidebar":"default-sidebar","second_sidebar":"default-sidebar","sticky_sidebar":"1","share_position":"top","share_float_style":"share-monocrhome","show_share_counter":"1","show_view_counter":"1","show_featured":"1","show_post_meta":"1","show_post_author":"1","show_post_author_image":"1","show_post_date":"1","post_date_format":"default","post_date_format_custom":"Y\/m\/d","show_post_category":"1","show_post_reading_time":"0","post_reading_time_wpm":"300","show_zoom_button":"0","zoom_button_out_step":"2","zoom_button_in_step":"3","show_post_tag":"1","show_prev_next_post":"1","show_popup_post":"1","number_popup_post":"1","show_author_box":"0","show_post_related":"0","show_inline_post_related":"0"}],"override_image_size":"0","image_override":[{"single_post_thumbnail_size":"crop-500","single_post_gallery_size":"crop-500"}],"trending_post":"0","trending_post_position":"meta","trending_post_label":"Trending","sponsored_post":"0","sponsored_post_label":"Sponsored by","sponsored_post_name":"","sponsored_post_url":"","sponsored_post_logo_enable":"0","sponsored_post_logo":"","sponsored_post_desc":""},"jnews_primary_category":{"id":""},"jnews_social_meta":{"fb_title":"","fb_description":"","fb_image":"","twitter_title":"","twitter_description":"","twitter_image":""},"jnews_override_counter":{"override_view_counter":"0","view_counter_number":"0","override_share_counter":"0","share_counter_number":"0","override_like_counter":"0","like_counter_number":"0","override_dislike_counter":"0","dislike_counter_number":"0"},"footnotes":""},"categories":[73],"tags":[17046,17045,195,4476,1241],"class_list":["post-82466","post","type-post","status-publish","format-standard","has-post-thumbnail","hentry","category-discos","tag-india-de-rey","tag-indias","tag-jazz","tag-juan-ibarra","tag-nuevo-album"],"yoast_head":"<!-- This site is optimized with the Yoast SEO plugin v27.5 - https:\/\/yoast.com\/product\/yoast-seo-wordpress\/ -->\n<title>JUAN IBARRA - Nuevo single &quot;INDIAS&quot; adelanto de su segundo \u00e1lbum - Cooltivarte Portal<\/title>\n<meta name=\"description\" content=\"Arco el nuevo \u00e1lbum de Juan Ibarra se estrenar\u00e1 el pr\u00f3ximo 27 de julio 2022 en formato digital y en formato vinilo. El vinilo integrar\u00e1 la nueva serie de colecci\u00f3n llamada Jazz 300 de nuestro cat\u00e1logo.\" \/>\n<meta name=\"robots\" content=\"index, follow, max-snippet:-1, max-image-preview:large, max-video-preview:-1\" \/>\n<link rel=\"canonical\" href=\"https:\/\/cooltivarte.com\/portal\/juan-ibarra-nuevo-single-indias-adelanto-de-su-segundo-album\/\" \/>\n<meta property=\"og:locale\" content=\"es_ES\" \/>\n<meta property=\"og:type\" content=\"article\" \/>\n<meta property=\"og:title\" content=\"INDIAS Adelanto de Arco nuevo \u00e1lbum de Juan Ibarra\" \/>\n<meta property=\"og:description\" content=\"Arco el nuevo \u00e1lbum de Juan Ibarra se estrenar\u00e1 el pr\u00f3ximo 27 de julio 2022 en formato digital y en formato vinilo. El vinilo integrar\u00e1 la nueva serie de colecci\u00f3n llamada Jazz 300 de nuestro cat\u00e1logo.\" \/>\n<meta property=\"og:url\" content=\"https:\/\/cooltivarte.com\/portal\/juan-ibarra-nuevo-single-indias-adelanto-de-su-segundo-album\/\" \/>\n<meta property=\"og:site_name\" content=\"Cooltivarte Portal\" \/>\n<meta property=\"article:publisher\" content=\"https:\/\/www.facebook.com\/cooltivartecom\/\" \/>\n<meta property=\"article:author\" content=\"https:\/\/www.facebook.com\/cooltivartecom\" \/>\n<meta property=\"article:published_time\" content=\"2022-06-24T22:57:25+00:00\" \/>\n<meta property=\"og:image\" content=\"https:\/\/cooltivarte.com\/portal\/wp-content\/uploads\/2022\/06\/indias.jpg\" \/>\n\t<meta property=\"og:image:width\" content=\"1200\" \/>\n\t<meta property=\"og:image:height\" content=\"1200\" \/>\n\t<meta property=\"og:image:type\" content=\"image\/jpeg\" \/>\n<meta name=\"author\" content=\"Cooltivarte\" \/>\n<meta name=\"twitter:card\" content=\"summary_large_image\" \/>\n<meta name=\"twitter:title\" content=\"INDIAS Adelanto de Arco nuevo \u00e1lbum de Juan Ibarra\" \/>\n<meta name=\"twitter:description\" content=\"Arco el nuevo \u00e1lbum de Juan Ibarra se estrenar\u00e1 el pr\u00f3ximo 27 de julio 2022 en formato digital y en formato vinilo. El vinilo integrar\u00e1 la nueva serie de colecci\u00f3n llamada Jazz 300 de nuestro cat\u00e1logo.\" \/>\n<meta name=\"twitter:image\" content=\"https:\/\/cooltivarte.com\/portal\/wp-content\/uploads\/2022\/06\/indias.jpg\" \/>\n<meta name=\"twitter:creator\" content=\"@https:\/\/x.com\/obolocultural\" \/>\n<meta name=\"twitter:site\" content=\"@obolocultural\" \/>\n<meta name=\"twitter:label1\" content=\"Escrito por\" \/>\n\t<meta name=\"twitter:data1\" content=\"Cooltivarte\" \/>\n\t<meta name=\"twitter:label2\" content=\"Tiempo de lectura\" \/>\n\t<meta name=\"twitter:data2\" content=\"2 minutos\" \/>\n<!-- \/ Yoast SEO plugin. -->","yoast_head_json":{"title":"JUAN IBARRA - Nuevo single \"INDIAS\" adelanto de su segundo \u00e1lbum - Cooltivarte Portal","description":"Arco el nuevo \u00e1lbum de Juan Ibarra se estrenar\u00e1 el pr\u00f3ximo 27 de julio 2022 en formato digital y en formato vinilo. El vinilo integrar\u00e1 la nueva serie de colecci\u00f3n llamada Jazz 300 de nuestro cat\u00e1logo.","robots":{"index":"index","follow":"follow","max-snippet":"max-snippet:-1","max-image-preview":"max-image-preview:large","max-video-preview":"max-video-preview:-1"},"canonical":"https:\/\/cooltivarte.com\/portal\/juan-ibarra-nuevo-single-indias-adelanto-de-su-segundo-album\/","og_locale":"es_ES","og_type":"article","og_title":"INDIAS Adelanto de Arco nuevo \u00e1lbum de Juan Ibarra","og_description":"Arco el nuevo \u00e1lbum de Juan Ibarra se estrenar\u00e1 el pr\u00f3ximo 27 de julio 2022 en formato digital y en formato vinilo. El vinilo integrar\u00e1 la nueva serie de colecci\u00f3n llamada Jazz 300 de nuestro cat\u00e1logo.","og_url":"https:\/\/cooltivarte.com\/portal\/juan-ibarra-nuevo-single-indias-adelanto-de-su-segundo-album\/","og_site_name":"Cooltivarte Portal","article_publisher":"https:\/\/www.facebook.com\/cooltivartecom\/","article_author":"https:\/\/www.facebook.com\/cooltivartecom","article_published_time":"2022-06-24T22:57:25+00:00","og_image":[{"width":1200,"height":1200,"url":"https:\/\/cooltivarte.com\/portal\/wp-content\/uploads\/2022\/06\/indias.jpg","type":"image\/jpeg"}],"author":"Cooltivarte","twitter_card":"summary_large_image","twitter_title":"INDIAS Adelanto de Arco nuevo \u00e1lbum de Juan Ibarra","twitter_description":"Arco el nuevo \u00e1lbum de Juan Ibarra se estrenar\u00e1 el pr\u00f3ximo 27 de julio 2022 en formato digital y en formato vinilo. El vinilo integrar\u00e1 la nueva serie de colecci\u00f3n llamada Jazz 300 de nuestro cat\u00e1logo.","twitter_image":"https:\/\/cooltivarte.com\/portal\/wp-content\/uploads\/2022\/06\/indias.jpg","twitter_creator":"@https:\/\/x.com\/obolocultural","twitter_site":"@obolocultural","twitter_misc":{"Escrito por":"Cooltivarte","Tiempo de lectura":"2 minutos"},"schema":{"@context":"https:\/\/schema.org","@graph":[{"@type":"NewsArticle","@id":"https:\/\/cooltivarte.com\/portal\/juan-ibarra-nuevo-single-indias-adelanto-de-su-segundo-album\/#article","isPartOf":{"@id":"https:\/\/cooltivarte.com\/portal\/juan-ibarra-nuevo-single-indias-adelanto-de-su-segundo-album\/"},"author":{"name":"Cooltivarte","@id":"https:\/\/cooltivarte.com\/portal\/#\/schema\/person\/ec2a4f4e71b740d0c559c0ab9a157e19"},"headline":"JUAN IBARRA &#8211; Nuevo single &#8220;INDIAS&#8221; adelanto de su segundo \u00e1lbum","datePublished":"2022-06-24T22:57:25+00:00","mainEntityOfPage":{"@id":"https:\/\/cooltivarte.com\/portal\/juan-ibarra-nuevo-single-indias-adelanto-de-su-segundo-album\/"},"wordCount":416,"publisher":{"@id":"https:\/\/cooltivarte.com\/portal\/#organization"},"image":{"@id":"https:\/\/cooltivarte.com\/portal\/juan-ibarra-nuevo-single-indias-adelanto-de-su-segundo-album\/#primaryimage"},"thumbnailUrl":"https:\/\/cooltivarte.com\/portal\/wp-content\/uploads\/2022\/06\/indias.jpg","keywords":["India de Rey","INDIAS","Jazz","Juan Ibarra","nuevo \u00e1lbum"],"articleSection":["Discos"],"inLanguage":"es-AR"},{"@type":"WebPage","@id":"https:\/\/cooltivarte.com\/portal\/juan-ibarra-nuevo-single-indias-adelanto-de-su-segundo-album\/","url":"https:\/\/cooltivarte.com\/portal\/juan-ibarra-nuevo-single-indias-adelanto-de-su-segundo-album\/","name":"JUAN IBARRA - Nuevo single \"INDIAS\" adelanto de su segundo \u00e1lbum - Cooltivarte Portal","isPartOf":{"@id":"https:\/\/cooltivarte.com\/portal\/#website"},"primaryImageOfPage":{"@id":"https:\/\/cooltivarte.com\/portal\/juan-ibarra-nuevo-single-indias-adelanto-de-su-segundo-album\/#primaryimage"},"image":{"@id":"https:\/\/cooltivarte.com\/portal\/juan-ibarra-nuevo-single-indias-adelanto-de-su-segundo-album\/#primaryimage"},"thumbnailUrl":"https:\/\/cooltivarte.com\/portal\/wp-content\/uploads\/2022\/06\/indias.jpg","datePublished":"2022-06-24T22:57:25+00:00","description":"Arco el nuevo \u00e1lbum de Juan Ibarra se estrenar\u00e1 el pr\u00f3ximo 27 de julio 2022 en formato digital y en formato vinilo. El vinilo integrar\u00e1 la nueva serie de colecci\u00f3n llamada Jazz 300 de nuestro cat\u00e1logo.","breadcrumb":{"@id":"https:\/\/cooltivarte.com\/portal\/juan-ibarra-nuevo-single-indias-adelanto-de-su-segundo-album\/#breadcrumb"},"inLanguage":"es-AR","potentialAction":[{"@type":"ReadAction","target":["https:\/\/cooltivarte.com\/portal\/juan-ibarra-nuevo-single-indias-adelanto-de-su-segundo-album\/"]}]},{"@type":"ImageObject","inLanguage":"es-AR","@id":"https:\/\/cooltivarte.com\/portal\/juan-ibarra-nuevo-single-indias-adelanto-de-su-segundo-album\/#primaryimage","url":"https:\/\/cooltivarte.com\/portal\/wp-content\/uploads\/2022\/06\/indias.jpg","contentUrl":"https:\/\/cooltivarte.com\/portal\/wp-content\/uploads\/2022\/06\/indias.jpg","width":1200,"height":1200,"caption":"INDIAS Adelanto de Arco nuevo \u00e1lbum de Juan Ibarra"},{"@type":"BreadcrumbList","@id":"https:\/\/cooltivarte.com\/portal\/juan-ibarra-nuevo-single-indias-adelanto-de-su-segundo-album\/#breadcrumb","itemListElement":[{"@type":"ListItem","position":1,"name":"Portada","item":"https:\/\/cooltivarte.com\/portal\/"},{"@type":"ListItem","position":2,"name":"JUAN IBARRA &#8211; Nuevo single \u00abINDIAS\u00bb adelanto de su segundo \u00e1lbum"}]},{"@type":"WebSite","@id":"https:\/\/cooltivarte.com\/portal\/#website","url":"https:\/\/cooltivarte.com\/portal\/","name":"Cooltivarte Portal","description":"Arte, cultura y turismo para el mundo ...","publisher":{"@id":"https:\/\/cooltivarte.com\/portal\/#organization"},"potentialAction":[{"@type":"SearchAction","target":{"@type":"EntryPoint","urlTemplate":"https:\/\/cooltivarte.com\/portal\/?s={search_term_string}"},"query-input":{"@type":"PropertyValueSpecification","valueRequired":true,"valueName":"search_term_string"}}],"inLanguage":"es-AR"},{"@type":"Organization","@id":"https:\/\/cooltivarte.com\/portal\/#organization","name":"cooltivarte","url":"https:\/\/cooltivarte.com\/portal\/","logo":{"@type":"ImageObject","inLanguage":"es-AR","@id":"https:\/\/cooltivarte.com\/portal\/#\/schema\/logo\/image\/","url":"https:\/\/cooltivarte.com\/portal\/wp-content\/uploads\/2020\/04\/logo-cooltivarte-v2.png","contentUrl":"https:\/\/cooltivarte.com\/portal\/wp-content\/uploads\/2020\/04\/logo-cooltivarte-v2.png","width":851,"height":243,"caption":"cooltivarte"},"image":{"@id":"https:\/\/cooltivarte.com\/portal\/#\/schema\/logo\/image\/"},"sameAs":["https:\/\/www.facebook.com\/cooltivartecom\/","https:\/\/x.com\/obolocultural","https:\/\/www.instagram.com\/_cooltivarte_\/","https:\/\/www.linkedin.com\/company\/-bolocultural?reportsuccess=8zaNG1HwhPbAR9iQhZ5rfGeqz_vQFftHun0ZWU0Wy9vNemRJ8vtcKdJvzQfW8XagyOJSKg0XvfJ1dp","https:\/\/www.pinterest.com\/cooltivarte\/","https:\/\/cooltivarte.tumblr.com\/","https:\/\/www.tiktok.com\/@cooltivarte","https:\/\/www.youtube.com\/@PrensaCooltivarte"]},{"@type":"Person","@id":"https:\/\/cooltivarte.com\/portal\/#\/schema\/person\/ec2a4f4e71b740d0c559c0ab9a157e19","name":"Cooltivarte","image":{"@type":"ImageObject","inLanguage":"es-AR","@id":"https:\/\/cooltivarte.com\/portal\/wp-content\/uploads\/2014\/05\/logo-cooltivarte-120x120.jpg","url":"https:\/\/cooltivarte.com\/portal\/wp-content\/uploads\/2014\/05\/logo-cooltivarte-120x120.jpg","contentUrl":"https:\/\/cooltivarte.com\/portal\/wp-content\/uploads\/2014\/05\/logo-cooltivarte-120x120.jpg","caption":"Cooltivarte"},"description":"Somos COOLTIVARTE.COM. Un portal digital dedicado a difundir el acontecer art\u00edstico y cultural del Uruguay. Estamos en la vuelta desde el a\u00f1o 2003, y como evoluci\u00f3n del bolet\u00edn Obolo Cultural, nos encontramos abocados a apoyar a los artistas nacionales brind\u00e1ndoles un espacio de difusi\u00f3n. Creemos en la idea de utilizar la potencialidad que hoy d\u00eda nos otorga la web, para que la cultura uruguaya y sus creadores dispongan de una din\u00e1mica ventana, que los ponga en contacto entre s\u00ed y con el mundo. Somos COOLTIVARTE.COM y pretendemos configurarnos como un portal din\u00e1mico, entretenido y atento a los nuevos emprendimientos, que busque siempre la interacci\u00f3n con los artistas.","sameAs":["http:\/\/www.cooltivarte.com","https:\/\/www.facebook.com\/cooltivartecom","https:\/\/www.instagram.com\/_cooltivarte_\/","https:\/\/www.linkedin.com\/company\/-bolocultural","https:\/\/www.pinterest.com\/cooltivarte\/","https:\/\/x.com\/https:\/\/x.com\/obolocultural","https:\/\/www.youtube.com\/@PrensaCooltivarte","https:\/\/www.tumblr.com\/blog\/cooltivarte"],"url":"https:\/\/cooltivarte.com\/portal\/author\/cooltivarte\/"}]}},"_links":{"self":[{"href":"https:\/\/cooltivarte.com\/portal\/wp-json\/wp\/v2\/posts\/82466","targetHints":{"allow":["GET"]}}],"collection":[{"href":"https:\/\/cooltivarte.com\/portal\/wp-json\/wp\/v2\/posts"}],"about":[{"href":"https:\/\/cooltivarte.com\/portal\/wp-json\/wp\/v2\/types\/post"}],"author":[{"embeddable":true,"href":"https:\/\/cooltivarte.com\/portal\/wp-json\/wp\/v2\/users\/8"}],"replies":[{"embeddable":true,"href":"https:\/\/cooltivarte.com\/portal\/wp-json\/wp\/v2\/comments?post=82466"}],"version-history":[{"count":1,"href":"https:\/\/cooltivarte.com\/portal\/wp-json\/wp\/v2\/posts\/82466\/revisions"}],"predecessor-version":[{"id":82468,"href":"https:\/\/cooltivarte.com\/portal\/wp-json\/wp\/v2\/posts\/82466\/revisions\/82468"}],"wp:featuredmedia":[{"embeddable":true,"href":"https:\/\/cooltivarte.com\/portal\/wp-json\/wp\/v2\/media\/82467"}],"wp:attachment":[{"href":"https:\/\/cooltivarte.com\/portal\/wp-json\/wp\/v2\/media?parent=82466"}],"wp:term":[{"taxonomy":"category","embeddable":true,"href":"https:\/\/cooltivarte.com\/portal\/wp-json\/wp\/v2\/categories?post=82466"},{"taxonomy":"post_tag","embeddable":true,"href":"https:\/\/cooltivarte.com\/portal\/wp-json\/wp\/v2\/tags?post=82466"}],"curies":[{"name":"wp","href":"https:\/\/api.w.org\/{rel}","templated":true}]}}