{"id":82265,"date":"2022-06-18T21:51:43","date_gmt":"2022-06-19T00:51:43","guid":{"rendered":"https:\/\/cooltivarte.com\/portal\/?p=82265"},"modified":"2024-03-11T18:04:51","modified_gmt":"2024-03-11T21:04:51","slug":"la-historia-de-patria-libre-patria-libre-1972-1975","status":"publish","type":"post","link":"https:\/\/cooltivarte.com\/portal\/la-historia-de-patria-libre-patria-libre-1972-1975\/","title":{"rendered":"La historia de Patria Libre &#8211; Patria Libre (1972-1975)"},"content":{"rendered":"<p><iframe title=\"YouTube video player\" src=\"https:\/\/www.youtube.com\/embed\/2gJqU_ZmEik\" width=\"100%\" height=\"515\" frameborder=\"0\" allowfullscreen=\"allowfullscreen\"><span data-mce-type=\"bookmark\" style=\"display: inline-block; width: 0px; overflow: hidden; line-height: 0;\" class=\"mce_SELRES_start\">\ufeff<\/span><\/iframe><br \/>\n&nbsp;<\/p>\n<p><strong>LA HISTORIA DE PATRIA LIBRE<\/strong><br \/>\n<strong>Patria Libre<\/strong><\/p>\n<p><strong><a href=\"https:\/\/es.wikipedia.org\/wiki\/Miguel_Amarillo\" target=\"_blank\" rel=\"noopener\">Miguel Amarillo<\/a> &#8211; <a href=\"https:\/\/cooltivarte.com\/portal\/?s=Jorge+Bonaldi\" target=\"_blank\" rel=\"noopener\">Jorge Bonaldi<\/a> &#8211; <a href=\"https:\/\/cooltivarte.com\/portal\/?s=Ra\u00fal+Castro\" target=\"_blank\" rel=\"noopener\">Ra\u00fal Castro<\/a> &#8211; <a href=\"https:\/\/cooltivarte.com\/portal\/?s=Jorge+Lazaroff\" target=\"_blank\" rel=\"noopener\">Jorge Lazaroff<\/a><\/strong><\/p>\n<p>01) Carta del Che a sus hijos<br \/>\n02) Soldadito boliviano<br \/>\n03) Mueran<br \/>\n04) Camino Repetto<br \/>\n05) \u00cdbero vive<br \/>\n06) Si esta luz no te alcanza<br \/>\n07) Juan Sue\u00f1o sue\u00f1a<br \/>\n08) La Pasionaria<br \/>\n09) Canci\u00f3n del esposo soldado<br \/>\n10) Canci\u00f3n latinoamericana<br \/>\n11) A la Espa\u00f1a obrera<br \/>\n12) Canci\u00f3n de cuna en el cantegril<br \/>\n13) La denuncia<br \/>\n14) La sangre de mi pueblo<br \/>\n15) Caramba amigo<br \/>\n16) Canci\u00f3n de los obreros<br \/>\n17) Los momentos<\/p>\n<figure id=\"attachment_82266\" aria-describedby=\"caption-attachment-82266\" style=\"width: 595px\" class=\"wp-caption aligncenter\"><img fetchpriority=\"high\" decoding=\"async\" class=\"wp-image-82266 size-full\" title=\"La historia de Patria Libre - Patria Libre (1972-1975) Miguel Amarillo - Jorge Bonaldi - Ra\u00fal Castro - Jorge Lazaroff\" src=\"https:\/\/cooltivarte.com\/portal\/wp-content\/uploads\/2022\/06\/Patria-Libre.jpg\" alt=\"La historia de Patria Libre - Patria Libre (1972-1975) Miguel Amarillo - Jorge Bonaldi - Ra\u00fal Castro - Jorge Lazaroff\" width=\"595\" height=\"596\" srcset=\"https:\/\/cooltivarte.com\/portal\/wp-content\/uploads\/2022\/06\/Patria-Libre.jpg 595w, https:\/\/cooltivarte.com\/portal\/wp-content\/uploads\/2022\/06\/Patria-Libre-300x300.jpg 300w, https:\/\/cooltivarte.com\/portal\/wp-content\/uploads\/2022\/06\/Patria-Libre-150x150.jpg 150w, https:\/\/cooltivarte.com\/portal\/wp-content\/uploads\/2022\/06\/Patria-Libre-120x120.jpg 120w, https:\/\/cooltivarte.com\/portal\/wp-content\/uploads\/2022\/06\/Patria-Libre-75x75.jpg 75w\" sizes=\"(max-width: 595px) 100vw, 595px\" \/><figcaption id=\"caption-attachment-82266\" class=\"wp-caption-text\">Miguel Amarillo &#8211; Jorge Bonaldi &#8211; Ra\u00fal Castro &#8211; Jorge Lazaroff<\/figcaption><\/figure>\n<p align=\"justify\">&nbsp;<\/p>\n<p align=\"justify\"><strong><span class=\"text2\">Ficha T\u00e9cnica<\/span><\/strong><\/p>\n<p>1, 2, 3, 4, 5, 6, 8, 9, 16 y 17: Grabados en Estudios SONDOR por Henry Jasa (1973).<br \/>\n7, 10, 11, 12, 13 y 14: Grabados en Estudios SONDOR por Jos\u00e9 Luis Mussetti (1974)<br \/>\n15: Grabado en vivo en el Teatro Stella el 25 de agosto de 1973.<br \/>\n18: Grabaci\u00f3n dom\u00e9stica realizada en el domicilio madrile\u00f1o de los m\u00fasicos (1975).<\/p>\n<p align=\"justify\">Restauraci\u00f3n y remasterizaci\u00f3n dirigida por Jorge Bonaldi y ejecutada por Riki Musso entre setiembre y octubre de 2005 en base a cintas sub-m\u00e1steres de 7\u00bd ips extra\u00eddas de las matrices met\u00e1licas de los vol\u00famenes 1 y 2 de <strong>Patria Libre<\/strong>, complet\u00e1ndose los segmentos destruidos con registros en cassette de la \u00e9poca de las grabaciones (1973 y 74).<br \/>\nLos artistas agradecen a Cori\u00fan Aharoni\u00e1n por la previa digitalizaci\u00f3n de las cintas de 7\u00bd ips.<\/p>\n<p align=\"justify\"><span class=\"text2\">Carta del Che a sus hijos<\/span>&nbsp;(Ernesto Guevara) Voz: Walter Reyno<\/p>\n<p><span class=\"text2\">Soldadito boliviano&nbsp;<\/span>(Nicol\u00e1s Guill\u00e9n \u2013 Miguel Amarillo) Miguel Amarillo (guitarra, voz, coros), Jorge Bonaldi (charango, voz, coros),Jorge Lazaroff (guitarra, flauta, coros), Ra\u00fal Castro (voz, bombo leg\u00fcero)<\/p>\n<p><span class=\"text2\">Mueran<\/span>&nbsp;(\u00cdbero Guti\u00e9rrez- Jorge Bonaldi\/ Jorge Lazaroff) Miguel Amarillo (bajo el\u00e9ctrico), Jorge Bonaldi (guitarra el\u00e9ctrica), Ra\u00fal Castro (congas), Jorge Lazaroff (piano), Walter Reyno (voz)<\/p>\n<p><span class=\"text2\">Camino Repetto&nbsp;<\/span>(Luciana Possamay-Jorge Bonaldi) Miguel Amarillo (coros y bajo el\u00e9ctrico), Jorge Bonaldi (guitarras, voz y coros), Ra\u00fal Castro (congas, voz, coros), Jorge Lazaroff (voz, flauta, coros)<\/p>\n<p><span class=\"text2\">\u00cdbero Vive<\/span>&nbsp;(Jorge Bonaldi-Jorge Lazaroff) Miguel Amarillo (bajo el\u00e9ctrico), Jorge Bonaldi (guitarra el\u00e9ctrica), Ra\u00fal Castro (congas), Jorge Lazaroff (piano)<\/p>\n<p><span class=\"text2\">Si esta luz no te alcanza<\/span>&nbsp;(\u00cdbero Guti\u00e9rrez-Jorge Bonaldi) Miguel Amarillo, Jorge Bonaldi, Ra\u00fal Castro (voces), Jorge Lazaroff (voz y piano)<\/p>\n<p align=\"justify\"><span class=\"text2\">Juan Sue\u00f1o sue\u00f1a<\/span>&nbsp;(L\u00edber Falco-Jorge Lazaroff) Jorge Bonaldi (voz, coros), Ra\u00fal Castro (voz, coros), Jorge Lazaroff (piano, voz, coros), Jaime Roos (coros)<\/p>\n<p><span class=\"text2\">La Pasionaria<\/span>&nbsp;(Nicol\u00e1s Guill\u00e9n-H\u00e9ctor Numa Moraes) Miguel Amarillo (bajo el\u00e9ctrico, voz) Jorge Bonaldi (guitarra espa\u00f1ola y voz), Ra\u00fal Castro (congas, voz), Jorge Lazaroff (voz, piano, guitarra el\u00e9ctrica), Dar\u00edo Otorgu\u00e9s (bater\u00eda)<\/p>\n<p><span class=\"text2\">Canci\u00f3n del esposo soldado&nbsp;<\/span>(Miguel Hern\u00e1ndez-Jorge Lazaroff) Miguel Amarillo (voz), Jorge Bonaldi (voz, guitarra c.\/acero), Ra\u00fal Castro (voz), Jorge Lazaroff (voz, guitarra y piano)<\/p>\n<p><span class=\"text2\">Canci\u00f3n Latinoamericana&nbsp;<\/span>(R.Castro-Jorge Bonaldi \/ Jorge Lazaroff) Jorge Bonaldi (voz, coros, charango, guitarra c.\/acero), Ra\u00fal Castro (voz), Daniel Haedo (refuerzo de coros), Jorge Lazaroff (voz, coros, piano, guitarra y flautas), Jaime Roos (coros, bajo el\u00e9ctrico y bombo leg\u00fcero), Jorge Trasante (percusi\u00f3n, congas)<\/p>\n<p><span class=\"text2\">A la Espa\u00f1a Obrera<\/span>&nbsp;(L\u00edber Falco- Jorge Bonaldi) Jorge Bonaldi (guitarras y voz), Ra\u00fal Castro (voz), Jorge Lazaroff (flautas y coro), Rosario Lazaroff (coro), Jaime Roos (coro)<\/p>\n<p><span class=\"text2\">Canci\u00f3n de cuna en el cantegril<\/span>&nbsp;(Luciana Possamay-Jorge Bonaldi) Jorge Bonaldi (guitarras, voz y coro), Ra\u00fal Castro (voz, coro), Daniel Haedo (refuerzo de coro), Jorge Lazaroff (flauta, coro), Jorge Trasante (percusi\u00f3n)<\/p>\n<p><span class=\"text2\">La denuncia<\/span>&nbsp;(Violeta Parra) Jorge Bonaldi (charango y coro), Ra\u00fal Castro (coro), Mary Da Cunha (voz), Eduardo Ferreira (flauta), Jorge Lazaroff (coro y flauta), Jaime Roos (bajo el\u00e9ctrico), Jorge Trasante (bombo leg\u00fcero)<\/p>\n<p><span class=\"text2\">La sangre de mi pueblo<\/span>&nbsp;(Ra\u00fal Castro-Jorge Bonaldi) Jorge Bonaldi (voz, guitarrac.\/acero), Ra\u00fal Castro (percusi\u00f3n, voz) Jorge Lazaroff (coros, guitarra), Jaime Roos (coros, pandereta)<\/p>\n<p><span class=\"text2\">Caramba Amigo<\/span>&nbsp;(\u00cdbero Guti\u00e9rrez- Jorge Lazaroff) Grabada en vivo en agosto de 1973 en el teatro Stella. Miguel Amarillo (coros), Jorge Bonaldi (voz, guitarra), Ra\u00fal Castro (voz, congas), Jorge Lazaroff (voz, guitarra)<\/p>\n<p><span class=\"text2\">Canci\u00f3n de Los Obreros<\/span>&nbsp;(Ra\u00fal Castro- Jorge Lazaroff) Miguel Amarillo (guitarra, voz, coros), Jorge Bonaldi (guit. cuerdas de acero, voz, coros), Ra\u00fal Castro (voz, percusi\u00f3n), Jorge Lazaroff (guitarra, voz, coros)<\/p>\n<p><span class=\"text2\">Los momentos<\/span>&nbsp;(Eduardo Gatti) Miguel Amarillo (voz, guitarra), Jorge Bonaldi (coros, guitarra c.\/acero), Ra\u00fal Castro (coros, percusi\u00f3n), Jorge Lazaroff (guitarra el\u00e9ctrica, coro)<\/p>\n<p align=\"justify\">El cuarteto <strong>Patria Libre<\/strong>&nbsp;tuvo su origen en el contexto del empuje revolucionario generado en Montevideo, bajo las influencias de la Revoluci\u00f3n Cubana, la gesta del &#8220;Che&#8221; en Bolivia, el experimento socialista de Salvador Allende en Chile, los coletazos del mayo franc\u00e9s del &#8217;68 y la consiguiente percepci\u00f3n local en ciertos estratos sociales, de que era posible lograr la felicidad colectiva a partir de cambios estructurales m\u00e1s o menos posibles en el Uruguay de principios de 1970. A esto habr\u00eda que a\u00f1adir las fuertes tensiones pol\u00edticas que condujeron al golpe de estado de 1973.<br \/>\nLa actividad del conjunto <strong>Patria Libre<\/strong> se desarroll\u00f3 entre mediados de 1972 y finales de 1975 en medio de una creciente represi\u00f3n hacia las masas obreras y estudiantiles. Fueron escenarios habituales de <strong>Patria Libre<\/strong> los actos pol\u00edticos callejeros, los comit\u00e9s de base, el circuito universitario, las f\u00e1bricas ocupadas, los locales sindicales, los grandes actos de masas producidos en estadios y algunos teatros generalmente identificados con la izquierda uruguaya.<br \/>\nHacia 1974, y a causa de una situaci\u00f3n cada vez m\u00e1s peligrosa para los trabajadores de la cultura, cesaron en Uruguay las presentaciones de <strong>Patria Libre<\/strong>, teniendo \u00e9stas una breve continuidad en Espa\u00f1a y Francia entre setiembre y noviembre de 1975 en el legendario local de El Koya (calle del Lim\u00f3n N\u00ba 12, Madrid) y en los gigantescos festivales F\u00eate Rouge y F\u00eate de L&#8217;Humanit\u00e9 (Par\u00eds).<\/p>\n<p>&nbsp;<\/p>\n<p>Fuente: <a href=\"http:\/\/www.perroandaluz.com\/catalogo\/cancion\/patria_libre.html\" target=\"_blank\" rel=\"noopener\">perroandaluz.com<\/a><\/p>\n<p>&nbsp;<\/p>\n<p>&nbsp;<\/p>\n<p>&nbsp;<\/p>\n","protected":false},"excerpt":{"rendered":"<p>El cuarteto Patria Libre\u00a0tuvo su origen en el contexto del empuje revolucionario generado en Montevideo, bajo las influencias de la Revoluci\u00f3n Cubana, la gesta del &#8220;Che&#8221; en Bolivia, el experimento socialista de Salvador Allende en Chile, los coletazos del mayo franc\u00e9s del &#8217;68 y la consiguiente percepci\u00f3n local en ciertos estratos sociales, de que era posible lograr la felicidad colectiva a partir de cambios estructurales m\u00e1s o menos posibles en el Uruguay de principios de 1970. A esto habr\u00eda que a\u00f1adir las fuertes tensiones pol\u00edticas que condujeron al golpe de estado de 1973.<br \/>\nLa actividad del conjunto Patria Libre se desarroll\u00f3 entre mediados de 1972 y finales de 1975 en medio de una creciente represi\u00f3n hacia las masas obreras y estudiantiles. Fueron escenarios habituales de Patria Libre los actos pol\u00edticos callejeros, los comit\u00e9s de base, el circuito universitario, las f\u00e1bricas ocupadas, los locales sindicales, los grandes actos de masas producidos en estadios y algunos teatros generalmente identificados con la izquierda uruguaya.<br \/>\nHacia 1974, y a causa de una situaci\u00f3n cada vez m\u00e1s peligrosa para los trabajadores de la cultura, cesaron en Uruguay las presentaciones de Patria Libre, teniendo \u00e9stas una breve continuidad en Espa\u00f1a y Francia entre setiembre y noviembre de 1975 en el legendario local de El Koya (calle del Lim\u00f3n N\u00ba 12, Madrid) y en los gigantescos festivales F\u00eate Rouge y F\u00eate de L&#8217;Humanit\u00e9 (Par\u00eds).<\/p>\n","protected":false},"author":8,"featured_media":82266,"comment_status":"closed","ping_status":"closed","sticky":false,"template":"","format":"standard","meta":{"om_disable_all_campaigns":false,"ngg_post_thumbnail":0,"jnews-multi-image_gallery":[],"jnews_single_post":{"subtitle":"Miguel Amarillo - Jorge Bonaldi - Ra\u00fal Castro - Jorge Lazaroff","format":"standard","video":"","gallery":"","source_name":"","source_url":"","via_name":"","via_url":"","override_template":"0","override":[{"template":"1","single_blog_custom":"","parallax":"1","fullscreen":"1","layout":"right-sidebar","sidebar":"default-sidebar","second_sidebar":"default-sidebar","sticky_sidebar":"1","share_position":"top","share_float_style":"share-monocrhome","show_share_counter":"1","show_view_counter":"1","show_featured":"1","show_post_meta":"1","show_post_author":"1","show_post_author_image":"1","show_post_date":"1","post_date_format":"default","post_date_format_custom":"Y\/m\/d","show_post_category":"1","show_post_reading_time":"0","post_reading_time_wpm":"300","show_zoom_button":"0","zoom_button_out_step":"2","zoom_button_in_step":"3","show_post_tag":"1","show_prev_next_post":"1","show_popup_post":"1","number_popup_post":"1","show_author_box":"0","show_post_related":"0","show_inline_post_related":"0"}],"override_image_size":"0","image_override":[{"single_post_thumbnail_size":"crop-500","single_post_gallery_size":"crop-500"}],"trending_post":"0","trending_post_position":"meta","trending_post_label":"Trending","sponsored_post":"0","sponsored_post_label":"Sponsored by","sponsored_post_name":"","sponsored_post_url":"","sponsored_post_logo_enable":"0","sponsored_post_logo":"","sponsored_post_desc":"","disable_ad":"0"},"jnews_primary_category":{"id":"","hide":""},"jnews_social_meta":{"fb_title":"","fb_description":"","fb_image":"","twitter_title":"","twitter_description":"","twitter_image":""},"jnews_override_counter":{"override_view_counter":"0","view_counter_number":"0","override_share_counter":"0","share_counter_number":"0","override_like_counter":"0","like_counter_number":"0","override_dislike_counter":"0","dislike_counter_number":"0"},"footnotes":""},"categories":[73],"tags":[13466,5430,16933,16934,1676],"class_list":["post-82265","post","type-post","status-publish","format-standard","has-post-thumbnail","hentry","category-discos","tag-jorge-bonaldi","tag-jorge-lazaroff","tag-miguel-amarillo","tag-patria-libre","tag-raul-castro"],"yoast_head":"<!-- This site is optimized with the Yoast SEO plugin v27.5 - https:\/\/yoast.com\/product\/yoast-seo-wordpress\/ -->\n<title>La historia de Patria Libre - Patria Libre (1972-1975) - Cooltivarte Portal<\/title>\n<meta name=\"description\" content=\"El cuarteto Patria Libre\u00a0tuvo su origen en el contexto del empuje revolucionario generado en Montevideo, bajo las influencias de la Revoluci\u00f3n Cubana, la gesta del &quot;Che&quot; en Bolivia, el experimento socialista de Salvador Allende en Chile, los coletazos del mayo franc\u00e9s del &#039;68\" \/>\n<meta name=\"robots\" content=\"index, follow, max-snippet:-1, max-image-preview:large, max-video-preview:-1\" \/>\n<link rel=\"canonical\" href=\"https:\/\/cooltivarte.com\/portal\/la-historia-de-patria-libre-patria-libre-1972-1975\/\" \/>\n<meta property=\"og:locale\" content=\"es_ES\" \/>\n<meta property=\"og:type\" content=\"article\" \/>\n<meta property=\"og:title\" content=\"La historia de Patria Libre - Patria Libre (1972-1975) Miguel Amarillo - Jorge Bonaldi - Ra\u00fal Castro - Jorge Lazaroff\" \/>\n<meta property=\"og:description\" content=\"El cuarteto Patria Libre\u00a0tuvo su origen en el contexto del empuje revolucionario generado en Montevideo, bajo las influencias de la Revoluci\u00f3n Cubana, la gesta del &quot;Che&quot; en Bolivia, el experimento socialista de Salvador Allende en Chile, los coletazos del mayo franc\u00e9s del &#039;68 y la consiguiente percepci\u00f3n local en ciertos estratos sociales, de que era posible lograr la felicidad colectiva a partir de cambios estructurales m\u00e1s o menos posibles en el Uruguay de principios de 1970.\" \/>\n<meta property=\"og:url\" content=\"https:\/\/cooltivarte.com\/portal\/la-historia-de-patria-libre-patria-libre-1972-1975\/\" \/>\n<meta property=\"og:site_name\" content=\"Cooltivarte Portal\" \/>\n<meta property=\"article:publisher\" content=\"https:\/\/www.facebook.com\/cooltivartecom\/\" \/>\n<meta property=\"article:author\" content=\"https:\/\/www.facebook.com\/cooltivartecom\" \/>\n<meta property=\"article:published_time\" content=\"2022-06-19T00:51:43+00:00\" \/>\n<meta property=\"article:modified_time\" content=\"2024-03-11T21:04:51+00:00\" \/>\n<meta property=\"og:image\" content=\"https:\/\/cooltivarte.com\/portal\/wp-content\/uploads\/2022\/06\/Patria-Libre.jpg\" \/>\n\t<meta property=\"og:image:width\" content=\"595\" \/>\n\t<meta property=\"og:image:height\" content=\"596\" \/>\n\t<meta property=\"og:image:type\" content=\"image\/jpeg\" \/>\n<meta name=\"author\" content=\"Cooltivarte\" \/>\n<meta name=\"twitter:card\" content=\"summary_large_image\" \/>\n<meta name=\"twitter:title\" content=\"La historia de Patria Libre - Patria Libre (1972-1975) Miguel Amarillo - Jorge Bonaldi - Ra\u00fal Castro - Jorge Lazaroff\" \/>\n<meta name=\"twitter:description\" content=\"El cuarteto Patria Libre\u00a0tuvo su origen en el contexto del empuje revolucionario generado en Montevideo, bajo las influencias de la Revoluci\u00f3n Cubana, la gesta del &quot;Che&quot; en Bolivia, el experimento socialista de Salvador Allende en Chile, los coletazos del mayo franc\u00e9s del &#039;68 y la consiguiente percepci\u00f3n local en ciertos estratos sociales, de que era posible lograr la felicidad colectiva a partir de cambios estructurales m\u00e1s o menos posibles en el Uruguay de principios de 1970.\" \/>\n<meta name=\"twitter:image\" content=\"https:\/\/cooltivarte.com\/portal\/wp-content\/uploads\/2022\/06\/Patria-Libre.jpg\" \/>\n<meta name=\"twitter:creator\" content=\"@https:\/\/x.com\/obolocultural\" \/>\n<meta name=\"twitter:site\" content=\"@obolocultural\" \/>\n<meta name=\"twitter:label1\" content=\"Escrito por\" \/>\n\t<meta name=\"twitter:data1\" content=\"Cooltivarte\" \/>\n\t<meta name=\"twitter:label2\" content=\"Tiempo de lectura\" \/>\n\t<meta name=\"twitter:data2\" content=\"5 minutos\" \/>\n<!-- \/ Yoast SEO plugin. -->","yoast_head_json":{"title":"La historia de Patria Libre - Patria Libre (1972-1975) - Cooltivarte Portal","description":"El cuarteto Patria Libre\u00a0tuvo su origen en el contexto del empuje revolucionario generado en Montevideo, bajo las influencias de la Revoluci\u00f3n Cubana, la gesta del \"Che\" en Bolivia, el experimento socialista de Salvador Allende en Chile, los coletazos del mayo franc\u00e9s del '68","robots":{"index":"index","follow":"follow","max-snippet":"max-snippet:-1","max-image-preview":"max-image-preview:large","max-video-preview":"max-video-preview:-1"},"canonical":"https:\/\/cooltivarte.com\/portal\/la-historia-de-patria-libre-patria-libre-1972-1975\/","og_locale":"es_ES","og_type":"article","og_title":"La historia de Patria Libre - Patria Libre (1972-1975) Miguel Amarillo - Jorge Bonaldi - Ra\u00fal Castro - Jorge Lazaroff","og_description":"El cuarteto Patria Libre\u00a0tuvo su origen en el contexto del empuje revolucionario generado en Montevideo, bajo las influencias de la Revoluci\u00f3n Cubana, la gesta del \"Che\" en Bolivia, el experimento socialista de Salvador Allende en Chile, los coletazos del mayo franc\u00e9s del '68 y la consiguiente percepci\u00f3n local en ciertos estratos sociales, de que era posible lograr la felicidad colectiva a partir de cambios estructurales m\u00e1s o menos posibles en el Uruguay de principios de 1970.","og_url":"https:\/\/cooltivarte.com\/portal\/la-historia-de-patria-libre-patria-libre-1972-1975\/","og_site_name":"Cooltivarte Portal","article_publisher":"https:\/\/www.facebook.com\/cooltivartecom\/","article_author":"https:\/\/www.facebook.com\/cooltivartecom","article_published_time":"2022-06-19T00:51:43+00:00","article_modified_time":"2024-03-11T21:04:51+00:00","og_image":[{"width":595,"height":596,"url":"https:\/\/cooltivarte.com\/portal\/wp-content\/uploads\/2022\/06\/Patria-Libre.jpg","type":"image\/jpeg"}],"author":"Cooltivarte","twitter_card":"summary_large_image","twitter_title":"La historia de Patria Libre - Patria Libre (1972-1975) Miguel Amarillo - Jorge Bonaldi - Ra\u00fal Castro - Jorge Lazaroff","twitter_description":"El cuarteto Patria Libre\u00a0tuvo su origen en el contexto del empuje revolucionario generado en Montevideo, bajo las influencias de la Revoluci\u00f3n Cubana, la gesta del \"Che\" en Bolivia, el experimento socialista de Salvador Allende en Chile, los coletazos del mayo franc\u00e9s del '68 y la consiguiente percepci\u00f3n local en ciertos estratos sociales, de que era posible lograr la felicidad colectiva a partir de cambios estructurales m\u00e1s o menos posibles en el Uruguay de principios de 1970.","twitter_image":"https:\/\/cooltivarte.com\/portal\/wp-content\/uploads\/2022\/06\/Patria-Libre.jpg","twitter_creator":"@https:\/\/x.com\/obolocultural","twitter_site":"@obolocultural","twitter_misc":{"Escrito por":"Cooltivarte","Tiempo de lectura":"5 minutos"},"schema":{"@context":"https:\/\/schema.org","@graph":[{"@type":"NewsArticle","@id":"https:\/\/cooltivarte.com\/portal\/la-historia-de-patria-libre-patria-libre-1972-1975\/#article","isPartOf":{"@id":"https:\/\/cooltivarte.com\/portal\/la-historia-de-patria-libre-patria-libre-1972-1975\/"},"author":{"name":"Cooltivarte","@id":"https:\/\/cooltivarte.com\/portal\/#\/schema\/person\/ec2a4f4e71b740d0c559c0ab9a157e19"},"headline":"La historia de Patria Libre &#8211; Patria Libre (1972-1975)","datePublished":"2022-06-19T00:51:43+00:00","dateModified":"2024-03-11T21:04:51+00:00","mainEntityOfPage":{"@id":"https:\/\/cooltivarte.com\/portal\/la-historia-de-patria-libre-patria-libre-1972-1975\/"},"wordCount":1001,"publisher":{"@id":"https:\/\/cooltivarte.com\/portal\/#organization"},"image":{"@id":"https:\/\/cooltivarte.com\/portal\/la-historia-de-patria-libre-patria-libre-1972-1975\/#primaryimage"},"thumbnailUrl":"https:\/\/cooltivarte.com\/portal\/wp-content\/uploads\/2022\/06\/Patria-Libre.jpg","keywords":["Jorge Bonaldi","Jorge Lazaroff","Miguel Amarillo","Patria Libre","Ra\u00fal Castro"],"articleSection":["Discos"],"inLanguage":"es-AR"},{"@type":"WebPage","@id":"https:\/\/cooltivarte.com\/portal\/la-historia-de-patria-libre-patria-libre-1972-1975\/","url":"https:\/\/cooltivarte.com\/portal\/la-historia-de-patria-libre-patria-libre-1972-1975\/","name":"La historia de Patria Libre - Patria Libre (1972-1975) - Cooltivarte Portal","isPartOf":{"@id":"https:\/\/cooltivarte.com\/portal\/#website"},"primaryImageOfPage":{"@id":"https:\/\/cooltivarte.com\/portal\/la-historia-de-patria-libre-patria-libre-1972-1975\/#primaryimage"},"image":{"@id":"https:\/\/cooltivarte.com\/portal\/la-historia-de-patria-libre-patria-libre-1972-1975\/#primaryimage"},"thumbnailUrl":"https:\/\/cooltivarte.com\/portal\/wp-content\/uploads\/2022\/06\/Patria-Libre.jpg","datePublished":"2022-06-19T00:51:43+00:00","dateModified":"2024-03-11T21:04:51+00:00","description":"El cuarteto Patria Libre\u00a0tuvo su origen en el contexto del empuje revolucionario generado en Montevideo, bajo las influencias de la Revoluci\u00f3n Cubana, la gesta del \"Che\" en Bolivia, el experimento socialista de Salvador Allende en Chile, los coletazos del mayo franc\u00e9s del '68","breadcrumb":{"@id":"https:\/\/cooltivarte.com\/portal\/la-historia-de-patria-libre-patria-libre-1972-1975\/#breadcrumb"},"inLanguage":"es-AR","potentialAction":[{"@type":"ReadAction","target":["https:\/\/cooltivarte.com\/portal\/la-historia-de-patria-libre-patria-libre-1972-1975\/"]}]},{"@type":"ImageObject","inLanguage":"es-AR","@id":"https:\/\/cooltivarte.com\/portal\/la-historia-de-patria-libre-patria-libre-1972-1975\/#primaryimage","url":"https:\/\/cooltivarte.com\/portal\/wp-content\/uploads\/2022\/06\/Patria-Libre.jpg","contentUrl":"https:\/\/cooltivarte.com\/portal\/wp-content\/uploads\/2022\/06\/Patria-Libre.jpg","width":595,"height":596,"caption":"La historia de Patria Libre - Patria Libre (1972-1975) Miguel Amarillo - Jorge Bonaldi - Ra\u00fal Castro - Jorge Lazaroff"},{"@type":"BreadcrumbList","@id":"https:\/\/cooltivarte.com\/portal\/la-historia-de-patria-libre-patria-libre-1972-1975\/#breadcrumb","itemListElement":[{"@type":"ListItem","position":1,"name":"Portada","item":"https:\/\/cooltivarte.com\/portal\/"},{"@type":"ListItem","position":2,"name":"La historia de Patria Libre &#8211; Patria Libre (1972-1975)"}]},{"@type":"WebSite","@id":"https:\/\/cooltivarte.com\/portal\/#website","url":"https:\/\/cooltivarte.com\/portal\/","name":"Cooltivarte Portal","description":"Arte, cultura y turismo para el mundo ...","publisher":{"@id":"https:\/\/cooltivarte.com\/portal\/#organization"},"potentialAction":[{"@type":"SearchAction","target":{"@type":"EntryPoint","urlTemplate":"https:\/\/cooltivarte.com\/portal\/?s={search_term_string}"},"query-input":{"@type":"PropertyValueSpecification","valueRequired":true,"valueName":"search_term_string"}}],"inLanguage":"es-AR"},{"@type":"Organization","@id":"https:\/\/cooltivarte.com\/portal\/#organization","name":"cooltivarte","url":"https:\/\/cooltivarte.com\/portal\/","logo":{"@type":"ImageObject","inLanguage":"es-AR","@id":"https:\/\/cooltivarte.com\/portal\/#\/schema\/logo\/image\/","url":"https:\/\/cooltivarte.com\/portal\/wp-content\/uploads\/2020\/04\/logo-cooltivarte-v2.png","contentUrl":"https:\/\/cooltivarte.com\/portal\/wp-content\/uploads\/2020\/04\/logo-cooltivarte-v2.png","width":851,"height":243,"caption":"cooltivarte"},"image":{"@id":"https:\/\/cooltivarte.com\/portal\/#\/schema\/logo\/image\/"},"sameAs":["https:\/\/www.facebook.com\/cooltivartecom\/","https:\/\/x.com\/obolocultural","https:\/\/www.instagram.com\/_cooltivarte_\/","https:\/\/www.linkedin.com\/company\/-bolocultural?reportsuccess=8zaNG1HwhPbAR9iQhZ5rfGeqz_vQFftHun0ZWU0Wy9vNemRJ8vtcKdJvzQfW8XagyOJSKg0XvfJ1dp","https:\/\/www.pinterest.com\/cooltivarte\/","https:\/\/cooltivarte.tumblr.com\/","https:\/\/www.tiktok.com\/@cooltivarte","https:\/\/www.youtube.com\/@PrensaCooltivarte"]},{"@type":"Person","@id":"https:\/\/cooltivarte.com\/portal\/#\/schema\/person\/ec2a4f4e71b740d0c559c0ab9a157e19","name":"Cooltivarte","image":{"@type":"ImageObject","inLanguage":"es-AR","@id":"https:\/\/cooltivarte.com\/portal\/wp-content\/uploads\/2014\/05\/logo-cooltivarte-120x120.jpg","url":"https:\/\/cooltivarte.com\/portal\/wp-content\/uploads\/2014\/05\/logo-cooltivarte-120x120.jpg","contentUrl":"https:\/\/cooltivarte.com\/portal\/wp-content\/uploads\/2014\/05\/logo-cooltivarte-120x120.jpg","caption":"Cooltivarte"},"description":"Somos COOLTIVARTE.COM. Un portal digital dedicado a difundir el acontecer art\u00edstico y cultural del Uruguay. Estamos en la vuelta desde el a\u00f1o 2003, y como evoluci\u00f3n del bolet\u00edn Obolo Cultural, nos encontramos abocados a apoyar a los artistas nacionales brind\u00e1ndoles un espacio de difusi\u00f3n. Creemos en la idea de utilizar la potencialidad que hoy d\u00eda nos otorga la web, para que la cultura uruguaya y sus creadores dispongan de una din\u00e1mica ventana, que los ponga en contacto entre s\u00ed y con el mundo. Somos COOLTIVARTE.COM y pretendemos configurarnos como un portal din\u00e1mico, entretenido y atento a los nuevos emprendimientos, que busque siempre la interacci\u00f3n con los artistas.","sameAs":["http:\/\/www.cooltivarte.com","https:\/\/www.facebook.com\/cooltivartecom","https:\/\/www.instagram.com\/_cooltivarte_\/","https:\/\/www.linkedin.com\/company\/-bolocultural","https:\/\/www.pinterest.com\/cooltivarte\/","https:\/\/x.com\/https:\/\/x.com\/obolocultural","https:\/\/www.youtube.com\/@PrensaCooltivarte","https:\/\/www.tumblr.com\/blog\/cooltivarte"],"url":"https:\/\/cooltivarte.com\/portal\/author\/cooltivarte\/"}]}},"_links":{"self":[{"href":"https:\/\/cooltivarte.com\/portal\/wp-json\/wp\/v2\/posts\/82265","targetHints":{"allow":["GET"]}}],"collection":[{"href":"https:\/\/cooltivarte.com\/portal\/wp-json\/wp\/v2\/posts"}],"about":[{"href":"https:\/\/cooltivarte.com\/portal\/wp-json\/wp\/v2\/types\/post"}],"author":[{"embeddable":true,"href":"https:\/\/cooltivarte.com\/portal\/wp-json\/wp\/v2\/users\/8"}],"replies":[{"embeddable":true,"href":"https:\/\/cooltivarte.com\/portal\/wp-json\/wp\/v2\/comments?post=82265"}],"version-history":[{"count":4,"href":"https:\/\/cooltivarte.com\/portal\/wp-json\/wp\/v2\/posts\/82265\/revisions"}],"predecessor-version":[{"id":100560,"href":"https:\/\/cooltivarte.com\/portal\/wp-json\/wp\/v2\/posts\/82265\/revisions\/100560"}],"wp:featuredmedia":[{"embeddable":true,"href":"https:\/\/cooltivarte.com\/portal\/wp-json\/wp\/v2\/media\/82266"}],"wp:attachment":[{"href":"https:\/\/cooltivarte.com\/portal\/wp-json\/wp\/v2\/media?parent=82265"}],"wp:term":[{"taxonomy":"category","embeddable":true,"href":"https:\/\/cooltivarte.com\/portal\/wp-json\/wp\/v2\/categories?post=82265"},{"taxonomy":"post_tag","embeddable":true,"href":"https:\/\/cooltivarte.com\/portal\/wp-json\/wp\/v2\/tags?post=82265"}],"curies":[{"name":"wp","href":"https:\/\/api.w.org\/{rel}","templated":true}]}}