{"id":82222,"date":"2022-06-17T18:28:19","date_gmt":"2022-06-17T21:28:19","guid":{"rendered":"https:\/\/cooltivarte.com\/portal\/?p=82222"},"modified":"2022-06-17T19:20:56","modified_gmt":"2022-06-17T22:20:56","slug":"gladys-afamado-sera-la-homenajeada-en-el-60-o-premio-nacional-de-artes-visuales","status":"publish","type":"post","link":"https:\/\/cooltivarte.com\/portal\/gladys-afamado-sera-la-homenajeada-en-el-60-o-premio-nacional-de-artes-visuales\/","title":{"rendered":"Gladys Afamado ser\u00e1 la homenajeada en el 60.\u00ba Premio Nacional de Artes Visuales"},"content":{"rendered":"<p><a href=\"https:\/\/cooltivarte.com\/portal\/wp-content\/uploads\/2022\/06\/Gladys-afamado-PNAAVV_noticia.png\"><img fetchpriority=\"high\" decoding=\"async\" class=\"size-full wp-image-82223\" src=\"https:\/\/cooltivarte.com\/portal\/wp-content\/uploads\/2022\/06\/Gladys-afamado-PNAAVV_noticia.png\" alt=\"Gladys Afamado ser\u00e1 la homenajeada en el 60.\u00ba Premio Nacional de Artes Visuales\" width=\"945\" height=\"531\" srcset=\"https:\/\/cooltivarte.com\/portal\/wp-content\/uploads\/2022\/06\/Gladys-afamado-PNAAVV_noticia.png 945w, https:\/\/cooltivarte.com\/portal\/wp-content\/uploads\/2022\/06\/Gladys-afamado-PNAAVV_noticia-300x169.png 300w, https:\/\/cooltivarte.com\/portal\/wp-content\/uploads\/2022\/06\/Gladys-afamado-PNAAVV_noticia-768x432.png 768w\" sizes=\"(max-width: 945px) 100vw, 945px\" \/><\/a><\/p>\n<p>El <strong>Instituto Nacional de Artes Visuales<\/strong> (INAV) tiene el agrado de anunciar a <a href=\"https:\/\/cooltivarte.com\/portal\/?s=Gladys+Afamado\" target=\"_blank\" rel=\"noopener\"><strong>Gladys Afamado<\/strong><\/a> como artista homenajeada en el <strong>60.\u00b0 <a href=\"https:\/\/cooltivarte.com\/portal\/?s=Premio+Nacional+de+Artes+Visuales\" target=\"_blank\" rel=\"noopener\">Premio Nacional de Artes Visuales<\/a><\/strong>, que tendr\u00e1 lugar en el <a href=\"https:\/\/cooltivarte.com\/portal\/?s=Espacio+de+Arte+Contempor\u00e1neo\" target=\"_blank\" rel=\"noopener\"><strong>Espacio de Arte Contempor\u00e1neo<\/strong><\/a> (EAC) en diciembre de 2022.<\/p>\n<p>La designaci\u00f3n de la artista fue propuesta por la coordinadora del INAV, <strong>Silvana Bergson<\/strong>, y acompa\u00f1ada por la Comisi\u00f3n Nacional de Artes Visuales, en un claro reconocimiento a su destacada trayectoria y&nbsp; legado en las pr\u00e1cticas art\u00edsticas contempor\u00e1neas.<\/p>\n<p>En el marco de la exhibici\u00f3n del <strong>60.\u00b0 Premio Nacional de Artes Visuales<\/strong>, el Instituto realizar\u00e1 una muestra &#8211; homenaje, con curadur\u00eda de <strong>Mar\u00eda<\/strong> <strong>Eugenia Grau<\/strong>, como parte del reconocimiento a Afamado.&nbsp;<\/p>\n<p><strong>&nbsp;<br \/>\nSobre la artista<\/strong><\/p>\n<p><a href=\"https:\/\/cooltivarte.com\/portal\/?s=Gladys+Afamado\" target=\"_blank\" rel=\"noopener\"><strong>Gladys Afamado<\/strong><\/a> Naci\u00f3 en Montevideo el 24 de mayo de 1925, es una artista de gran trayectoria y formaci\u00f3n permanente.<\/p>\n<p>Se ha destacado mucho en el campo del grabado, pero ha abarcado la pintura, las instalaciones y el arte digital.<\/p>\n<p>Inici\u00f3 sus estudios en el C\u00edrculo de Bellas Artes y en la Escuela Nacional de Bellas Artes entre 1940 y 1950, fue disc\u00edpula de <strong>Domingo Bazzurro<\/strong> y de <strong>Adolfo Pastor<\/strong>.<\/p>\n<p>Entre 1945 y 1950 estudi\u00f3 viol\u00edn con <strong>Beatriz Tusset<\/strong>, participando en la orquesta de c\u00e1mara &#8220;Anfi\u00f3n&#8221; dirigida por Tusset.<\/p>\n<p>Desde 1954 se vincul\u00f3 al Club del Grabado, participando en las muestras nacionales e internacionales de la instituci\u00f3n.<\/p>\n<p>Expuso en salones nacionales y municipales, en la Feria del Libro y el Grabado.<\/p>\n<p>En 1960 asisti\u00f3 al taller de cer\u00e1mica de <strong>Duncan Quintela<\/strong>, en 1970 estudi\u00f3 serigraf\u00eda con <strong>Rimer Cardillo<\/strong>.<\/p>\n<p>En 1984 viaj\u00f3 a Espa\u00f1a becada por concurso, donde asiste a un curso de &#8220;papel a mano&#8221; en Capellades, Barcelona, con <strong>Laurence Barker<\/strong> y <strong>Frederic Amat<\/strong>.<\/p>\n<p>En 1985 realiz\u00f3 el curso de postgrado &#8220;T\u00e9cnicas del grabado en metal&#8221;, en el Museo de Nacional de Artes Visuales dictado por el profesor <strong>D. Finkbeiner<\/strong>, de la Universidad de New York.<\/p>\n<p>Entre 1975 y 2010 realiz\u00f3 diversas muestras individuales y public\u00f3 libros de poes\u00eda.<\/p>\n<p>Entre 1955 y 2010 particip\u00f3 de muestras colectivas en el exterior: &#8220;2\u00aa Bienal de J\u00f3venes de Par\u00eds&#8221;, Francia; &#8220;1er.&nbsp;Sal\u00f3n de Artistas J\u00f3venes de Am\u00e9rica Latina&#8221; Buenos Aires, Argentina; &#8220;4a.Trienal de Grabados de Grenchen&#8221;, Suiza; &#8220;Bienal de Casa de las Am\u00e9ricas&#8221;, La Habana; &#8220;Sal\u00f3n de Grabados&#8221;, Cali, Colombia; &#8220;1\u00aaBienal de Artes Gr\u00e1ficas&#8221; Segovia, Espa\u00f1a; Museo de Arte de R\u00edo Grande, MARGS, Brasil; Bienal de Ljubljana, Yugoeslavia; Presencia Femenina Latinoamericana, Santiago de Chile; Bienal de Arte Digital, Sarcelles, Francia; Encuentro Internacional de Poes\u00eda Visual (Multimedia), Vortice Argentina, en Buenos Aires.<\/p>\n<p>En el 2000 recibi\u00f3 el Premio Morosoli en la trayectoria en Grabado. En el 2008 le fue otorgado el Premio Figari por el Banco Central del Uruguay.<\/p>\n<p>&nbsp;<\/p>\n<div class=\"col-sm-3 col-xs-5\"><a href=\"http:\/\/acervo.mnav.gub.uy\/amp.php?o=5347\"><img decoding=\"async\" title=\"M\u00e1quina para hacer micrograbados - Gladys Afamado de Sans\" src=\"http:\/\/acervo.mnav.gub.uy\/invFotos\/S\/5347.jpg\" alt=\"Obra: M\u00e1quina para hacer micrograbados - Gladys Afamado de Sans\"\/><\/a><\/div>\n<div class=\"col-sm-9 col-xs-7\"><em>N\u00ba de Inventario<\/em>:&nbsp;<strong>5347<\/strong><br \/>\n<em>T\u00edtulo<\/em>:&nbsp;<strong>M\u00e1quina para hacer micrograbados<\/strong><br \/>\n<em>Autor<\/em>:&nbsp;<strong><a href=\"http:\/\/acervo.mnav.gub.uy\/obras.php?q=na:39\" target=\"_blank\" rel=\"noopener\">Gladys Afamado de Sans<\/a>&nbsp;(1925)<\/strong><br \/>\n<em>T\u00e9cnica<\/em>:&nbsp;<strong>Linograf\u00eda y collage<\/strong><br \/>\n<em>Soporte<\/em>:&nbsp;<strong>Papel<\/strong><br \/>\n<em>Medidas<\/em>:&nbsp;<strong>85 x 150 cm<\/strong><br \/>\n<em>Realizado<\/em>:&nbsp;<strong>1983<\/strong><br \/>\n<em>Ubicaci\u00f3n:<\/em>&nbsp;<strong><a href=\"http:\/\/acervo.mnav.gub.uy\/obras.php?q=lugar:10\" target=\"_blank\" rel=\"noopener\">Museo Nacional de Artes Visuales<\/a><\/strong><br \/>\n<em>Exhibici\u00f3n<\/em>:&nbsp;<strong><\/strong><strong>No<\/strong>&nbsp;<\/p>\n<\/div>\n<div>&nbsp;<\/div>\n<div>&nbsp;<\/div>\n<div>&nbsp;<\/div>\n<div>&nbsp;<\/div>\n<div>&nbsp;<\/div>\n<div>&nbsp;<\/div>\n<div>&nbsp;<\/div>\n<div>&nbsp;<\/div>\n<div>&nbsp;<\/div>\n<div>&nbsp;<\/div>\n<div>&nbsp;<\/div>\n<div>&nbsp;<\/div>\n<div>&nbsp;<\/div>\n","protected":false},"excerpt":{"rendered":"<p>El Instituto Nacional de Artes Visuales (INAV) tiene el agrado de anunciar a Gladys Afamado como artista homenajeada en el 60.\u00b0 Premio Nacional de Artes Visuales, que tendr\u00e1 lugar en el Espacio de Arte Contempor\u00e1neo (EAC) en diciembre de 2022. La designaci\u00f3n de la artista fue propuesta por la coordinadora del INAV, Silvana Bergson, y [&hellip;]<\/p>\n","protected":false},"author":8,"featured_media":82223,"comment_status":"closed","ping_status":"closed","sticky":false,"template":"","format":"standard","meta":{"om_disable_all_campaigns":false,"ngg_post_thumbnail":0,"jnews-multi-image_gallery":[],"jnews_single_post":{"subtitle":"","format":"standard","video":"","gallery":"","source_name":"","source_url":"","via_name":"","via_url":"","override_template":"0","override":[{"template":"1","single_blog_custom":"","parallax":"1","fullscreen":"1","layout":"right-sidebar","sidebar":"default-sidebar","second_sidebar":"default-sidebar","sticky_sidebar":"1","share_position":"top","share_float_style":"share-monocrhome","show_share_counter":"1","show_view_counter":"1","show_featured":"1","show_post_meta":"1","show_post_author":"1","show_post_author_image":"1","show_post_date":"1","post_date_format":"default","post_date_format_custom":"Y\/m\/d","show_post_category":"1","show_post_reading_time":"0","post_reading_time_wpm":"300","show_zoom_button":"0","zoom_button_out_step":"2","zoom_button_in_step":"3","show_post_tag":"1","show_prev_next_post":"1","show_popup_post":"1","number_popup_post":"1","show_author_box":"0","show_post_related":"0","show_inline_post_related":"0"}],"override_image_size":"0","image_override":[{"single_post_thumbnail_size":"crop-500","single_post_gallery_size":"crop-500"}],"trending_post":"0","trending_post_position":"meta","trending_post_label":"Trending","sponsored_post":"0","sponsored_post_label":"Sponsored by","sponsored_post_name":"","sponsored_post_url":"","sponsored_post_logo_enable":"0","sponsored_post_logo":"","sponsored_post_desc":""},"jnews_primary_category":{"id":""},"jnews_social_meta":{"fb_title":"","fb_description":"","fb_image":"","twitter_title":"","twitter_description":"","twitter_image":""},"jnews_override_counter":{"override_view_counter":"0","view_counter_number":"0","override_share_counter":"0","share_counter_number":"0","override_like_counter":"0","like_counter_number":"0","override_dislike_counter":"0","dislike_counter_number":"0"},"footnotes":""},"categories":[52],"tags":[16924,856,16923,14906],"class_list":["post-82222","post","type-post","status-publish","format-standard","has-post-thumbnail","hentry","category-artista","tag-60-premio-nacional-de-artes-visuales","tag-espacio-de-arte-contemporaneo","tag-gladys-afamado","tag-instituto-nacional-de-artes-visuales"],"yoast_head":"<!-- This site is optimized with the Yoast SEO plugin v27.5 - https:\/\/yoast.com\/product\/yoast-seo-wordpress\/ -->\n<title>Gladys Afamado ser\u00e1 la homenajeada en el 60.\u00ba Premio Nacional de Artes Visuales - Cooltivarte Portal<\/title>\n<meta name=\"description\" content=\"El Instituto Nacional de Artes Visuales (INAV) tiene el agrado de anunciar a Gladys Afamado como artista homenajeada en el 60.\u00b0 Premio Nacional de Artes Visuales, que tendr\u00e1 lugar en el Espacio de Arte Contempor\u00e1neo (EAC) en diciembre de 2022.\" \/>\n<meta name=\"robots\" content=\"index, follow, max-snippet:-1, max-image-preview:large, max-video-preview:-1\" \/>\n<link rel=\"canonical\" href=\"https:\/\/cooltivarte.com\/portal\/gladys-afamado-sera-la-homenajeada-en-el-60-o-premio-nacional-de-artes-visuales\/\" \/>\n<meta property=\"og:locale\" content=\"es_ES\" \/>\n<meta property=\"og:type\" content=\"article\" \/>\n<meta property=\"og:title\" content=\"Gladys Afamado ser\u00e1 la homenajeada en el 60.\u00ba Premio Nacional de Artes Visuales\" \/>\n<meta property=\"og:description\" content=\"El Instituto Nacional de Artes Visuales (INAV) tiene el agrado de anunciar a Gladys Afamado como artista homenajeada en el 60.\u00b0 Premio Nacional de Artes Visuales, que tendr\u00e1 lugar en el Espacio de Arte Contempor\u00e1neo (EAC) en diciembre de 2022.\" \/>\n<meta property=\"og:url\" content=\"https:\/\/cooltivarte.com\/portal\/gladys-afamado-sera-la-homenajeada-en-el-60-o-premio-nacional-de-artes-visuales\/\" \/>\n<meta property=\"og:site_name\" content=\"Cooltivarte Portal\" \/>\n<meta property=\"article:publisher\" content=\"https:\/\/www.facebook.com\/cooltivartecom\/\" \/>\n<meta property=\"article:author\" content=\"https:\/\/www.facebook.com\/cooltivartecom\" \/>\n<meta property=\"article:published_time\" content=\"2022-06-17T21:28:19+00:00\" \/>\n<meta property=\"article:modified_time\" content=\"2022-06-17T22:20:56+00:00\" \/>\n<meta property=\"og:image\" content=\"https:\/\/cooltivarte.com\/portal\/wp-content\/uploads\/2022\/06\/Gladys-afamado-PNAAVV_noticia.png\" \/>\n\t<meta property=\"og:image:width\" content=\"945\" \/>\n\t<meta property=\"og:image:height\" content=\"531\" \/>\n\t<meta property=\"og:image:type\" content=\"image\/png\" \/>\n<meta name=\"author\" content=\"Cooltivarte\" \/>\n<meta name=\"twitter:card\" content=\"summary_large_image\" \/>\n<meta name=\"twitter:title\" content=\"Gladys Afamado ser\u00e1 la homenajeada en el 60.\u00ba Premio Nacional de Artes Visuales\" \/>\n<meta name=\"twitter:description\" content=\"El Instituto Nacional de Artes Visuales (INAV) tiene el agrado de anunciar a Gladys Afamado como artista homenajeada en el 60.\u00b0 Premio Nacional de Artes Visuales, que tendr\u00e1 lugar en el Espacio de Arte Contempor\u00e1neo (EAC) en diciembre de 2022.\" \/>\n<meta name=\"twitter:image\" content=\"https:\/\/cooltivarte.com\/portal\/wp-content\/uploads\/2022\/06\/Gladys-afamado-PNAAVV_noticia.png\" \/>\n<meta name=\"twitter:creator\" content=\"@https:\/\/x.com\/obolocultural\" \/>\n<meta name=\"twitter:site\" content=\"@obolocultural\" \/>\n<meta name=\"twitter:label1\" content=\"Escrito por\" \/>\n\t<meta name=\"twitter:data1\" content=\"Cooltivarte\" \/>\n\t<meta name=\"twitter:label2\" content=\"Tiempo de lectura\" \/>\n\t<meta name=\"twitter:data2\" content=\"3 minutos\" \/>\n<!-- \/ Yoast SEO plugin. -->","yoast_head_json":{"title":"Gladys Afamado ser\u00e1 la homenajeada en el 60.\u00ba Premio Nacional de Artes Visuales - Cooltivarte Portal","description":"El Instituto Nacional de Artes Visuales (INAV) tiene el agrado de anunciar a Gladys Afamado como artista homenajeada en el 60.\u00b0 Premio Nacional de Artes Visuales, que tendr\u00e1 lugar en el Espacio de Arte Contempor\u00e1neo (EAC) en diciembre de 2022.","robots":{"index":"index","follow":"follow","max-snippet":"max-snippet:-1","max-image-preview":"max-image-preview:large","max-video-preview":"max-video-preview:-1"},"canonical":"https:\/\/cooltivarte.com\/portal\/gladys-afamado-sera-la-homenajeada-en-el-60-o-premio-nacional-de-artes-visuales\/","og_locale":"es_ES","og_type":"article","og_title":"Gladys Afamado ser\u00e1 la homenajeada en el 60.\u00ba Premio Nacional de Artes Visuales","og_description":"El Instituto Nacional de Artes Visuales (INAV) tiene el agrado de anunciar a Gladys Afamado como artista homenajeada en el 60.\u00b0 Premio Nacional de Artes Visuales, que tendr\u00e1 lugar en el Espacio de Arte Contempor\u00e1neo (EAC) en diciembre de 2022.","og_url":"https:\/\/cooltivarte.com\/portal\/gladys-afamado-sera-la-homenajeada-en-el-60-o-premio-nacional-de-artes-visuales\/","og_site_name":"Cooltivarte Portal","article_publisher":"https:\/\/www.facebook.com\/cooltivartecom\/","article_author":"https:\/\/www.facebook.com\/cooltivartecom","article_published_time":"2022-06-17T21:28:19+00:00","article_modified_time":"2022-06-17T22:20:56+00:00","og_image":[{"width":945,"height":531,"url":"https:\/\/cooltivarte.com\/portal\/wp-content\/uploads\/2022\/06\/Gladys-afamado-PNAAVV_noticia.png","type":"image\/png"}],"author":"Cooltivarte","twitter_card":"summary_large_image","twitter_title":"Gladys Afamado ser\u00e1 la homenajeada en el 60.\u00ba Premio Nacional de Artes Visuales","twitter_description":"El Instituto Nacional de Artes Visuales (INAV) tiene el agrado de anunciar a Gladys Afamado como artista homenajeada en el 60.\u00b0 Premio Nacional de Artes Visuales, que tendr\u00e1 lugar en el Espacio de Arte Contempor\u00e1neo (EAC) en diciembre de 2022.","twitter_image":"https:\/\/cooltivarte.com\/portal\/wp-content\/uploads\/2022\/06\/Gladys-afamado-PNAAVV_noticia.png","twitter_creator":"@https:\/\/x.com\/obolocultural","twitter_site":"@obolocultural","twitter_misc":{"Escrito por":"Cooltivarte","Tiempo de lectura":"3 minutos"},"schema":{"@context":"https:\/\/schema.org","@graph":[{"@type":"NewsArticle","@id":"https:\/\/cooltivarte.com\/portal\/gladys-afamado-sera-la-homenajeada-en-el-60-o-premio-nacional-de-artes-visuales\/#article","isPartOf":{"@id":"https:\/\/cooltivarte.com\/portal\/gladys-afamado-sera-la-homenajeada-en-el-60-o-premio-nacional-de-artes-visuales\/"},"author":{"name":"Cooltivarte","@id":"https:\/\/cooltivarte.com\/portal\/#\/schema\/person\/ec2a4f4e71b740d0c559c0ab9a157e19"},"headline":"Gladys Afamado ser\u00e1 la homenajeada en el 60.\u00ba Premio Nacional de Artes Visuales","datePublished":"2022-06-17T21:28:19+00:00","dateModified":"2022-06-17T22:20:56+00:00","mainEntityOfPage":{"@id":"https:\/\/cooltivarte.com\/portal\/gladys-afamado-sera-la-homenajeada-en-el-60-o-premio-nacional-de-artes-visuales\/"},"wordCount":529,"publisher":{"@id":"https:\/\/cooltivarte.com\/portal\/#organization"},"image":{"@id":"https:\/\/cooltivarte.com\/portal\/gladys-afamado-sera-la-homenajeada-en-el-60-o-premio-nacional-de-artes-visuales\/#primaryimage"},"thumbnailUrl":"https:\/\/cooltivarte.com\/portal\/wp-content\/uploads\/2022\/06\/Gladys-afamado-PNAAVV_noticia.png","keywords":["60.\u00b0 Premio Nacional de Artes Visuales","Espacio de Arte Contempor\u00e1neo","Gladys Afamado","Instituto Nacional de Artes Visuales"],"articleSection":["Arte"],"inLanguage":"es-AR"},{"@type":"WebPage","@id":"https:\/\/cooltivarte.com\/portal\/gladys-afamado-sera-la-homenajeada-en-el-60-o-premio-nacional-de-artes-visuales\/","url":"https:\/\/cooltivarte.com\/portal\/gladys-afamado-sera-la-homenajeada-en-el-60-o-premio-nacional-de-artes-visuales\/","name":"Gladys Afamado ser\u00e1 la homenajeada en el 60.\u00ba Premio Nacional de Artes Visuales - Cooltivarte Portal","isPartOf":{"@id":"https:\/\/cooltivarte.com\/portal\/#website"},"primaryImageOfPage":{"@id":"https:\/\/cooltivarte.com\/portal\/gladys-afamado-sera-la-homenajeada-en-el-60-o-premio-nacional-de-artes-visuales\/#primaryimage"},"image":{"@id":"https:\/\/cooltivarte.com\/portal\/gladys-afamado-sera-la-homenajeada-en-el-60-o-premio-nacional-de-artes-visuales\/#primaryimage"},"thumbnailUrl":"https:\/\/cooltivarte.com\/portal\/wp-content\/uploads\/2022\/06\/Gladys-afamado-PNAAVV_noticia.png","datePublished":"2022-06-17T21:28:19+00:00","dateModified":"2022-06-17T22:20:56+00:00","description":"El Instituto Nacional de Artes Visuales (INAV) tiene el agrado de anunciar a Gladys Afamado como artista homenajeada en el 60.\u00b0 Premio Nacional de Artes Visuales, que tendr\u00e1 lugar en el Espacio de Arte Contempor\u00e1neo (EAC) en diciembre de 2022.","breadcrumb":{"@id":"https:\/\/cooltivarte.com\/portal\/gladys-afamado-sera-la-homenajeada-en-el-60-o-premio-nacional-de-artes-visuales\/#breadcrumb"},"inLanguage":"es-AR","potentialAction":[{"@type":"ReadAction","target":["https:\/\/cooltivarte.com\/portal\/gladys-afamado-sera-la-homenajeada-en-el-60-o-premio-nacional-de-artes-visuales\/"]}]},{"@type":"ImageObject","inLanguage":"es-AR","@id":"https:\/\/cooltivarte.com\/portal\/gladys-afamado-sera-la-homenajeada-en-el-60-o-premio-nacional-de-artes-visuales\/#primaryimage","url":"https:\/\/cooltivarte.com\/portal\/wp-content\/uploads\/2022\/06\/Gladys-afamado-PNAAVV_noticia.png","contentUrl":"https:\/\/cooltivarte.com\/portal\/wp-content\/uploads\/2022\/06\/Gladys-afamado-PNAAVV_noticia.png","width":945,"height":531,"caption":"Gladys Afamado ser\u00e1 la homenajeada en el 60.\u00ba Premio Nacional de Artes Visuales"},{"@type":"BreadcrumbList","@id":"https:\/\/cooltivarte.com\/portal\/gladys-afamado-sera-la-homenajeada-en-el-60-o-premio-nacional-de-artes-visuales\/#breadcrumb","itemListElement":[{"@type":"ListItem","position":1,"name":"Portada","item":"https:\/\/cooltivarte.com\/portal\/"},{"@type":"ListItem","position":2,"name":"Gladys Afamado ser\u00e1 la homenajeada en el 60.\u00ba Premio Nacional de Artes Visuales"}]},{"@type":"WebSite","@id":"https:\/\/cooltivarte.com\/portal\/#website","url":"https:\/\/cooltivarte.com\/portal\/","name":"Cooltivarte Portal","description":"Arte, cultura y turismo para el mundo ...","publisher":{"@id":"https:\/\/cooltivarte.com\/portal\/#organization"},"potentialAction":[{"@type":"SearchAction","target":{"@type":"EntryPoint","urlTemplate":"https:\/\/cooltivarte.com\/portal\/?s={search_term_string}"},"query-input":{"@type":"PropertyValueSpecification","valueRequired":true,"valueName":"search_term_string"}}],"inLanguage":"es-AR"},{"@type":"Organization","@id":"https:\/\/cooltivarte.com\/portal\/#organization","name":"cooltivarte","url":"https:\/\/cooltivarte.com\/portal\/","logo":{"@type":"ImageObject","inLanguage":"es-AR","@id":"https:\/\/cooltivarte.com\/portal\/#\/schema\/logo\/image\/","url":"https:\/\/cooltivarte.com\/portal\/wp-content\/uploads\/2020\/04\/logo-cooltivarte-v2.png","contentUrl":"https:\/\/cooltivarte.com\/portal\/wp-content\/uploads\/2020\/04\/logo-cooltivarte-v2.png","width":851,"height":243,"caption":"cooltivarte"},"image":{"@id":"https:\/\/cooltivarte.com\/portal\/#\/schema\/logo\/image\/"},"sameAs":["https:\/\/www.facebook.com\/cooltivartecom\/","https:\/\/x.com\/obolocultural","https:\/\/www.instagram.com\/_cooltivarte_\/","https:\/\/www.linkedin.com\/company\/-bolocultural?reportsuccess=8zaNG1HwhPbAR9iQhZ5rfGeqz_vQFftHun0ZWU0Wy9vNemRJ8vtcKdJvzQfW8XagyOJSKg0XvfJ1dp","https:\/\/www.pinterest.com\/cooltivarte\/","https:\/\/cooltivarte.tumblr.com\/","https:\/\/www.tiktok.com\/@cooltivarte","https:\/\/www.youtube.com\/@PrensaCooltivarte"]},{"@type":"Person","@id":"https:\/\/cooltivarte.com\/portal\/#\/schema\/person\/ec2a4f4e71b740d0c559c0ab9a157e19","name":"Cooltivarte","image":{"@type":"ImageObject","inLanguage":"es-AR","@id":"https:\/\/cooltivarte.com\/portal\/wp-content\/uploads\/2014\/05\/logo-cooltivarte-120x120.jpg","url":"https:\/\/cooltivarte.com\/portal\/wp-content\/uploads\/2014\/05\/logo-cooltivarte-120x120.jpg","contentUrl":"https:\/\/cooltivarte.com\/portal\/wp-content\/uploads\/2014\/05\/logo-cooltivarte-120x120.jpg","caption":"Cooltivarte"},"description":"Somos COOLTIVARTE.COM. Un portal digital dedicado a difundir el acontecer art\u00edstico y cultural del Uruguay. Estamos en la vuelta desde el a\u00f1o 2003, y como evoluci\u00f3n del bolet\u00edn Obolo Cultural, nos encontramos abocados a apoyar a los artistas nacionales brind\u00e1ndoles un espacio de difusi\u00f3n. Creemos en la idea de utilizar la potencialidad que hoy d\u00eda nos otorga la web, para que la cultura uruguaya y sus creadores dispongan de una din\u00e1mica ventana, que los ponga en contacto entre s\u00ed y con el mundo. Somos COOLTIVARTE.COM y pretendemos configurarnos como un portal din\u00e1mico, entretenido y atento a los nuevos emprendimientos, que busque siempre la interacci\u00f3n con los artistas.","sameAs":["http:\/\/www.cooltivarte.com","https:\/\/www.facebook.com\/cooltivartecom","https:\/\/www.instagram.com\/_cooltivarte_\/","https:\/\/www.linkedin.com\/company\/-bolocultural","https:\/\/www.pinterest.com\/cooltivarte\/","https:\/\/x.com\/https:\/\/x.com\/obolocultural","https:\/\/www.youtube.com\/@PrensaCooltivarte","https:\/\/www.tumblr.com\/blog\/cooltivarte"],"url":"https:\/\/cooltivarte.com\/portal\/author\/cooltivarte\/"}]}},"_links":{"self":[{"href":"https:\/\/cooltivarte.com\/portal\/wp-json\/wp\/v2\/posts\/82222","targetHints":{"allow":["GET"]}}],"collection":[{"href":"https:\/\/cooltivarte.com\/portal\/wp-json\/wp\/v2\/posts"}],"about":[{"href":"https:\/\/cooltivarte.com\/portal\/wp-json\/wp\/v2\/types\/post"}],"author":[{"embeddable":true,"href":"https:\/\/cooltivarte.com\/portal\/wp-json\/wp\/v2\/users\/8"}],"replies":[{"embeddable":true,"href":"https:\/\/cooltivarte.com\/portal\/wp-json\/wp\/v2\/comments?post=82222"}],"version-history":[{"count":5,"href":"https:\/\/cooltivarte.com\/portal\/wp-json\/wp\/v2\/posts\/82222\/revisions"}],"predecessor-version":[{"id":82228,"href":"https:\/\/cooltivarte.com\/portal\/wp-json\/wp\/v2\/posts\/82222\/revisions\/82228"}],"wp:featuredmedia":[{"embeddable":true,"href":"https:\/\/cooltivarte.com\/portal\/wp-json\/wp\/v2\/media\/82223"}],"wp:attachment":[{"href":"https:\/\/cooltivarte.com\/portal\/wp-json\/wp\/v2\/media?parent=82222"}],"wp:term":[{"taxonomy":"category","embeddable":true,"href":"https:\/\/cooltivarte.com\/portal\/wp-json\/wp\/v2\/categories?post=82222"},{"taxonomy":"post_tag","embeddable":true,"href":"https:\/\/cooltivarte.com\/portal\/wp-json\/wp\/v2\/tags?post=82222"}],"curies":[{"name":"wp","href":"https:\/\/api.w.org\/{rel}","templated":true}]}}