{"id":81504,"date":"2022-05-30T12:22:44","date_gmt":"2022-05-30T15:22:44","guid":{"rendered":"https:\/\/cooltivarte.com\/portal\/?p=81504"},"modified":"2022-05-30T12:31:58","modified_gmt":"2022-05-30T15:31:58","slug":"delicadas-melodias-desde-el-bosque","status":"publish","type":"post","link":"https:\/\/cooltivarte.com\/portal\/delicadas-melodias-desde-el-bosque\/","title":{"rendered":"Delicadas melod\u00edas desde el bosque"},"content":{"rendered":"<figure id=\"attachment_81505\" aria-describedby=\"caption-attachment-81505\" style=\"width: 622px\" class=\"wp-caption aligncenter\"><img fetchpriority=\"high\" decoding=\"async\" class=\"wp-image-81505 size-full\" title=\"La casa del \u00e1rbol de Juan Andr\u00e9s Videla\" src=\"https:\/\/cooltivarte.com\/portal\/wp-content\/uploads\/2022\/05\/La-casa-del-arbol-de-Juan-Andres-Videla.jpg\" alt=\"La casa del \u00e1rbol de Juan Andr\u00e9s Videla\" width=\"622\" height=\"525\" srcset=\"https:\/\/cooltivarte.com\/portal\/wp-content\/uploads\/2022\/05\/La-casa-del-arbol-de-Juan-Andres-Videla.jpg 622w, https:\/\/cooltivarte.com\/portal\/wp-content\/uploads\/2022\/05\/La-casa-del-arbol-de-Juan-Andres-Videla-300x253.jpg 300w\" sizes=\"(max-width: 622px) 100vw, 622px\" \/><figcaption id=\"caption-attachment-81505\" class=\"wp-caption-text\">La casa del \u00e1rbol de Juan Andr\u00e9s Videla<\/figcaption><\/figure>\n<p>Como artista y curador, <strong>Eduardo Stup\u00eda<\/strong> integra una expo colectiva que re\u00fane formas po\u00e9ticas y audaces en las que el arte evoca a la naturaleza.<\/p>\n<p>&nbsp;<\/p>\n<p>Por las vueltas del destino y el azar o por acci\u00f3n de los hombres, la culturalidad humana contempor\u00e1nea se percibe&nbsp;<strong>por fuera de la naturaleza<\/strong>. En contrapartida, los confinamientos y el asedio tecnol\u00f3gico llegaron a reconciliar sensibilidades con el dialecto calmo, hospitalario y profundo de lo natural. De un modo similar que desde el ambientalismo, el&nbsp;<em>land art&nbsp;<\/em>y ciertas po\u00e9ticas rom\u00e1nticas. Entrar a&nbsp;<em>La canci\u00f3n de la Tierra<\/em>&nbsp;en el pabell\u00f3n de las Bellas Artes de la UCA es como entrar a un bosque. Uno en el que las cosas van retornando a su sitio.<\/p>\n<p>Las obras se suceden r\u00edtmicamente y los saltos de soportes y estilos conforman&nbsp;<strong>una suerte de excursi\u00f3n arm\u00f3nica<\/strong>, reclamando al espectador atenci\u00f3n visual e intelectual por v\u00eda del asombro. La curadur\u00eda de&nbsp;<strong>Eduardo Stup\u00eda<\/strong>&nbsp;logra este efecto hilvanando un discurso coherente con artistas tan distintos. En la exposici\u00f3n se entrecruzan obras del propio Stup\u00eda, de Emma Herbin, de Juan Andr\u00e9s Videla y de Corina van Marrewijk. La coralidad, que el texto curatorial de Stup\u00eda atribuye m\u00e1s a la ventura que a la intenci\u00f3n, funciona y el todo destaca las partes.<\/p>\n<figure id=\"attachment_81506\" aria-describedby=\"caption-attachment-81506\" style=\"width: 776px\" class=\"wp-caption aligncenter\"><img decoding=\"async\" class=\"wp-image-81506 size-full\" title=\"Peque\u00f1as esculturas hiperrrealistas de Corina van Marrewijk suspendidas en el pabell\u00f3n de bellas artes de la UCA\" src=\"https:\/\/cooltivarte.com\/portal\/wp-content\/uploads\/2022\/05\/Pequenas-esculturas-hiperrrealistas-de-Corina-van-Marrewijk-suspendidas-en-el-pabellon-de-bellas-artes-de-la-UCA.jpg\" alt=\"Peque\u00f1as esculturas hiperrrealistas de Corina van Marrewijk suspendidas en el pabell\u00f3n de bellas artes de la UCA\" width=\"776\" height=\"417\" srcset=\"https:\/\/cooltivarte.com\/portal\/wp-content\/uploads\/2022\/05\/Pequenas-esculturas-hiperrrealistas-de-Corina-van-Marrewijk-suspendidas-en-el-pabellon-de-bellas-artes-de-la-UCA.jpg 776w, https:\/\/cooltivarte.com\/portal\/wp-content\/uploads\/2022\/05\/Pequenas-esculturas-hiperrrealistas-de-Corina-van-Marrewijk-suspendidas-en-el-pabellon-de-bellas-artes-de-la-UCA-300x161.jpg 300w, https:\/\/cooltivarte.com\/portal\/wp-content\/uploads\/2022\/05\/Pequenas-esculturas-hiperrrealistas-de-Corina-van-Marrewijk-suspendidas-en-el-pabellon-de-bellas-artes-de-la-UCA-768x413.jpg 768w\" sizes=\"(max-width: 776px) 100vw, 776px\" \/><figcaption id=\"caption-attachment-81506\" class=\"wp-caption-text\">Peque\u00f1as esculturas hiperrrealistas de Corina van Marrewijk suspendidas en el pabell\u00f3n de bellas artes de la UCA<\/figcaption><\/figure>\n<p>&nbsp;<\/p>\n<p>La muestra parte de la obra de Herbin, que marca el rumbo y luego se desarrolla la urdimbre posterior. Sus trabajos fluyen<strong>&nbsp;entre la delgada l\u00ednea de la figuraci\u00f3n, el paisaje y la tenue abstracci\u00f3n<\/strong>. Se nota en casi todas sus pinturas una tendencia al orientalismo y sus graf\u00edas, y un intento por vincular universos que en apariencia no se tocan. El color act\u00faa como organizador y el trazo libre, casi como \u200b\u200bde la tradici\u00f3n del Xieyi chino, va armando universos compositivos que evocan lo natural inequ\u00edvocamente. A\u00fan en los trabajos menos figurativos, la presencia del paisaje y de lo natural se adivina y se representa de un modo indiscutible. Cuando sus pinturas se hacen m\u00e1s figurativas&nbsp;<strong>aparecen animales aut\u00f3ctonos&nbsp;<\/strong>como la liebre y el \u00f1and\u00fa.<\/p>\n<p>Herbin usa en algunas de sus obras un soporte que combina resultados est\u00e9ticos con&nbsp;<strong>alusiones sensoriales&nbsp;<\/strong>muy significativas. Pinta sobre telas antiguas, sobre viejas mantas de beb\u00e9, sobre lienzos con gofrados, logrando efectos visuales muy interesantes. En \u201cCyclamen\u201d (2021), lleva estos recursos al l\u00edmite consiguiendo plasmar una obra muy expresiva y original en 40 cm cuadrados.<\/p>\n<p>&nbsp;<\/p>\n<figure id=\"attachment_81507\" aria-describedby=\"caption-attachment-81507\" style=\"width: 622px\" class=\"wp-caption aligncenter\"><img decoding=\"async\" class=\"wp-image-81507 size-full\" title=\"Paisaje obra de Eduardo Stup\u00eda tambi\u00e9n curador de la muestra\" src=\"https:\/\/cooltivarte.com\/portal\/wp-content\/uploads\/2022\/05\/Paisaje-obra-de-Eduardo-Stupia-tambien-curador-de-la-muestra.jpg\" alt=\"Paisaje obra de Eduardo Stup\u00eda tambi\u00e9n curador de la muestra\" width=\"622\" height=\"462\" srcset=\"https:\/\/cooltivarte.com\/portal\/wp-content\/uploads\/2022\/05\/Paisaje-obra-de-Eduardo-Stupia-tambien-curador-de-la-muestra.jpg 622w, https:\/\/cooltivarte.com\/portal\/wp-content\/uploads\/2022\/05\/Paisaje-obra-de-Eduardo-Stupia-tambien-curador-de-la-muestra-300x223.jpg 300w\" sizes=\"(max-width: 622px) 100vw, 622px\" \/><figcaption id=\"caption-attachment-81507\" class=\"wp-caption-text\">Paisaje obra de Eduardo Stup\u00eda tambi\u00e9n curador de la muestra<\/figcaption><\/figure>\n<p>&nbsp;<\/p>\n<h2>La casa en el bosque<\/h2>\n<p>Juan Andr\u00e9s Videla est\u00e1 presente en&nbsp;<em>La canci\u00f3n de la Tierra<\/em>&nbsp;con su enorme ductilidad y su gran capacidad t\u00e9cnica. Entre las 31 obras expuestas existe&nbsp;<strong>una diversidad inusual<\/strong>. Las hay de gran formato y otras muy peque\u00f1as, algunas tienen un uso del color y de la composici\u00f3n sumamente elaborados y otras se resuelven en blanco y negro, mezclando elementos reales e insinuaciones \u00f3pticas, hay \u00f3leos, grafitos, y obras de impresi\u00f3n digital. Para mostrar la diversidad de la propuesta del artista bastar\u00e1 con detenerse en alguno de sus trabajos. En \u201cLa casa del \u00e1rbol\u201d (2019), un \u00f3leo sobre tela de dimensi\u00f3n considerable que es parte de la serie&nbsp;<em>Enciclopedia<\/em>, Videla construye&nbsp;<strong>un paisaje despojado&nbsp;<\/strong>en el que los elementos figurativos, la casa y el \u00e1rbol, dialogan con manchas y trazos de color, algunos de ellos cruzados por peque\u00f1os dibujos geom\u00e9tricos. La presencia combinada de grandes planos de color con l\u00edneas sutiles de dibujo y el manejo del vac\u00edo que el artista logra darle al principio central de la obra, la casa del \u00e1rbol, termina conformando&nbsp;<strong>una pintura visual y conceptualmente compleja<\/strong>.<\/p>\n<p>En \u201cRosal\u201d, Videla vuelve a mostrar su capacidad para ver el color. Realiza una operaci\u00f3n interesante en la que realza la tonalidad mientras la oculta. A la manera de las veladuras richterianas, el rosa de la flor emerge y destaca al mismo tiempo que se oculta y se hace difuso. Las hojas le suman densidad a la imagen, poblando de matices y contraluces a una pintura muy comunicativa que mezcla en dosis similares riqueza t\u00e9cnica y sensibilidad. Videla, adem\u00e1s, presenta&nbsp;<strong>dos dispositivos m\u00f3viles en los que hace uso de un cinetismo mec\u00e1nico y artesanal<\/strong>&nbsp;para mostrar dos escenas \u00edntimas y poner al visitante en un rol activo, participando de la movilidad de la obra.<\/p>\n<p>&nbsp;<\/p>\n<figure id=\"attachment_81508\" aria-describedby=\"caption-attachment-81508\" style=\"width: 558px\" class=\"wp-caption aligncenter\"><img loading=\"lazy\" decoding=\"async\" class=\"wp-image-81508 size-full\" title=\"El \u00f1and\u00fa de Emma Herbin pintado sobre un pa\u00f1uelo antiguo\" src=\"https:\/\/cooltivarte.com\/portal\/wp-content\/uploads\/2022\/05\/El-nandu-de-Emma-Herbin-pintado-sobre-un-panuelo-antiguo.jpg\" alt=\"El \u00f1and\u00fa de Emma Herbin pintado sobre un pa\u00f1uelo antiguo\" width=\"558\" height=\"550\" srcset=\"https:\/\/cooltivarte.com\/portal\/wp-content\/uploads\/2022\/05\/El-nandu-de-Emma-Herbin-pintado-sobre-un-panuelo-antiguo.jpg 558w, https:\/\/cooltivarte.com\/portal\/wp-content\/uploads\/2022\/05\/El-nandu-de-Emma-Herbin-pintado-sobre-un-panuelo-antiguo-300x296.jpg 300w\" sizes=\"(max-width: 558px) 100vw, 558px\" \/><figcaption id=\"caption-attachment-81508\" class=\"wp-caption-text\">El \u00f1and\u00fa de Emma Herbin pintado sobre un pa\u00f1uelo antiguo<\/figcaption><\/figure>\n<p>&nbsp;<\/p>\n<p>Las obras de&nbsp;<strong>Corina van Marrenwijk&nbsp;<\/strong>no podr\u00edan acompa\u00f1ar mejor el dise\u00f1o de la muestra. Sus piezas son&nbsp;<strong>peque\u00f1as esculturas bot\u00e1nicas hiperrealistas<\/strong>&nbsp;de una minuciosidad y un detalle realmente llamativo. Al primer golpe de vista, parecen que fueran efectivamente lo que quieren representar: flores, plantas arrancadas de ra\u00edz, tub\u00e9rculos y frutas en su estado natural. Pero se trata de piezas elaboradas con hilos, con papel pintado con tintas diluidas, sostenidas por estructuras de alambre que se vuelven invisibles. Suspendidas en el aire desde la altura, la sombra que se proyecta sobre la pared y el leve movimiento que les produce el ambiente crean una suerte de tridimensionalidad ampliada que genera un clima y una vibraci\u00f3n que, adem\u00e1s de su valor art\u00edstico, envuelve de coherencia al gui\u00f3n curatorial de Stup\u00eda.<\/p>\n<p>&nbsp;<\/p>\n<figure id=\"attachment_81509\" aria-describedby=\"caption-attachment-81509\" style=\"width: 562px\" class=\"wp-caption aligncenter\"><img loading=\"lazy\" decoding=\"async\" class=\"wp-image-81509 size-full\" title=\"Uno de los dispositivos m\u00f3viles con que Videla hace participar a los espectadores\" src=\"https:\/\/cooltivarte.com\/portal\/wp-content\/uploads\/2022\/05\/Uno-de-los-dispositivos-moviles-con-que-Videla-hace-participar-a-los-espectadores.jpg\" alt=\"Uno de los dispositivos m\u00f3viles con que Videla hace participar a los espectadores\" width=\"562\" height=\"373\" srcset=\"https:\/\/cooltivarte.com\/portal\/wp-content\/uploads\/2022\/05\/Uno-de-los-dispositivos-moviles-con-que-Videla-hace-participar-a-los-espectadores.jpg 562w, https:\/\/cooltivarte.com\/portal\/wp-content\/uploads\/2022\/05\/Uno-de-los-dispositivos-moviles-con-que-Videla-hace-participar-a-los-espectadores-300x199.jpg 300w\" sizes=\"(max-width: 562px) 100vw, 562px\" \/><figcaption id=\"caption-attachment-81509\" class=\"wp-caption-text\">Uno de los dispositivos m\u00f3viles con que Videla hace participar a los espectadores<\/figcaption><\/figure>\n<p>&nbsp;<\/p>\n<p>Finalmente, la obra de Eduardo Stup\u00eda. Adem\u00e1s de la curadur\u00eda, el artista participa de&nbsp;<em>La canci\u00f3n de la Tierra<\/em>&nbsp;con trabajos que tienen, adem\u00e1s de su reconocida agudeza y virtuosismo,&nbsp;<strong>una gran cuota de evoluci\u00f3n y experimentaci\u00f3n<\/strong>. De las 19 obras de su autor\u00eda, hay dos series, realizadas especialmente para esta exposici\u00f3n que son un verdadero acierto. Siguiendo el derrotero natural, cre\u00f3 una serie de flores y de jardines de invierno con una t\u00e9cnica en principio bastante simple, pero que se resuelve en piezas delicad\u00edsimas y complejas. Lo que hace Stup\u00eda es imprimir sobre papel, y montar luego sobre tela, la&nbsp;<strong>ampliaci\u00f3n de una fotos hechas con celular de unos papeles arrugados<\/strong>&nbsp;que trabaja digitalmente con procedimientos muy sencillos de contrastes y blancos y negros. El desenlace visual es impecable, pese a que las formas son claramente abstractas, aparecen las flores en toda su naturalidad y fuerza vital. Stup\u00eda logra una dislocaci\u00f3n entre el lenguaje y lo representado, haciendo estallar la dimensi\u00f3n de lo veros\u00edmil, y lo hace con una m\u00ednima cantidad de recursos.<\/p>\n<p>La otra serie especialmente realizada por el artista y curador para esta exposici\u00f3n es un conjunto de&nbsp;<strong>paisajes muy peque\u00f1os realizados con fragmentos de ilustraciones de viejas enciclopedias<\/strong>, manuales y vademecums, que Stup\u00eda usa para generar unas escenas on\u00edricas y fant\u00e1sticas con la naturaleza como argumento central. Los \u00e1rboles, las plantas y los frutos danzan con detalles urbanos m\u00ednimos, como catedrales y edificios. De vez en cuando una figura humana hace su aparici\u00f3n reclamando tambi\u00e9n su estatus de ser natural.<\/p>\n<p>Por \u00faltimo, hay que resaltar el uso que el espacio del Pabell\u00f3n hace del pasillo lateral y de la brev\u00edsima sala contigua. Haciendo de la necesidad virtud, Cecilia Cavanagh logra imprimirle a ese dificil\u00edsimo recoveco una identidad particular, convirti\u00e9ndolo en&nbsp;<strong>un anexo documental&nbsp;<\/strong>en el que se recuperan los procesos creativos y se deconstruyen y reconstruyen las distintas temporalidades de las muestras.<\/p>\n<p>La canci\u00f3n de la Tierra conmueve sin efectismos y asombra de manera inteligente, dos dimensiones que hoy no pueden dejar de celebrarse.<\/p>\n<p><em><strong>La canci\u00f3n de la Tierra &#8211; VVAA<\/strong><\/em><\/p>\n<p><strong>Lugar:<\/strong>&nbsp;Pabell\u00f3n de las Bellas Artes UCA, Av. Alicia Moreau de Justo 1300&nbsp;<strong>Horario:&nbsp;<\/strong>mar a dom de 11 a 19<br \/>\n<strong>Fecha:&nbsp;<\/strong>hasta el 5 de junio<br \/>\n<strong>Entrada:&nbsp;<\/strong>libre y gratuita<\/p>\n<p>&nbsp;<\/p>\n<p>Publicaci\u00f3n original: <a href=\"https:\/\/www.clarin.com\/revista-enie\/arte\/delicadas-melodias-bosque_0_kKvHOWqNOr.html\" target=\"_blank\" rel=\"noopener\">clarin.com\/revista-enie<\/a><\/p>\n<p>&nbsp;<\/p>\n<p>&nbsp;<\/p>\n<p>&nbsp;<\/p>\n","protected":false},"excerpt":{"rendered":"<p>Como artista y curador, Eduardo Stup\u00eda integra una expo colectiva que re\u00fane formas po\u00e9ticas y audaces en las que el arte evoca a la naturaleza. &nbsp; Por las vueltas del destino y el azar o por acci\u00f3n de los hombres, la culturalidad humana contempor\u00e1nea se percibe&nbsp;por fuera de la naturaleza. En contrapartida, los confinamientos y [&hellip;]<\/p>\n","protected":false},"author":163,"featured_media":81505,"comment_status":"closed","ping_status":"closed","sticky":false,"template":"","format":"standard","meta":{"om_disable_all_campaigns":false,"ngg_post_thumbnail":0,"jnews-multi-image_gallery":[],"jnews_single_post":{"subtitle":"En el pabell\u00f3n de Bellas Artes de la UCA","format":"standard","video":"","gallery":"","source_name":"","source_url":"","via_name":"","via_url":"","override_template":"0","override":[{"template":"1","single_blog_custom":"","parallax":"1","fullscreen":"1","layout":"right-sidebar","sidebar":"default-sidebar","second_sidebar":"default-sidebar","sticky_sidebar":"1","share_position":"top","share_float_style":"share-monocrhome","show_share_counter":"1","show_view_counter":"1","show_featured":"1","show_post_meta":"1","show_post_author":"1","show_post_author_image":"1","show_post_date":"1","post_date_format":"default","post_date_format_custom":"Y\/m\/d","show_post_category":"1","show_post_reading_time":"0","post_reading_time_wpm":"300","show_zoom_button":"0","zoom_button_out_step":"2","zoom_button_in_step":"3","show_post_tag":"1","show_prev_next_post":"1","show_popup_post":"1","number_popup_post":"1","show_author_box":"0","show_post_related":"0","show_inline_post_related":"0"}],"override_image_size":"0","image_override":[{"single_post_thumbnail_size":"crop-500","single_post_gallery_size":"crop-500"}],"trending_post":"0","trending_post_position":"meta","trending_post_label":"Trending","sponsored_post":"0","sponsored_post_label":"Sponsored by","sponsored_post_name":"","sponsored_post_url":"","sponsored_post_logo_enable":"0","sponsored_post_logo":"","sponsored_post_desc":""},"jnews_primary_category":{"id":""},"jnews_social_meta":{"fb_title":"","fb_description":"","fb_image":"","twitter_title":"","twitter_description":"","twitter_image":""},"jnews_override_counter":{"override_view_counter":"0","view_counter_number":"0","override_share_counter":"0","share_counter_number":"0","override_like_counter":"0","like_counter_number":"0","override_dislike_counter":"0","dislike_counter_number":"0"},"footnotes":""},"categories":[52],"tags":[16714,16713],"class_list":["post-81504","post","type-post","status-publish","format-standard","has-post-thumbnail","hentry","category-artista","tag-bellas-artes-uca","tag-eduardo-stupia"],"yoast_head":"<!-- This site is optimized with the Yoast SEO plugin v27.5 - https:\/\/yoast.com\/product\/yoast-seo-wordpress\/ -->\n<title>Delicadas melod\u00edas desde el bosque - Cooltivarte Portal<\/title>\n<meta name=\"description\" content=\"Como artista y curador, Eduardo Stup\u00eda integra una expo colectiva que re\u00fane formas po\u00e9ticas y audaces en las que el arte evoca a la naturaleza.\" \/>\n<meta name=\"robots\" content=\"index, follow, max-snippet:-1, max-image-preview:large, max-video-preview:-1\" \/>\n<link rel=\"canonical\" href=\"https:\/\/cooltivarte.com\/portal\/delicadas-melodias-desde-el-bosque\/\" \/>\n<meta property=\"og:locale\" content=\"es_ES\" \/>\n<meta property=\"og:type\" content=\"article\" \/>\n<meta property=\"og:title\" content=\"Delicadas melod\u00edas desde el bosque - En el pabell\u00f3n de Bellas Artes de la UCA\" \/>\n<meta property=\"og:description\" content=\"Como artista y curador, Eduardo Stup\u00eda integra una expo colectiva que re\u00fane formas po\u00e9ticas y audaces en las que el arte evoca a la naturaleza.\" \/>\n<meta property=\"og:url\" content=\"https:\/\/cooltivarte.com\/portal\/delicadas-melodias-desde-el-bosque\/\" \/>\n<meta property=\"og:site_name\" content=\"Cooltivarte Portal\" \/>\n<meta property=\"article:publisher\" content=\"https:\/\/www.facebook.com\/cooltivartecom\/\" \/>\n<meta property=\"article:author\" content=\"https:\/\/www.facebook.com\/gabriel.palumbo\" \/>\n<meta property=\"article:published_time\" content=\"2022-05-30T15:22:44+00:00\" \/>\n<meta property=\"article:modified_time\" content=\"2022-05-30T15:31:58+00:00\" \/>\n<meta property=\"og:image\" content=\"https:\/\/cooltivarte.com\/portal\/wp-content\/uploads\/2022\/05\/La-casa-del-arbol-de-Juan-Andres-Videla.jpg\" \/>\n\t<meta property=\"og:image:width\" content=\"622\" \/>\n\t<meta property=\"og:image:height\" content=\"525\" \/>\n\t<meta property=\"og:image:type\" content=\"image\/jpeg\" \/>\n<meta name=\"author\" content=\"Gabriel Palumbo\" \/>\n<meta name=\"twitter:card\" content=\"summary_large_image\" \/>\n<meta name=\"twitter:title\" content=\"Delicadas melod\u00edas desde el bosque - En el pabell\u00f3n de Bellas Artes de la UCA\" \/>\n<meta name=\"twitter:description\" content=\"Como artista y curador, Eduardo Stup\u00eda integra una expo colectiva que re\u00fane formas po\u00e9ticas y audaces en las que el arte evoca a la naturaleza.\" \/>\n<meta name=\"twitter:image\" content=\"https:\/\/cooltivarte.com\/portal\/wp-content\/uploads\/2022\/05\/La-casa-del-arbol-de-Juan-Andres-Videla.jpg\" \/>\n<meta name=\"twitter:creator\" content=\"@https:\/\/twitter.com\/gabrielpalumbo\" \/>\n<meta name=\"twitter:site\" content=\"@obolocultural\" \/>\n<meta name=\"twitter:label1\" content=\"Escrito por\" \/>\n\t<meta name=\"twitter:data1\" content=\"Gabriel Palumbo\" \/>\n\t<meta name=\"twitter:label2\" content=\"Tiempo de lectura\" \/>\n\t<meta name=\"twitter:data2\" content=\"7 minutos\" \/>\n<!-- \/ Yoast SEO plugin. -->","yoast_head_json":{"title":"Delicadas melod\u00edas desde el bosque - Cooltivarte Portal","description":"Como artista y curador, Eduardo Stup\u00eda integra una expo colectiva que re\u00fane formas po\u00e9ticas y audaces en las que el arte evoca a la naturaleza.","robots":{"index":"index","follow":"follow","max-snippet":"max-snippet:-1","max-image-preview":"max-image-preview:large","max-video-preview":"max-video-preview:-1"},"canonical":"https:\/\/cooltivarte.com\/portal\/delicadas-melodias-desde-el-bosque\/","og_locale":"es_ES","og_type":"article","og_title":"Delicadas melod\u00edas desde el bosque - En el pabell\u00f3n de Bellas Artes de la UCA","og_description":"Como artista y curador, Eduardo Stup\u00eda integra una expo colectiva que re\u00fane formas po\u00e9ticas y audaces en las que el arte evoca a la naturaleza.","og_url":"https:\/\/cooltivarte.com\/portal\/delicadas-melodias-desde-el-bosque\/","og_site_name":"Cooltivarte Portal","article_publisher":"https:\/\/www.facebook.com\/cooltivartecom\/","article_author":"https:\/\/www.facebook.com\/gabriel.palumbo","article_published_time":"2022-05-30T15:22:44+00:00","article_modified_time":"2022-05-30T15:31:58+00:00","og_image":[{"width":622,"height":525,"url":"https:\/\/cooltivarte.com\/portal\/wp-content\/uploads\/2022\/05\/La-casa-del-arbol-de-Juan-Andres-Videla.jpg","type":"image\/jpeg"}],"author":"Gabriel Palumbo","twitter_card":"summary_large_image","twitter_title":"Delicadas melod\u00edas desde el bosque - En el pabell\u00f3n de Bellas Artes de la UCA","twitter_description":"Como artista y curador, Eduardo Stup\u00eda integra una expo colectiva que re\u00fane formas po\u00e9ticas y audaces en las que el arte evoca a la naturaleza.","twitter_image":"https:\/\/cooltivarte.com\/portal\/wp-content\/uploads\/2022\/05\/La-casa-del-arbol-de-Juan-Andres-Videla.jpg","twitter_creator":"@https:\/\/twitter.com\/gabrielpalumbo","twitter_site":"@obolocultural","twitter_misc":{"Escrito por":"Gabriel Palumbo","Tiempo de lectura":"7 minutos"},"schema":{"@context":"https:\/\/schema.org","@graph":[{"@type":"NewsArticle","@id":"https:\/\/cooltivarte.com\/portal\/delicadas-melodias-desde-el-bosque\/#article","isPartOf":{"@id":"https:\/\/cooltivarte.com\/portal\/delicadas-melodias-desde-el-bosque\/"},"author":{"name":"Gabriel Palumbo","@id":"https:\/\/cooltivarte.com\/portal\/#\/schema\/person\/10567ea769344edbaff2daf84dd17acb"},"headline":"Delicadas melod\u00edas desde el bosque","datePublished":"2022-05-30T15:22:44+00:00","dateModified":"2022-05-30T15:31:58+00:00","mainEntityOfPage":{"@id":"https:\/\/cooltivarte.com\/portal\/delicadas-melodias-desde-el-bosque\/"},"wordCount":1448,"publisher":{"@id":"https:\/\/cooltivarte.com\/portal\/#organization"},"image":{"@id":"https:\/\/cooltivarte.com\/portal\/delicadas-melodias-desde-el-bosque\/#primaryimage"},"thumbnailUrl":"https:\/\/cooltivarte.com\/portal\/wp-content\/uploads\/2022\/05\/La-casa-del-arbol-de-Juan-Andres-Videla.jpg","keywords":["Bellas Artes UCA","Eduardo Stup\u00eda"],"articleSection":["Arte"],"inLanguage":"es-AR"},{"@type":"WebPage","@id":"https:\/\/cooltivarte.com\/portal\/delicadas-melodias-desde-el-bosque\/","url":"https:\/\/cooltivarte.com\/portal\/delicadas-melodias-desde-el-bosque\/","name":"Delicadas melod\u00edas desde el bosque - Cooltivarte Portal","isPartOf":{"@id":"https:\/\/cooltivarte.com\/portal\/#website"},"primaryImageOfPage":{"@id":"https:\/\/cooltivarte.com\/portal\/delicadas-melodias-desde-el-bosque\/#primaryimage"},"image":{"@id":"https:\/\/cooltivarte.com\/portal\/delicadas-melodias-desde-el-bosque\/#primaryimage"},"thumbnailUrl":"https:\/\/cooltivarte.com\/portal\/wp-content\/uploads\/2022\/05\/La-casa-del-arbol-de-Juan-Andres-Videla.jpg","datePublished":"2022-05-30T15:22:44+00:00","dateModified":"2022-05-30T15:31:58+00:00","description":"Como artista y curador, Eduardo Stup\u00eda integra una expo colectiva que re\u00fane formas po\u00e9ticas y audaces en las que el arte evoca a la naturaleza.","breadcrumb":{"@id":"https:\/\/cooltivarte.com\/portal\/delicadas-melodias-desde-el-bosque\/#breadcrumb"},"inLanguage":"es-AR","potentialAction":[{"@type":"ReadAction","target":["https:\/\/cooltivarte.com\/portal\/delicadas-melodias-desde-el-bosque\/"]}]},{"@type":"ImageObject","inLanguage":"es-AR","@id":"https:\/\/cooltivarte.com\/portal\/delicadas-melodias-desde-el-bosque\/#primaryimage","url":"https:\/\/cooltivarte.com\/portal\/wp-content\/uploads\/2022\/05\/La-casa-del-arbol-de-Juan-Andres-Videla.jpg","contentUrl":"https:\/\/cooltivarte.com\/portal\/wp-content\/uploads\/2022\/05\/La-casa-del-arbol-de-Juan-Andres-Videla.jpg","width":622,"height":525,"caption":"La casa del \u00e1rbol de Juan Andr\u00e9s Videla"},{"@type":"BreadcrumbList","@id":"https:\/\/cooltivarte.com\/portal\/delicadas-melodias-desde-el-bosque\/#breadcrumb","itemListElement":[{"@type":"ListItem","position":1,"name":"Portada","item":"https:\/\/cooltivarte.com\/portal\/"},{"@type":"ListItem","position":2,"name":"Delicadas melod\u00edas desde el bosque"}]},{"@type":"WebSite","@id":"https:\/\/cooltivarte.com\/portal\/#website","url":"https:\/\/cooltivarte.com\/portal\/","name":"Cooltivarte Portal","description":"Arte, cultura y turismo para el mundo ...","publisher":{"@id":"https:\/\/cooltivarte.com\/portal\/#organization"},"potentialAction":[{"@type":"SearchAction","target":{"@type":"EntryPoint","urlTemplate":"https:\/\/cooltivarte.com\/portal\/?s={search_term_string}"},"query-input":{"@type":"PropertyValueSpecification","valueRequired":true,"valueName":"search_term_string"}}],"inLanguage":"es-AR"},{"@type":"Organization","@id":"https:\/\/cooltivarte.com\/portal\/#organization","name":"cooltivarte","url":"https:\/\/cooltivarte.com\/portal\/","logo":{"@type":"ImageObject","inLanguage":"es-AR","@id":"https:\/\/cooltivarte.com\/portal\/#\/schema\/logo\/image\/","url":"https:\/\/cooltivarte.com\/portal\/wp-content\/uploads\/2020\/04\/logo-cooltivarte-v2.png","contentUrl":"https:\/\/cooltivarte.com\/portal\/wp-content\/uploads\/2020\/04\/logo-cooltivarte-v2.png","width":851,"height":243,"caption":"cooltivarte"},"image":{"@id":"https:\/\/cooltivarte.com\/portal\/#\/schema\/logo\/image\/"},"sameAs":["https:\/\/www.facebook.com\/cooltivartecom\/","https:\/\/x.com\/obolocultural","https:\/\/www.instagram.com\/_cooltivarte_\/","https:\/\/www.linkedin.com\/company\/-bolocultural?reportsuccess=8zaNG1HwhPbAR9iQhZ5rfGeqz_vQFftHun0ZWU0Wy9vNemRJ8vtcKdJvzQfW8XagyOJSKg0XvfJ1dp","https:\/\/www.pinterest.com\/cooltivarte\/","https:\/\/cooltivarte.tumblr.com\/","https:\/\/www.tiktok.com\/@cooltivarte","https:\/\/www.youtube.com\/@PrensaCooltivarte"]},{"@type":"Person","@id":"https:\/\/cooltivarte.com\/portal\/#\/schema\/person\/10567ea769344edbaff2daf84dd17acb","name":"Gabriel Palumbo","image":{"@type":"ImageObject","inLanguage":"es-AR","@id":"https:\/\/cooltivarte.com\/portal\/wp-content\/uploads\/2020\/07\/gabriel-palumbo-120x120.jpg","url":"https:\/\/cooltivarte.com\/portal\/wp-content\/uploads\/2020\/07\/gabriel-palumbo-120x120.jpg","contentUrl":"https:\/\/cooltivarte.com\/portal\/wp-content\/uploads\/2020\/07\/gabriel-palumbo-120x120.jpg","caption":"Gabriel Palumbo"},"description":"Es soci\u00f3logo, analista pol\u00edtico y cr\u00edtico de arte. Estudi\u00f3 en las escuelas de Bellas Artes Manuel Belgrano y Prilidiano Pueyrred\u00f3n, antes de hacer la carrera de Sociolog\u00eda en la Universidad de Buenas Aires. Siendo profesor en la carrera de Ciencia Pol\u00edtica organiz\u00f3 grupos de reflexi\u00f3n e investigaci\u00f3n sobre filosof\u00eda pol\u00edtica, enfocados especialmente en el pragmatismo americano. En ese rol, particip\u00f3 de encuentros acad\u00e9micos y fue disertante en congresos en Argentina, Brasil y Estados Unidos. Es profesor de grado y posgrado y dicta, desde hace 10 a\u00f1os, un seminario sobre Arte y Pol\u00edtica en la Argentina para el Institute for Study Abroad de la Butler University. Fue director de la Casa de la Cultura Victoria Ocampo y se ocup\u00f3 de la curadur\u00eda de la muestra patrimonial con que ese espacio cultural se reinaugur\u00f3 en 2016. Fue asesor para proyectos especiales del Ministerio de Cultura de la Naci\u00f3n hasta 2019. Compil\u00f3 y escribi\u00f3 el ensayo preliminar de La Ciudad Lineal y en 2015 public\u00f3 El mejor presidente de la historia. Actualmente, escribe sobre pol\u00edtica en distintos medios y es colaborador habitual de la revista cultural \u00d1 del diario Clar\u00edn, haciendo cr\u00edticas de exposiciones en el \u00e1mbito local y en el extranjero.","sameAs":["https:\/\/www.facebook.com\/gabriel.palumbo","https:\/\/www.instagram.com\/gabrielpalumbo","https:\/\/www.linkedin.com\/in\/gabriel-palumbo-b44a2213\/","https:\/\/www.pinterest.com\/cooltivarte","https:\/\/x.com\/https:\/\/twitter.com\/gabrielpalumbo","https:\/\/www.youtube.com\/@PrensaCooltivarte","https:\/\/www.tumblr.com\/blog\/cooltivarte"],"url":"https:\/\/cooltivarte.com\/portal\/author\/gabriel-palumbo\/"}]}},"_links":{"self":[{"href":"https:\/\/cooltivarte.com\/portal\/wp-json\/wp\/v2\/posts\/81504","targetHints":{"allow":["GET"]}}],"collection":[{"href":"https:\/\/cooltivarte.com\/portal\/wp-json\/wp\/v2\/posts"}],"about":[{"href":"https:\/\/cooltivarte.com\/portal\/wp-json\/wp\/v2\/types\/post"}],"author":[{"embeddable":true,"href":"https:\/\/cooltivarte.com\/portal\/wp-json\/wp\/v2\/users\/163"}],"replies":[{"embeddable":true,"href":"https:\/\/cooltivarte.com\/portal\/wp-json\/wp\/v2\/comments?post=81504"}],"version-history":[{"count":2,"href":"https:\/\/cooltivarte.com\/portal\/wp-json\/wp\/v2\/posts\/81504\/revisions"}],"predecessor-version":[{"id":81511,"href":"https:\/\/cooltivarte.com\/portal\/wp-json\/wp\/v2\/posts\/81504\/revisions\/81511"}],"wp:featuredmedia":[{"embeddable":true,"href":"https:\/\/cooltivarte.com\/portal\/wp-json\/wp\/v2\/media\/81505"}],"wp:attachment":[{"href":"https:\/\/cooltivarte.com\/portal\/wp-json\/wp\/v2\/media?parent=81504"}],"wp:term":[{"taxonomy":"category","embeddable":true,"href":"https:\/\/cooltivarte.com\/portal\/wp-json\/wp\/v2\/categories?post=81504"},{"taxonomy":"post_tag","embeddable":true,"href":"https:\/\/cooltivarte.com\/portal\/wp-json\/wp\/v2\/tags?post=81504"}],"curies":[{"name":"wp","href":"https:\/\/api.w.org\/{rel}","templated":true}]}}