{"id":81062,"date":"2022-05-18T09:38:41","date_gmt":"2022-05-18T12:38:41","guid":{"rendered":"https:\/\/cooltivarte.com\/portal\/?p=81062"},"modified":"2022-05-18T13:33:47","modified_gmt":"2022-05-18T16:33:47","slug":"anos-luz","status":"publish","type":"post","link":"https:\/\/cooltivarte.com\/portal\/anos-luz\/","title":{"rendered":"&#8220;A\u00f1os Luz&#8221;, pel\u00edcula uruguaya dirigida por Joaqu\u00edn Mauad"},"content":{"rendered":"<figure id=\"attachment_81063\" aria-describedby=\"caption-attachment-81063\" style=\"width: 1024px\" class=\"wp-caption aligncenter\"><img fetchpriority=\"high\" decoding=\"async\" class=\"wp-image-81063\" title=\"A\u00f1os Luz\" src=\"https:\/\/cooltivarte.com\/portal\/wp-content\/uploads\/2022\/05\/277758726_1674799356190951_1363172451121634177_n.jpg\" alt=\"A\u00f1os Luz\" width=\"1024\" height=\"576\" srcset=\"https:\/\/cooltivarte.com\/portal\/wp-content\/uploads\/2022\/05\/277758726_1674799356190951_1363172451121634177_n.jpg 1440w, https:\/\/cooltivarte.com\/portal\/wp-content\/uploads\/2022\/05\/277758726_1674799356190951_1363172451121634177_n-300x169.jpg 300w, https:\/\/cooltivarte.com\/portal\/wp-content\/uploads\/2022\/05\/277758726_1674799356190951_1363172451121634177_n-1024x576.jpg 1024w, https:\/\/cooltivarte.com\/portal\/wp-content\/uploads\/2022\/05\/277758726_1674799356190951_1363172451121634177_n-768x432.jpg 768w\" sizes=\"(max-width: 1024px) 100vw, 1024px\" \/><figcaption id=\"caption-attachment-81063\" class=\"wp-caption-text\">A\u00f1os Luz<\/figcaption><\/figure>\n<p><strong>Sinopsis<\/strong><\/p>\n<p>Mateo (32), Bel\u00e9n (29) y Mar\u00eda Jos\u00e9 (35) son tres hermanos que estando distanciados se reencuentran para concretar la venta de la casa donde vivieron su ni\u00f1ez y adolescencia. Con este objetivo emprenden viaje hacia su pueblo natal, pero la carretera les pondr\u00e1 obst\u00e1culos y se\u00f1ales que los llevar\u00e1n a encontrarse con sus propios conflictos y resolver sus problemas familiares. Enfrentados a lo que a\u00fan no fue enterrado surge el destino inesperado: la verdad. A\u00f1os Luz retrata los problemas de una familia no tan quebrada como parec\u00eda, que a\u00fan tiene mucho amor para dar.<\/p>\n<p>Joaqu\u00edn Mauad | 2021 | Uruguay<\/p>\n<p>PRODUCCI\u00d3N: Anfibia Cine<\/p>\n<p>DURACI\u00d3N: 81 minutos<\/p>\n<p>GUION: Joaqu\u00edn Mauad, Gabriel G\u00f3mez Villanueva<\/p>\n<p>FOTOGRAF\u00cdA: Diego Pavese<\/p>\n<p>M\u00daSICA: Mateo Hern\u00e1ndez, Lautaro Mansilla<\/p>\n<p>Montaje: Karen Antunes<\/p>\n<p>Reparto: Gabriela Freire, Federico Repetto, Virginia Far\u00edas<\/p>\n<p>&nbsp;<\/p>\n<p><strong>Joaqu\u00edn Mauad<\/strong><\/p>\n<p>Montevideo, 1990. Cineasta uruguayo que estudia Realizaci\u00f3n en la Escuela de Cine del Uruguay (ECU) y en la Escuela de Cine y Televisi\u00f3n de San Antonio de los Ba\u00f1os. Tras varios cortometrajes con trayectoria internacional, realiza los largometrajes El sereno en 2017 con Oscar Est\u00e9vez y A\u00f1os luz en 2021. Crea Anfibia Cine junto a Alina Kaplan en 2016 con quien desarrolla diferentes proyectos de ficci\u00f3n como guionista, director y productor ejecutivo.<\/p>\n<p><strong>FILMOGRAF\u00cdA: <\/strong>A\u00f1os luz (2021), El sereno (2017), Obnubilante (cortometraje, 2015), La casa de Nico (cortometraje, 2014), Mi amigo verde (cortometraje, 2013), Malos h\u00e1bitos (cortometraje, 2012)<\/p>\n<p>&nbsp;<br \/>\n<iframe title=\"YouTube video player\" src=\"https:\/\/www.youtube.com\/embed\/08vIQz0kESg\" allowfullscreen=\"allowfullscreen\" width=\"100%\" height=\"515\" frameborder=\"0\"><span style=\"display: inline-block; width: 0px; overflow: hidden; line-height: 0;\" data-mce-type=\"bookmark\" class=\"mce_SELRES_start\">\ufeff<\/span><\/iframe><\/p>\n<p>&nbsp;<\/p>\n<p style=\"text-align: center;\"><strong>Funciones en las siguientes Salas:<\/strong><\/p>\n<p style=\"text-align: center;\"><a href=\"https:\/\/cinemateca.org.uy\/\" target=\"_blank\" rel=\"noopener\">Cinemateca<\/a><\/p>\n<p style=\"text-align: center;\"><a href=\"https:\/\/www.lifecinemas.com.uy\/pelicula\/complejo\/5\/life-21\" target=\"_blank\" rel=\"noopener\">Life Cinemas 21<\/a><\/p>\n<p style=\"text-align: center;\"><a href=\"https:\/\/www.lifecinemas.com.uy\/pelicula\/complejo\/3\/alfabeta\" target=\"_blank\" rel=\"noopener\">Life Cinemas Alfabeta<\/a><\/p>\n<p>&nbsp;<\/p>\n<p>&nbsp;<\/p>\n<p>&nbsp;<\/p>\n","protected":false},"excerpt":{"rendered":"<p>Sinopsis Mateo (32), Bel\u00e9n (29) y Mar\u00eda Jos\u00e9 (35) son tres hermanos que estando distanciados se reencuentran para concretar la venta de la casa donde vivieron su ni\u00f1ez y adolescencia. Con este objetivo emprenden viaje hacia su pueblo natal, pero la carretera les pondr\u00e1 obst\u00e1culos y se\u00f1ales que los llevar\u00e1n a encontrarse con sus propios [&hellip;]<\/p>\n","protected":false},"author":8,"featured_media":81063,"comment_status":"closed","ping_status":"closed","sticky":false,"template":"","format":"standard","meta":{"om_disable_all_campaigns":false,"ngg_post_thumbnail":0,"jnews-multi-image_gallery":[],"jnews_single_post":{"subtitle":"","format":"standard","video":"","gallery":"","source_name":"","source_url":"","via_name":"","via_url":"","override_template":"0","override":[{"template":"1","single_blog_custom":"","parallax":"1","fullscreen":"1","layout":"right-sidebar","sidebar":"default-sidebar","second_sidebar":"default-sidebar","sticky_sidebar":"1","share_position":"top","share_float_style":"share-monocrhome","show_share_counter":"1","show_view_counter":"1","show_featured":"1","show_post_meta":"1","show_post_author":"1","show_post_author_image":"1","show_post_date":"1","post_date_format":"default","post_date_format_custom":"Y\/m\/d","show_post_category":"1","show_post_reading_time":"0","post_reading_time_wpm":"300","show_zoom_button":"0","zoom_button_out_step":"2","zoom_button_in_step":"3","show_post_tag":"1","show_prev_next_post":"1","show_popup_post":"1","number_popup_post":"1","show_author_box":"0","show_post_related":"0","show_inline_post_related":"0"}],"override_image_size":"0","image_override":[{"single_post_thumbnail_size":"crop-500","single_post_gallery_size":"crop-500"}],"trending_post":"0","trending_post_position":"meta","trending_post_label":"Trending","sponsored_post":"0","sponsored_post_label":"Sponsored by","sponsored_post_name":"","sponsored_post_url":"","sponsored_post_logo_enable":"0","sponsored_post_logo":"","sponsored_post_desc":""},"jnews_primary_category":{"id":""},"jnews_social_meta":{"fb_title":"","fb_description":"","fb_image":"","twitter_title":"","twitter_description":"","twitter_image":""},"jnews_override_counter":{"override_view_counter":"0","view_counter_number":"0","override_share_counter":"0","share_counter_number":"0","override_like_counter":"0","like_counter_number":"0","override_dislike_counter":"0","dislike_counter_number":"0"},"footnotes":""},"categories":[72],"tags":[16600,446,12223,3733,16602,16601,558,88],"class_list":["post-81062","post","type-post","status-publish","format-standard","has-post-thumbnail","hentry","category-cine","tag-anos-luz","tag-cine-2","tag-cine-uruguayo","tag-cinemateca","tag-life-cinema-alfabeta","tag-life-cinemas-21","tag-pelicula","tag-uruguay"],"yoast_head":"<!-- This site is optimized with the Yoast SEO plugin v27.5 - https:\/\/yoast.com\/product\/yoast-seo-wordpress\/ -->\n<title>&quot;A\u00f1os Luz&quot;, pel\u00edcula uruguaya dirigida por Joaqu\u00edn Mauad - Cooltivarte Portal<\/title>\n<meta name=\"description\" content=\"Mateo (32), Bel\u00e9n (29) y Mar\u00eda Jos\u00e9 (35) son tres hermanos que estando distanciados se reencuentran para concretar la venta de la casa donde vivieron su ni\u00f1ez y adolescencia.\" \/>\n<meta name=\"robots\" content=\"index, follow, max-snippet:-1, max-image-preview:large, max-video-preview:-1\" \/>\n<link rel=\"canonical\" href=\"https:\/\/cooltivarte.com\/portal\/anos-luz\/\" \/>\n<meta property=\"og:locale\" content=\"es_ES\" \/>\n<meta property=\"og:type\" content=\"article\" \/>\n<meta property=\"og:title\" content=\"&quot;A\u00f1os Luz&quot;, pel\u00edcula uruguaya dirigida por Joaqu\u00edn Mauad\" \/>\n<meta property=\"og:description\" content=\"Mateo (32), Bel\u00e9n (29) y Mar\u00eda Jos\u00e9 (35) son tres hermanos que estando distanciados se reencuentran para concretar la venta de la casa donde vivieron su ni\u00f1ez y adolescencia.\" \/>\n<meta property=\"og:url\" content=\"https:\/\/cooltivarte.com\/portal\/anos-luz\/\" \/>\n<meta property=\"og:site_name\" content=\"Cooltivarte Portal\" \/>\n<meta property=\"article:publisher\" content=\"https:\/\/www.facebook.com\/cooltivartecom\/\" \/>\n<meta property=\"article:author\" content=\"https:\/\/www.facebook.com\/cooltivartecom\" \/>\n<meta property=\"article:published_time\" content=\"2022-05-18T12:38:41+00:00\" \/>\n<meta property=\"article:modified_time\" content=\"2022-05-18T16:33:47+00:00\" \/>\n<meta property=\"og:image\" content=\"https:\/\/cooltivarte.com\/portal\/wp-content\/uploads\/2022\/05\/277758726_1674799356190951_1363172451121634177_n.jpg\" \/>\n\t<meta property=\"og:image:width\" content=\"1440\" \/>\n\t<meta property=\"og:image:height\" content=\"810\" \/>\n\t<meta property=\"og:image:type\" content=\"image\/jpeg\" \/>\n<meta name=\"author\" content=\"Cooltivarte\" \/>\n<meta name=\"twitter:card\" content=\"summary_large_image\" \/>\n<meta name=\"twitter:title\" content=\"&quot;A\u00f1os Luz&quot;, pel\u00edcula uruguaya dirigida por Joaqu\u00edn Mauad\" \/>\n<meta name=\"twitter:description\" content=\"Mateo (32), Bel\u00e9n (29) y Mar\u00eda Jos\u00e9 (35) son tres hermanos que estando distanciados se reencuentran para concretar la venta de la casa donde vivieron su ni\u00f1ez y adolescencia.\" \/>\n<meta name=\"twitter:image\" content=\"https:\/\/cooltivarte.com\/portal\/wp-content\/uploads\/2022\/05\/277758726_1674799356190951_1363172451121634177_n.jpg\" \/>\n<meta name=\"twitter:creator\" content=\"@https:\/\/x.com\/obolocultural\" \/>\n<meta name=\"twitter:site\" content=\"@obolocultural\" \/>\n<meta name=\"twitter:label1\" content=\"Escrito por\" \/>\n\t<meta name=\"twitter:data1\" content=\"Cooltivarte\" \/>\n\t<meta name=\"twitter:label2\" content=\"Tiempo de lectura\" \/>\n\t<meta name=\"twitter:data2\" content=\"2 minutos\" \/>\n<!-- \/ Yoast SEO plugin. -->","yoast_head_json":{"title":"\"A\u00f1os Luz\", pel\u00edcula uruguaya dirigida por Joaqu\u00edn Mauad - Cooltivarte Portal","description":"Mateo (32), Bel\u00e9n (29) y Mar\u00eda Jos\u00e9 (35) son tres hermanos que estando distanciados se reencuentran para concretar la venta de la casa donde vivieron su ni\u00f1ez y adolescencia.","robots":{"index":"index","follow":"follow","max-snippet":"max-snippet:-1","max-image-preview":"max-image-preview:large","max-video-preview":"max-video-preview:-1"},"canonical":"https:\/\/cooltivarte.com\/portal\/anos-luz\/","og_locale":"es_ES","og_type":"article","og_title":"\"A\u00f1os Luz\", pel\u00edcula uruguaya dirigida por Joaqu\u00edn Mauad","og_description":"Mateo (32), Bel\u00e9n (29) y Mar\u00eda Jos\u00e9 (35) son tres hermanos que estando distanciados se reencuentran para concretar la venta de la casa donde vivieron su ni\u00f1ez y adolescencia.","og_url":"https:\/\/cooltivarte.com\/portal\/anos-luz\/","og_site_name":"Cooltivarte Portal","article_publisher":"https:\/\/www.facebook.com\/cooltivartecom\/","article_author":"https:\/\/www.facebook.com\/cooltivartecom","article_published_time":"2022-05-18T12:38:41+00:00","article_modified_time":"2022-05-18T16:33:47+00:00","og_image":[{"width":1440,"height":810,"url":"https:\/\/cooltivarte.com\/portal\/wp-content\/uploads\/2022\/05\/277758726_1674799356190951_1363172451121634177_n.jpg","type":"image\/jpeg"}],"author":"Cooltivarte","twitter_card":"summary_large_image","twitter_title":"\"A\u00f1os Luz\", pel\u00edcula uruguaya dirigida por Joaqu\u00edn Mauad","twitter_description":"Mateo (32), Bel\u00e9n (29) y Mar\u00eda Jos\u00e9 (35) son tres hermanos que estando distanciados se reencuentran para concretar la venta de la casa donde vivieron su ni\u00f1ez y adolescencia.","twitter_image":"https:\/\/cooltivarte.com\/portal\/wp-content\/uploads\/2022\/05\/277758726_1674799356190951_1363172451121634177_n.jpg","twitter_creator":"@https:\/\/x.com\/obolocultural","twitter_site":"@obolocultural","twitter_misc":{"Escrito por":"Cooltivarte","Tiempo de lectura":"2 minutos"},"schema":{"@context":"https:\/\/schema.org","@graph":[{"@type":"NewsArticle","@id":"https:\/\/cooltivarte.com\/portal\/anos-luz\/#article","isPartOf":{"@id":"https:\/\/cooltivarte.com\/portal\/anos-luz\/"},"author":{"name":"Cooltivarte","@id":"https:\/\/cooltivarte.com\/portal\/#\/schema\/person\/ec2a4f4e71b740d0c559c0ab9a157e19"},"headline":"&#8220;A\u00f1os Luz&#8221;, pel\u00edcula uruguaya dirigida por Joaqu\u00edn Mauad","datePublished":"2022-05-18T12:38:41+00:00","dateModified":"2022-05-18T16:33:47+00:00","mainEntityOfPage":{"@id":"https:\/\/cooltivarte.com\/portal\/anos-luz\/"},"wordCount":280,"publisher":{"@id":"https:\/\/cooltivarte.com\/portal\/#organization"},"image":{"@id":"https:\/\/cooltivarte.com\/portal\/anos-luz\/#primaryimage"},"thumbnailUrl":"https:\/\/cooltivarte.com\/portal\/wp-content\/uploads\/2022\/05\/277758726_1674799356190951_1363172451121634177_n.jpg","keywords":["a\u00f1os luz","Cine","Cine uruguayo","Cinemateca","life cinema alfabeta","life cinemas 21","Pel\u00edcula","Uruguay"],"articleSection":["Cine y TV"],"inLanguage":"es-AR"},{"@type":"WebPage","@id":"https:\/\/cooltivarte.com\/portal\/anos-luz\/","url":"https:\/\/cooltivarte.com\/portal\/anos-luz\/","name":"\"A\u00f1os Luz\", pel\u00edcula uruguaya dirigida por Joaqu\u00edn Mauad - Cooltivarte Portal","isPartOf":{"@id":"https:\/\/cooltivarte.com\/portal\/#website"},"primaryImageOfPage":{"@id":"https:\/\/cooltivarte.com\/portal\/anos-luz\/#primaryimage"},"image":{"@id":"https:\/\/cooltivarte.com\/portal\/anos-luz\/#primaryimage"},"thumbnailUrl":"https:\/\/cooltivarte.com\/portal\/wp-content\/uploads\/2022\/05\/277758726_1674799356190951_1363172451121634177_n.jpg","datePublished":"2022-05-18T12:38:41+00:00","dateModified":"2022-05-18T16:33:47+00:00","description":"Mateo (32), Bel\u00e9n (29) y Mar\u00eda Jos\u00e9 (35) son tres hermanos que estando distanciados se reencuentran para concretar la venta de la casa donde vivieron su ni\u00f1ez y adolescencia.","breadcrumb":{"@id":"https:\/\/cooltivarte.com\/portal\/anos-luz\/#breadcrumb"},"inLanguage":"es-AR","potentialAction":[{"@type":"ReadAction","target":["https:\/\/cooltivarte.com\/portal\/anos-luz\/"]}]},{"@type":"ImageObject","inLanguage":"es-AR","@id":"https:\/\/cooltivarte.com\/portal\/anos-luz\/#primaryimage","url":"https:\/\/cooltivarte.com\/portal\/wp-content\/uploads\/2022\/05\/277758726_1674799356190951_1363172451121634177_n.jpg","contentUrl":"https:\/\/cooltivarte.com\/portal\/wp-content\/uploads\/2022\/05\/277758726_1674799356190951_1363172451121634177_n.jpg","width":1440,"height":810,"caption":"A\u00f1os Luz"},{"@type":"BreadcrumbList","@id":"https:\/\/cooltivarte.com\/portal\/anos-luz\/#breadcrumb","itemListElement":[{"@type":"ListItem","position":1,"name":"Portada","item":"https:\/\/cooltivarte.com\/portal\/"},{"@type":"ListItem","position":2,"name":"\u00abA\u00f1os Luz\u00bb, pel\u00edcula uruguaya dirigida por Joaqu\u00edn Mauad"}]},{"@type":"WebSite","@id":"https:\/\/cooltivarte.com\/portal\/#website","url":"https:\/\/cooltivarte.com\/portal\/","name":"Cooltivarte Portal","description":"Arte, cultura y turismo para el mundo ...","publisher":{"@id":"https:\/\/cooltivarte.com\/portal\/#organization"},"potentialAction":[{"@type":"SearchAction","target":{"@type":"EntryPoint","urlTemplate":"https:\/\/cooltivarte.com\/portal\/?s={search_term_string}"},"query-input":{"@type":"PropertyValueSpecification","valueRequired":true,"valueName":"search_term_string"}}],"inLanguage":"es-AR"},{"@type":"Organization","@id":"https:\/\/cooltivarte.com\/portal\/#organization","name":"cooltivarte","url":"https:\/\/cooltivarte.com\/portal\/","logo":{"@type":"ImageObject","inLanguage":"es-AR","@id":"https:\/\/cooltivarte.com\/portal\/#\/schema\/logo\/image\/","url":"https:\/\/cooltivarte.com\/portal\/wp-content\/uploads\/2020\/04\/logo-cooltivarte-v2.png","contentUrl":"https:\/\/cooltivarte.com\/portal\/wp-content\/uploads\/2020\/04\/logo-cooltivarte-v2.png","width":851,"height":243,"caption":"cooltivarte"},"image":{"@id":"https:\/\/cooltivarte.com\/portal\/#\/schema\/logo\/image\/"},"sameAs":["https:\/\/www.facebook.com\/cooltivartecom\/","https:\/\/x.com\/obolocultural","https:\/\/www.instagram.com\/_cooltivarte_\/","https:\/\/www.linkedin.com\/company\/-bolocultural?reportsuccess=8zaNG1HwhPbAR9iQhZ5rfGeqz_vQFftHun0ZWU0Wy9vNemRJ8vtcKdJvzQfW8XagyOJSKg0XvfJ1dp","https:\/\/www.pinterest.com\/cooltivarte\/","https:\/\/cooltivarte.tumblr.com\/","https:\/\/www.tiktok.com\/@cooltivarte","https:\/\/www.youtube.com\/@PrensaCooltivarte"]},{"@type":"Person","@id":"https:\/\/cooltivarte.com\/portal\/#\/schema\/person\/ec2a4f4e71b740d0c559c0ab9a157e19","name":"Cooltivarte","image":{"@type":"ImageObject","inLanguage":"es-AR","@id":"https:\/\/cooltivarte.com\/portal\/wp-content\/uploads\/2014\/05\/logo-cooltivarte-120x120.jpg","url":"https:\/\/cooltivarte.com\/portal\/wp-content\/uploads\/2014\/05\/logo-cooltivarte-120x120.jpg","contentUrl":"https:\/\/cooltivarte.com\/portal\/wp-content\/uploads\/2014\/05\/logo-cooltivarte-120x120.jpg","caption":"Cooltivarte"},"description":"Somos COOLTIVARTE.COM. Un portal digital dedicado a difundir el acontecer art\u00edstico y cultural del Uruguay. Estamos en la vuelta desde el a\u00f1o 2003, y como evoluci\u00f3n del bolet\u00edn Obolo Cultural, nos encontramos abocados a apoyar a los artistas nacionales brind\u00e1ndoles un espacio de difusi\u00f3n. Creemos en la idea de utilizar la potencialidad que hoy d\u00eda nos otorga la web, para que la cultura uruguaya y sus creadores dispongan de una din\u00e1mica ventana, que los ponga en contacto entre s\u00ed y con el mundo. Somos COOLTIVARTE.COM y pretendemos configurarnos como un portal din\u00e1mico, entretenido y atento a los nuevos emprendimientos, que busque siempre la interacci\u00f3n con los artistas.","sameAs":["http:\/\/www.cooltivarte.com","https:\/\/www.facebook.com\/cooltivartecom","https:\/\/www.instagram.com\/_cooltivarte_\/","https:\/\/www.linkedin.com\/company\/-bolocultural","https:\/\/www.pinterest.com\/cooltivarte\/","https:\/\/x.com\/https:\/\/x.com\/obolocultural","https:\/\/www.youtube.com\/@PrensaCooltivarte","https:\/\/www.tumblr.com\/blog\/cooltivarte"],"url":"https:\/\/cooltivarte.com\/portal\/author\/cooltivarte\/"}]}},"_links":{"self":[{"href":"https:\/\/cooltivarte.com\/portal\/wp-json\/wp\/v2\/posts\/81062","targetHints":{"allow":["GET"]}}],"collection":[{"href":"https:\/\/cooltivarte.com\/portal\/wp-json\/wp\/v2\/posts"}],"about":[{"href":"https:\/\/cooltivarte.com\/portal\/wp-json\/wp\/v2\/types\/post"}],"author":[{"embeddable":true,"href":"https:\/\/cooltivarte.com\/portal\/wp-json\/wp\/v2\/users\/8"}],"replies":[{"embeddable":true,"href":"https:\/\/cooltivarte.com\/portal\/wp-json\/wp\/v2\/comments?post=81062"}],"version-history":[{"count":4,"href":"https:\/\/cooltivarte.com\/portal\/wp-json\/wp\/v2\/posts\/81062\/revisions"}],"predecessor-version":[{"id":81079,"href":"https:\/\/cooltivarte.com\/portal\/wp-json\/wp\/v2\/posts\/81062\/revisions\/81079"}],"wp:featuredmedia":[{"embeddable":true,"href":"https:\/\/cooltivarte.com\/portal\/wp-json\/wp\/v2\/media\/81063"}],"wp:attachment":[{"href":"https:\/\/cooltivarte.com\/portal\/wp-json\/wp\/v2\/media?parent=81062"}],"wp:term":[{"taxonomy":"category","embeddable":true,"href":"https:\/\/cooltivarte.com\/portal\/wp-json\/wp\/v2\/categories?post=81062"},{"taxonomy":"post_tag","embeddable":true,"href":"https:\/\/cooltivarte.com\/portal\/wp-json\/wp\/v2\/tags?post=81062"}],"curies":[{"name":"wp","href":"https:\/\/api.w.org\/{rel}","templated":true}]}}