{"id":81000,"date":"2022-05-16T17:52:02","date_gmt":"2022-05-16T20:52:02","guid":{"rendered":"https:\/\/cooltivarte.com\/portal\/?p=81000"},"modified":"2022-05-16T17:52:02","modified_gmt":"2022-05-16T20:52:02","slug":"orquesta-sinfonica-nacional-audiciones-para-interpretes-de-corno","status":"publish","type":"post","link":"https:\/\/cooltivarte.com\/portal\/orquesta-sinfonica-nacional-audiciones-para-interpretes-de-corno\/","title":{"rendered":"Orquesta Sinf\u00f3nica Nacional: Audiciones para int\u00e9rpretes de Corno"},"content":{"rendered":"<p><img fetchpriority=\"high\" decoding=\"async\" class=\"aligncenter wp-image-81001\" title=\"Orquesta Sinf\u00f3nica Nacional\" src=\"https:\/\/cooltivarte.com\/portal\/wp-content\/uploads\/2022\/05\/1X1-OSN-AUDICIONES.png\" alt=\"Orquesta Sinf\u00f3nica Nacional \" width=\"750\" height=\"750\" srcset=\"https:\/\/cooltivarte.com\/portal\/wp-content\/uploads\/2022\/05\/1X1-OSN-AUDICIONES.png 1000w, https:\/\/cooltivarte.com\/portal\/wp-content\/uploads\/2022\/05\/1X1-OSN-AUDICIONES-300x300.png 300w, https:\/\/cooltivarte.com\/portal\/wp-content\/uploads\/2022\/05\/1X1-OSN-AUDICIONES-150x150.png 150w, https:\/\/cooltivarte.com\/portal\/wp-content\/uploads\/2022\/05\/1X1-OSN-AUDICIONES-768x768.png 768w, https:\/\/cooltivarte.com\/portal\/wp-content\/uploads\/2022\/05\/1X1-OSN-AUDICIONES-120x120.png 120w, https:\/\/cooltivarte.com\/portal\/wp-content\/uploads\/2022\/05\/1X1-OSN-AUDICIONES-75x75.png 75w\" sizes=\"(max-width: 750px) 100vw, 750px\" \/><\/p>\n<p>&nbsp;<\/p>\n<p style=\"font-weight: 400;\">Desde la<strong> Orquesta Sinf\u00f3nica Nacional<\/strong>, dependiente de la <strong>Direcci\u00f3n Nacional de Organismos Estables del Ministerio de Cultura de la Naci\u00f3n<\/strong>, anunciamos la convocatoria a int\u00e9rpretes y m\u00fasicos argentinos a participar de Audiciones para cubrir interinamente el <strong>cargo&nbsp;de Tercer Corno y 2\u00b0 suplente del Solista<\/strong>.<\/p>\n<p style=\"font-weight: 400;\">&nbsp;<\/p>\n<p style=\"font-weight: 400;\">Las inscripciones se realizar\u00e1n hasta el lunes 23 de mayo,&nbsp;a trav\u00e9s del formulario online (con CV y DNI):&nbsp;<strong><a href=\"http:\/\/bit.ly\/audicionesOSN\" target=\"_blank\" rel=\"noopener\" data-saferedirecturl=\"https:\/\/www.google.com\/url?q=http:\/\/bit.ly\/audicionesOSN&amp;source=gmail&amp;ust=1652807579668000&amp;usg=AOvVaw3J2Jru93EsyqhF1mOQgZkp\">bit.ly\/audicionesOSN<\/a><\/strong><\/p>\n<p style=\"font-weight: 400;\"><strong>&nbsp;<\/strong><strong>Audiciones: Lunes 30 de mayo, a las 13 horas<\/strong><\/p>\n<p style=\"font-weight: 400;\"><strong>Lugar: Sala de ensayo de la Orquesta Sinf\u00f3nica Nacional (3er. Subsuelo del Centro Cultural Kirchner).- Sarmiento 151, CABA<\/strong><\/p>\n<p style=\"font-weight: 400;\">&nbsp;\u00bfQui\u00e9nes pueden participar?&nbsp; Podr\u00e1n formar parte Int\u00e9rpretes y m\u00fasicos argentinos, nativos o naturalizados, mayores de edad<\/p>\n<p style=\"font-weight: 400;\"><strong>Importante:<\/strong>&nbsp;Los instrumentistas deber\u00e1n presentarse con su acompa\u00f1ante de piano (deber\u00e1n informar nombre, apellido y DNI al momento de la inscripci\u00f3n)<\/p>\n<p style=\"font-weight: 400;\">Los solos y\/o fragmentos orquestales podr\u00e1n descargarse en el siguiente link:&nbsp;&nbsp;<a href=\"https:\/\/drive.google.com\/...\/1WBnoPnL9ouCBBTY.\" target=\"_blank\" rel=\"noopener\" data-saferedirecturl=\"https:\/\/www.google.com\/url?q=https:\/\/drive.google.com\/...\/1WBnoPnL9ouCBBTY.&amp;source=gmail&amp;ust=1652807579668000&amp;usg=AOvVaw28NSWWkhzYFoKPWEZGDMXB\">https:\/\/drive.google.com\/&#8230;\/1WBnoPnL9ouCBBTY.<\/a>..<\/p>\n<p style=\"font-weight: 400;\">&nbsp;Informes o consultas:&nbsp;<strong><a href=\"mailto:concursos.osn@gmail.com\" target=\"_blank\" rel=\"noopener\">concursos.osn@gmail.com<\/a><\/strong><\/p>\n<p style=\"font-weight: 400;\">Cargo: Tercer Corno y 2\u00ba Suplente del solista<\/p>\n<p style=\"font-weight: 400;\">\u0301&nbsp;&nbsp;\u0301&nbsp;&nbsp;\/<\/p>\n<p style=\"font-weight: 400;\">&nbsp;&nbsp;:<\/p>\n<ol>\n<li style=\"font-weight: 400;\">a) Obra impuesta:<\/li>\n<li style=\"font-weight: 400;\">A. Mozart: Concierto para corno Nro 4: de letra B a compas 153. Sin cadenza.<\/li>\n<li style=\"font-weight: 400;\">b) Pasajes y Solos orquestales<\/li>\n<li style=\"font-weight: 400;\">P. I Tchaicovsky: Sinfon\u00eda Nro. 5 &#8211; Segundo movimiento<\/li>\n<li style=\"font-weight: 400;\">L. v. Beethoven: Sinfon\u00eda Nro 7 &#8211; Primer movimiento<\/li>\n<\/ol>\n<p style=\"font-weight: 400;\">III. R. Strauss: Till Eulenspiegel \u2013 Solo del comienzo<\/p>\n<ol>\n<li style=\"font-weight: 400;\">G. Mahler: Sinfon\u00eda Nro 9 &#8211; Solo final primer movimiento<\/li>\n<li style=\"font-weight: 400;\">R. Strauss: Vida de h\u00e9roe &#8211; Comienzo<\/li>\n<\/ol>\n<p style=\"font-weight: 400;\">&nbsp;<\/p>\n<p>&nbsp;<\/p>\n<p><strong>Acerca de la Orquesta Sinf\u00f3nica Nacional<\/strong><\/p>\n<p>Fue creada en 1948 como Orquesta Sinf\u00f3nica del Estado con el objetivo de promocionar a directores, compositores y ejecutantes argentinos y difundir los cl\u00e1sicos de la m\u00fasica en grandes y peque\u00f1os auditorios.<\/p>\n<p>A lo largo de su historia, fue conducida por Roberto Kinsky, Juan Jos\u00e9 Castro, V\u00edctor Tevah, Sim\u00f3n Blech, Teodoro Fuchs, Juan Carlos Zorzi, Jacques Bodmer, Bruno D\u2019Astoli, Jorge Rotter y Jorge Fontenla, como directores titulares, y por personalidades de la talla de Erich Kleiber, Georg Solti, Ernest Ansermet, Igor Markevitch, Hermann Scherchen, Sergiu Celibidache, Rudolf Kempe, Antal Dorati, Malcolm Sargent, Hans Rosbaud, Jean Fournet, Igor Stravinsky, Heitor Villa-Lobos, Aram Katchaturian, Frank Martin, Pablo Casals, Zubin Metha y Charles Dutoit, como directores invitados, entre muchos otros.<\/p>\n<p>Cumpliendo con su fin de orquesta nacional, se present\u00f3 en m\u00e1s de cincuenta ciudades del interior del pa\u00eds que, en muchos casos, carec\u00edan de organismos orquestales propios (Diamante, Entre R\u00edos; Bella Vista, Corrientes; Zapla, Jujuy; Santiago del Estero; La Rioja; Catamarca, Comodoro Rivadavia, Chubut; Las Heras, Caleta Olivia, Puerto San Juli\u00e1n, Santa Cruz; Roque Saenz Pe\u00f1a, Chaco entre otras).<\/p>\n<p>En 1991, la Sinf\u00f3nica lleg\u00f3 por primera vez a Europa para actuar en las principales ciudades de Espa\u00f1a bajo la direcci\u00f3n de Sim\u00f3n Blech, con un repertorio \u00edntegramente dedicado a autores americanos. Un a\u00f1o m\u00e1s tarde, se present\u00f3 en Chile, conducida por Juan Carlos Zorzi, y en Brasil, por Blech, durante el Festival de Invierno de Giordao (San Pablo).<\/p>\n<p>Durante 1998, realiz\u00f3 una gira por Jap\u00f3n que incluy\u00f3 una memorable presentaci\u00f3n en Tokio, junto a la pianista Martha Argerich, culminando con un exitoso concierto en Los \u00c1ngeles (Estados Unidos). En la temporada 2000 fue distinguida como \u00fanica representante de Latinoam\u00e9rica en la XVI Edici\u00f3n del Festival de Canarias De los Cinco Continentes, donde se present\u00f3 junto con las m\u00e1s destacadas orquestas del mundo.<\/p>\n<p>En el marco de diversas acciones de contenido social, desarrolladas a partir del a\u00f1o 2004, particip\u00f3 del programa M\u00fasica en las F\u00e1bricas, con multitudinarias presentaciones en \u00e1mbitos de la producci\u00f3n y el trabajo. As\u00ed, actu\u00f3 por primera vez en Ushuaia, en la Cooperativa Renacer (ex Aurora), en los Talleres Ferroviarios de Taf\u00ed Viejo (Tucum\u00e1n) y en el Barrio El Tambo de La Matanza. Por su aporte a la cultura musical del pa\u00eds, fue galardonada con el diploma al m\u00e9rito que otorga la Fundaci\u00f3n Konex (1989), y el reconocimiento a la &#8220;mejor orquesta de la d\u00e9cada durante los a\u00f1os 1989, 1999, 2009 y 2019, recibiendo adem\u00e1s la distinci\u00f3n Konex de Platino por su labor musical y cultural en 2019. Fue distinguida, asimismo, por la Asociaci\u00f3n de Cr\u00edticos Musicales de la Argentina como Mejor Orquesta de las Temporadas 1996, 2000 y 2002. Particip\u00f3 en 2010 de los festejos del Bicentenario de la Revoluci\u00f3n de Mayo, actuando en el palco central enclavado en la Plaza de la Rep\u00fablica, frente al Obelisco, ante cientos de miles de asistentes.<\/p>\n<p>Durante el a\u00f1o 2015 actu\u00f3 en la velada musical inaugural de la gran Sala de Conciertos \u201cBallena Azul\u201d del Centro Cultural N\u00e9stor Kirchner y se present\u00f3 en la referida sala, donde desarrolla su Ciclo de Conciertos Principales, junto a la pianista Martha Argerich y prestigiosos artistas internacionales. A partir de ese mismo a\u00f1o, el Maestro Pedro Ignacio Calder\u00f3n es el Director Em\u00e9rito de la Orquesta Sinf\u00f3nica Nacional, luego de 22 a\u00f1os ininterrumpidos como director titular de la misma.<\/p>\n<p>&nbsp;<\/p>\n<p>&nbsp;<\/p>\n","protected":false},"excerpt":{"rendered":"<p>&nbsp; Desde la Orquesta Sinf\u00f3nica Nacional, dependiente de la Direcci\u00f3n Nacional de Organismos Estables del Ministerio de Cultura de la Naci\u00f3n, anunciamos la convocatoria a int\u00e9rpretes y m\u00fasicos argentinos a participar de Audiciones para cubrir interinamente el cargo&nbsp;de Tercer Corno y 2\u00b0 suplente del Solista. &nbsp; Las inscripciones se realizar\u00e1n hasta el lunes 23 de [&hellip;]<\/p>\n","protected":false},"author":8,"featured_media":81001,"comment_status":"closed","ping_status":"closed","sticky":false,"template":"","format":"standard","meta":{"om_disable_all_campaigns":false,"ngg_post_thumbnail":0,"jnews-multi-image_gallery":[],"jnews_single_post":{"subtitle":"","format":"standard","video":"","gallery":"","source_name":"","source_url":"","via_name":"","via_url":"","override_template":"0","override":[{"template":"1","single_blog_custom":"","parallax":"1","fullscreen":"1","layout":"right-sidebar","sidebar":"default-sidebar","second_sidebar":"default-sidebar","sticky_sidebar":"1","share_position":"top","share_float_style":"share-monocrhome","show_share_counter":"1","show_view_counter":"1","show_featured":"1","show_post_meta":"1","show_post_author":"1","show_post_author_image":"1","show_post_date":"1","post_date_format":"default","post_date_format_custom":"Y\/m\/d","show_post_category":"1","show_post_reading_time":"0","post_reading_time_wpm":"300","show_zoom_button":"0","zoom_button_out_step":"2","zoom_button_in_step":"3","show_post_tag":"1","show_prev_next_post":"1","show_popup_post":"1","number_popup_post":"1","show_author_box":"0","show_post_related":"0","show_inline_post_related":"0"}],"override_image_size":"0","image_override":[{"single_post_thumbnail_size":"crop-500","single_post_gallery_size":"crop-500"}],"trending_post":"0","trending_post_position":"meta","trending_post_label":"Trending","sponsored_post":"0","sponsored_post_label":"Sponsored by","sponsored_post_name":"","sponsored_post_url":"","sponsored_post_logo_enable":"0","sponsored_post_logo":"","sponsored_post_desc":""},"jnews_primary_category":{"id":""},"jnews_social_meta":{"fb_title":"","fb_description":"","fb_image":"","twitter_title":"","twitter_description":"","twitter_image":""},"jnews_override_counter":{"override_view_counter":"0","view_counter_number":"0","override_share_counter":"0","share_counter_number":"0","override_like_counter":"0","like_counter_number":"0","override_dislike_counter":"0","dislike_counter_number":"0"},"footnotes":""},"categories":[12936],"tags":[7753,16576,16577],"class_list":["post-81000","post","type-post","status-publish","format-standard","has-post-thumbnail","hentry","category-recomendados","tag-centro-cultural-kirchner","tag-orquesta-sinfonica-nacional","tag-tercer-corno"],"yoast_head":"<!-- This site is optimized with the Yoast SEO plugin v27.5 - https:\/\/yoast.com\/product\/yoast-seo-wordpress\/ -->\n<title>Orquesta Sinf\u00f3nica Nacional: Audiciones para int\u00e9rpretes de Corno - Cooltivarte Portal<\/title>\n<meta name=\"description\" content=\"Desde la Orquesta Sinf\u00f3nica Nacional, dependiente de la Direcci\u00f3n Nacional de Organismos Estables del Ministerio de Cultura de la Naci\u00f3n, anunciamos la convocatoria a int\u00e9rpretes y m\u00fasicos argentinos a participar de Audiciones para cubrir interinamente el cargo\u00a0de Tercer Corno y 2\u00b0 suplente del Solista.\" \/>\n<meta name=\"robots\" content=\"index, follow, max-snippet:-1, max-image-preview:large, max-video-preview:-1\" \/>\n<link rel=\"canonical\" href=\"https:\/\/cooltivarte.com\/portal\/orquesta-sinfonica-nacional-audiciones-para-interpretes-de-corno\/\" \/>\n<meta property=\"og:locale\" content=\"es_ES\" \/>\n<meta property=\"og:type\" content=\"article\" \/>\n<meta property=\"og:title\" content=\"Orquesta Sinf\u00f3nica Nacional: Audiciones para int\u00e9rpretes de Corno\" \/>\n<meta property=\"og:description\" content=\"Desde la Orquesta Sinf\u00f3nica Nacional, dependiente de la Direcci\u00f3n Nacional de Organismos Estables del Ministerio de Cultura de la Naci\u00f3n, anunciamos la convocatoria a int\u00e9rpretes y m\u00fasicos argentinos a participar de Audiciones para cubrir interinamente el cargo\u00a0de Tercer Corno y 2\u00b0 suplente del Solista.\" \/>\n<meta property=\"og:url\" content=\"https:\/\/cooltivarte.com\/portal\/orquesta-sinfonica-nacional-audiciones-para-interpretes-de-corno\/\" \/>\n<meta property=\"og:site_name\" content=\"Cooltivarte Portal\" \/>\n<meta property=\"article:publisher\" content=\"https:\/\/www.facebook.com\/cooltivartecom\/\" \/>\n<meta property=\"article:author\" content=\"https:\/\/www.facebook.com\/cooltivartecom\" \/>\n<meta property=\"article:published_time\" content=\"2022-05-16T20:52:02+00:00\" \/>\n<meta property=\"og:image\" content=\"https:\/\/cooltivarte.com\/portal\/wp-content\/uploads\/2022\/05\/1X1-OSN-AUDICIONES.png\" \/>\n\t<meta property=\"og:image:width\" content=\"1000\" \/>\n\t<meta property=\"og:image:height\" content=\"1000\" \/>\n\t<meta property=\"og:image:type\" content=\"image\/png\" \/>\n<meta name=\"author\" content=\"Cooltivarte\" \/>\n<meta name=\"twitter:card\" content=\"summary_large_image\" \/>\n<meta name=\"twitter:title\" content=\"Orquesta Sinf\u00f3nica Nacional: Audiciones para int\u00e9rpretes de Corno\" \/>\n<meta name=\"twitter:description\" content=\"Desde la Orquesta Sinf\u00f3nica Nacional, dependiente de la Direcci\u00f3n Nacional de Organismos Estables del Ministerio de Cultura de la Naci\u00f3n, anunciamos la convocatoria a int\u00e9rpretes y m\u00fasicos argentinos a participar de Audiciones para cubrir interinamente el cargo\u00a0de Tercer Corno y 2\u00b0 suplente del Solista.\" \/>\n<meta name=\"twitter:image\" content=\"https:\/\/cooltivarte.com\/portal\/wp-content\/uploads\/2022\/05\/1X1-OSN-AUDICIONES.png\" \/>\n<meta name=\"twitter:creator\" content=\"@https:\/\/x.com\/obolocultural\" \/>\n<meta name=\"twitter:site\" content=\"@obolocultural\" \/>\n<meta name=\"twitter:label1\" content=\"Escrito por\" \/>\n\t<meta name=\"twitter:data1\" content=\"Cooltivarte\" \/>\n\t<meta name=\"twitter:label2\" content=\"Tiempo de lectura\" \/>\n\t<meta name=\"twitter:data2\" content=\"4 minutos\" \/>\n<!-- \/ Yoast SEO plugin. -->","yoast_head_json":{"title":"Orquesta Sinf\u00f3nica Nacional: Audiciones para int\u00e9rpretes de Corno - Cooltivarte Portal","description":"Desde la Orquesta Sinf\u00f3nica Nacional, dependiente de la Direcci\u00f3n Nacional de Organismos Estables del Ministerio de Cultura de la Naci\u00f3n, anunciamos la convocatoria a int\u00e9rpretes y m\u00fasicos argentinos a participar de Audiciones para cubrir interinamente el cargo\u00a0de Tercer Corno y 2\u00b0 suplente del Solista.","robots":{"index":"index","follow":"follow","max-snippet":"max-snippet:-1","max-image-preview":"max-image-preview:large","max-video-preview":"max-video-preview:-1"},"canonical":"https:\/\/cooltivarte.com\/portal\/orquesta-sinfonica-nacional-audiciones-para-interpretes-de-corno\/","og_locale":"es_ES","og_type":"article","og_title":"Orquesta Sinf\u00f3nica Nacional: Audiciones para int\u00e9rpretes de Corno","og_description":"Desde la Orquesta Sinf\u00f3nica Nacional, dependiente de la Direcci\u00f3n Nacional de Organismos Estables del Ministerio de Cultura de la Naci\u00f3n, anunciamos la convocatoria a int\u00e9rpretes y m\u00fasicos argentinos a participar de Audiciones para cubrir interinamente el cargo\u00a0de Tercer Corno y 2\u00b0 suplente del Solista.","og_url":"https:\/\/cooltivarte.com\/portal\/orquesta-sinfonica-nacional-audiciones-para-interpretes-de-corno\/","og_site_name":"Cooltivarte Portal","article_publisher":"https:\/\/www.facebook.com\/cooltivartecom\/","article_author":"https:\/\/www.facebook.com\/cooltivartecom","article_published_time":"2022-05-16T20:52:02+00:00","og_image":[{"width":1000,"height":1000,"url":"https:\/\/cooltivarte.com\/portal\/wp-content\/uploads\/2022\/05\/1X1-OSN-AUDICIONES.png","type":"image\/png"}],"author":"Cooltivarte","twitter_card":"summary_large_image","twitter_title":"Orquesta Sinf\u00f3nica Nacional: Audiciones para int\u00e9rpretes de Corno","twitter_description":"Desde la Orquesta Sinf\u00f3nica Nacional, dependiente de la Direcci\u00f3n Nacional de Organismos Estables del Ministerio de Cultura de la Naci\u00f3n, anunciamos la convocatoria a int\u00e9rpretes y m\u00fasicos argentinos a participar de Audiciones para cubrir interinamente el cargo\u00a0de Tercer Corno y 2\u00b0 suplente del Solista.","twitter_image":"https:\/\/cooltivarte.com\/portal\/wp-content\/uploads\/2022\/05\/1X1-OSN-AUDICIONES.png","twitter_creator":"@https:\/\/x.com\/obolocultural","twitter_site":"@obolocultural","twitter_misc":{"Escrito por":"Cooltivarte","Tiempo de lectura":"4 minutos"},"schema":{"@context":"https:\/\/schema.org","@graph":[{"@type":"NewsArticle","@id":"https:\/\/cooltivarte.com\/portal\/orquesta-sinfonica-nacional-audiciones-para-interpretes-de-corno\/#article","isPartOf":{"@id":"https:\/\/cooltivarte.com\/portal\/orquesta-sinfonica-nacional-audiciones-para-interpretes-de-corno\/"},"author":{"name":"Cooltivarte","@id":"https:\/\/cooltivarte.com\/portal\/#\/schema\/person\/ec2a4f4e71b740d0c559c0ab9a157e19"},"headline":"Orquesta Sinf\u00f3nica Nacional: Audiciones para int\u00e9rpretes de Corno","datePublished":"2022-05-16T20:52:02+00:00","mainEntityOfPage":{"@id":"https:\/\/cooltivarte.com\/portal\/orquesta-sinfonica-nacional-audiciones-para-interpretes-de-corno\/"},"wordCount":862,"publisher":{"@id":"https:\/\/cooltivarte.com\/portal\/#organization"},"image":{"@id":"https:\/\/cooltivarte.com\/portal\/orquesta-sinfonica-nacional-audiciones-para-interpretes-de-corno\/#primaryimage"},"thumbnailUrl":"https:\/\/cooltivarte.com\/portal\/wp-content\/uploads\/2022\/05\/1X1-OSN-AUDICIONES.png","keywords":["Centro Cultural Kirchner","Orquesta Sinf\u00f3nica Nacional","Tercer Corno"],"articleSection":["Recomendados"],"inLanguage":"es-AR"},{"@type":"WebPage","@id":"https:\/\/cooltivarte.com\/portal\/orquesta-sinfonica-nacional-audiciones-para-interpretes-de-corno\/","url":"https:\/\/cooltivarte.com\/portal\/orquesta-sinfonica-nacional-audiciones-para-interpretes-de-corno\/","name":"Orquesta Sinf\u00f3nica Nacional: Audiciones para int\u00e9rpretes de Corno - Cooltivarte Portal","isPartOf":{"@id":"https:\/\/cooltivarte.com\/portal\/#website"},"primaryImageOfPage":{"@id":"https:\/\/cooltivarte.com\/portal\/orquesta-sinfonica-nacional-audiciones-para-interpretes-de-corno\/#primaryimage"},"image":{"@id":"https:\/\/cooltivarte.com\/portal\/orquesta-sinfonica-nacional-audiciones-para-interpretes-de-corno\/#primaryimage"},"thumbnailUrl":"https:\/\/cooltivarte.com\/portal\/wp-content\/uploads\/2022\/05\/1X1-OSN-AUDICIONES.png","datePublished":"2022-05-16T20:52:02+00:00","description":"Desde la Orquesta Sinf\u00f3nica Nacional, dependiente de la Direcci\u00f3n Nacional de Organismos Estables del Ministerio de Cultura de la Naci\u00f3n, anunciamos la convocatoria a int\u00e9rpretes y m\u00fasicos argentinos a participar de Audiciones para cubrir interinamente el cargo\u00a0de Tercer Corno y 2\u00b0 suplente del Solista.","breadcrumb":{"@id":"https:\/\/cooltivarte.com\/portal\/orquesta-sinfonica-nacional-audiciones-para-interpretes-de-corno\/#breadcrumb"},"inLanguage":"es-AR","potentialAction":[{"@type":"ReadAction","target":["https:\/\/cooltivarte.com\/portal\/orquesta-sinfonica-nacional-audiciones-para-interpretes-de-corno\/"]}]},{"@type":"ImageObject","inLanguage":"es-AR","@id":"https:\/\/cooltivarte.com\/portal\/orquesta-sinfonica-nacional-audiciones-para-interpretes-de-corno\/#primaryimage","url":"https:\/\/cooltivarte.com\/portal\/wp-content\/uploads\/2022\/05\/1X1-OSN-AUDICIONES.png","contentUrl":"https:\/\/cooltivarte.com\/portal\/wp-content\/uploads\/2022\/05\/1X1-OSN-AUDICIONES.png","width":1000,"height":1000,"caption":"Orquesta Sinf\u00f3nica Nacional"},{"@type":"BreadcrumbList","@id":"https:\/\/cooltivarte.com\/portal\/orquesta-sinfonica-nacional-audiciones-para-interpretes-de-corno\/#breadcrumb","itemListElement":[{"@type":"ListItem","position":1,"name":"Portada","item":"https:\/\/cooltivarte.com\/portal\/"},{"@type":"ListItem","position":2,"name":"Orquesta Sinf\u00f3nica Nacional: Audiciones para int\u00e9rpretes de Corno"}]},{"@type":"WebSite","@id":"https:\/\/cooltivarte.com\/portal\/#website","url":"https:\/\/cooltivarte.com\/portal\/","name":"Cooltivarte Portal","description":"Arte, cultura y turismo para el mundo ...","publisher":{"@id":"https:\/\/cooltivarte.com\/portal\/#organization"},"potentialAction":[{"@type":"SearchAction","target":{"@type":"EntryPoint","urlTemplate":"https:\/\/cooltivarte.com\/portal\/?s={search_term_string}"},"query-input":{"@type":"PropertyValueSpecification","valueRequired":true,"valueName":"search_term_string"}}],"inLanguage":"es-AR"},{"@type":"Organization","@id":"https:\/\/cooltivarte.com\/portal\/#organization","name":"cooltivarte","url":"https:\/\/cooltivarte.com\/portal\/","logo":{"@type":"ImageObject","inLanguage":"es-AR","@id":"https:\/\/cooltivarte.com\/portal\/#\/schema\/logo\/image\/","url":"https:\/\/cooltivarte.com\/portal\/wp-content\/uploads\/2020\/04\/logo-cooltivarte-v2.png","contentUrl":"https:\/\/cooltivarte.com\/portal\/wp-content\/uploads\/2020\/04\/logo-cooltivarte-v2.png","width":851,"height":243,"caption":"cooltivarte"},"image":{"@id":"https:\/\/cooltivarte.com\/portal\/#\/schema\/logo\/image\/"},"sameAs":["https:\/\/www.facebook.com\/cooltivartecom\/","https:\/\/x.com\/obolocultural","https:\/\/www.instagram.com\/_cooltivarte_\/","https:\/\/www.linkedin.com\/company\/-bolocultural?reportsuccess=8zaNG1HwhPbAR9iQhZ5rfGeqz_vQFftHun0ZWU0Wy9vNemRJ8vtcKdJvzQfW8XagyOJSKg0XvfJ1dp","https:\/\/www.pinterest.com\/cooltivarte\/","https:\/\/cooltivarte.tumblr.com\/","https:\/\/www.tiktok.com\/@cooltivarte","https:\/\/www.youtube.com\/@PrensaCooltivarte"]},{"@type":"Person","@id":"https:\/\/cooltivarte.com\/portal\/#\/schema\/person\/ec2a4f4e71b740d0c559c0ab9a157e19","name":"Cooltivarte","image":{"@type":"ImageObject","inLanguage":"es-AR","@id":"https:\/\/cooltivarte.com\/portal\/wp-content\/uploads\/2014\/05\/logo-cooltivarte-120x120.jpg","url":"https:\/\/cooltivarte.com\/portal\/wp-content\/uploads\/2014\/05\/logo-cooltivarte-120x120.jpg","contentUrl":"https:\/\/cooltivarte.com\/portal\/wp-content\/uploads\/2014\/05\/logo-cooltivarte-120x120.jpg","caption":"Cooltivarte"},"description":"Somos COOLTIVARTE.COM. Un portal digital dedicado a difundir el acontecer art\u00edstico y cultural del Uruguay. Estamos en la vuelta desde el a\u00f1o 2003, y como evoluci\u00f3n del bolet\u00edn Obolo Cultural, nos encontramos abocados a apoyar a los artistas nacionales brind\u00e1ndoles un espacio de difusi\u00f3n. Creemos en la idea de utilizar la potencialidad que hoy d\u00eda nos otorga la web, para que la cultura uruguaya y sus creadores dispongan de una din\u00e1mica ventana, que los ponga en contacto entre s\u00ed y con el mundo. Somos COOLTIVARTE.COM y pretendemos configurarnos como un portal din\u00e1mico, entretenido y atento a los nuevos emprendimientos, que busque siempre la interacci\u00f3n con los artistas.","sameAs":["http:\/\/www.cooltivarte.com","https:\/\/www.facebook.com\/cooltivartecom","https:\/\/www.instagram.com\/_cooltivarte_\/","https:\/\/www.linkedin.com\/company\/-bolocultural","https:\/\/www.pinterest.com\/cooltivarte\/","https:\/\/x.com\/https:\/\/x.com\/obolocultural","https:\/\/www.youtube.com\/@PrensaCooltivarte","https:\/\/www.tumblr.com\/blog\/cooltivarte"],"url":"https:\/\/cooltivarte.com\/portal\/author\/cooltivarte\/"}]}},"_links":{"self":[{"href":"https:\/\/cooltivarte.com\/portal\/wp-json\/wp\/v2\/posts\/81000","targetHints":{"allow":["GET"]}}],"collection":[{"href":"https:\/\/cooltivarte.com\/portal\/wp-json\/wp\/v2\/posts"}],"about":[{"href":"https:\/\/cooltivarte.com\/portal\/wp-json\/wp\/v2\/types\/post"}],"author":[{"embeddable":true,"href":"https:\/\/cooltivarte.com\/portal\/wp-json\/wp\/v2\/users\/8"}],"replies":[{"embeddable":true,"href":"https:\/\/cooltivarte.com\/portal\/wp-json\/wp\/v2\/comments?post=81000"}],"version-history":[{"count":1,"href":"https:\/\/cooltivarte.com\/portal\/wp-json\/wp\/v2\/posts\/81000\/revisions"}],"predecessor-version":[{"id":81002,"href":"https:\/\/cooltivarte.com\/portal\/wp-json\/wp\/v2\/posts\/81000\/revisions\/81002"}],"wp:featuredmedia":[{"embeddable":true,"href":"https:\/\/cooltivarte.com\/portal\/wp-json\/wp\/v2\/media\/81001"}],"wp:attachment":[{"href":"https:\/\/cooltivarte.com\/portal\/wp-json\/wp\/v2\/media?parent=81000"}],"wp:term":[{"taxonomy":"category","embeddable":true,"href":"https:\/\/cooltivarte.com\/portal\/wp-json\/wp\/v2\/categories?post=81000"},{"taxonomy":"post_tag","embeddable":true,"href":"https:\/\/cooltivarte.com\/portal\/wp-json\/wp\/v2\/tags?post=81000"}],"curies":[{"name":"wp","href":"https:\/\/api.w.org\/{rel}","templated":true}]}}