{"id":80978,"date":"2022-05-16T14:13:02","date_gmt":"2022-05-16T17:13:02","guid":{"rendered":"https:\/\/cooltivarte.com\/portal\/?p=80978"},"modified":"2022-05-16T14:13:02","modified_gmt":"2022-05-16T17:13:02","slug":"milonga-oriental-abel-carlevaro","status":"publish","type":"post","link":"https:\/\/cooltivarte.com\/portal\/milonga-oriental-abel-carlevaro\/","title":{"rendered":"MILONGA ORIENTAL &#8211; Abel Carlevaro"},"content":{"rendered":"<p><strong>Abel Carlevaro<\/strong> tuvo desde siempre una visi\u00f3n abierta sobre la m\u00fasica. Esa visi\u00f3n es propia de los genios. Aun as\u00ed, tuvo que acudir a un seud\u00f3nimo para editar un disco notable de cosas &#8220;folcl\u00f3ricas&#8221; pues hubo (y hay) una divisi\u00f3n constante entre la cultura &#8220;baja&#8221; y la &#8220;alta&#8221;. La m\u00fasica popular fue considerada de segunda en los \u00e1mbitos &#8220;cultos&#8221;- cuando yo estudiaba guitarra en los a\u00f1os 70 e iba a los conciertos, rara vez alguien ejecutaba algo del \u00e1mbito popular de aqu\u00ed, quiz\u00e1 Piazzolla era el \u00fanico que salvaba la &#8220;prueba&#8221;.<\/p>\n<p>En este disco como Vicente Vallejos (Vallejos en plural, porque el maestro admiraba la obra del peruano genial), Carlevaro toca cosas de otros y cosas propias. Esta MILONGA ORIENTAL es enga\u00f1osa. Tiene un aire campero evidente pero traspasado por Villa-lobos quiz\u00e1, y la convierte en una obra de concierto, una guitarra pulcra hasta el l\u00edmite (nada que ver con la guitarra del &#8220;campo&#8221;) y una visi\u00f3n nostalgiosa de aquel sonido rural. Lo cierto es que Abel amaba nuestros ritmos y g\u00e9neros populares, sin hacer divisi\u00f3n con la guitarra de salas de concierto, la hegem\u00f3nica y europea. Y no olvidar que fue \u00e9l quien hizo grabar a Mastra su primer disco e incluso con la misma guitarra con la que interpreta esta MILONGA ORIENTAL.<\/p>\n<p>&nbsp;<\/p>\n<p>&nbsp;<\/p>\n<p>&nbsp;<\/p>\n","protected":false},"excerpt":{"rendered":"<p>Abel Carlevaro tuvo desde siempre una visi\u00f3n abierta sobre la m\u00fasica. Esa visi\u00f3n es propia de los genios. Aun as\u00ed, tuvo que acudir a un seud\u00f3nimo para editar un disco notable de cosas &#8220;folcl\u00f3ricas&#8221; pues hubo (y hay) una divisi\u00f3n constante entre la cultura &#8220;baja&#8221; y la &#8220;alta&#8221;. La m\u00fasica popular fue considerada de segunda [&hellip;]<\/p>\n","protected":false},"author":185,"featured_media":80979,"comment_status":"closed","ping_status":"closed","sticky":false,"template":"","format":"video","meta":{"om_disable_all_campaigns":false,"ngg_post_thumbnail":0,"jnews-multi-image_gallery":[],"jnews_single_post":{"subtitle":"","format":"video","video":"https:\/\/youtu.be\/3FUtNz3OxZ8","gallery":"","source_name":"","source_url":"","via_name":"","via_url":"","override_template":"0","override":[{"template":"1","single_blog_custom":"","parallax":"1","fullscreen":"1","layout":"right-sidebar","sidebar":"default-sidebar","second_sidebar":"default-sidebar","sticky_sidebar":"1","share_position":"top","share_float_style":"share-monocrhome","show_share_counter":"1","show_view_counter":"1","show_featured":"1","show_post_meta":"1","show_post_author":"1","show_post_author_image":"1","show_post_date":"1","post_date_format":"default","post_date_format_custom":"Y\/m\/d","show_post_category":"1","show_post_reading_time":"0","post_reading_time_wpm":"300","show_zoom_button":"0","zoom_button_out_step":"2","zoom_button_in_step":"3","show_post_tag":"1","show_prev_next_post":"1","show_popup_post":"1","number_popup_post":"1","show_author_box":"0","show_post_related":"0","show_inline_post_related":"0"}],"override_image_size":"0","image_override":[{"single_post_thumbnail_size":"crop-500","single_post_gallery_size":"crop-500"}],"trending_post":"0","trending_post_position":"meta","trending_post_label":"Trending","sponsored_post":"0","sponsored_post_label":"Sponsored by","sponsored_post_name":"","sponsored_post_url":"","sponsored_post_logo_enable":"0","sponsored_post_logo":"","sponsored_post_desc":""},"jnews_primary_category":{"id":""},"jnews_social_meta":{"fb_title":"","fb_description":"","fb_image":"","twitter_title":"","twitter_description":"","twitter_image":""},"jnews_override_counter":{"override_view_counter":"0","view_counter_number":"0","override_share_counter":"0","share_counter_number":"0","override_like_counter":"0","like_counter_number":"0","override_dislike_counter":"0","dislike_counter_number":"0"},"footnotes":""},"categories":[16021],"tags":[16567,16568],"class_list":["post-80978","post","type-post","status-publish","format-video","has-post-thumbnail","hentry","category-tesoros-de-la-isla","tag-abel-carlevaro","tag-milonga-oriental","post_format-post-format-video"],"yoast_head":"<!-- This site is optimized with the Yoast SEO plugin v27.5 - https:\/\/yoast.com\/product\/yoast-seo-wordpress\/ -->\n<title>MILONGA ORIENTAL - Abel Carlevaro - Cooltivarte Portal<\/title>\n<meta name=\"description\" content=\"Abel Carlevaro tuvo desde siempre una visi\u00f3n abierta sobre la m\u00fasica. Esa visi\u00f3n es propia de los genios. Aun as\u00ed, tuvo que acudir a un seud\u00f3nimo para editar un disco notable de cosas &quot;folcl\u00f3ricas&quot; pues hubo (y hay) una divisi\u00f3n constante entre la cultura &quot;baja&quot; y la &quot;alta&quot;. La m\u00fasica popular fue considerada de segunda en los \u00e1mbitos &quot;cultos&quot;\" \/>\n<meta name=\"robots\" content=\"index, follow, max-snippet:-1, max-image-preview:large, max-video-preview:-1\" \/>\n<link rel=\"canonical\" href=\"https:\/\/cooltivarte.com\/portal\/milonga-oriental-abel-carlevaro\/\" \/>\n<meta property=\"og:locale\" content=\"es_ES\" \/>\n<meta property=\"og:type\" content=\"article\" \/>\n<meta property=\"og:title\" content=\"Abel Carlevaro como Vicente Vallejos milonga oriental\" \/>\n<meta property=\"og:description\" content=\"Abel Carlevaro tuvo desde siempre una visi\u00f3n abierta sobre la m\u00fasica. Esa visi\u00f3n es propia de los genios. Aun as\u00ed, tuvo que acudir a un seud\u00f3nimo para editar un disco notable de cosas &quot;folcl\u00f3ricas&quot; pues hubo (y hay) una divisi\u00f3n constante entre la cultura &quot;baja&quot; y la &quot;alta&quot;. La m\u00fasica popular fue considerada de segunda en los \u00e1mbitos &quot;cultos&quot;\" \/>\n<meta property=\"og:url\" content=\"https:\/\/cooltivarte.com\/portal\/milonga-oriental-abel-carlevaro\/\" \/>\n<meta property=\"og:site_name\" content=\"Cooltivarte Portal\" \/>\n<meta property=\"article:publisher\" content=\"https:\/\/www.facebook.com\/cooltivartecom\/\" \/>\n<meta property=\"article:author\" content=\"https:\/\/www.facebook.com\/jorge.alastra.1\" \/>\n<meta property=\"article:published_time\" content=\"2022-05-16T17:13:02+00:00\" \/>\n<meta property=\"og:image\" content=\"https:\/\/cooltivarte.com\/portal\/wp-content\/uploads\/2022\/05\/Abel-Carlevaro-como-Vicente-Vallejos-milonga-oriental.jpg\" \/>\n\t<meta property=\"og:image:width\" content=\"718\" \/>\n\t<meta property=\"og:image:height\" content=\"717\" \/>\n\t<meta property=\"og:image:type\" content=\"image\/jpeg\" \/>\n<meta name=\"author\" content=\"Jorge Alastra\" \/>\n<meta name=\"twitter:card\" content=\"summary_large_image\" \/>\n<meta name=\"twitter:title\" content=\"Abel Carlevaro como Vicente Vallejos milonga oriental\" \/>\n<meta name=\"twitter:description\" content=\"Abel Carlevaro tuvo desde siempre una visi\u00f3n abierta sobre la m\u00fasica. Esa visi\u00f3n es propia de los genios. Aun as\u00ed, tuvo que acudir a un seud\u00f3nimo para editar un disco notable de cosas &quot;folcl\u00f3ricas&quot; pues hubo (y hay) una divisi\u00f3n constante entre la cultura &quot;baja&quot; y la &quot;alta&quot;. La m\u00fasica popular fue considerada de segunda en los \u00e1mbitos &quot;cultos&quot;\" \/>\n<meta name=\"twitter:image\" content=\"https:\/\/cooltivarte.com\/portal\/wp-content\/uploads\/2022\/05\/Abel-Carlevaro-como-Vicente-Vallejos-milonga-oriental.jpg\" \/>\n<meta name=\"twitter:creator\" content=\"@https:\/\/x.com\/obolocultural\" \/>\n<meta name=\"twitter:site\" content=\"@obolocultural\" \/>\n<meta name=\"twitter:label1\" content=\"Escrito por\" \/>\n\t<meta name=\"twitter:data1\" content=\"Jorge Alastra\" \/>\n\t<meta name=\"twitter:label2\" content=\"Tiempo de lectura\" \/>\n\t<meta name=\"twitter:data2\" content=\"1 minuto\" \/>\n<!-- \/ Yoast SEO plugin. -->","yoast_head_json":{"title":"MILONGA ORIENTAL - Abel Carlevaro - Cooltivarte Portal","description":"Abel Carlevaro tuvo desde siempre una visi\u00f3n abierta sobre la m\u00fasica. Esa visi\u00f3n es propia de los genios. Aun as\u00ed, tuvo que acudir a un seud\u00f3nimo para editar un disco notable de cosas \"folcl\u00f3ricas\" pues hubo (y hay) una divisi\u00f3n constante entre la cultura \"baja\" y la \"alta\". La m\u00fasica popular fue considerada de segunda en los \u00e1mbitos \"cultos\"","robots":{"index":"index","follow":"follow","max-snippet":"max-snippet:-1","max-image-preview":"max-image-preview:large","max-video-preview":"max-video-preview:-1"},"canonical":"https:\/\/cooltivarte.com\/portal\/milonga-oriental-abel-carlevaro\/","og_locale":"es_ES","og_type":"article","og_title":"Abel Carlevaro como Vicente Vallejos milonga oriental","og_description":"Abel Carlevaro tuvo desde siempre una visi\u00f3n abierta sobre la m\u00fasica. Esa visi\u00f3n es propia de los genios. Aun as\u00ed, tuvo que acudir a un seud\u00f3nimo para editar un disco notable de cosas \"folcl\u00f3ricas\" pues hubo (y hay) una divisi\u00f3n constante entre la cultura \"baja\" y la \"alta\". La m\u00fasica popular fue considerada de segunda en los \u00e1mbitos \"cultos\"","og_url":"https:\/\/cooltivarte.com\/portal\/milonga-oriental-abel-carlevaro\/","og_site_name":"Cooltivarte Portal","article_publisher":"https:\/\/www.facebook.com\/cooltivartecom\/","article_author":"https:\/\/www.facebook.com\/jorge.alastra.1","article_published_time":"2022-05-16T17:13:02+00:00","og_image":[{"width":718,"height":717,"url":"https:\/\/cooltivarte.com\/portal\/wp-content\/uploads\/2022\/05\/Abel-Carlevaro-como-Vicente-Vallejos-milonga-oriental.jpg","type":"image\/jpeg"}],"author":"Jorge Alastra","twitter_card":"summary_large_image","twitter_title":"Abel Carlevaro como Vicente Vallejos milonga oriental","twitter_description":"Abel Carlevaro tuvo desde siempre una visi\u00f3n abierta sobre la m\u00fasica. Esa visi\u00f3n es propia de los genios. Aun as\u00ed, tuvo que acudir a un seud\u00f3nimo para editar un disco notable de cosas \"folcl\u00f3ricas\" pues hubo (y hay) una divisi\u00f3n constante entre la cultura \"baja\" y la \"alta\". La m\u00fasica popular fue considerada de segunda en los \u00e1mbitos \"cultos\"","twitter_image":"https:\/\/cooltivarte.com\/portal\/wp-content\/uploads\/2022\/05\/Abel-Carlevaro-como-Vicente-Vallejos-milonga-oriental.jpg","twitter_creator":"@https:\/\/x.com\/obolocultural","twitter_site":"@obolocultural","twitter_misc":{"Escrito por":"Jorge Alastra","Tiempo de lectura":"1 minuto"},"schema":{"@context":"https:\/\/schema.org","@graph":[{"@type":"NewsArticle","@id":"https:\/\/cooltivarte.com\/portal\/milonga-oriental-abel-carlevaro\/#article","isPartOf":{"@id":"https:\/\/cooltivarte.com\/portal\/milonga-oriental-abel-carlevaro\/"},"author":{"name":"Jorge Alastra","@id":"https:\/\/cooltivarte.com\/portal\/#\/schema\/person\/c26490951a2ec3bd62aa3389052a597e"},"headline":"MILONGA ORIENTAL &#8211; Abel Carlevaro","datePublished":"2022-05-16T17:13:02+00:00","mainEntityOfPage":{"@id":"https:\/\/cooltivarte.com\/portal\/milonga-oriental-abel-carlevaro\/"},"wordCount":236,"publisher":{"@id":"https:\/\/cooltivarte.com\/portal\/#organization"},"image":{"@id":"https:\/\/cooltivarte.com\/portal\/milonga-oriental-abel-carlevaro\/#primaryimage"},"thumbnailUrl":"https:\/\/cooltivarte.com\/portal\/wp-content\/uploads\/2022\/05\/Abel-Carlevaro-como-Vicente-Vallejos-milonga-oriental.jpg","keywords":["Abel Carlevaro","MILONGA ORIENTAL"],"articleSection":["Tesoros de la isla"],"inLanguage":"es-AR"},{"@type":"WebPage","@id":"https:\/\/cooltivarte.com\/portal\/milonga-oriental-abel-carlevaro\/","url":"https:\/\/cooltivarte.com\/portal\/milonga-oriental-abel-carlevaro\/","name":"MILONGA ORIENTAL - Abel Carlevaro - Cooltivarte Portal","isPartOf":{"@id":"https:\/\/cooltivarte.com\/portal\/#website"},"primaryImageOfPage":{"@id":"https:\/\/cooltivarte.com\/portal\/milonga-oriental-abel-carlevaro\/#primaryimage"},"image":{"@id":"https:\/\/cooltivarte.com\/portal\/milonga-oriental-abel-carlevaro\/#primaryimage"},"thumbnailUrl":"https:\/\/cooltivarte.com\/portal\/wp-content\/uploads\/2022\/05\/Abel-Carlevaro-como-Vicente-Vallejos-milonga-oriental.jpg","datePublished":"2022-05-16T17:13:02+00:00","description":"Abel Carlevaro tuvo desde siempre una visi\u00f3n abierta sobre la m\u00fasica. Esa visi\u00f3n es propia de los genios. Aun as\u00ed, tuvo que acudir a un seud\u00f3nimo para editar un disco notable de cosas \"folcl\u00f3ricas\" pues hubo (y hay) una divisi\u00f3n constante entre la cultura \"baja\" y la \"alta\". La m\u00fasica popular fue considerada de segunda en los \u00e1mbitos \"cultos\"","breadcrumb":{"@id":"https:\/\/cooltivarte.com\/portal\/milonga-oriental-abel-carlevaro\/#breadcrumb"},"inLanguage":"es-AR","potentialAction":[{"@type":"ReadAction","target":["https:\/\/cooltivarte.com\/portal\/milonga-oriental-abel-carlevaro\/"]}]},{"@type":"ImageObject","inLanguage":"es-AR","@id":"https:\/\/cooltivarte.com\/portal\/milonga-oriental-abel-carlevaro\/#primaryimage","url":"https:\/\/cooltivarte.com\/portal\/wp-content\/uploads\/2022\/05\/Abel-Carlevaro-como-Vicente-Vallejos-milonga-oriental.jpg","contentUrl":"https:\/\/cooltivarte.com\/portal\/wp-content\/uploads\/2022\/05\/Abel-Carlevaro-como-Vicente-Vallejos-milonga-oriental.jpg","width":718,"height":717,"caption":"Abel Carlevaro como Vicente Vallejos milonga oriental"},{"@type":"BreadcrumbList","@id":"https:\/\/cooltivarte.com\/portal\/milonga-oriental-abel-carlevaro\/#breadcrumb","itemListElement":[{"@type":"ListItem","position":1,"name":"Portada","item":"https:\/\/cooltivarte.com\/portal\/"},{"@type":"ListItem","position":2,"name":"MILONGA ORIENTAL &#8211; Abel Carlevaro"}]},{"@type":"WebSite","@id":"https:\/\/cooltivarte.com\/portal\/#website","url":"https:\/\/cooltivarte.com\/portal\/","name":"Cooltivarte Portal","description":"Arte, cultura y turismo para el mundo ...","publisher":{"@id":"https:\/\/cooltivarte.com\/portal\/#organization"},"potentialAction":[{"@type":"SearchAction","target":{"@type":"EntryPoint","urlTemplate":"https:\/\/cooltivarte.com\/portal\/?s={search_term_string}"},"query-input":{"@type":"PropertyValueSpecification","valueRequired":true,"valueName":"search_term_string"}}],"inLanguage":"es-AR"},{"@type":"Organization","@id":"https:\/\/cooltivarte.com\/portal\/#organization","name":"cooltivarte","url":"https:\/\/cooltivarte.com\/portal\/","logo":{"@type":"ImageObject","inLanguage":"es-AR","@id":"https:\/\/cooltivarte.com\/portal\/#\/schema\/logo\/image\/","url":"https:\/\/cooltivarte.com\/portal\/wp-content\/uploads\/2020\/04\/logo-cooltivarte-v2.png","contentUrl":"https:\/\/cooltivarte.com\/portal\/wp-content\/uploads\/2020\/04\/logo-cooltivarte-v2.png","width":851,"height":243,"caption":"cooltivarte"},"image":{"@id":"https:\/\/cooltivarte.com\/portal\/#\/schema\/logo\/image\/"},"sameAs":["https:\/\/www.facebook.com\/cooltivartecom\/","https:\/\/x.com\/obolocultural","https:\/\/www.instagram.com\/_cooltivarte_\/","https:\/\/www.linkedin.com\/company\/-bolocultural?reportsuccess=8zaNG1HwhPbAR9iQhZ5rfGeqz_vQFftHun0ZWU0Wy9vNemRJ8vtcKdJvzQfW8XagyOJSKg0XvfJ1dp","https:\/\/www.pinterest.com\/cooltivarte\/","https:\/\/cooltivarte.tumblr.com\/","https:\/\/www.tiktok.com\/@cooltivarte","https:\/\/www.youtube.com\/@PrensaCooltivarte"]},{"@type":"Person","@id":"https:\/\/cooltivarte.com\/portal\/#\/schema\/person\/c26490951a2ec3bd62aa3389052a597e","name":"Jorge Alastra","image":{"@type":"ImageObject","inLanguage":"es-AR","@id":"https:\/\/cooltivarte.com\/portal\/wp-content\/uploads\/2022\/02\/Jorge-Alastra-120x120.jpg","url":"https:\/\/cooltivarte.com\/portal\/wp-content\/uploads\/2022\/02\/Jorge-Alastra-120x120.jpg","contentUrl":"https:\/\/cooltivarte.com\/portal\/wp-content\/uploads\/2022\/02\/Jorge-Alastra-120x120.jpg","caption":"Jorge Alastra"},"description":"Jorge Alastra (1963) Compositor, arreglador, guitarrista y productor musical. Ha editado cuatro trabajos como solista con el sello PERRO ANDALUZ- \"Parte\" (2007), \"Puente A\u00e9reo\" (2009), \"Tres\" (2012) y \"Azar\" (2016) Fue fundador, guitarrista, arreglador y productor del Malajunta tango tr\u00edo. Ha obtenido varias distinciones por su actividad como compositor y\/o productor: Premio Graffiti 2008 por la producci\u00f3n de \"Una de Cabrera\", Premio Graffiti 2013 a mejor disco de Tango con Malajunta, 2013 nominado a mejor \u00e1lbum solista masculino por \"Tres\" por dicho premio. En 2014 obtuvo el primer premio por \"Hacia el Ayu\u00ed\", canci\u00f3n sobre el artiguismo, otorgado por la Comisi\u00f3n para el Bicentenario. Ha dado talleres de m\u00fasica y actualmente es docente de guitarra y composici\u00f3n de forma independiente.","sameAs":["https:\/\/open.spotify.com\/artist\/7C8leWt6Dtb8xluUkFLlf0?autoplay=true","https:\/\/www.facebook.com\/jorge.alastra.1","https:\/\/www.instagram.com\/jorge1963.azar\/","https:\/\/www.linkedin.com\/company\/-bolocultural","https:\/\/www.pinterest.com\/cooltivarte","https:\/\/x.com\/https:\/\/x.com\/obolocultural","https:\/\/www.youtube.com\/channel\/UCe9J-45HRsQXnnrIf1XoLUQ","https:\/\/soundcloud.com\/jorgealastra-music","https:\/\/www.tumblr.com\/blog\/cooltivarte"],"url":"https:\/\/cooltivarte.com\/portal\/author\/jorge-alastra\/"}]}},"_links":{"self":[{"href":"https:\/\/cooltivarte.com\/portal\/wp-json\/wp\/v2\/posts\/80978","targetHints":{"allow":["GET"]}}],"collection":[{"href":"https:\/\/cooltivarte.com\/portal\/wp-json\/wp\/v2\/posts"}],"about":[{"href":"https:\/\/cooltivarte.com\/portal\/wp-json\/wp\/v2\/types\/post"}],"author":[{"embeddable":true,"href":"https:\/\/cooltivarte.com\/portal\/wp-json\/wp\/v2\/users\/185"}],"replies":[{"embeddable":true,"href":"https:\/\/cooltivarte.com\/portal\/wp-json\/wp\/v2\/comments?post=80978"}],"version-history":[{"count":1,"href":"https:\/\/cooltivarte.com\/portal\/wp-json\/wp\/v2\/posts\/80978\/revisions"}],"predecessor-version":[{"id":80980,"href":"https:\/\/cooltivarte.com\/portal\/wp-json\/wp\/v2\/posts\/80978\/revisions\/80980"}],"wp:featuredmedia":[{"embeddable":true,"href":"https:\/\/cooltivarte.com\/portal\/wp-json\/wp\/v2\/media\/80979"}],"wp:attachment":[{"href":"https:\/\/cooltivarte.com\/portal\/wp-json\/wp\/v2\/media?parent=80978"}],"wp:term":[{"taxonomy":"category","embeddable":true,"href":"https:\/\/cooltivarte.com\/portal\/wp-json\/wp\/v2\/categories?post=80978"},{"taxonomy":"post_tag","embeddable":true,"href":"https:\/\/cooltivarte.com\/portal\/wp-json\/wp\/v2\/tags?post=80978"}],"curies":[{"name":"wp","href":"https:\/\/api.w.org\/{rel}","templated":true}]}}