{"id":80768,"date":"2022-05-06T12:21:31","date_gmt":"2022-05-06T15:21:31","guid":{"rendered":"https:\/\/cooltivarte.com\/portal\/?p=80768"},"modified":"2023-09-09T19:13:32","modified_gmt":"2023-09-09T22:13:32","slug":"la-vela-puerca-lanza-discopatico-su-nuevo-album","status":"publish","type":"post","link":"https:\/\/cooltivarte.com\/portal\/la-vela-puerca-lanza-discopatico-su-nuevo-album\/","title":{"rendered":"La Vela Puerca lanza &#8220;Discop\u00e1tico&#8221; su nuevo \u00e1lbum"},"content":{"rendered":"<figure id=\"attachment_80780\" aria-describedby=\"caption-attachment-80780\" style=\"width: 854px\" class=\"wp-caption alignnone\"><a href=\"https:\/\/cooltivarte.com\/portal\/wp-content\/uploads\/2022\/05\/discopatico.jpg\"><img fetchpriority=\"high\" decoding=\"async\" class=\"size-full wp-image-80780\" src=\"https:\/\/cooltivarte.com\/portal\/wp-content\/uploads\/2022\/05\/discopatico.jpg\" alt=\"Discop\u00e1tico\" width=\"854\" height=\"854\" srcset=\"https:\/\/cooltivarte.com\/portal\/wp-content\/uploads\/2022\/05\/discopatico.jpg 854w, https:\/\/cooltivarte.com\/portal\/wp-content\/uploads\/2022\/05\/discopatico-300x300.jpg 300w, https:\/\/cooltivarte.com\/portal\/wp-content\/uploads\/2022\/05\/discopatico-150x150.jpg 150w, https:\/\/cooltivarte.com\/portal\/wp-content\/uploads\/2022\/05\/discopatico-768x768.jpg 768w, https:\/\/cooltivarte.com\/portal\/wp-content\/uploads\/2022\/05\/discopatico-120x120.jpg 120w, https:\/\/cooltivarte.com\/portal\/wp-content\/uploads\/2022\/05\/discopatico-75x75.jpg 75w\" sizes=\"(max-width: 854px) 100vw, 854px\" \/><\/a><figcaption id=\"caption-attachment-80780\" class=\"wp-caption-text\">Discop\u00e1tico<\/figcaption><\/figure>\n<p>&nbsp;<\/p>\n<p>Mayo 2022<\/p>\n<p><a href=\"https:\/\/cooltivarte.com\/portal\/?s=LA+VELA+PUERCA\" target=\"_blank\" rel=\"noopener\"><strong>LA VELA PUERCA<\/strong><\/a><br \/>\npresenta &#8220;DISCOP\u00c1TICO&#8221;, su nuevo trabajo de estudio<\/p>\n<p>&nbsp;<\/p>\n<p><a href=\"https:\/\/cooltivarte.com\/portal\/?s=LA+VELA+PUERCA\" target=\"_blank\" rel=\"noopener\"><b>La Vela Puerca <\/b><\/a>lanza su nuevo \u00e1lbum de estudio. El trabajo, octavo en la carrera de la banda uruguaya, lleva por t\u00edtulo <b>Discop\u00e1tico<\/b> que en palabras de m\u00fasicos refiere a <i>\u201cAquel que ostenta la enfermedad de los discos. \u00c9sta afecta al disco intermusical que se encuentra formado por una sustancia vin\u00edlica llamada LP. Est\u00e1 alojada entre cada surco y su funci\u00f3n es proporcionar felicidad a los o\u00eddos\u201d.<\/i><\/p>\n<p>Por su parte, <b>Discop\u00e1tico<\/b> reafirma el camino musicalmente recorrido por <b>La Vela Puerca<\/b> durante m\u00e1s de 25 a\u00f1os.&nbsp; Es un disco de rock sincero y revitalizante que le canta al mundo de hoy con voz cr\u00edtica, mirada abierta y esperanza feroz. Son doce nuevas canciones envueltas en un sonido cristalino que reflejan la amplitud musical que la banda fue cosechando a lo largo de los a\u00f1os.<br \/>\nEl proceso creativo se desarroll\u00f3 entre Agosto 2021 y Febrero 2022. La grabaci\u00f3n fue realizada por <b>Alejandro V\u00e1zquez<\/b> en Estudio Mi Semilla, Montevideo, y las voces en chacra San Benito, Colonia del Sacramento. Mezclado por <b>Alejandro V\u00e1zquez<\/b> en el Estudio Van Vliet, Buenos Aires. El mastering fue realizado por <b>Greg Calbi <\/b>y <b>Steve Fallone <\/b>en Sterling Sound, New Jersey, USA. La producci\u00f3n art\u00edstica corri\u00f3 por cuenta de <b>Alejandro V\u00e1zquez<\/b> y <b>La&nbsp;Vela&nbsp;Puerca<\/b>.<\/p>\n<p>Adem\u00e1s de <b>Andrea Echeverri<\/b> en el actual single <b>Tormenta<\/b> y <b>Diego Arquero <\/b>en el previamente lanzado <b>La Pastilla<\/b>, el \u00e1lbum cuenta con invitados especiales como <b>Tito Fuentes (Molotov) <\/b>quien suma su guitarra en <b>El Para\u00edso<\/b>, <b>Mauricio Ortiz (No Te Va Gustar)<\/b>&nbsp; con la magia de su saxo bar\u00edtono en varias canciones, <b>&nbsp;Luc\u00eda Vecino<\/b> en coros,&nbsp; <b>Patricio Villarejo<\/b> en Cello y <b>Mart\u00edn Mor\u00f3n<\/b> en tromb\u00f3n.<\/p>\n<p><b>Discop\u00e1tico <\/b>ser\u00e1 presentado en el marco de una extensa gira internacional que recorrer\u00e1 varios pa\u00edses, comenzando por 10 shows ya anunciados en Espa\u00f1a. Confirmados tambi\u00e9n el 6 de Octubre en el Estadio Luna Park de Buenos Aires y el 19 de Noviembre en el Vel\u00f3dromo Municipal de Montevideo.<\/p>\n<p>&nbsp;<\/p>\n<p><iframe title=\"YouTube video player\" src=\"https:\/\/www.youtube.com\/embed\/xH2shTzxGuc\" width=\"100%\" height=\"515\" frameborder=\"0\" allowfullscreen=\"allowfullscreen\"><\/iframe><br \/>\n&nbsp;<\/p>\n<p><b>LA VELA PUERCA<\/b><br \/>\n<b>PRESENTACI\u00d3N OFICIAL DISCOP\u00c1TICO<\/b><br \/>\n&nbsp;<\/p>\n<p>12 Mayo, Es Gremi, Mallorca, Espa\u00f1a<br \/>\n13 Mayo, Razzmatazz 1, Barcelona, Espa\u00f1a<br \/>\n15 Mayo, La Repvblicca, Valencia, Espa\u00f1a<br \/>\n17 Mayo, Oasis Club Teatro, Zaragoza, Espa\u00f1a<br \/>\n19 Mayo, La Trinchera, M\u00e1laga, Espa\u00f1a<br \/>\n20 Mayo, Sala El Tren, Granada, Espa\u00f1a<br \/>\n22 Mayo, Garage Beat Club, Murcia, Espa\u00f1a<br \/>\n25 Mayo, Sala But, Madrid, Espa\u00f1a<br \/>\n27 Mayo, Santana 27, Bilbao, Espa\u00f1a<br \/>\n28 Mayo, Sala Totem, Pamplona, Espa\u00f1a<br \/>\n17 Junio, Club Estudiantes, Bah\u00eda Blanca, Argentina<br \/>\n18 Junio, GAP, Mar del Plata, Argentina<br \/>\n20 Junio, Teatro Par\u00eds, Necochea, Argentina<br \/>\n22 Junio, Teatro Municipal, Olavarr\u00eda, Argentina<br \/>\n24 Junio, Atenas, La Plata, Argentina<br \/>\n25 Junio, Uni\u00f3n y Progreso, Tandil, Argentina<br \/>\n6 Octubre, Luna Park, Buenos Aires, Argentina<br \/>\n19 Noviembre, Vel\u00f3dromo Municipal, Montevideo, Uruguay<\/p>\n<p><i><span lang=\"ES-TRAD\">Pr\u00f3ximamente m\u00e1s fechas!<\/span><\/i><\/p>\n<p>&nbsp;<br \/>\n<iframe style=\"border-radius: 12px;\" src=\"https:\/\/open.spotify.com\/embed\/album\/0tjbeQCarEUtbhlyyCRp0r?utm_source=generator\" width=\"100%\" height=\"380\" frameborder=\"0\" allowfullscreen=\"allowfullscreen\"><\/iframe><\/p>\n<p>&nbsp;<\/p>\n<blockquote class=\"instagram-media\" style=\"background: #FFF; border: 0; border-radius: 3px; box-shadow: 0 0 1px 0 rgba(0,0,0,0.5),0 1px 10px 0 rgba(0,0,0,0.15); margin: 1px; max-width: 540px; min-width: 326px; padding: 0; width: calc(100% - 2px);\" data-instgrm-captioned=\"\" data-instgrm-permalink=\"https:\/\/www.instagram.com\/tv\/CdM2dtjjMC6\/?utm_source=ig_embed&amp;utm_campaign=loading\" data-instgrm-version=\"14\">\n<div style=\"padding: 16px;\">\n<p>&nbsp;<\/p>\n<div style=\"display: flex; flex-direction: row; align-items: center;\">\n<div style=\"background-color: #f4f4f4; border-radius: 50%; flex-grow: 0; height: 40px; margin-right: 14px; width: 40px;\">&nbsp;<\/div>\n<div style=\"display: flex; flex-direction: column; flex-grow: 1; justify-content: center;\">\n<div style=\"background-color: #f4f4f4; border-radius: 4px; flex-grow: 0; height: 14px; margin-bottom: 6px; width: 100px;\">&nbsp;<\/div>\n<div style=\"background-color: #f4f4f4; border-radius: 4px; flex-grow: 0; height: 14px; width: 60px;\">&nbsp;<\/div>\n<\/div>\n<\/div>\n<div style=\"padding: 19% 0;\">&nbsp;<\/div>\n<div style=\"display: block; height: 50px; margin: 0 auto 12px; width: 50px;\">&nbsp;<\/div>\n<div style=\"padding-top: 8px;\">\n<div style=\"color: #3897f0; font-family: Arial,sans-serif; font-size: 14px; font-style: normal; font-weight: 550; line-height: 18px;\">Ver esta publicaci\u00f3n en Instagram<\/div>\n<\/div>\n<div style=\"padding: 12.5% 0;\">&nbsp;<\/div>\n<div style=\"display: flex; flex-direction: row; margin-bottom: 14px; align-items: center;\">\n<div>\n<div style=\"background-color: #f4f4f4; border-radius: 50%; height: 12.5px; width: 12.5px; transform: translateX(0px) translateY(7px);\">&nbsp;<\/div>\n<div style=\"background-color: #f4f4f4; height: 12.5px; transform: rotate(-45deg) translateX(3px) translateY(1px); width: 12.5px; flex-grow: 0; margin-right: 14px; margin-left: 2px;\">&nbsp;<\/div>\n<div style=\"background-color: #f4f4f4; border-radius: 50%; height: 12.5px; width: 12.5px; transform: translateX(9px) translateY(-18px);\">&nbsp;<\/div>\n<\/div>\n<div style=\"margin-left: 8px;\">\n<div style=\"background-color: #f4f4f4; border-radius: 50%; flex-grow: 0; height: 20px; width: 20px;\">&nbsp;<\/div>\n<div style=\"width: 0; height: 0; border-top: 2px solid transparent; border-left: 6px solid #f4f4f4; border-bottom: 2px solid transparent; transform: translateX(16px) translateY(-4px) rotate(30deg);\">&nbsp;<\/div>\n<\/div>\n<div style=\"margin-left: auto;\">\n<div style=\"width: 0px; border-top: 8px solid #F4F4F4; border-right: 8px solid transparent; transform: translateY(16px);\">&nbsp;<\/div>\n<div style=\"background-color: #f4f4f4; flex-grow: 0; height: 12px; width: 16px; transform: translateY(-4px);\">&nbsp;<\/div>\n<div style=\"width: 0; height: 0; border-top: 8px solid #F4F4F4; border-left: 8px solid transparent; transform: translateY(-4px) translateX(8px);\">&nbsp;<\/div>\n<\/div>\n<\/div>\n<div style=\"display: flex; flex-direction: column; flex-grow: 1; justify-content: center; margin-bottom: 24px;\">\n<div style=\"background-color: #f4f4f4; border-radius: 4px; flex-grow: 0; height: 14px; margin-bottom: 6px; width: 224px;\">&nbsp;<\/div>\n<div style=\"background-color: #f4f4f4; border-radius: 4px; flex-grow: 0; height: 14px; width: 144px;\">&nbsp;<\/div>\n<\/div>\n<p>&nbsp;<\/p>\n<p style=\"color: #c9c8cd; font-family: Arial,sans-serif; font-size: 14px; line-height: 17px; margin-bottom: 0; margin-top: 8px; overflow: hidden; padding: 8px 0 7px; text-align: center; text-overflow: ellipsis; white-space: nowrap;\"><a style=\"color: #c9c8cd; font-family: Arial,sans-serif; font-size: 14px; font-style: normal; font-weight: normal; line-height: 17px; text-decoration: none;\" href=\"https:\/\/www.instagram.com\/tv\/CdM2dtjjMC6\/?utm_source=ig_embed&amp;utm_campaign=loading\" target=\"_blank\" rel=\"noopener\">Una publicaci\u00f3n compartida de La Vela Puerca (@lavela_oficial)<\/a><\/p>\n<\/div>\n<\/blockquote>\n<p><script async=\"\" src=\"\/\/www.instagram.com\/embed.js\"><\/script><br \/>\n&nbsp;<\/p>\n<p>&nbsp;<\/p>\n<p>&nbsp;<\/p>\n","protected":false},"excerpt":{"rendered":"<p>&nbsp; Mayo 2022 LA VELA PUERCA presenta &#8220;DISCOP\u00c1TICO&#8221;, su nuevo trabajo de estudio &nbsp; La Vela Puerca lanza su nuevo \u00e1lbum de estudio. El trabajo, octavo en la carrera de la banda uruguaya, lleva por t\u00edtulo Discop\u00e1tico que en palabras de m\u00fasicos refiere a \u201cAquel que ostenta la enfermedad de los discos. \u00c9sta afecta al [&hellip;]<\/p>\n","protected":false},"author":8,"featured_media":80780,"comment_status":"closed","ping_status":"closed","sticky":false,"template":"","format":"standard","meta":{"om_disable_all_campaigns":false,"ngg_post_thumbnail":0,"jnews-multi-image_gallery":[],"jnews_single_post":{"subtitle":"","format":"standard","video":"","gallery":"","source_name":"","source_url":"","via_name":"","via_url":"","override_template":"0","override":[{"template":"1","single_blog_custom":"","parallax":"1","fullscreen":"1","layout":"right-sidebar","sidebar":"default-sidebar","second_sidebar":"default-sidebar","sticky_sidebar":"1","share_position":"top","share_float_style":"share-monocrhome","show_share_counter":"1","show_view_counter":"1","show_featured":"1","show_post_meta":"1","show_post_author":"1","show_post_author_image":"1","show_post_date":"1","post_date_format":"default","post_date_format_custom":"Y\/m\/d","show_post_category":"1","show_post_reading_time":"0","post_reading_time_wpm":"300","show_zoom_button":"0","zoom_button_out_step":"2","zoom_button_in_step":"3","show_post_tag":"1","show_prev_next_post":"1","show_popup_post":"1","number_popup_post":"1","show_author_box":"0","show_post_related":"0","show_inline_post_related":"0"}],"override_image_size":"0","image_override":[{"single_post_thumbnail_size":"crop-500","single_post_gallery_size":"crop-500"}],"trending_post":"0","trending_post_position":"meta","trending_post_label":"Trending","sponsored_post":"0","sponsored_post_label":"Sponsored by","sponsored_post_name":"","sponsored_post_url":"","sponsored_post_logo_enable":"0","sponsored_post_logo":"","sponsored_post_desc":"","disable_ad":"0"},"jnews_primary_category":{"id":"","hide":""},"jnews_social_meta":{"fb_title":"","fb_description":"","fb_image":"","twitter_title":"","twitter_description":"","twitter_image":""},"jnews_override_counter":{"override_view_counter":"0","view_counter_number":"0","override_share_counter":"0","share_counter_number":"0","override_like_counter":"0","like_counter_number":"0","override_dislike_counter":"0","dislike_counter_number":"0"},"footnotes":""},"categories":[73],"tags":[5200,9248,16429,272,20223,124,9135,20224,17922],"class_list":["post-80768","post","type-post","status-publish","format-standard","has-post-thumbnail","hentry","category-discos","tag-andrea-echeverri","tag-diego-arquero","tag-discopatico","tag-la-vela-puerca","tag-lucia-vecino","tag-martin-moron","tag-mauricio-ortiz","tag-patricio-villarejo","tag-tito-fuentes"],"yoast_head":"<!-- This site is optimized with the Yoast SEO plugin v27.5 - https:\/\/yoast.com\/product\/yoast-seo-wordpress\/ -->\n<title>La Vela Puerca lanza &quot;Discop\u00e1tico&quot; su nuevo \u00e1lbum - Cooltivarte Portal<\/title>\n<meta name=\"description\" content=\"La Vela Puerca lanza su nuevo \u00e1lbum de estudio. El trabajo, octavo en la carrera de la banda uruguaya, lleva por t\u00edtulo Discop\u00e1tico que en palabras de m\u00fasicos refiere a \u201cAquel que ostenta la enfermedad de los discos. \u00c9sta afecta al disco intermusical que se encuentra formado por una sustancia vin\u00edlica llamada LP. Est\u00e1 alojada entre cada surco y su funci\u00f3n es proporcionar felicidad a los o\u00eddos\u201d.\" \/>\n<meta name=\"robots\" content=\"index, follow, max-snippet:-1, max-image-preview:large, max-video-preview:-1\" \/>\n<link rel=\"canonical\" href=\"https:\/\/cooltivarte.com\/portal\/la-vela-puerca-lanza-discopatico-su-nuevo-album\/\" \/>\n<meta property=\"og:locale\" content=\"es_ES\" \/>\n<meta property=\"og:type\" content=\"article\" \/>\n<meta property=\"og:title\" content=\"La Vela Puerca lanza &quot;Discop\u00e1tico&quot; su nuevo \u00e1lbum\" \/>\n<meta property=\"og:description\" content=\"La Vela Puerca lanza su nuevo \u00e1lbum de estudio. El trabajo, octavo en la carrera de la banda uruguaya, lleva por t\u00edtulo Discop\u00e1tico que en palabras de m\u00fasicos refiere a \u201cAquel que ostenta la enfermedad de los discos. \u00c9sta afecta al disco intermusical que se encuentra formado por una sustancia vin\u00edlica llamada LP. Est\u00e1 alojada entre cada surco y su funci\u00f3n es proporcionar felicidad a los o\u00eddos\u201d.\" \/>\n<meta property=\"og:url\" content=\"https:\/\/cooltivarte.com\/portal\/la-vela-puerca-lanza-discopatico-su-nuevo-album\/\" \/>\n<meta property=\"og:site_name\" content=\"Cooltivarte Portal\" \/>\n<meta property=\"article:publisher\" content=\"https:\/\/www.facebook.com\/cooltivartecom\/\" \/>\n<meta property=\"article:author\" content=\"https:\/\/www.facebook.com\/cooltivartecom\" \/>\n<meta property=\"article:published_time\" content=\"2022-05-06T15:21:31+00:00\" \/>\n<meta property=\"article:modified_time\" content=\"2023-09-09T22:13:32+00:00\" \/>\n<meta property=\"og:image\" content=\"https:\/\/cooltivarte.com\/portal\/wp-content\/uploads\/2022\/04\/la-vela-puerca.jpg\" \/>\n\t<meta property=\"og:image:width\" content=\"854\" \/>\n\t<meta property=\"og:image:height\" content=\"855\" \/>\n\t<meta property=\"og:image:type\" content=\"image\/jpeg\" \/>\n<meta name=\"author\" content=\"Cooltivarte\" \/>\n<meta name=\"twitter:card\" content=\"summary_large_image\" \/>\n<meta name=\"twitter:title\" content=\"La Vela Puerca lanza &quot;Discop\u00e1tico&quot; su nuevo \u00e1lbum\" \/>\n<meta name=\"twitter:description\" content=\"La Vela Puerca lanza su nuevo \u00e1lbum de estudio. El trabajo, octavo en la carrera de la banda uruguaya, lleva por t\u00edtulo Discop\u00e1tico que en palabras de m\u00fasicos refiere a \u201cAquel que ostenta la enfermedad de los discos. \u00c9sta afecta al disco intermusical que se encuentra formado por una sustancia vin\u00edlica llamada LP. Est\u00e1 alojada entre cada surco y su funci\u00f3n es proporcionar felicidad a los o\u00eddos\u201d.\" \/>\n<meta name=\"twitter:image\" content=\"https:\/\/cooltivarte.com\/portal\/wp-content\/uploads\/2022\/04\/la-vela-puerca.jpg\" \/>\n<meta name=\"twitter:creator\" content=\"@https:\/\/x.com\/obolocultural\" \/>\n<meta name=\"twitter:site\" content=\"@obolocultural\" \/>\n<meta name=\"twitter:label1\" content=\"Escrito por\" \/>\n\t<meta name=\"twitter:data1\" content=\"Cooltivarte\" \/>\n\t<meta name=\"twitter:label2\" content=\"Tiempo de lectura\" \/>\n\t<meta name=\"twitter:data2\" content=\"3 minutos\" \/>\n<!-- \/ Yoast SEO plugin. -->","yoast_head_json":{"title":"La Vela Puerca lanza \"Discop\u00e1tico\" su nuevo \u00e1lbum - Cooltivarte Portal","description":"La Vela Puerca lanza su nuevo \u00e1lbum de estudio. El trabajo, octavo en la carrera de la banda uruguaya, lleva por t\u00edtulo Discop\u00e1tico que en palabras de m\u00fasicos refiere a \u201cAquel que ostenta la enfermedad de los discos. \u00c9sta afecta al disco intermusical que se encuentra formado por una sustancia vin\u00edlica llamada LP. Est\u00e1 alojada entre cada surco y su funci\u00f3n es proporcionar felicidad a los o\u00eddos\u201d.","robots":{"index":"index","follow":"follow","max-snippet":"max-snippet:-1","max-image-preview":"max-image-preview:large","max-video-preview":"max-video-preview:-1"},"canonical":"https:\/\/cooltivarte.com\/portal\/la-vela-puerca-lanza-discopatico-su-nuevo-album\/","og_locale":"es_ES","og_type":"article","og_title":"La Vela Puerca lanza \"Discop\u00e1tico\" su nuevo \u00e1lbum","og_description":"La Vela Puerca lanza su nuevo \u00e1lbum de estudio. El trabajo, octavo en la carrera de la banda uruguaya, lleva por t\u00edtulo Discop\u00e1tico que en palabras de m\u00fasicos refiere a \u201cAquel que ostenta la enfermedad de los discos. \u00c9sta afecta al disco intermusical que se encuentra formado por una sustancia vin\u00edlica llamada LP. Est\u00e1 alojada entre cada surco y su funci\u00f3n es proporcionar felicidad a los o\u00eddos\u201d.","og_url":"https:\/\/cooltivarte.com\/portal\/la-vela-puerca-lanza-discopatico-su-nuevo-album\/","og_site_name":"Cooltivarte Portal","article_publisher":"https:\/\/www.facebook.com\/cooltivartecom\/","article_author":"https:\/\/www.facebook.com\/cooltivartecom","article_published_time":"2022-05-06T15:21:31+00:00","article_modified_time":"2023-09-09T22:13:32+00:00","og_image":[{"width":854,"height":855,"url":"https:\/\/cooltivarte.com\/portal\/wp-content\/uploads\/2022\/04\/la-vela-puerca.jpg","type":"image\/jpeg"}],"author":"Cooltivarte","twitter_card":"summary_large_image","twitter_title":"La Vela Puerca lanza \"Discop\u00e1tico\" su nuevo \u00e1lbum","twitter_description":"La Vela Puerca lanza su nuevo \u00e1lbum de estudio. El trabajo, octavo en la carrera de la banda uruguaya, lleva por t\u00edtulo Discop\u00e1tico que en palabras de m\u00fasicos refiere a \u201cAquel que ostenta la enfermedad de los discos. \u00c9sta afecta al disco intermusical que se encuentra formado por una sustancia vin\u00edlica llamada LP. Est\u00e1 alojada entre cada surco y su funci\u00f3n es proporcionar felicidad a los o\u00eddos\u201d.","twitter_image":"https:\/\/cooltivarte.com\/portal\/wp-content\/uploads\/2022\/04\/la-vela-puerca.jpg","twitter_creator":"@https:\/\/x.com\/obolocultural","twitter_site":"@obolocultural","twitter_misc":{"Escrito por":"Cooltivarte","Tiempo de lectura":"3 minutos"},"schema":{"@context":"https:\/\/schema.org","@graph":[{"@type":"NewsArticle","@id":"https:\/\/cooltivarte.com\/portal\/la-vela-puerca-lanza-discopatico-su-nuevo-album\/#article","isPartOf":{"@id":"https:\/\/cooltivarte.com\/portal\/la-vela-puerca-lanza-discopatico-su-nuevo-album\/"},"author":{"name":"Cooltivarte","@id":"https:\/\/cooltivarte.com\/portal\/#\/schema\/person\/ec2a4f4e71b740d0c559c0ab9a157e19"},"headline":"La Vela Puerca lanza &#8220;Discop\u00e1tico&#8221; su nuevo \u00e1lbum","datePublished":"2022-05-06T15:21:31+00:00","dateModified":"2023-09-09T22:13:32+00:00","mainEntityOfPage":{"@id":"https:\/\/cooltivarte.com\/portal\/la-vela-puerca-lanza-discopatico-su-nuevo-album\/"},"wordCount":545,"publisher":{"@id":"https:\/\/cooltivarte.com\/portal\/#organization"},"image":{"@id":"https:\/\/cooltivarte.com\/portal\/la-vela-puerca-lanza-discopatico-su-nuevo-album\/#primaryimage"},"thumbnailUrl":"https:\/\/cooltivarte.com\/portal\/wp-content\/uploads\/2022\/05\/discopatico.jpg","keywords":["Andrea Echeverri","Diego Arquero","DISCOP\u00c1TICO","La Vela Puerca","Luc\u00eda Vecino","martin moron","Mauricio Ortiz","Patricio Villarejo","Tito Fuentes"],"articleSection":["Discos"],"inLanguage":"es-AR"},{"@type":"WebPage","@id":"https:\/\/cooltivarte.com\/portal\/la-vela-puerca-lanza-discopatico-su-nuevo-album\/","url":"https:\/\/cooltivarte.com\/portal\/la-vela-puerca-lanza-discopatico-su-nuevo-album\/","name":"La Vela Puerca lanza \"Discop\u00e1tico\" su nuevo \u00e1lbum - Cooltivarte Portal","isPartOf":{"@id":"https:\/\/cooltivarte.com\/portal\/#website"},"primaryImageOfPage":{"@id":"https:\/\/cooltivarte.com\/portal\/la-vela-puerca-lanza-discopatico-su-nuevo-album\/#primaryimage"},"image":{"@id":"https:\/\/cooltivarte.com\/portal\/la-vela-puerca-lanza-discopatico-su-nuevo-album\/#primaryimage"},"thumbnailUrl":"https:\/\/cooltivarte.com\/portal\/wp-content\/uploads\/2022\/05\/discopatico.jpg","datePublished":"2022-05-06T15:21:31+00:00","dateModified":"2023-09-09T22:13:32+00:00","description":"La Vela Puerca lanza su nuevo \u00e1lbum de estudio. El trabajo, octavo en la carrera de la banda uruguaya, lleva por t\u00edtulo Discop\u00e1tico que en palabras de m\u00fasicos refiere a \u201cAquel que ostenta la enfermedad de los discos. \u00c9sta afecta al disco intermusical que se encuentra formado por una sustancia vin\u00edlica llamada LP. Est\u00e1 alojada entre cada surco y su funci\u00f3n es proporcionar felicidad a los o\u00eddos\u201d.","breadcrumb":{"@id":"https:\/\/cooltivarte.com\/portal\/la-vela-puerca-lanza-discopatico-su-nuevo-album\/#breadcrumb"},"inLanguage":"es-AR","potentialAction":[{"@type":"ReadAction","target":["https:\/\/cooltivarte.com\/portal\/la-vela-puerca-lanza-discopatico-su-nuevo-album\/"]}]},{"@type":"ImageObject","inLanguage":"es-AR","@id":"https:\/\/cooltivarte.com\/portal\/la-vela-puerca-lanza-discopatico-su-nuevo-album\/#primaryimage","url":"https:\/\/cooltivarte.com\/portal\/wp-content\/uploads\/2022\/05\/discopatico.jpg","contentUrl":"https:\/\/cooltivarte.com\/portal\/wp-content\/uploads\/2022\/05\/discopatico.jpg","width":854,"height":854,"caption":"Discop\u00e1tico"},{"@type":"BreadcrumbList","@id":"https:\/\/cooltivarte.com\/portal\/la-vela-puerca-lanza-discopatico-su-nuevo-album\/#breadcrumb","itemListElement":[{"@type":"ListItem","position":1,"name":"Portada","item":"https:\/\/cooltivarte.com\/portal\/"},{"@type":"ListItem","position":2,"name":"La Vela Puerca lanza \u00abDiscop\u00e1tico\u00bb su nuevo \u00e1lbum"}]},{"@type":"WebSite","@id":"https:\/\/cooltivarte.com\/portal\/#website","url":"https:\/\/cooltivarte.com\/portal\/","name":"Cooltivarte Portal","description":"Arte, cultura y turismo para el mundo ...","publisher":{"@id":"https:\/\/cooltivarte.com\/portal\/#organization"},"potentialAction":[{"@type":"SearchAction","target":{"@type":"EntryPoint","urlTemplate":"https:\/\/cooltivarte.com\/portal\/?s={search_term_string}"},"query-input":{"@type":"PropertyValueSpecification","valueRequired":true,"valueName":"search_term_string"}}],"inLanguage":"es-AR"},{"@type":"Organization","@id":"https:\/\/cooltivarte.com\/portal\/#organization","name":"cooltivarte","url":"https:\/\/cooltivarte.com\/portal\/","logo":{"@type":"ImageObject","inLanguage":"es-AR","@id":"https:\/\/cooltivarte.com\/portal\/#\/schema\/logo\/image\/","url":"https:\/\/cooltivarte.com\/portal\/wp-content\/uploads\/2020\/04\/logo-cooltivarte-v2.png","contentUrl":"https:\/\/cooltivarte.com\/portal\/wp-content\/uploads\/2020\/04\/logo-cooltivarte-v2.png","width":851,"height":243,"caption":"cooltivarte"},"image":{"@id":"https:\/\/cooltivarte.com\/portal\/#\/schema\/logo\/image\/"},"sameAs":["https:\/\/www.facebook.com\/cooltivartecom\/","https:\/\/x.com\/obolocultural","https:\/\/www.instagram.com\/_cooltivarte_\/","https:\/\/www.linkedin.com\/company\/-bolocultural?reportsuccess=8zaNG1HwhPbAR9iQhZ5rfGeqz_vQFftHun0ZWU0Wy9vNemRJ8vtcKdJvzQfW8XagyOJSKg0XvfJ1dp","https:\/\/www.pinterest.com\/cooltivarte\/","https:\/\/cooltivarte.tumblr.com\/","https:\/\/www.tiktok.com\/@cooltivarte","https:\/\/www.youtube.com\/@PrensaCooltivarte"]},{"@type":"Person","@id":"https:\/\/cooltivarte.com\/portal\/#\/schema\/person\/ec2a4f4e71b740d0c559c0ab9a157e19","name":"Cooltivarte","image":{"@type":"ImageObject","inLanguage":"es-AR","@id":"https:\/\/cooltivarte.com\/portal\/wp-content\/uploads\/2014\/05\/logo-cooltivarte-120x120.jpg","url":"https:\/\/cooltivarte.com\/portal\/wp-content\/uploads\/2014\/05\/logo-cooltivarte-120x120.jpg","contentUrl":"https:\/\/cooltivarte.com\/portal\/wp-content\/uploads\/2014\/05\/logo-cooltivarte-120x120.jpg","caption":"Cooltivarte"},"description":"Somos COOLTIVARTE.COM. Un portal digital dedicado a difundir el acontecer art\u00edstico y cultural del Uruguay. Estamos en la vuelta desde el a\u00f1o 2003, y como evoluci\u00f3n del bolet\u00edn Obolo Cultural, nos encontramos abocados a apoyar a los artistas nacionales brind\u00e1ndoles un espacio de difusi\u00f3n. Creemos en la idea de utilizar la potencialidad que hoy d\u00eda nos otorga la web, para que la cultura uruguaya y sus creadores dispongan de una din\u00e1mica ventana, que los ponga en contacto entre s\u00ed y con el mundo. Somos COOLTIVARTE.COM y pretendemos configurarnos como un portal din\u00e1mico, entretenido y atento a los nuevos emprendimientos, que busque siempre la interacci\u00f3n con los artistas.","sameAs":["http:\/\/www.cooltivarte.com","https:\/\/www.facebook.com\/cooltivartecom","https:\/\/www.instagram.com\/_cooltivarte_\/","https:\/\/www.linkedin.com\/company\/-bolocultural","https:\/\/www.pinterest.com\/cooltivarte\/","https:\/\/x.com\/https:\/\/x.com\/obolocultural","https:\/\/www.youtube.com\/@PrensaCooltivarte","https:\/\/www.tumblr.com\/blog\/cooltivarte"],"url":"https:\/\/cooltivarte.com\/portal\/author\/cooltivarte\/"}]}},"_links":{"self":[{"href":"https:\/\/cooltivarte.com\/portal\/wp-json\/wp\/v2\/posts\/80768","targetHints":{"allow":["GET"]}}],"collection":[{"href":"https:\/\/cooltivarte.com\/portal\/wp-json\/wp\/v2\/posts"}],"about":[{"href":"https:\/\/cooltivarte.com\/portal\/wp-json\/wp\/v2\/types\/post"}],"author":[{"embeddable":true,"href":"https:\/\/cooltivarte.com\/portal\/wp-json\/wp\/v2\/users\/8"}],"replies":[{"embeddable":true,"href":"https:\/\/cooltivarte.com\/portal\/wp-json\/wp\/v2\/comments?post=80768"}],"version-history":[{"count":5,"href":"https:\/\/cooltivarte.com\/portal\/wp-json\/wp\/v2\/posts\/80768\/revisions"}],"predecessor-version":[{"id":93196,"href":"https:\/\/cooltivarte.com\/portal\/wp-json\/wp\/v2\/posts\/80768\/revisions\/93196"}],"wp:featuredmedia":[{"embeddable":true,"href":"https:\/\/cooltivarte.com\/portal\/wp-json\/wp\/v2\/media\/80780"}],"wp:attachment":[{"href":"https:\/\/cooltivarte.com\/portal\/wp-json\/wp\/v2\/media?parent=80768"}],"wp:term":[{"taxonomy":"category","embeddable":true,"href":"https:\/\/cooltivarte.com\/portal\/wp-json\/wp\/v2\/categories?post=80768"},{"taxonomy":"post_tag","embeddable":true,"href":"https:\/\/cooltivarte.com\/portal\/wp-json\/wp\/v2\/tags?post=80768"}],"curies":[{"name":"wp","href":"https:\/\/api.w.org\/{rel}","templated":true}]}}