{"id":80543,"date":"2022-04-30T12:27:33","date_gmt":"2022-04-30T15:27:33","guid":{"rendered":"https:\/\/cooltivarte.com\/portal\/?p=80543"},"modified":"2024-01-23T20:35:49","modified_gmt":"2024-01-23T23:35:49","slug":"revisando-mi-biblioteca-la-joven-de-la-perla","status":"publish","type":"post","link":"https:\/\/cooltivarte.com\/portal\/revisando-mi-biblioteca-la-joven-de-la-perla\/","title":{"rendered":"LA JOVEN DE LA PERLA &#8211; Revisando mi Biblioteca"},"content":{"rendered":"<p><img fetchpriority=\"high\" decoding=\"async\" class=\"aligncenter wp-image-80544 size-full\" title=\"LA JOVEN DE LA PERLA - Tracy Chevalier\" src=\"https:\/\/cooltivarte.com\/portal\/wp-content\/uploads\/2022\/04\/LA-JOVEN-DE-LA-PERLA-Tracy-Chevalier.jpeg\" alt=\"LA JOVEN DE LA PERLA - Tracy Chevalier\" width=\"480\" height=\"640\" srcset=\"https:\/\/cooltivarte.com\/portal\/wp-content\/uploads\/2022\/04\/LA-JOVEN-DE-LA-PERLA-Tracy-Chevalier.jpeg 480w, https:\/\/cooltivarte.com\/portal\/wp-content\/uploads\/2022\/04\/LA-JOVEN-DE-LA-PERLA-Tracy-Chevalier-225x300.jpeg 225w\" sizes=\"(max-width: 480px) 100vw, 480px\" \/><\/p>\n<p>&nbsp;<\/p>\n<p>La pinturas de <strong>Johannes Vermeer<\/strong> contin\u00faan cautivando a su p\u00fablico reh\u00e9n, quienes caen seducidos tal cual un insecto en una tela de ara\u00f1a.<\/p>\n<p>De ese efecto seductor tampoco logr\u00f3 liberarse la joven estudiante<strong> Tracy Chevalier<\/strong> quien a sus 20 a\u00f1os en 1981, qued\u00f3 fascinada frente a un p\u00f3ster que reproduc\u00eda la obra \u201c<a href=\"https:\/\/amzn.to\/428CaGU\" target=\"_blank\" rel=\"noopener\"><strong><em>La joven de la perla<\/em><\/strong><\/a>\u201d, una de las pinturas m\u00e1s enigm\u00e1ticas de la historia del arte realizada por Vermeer en 1666.<br \/>\nA partir de ese encuentro, Chevalier se propuso viajar detr\u00e1s de cuanta obra del pintor holand\u00e9s hubiera en el mundo, que rondan en un n\u00famero de treinta y siete con autenticidad verificada.<br \/>\nComenz\u00f3 viendo las tres que hab\u00eda en Washington DC, su ciudad natal y luego fue viajando detr\u00e1s de las mismas.<\/p>\n<p>En 1996 hab\u00eda visto 24 hasta que lleg\u00f3 a la retrospectiva del artista llevada a cabo en el museo Mauritshuis de La Haya, donde se exhib\u00eda 23 obras, teniendo Chevalier la oportunidad de adicionar seis m\u00e1s a su lista, incluyendo \u201cLa joven de la perla\u201d.<\/p>\n<p>Pero fue all\u00ed en esa exposici\u00f3n atiborrada de gente donde Chevalier se dio cuenta de que Vermeer no hab\u00eda pintado sus cuadros para que fueran mal observados de esa forma. Los cuadros del pintor holand\u00e9s necesitan un v\u00ednculo especial, un tiempo \u00fanico donde hay que ver y dejar que la obra tambi\u00e9n nos observe.<\/p>\n<p>El artista nacido, criado y fallecido en Delft, se tomaba varios meses para pintar cada cuadro y en un ejercicio de imaginaci\u00f3n Chevalier fue recreando en 1999 la forma en que a su criterio, este artista habr\u00eda llevado a cabo \u201cLa joven de la perla\u201d.<\/p>\n<p>De la vida de Vermeer quedaron muy pocos registros, lo que sumado a sus enigm\u00e1ticas obras, adicionan un efecto aun mayor a la hora de interpretar sus obras.<br \/>\nEs as\u00ed que Chevalier recrea en esta novela de ficci\u00f3n, basada en los pocos elementos biogr\u00e1ficos certeros del artista, su vida durante los meses previos a la concreci\u00f3n de la pintura que lleva de t\u00edtulo su libro.<\/p>\n<p>Vermeer perteneciente a una familia protestante, viv\u00eda en casa de su suegra cat\u00f3lica, desde el momento en que se cas\u00f3, habiendo tenido quince hijos.<br \/>\nEn el tiempo que le dejaba su trabajo al frente de la fonda que heredara de su padre donde vend\u00eda obras de artes, y lidiando con la gran cantidad de personas que conviv\u00edan en su casa, sumado las sirvientas que asist\u00edan en su casa, lograba ir dando vida a sus cuadros tan particulares, en su mayor\u00eda realizados para su \u00fanico cliente y mecenas b\u00e1sicamente.<\/p>\n<p>La chica que dio vida a este cuadro ha resultado un enigma para la humanidad que nunca se llegar\u00e1 a resolver. Hay quienes dicen que se trat\u00f3 de un tronie, especie de carta de presentaci\u00f3n que realizaban los artistas para dar cuenta de sus dotes, donde el retratado era producto de su imaginaci\u00f3n. Otros opinan que podr\u00eda tratarse de una de sus hijas.<br \/>\nChevalier opt\u00f3 por recrear una historia bas\u00e1ndose en una chica que habr\u00eda trabajado como sirvienta en la casa del artista y quien lo habr\u00eda seducido a trav\u00e9s de sus grandes ojos.<\/p>\n<p>La novela se desarrolla en el \u00e1mbito de la \u00e9poca en Delft, entre 1666 y 1667 donde la escritora va describiendo, casi que al mismo ritmo lento del pintor, las vicisitudes que se viv\u00edan dentro de la casa-estudio del artista y sus alrededores incluyendo el mercado y la iglesia.<br \/>\nLa novela comienza con pinceladas muy a tono con las de Vermeer, \u00e1giles pero pausadas, lo que incomoda al inicio al lector \u00e1vido por adentrarse en la historia y develar el secreto que envuelve la pintura.<br \/>\nPero es reci\u00e9n cuando captamos el esp\u00edritu de la propuesta literaria, momento en que comenzamos a dejarnos estar y logramos disfrutar de la historia.<br \/>\nPodremos estar de acuerdo o no con la versi\u00f3n de esta escritora americana, pero lo cierto es que tampoco podemos negarla pues las pinturas de Vermeer no nos resuelven historia alguna. Su estilo se adelant\u00f3 a las instant\u00e1neas fotogr\u00e1ficas y sus pinturas son instancias personales donde el retratado es sorprendido, en algunos casos en donde ni siquiera se percata de la presencia del espectador.<\/p>\n<p>Esta novela es muy amena, descriptiva de la \u00e9poca y de un sesgo rom\u00e1ntico donde Vermeer a trav\u00e9s de Chevalier, pr\u00e1cticamente cede el espacio a su cuadro y a su personaje.<br \/>\nEl libro no revela informaci\u00f3n, solamente describe circunstancias donde el pintor entra y sale de las escenas sin saber que est\u00e1 siendo siquiera observado, dentro de su mismo estilo de pintura.<\/p>\n<p>Podemos considerar que se trata de una novela banal, sin embargo la misma capta el esp\u00edritu que envuelve el aura de las pinturas de Vermeer donde nada pasa a la vez que sucede mucho.<\/p>\n<p>Es muy disfrutable y no falta la cuota de romanticismo a la vez que de erotismo, que la escritora logra transmitir a trav\u00e9s de sugerencias y no de evidencias al respecto.<br \/>\nUtiliza el mismo foco de luz que Vermeer pone en sus pinturas de forma muy sugerente para guiar nuestra mirada.<br \/>\nChevalier va abriendo paso en su historia tan real como de ficci\u00f3n, casi que a modo de cortinas que se van corriendo, logrando que pongamos atenci\u00f3n en aquellos focos que ella ha escogido uniendo su esp\u00edritu con el del pintor. Chapeaux!<\/p>\n<p>&nbsp;<\/p>\n<p><a href=\"https:\/\/amzn.to\/428CaGU\" target=\"_blank\" rel=\"noopener\">M\u00e1s info<\/a> &#8211; <a href=\"https:\/\/amzn.to\/428CaGU\" target=\"_blank\" rel=\"noopener\"><strong><em>La joven de la perla<\/em><\/strong><\/a><\/p>\n<p>&nbsp;<\/p>\n<p>&nbsp;<\/p>\n<p>&nbsp;<\/p>\n","protected":false},"excerpt":{"rendered":"<p>De ese efecto seductor tampoco logr\u00f3 liberarse la joven estudiante Tracy Chevalier quien a sus 20 a\u00f1os en 1981, qued\u00f3 fascinada frente a un p\u00f3ster que reproduc\u00eda la obra \u201cLa joven de la perla\u201d, una de las pinturas m\u00e1s enigm\u00e1ticas de la historia del arte realizada por Vermeer en 1666.<br \/>\nA partir de ese encuentro, Chevalier se propuso viajar detr\u00e1s de cuanta obra del pintor holand\u00e9s hubiera en el mundo, que rondan en un n\u00famero de treinta y siete con autenticidad verificada.<\/p>\n","protected":false},"author":14,"featured_media":80544,"comment_status":"closed","ping_status":"closed","sticky":false,"template":"","format":"standard","meta":{"om_disable_all_campaigns":false,"ngg_post_thumbnail":0,"jnews-multi-image_gallery":[],"jnews_single_post":{"subtitle":"Tracy Chevalier","format":"standard","video":"","gallery":"","source_name":"","source_url":"","via_name":"","via_url":"","override_template":"0","override":[{"template":"1","single_blog_custom":"","parallax":"1","fullscreen":"1","layout":"right-sidebar","sidebar":"default-sidebar","second_sidebar":"default-sidebar","sticky_sidebar":"1","share_position":"top","share_float_style":"share-monocrhome","show_share_counter":"1","show_view_counter":"1","show_featured":"1","show_post_meta":"1","show_post_author":"1","show_post_author_image":"1","show_post_date":"1","post_date_format":"default","post_date_format_custom":"Y\/m\/d","show_post_category":"1","show_post_reading_time":"0","post_reading_time_wpm":"300","show_zoom_button":"0","zoom_button_out_step":"2","zoom_button_in_step":"3","show_post_tag":"1","show_prev_next_post":"1","show_popup_post":"1","number_popup_post":"1","show_author_box":"0","show_post_related":"0","show_inline_post_related":"0"}],"override_image_size":"0","image_override":[{"single_post_thumbnail_size":"crop-500","single_post_gallery_size":"crop-500"}],"trending_post":"0","trending_post_position":"meta","trending_post_label":"Trending","sponsored_post":"0","sponsored_post_label":"Sponsored by","sponsored_post_name":"","sponsored_post_url":"","sponsored_post_logo_enable":"0","sponsored_post_logo":"","sponsored_post_desc":"","disable_ad":"0"},"jnews_primary_category":{"id":"","hide":""},"jnews_social_meta":{"fb_title":"","fb_description":"","fb_image":"","twitter_title":"","twitter_description":"","twitter_image":""},"jnews_override_counter":{"override_view_counter":"0","view_counter_number":"0","override_share_counter":"0","share_counter_number":"0","override_like_counter":"0","like_counter_number":"0","override_dislike_counter":"0","dislike_counter_number":"0"},"footnotes":""},"categories":[56],"tags":[16465,17067,649,16466],"class_list":["post-80543","post","type-post","status-publish","format-standard","has-post-thumbnail","hentry","category-narradores","tag-johannes-vermeer","tag-la-joven-de-la-perla","tag-pintura","tag-tracy-chevalier"],"yoast_head":"<!-- This site is optimized with the Yoast SEO plugin v27.5 - https:\/\/yoast.com\/product\/yoast-seo-wordpress\/ -->\n<title>LA JOVEN DE LA PERLA - Revisando mi Biblioteca - Cooltivarte Portal<\/title>\n<meta name=\"description\" content=\"La pinturas de Johannes Vermeer contin\u00faan cautivando a su p\u00fablico reh\u00e9n, quienes caen seducidos tal cual un insecto en una tela de ara\u00f1a. De ese efecto seductor tampoco logr\u00f3 liberarse la joven estudiante Tracy Chevalier quien a sus 20 a\u00f1os en 1981, qued\u00f3 fascinada frente a un p\u00f3ster que reproduc\u00eda la obra \u201cLa joven de la perla\u201d, una de las pinturas m\u00e1s enigm\u00e1ticas de la historia del arte realizada por Vermeer en 1666.\" \/>\n<meta name=\"robots\" content=\"index, follow, max-snippet:-1, max-image-preview:large, max-video-preview:-1\" \/>\n<link rel=\"canonical\" href=\"https:\/\/cooltivarte.com\/portal\/revisando-mi-biblioteca-la-joven-de-la-perla\/\" \/>\n<meta property=\"og:locale\" content=\"es_ES\" \/>\n<meta property=\"og:type\" content=\"article\" \/>\n<meta property=\"og:title\" content=\"Revisando mi Biblioteca LA JOVEN DE LA PERLA\" \/>\n<meta property=\"og:description\" content=\"La pinturas de Johannes Vermeer contin\u00faan cautivando a su p\u00fablico reh\u00e9n, quienes caen seducidos tal cual un insecto en una tela de ara\u00f1a. De ese efecto seductor tampoco logr\u00f3 liberarse la joven estudiante Tracy Chevalier quien a sus 20 a\u00f1os en 1981, qued\u00f3 fascinada frente a un p\u00f3ster que reproduc\u00eda la obra \u201cLa joven de la perla\u201d, una de las pinturas m\u00e1s enigm\u00e1ticas de la historia del arte realizada por Vermeer en 1666.\" \/>\n<meta property=\"og:url\" content=\"https:\/\/cooltivarte.com\/portal\/revisando-mi-biblioteca-la-joven-de-la-perla\/\" \/>\n<meta property=\"og:site_name\" content=\"Cooltivarte Portal\" \/>\n<meta property=\"article:publisher\" content=\"https:\/\/www.facebook.com\/cooltivartecom\/\" \/>\n<meta property=\"article:author\" content=\"https:\/\/www.facebook.com\/daniel.benoit.3557?fref=ts\" \/>\n<meta property=\"article:published_time\" content=\"2022-04-30T15:27:33+00:00\" \/>\n<meta property=\"article:modified_time\" content=\"2024-01-23T23:35:49+00:00\" \/>\n<meta property=\"og:image\" content=\"https:\/\/cooltivarte.com\/portal\/wp-content\/uploads\/2022\/04\/LA-JOVEN-DE-LA-PERLA-Tracy-Chevalier.jpeg\" \/>\n\t<meta property=\"og:image:width\" content=\"480\" \/>\n\t<meta property=\"og:image:height\" content=\"640\" \/>\n\t<meta property=\"og:image:type\" content=\"image\/jpeg\" \/>\n<meta name=\"author\" content=\"Daniel Benoit Cassou\" \/>\n<meta name=\"twitter:card\" content=\"summary_large_image\" \/>\n<meta name=\"twitter:title\" content=\"Revisando mi Biblioteca LA JOVEN DE LA PERLA\" \/>\n<meta name=\"twitter:description\" content=\"La pinturas de Johannes Vermeer contin\u00faan cautivando a su p\u00fablico reh\u00e9n, quienes caen seducidos tal cual un insecto en una tela de ara\u00f1a. De ese efecto seductor tampoco logr\u00f3 liberarse la joven estudiante Tracy Chevalier quien a sus 20 a\u00f1os en 1981, qued\u00f3 fascinada frente a un p\u00f3ster que reproduc\u00eda la obra \u201cLa joven de la perla\u201d, una de las pinturas m\u00e1s enigm\u00e1ticas de la historia del arte realizada por Vermeer en 1666.\" \/>\n<meta name=\"twitter:image\" content=\"https:\/\/cooltivarte.com\/portal\/wp-content\/uploads\/2022\/04\/LA-JOVEN-DE-LA-PERLA-Tracy-Chevalier.jpeg\" \/>\n<meta name=\"twitter:creator\" content=\"@https:\/\/x.com\/obolocultural\" \/>\n<meta name=\"twitter:site\" content=\"@obolocultural\" \/>\n<meta name=\"twitter:label1\" content=\"Escrito por\" \/>\n\t<meta name=\"twitter:data1\" content=\"Daniel Benoit Cassou\" \/>\n\t<meta name=\"twitter:label2\" content=\"Tiempo de lectura\" \/>\n\t<meta name=\"twitter:data2\" content=\"5 minutos\" \/>\n<!-- \/ Yoast SEO plugin. -->","yoast_head_json":{"title":"LA JOVEN DE LA PERLA - Revisando mi Biblioteca - Cooltivarte Portal","description":"La pinturas de Johannes Vermeer contin\u00faan cautivando a su p\u00fablico reh\u00e9n, quienes caen seducidos tal cual un insecto en una tela de ara\u00f1a. De ese efecto seductor tampoco logr\u00f3 liberarse la joven estudiante Tracy Chevalier quien a sus 20 a\u00f1os en 1981, qued\u00f3 fascinada frente a un p\u00f3ster que reproduc\u00eda la obra \u201cLa joven de la perla\u201d, una de las pinturas m\u00e1s enigm\u00e1ticas de la historia del arte realizada por Vermeer en 1666.","robots":{"index":"index","follow":"follow","max-snippet":"max-snippet:-1","max-image-preview":"max-image-preview:large","max-video-preview":"max-video-preview:-1"},"canonical":"https:\/\/cooltivarte.com\/portal\/revisando-mi-biblioteca-la-joven-de-la-perla\/","og_locale":"es_ES","og_type":"article","og_title":"Revisando mi Biblioteca LA JOVEN DE LA PERLA","og_description":"La pinturas de Johannes Vermeer contin\u00faan cautivando a su p\u00fablico reh\u00e9n, quienes caen seducidos tal cual un insecto en una tela de ara\u00f1a. De ese efecto seductor tampoco logr\u00f3 liberarse la joven estudiante Tracy Chevalier quien a sus 20 a\u00f1os en 1981, qued\u00f3 fascinada frente a un p\u00f3ster que reproduc\u00eda la obra \u201cLa joven de la perla\u201d, una de las pinturas m\u00e1s enigm\u00e1ticas de la historia del arte realizada por Vermeer en 1666.","og_url":"https:\/\/cooltivarte.com\/portal\/revisando-mi-biblioteca-la-joven-de-la-perla\/","og_site_name":"Cooltivarte Portal","article_publisher":"https:\/\/www.facebook.com\/cooltivartecom\/","article_author":"https:\/\/www.facebook.com\/daniel.benoit.3557?fref=ts","article_published_time":"2022-04-30T15:27:33+00:00","article_modified_time":"2024-01-23T23:35:49+00:00","og_image":[{"width":480,"height":640,"url":"https:\/\/cooltivarte.com\/portal\/wp-content\/uploads\/2022\/04\/LA-JOVEN-DE-LA-PERLA-Tracy-Chevalier.jpeg","type":"image\/jpeg"}],"author":"Daniel Benoit Cassou","twitter_card":"summary_large_image","twitter_title":"Revisando mi Biblioteca LA JOVEN DE LA PERLA","twitter_description":"La pinturas de Johannes Vermeer contin\u00faan cautivando a su p\u00fablico reh\u00e9n, quienes caen seducidos tal cual un insecto en una tela de ara\u00f1a. De ese efecto seductor tampoco logr\u00f3 liberarse la joven estudiante Tracy Chevalier quien a sus 20 a\u00f1os en 1981, qued\u00f3 fascinada frente a un p\u00f3ster que reproduc\u00eda la obra \u201cLa joven de la perla\u201d, una de las pinturas m\u00e1s enigm\u00e1ticas de la historia del arte realizada por Vermeer en 1666.","twitter_image":"https:\/\/cooltivarte.com\/portal\/wp-content\/uploads\/2022\/04\/LA-JOVEN-DE-LA-PERLA-Tracy-Chevalier.jpeg","twitter_creator":"@https:\/\/x.com\/obolocultural","twitter_site":"@obolocultural","twitter_misc":{"Escrito por":"Daniel Benoit Cassou","Tiempo de lectura":"5 minutos"},"schema":{"@context":"https:\/\/schema.org","@graph":[{"@type":"NewsArticle","@id":"https:\/\/cooltivarte.com\/portal\/revisando-mi-biblioteca-la-joven-de-la-perla\/#article","isPartOf":{"@id":"https:\/\/cooltivarte.com\/portal\/revisando-mi-biblioteca-la-joven-de-la-perla\/"},"author":{"name":"Daniel Benoit Cassou","@id":"https:\/\/cooltivarte.com\/portal\/#\/schema\/person\/175e2af38af164206375abd19e491b3f"},"headline":"LA JOVEN DE LA PERLA &#8211; Revisando mi Biblioteca","datePublished":"2022-04-30T15:27:33+00:00","dateModified":"2024-01-23T23:35:49+00:00","mainEntityOfPage":{"@id":"https:\/\/cooltivarte.com\/portal\/revisando-mi-biblioteca-la-joven-de-la-perla\/"},"wordCount":949,"publisher":{"@id":"https:\/\/cooltivarte.com\/portal\/#organization"},"image":{"@id":"https:\/\/cooltivarte.com\/portal\/revisando-mi-biblioteca-la-joven-de-la-perla\/#primaryimage"},"thumbnailUrl":"https:\/\/cooltivarte.com\/portal\/wp-content\/uploads\/2022\/04\/LA-JOVEN-DE-LA-PERLA-Tracy-Chevalier.jpeg","keywords":["Johannes Vermeer","La joven de la perla","pintura","Tracy Chevalier"],"articleSection":["Literatura"],"inLanguage":"es-AR"},{"@type":"WebPage","@id":"https:\/\/cooltivarte.com\/portal\/revisando-mi-biblioteca-la-joven-de-la-perla\/","url":"https:\/\/cooltivarte.com\/portal\/revisando-mi-biblioteca-la-joven-de-la-perla\/","name":"LA JOVEN DE LA PERLA - Revisando mi Biblioteca - Cooltivarte Portal","isPartOf":{"@id":"https:\/\/cooltivarte.com\/portal\/#website"},"primaryImageOfPage":{"@id":"https:\/\/cooltivarte.com\/portal\/revisando-mi-biblioteca-la-joven-de-la-perla\/#primaryimage"},"image":{"@id":"https:\/\/cooltivarte.com\/portal\/revisando-mi-biblioteca-la-joven-de-la-perla\/#primaryimage"},"thumbnailUrl":"https:\/\/cooltivarte.com\/portal\/wp-content\/uploads\/2022\/04\/LA-JOVEN-DE-LA-PERLA-Tracy-Chevalier.jpeg","datePublished":"2022-04-30T15:27:33+00:00","dateModified":"2024-01-23T23:35:49+00:00","description":"La pinturas de Johannes Vermeer contin\u00faan cautivando a su p\u00fablico reh\u00e9n, quienes caen seducidos tal cual un insecto en una tela de ara\u00f1a. De ese efecto seductor tampoco logr\u00f3 liberarse la joven estudiante Tracy Chevalier quien a sus 20 a\u00f1os en 1981, qued\u00f3 fascinada frente a un p\u00f3ster que reproduc\u00eda la obra \u201cLa joven de la perla\u201d, una de las pinturas m\u00e1s enigm\u00e1ticas de la historia del arte realizada por Vermeer en 1666.","breadcrumb":{"@id":"https:\/\/cooltivarte.com\/portal\/revisando-mi-biblioteca-la-joven-de-la-perla\/#breadcrumb"},"inLanguage":"es-AR","potentialAction":[{"@type":"ReadAction","target":["https:\/\/cooltivarte.com\/portal\/revisando-mi-biblioteca-la-joven-de-la-perla\/"]}]},{"@type":"ImageObject","inLanguage":"es-AR","@id":"https:\/\/cooltivarte.com\/portal\/revisando-mi-biblioteca-la-joven-de-la-perla\/#primaryimage","url":"https:\/\/cooltivarte.com\/portal\/wp-content\/uploads\/2022\/04\/LA-JOVEN-DE-LA-PERLA-Tracy-Chevalier.jpeg","contentUrl":"https:\/\/cooltivarte.com\/portal\/wp-content\/uploads\/2022\/04\/LA-JOVEN-DE-LA-PERLA-Tracy-Chevalier.jpeg","width":480,"height":640,"caption":"LA JOVEN DE LA PERLA - Tracy Chevalier"},{"@type":"BreadcrumbList","@id":"https:\/\/cooltivarte.com\/portal\/revisando-mi-biblioteca-la-joven-de-la-perla\/#breadcrumb","itemListElement":[{"@type":"ListItem","position":1,"name":"Portada","item":"https:\/\/cooltivarte.com\/portal\/"},{"@type":"ListItem","position":2,"name":"LA JOVEN DE LA PERLA &#8211; Revisando mi Biblioteca"}]},{"@type":"WebSite","@id":"https:\/\/cooltivarte.com\/portal\/#website","url":"https:\/\/cooltivarte.com\/portal\/","name":"Cooltivarte Portal","description":"Arte, cultura y turismo para el mundo ...","publisher":{"@id":"https:\/\/cooltivarte.com\/portal\/#organization"},"potentialAction":[{"@type":"SearchAction","target":{"@type":"EntryPoint","urlTemplate":"https:\/\/cooltivarte.com\/portal\/?s={search_term_string}"},"query-input":{"@type":"PropertyValueSpecification","valueRequired":true,"valueName":"search_term_string"}}],"inLanguage":"es-AR"},{"@type":"Organization","@id":"https:\/\/cooltivarte.com\/portal\/#organization","name":"cooltivarte","url":"https:\/\/cooltivarte.com\/portal\/","logo":{"@type":"ImageObject","inLanguage":"es-AR","@id":"https:\/\/cooltivarte.com\/portal\/#\/schema\/logo\/image\/","url":"https:\/\/cooltivarte.com\/portal\/wp-content\/uploads\/2020\/04\/logo-cooltivarte-v2.png","contentUrl":"https:\/\/cooltivarte.com\/portal\/wp-content\/uploads\/2020\/04\/logo-cooltivarte-v2.png","width":851,"height":243,"caption":"cooltivarte"},"image":{"@id":"https:\/\/cooltivarte.com\/portal\/#\/schema\/logo\/image\/"},"sameAs":["https:\/\/www.facebook.com\/cooltivartecom\/","https:\/\/x.com\/obolocultural","https:\/\/www.instagram.com\/_cooltivarte_\/","https:\/\/www.linkedin.com\/company\/-bolocultural?reportsuccess=8zaNG1HwhPbAR9iQhZ5rfGeqz_vQFftHun0ZWU0Wy9vNemRJ8vtcKdJvzQfW8XagyOJSKg0XvfJ1dp","https:\/\/www.pinterest.com\/cooltivarte\/","https:\/\/cooltivarte.tumblr.com\/","https:\/\/www.tiktok.com\/@cooltivarte","https:\/\/www.youtube.com\/@PrensaCooltivarte"]},{"@type":"Person","@id":"https:\/\/cooltivarte.com\/portal\/#\/schema\/person\/175e2af38af164206375abd19e491b3f","name":"Daniel Benoit Cassou","image":{"@type":"ImageObject","inLanguage":"es-AR","@id":"https:\/\/cooltivarte.com\/portal\/wp-content\/uploads\/2022\/11\/daniel-benoit-120x120.jpg","url":"https:\/\/cooltivarte.com\/portal\/wp-content\/uploads\/2022\/11\/daniel-benoit-120x120.jpg","contentUrl":"https:\/\/cooltivarte.com\/portal\/wp-content\/uploads\/2022\/11\/daniel-benoit-120x120.jpg","caption":"Daniel Benoit Cassou"},"description":"Daniel Benoit - (Uruguay, 1961), es contador p\u00fablico de profesi\u00f3n. Hizo su formaci\u00f3n art\u00edstica en los talleres de Hugo Longa, Clever Lara y Lacy Duarte; escultura con Jos\u00e9 Pelayo y fotograf\u00eda con Enrique Abal, Oscar Bonilla y Roberto Schettini. Realiz\u00f3 cursos de formaci\u00f3n te\u00f3rica con Nelson Di Maggio, Alfredo Torres, Nelson Bali\u00f1o y Emma Sanguinetti, entre otros. Ha participado en muestras de fotografias, colectivas asi como individuales: 2007 \u2013 Facultad de Ciencias Econ\u00f3micas; Centro Cultural Lapido; Club de Golf; Fotogramas - Montevideo 2009 \u2013 Galer\u00eda de arte La Pasionaria \u2013 Club de Golf - Montevideo 2010 \u2013 A la Follie; Trattoria La Commedia; Club de Golf \u2013 Montevideo 2011 \u2013 Museo del Azulejo; Fotograma; Club de Golf \u2013 Montevideo; Bienal X \u2013 Salto 2012 \u2013 Espacio Innova \u2013 Punta del Este Es asiduo asistente a las principales bienales de arte: Venecia, Lyon, San Pablo, Cuba, Porto Alegre, Lima, as\u00ed como ferias de Basilea, Paris, Buenos Aires, entre otras. Es coleccionista de arte nacional, asesor de arte contempor\u00e1neo, escribe en sus blogs y es columnista de la revista de arte nacional \u201cCooltivarte\u201d desde el 2012, asi como de la revista \u201cArte\u201d del periodico \u201cEl Pais\u201d. Blog","sameAs":["https:\/\/danielbenoit.art\/","https:\/\/www.facebook.com\/daniel.benoit.3557?fref=ts","https:\/\/www.instagram.com\/danielbenoitcassou\/","https:\/\/www.linkedin.com\/in\/daniel-benoit-87890a39\/","https:\/\/www.pinterest.com\/cooltivarte","https:\/\/x.com\/https:\/\/x.com\/obolocultural","https:\/\/www.youtube.com\/@PrensaCooltivarte","https:\/\/www.tumblr.com\/blog\/cooltivarte"],"url":"https:\/\/cooltivarte.com\/portal\/author\/benoit\/"}]}},"_links":{"self":[{"href":"https:\/\/cooltivarte.com\/portal\/wp-json\/wp\/v2\/posts\/80543","targetHints":{"allow":["GET"]}}],"collection":[{"href":"https:\/\/cooltivarte.com\/portal\/wp-json\/wp\/v2\/posts"}],"about":[{"href":"https:\/\/cooltivarte.com\/portal\/wp-json\/wp\/v2\/types\/post"}],"author":[{"embeddable":true,"href":"https:\/\/cooltivarte.com\/portal\/wp-json\/wp\/v2\/users\/14"}],"replies":[{"embeddable":true,"href":"https:\/\/cooltivarte.com\/portal\/wp-json\/wp\/v2\/comments?post=80543"}],"version-history":[{"count":5,"href":"https:\/\/cooltivarte.com\/portal\/wp-json\/wp\/v2\/posts\/80543\/revisions"}],"predecessor-version":[{"id":98139,"href":"https:\/\/cooltivarte.com\/portal\/wp-json\/wp\/v2\/posts\/80543\/revisions\/98139"}],"wp:featuredmedia":[{"embeddable":true,"href":"https:\/\/cooltivarte.com\/portal\/wp-json\/wp\/v2\/media\/80544"}],"wp:attachment":[{"href":"https:\/\/cooltivarte.com\/portal\/wp-json\/wp\/v2\/media?parent=80543"}],"wp:term":[{"taxonomy":"category","embeddable":true,"href":"https:\/\/cooltivarte.com\/portal\/wp-json\/wp\/v2\/categories?post=80543"},{"taxonomy":"post_tag","embeddable":true,"href":"https:\/\/cooltivarte.com\/portal\/wp-json\/wp\/v2\/tags?post=80543"}],"curies":[{"name":"wp","href":"https:\/\/api.w.org\/{rel}","templated":true}]}}