{"id":80277,"date":"2022-04-06T12:11:20","date_gmt":"2022-04-06T15:11:20","guid":{"rendered":"https:\/\/cooltivarte.com\/portal\/?p=80277"},"modified":"2022-04-06T12:11:20","modified_gmt":"2022-04-06T15:11:20","slug":"benjamin-amadeo-en-uruguay-17-de-junio-sala-del-museo-del-carnaval","status":"publish","type":"post","link":"https:\/\/cooltivarte.com\/portal\/benjamin-amadeo-en-uruguay-17-de-junio-sala-del-museo-del-carnaval\/","title":{"rendered":"BENJAM\u00cdN AMADEO en Uruguay &#8211; 17 de junio &#8211; Sala del Museo del Carnaval"},"content":{"rendered":"<p><img fetchpriority=\"high\" decoding=\"async\" class=\"aligncenter wp-image-80278 size-full\" title=\"BENJAMIN AMADEO\" src=\"https:\/\/cooltivarte.com\/portal\/wp-content\/uploads\/2022\/04\/BENJAMIN-AMADEO.jpg\" alt=\"BENJAMIN AMADEO\" width=\"484\" height=\"484\" srcset=\"https:\/\/cooltivarte.com\/portal\/wp-content\/uploads\/2022\/04\/BENJAMIN-AMADEO.jpg 484w, https:\/\/cooltivarte.com\/portal\/wp-content\/uploads\/2022\/04\/BENJAMIN-AMADEO-300x300.jpg 300w, https:\/\/cooltivarte.com\/portal\/wp-content\/uploads\/2022\/04\/BENJAMIN-AMADEO-150x150.jpg 150w, https:\/\/cooltivarte.com\/portal\/wp-content\/uploads\/2022\/04\/BENJAMIN-AMADEO-120x120.jpg 120w, https:\/\/cooltivarte.com\/portal\/wp-content\/uploads\/2022\/04\/BENJAMIN-AMADEO-75x75.jpg 75w\" sizes=\"(max-width: 484px) 100vw, 484px\" \/><\/p>\n<h3>&nbsp;<\/h3>\n<h3><strong>BENJAMIN AMADEO <\/strong>en Uruguay<\/h3>\n<p>En el marco de la gira presentaci\u00f3n de su segundo \u00e1lbum de estudio <strong>QUIROMANCIA<\/strong>, el multifac\u00e9tico artista argentino llega a la <strong>Sala del Museo del Carnaval<\/strong> el pr\u00f3ximo <strong>17 de junio 2022<\/strong>.<\/p>\n<p>&nbsp;<\/p>\n<p><a href=\"https:\/\/redtickets.uy\/evento\/BENJAM%C3%8DN-AMADEO\/6864\" target=\"_blank\" rel=\"noopener\">Entradas en venta <\/a><\/p>\n<p>&nbsp;<\/p>\n<p>Sobre <strong>Quiromancia<\/strong>:<\/p>\n<p>\u201cQuiromancia\u201d es el segundo material de estudio de Benjam\u00edn Amadeo, un disco conceptual que comprende 12 canciones, cada una est\u00e1 ligada a nuestros sentimientos, decisiones y rumbos que tomamos, ya sea que los elegimos, o quiz\u00e1s por obra del destino.<\/p>\n<p>\u201cQuiromancia\u201d es la lectura de la mano a trav\u00e9s de las l\u00edneas o montes de la palma de la mano, y cada una de estas canciones est\u00e1n inspiradas o basadas en alguna l\u00ednea o monte en particular\u201d, revela Benjam\u00edn sobre su nueva obra.<\/p>\n<p>Por citar algunas de las canciones que anticiparon este esperado material \u2018Las Flores\u2019 est\u00e1 inspirada en la l\u00ednea de la vida; \u2018Salvarme Ahora\u2019 en la l\u00ednea del coraz\u00f3n y \u2018No te enamores\u2019 en la l\u00ednea de la cabeza.<\/p>\n<p>Con la presencia de importantes figuras de la m\u00fasica, como Los Aut\u00e9nticos Decadentes (\u201cLas Flores\u201d), Coti (\u201cMagnetismo\u201d), Vic Mirallas de Espa\u00f1a (\u201cQuiromancia\u201d) y Monsieur Perin\u00e9 de Colombia (\u201cIlumin\u00e1bamos\u201d), el disco muestra la gama de g\u00e9neros que atraviesan a Benjamin Amadeo para componer.<\/p>\n<p>Sobre<a href=\"https:\/\/cooltivarte.com\/portal\/?s=Benjam\u00edn+Amadeo\" target=\"_blank\" rel=\"noopener\"><strong> Benjam\u00edn Amadeo<\/strong><\/a><\/p>\n<p>Benjam\u00edn Amadeo se destaca en la cultura argentina como un artista multifac\u00e9tico y de gran trascendencia local. Mientras su carrera como actor contin\u00faa creciendo, irrumpi\u00f3 en el mundo de la m\u00fasica dando cuenta de su talento y versatilidad.<\/p>\n<p>Ganador de un Premio Gardel por su \u00e1lbum debut \u201cVida Lejana\u201d en la categor\u00eda Mejor \u00c1lbum Nuevo Artista Pop, y con presentaciones a sala llena en Buenos Aires y en el interior del pa\u00eds, Benjam\u00edn Amadeo se posiciona como uno de los cantautores nacionales de mayor proyecci\u00f3n tanto nacional como Internacional.<\/p>\n<p>Benjam\u00edn Amadeo ha compartido escenario con figuras tales como Sandra Mihanovich, Miranda!, Ciro y Los Persas y Abel Pintos, adem\u00e1s de ser el m\u00fasico elegido para abrir el show de Ed Sheeran en el Estadio \u00danico de La Plata y Backstreet Boys en el Campo Argentino de Polo. A su vez, acompa\u00f1\u00f3 a Abel Pintos en una importante gira por el interior de nuestro pa\u00eds adem\u00e1s de su show en el Estadio River Plate, como as\u00ed tambi\u00e9n fue invitado por Ciro y Los Persas en Mar del Plata.<\/p>\n<p>Realiz\u00f3 su debut musical con su single \u201cVolar\u00e9\u201d, el primer corte de su disco debut que lanzar\u00eda 2 meses m\u00e1s tarde: \u201cVida Lejana\u201d. R\u00e1pidamente \u201cVolar\u00e9\u201d se convirti\u00f3 en un \u00e9xito con millones de reproducciones y sonando en las radios m\u00e1s escuchadas del pa\u00eds. Luego siguieron los lanzamientos de \u201c10mil\u201d, y \u201cYa No Hay M\u00e1s.<\/p>\n<p>Luego de lanzar \u201cCada Noche\u201d como primer single fuera del disco, realiz\u00f3 su primer concierto en el Teatro Opera en Buenos Aires y cont\u00f3 con la participaci\u00f3n de Patricio Sardelli de Airbag y Abel Pintos.<\/p>\n<p>En septiembre 2021, Benjam\u00edn Amadeo present\u00f3 su segundo \u00e1lbum de estudio \u201cQuiromancia\u201d, con 12 canciones inspiradas o basadas en alguna l\u00ednea o monte de las manos, cada una ligada a nuestros sentimientos, decisiones y rumbos que tomamos. Para este nuevo material, el artista cont\u00f3 con la colaboraci\u00f3n de importantes invitados tales como Los Aut\u00e9ntico Decadentes, Coti, Monsieurperine y Vicmirallasmusic.<\/p>\n<p>Por su parte, el \u00e1lbum fue presentado en vivo en una gira nacional que incluy\u00f3 shows en Buenos Aires, C\u00f3rdoba, Mendoza, y La Plata.<br \/>\nRecientemente Benjam\u00edn Amadeo viene de realizar el opening de los shows de Camilo en Buenos Aires, compartiendo su m\u00fasica junto a miles de personas ante dos Estadios Luna Park y un Movistar Arena.<\/p>\n<p>De este modo, Benjam\u00edn Amadeo contin\u00faa trabajando en nuevas canciones y shows en vivo para compartir su m\u00fasica con todos los fan\u00e1ticos.<\/p>\n<p>&nbsp;<\/p>\n<p><a href=\"https:\/\/www.instagram.com\/benjamadeo\/\" target=\"_blank\" rel=\"noopener\">https:\/\/www.instagram.com\/benjamadeo\/<\/a><\/p>\n<p>&nbsp;<\/p>\n<p><a href=\"https:\/\/twitter.com\/benjaminamadeo\" target=\"_blank\" rel=\"noopener\">https:\/\/twitter.com\/benjaminamadeo<\/a><\/p>\n<p>&nbsp;<\/p>\n<p>&nbsp;<\/p>\n","protected":false},"excerpt":{"rendered":"<p>&nbsp; BENJAMIN AMADEO en Uruguay En el marco de la gira presentaci\u00f3n de su segundo \u00e1lbum de estudio QUIROMANCIA, el multifac\u00e9tico artista argentino llega a la Sala del Museo del Carnaval el pr\u00f3ximo 17 de junio 2022. &nbsp; Entradas en venta &nbsp; Sobre Quiromancia: \u201cQuiromancia\u201d es el segundo material de estudio de Benjam\u00edn Amadeo, un [&hellip;]<\/p>\n","protected":false},"author":8,"featured_media":80278,"comment_status":"closed","ping_status":"closed","sticky":false,"template":"","format":"standard","meta":{"om_disable_all_campaigns":false,"ngg_post_thumbnail":0,"jnews-multi-image_gallery":[],"jnews_single_post":{"subtitle":"","format":"standard","video":"","gallery":"","source_name":"","source_url":"","via_name":"","via_url":"","override_template":"0","override":[{"template":"1","single_blog_custom":"","parallax":"1","fullscreen":"1","layout":"right-sidebar","sidebar":"default-sidebar","second_sidebar":"default-sidebar","sticky_sidebar":"1","share_position":"top","share_float_style":"share-monocrhome","show_share_counter":"1","show_view_counter":"1","show_featured":"1","show_post_meta":"1","show_post_author":"1","show_post_author_image":"1","show_post_date":"1","post_date_format":"default","post_date_format_custom":"Y\/m\/d","show_post_category":"1","show_post_reading_time":"0","post_reading_time_wpm":"300","show_zoom_button":"0","zoom_button_out_step":"2","zoom_button_in_step":"3","show_post_tag":"1","show_prev_next_post":"1","show_popup_post":"1","number_popup_post":"1","show_author_box":"0","show_post_related":"0","show_inline_post_related":"0"}],"override_image_size":"0","image_override":[{"single_post_thumbnail_size":"crop-500","single_post_gallery_size":"crop-500"}],"trending_post":"0","trending_post_position":"meta","trending_post_label":"Trending","sponsored_post":"0","sponsored_post_label":"Sponsored by","sponsored_post_name":"","sponsored_post_url":"","sponsored_post_logo_enable":"0","sponsored_post_logo":"","sponsored_post_desc":""},"jnews_primary_category":{"id":""},"jnews_social_meta":{"fb_title":"","fb_description":"","fb_image":"","twitter_title":"","twitter_description":"","twitter_image":""},"jnews_override_counter":{"override_view_counter":"0","view_counter_number":"0","override_share_counter":"0","share_counter_number":"0","override_like_counter":"0","like_counter_number":"0","override_dislike_counter":"0","dislike_counter_number":"0"},"footnotes":""},"categories":[3394],"tags":[16409,16410],"class_list":["post-80277","post","type-post","status-publish","format-standard","has-post-thumbnail","hentry","category-eventos","tag-benjamin-amadeo","tag-quiromancia"],"yoast_head":"<!-- This site is optimized with the Yoast SEO plugin v27.5 - https:\/\/yoast.com\/product\/yoast-seo-wordpress\/ -->\n<title>BENJAM\u00cdN AMADEO en Uruguay - 17 de junio - Sala del Museo del Carnaval - Cooltivarte Portal<\/title>\n<meta name=\"description\" content=\"En el marco de la gira presentaci\u00f3n de su segundo \u00e1lbum de estudio QUIROMANCIA, el multifac\u00e9tico artista argentino llega a la Sala del Museo del Carnaval el pr\u00f3ximo 17 de junio 2022.\" \/>\n<meta name=\"robots\" content=\"index, follow, max-snippet:-1, max-image-preview:large, max-video-preview:-1\" \/>\n<link rel=\"canonical\" href=\"https:\/\/cooltivarte.com\/portal\/benjamin-amadeo-en-uruguay-17-de-junio-sala-del-museo-del-carnaval\/\" \/>\n<meta property=\"og:locale\" content=\"es_ES\" \/>\n<meta property=\"og:type\" content=\"article\" \/>\n<meta property=\"og:title\" content=\"BENJAM\u00cdN AMADEO en Uruguay - 17 de junio - Sala del Museo del Carnaval\" \/>\n<meta property=\"og:description\" content=\"En el marco de la gira presentaci\u00f3n de su segundo \u00e1lbum de estudio QUIROMANCIA, el multifac\u00e9tico artista argentino llega a la Sala del Museo del Carnaval el pr\u00f3ximo 17 de junio 2022.\" \/>\n<meta property=\"og:url\" content=\"https:\/\/cooltivarte.com\/portal\/benjamin-amadeo-en-uruguay-17-de-junio-sala-del-museo-del-carnaval\/\" \/>\n<meta property=\"og:site_name\" content=\"Cooltivarte Portal\" \/>\n<meta property=\"article:publisher\" content=\"https:\/\/www.facebook.com\/cooltivartecom\/\" \/>\n<meta property=\"article:author\" content=\"https:\/\/www.facebook.com\/cooltivartecom\" \/>\n<meta property=\"article:published_time\" content=\"2022-04-06T15:11:20+00:00\" \/>\n<meta property=\"og:image\" content=\"https:\/\/cooltivarte.com\/portal\/wp-content\/uploads\/2022\/04\/BENJAMIN-AMADEO.jpg\" \/>\n\t<meta property=\"og:image:width\" content=\"484\" \/>\n\t<meta property=\"og:image:height\" content=\"484\" \/>\n\t<meta property=\"og:image:type\" content=\"image\/jpeg\" \/>\n<meta name=\"author\" content=\"Cooltivarte\" \/>\n<meta name=\"twitter:card\" content=\"summary_large_image\" \/>\n<meta name=\"twitter:title\" content=\"BENJAM\u00cdN AMADEO en Uruguay - 17 de junio - Sala del Museo del Carnaval\" \/>\n<meta name=\"twitter:description\" content=\"En el marco de la gira presentaci\u00f3n de su segundo \u00e1lbum de estudio QUIROMANCIA, el multifac\u00e9tico artista argentino llega a la Sala del Museo del Carnaval el pr\u00f3ximo 17 de junio 2022.\" \/>\n<meta name=\"twitter:image\" content=\"https:\/\/cooltivarte.com\/portal\/wp-content\/uploads\/2022\/04\/BENJAMIN-AMADEO.jpg\" \/>\n<meta name=\"twitter:creator\" content=\"@https:\/\/x.com\/obolocultural\" \/>\n<meta name=\"twitter:site\" content=\"@obolocultural\" \/>\n<meta name=\"twitter:label1\" content=\"Escrito por\" \/>\n\t<meta name=\"twitter:data1\" content=\"Cooltivarte\" \/>\n\t<meta name=\"twitter:label2\" content=\"Tiempo de lectura\" \/>\n\t<meta name=\"twitter:data2\" content=\"3 minutos\" \/>\n<!-- \/ Yoast SEO plugin. -->","yoast_head_json":{"title":"BENJAM\u00cdN AMADEO en Uruguay - 17 de junio - Sala del Museo del Carnaval - Cooltivarte Portal","description":"En el marco de la gira presentaci\u00f3n de su segundo \u00e1lbum de estudio QUIROMANCIA, el multifac\u00e9tico artista argentino llega a la Sala del Museo del Carnaval el pr\u00f3ximo 17 de junio 2022.","robots":{"index":"index","follow":"follow","max-snippet":"max-snippet:-1","max-image-preview":"max-image-preview:large","max-video-preview":"max-video-preview:-1"},"canonical":"https:\/\/cooltivarte.com\/portal\/benjamin-amadeo-en-uruguay-17-de-junio-sala-del-museo-del-carnaval\/","og_locale":"es_ES","og_type":"article","og_title":"BENJAM\u00cdN AMADEO en Uruguay - 17 de junio - Sala del Museo del Carnaval","og_description":"En el marco de la gira presentaci\u00f3n de su segundo \u00e1lbum de estudio QUIROMANCIA, el multifac\u00e9tico artista argentino llega a la Sala del Museo del Carnaval el pr\u00f3ximo 17 de junio 2022.","og_url":"https:\/\/cooltivarte.com\/portal\/benjamin-amadeo-en-uruguay-17-de-junio-sala-del-museo-del-carnaval\/","og_site_name":"Cooltivarte Portal","article_publisher":"https:\/\/www.facebook.com\/cooltivartecom\/","article_author":"https:\/\/www.facebook.com\/cooltivartecom","article_published_time":"2022-04-06T15:11:20+00:00","og_image":[{"width":484,"height":484,"url":"https:\/\/cooltivarte.com\/portal\/wp-content\/uploads\/2022\/04\/BENJAMIN-AMADEO.jpg","type":"image\/jpeg"}],"author":"Cooltivarte","twitter_card":"summary_large_image","twitter_title":"BENJAM\u00cdN AMADEO en Uruguay - 17 de junio - Sala del Museo del Carnaval","twitter_description":"En el marco de la gira presentaci\u00f3n de su segundo \u00e1lbum de estudio QUIROMANCIA, el multifac\u00e9tico artista argentino llega a la Sala del Museo del Carnaval el pr\u00f3ximo 17 de junio 2022.","twitter_image":"https:\/\/cooltivarte.com\/portal\/wp-content\/uploads\/2022\/04\/BENJAMIN-AMADEO.jpg","twitter_creator":"@https:\/\/x.com\/obolocultural","twitter_site":"@obolocultural","twitter_misc":{"Escrito por":"Cooltivarte","Tiempo de lectura":"3 minutos"},"schema":{"@context":"https:\/\/schema.org","@graph":[{"@type":"NewsArticle","@id":"https:\/\/cooltivarte.com\/portal\/benjamin-amadeo-en-uruguay-17-de-junio-sala-del-museo-del-carnaval\/#article","isPartOf":{"@id":"https:\/\/cooltivarte.com\/portal\/benjamin-amadeo-en-uruguay-17-de-junio-sala-del-museo-del-carnaval\/"},"author":{"name":"Cooltivarte","@id":"https:\/\/cooltivarte.com\/portal\/#\/schema\/person\/ec2a4f4e71b740d0c559c0ab9a157e19"},"headline":"BENJAM\u00cdN AMADEO en Uruguay &#8211; 17 de junio &#8211; Sala del Museo del Carnaval","datePublished":"2022-04-06T15:11:20+00:00","mainEntityOfPage":{"@id":"https:\/\/cooltivarte.com\/portal\/benjamin-amadeo-en-uruguay-17-de-junio-sala-del-museo-del-carnaval\/"},"wordCount":687,"publisher":{"@id":"https:\/\/cooltivarte.com\/portal\/#organization"},"image":{"@id":"https:\/\/cooltivarte.com\/portal\/benjamin-amadeo-en-uruguay-17-de-junio-sala-del-museo-del-carnaval\/#primaryimage"},"thumbnailUrl":"https:\/\/cooltivarte.com\/portal\/wp-content\/uploads\/2022\/04\/BENJAMIN-AMADEO.jpg","keywords":["BENJAMIN AMADEO","QUIROMANCIA"],"articleSection":["Eventos"],"inLanguage":"es-AR"},{"@type":"WebPage","@id":"https:\/\/cooltivarte.com\/portal\/benjamin-amadeo-en-uruguay-17-de-junio-sala-del-museo-del-carnaval\/","url":"https:\/\/cooltivarte.com\/portal\/benjamin-amadeo-en-uruguay-17-de-junio-sala-del-museo-del-carnaval\/","name":"BENJAM\u00cdN AMADEO en Uruguay - 17 de junio - Sala del Museo del Carnaval - Cooltivarte Portal","isPartOf":{"@id":"https:\/\/cooltivarte.com\/portal\/#website"},"primaryImageOfPage":{"@id":"https:\/\/cooltivarte.com\/portal\/benjamin-amadeo-en-uruguay-17-de-junio-sala-del-museo-del-carnaval\/#primaryimage"},"image":{"@id":"https:\/\/cooltivarte.com\/portal\/benjamin-amadeo-en-uruguay-17-de-junio-sala-del-museo-del-carnaval\/#primaryimage"},"thumbnailUrl":"https:\/\/cooltivarte.com\/portal\/wp-content\/uploads\/2022\/04\/BENJAMIN-AMADEO.jpg","datePublished":"2022-04-06T15:11:20+00:00","description":"En el marco de la gira presentaci\u00f3n de su segundo \u00e1lbum de estudio QUIROMANCIA, el multifac\u00e9tico artista argentino llega a la Sala del Museo del Carnaval el pr\u00f3ximo 17 de junio 2022.","breadcrumb":{"@id":"https:\/\/cooltivarte.com\/portal\/benjamin-amadeo-en-uruguay-17-de-junio-sala-del-museo-del-carnaval\/#breadcrumb"},"inLanguage":"es-AR","potentialAction":[{"@type":"ReadAction","target":["https:\/\/cooltivarte.com\/portal\/benjamin-amadeo-en-uruguay-17-de-junio-sala-del-museo-del-carnaval\/"]}]},{"@type":"ImageObject","inLanguage":"es-AR","@id":"https:\/\/cooltivarte.com\/portal\/benjamin-amadeo-en-uruguay-17-de-junio-sala-del-museo-del-carnaval\/#primaryimage","url":"https:\/\/cooltivarte.com\/portal\/wp-content\/uploads\/2022\/04\/BENJAMIN-AMADEO.jpg","contentUrl":"https:\/\/cooltivarte.com\/portal\/wp-content\/uploads\/2022\/04\/BENJAMIN-AMADEO.jpg","width":484,"height":484,"caption":"BENJAMIN AMADEO"},{"@type":"BreadcrumbList","@id":"https:\/\/cooltivarte.com\/portal\/benjamin-amadeo-en-uruguay-17-de-junio-sala-del-museo-del-carnaval\/#breadcrumb","itemListElement":[{"@type":"ListItem","position":1,"name":"Portada","item":"https:\/\/cooltivarte.com\/portal\/"},{"@type":"ListItem","position":2,"name":"BENJAM\u00cdN AMADEO en Uruguay &#8211; 17 de junio &#8211; Sala del Museo del Carnaval"}]},{"@type":"WebSite","@id":"https:\/\/cooltivarte.com\/portal\/#website","url":"https:\/\/cooltivarte.com\/portal\/","name":"Cooltivarte Portal","description":"Arte, cultura y turismo para el mundo ...","publisher":{"@id":"https:\/\/cooltivarte.com\/portal\/#organization"},"potentialAction":[{"@type":"SearchAction","target":{"@type":"EntryPoint","urlTemplate":"https:\/\/cooltivarte.com\/portal\/?s={search_term_string}"},"query-input":{"@type":"PropertyValueSpecification","valueRequired":true,"valueName":"search_term_string"}}],"inLanguage":"es-AR"},{"@type":"Organization","@id":"https:\/\/cooltivarte.com\/portal\/#organization","name":"cooltivarte","url":"https:\/\/cooltivarte.com\/portal\/","logo":{"@type":"ImageObject","inLanguage":"es-AR","@id":"https:\/\/cooltivarte.com\/portal\/#\/schema\/logo\/image\/","url":"https:\/\/cooltivarte.com\/portal\/wp-content\/uploads\/2020\/04\/logo-cooltivarte-v2.png","contentUrl":"https:\/\/cooltivarte.com\/portal\/wp-content\/uploads\/2020\/04\/logo-cooltivarte-v2.png","width":851,"height":243,"caption":"cooltivarte"},"image":{"@id":"https:\/\/cooltivarte.com\/portal\/#\/schema\/logo\/image\/"},"sameAs":["https:\/\/www.facebook.com\/cooltivartecom\/","https:\/\/x.com\/obolocultural","https:\/\/www.instagram.com\/_cooltivarte_\/","https:\/\/www.linkedin.com\/company\/-bolocultural?reportsuccess=8zaNG1HwhPbAR9iQhZ5rfGeqz_vQFftHun0ZWU0Wy9vNemRJ8vtcKdJvzQfW8XagyOJSKg0XvfJ1dp","https:\/\/www.pinterest.com\/cooltivarte\/","https:\/\/cooltivarte.tumblr.com\/","https:\/\/www.tiktok.com\/@cooltivarte","https:\/\/www.youtube.com\/@PrensaCooltivarte"]},{"@type":"Person","@id":"https:\/\/cooltivarte.com\/portal\/#\/schema\/person\/ec2a4f4e71b740d0c559c0ab9a157e19","name":"Cooltivarte","image":{"@type":"ImageObject","inLanguage":"es-AR","@id":"https:\/\/cooltivarte.com\/portal\/wp-content\/uploads\/2014\/05\/logo-cooltivarte-120x120.jpg","url":"https:\/\/cooltivarte.com\/portal\/wp-content\/uploads\/2014\/05\/logo-cooltivarte-120x120.jpg","contentUrl":"https:\/\/cooltivarte.com\/portal\/wp-content\/uploads\/2014\/05\/logo-cooltivarte-120x120.jpg","caption":"Cooltivarte"},"description":"Somos COOLTIVARTE.COM. Un portal digital dedicado a difundir el acontecer art\u00edstico y cultural del Uruguay. Estamos en la vuelta desde el a\u00f1o 2003, y como evoluci\u00f3n del bolet\u00edn Obolo Cultural, nos encontramos abocados a apoyar a los artistas nacionales brind\u00e1ndoles un espacio de difusi\u00f3n. Creemos en la idea de utilizar la potencialidad que hoy d\u00eda nos otorga la web, para que la cultura uruguaya y sus creadores dispongan de una din\u00e1mica ventana, que los ponga en contacto entre s\u00ed y con el mundo. Somos COOLTIVARTE.COM y pretendemos configurarnos como un portal din\u00e1mico, entretenido y atento a los nuevos emprendimientos, que busque siempre la interacci\u00f3n con los artistas.","sameAs":["http:\/\/www.cooltivarte.com","https:\/\/www.facebook.com\/cooltivartecom","https:\/\/www.instagram.com\/_cooltivarte_\/","https:\/\/www.linkedin.com\/company\/-bolocultural","https:\/\/www.pinterest.com\/cooltivarte\/","https:\/\/x.com\/https:\/\/x.com\/obolocultural","https:\/\/www.youtube.com\/@PrensaCooltivarte","https:\/\/www.tumblr.com\/blog\/cooltivarte"],"url":"https:\/\/cooltivarte.com\/portal\/author\/cooltivarte\/"}]}},"_links":{"self":[{"href":"https:\/\/cooltivarte.com\/portal\/wp-json\/wp\/v2\/posts\/80277","targetHints":{"allow":["GET"]}}],"collection":[{"href":"https:\/\/cooltivarte.com\/portal\/wp-json\/wp\/v2\/posts"}],"about":[{"href":"https:\/\/cooltivarte.com\/portal\/wp-json\/wp\/v2\/types\/post"}],"author":[{"embeddable":true,"href":"https:\/\/cooltivarte.com\/portal\/wp-json\/wp\/v2\/users\/8"}],"replies":[{"embeddable":true,"href":"https:\/\/cooltivarte.com\/portal\/wp-json\/wp\/v2\/comments?post=80277"}],"version-history":[{"count":1,"href":"https:\/\/cooltivarte.com\/portal\/wp-json\/wp\/v2\/posts\/80277\/revisions"}],"predecessor-version":[{"id":80279,"href":"https:\/\/cooltivarte.com\/portal\/wp-json\/wp\/v2\/posts\/80277\/revisions\/80279"}],"wp:featuredmedia":[{"embeddable":true,"href":"https:\/\/cooltivarte.com\/portal\/wp-json\/wp\/v2\/media\/80278"}],"wp:attachment":[{"href":"https:\/\/cooltivarte.com\/portal\/wp-json\/wp\/v2\/media?parent=80277"}],"wp:term":[{"taxonomy":"category","embeddable":true,"href":"https:\/\/cooltivarte.com\/portal\/wp-json\/wp\/v2\/categories?post=80277"},{"taxonomy":"post_tag","embeddable":true,"href":"https:\/\/cooltivarte.com\/portal\/wp-json\/wp\/v2\/tags?post=80277"}],"curies":[{"name":"wp","href":"https:\/\/api.w.org\/{rel}","templated":true}]}}