{"id":80062,"date":"2022-03-28T09:56:43","date_gmt":"2022-03-28T12:56:43","guid":{"rendered":"https:\/\/cooltivarte.com\/portal\/?p=80062"},"modified":"2022-03-28T09:56:43","modified_gmt":"2022-03-28T12:56:43","slug":"izkia-siches-la-primera-linea-del-gobierno-de-boric","status":"publish","type":"post","link":"https:\/\/cooltivarte.com\/portal\/izkia-siches-la-primera-linea-del-gobierno-de-boric\/","title":{"rendered":"Izkia Siches: la \u201cprimera l\u00ednea\u201d del gobierno de Boric"},"content":{"rendered":"<figure id=\"attachment_80065\" aria-describedby=\"caption-attachment-80065\" style=\"width: 754px\" class=\"wp-caption aligncenter\"><img fetchpriority=\"high\" decoding=\"async\" class=\"wp-image-80065 size-full\" title=\" Izkia Siches (Instagram) \" src=\"https:\/\/cooltivarte.com\/portal\/wp-content\/uploads\/2022\/03\/Izkia-Siches.jpg\" alt=\"Izkia Siches\" width=\"754\" height=\"554\" srcset=\"https:\/\/cooltivarte.com\/portal\/wp-content\/uploads\/2022\/03\/Izkia-Siches.jpg 754w, https:\/\/cooltivarte.com\/portal\/wp-content\/uploads\/2022\/03\/Izkia-Siches-300x220.jpg 300w\" sizes=\"(max-width: 754px) 100vw, 754px\" \/><figcaption id=\"caption-attachment-80065\" class=\"wp-caption-text\">Izkia Siches (Instagram)<\/figcaption><\/figure>\n<p>El nuevo gobierno que asumi\u00f3 con bombos y platillos el 11 de marzo pasado, se ha visto enfrentado no solo a las violentas manifestaciones que con odiosa cotidianidad se suceden en Chile, sino a la propia coalici\u00f3n que lo instal\u00f3 en La Moneda. Lamentable para un Gobierno que se anunciaba como diferente, respetuoso y justo. En tan solo tres semanas los deslices comunicacionales de varios de los miembros de su gabinete y de su alianza pol\u00edtica, ya conforman un anecdotario que da pena o da risa. Un gobierno atrapado por la mediocridad de sus dichos y sus acciones, sobre todo de quienes forman la \u201cprimera l\u00ednea\u201d (frase que simboliz\u00f3 a los encapuchados que destruyeron el pa\u00eds en los vergonzosos d\u00edas que se sucedieron al 18 de octubre de 2019 y que no tiene fin).<\/p>\n<p>Al frente de la \u201cprimera l\u00ednea\u201d del Gobierno se encuentra la ministra del Interior, Izkia Siches, una mujer que ha brillado por sus actos desaguisados y dichos desastrosos cuando no ofensivos, o ambos a la vez, incluso desde antes de su nombramiento. Por ejemplo, cuando era presidenta del Colegio M\u00e9dico: \u201cYo que he sido s\u00faper se\u00f1orita, voy a todas las reuniones y me saco fotos con todos los infelices\u201d. Le puso fuerza a su mensaje (reuni\u00f3n con la gente del expresidente Pi\u00f1era). Claro que ella conjuga el verbo poner as\u00ed: \u201cLa hemos ponido toda la fuerza a esta campa\u00f1a\u201d (<a href=\"https:\/\/cooperativa.cl\/noticias\/pais\/politica\/elecciones\/hemos-ponido-el-auto-troleo-de-izkia-siches-tras-lapsus-linguistico\/2021-12-13\/172217.html\" target=\"_blank\" rel=\"noopener\">cooperativa.cl<\/a>).<\/p>\n<p>Otra de sus frases como presidenta del Colegio M\u00e9dico: \u201cFaltar\u00eda que, en buen chileno, llueva caca para estar en un peor escenario nacional\u201d. En fin, frases como estas la van perfilando como futura ministra. Pero ya a d\u00edas de asumir como jefa de la \u201cprimera l\u00ednea\u201d del Gabinete, en un acto repudiable, un centro comercial dej\u00f3 que ella se probase cu\u00e1nta ropa quisiese pues \u201cten\u00eda un casamiento\u201d. Como su ego es del tama\u00f1o de su boca, mostr\u00f3 fotos que r\u00e1pidamente provocaron la reacci\u00f3n de la gente. Y desafiante como siempre: \u201cPr\u00f3ximamente ser\u00e9 ministra del Interior pero sigo siendo mujer, madre y esposa y no renunciar\u00e9 a nada de ello, as\u00ed que es muy probable que me vean en el mall, en el s\u00faper o en la calle para que se vayan acostumbrando\u201d (<a href=\"https:\/\/www.biobiochile.cl\/noticias\/nacional\/chile\/2022\/02\/17\/izkia-siches-responde-a-quienes-la-criticaron-por-ir-a-un-mall-y-muestra-la-ropa-que-compro.shtml\" target=\"_blank\" rel=\"noopener\">biobiochile.cl<\/a>).<\/p>\n<p>Ya ministra, la temperatura de sus dichos y acciones subieron de grado. Primero, su incursi\u00f3n por La Araucan\u00eda (sur del pa\u00eds), fue un verdadero fracaso al punto de que la recibieron balazos y debi\u00f3 refugiarse en una comisar\u00eda. No escuch\u00f3 las alertas de la polic\u00eda y no quiso ning\u00fan tipo de escolta. Ni la Mujer Maravilla. Una acci\u00f3n de extrema irresponsabilidad considerando que es la jefa de Gabinete en su calidad de Ministro del Interior. Sin embargo, la guinda de la torta fue su participaci\u00f3n en eI Instituto Chileno de Administraci\u00f3n Racional de Empresasl (Icare), que provoc\u00f3 la molestia generalizada tanto en el sector pol\u00edtico como en la sociedad en general.<\/p>\n<p>&#8220;Si yo pillo a una persona al lado de un crimen y es en Las Condes, es rubio y tiene apellido, no pasa nada. Si yo pillo a esa persona en La Pintana y es pobre, me lo llevo detenido. Si lo pillo en La Araucan\u00eda, lo llevo detenido y allano su casa, agarro a los ni\u00f1os y violento a toda una comunidad: ese es un sistema judicial que hay que ir a mirar\u201d (<a href=\"https:\/\/redgol.cl\/tendencias\/Ministra-Siches-critica-al-sistema-judicial-Si-pillo-a-una-persona-al-lado-de-un-crimen-en-Las-Condes-rubio-y-tiene-apellido-no-pasa-nada-20220324-0131.html\" target=\"_blank\" rel=\"noopener\">redgol.cl<\/a>).<\/p>\n<p>Para que el lector no chileno se oriente, Las Condes es una de las comunas m\u00e1s acomodadas de Santiago, en cuanto que La Pintana, por el contrario, es una de las m\u00e1s pobres y con un alto \u00edndice de delincuencia. O sea, por un lado, la ministra crea con sus palabras nada m\u00e1s que odiosidades entre los chilenos. Estigmatiza a la gente de una comuna sufrida y busca el enfrentamiento entre pobres y ricos que, a su juicio, son rubios. De otro lado, \u00bfqu\u00e9 quiso decir con \u201ctiene apellido\u201d? \u00bfAcaso el pobre no tiene apellido? \u00bfO por apellido se refiere uno de tradici\u00f3n republicana o \u201craro\u201d, como el de ella o del ministro Jackson o del propio Presidente? Y si son de La Araucan\u00eda, ni los ni\u00f1os se salvan. \u00a1Pat\u00e9tica declaraci\u00f3n!<\/p>\n<p>O sea, un discurso que m\u00e1s suena a resentimiento social, a populismo decadente, a incomprensible violencia, lejos, por lo tanto, del discurso reflexivo, integrador y pacificador propio de un Ministro del Interior que tiene a su cargo la seguridad del pa\u00eds. La Corte Suprema (por quien no muero de amores, pero no puedo dejar de estar con ella esta vez), le respondi\u00f3: \u201cEl Poder Judicial no tiene una formaci\u00f3n clasista\u201d. Por su parte, \u201cun supremo consider\u00f3 que fueron palabras imprudentes e ignorantes\u201d (diario La Tercera, s\u00e1bado 26 de marzo de 2022, p. 43).<br \/>\nNo, definitivamente la se\u00f1ora Izquia Siches no tiene dedos para el piano. Tres semanas bastan y sobran para atestiguarlo. Su pasado la persigue.<\/p>\n<p>Tal vez lo haga mejor tocando el timbre.<\/p>\n<p>&nbsp;<\/p>\n<blockquote class=\"instagram-media\" style=\"background: #FFF; border: 0; border-radius: 3px; box-shadow: 0 0 1px 0 rgba(0,0,0,0.5),0 1px 10px 0 rgba(0,0,0,0.15); margin: 1px; max-width: 540px; min-width: 326px; padding: 0; width: calc(100% - 2px);\" data-instgrm-captioned=\"\" data-instgrm-permalink=\"https:\/\/www.instagram.com\/p\/CaGIrV2O6ft\/?utm_source=ig_embed&amp;utm_campaign=loading\" data-instgrm-version=\"14\">\n<div style=\"padding: 16px;\">\n<p>&nbsp;<\/p>\n<div style=\"display: flex; flex-direction: row; align-items: center;\">\n<div style=\"background-color: #f4f4f4; border-radius: 50%; flex-grow: 0; height: 40px; margin-right: 14px; width: 40px;\">&nbsp;<\/div>\n<div style=\"display: flex; flex-direction: column; flex-grow: 1; justify-content: center;\">\n<div style=\"background-color: #f4f4f4; border-radius: 4px; flex-grow: 0; height: 14px; margin-bottom: 6px; width: 100px;\">&nbsp;<\/div>\n<div style=\"background-color: #f4f4f4; border-radius: 4px; flex-grow: 0; height: 14px; width: 60px;\">&nbsp;<\/div>\n<\/div>\n<\/div>\n<div style=\"padding: 19% 0;\">&nbsp;<\/div>\n<div style=\"display: block; height: 50px; margin: 0 auto 12px; width: 50px;\">&nbsp;<\/div>\n<div style=\"padding-top: 8px;\">\n<div style=\"color: #3897f0; font-family: Arial,sans-serif; font-size: 14px; font-style: normal; font-weight: 550; line-height: 18px;\">Ver esta publicaci\u00f3n en Instagram<\/div>\n<\/div>\n<div style=\"padding: 12.5% 0;\">&nbsp;<\/div>\n<div style=\"display: flex; flex-direction: row; margin-bottom: 14px; align-items: center;\">\n<div>\n<div style=\"background-color: #f4f4f4; border-radius: 50%; height: 12.5px; width: 12.5px; transform: translateX(0px) translateY(7px);\">&nbsp;<\/div>\n<div style=\"background-color: #f4f4f4; height: 12.5px; transform: rotate(-45deg) translateX(3px) translateY(1px); width: 12.5px; flex-grow: 0; margin-right: 14px; margin-left: 2px;\">&nbsp;<\/div>\n<div style=\"background-color: #f4f4f4; border-radius: 50%; height: 12.5px; width: 12.5px; transform: translateX(9px) translateY(-18px);\">&nbsp;<\/div>\n<\/div>\n<div style=\"margin-left: 8px;\">\n<div style=\"background-color: #f4f4f4; border-radius: 50%; flex-grow: 0; height: 20px; width: 20px;\">&nbsp;<\/div>\n<div style=\"width: 0; height: 0; border-top: 2px solid transparent; border-left: 6px solid #f4f4f4; border-bottom: 2px solid transparent; transform: translateX(16px) translateY(-4px) rotate(30deg);\">&nbsp;<\/div>\n<\/div>\n<div style=\"margin-left: auto;\">\n<div style=\"width: 0px; border-top: 8px solid #F4F4F4; border-right: 8px solid transparent; transform: translateY(16px);\">&nbsp;<\/div>\n<div style=\"background-color: #f4f4f4; flex-grow: 0; height: 12px; width: 16px; transform: translateY(-4px);\">&nbsp;<\/div>\n<div style=\"width: 0; height: 0; border-top: 8px solid #F4F4F4; border-left: 8px solid transparent; transform: translateY(-4px) translateX(8px);\">&nbsp;<\/div>\n<\/div>\n<\/div>\n<div style=\"display: flex; flex-direction: column; flex-grow: 1; justify-content: center; margin-bottom: 24px;\">\n<div style=\"background-color: #f4f4f4; border-radius: 4px; flex-grow: 0; height: 14px; margin-bottom: 6px; width: 224px;\">&nbsp;<\/div>\n<div style=\"background-color: #f4f4f4; border-radius: 4px; flex-grow: 0; height: 14px; width: 144px;\">&nbsp;<\/div>\n<\/div>\n<p>&nbsp;<\/p>\n<p style=\"color: #c9c8cd; font-family: Arial,sans-serif; font-size: 14px; line-height: 17px; margin-bottom: 0; margin-top: 8px; overflow: hidden; padding: 8px 0 7px; text-align: center; text-overflow: ellipsis; white-space: nowrap;\"><a style=\"color: #c9c8cd; font-family: Arial,sans-serif; font-size: 14px; font-style: normal; font-weight: normal; line-height: 17px; text-decoration: none;\" href=\"https:\/\/www.instagram.com\/p\/CaGIrV2O6ft\/?utm_source=ig_embed&amp;utm_campaign=loading\" target=\"_blank\" rel=\"noopener\">Una publicaci\u00f3n compartida de Izkia Siches (@izkias)<\/a><\/p>\n<\/div>\n<\/blockquote>\n<p><script async=\"\" src=\"\/\/www.instagram.com\/embed.js\"><\/script><br \/>\n&nbsp;<\/p>\n<p>&nbsp;<\/p>\n","protected":false},"excerpt":{"rendered":"<p>El nuevo gobierno que asumi\u00f3 con bombos y platillos el 11 de marzo pasado, se ha visto enfrentado no solo a las violentas manifestaciones que con odiosa cotidianidad se suceden en Chile, sino a la propia coalici\u00f3n que lo instal\u00f3 en La Moneda. Lamentable para un Gobierno que se anunciaba como diferente, respetuoso y justo. [&hellip;]<\/p>\n","protected":false},"author":162,"featured_media":80065,"comment_status":"closed","ping_status":"closed","sticky":false,"template":"","format":"standard","meta":{"om_disable_all_campaigns":false,"ngg_post_thumbnail":0,"jnews-multi-image_gallery":[],"jnews_single_post":{"subtitle":"","format":"standard","video":"","gallery":"","source_name":"","source_url":"","via_name":"","via_url":"","override_template":"0","override":[{"template":"1","single_blog_custom":"","parallax":"1","fullscreen":"1","layout":"right-sidebar","sidebar":"default-sidebar","second_sidebar":"default-sidebar","sticky_sidebar":"1","share_position":"top","share_float_style":"share-monocrhome","show_share_counter":"1","show_view_counter":"1","show_featured":"1","show_post_meta":"1","show_post_author":"1","show_post_author_image":"1","show_post_date":"1","post_date_format":"default","post_date_format_custom":"Y\/m\/d","show_post_category":"1","show_post_reading_time":"0","post_reading_time_wpm":"300","show_zoom_button":"0","zoom_button_out_step":"2","zoom_button_in_step":"3","show_post_tag":"1","show_prev_next_post":"1","show_popup_post":"1","number_popup_post":"1","show_author_box":"0","show_post_related":"0","show_inline_post_related":"0"}],"override_image_size":"0","image_override":[{"single_post_thumbnail_size":"crop-500","single_post_gallery_size":"crop-500"}],"trending_post":"0","trending_post_position":"meta","trending_post_label":"Trending","sponsored_post":"0","sponsored_post_label":"Sponsored by","sponsored_post_name":"","sponsored_post_url":"","sponsored_post_logo_enable":"0","sponsored_post_logo":"","sponsored_post_desc":""},"jnews_primary_category":{"id":""},"jnews_social_meta":{"fb_title":"","fb_description":"","fb_image":"","twitter_title":"","twitter_description":"","twitter_image":""},"jnews_override_counter":{"override_view_counter":"0","view_counter_number":"0","override_share_counter":"0","share_counter_number":"0","override_like_counter":"0","like_counter_number":"0","override_dislike_counter":"0","dislike_counter_number":"0"},"footnotes":""},"categories":[1637],"tags":[16357,2789,16307],"class_list":["post-80062","post","type-post","status-publish","format-standard","has-post-thumbnail","hentry","category-apuntes","tag-boric","tag-chile","tag-izkia-siches"],"yoast_head":"<!-- This site is optimized with the Yoast SEO plugin v27.5 - https:\/\/yoast.com\/product\/yoast-seo-wordpress\/ -->\n<title>Izkia Siches: la \u201cprimera l\u00ednea\u201d del gobierno de Boric - Cooltivarte Portal<\/title>\n<meta name=\"description\" content=\"El nuevo gobierno que asumi\u00f3 con bombos y platillos el 11 de marzo pasado, se ha visto enfrentado no solo a las violentas manifestaciones que con odiosa cotidianidad se suceden en Chile, sino a la propia coalici\u00f3n que lo instal\u00f3 en La Moneda. Lamentable para un Gobierno que se anunciaba como diferente, respetuoso y justo.\" \/>\n<meta name=\"robots\" content=\"index, follow, max-snippet:-1, max-image-preview:large, max-video-preview:-1\" \/>\n<link rel=\"canonical\" href=\"https:\/\/cooltivarte.com\/portal\/izkia-siches-la-primera-linea-del-gobierno-de-boric\/\" \/>\n<meta property=\"og:locale\" content=\"es_ES\" \/>\n<meta property=\"og:type\" content=\"article\" \/>\n<meta property=\"og:title\" content=\"Izkia Siches: la \u201cprimera l\u00ednea\u201d del gobierno de Boric\" \/>\n<meta property=\"og:description\" content=\"El nuevo gobierno que asumi\u00f3 con bombos y platillos el 11 de marzo pasado, se ha visto enfrentado no solo a las violentas manifestaciones que con odiosa cotidianidad se suceden en Chile, sino a la propia coalici\u00f3n que lo instal\u00f3 en La Moneda. Lamentable para un Gobierno que se anunciaba como diferente, respetuoso y justo.\" \/>\n<meta property=\"og:url\" content=\"https:\/\/cooltivarte.com\/portal\/izkia-siches-la-primera-linea-del-gobierno-de-boric\/\" \/>\n<meta property=\"og:site_name\" content=\"Cooltivarte Portal\" \/>\n<meta property=\"article:publisher\" content=\"https:\/\/www.facebook.com\/cooltivartecom\/\" \/>\n<meta property=\"article:author\" content=\"https:\/\/www.facebook.com\/profile.php?id=1043831024\" \/>\n<meta property=\"article:published_time\" content=\"2022-03-28T12:56:43+00:00\" \/>\n<meta property=\"og:image\" content=\"https:\/\/cooltivarte.com\/portal\/wp-content\/uploads\/2022\/03\/Izkia-Siches.jpg\" \/>\n\t<meta property=\"og:image:width\" content=\"754\" \/>\n\t<meta property=\"og:image:height\" content=\"554\" \/>\n\t<meta property=\"og:image:type\" content=\"image\/jpeg\" \/>\n<meta name=\"author\" content=\"Alejandro Carre\u00f1o T.\" \/>\n<meta name=\"twitter:card\" content=\"summary_large_image\" \/>\n<meta name=\"twitter:title\" content=\"Izkia Siches: la \u201cprimera l\u00ednea\u201d del gobierno de Boric\" \/>\n<meta name=\"twitter:description\" content=\"El nuevo gobierno que asumi\u00f3 con bombos y platillos el 11 de marzo pasado, se ha visto enfrentado no solo a las violentas manifestaciones que con odiosa cotidianidad se suceden en Chile, sino a la propia coalici\u00f3n que lo instal\u00f3 en La Moneda. Lamentable para un Gobierno que se anunciaba como diferente, respetuoso y justo.\" \/>\n<meta name=\"twitter:image\" content=\"https:\/\/cooltivarte.com\/portal\/wp-content\/uploads\/2022\/03\/Izkia-Siches.jpg\" \/>\n<meta name=\"twitter:creator\" content=\"@https:\/\/twitter.com\/acarrenot\" \/>\n<meta name=\"twitter:site\" content=\"@obolocultural\" \/>\n<meta name=\"twitter:label1\" content=\"Escrito por\" \/>\n\t<meta name=\"twitter:data1\" content=\"Alejandro Carre\u00f1o T.\" \/>\n\t<meta name=\"twitter:label2\" content=\"Tiempo de lectura\" \/>\n\t<meta name=\"twitter:data2\" content=\"4 minutos\" \/>\n<!-- \/ Yoast SEO plugin. -->","yoast_head_json":{"title":"Izkia Siches: la \u201cprimera l\u00ednea\u201d del gobierno de Boric - Cooltivarte Portal","description":"El nuevo gobierno que asumi\u00f3 con bombos y platillos el 11 de marzo pasado, se ha visto enfrentado no solo a las violentas manifestaciones que con odiosa cotidianidad se suceden en Chile, sino a la propia coalici\u00f3n que lo instal\u00f3 en La Moneda. Lamentable para un Gobierno que se anunciaba como diferente, respetuoso y justo.","robots":{"index":"index","follow":"follow","max-snippet":"max-snippet:-1","max-image-preview":"max-image-preview:large","max-video-preview":"max-video-preview:-1"},"canonical":"https:\/\/cooltivarte.com\/portal\/izkia-siches-la-primera-linea-del-gobierno-de-boric\/","og_locale":"es_ES","og_type":"article","og_title":"Izkia Siches: la \u201cprimera l\u00ednea\u201d del gobierno de Boric","og_description":"El nuevo gobierno que asumi\u00f3 con bombos y platillos el 11 de marzo pasado, se ha visto enfrentado no solo a las violentas manifestaciones que con odiosa cotidianidad se suceden en Chile, sino a la propia coalici\u00f3n que lo instal\u00f3 en La Moneda. Lamentable para un Gobierno que se anunciaba como diferente, respetuoso y justo.","og_url":"https:\/\/cooltivarte.com\/portal\/izkia-siches-la-primera-linea-del-gobierno-de-boric\/","og_site_name":"Cooltivarte Portal","article_publisher":"https:\/\/www.facebook.com\/cooltivartecom\/","article_author":"https:\/\/www.facebook.com\/profile.php?id=1043831024","article_published_time":"2022-03-28T12:56:43+00:00","og_image":[{"width":754,"height":554,"url":"https:\/\/cooltivarte.com\/portal\/wp-content\/uploads\/2022\/03\/Izkia-Siches.jpg","type":"image\/jpeg"}],"author":"Alejandro Carre\u00f1o T.","twitter_card":"summary_large_image","twitter_title":"Izkia Siches: la \u201cprimera l\u00ednea\u201d del gobierno de Boric","twitter_description":"El nuevo gobierno que asumi\u00f3 con bombos y platillos el 11 de marzo pasado, se ha visto enfrentado no solo a las violentas manifestaciones que con odiosa cotidianidad se suceden en Chile, sino a la propia coalici\u00f3n que lo instal\u00f3 en La Moneda. Lamentable para un Gobierno que se anunciaba como diferente, respetuoso y justo.","twitter_image":"https:\/\/cooltivarte.com\/portal\/wp-content\/uploads\/2022\/03\/Izkia-Siches.jpg","twitter_creator":"@https:\/\/twitter.com\/acarrenot","twitter_site":"@obolocultural","twitter_misc":{"Escrito por":"Alejandro Carre\u00f1o T.","Tiempo de lectura":"4 minutos"},"schema":{"@context":"https:\/\/schema.org","@graph":[{"@type":"NewsArticle","@id":"https:\/\/cooltivarte.com\/portal\/izkia-siches-la-primera-linea-del-gobierno-de-boric\/#article","isPartOf":{"@id":"https:\/\/cooltivarte.com\/portal\/izkia-siches-la-primera-linea-del-gobierno-de-boric\/"},"author":{"name":"Alejandro Carre\u00f1o T.","@id":"https:\/\/cooltivarte.com\/portal\/#\/schema\/person\/852d98c305909ce7eac4c8e64713ac6c"},"headline":"Izkia Siches: la \u201cprimera l\u00ednea\u201d del gobierno de Boric","datePublished":"2022-03-28T12:56:43+00:00","mainEntityOfPage":{"@id":"https:\/\/cooltivarte.com\/portal\/izkia-siches-la-primera-linea-del-gobierno-de-boric\/"},"wordCount":908,"publisher":{"@id":"https:\/\/cooltivarte.com\/portal\/#organization"},"image":{"@id":"https:\/\/cooltivarte.com\/portal\/izkia-siches-la-primera-linea-del-gobierno-de-boric\/#primaryimage"},"thumbnailUrl":"https:\/\/cooltivarte.com\/portal\/wp-content\/uploads\/2022\/03\/Izkia-Siches.jpg","keywords":["Boric","Chile","Izkia Siches"],"articleSection":["Apuntes"],"inLanguage":"es-AR"},{"@type":"WebPage","@id":"https:\/\/cooltivarte.com\/portal\/izkia-siches-la-primera-linea-del-gobierno-de-boric\/","url":"https:\/\/cooltivarte.com\/portal\/izkia-siches-la-primera-linea-del-gobierno-de-boric\/","name":"Izkia Siches: la \u201cprimera l\u00ednea\u201d del gobierno de Boric - Cooltivarte Portal","isPartOf":{"@id":"https:\/\/cooltivarte.com\/portal\/#website"},"primaryImageOfPage":{"@id":"https:\/\/cooltivarte.com\/portal\/izkia-siches-la-primera-linea-del-gobierno-de-boric\/#primaryimage"},"image":{"@id":"https:\/\/cooltivarte.com\/portal\/izkia-siches-la-primera-linea-del-gobierno-de-boric\/#primaryimage"},"thumbnailUrl":"https:\/\/cooltivarte.com\/portal\/wp-content\/uploads\/2022\/03\/Izkia-Siches.jpg","datePublished":"2022-03-28T12:56:43+00:00","description":"El nuevo gobierno que asumi\u00f3 con bombos y platillos el 11 de marzo pasado, se ha visto enfrentado no solo a las violentas manifestaciones que con odiosa cotidianidad se suceden en Chile, sino a la propia coalici\u00f3n que lo instal\u00f3 en La Moneda. Lamentable para un Gobierno que se anunciaba como diferente, respetuoso y justo.","breadcrumb":{"@id":"https:\/\/cooltivarte.com\/portal\/izkia-siches-la-primera-linea-del-gobierno-de-boric\/#breadcrumb"},"inLanguage":"es-AR","potentialAction":[{"@type":"ReadAction","target":["https:\/\/cooltivarte.com\/portal\/izkia-siches-la-primera-linea-del-gobierno-de-boric\/"]}]},{"@type":"ImageObject","inLanguage":"es-AR","@id":"https:\/\/cooltivarte.com\/portal\/izkia-siches-la-primera-linea-del-gobierno-de-boric\/#primaryimage","url":"https:\/\/cooltivarte.com\/portal\/wp-content\/uploads\/2022\/03\/Izkia-Siches.jpg","contentUrl":"https:\/\/cooltivarte.com\/portal\/wp-content\/uploads\/2022\/03\/Izkia-Siches.jpg","width":754,"height":554,"caption":"Izkia Siches"},{"@type":"BreadcrumbList","@id":"https:\/\/cooltivarte.com\/portal\/izkia-siches-la-primera-linea-del-gobierno-de-boric\/#breadcrumb","itemListElement":[{"@type":"ListItem","position":1,"name":"Portada","item":"https:\/\/cooltivarte.com\/portal\/"},{"@type":"ListItem","position":2,"name":"Izkia Siches: la \u201cprimera l\u00ednea\u201d del gobierno de Boric"}]},{"@type":"WebSite","@id":"https:\/\/cooltivarte.com\/portal\/#website","url":"https:\/\/cooltivarte.com\/portal\/","name":"Cooltivarte Portal","description":"Arte, cultura y turismo para el mundo ...","publisher":{"@id":"https:\/\/cooltivarte.com\/portal\/#organization"},"potentialAction":[{"@type":"SearchAction","target":{"@type":"EntryPoint","urlTemplate":"https:\/\/cooltivarte.com\/portal\/?s={search_term_string}"},"query-input":{"@type":"PropertyValueSpecification","valueRequired":true,"valueName":"search_term_string"}}],"inLanguage":"es-AR"},{"@type":"Organization","@id":"https:\/\/cooltivarte.com\/portal\/#organization","name":"cooltivarte","url":"https:\/\/cooltivarte.com\/portal\/","logo":{"@type":"ImageObject","inLanguage":"es-AR","@id":"https:\/\/cooltivarte.com\/portal\/#\/schema\/logo\/image\/","url":"https:\/\/cooltivarte.com\/portal\/wp-content\/uploads\/2020\/04\/logo-cooltivarte-v2.png","contentUrl":"https:\/\/cooltivarte.com\/portal\/wp-content\/uploads\/2020\/04\/logo-cooltivarte-v2.png","width":851,"height":243,"caption":"cooltivarte"},"image":{"@id":"https:\/\/cooltivarte.com\/portal\/#\/schema\/logo\/image\/"},"sameAs":["https:\/\/www.facebook.com\/cooltivartecom\/","https:\/\/x.com\/obolocultural","https:\/\/www.instagram.com\/_cooltivarte_\/","https:\/\/www.linkedin.com\/company\/-bolocultural?reportsuccess=8zaNG1HwhPbAR9iQhZ5rfGeqz_vQFftHun0ZWU0Wy9vNemRJ8vtcKdJvzQfW8XagyOJSKg0XvfJ1dp","https:\/\/www.pinterest.com\/cooltivarte\/","https:\/\/cooltivarte.tumblr.com\/","https:\/\/www.tiktok.com\/@cooltivarte","https:\/\/www.youtube.com\/@PrensaCooltivarte"]},{"@type":"Person","@id":"https:\/\/cooltivarte.com\/portal\/#\/schema\/person\/852d98c305909ce7eac4c8e64713ac6c","name":"Alejandro Carre\u00f1o T.","image":{"@type":"ImageObject","inLanguage":"es-AR","@id":"https:\/\/cooltivarte.com\/portal\/wp-content\/uploads\/2020\/07\/Alejandro-Carre\u00f1o.jpg","url":"https:\/\/cooltivarte.com\/portal\/wp-content\/uploads\/2020\/07\/Alejandro-Carre\u00f1o.jpg","contentUrl":"https:\/\/cooltivarte.com\/portal\/wp-content\/uploads\/2020\/07\/Alejandro-Carre\u00f1o.jpg","caption":"Alejandro Carre\u00f1o T."},"description":"Profesor de Castellano, Mag\u00edster en Comunicaci\u00f3n y Semi\u00f3tica y Doctor en Comunicaci\u00f3n. Acad\u00e9mico en Brasil y en su Chile natal. Columnista y ensayista. Lleva adelante en Youtube su canal \u201cDe Carre\u00f1o a los libros\u201d, donde aborda temas de Literatura, Educaci\u00f3n y Cultura.","sameAs":["https:\/\/www.facebook.com\/profile.php?id=1043831024","https:\/\/www.instagram.com\/_cooltivarte_\/","https:\/\/www.linkedin.com\/company\/-bolocultural","https:\/\/www.pinterest.com\/cooltivarte","https:\/\/x.com\/https:\/\/twitter.com\/acarrenot","https:\/\/www.youtube.com\/@PrensaCooltivarte","https:\/\/www.tumblr.com\/blog\/cooltivarte"],"url":"https:\/\/cooltivarte.com\/portal\/author\/alejandro-careno\/"}]}},"_links":{"self":[{"href":"https:\/\/cooltivarte.com\/portal\/wp-json\/wp\/v2\/posts\/80062","targetHints":{"allow":["GET"]}}],"collection":[{"href":"https:\/\/cooltivarte.com\/portal\/wp-json\/wp\/v2\/posts"}],"about":[{"href":"https:\/\/cooltivarte.com\/portal\/wp-json\/wp\/v2\/types\/post"}],"author":[{"embeddable":true,"href":"https:\/\/cooltivarte.com\/portal\/wp-json\/wp\/v2\/users\/162"}],"replies":[{"embeddable":true,"href":"https:\/\/cooltivarte.com\/portal\/wp-json\/wp\/v2\/comments?post=80062"}],"version-history":[{"count":3,"href":"https:\/\/cooltivarte.com\/portal\/wp-json\/wp\/v2\/posts\/80062\/revisions"}],"predecessor-version":[{"id":80066,"href":"https:\/\/cooltivarte.com\/portal\/wp-json\/wp\/v2\/posts\/80062\/revisions\/80066"}],"wp:featuredmedia":[{"embeddable":true,"href":"https:\/\/cooltivarte.com\/portal\/wp-json\/wp\/v2\/media\/80065"}],"wp:attachment":[{"href":"https:\/\/cooltivarte.com\/portal\/wp-json\/wp\/v2\/media?parent=80062"}],"wp:term":[{"taxonomy":"category","embeddable":true,"href":"https:\/\/cooltivarte.com\/portal\/wp-json\/wp\/v2\/categories?post=80062"},{"taxonomy":"post_tag","embeddable":true,"href":"https:\/\/cooltivarte.com\/portal\/wp-json\/wp\/v2\/tags?post=80062"}],"curies":[{"name":"wp","href":"https:\/\/api.w.org\/{rel}","templated":true}]}}