{"id":79978,"date":"2022-03-20T00:04:12","date_gmt":"2022-03-20T03:04:12","guid":{"rendered":"https:\/\/cooltivarte.com\/portal\/?p=79978"},"modified":"2022-03-25T00:16:37","modified_gmt":"2022-03-25T03:16:37","slug":"ucrania-una-crisis-meramente-geopolitica","status":"publish","type":"post","link":"https:\/\/cooltivarte.com\/portal\/ucrania-una-crisis-meramente-geopolitica\/","title":{"rendered":"Ucrania: \u00bfuna crisis meramente geopol\u00edtica?"},"content":{"rendered":"<figure id=\"attachment_79979\" aria-describedby=\"caption-attachment-79979\" style=\"width: 1024px\" class=\"wp-caption aligncenter\"><img fetchpriority=\"high\" decoding=\"async\" class=\"wp-image-79979\" title=\"mapa-fronteras-primera-guerra-mundial-actual-europa - Fuente: El orden mundial\" src=\"https:\/\/cooltivarte.com\/portal\/wp-content\/uploads\/2022\/03\/mapa-fronteras-primera-guerra-mundial-actual-europa.png\" alt=\"mapa-fronteras-primera-guerra-mundial-actual-europa - Fuente: El orden mundial\" width=\"1024\" height=\"725\" srcset=\"https:\/\/cooltivarte.com\/portal\/wp-content\/uploads\/2022\/03\/mapa-fronteras-primera-guerra-mundial-actual-europa.png 1300w, https:\/\/cooltivarte.com\/portal\/wp-content\/uploads\/2022\/03\/mapa-fronteras-primera-guerra-mundial-actual-europa-300x213.png 300w, https:\/\/cooltivarte.com\/portal\/wp-content\/uploads\/2022\/03\/mapa-fronteras-primera-guerra-mundial-actual-europa-1024x725.png 1024w, https:\/\/cooltivarte.com\/portal\/wp-content\/uploads\/2022\/03\/mapa-fronteras-primera-guerra-mundial-actual-europa-768x544.png 768w\" sizes=\"(max-width: 1024px) 100vw, 1024px\" \/><figcaption id=\"caption-attachment-79979\" class=\"wp-caption-text\">mapa-fronteras-primera-guerra-mundial-actual-europa &#8211; Fuente: El orden mundial<\/figcaption><\/figure>\n<p>&nbsp;<\/p>\n<p>Apuntes para intentar comprender la crisis del proceso de la civilizaci\u00f3n (II)<\/p>\n<p>Ucrania: \u00bfuna crisis meramente geopol\u00edtica?<\/p>\n<p>Cap\u00edtulo II<\/p>\n<p>La guerra en Ucrania despert\u00f3 un cierto inter\u00e9s por la geopol\u00edtica como especializaci\u00f3n enfocada en el an\u00e1lisis \u201crealista\u201d de los contenidos que \u201cexplican\u201d los conflictos entre naciones o grupos de naciones entre s\u00ed.<\/p>\n<p>Desde el punto de vista cient\u00edfico cultural sin embargo, cuanto m\u00e1s mundo es el mundo m\u00e1s incompleta es la \u201cgeopol\u00edtica\u201d para explicar la complejidad integral de los procesos globales, aunque esa disciplina puede a\u00f1adir calidad de informaci\u00f3n \u00fatil al an\u00e1lisis de tal o cual acontecimiento, sobre todo si incorpora la historicidad de los conflictos.<\/p>\n<p>Quiz\u00e1 por su ostensible debilidad interpretativa, desde hace unas d\u00e9cadas comenz\u00f3 a desarrollarse otra disciplina, la \u201cgeoeconom\u00eda\u201d, orientada a enfatizar no tanto el estudio de los conflictos hist\u00f3rico culturales, entre tradiciones espirituales, para decirlo r\u00e1pido, como los econ\u00f3mico estructurales, entre comunidades productivas, que, naturalmente, necesitan asegurar su reproducci\u00f3n y perfeccionar sus condiciones de existencia preservando un espacio territorial donde desenvolverse.<\/p>\n<p>Por ejemplo, cu\u00e1nto influye en los conflictos globales la disponibilidad en tal o cual regi\u00f3n de tales y cuales recursos naturales, potencialidades productivas, perspectivas de desarrollo tecnol\u00f3gico, (y no s\u00f3lo qu\u00e9 rasgos identitarios hegem\u00f3nicos caracterizan a una sociedad singular y qu\u00e9 influencia tienen o pueden tener ellos en su devenir), en tanto insumos necesarios para la comprensi\u00f3n de la capacidad de influencia de las naciones en los procesos de toma de decisiones en la econom\u00eda mundial.<\/p>\n<p>Tanto la geopol\u00edtica como la geoeconom\u00eda sin embargo, no alcanzan para explicar lo que ocurre en el mundo y encubren o pretenden encubrir, si no se las incorpora a un m\u00e9todo dial\u00e9ctico, la reflexi\u00f3n cr\u00edtica sobre los contenidos integrales, org\u00e1nicos, de la sociedad global, las causas del expansionismo en el sistema capitalista de producci\u00f3n, las transformaciones que han tenido lugar en la composici\u00f3n de las clases sociales y su significaci\u00f3n universal, etc.<\/p>\n<p>Las corporaciones productivo financieras originadas en el occidente desarrollado, por ejemplo, son cada vez m\u00e1s, de un modo u otro, todas supranacionales y adem\u00e1s de producir bienes y servicios participan tambi\u00e9n en la esfera especulativa de los procesos de valorizaci\u00f3n del capital.<\/p>\n<p>La mirada s\u00f3lo geopol\u00edtica o geoecon\u00f3mica de los intereses geoestrat\u00e9gicos de tal o cual potencia o conglomerado de naciones nada dice sobre lo que est\u00e1 en juego en este momento de la civilizaci\u00f3n.<\/p>\n<p>Que no es esencialmente el conflicto entre espacios geopol\u00edticos o geoecon\u00f3micos, aunque la relaci\u00f3n de fuerzas entre complejos industrial militares dependientes de estructuras productivas y estatal nacionales o alianzas regionales (grupos de inter\u00e9s econ\u00f3mico ocupados en la captaci\u00f3n de un mayor porcentaje de la riqueza global socialmente producida (cada vez m\u00e1s socialmente producida) resulta un elemento relevante de la realidad.<\/p>\n<p>Lo que en el presente momento est\u00e1 esencialmente en juego, resulta necesario subrayarlo, no es el conflicto entre intereses econ\u00f3micos corporativos o entre Estados nacionales con capacidad decisiva de influencia \u00fanicamente, es la disputa, por vez primera org\u00e1nica, de la direcci\u00f3n del proceso de la civilizaci\u00f3n entre las elites que gestionan los intereses del capital y que en algunos momentos lo han hecho bastante bien (dirigir al proceso de la civilizaci\u00f3n) y las representaciones pol\u00edtico institucionales de los intereses y necesidades del vasto y heterog\u00e9neo mundo del trabajo social, (productores directos, profesionales, asalariados).<\/p>\n<p>Y para que esa disputa no desencadene un tumulto de conflictos fuera de control resulta necesario establecer las reglas de juego de un orden mundial menos desequilibrado a favor de un solo centro de poder, raz\u00f3n por la cual es necesario comprender la entera complejidad de ese fen\u00f3meno: la disputa por la direcci\u00f3n del proceso de la civilizaci\u00f3n entre diferentes clases sociales, conglomerados de tecnoburocracias y jerarqu\u00edas estatal nacionales de los pa\u00edses con mayor capacidad de imposici\u00f3n de reglas de juego.<\/p>\n<p>La disputa por la direcci\u00f3n del proceso de la civilizaci\u00f3n es org\u00e1nica porque ella no deriva, como en el pasado, \u00fanicamente de conflictos entre Estados naci\u00f3n econ\u00f3mica e institucionalmente fuertes, sino que responde al car\u00e1cter ya asentado de un \u00fanico sistema mundo caracterizado por intercambios y formas de socializaci\u00f3n de la producci\u00f3n necesariamente interconectados.<\/p>\n<p>Con los procesos socio econ\u00f3micos ocurre lo mismo que con algunos fen\u00f3menos naturales. Como no vemos intuitivamente los efectos del calentamiento global o el uso abusivo de agroqu\u00edmicos no lo tomamos en cuenta al momento de pensar asuntos concretos, tal cual podr\u00eda ser por ejemplo el incremento de las reacciones al\u00e9rgicas a los cambios de estaci\u00f3n en las generaciones m\u00e1s j\u00f3venes. No los vemos ah\u00ed en la \u201crealidad\u201d visible a simple vista, pero est\u00e1n ah\u00ed y \u00fanicamente una aproximaci\u00f3n cient\u00edfico cultural, dial\u00e9ctica, torna posible su investigaci\u00f3n e interpretaci\u00f3n integral.<\/p>\n<p>Con relaci\u00f3n al tema que nos ocupa no reparamos en la vida diaria que para extraer madera de Siberia en las proporciones en que demanda la actual poblaci\u00f3n del planeta son necesarios insumos tecnol\u00f3gicos para cuya producci\u00f3n no puede prescindirse de materias primas o tecnolog\u00edas elaboradas en tal o cual otro lugar de la tierra.<\/p>\n<p>Y que toda pretensi\u00f3n de evitar esa interconexi\u00f3n mediante procedimientos imperialistas o aislacionistas en lugar de mediante reglas de juego que consideren las necesidades de desarrollo integral de todos los integrantes de la tierra organizados en diversos espacios geopol\u00edticos (nunca demasiado arm\u00f3nicos en su interior) no hace m\u00e1s que pretender resolver ideol\u00f3gica o corporativamente problemas ya definitivamente humanos, absolutamente humanos.<\/p>\n<p>El problema entre apariencia y objetividad de los fen\u00f3menos, que aqu\u00ed escol\u00e1sticamente estamos presentando, tiene enorme significaci\u00f3n en la forma en que percibimos la \u201crealidad\u201d, por lo tanto, en la forma en que tomamos decisiones, particularmente en el occidente posmoderno, que ha hecho de la realidad lenguaje\u2026y \u201cpuro\u201d lenguaje, sin fuerzas, sin clases, sin intereses, en fin, sin seres humanos productiva (fuerzas biol\u00f3gico tecnol\u00f3gicas), social (clases e intereses) y no s\u00f3lo cultural, espiritual y pol\u00edtico jur\u00eddicamente, organizados.<\/p>\n<p>Pero volvamos a los conceptos de geopol\u00edtica y geoeconom\u00eda para observar qu\u00e9 ocultan, si en lugar de aplicarlos cient\u00edfico culturalmente, los \u201cintervenimos\u201d anal\u00edtico discursivamente. Es decir, si tomamos a Rusia por lo que Vladimir Putin dice que Rusia es o si tomamos a Estados Unidos por lo que sus tecnoburocracias o en otro extremo, Donald Trump, dicen que es.<\/p>\n<p>Como resulta sencillo comprender, en los \u201cdiscursos\u201d (que expresan siempre fragmentos de la realidad) algo vamos a percibir sobre Estados Unidos o Rusia, pero no vamos a entender nada de nada sobre los fen\u00f3menos, los sucesos, los acontecimientos, los procesos y sus contenidos hist\u00f3rico objetivos. Luego, tomaremos decisiones equivocadas.<\/p>\n<p>El aire en su interioridad org\u00e1nica est\u00e1 lleno de vida y movimiento, aunque en \u00e9l s\u00f3lo vemos por estos d\u00edas, algunos p\u00e1jaros, nubarrones, aviones\u2026 y misiles.<\/p>\n<p>De modo que, como ya se ha expresado y no vanamente se reitera, el hecho de que la geopol\u00edtica y la geoeconom\u00eda est\u00e9n de moda quiz\u00e1 es el resultado de que mediante ese procedimiento \u201canal\u00edtico\u201d se encubre lo esencial: en el mundo est\u00e1 por vez primera seriamente en juego la disputa por la direcci\u00f3n del proceso de la civilizaci\u00f3n entre el capitalismo corporativo y el cada vez m\u00e1s complejo universo del trabajo productivo social.<\/p>\n<p>Y la complejidad de este fen\u00f3meno no puede explicarla org\u00e1nicamente ni la geopol\u00edtica ni la geoeconom\u00eda, disciplinas que adquirieron m\u00e1s y m\u00e1s significaci\u00f3n cuando en funci\u00f3n de las practicas corporativo monopolistas del nazi fascismo y burocr\u00e1tico autoritarias del estalinismo, el nacionalismo prevaleci\u00f3 sobre el internacionalismo en el movimiento universal de los trabajadores asalariados.<\/p>\n<p>La mediocridad intelectual apabullantemente hegem\u00f3nica percibe a la disputa por la direcci\u00f3n del proceso de la civilizaci\u00f3n como un conflicto entre Estados Unidos y China o lo presenta, con resignaci\u00f3n, como que por tales o cuales caracter\u00edsticas claro, \u201cgeopol\u00edticas y geoecon\u00f3micas\u201d, el centro de la econom\u00eda mundial se traslada de occidente a Asia, pero el contenido principal de los desaf\u00edos civilizatorios radica aqu\u00ed: en la producci\u00f3n cada vez m\u00e1s social (universal) de valor y la apropiaci\u00f3n corporativa o semifeudal de esa inmensa y cada vez m\u00e1s sofisticada producci\u00f3n de riqueza.<\/p>\n<p>Para una mirada esquem\u00e1tica el conflicto entre Estados Unidos y China aparece como un conflicto geopol\u00edtico o geoecon\u00f3mico, o con algo m\u00e1s de profundidad, como un conflicto entre el capitalismo corporativo y la representaci\u00f3n estatal nacional del trabajo social universal, (capitalismo de Estado orientado a la superaci\u00f3n del capitalismo) o como en Rusia, como un capitalismo bonapartista orientado a la preservaci\u00f3n de una tradici\u00f3n espiritual y su autonom\u00eda estrat\u00e9gica respecto del capitalismo corporativo expansionista), pero esa reflexi\u00f3n \u201canal\u00edtica\u201d, no dial\u00e9ctica, es insuficiente para presentar la complejidad org\u00e1nica de los contenidos, de los \u201cintereses\u201d singulares y generales en contradicci\u00f3n.<\/p>\n<p>Para volver a Ucrania, cuando se oiga de especialistas en geopol\u00edtica o geoeconom\u00eda que Estados Unidos est\u00e1 en crisis, o que Rusia est\u00e1 en crisis, conviene desconfiar del emisor de semejante tonta generalizaci\u00f3n.<\/p>\n<p>Ni lo uno ni lo otro, aunque cada una de esas naciones que seguir\u00e1n siendo muy influyentes en el devenir del proceso de la civilizaci\u00f3n afronta ciertamente serios problemas derivados de los obscenos niveles de concentraci\u00f3n de la riqueza, de la prevalencia de la ideolog\u00eda por sobre la ciencia en el estudio de los problemas en los que intervienen, lo que suele conducirlos a un cortoplacismo a veces extremadamente peligroso para los intereses generales de la humanidad.<\/p>\n<p>Precisamente por ello ni Estados Unidos ni Rusia encarnan en el presente los intereses generales de la humanidad y eso genera perturbaciones en sus sistemas institucionales (ataque al Capitolio, l\u00f3gica militarista, guerra en Ucrania), lo que no justifica sin embargo toda pretensi\u00f3n de relativizar la significaci\u00f3n de esas naciones en los movimientos de mediano plazo en el proceso de la civilizaci\u00f3n. Pero a este vasto problema le dedicaremos alguno de los pr\u00f3ximos cap\u00edtulos, de modo que por ahora alcanza con este apunte.<\/p>\n<p>Uno de los fen\u00f3menos que est\u00e1 siendo relevante en el proceso de transici\u00f3n en las relaciones de poder global que efectivamente est\u00e1 teniendo lugar, (pero no porque cambia de tal naci\u00f3n a tal otra) puede describirse como el conflicto interrelacionado entre intereses de clase, geopol\u00edticos, geoecon\u00f3micos y culturales: modos de intervenir en el proceso de la civilizaci\u00f3n o de actuar para obstruirlo, para evitar toda democratizaci\u00f3n universal de las relaciones sociales y la profundizaci\u00f3n por lo tanto de los niveles de libertad de los individuos.<\/p>\n<p>Del conflicto de clases de mediados del siglo XIX a mediados del siglo XX, (Comuna de Par\u00eds, revoluciones rusa, alemana, china, etc.) del conflicto econ\u00f3mico militar entre imperialismos de la primera guerra mundial (modernizaci\u00f3n capitalista \u2013 poderosas estructuras semifeudales precedentes), de la segunda guerra mundial, (reacci\u00f3n contra revolucionaria ultra conservadora tanto a la modernizaci\u00f3n capitalista como a la revoluci\u00f3n proletaria, bolchevique), deriv\u00f3 un fen\u00f3meno significativo, la importancia hist\u00f3rica del nacionalismo que prevaleci\u00f3 sobre las practicas democratizadoras de las relaciones sociales a escala universal.<\/p>\n<p>Y como los procesos de democratizaci\u00f3n de las relaciones sociales quedaron estancados por las debilidades productivas y culturales de las sociedad donde tuvieron lugar las experimentaciones m\u00e1s radicales, y como los procesos de descolonizaci\u00f3n fueron una necesidad vital para cientos de naciones, el nacionalismo logr\u00f3 representar al sentido com\u00fan de vastos sectores sociales.<\/p>\n<p>Es uno de los fen\u00f3menos que explican la prevalencia de la geopol\u00edtica por sobre la reflexi\u00f3n cr\u00edtica orientada a democratizar las relaciones sociales en todo el planeta, que es la \u00fanica manera en que puede experimentarse esa aspiraci\u00f3n civilizatoria.<\/p>\n<p>Las l\u00f3gicas estatal nacionales -que fueron hist\u00f3ricamente necesarias al momento econ\u00f3mico pol\u00edtico en que se produce la revoluci\u00f3n burguesa- conducen inexorablemente a legitimar la forma de concebir al proceso de la civilizaci\u00f3n como un eterno conflicto entre &#8220;enemigos\u201d y no pueden representar por lo tanto, el inter\u00e9s general de la humanidad.<\/p>\n<p>\u00bfExiste en el presente hist\u00f3rico alg\u00fan sujeto social o alguna naci\u00f3n o conjunto de naciones que representen en sus pr\u00e1cticas productivo culturales, institucionales, el inter\u00e9s general de la humanidad, como procuraron hacerlo las revoluciones americana y francesa, la revoluci\u00f3n bolchevique mientras vivi\u00f3 Lenin y la construcci\u00f3n del Estado social en la Uni\u00f3n Europea en las primeras d\u00e9cadas luego de su conformaci\u00f3n?<\/p>\n<p>Sin hurgar rigurosamente en esta inquietud no puede comprenderse la guerra en Ucrania, y, por cierto, casi que ning\u00fan fen\u00f3meno hist\u00f3rico social.<\/p>\n<p>(Continuar\u00e1)<\/p>\n<p>&nbsp;<\/p>\n<p>Nota. &#8211; El texto de este borrador de ensayo, como f\u00e1cilmente puede observarse, est\u00e1 siendo escrito a la apuradas. Nada perturba m\u00e1s a su autor que hacerlo de ese modo. Pero ocurre que si no emerge en la crisis actual una masa cr\u00edtica lo suficientemente numerosa como para incidir cient\u00edfico culturalmente en los acontecimientos es altamente probable que nos aguarden por lo menos dos d\u00e9cadas de graves sucesos involutivos, radicalmente involutivos.<\/p>\n<p>&nbsp;<\/p>\n<p>&nbsp;<\/p>\n","protected":false},"excerpt":{"rendered":"<p>&nbsp; Apuntes para intentar comprender la crisis del proceso de la civilizaci\u00f3n (II) Ucrania: \u00bfuna crisis meramente geopol\u00edtica? Cap\u00edtulo II La guerra en Ucrania despert\u00f3 un cierto inter\u00e9s por la geopol\u00edtica como especializaci\u00f3n enfocada en el an\u00e1lisis \u201crealista\u201d de los contenidos que \u201cexplican\u201d los conflictos entre naciones o grupos de naciones entre s\u00ed. Desde el [&hellip;]<\/p>\n","protected":false},"author":35,"featured_media":79979,"comment_status":"closed","ping_status":"closed","sticky":false,"template":"","format":"standard","meta":{"om_disable_all_campaigns":false,"ngg_post_thumbnail":0,"jnews-multi-image_gallery":[],"jnews_single_post":{"subtitle":"","format":"standard","video":"","gallery":"","source_name":"","source_url":"","via_name":"","via_url":"","override_template":"0","override":[{"template":"1","single_blog_custom":"","parallax":"1","fullscreen":"1","layout":"right-sidebar","sidebar":"default-sidebar","second_sidebar":"default-sidebar","sticky_sidebar":"1","share_position":"top","share_float_style":"share-monocrhome","show_share_counter":"1","show_view_counter":"1","show_featured":"1","show_post_meta":"1","show_post_author":"1","show_post_author_image":"1","show_post_date":"1","post_date_format":"default","post_date_format_custom":"Y\/m\/d","show_post_category":"1","show_post_reading_time":"0","post_reading_time_wpm":"300","show_zoom_button":"0","zoom_button_out_step":"2","zoom_button_in_step":"3","show_post_tag":"1","show_prev_next_post":"1","show_popup_post":"1","number_popup_post":"1","show_author_box":"0","show_post_related":"0","show_inline_post_related":"0"}],"override_image_size":"0","image_override":[{"single_post_thumbnail_size":"crop-500","single_post_gallery_size":"crop-500"}],"trending_post":"0","trending_post_position":"meta","trending_post_label":"Trending","sponsored_post":"0","sponsored_post_label":"Sponsored by","sponsored_post_name":"","sponsored_post_url":"","sponsored_post_logo_enable":"0","sponsored_post_logo":"","sponsored_post_desc":""},"jnews_primary_category":{"id":""},"jnews_social_meta":{"fb_title":"","fb_description":"","fb_image":"","twitter_title":"","twitter_description":"","twitter_image":""},"jnews_override_counter":{"override_view_counter":"0","view_counter_number":"0","override_share_counter":"0","share_counter_number":"0","override_like_counter":"0","like_counter_number":"0","override_dislike_counter":"0","dislike_counter_number":"0"},"footnotes":""},"categories":[1637],"tags":[11411,16343,7891],"class_list":["post-79978","post","type-post","status-publish","format-standard","has-post-thumbnail","hentry","category-apuntes","tag-crisis","tag-guerra-en-ucrania","tag-ucrania"],"yoast_head":"<!-- This site is optimized with the Yoast SEO plugin v27.5 - https:\/\/yoast.com\/product\/yoast-seo-wordpress\/ -->\n<title>Ucrania: \u00bfuna crisis meramente geopol\u00edtica? - Cooltivarte Portal<\/title>\n<meta name=\"description\" content=\"La guerra en Ucrania despert\u00f3 un cierto inter\u00e9s por la geopol\u00edtica como especializaci\u00f3n enfocada en el an\u00e1lisis \u201crealista\u201d de los contenidos que \u201cexplican\u201d los conflictos entre naciones o grupos de naciones entre s\u00ed.\" \/>\n<meta name=\"robots\" content=\"index, follow, max-snippet:-1, max-image-preview:large, max-video-preview:-1\" \/>\n<link rel=\"canonical\" href=\"https:\/\/cooltivarte.com\/portal\/ucrania-una-crisis-meramente-geopolitica\/\" \/>\n<meta property=\"og:locale\" content=\"es_ES\" \/>\n<meta property=\"og:type\" content=\"article\" \/>\n<meta property=\"og:title\" content=\"Ucrania: \u00bfuna crisis meramente geopol\u00edtica?\" \/>\n<meta property=\"og:description\" content=\"La guerra en Ucrania despert\u00f3 un cierto inter\u00e9s por la geopol\u00edtica como especializaci\u00f3n enfocada en el an\u00e1lisis \u201crealista\u201d de los contenidos que \u201cexplican\u201d los conflictos entre naciones o grupos de naciones entre s\u00ed.\" \/>\n<meta property=\"og:url\" content=\"https:\/\/cooltivarte.com\/portal\/ucrania-una-crisis-meramente-geopolitica\/\" \/>\n<meta property=\"og:site_name\" content=\"Cooltivarte Portal\" \/>\n<meta property=\"article:publisher\" content=\"https:\/\/www.facebook.com\/cooltivartecom\/\" \/>\n<meta property=\"article:author\" content=\"https:\/\/www.facebook.com\/gerardo.bleier?fref=ts\" \/>\n<meta property=\"article:published_time\" content=\"2022-03-20T03:04:12+00:00\" \/>\n<meta property=\"article:modified_time\" content=\"2022-03-25T03:16:37+00:00\" \/>\n<meta property=\"og:image\" content=\"https:\/\/cooltivarte.com\/portal\/wp-content\/uploads\/2022\/03\/mapa-fronteras-primera-guerra-mundial-actual-europa.png\" \/>\n\t<meta property=\"og:image:width\" content=\"1300\" \/>\n\t<meta property=\"og:image:height\" content=\"921\" \/>\n\t<meta property=\"og:image:type\" content=\"image\/png\" \/>\n<meta name=\"author\" content=\"Gerardo Bleier\" \/>\n<meta name=\"twitter:card\" content=\"summary_large_image\" \/>\n<meta name=\"twitter:title\" content=\"Ucrania: \u00bfuna crisis meramente geopol\u00edtica?\" \/>\n<meta name=\"twitter:description\" content=\"La guerra en Ucrania despert\u00f3 un cierto inter\u00e9s por la geopol\u00edtica como especializaci\u00f3n enfocada en el an\u00e1lisis \u201crealista\u201d de los contenidos que \u201cexplican\u201d los conflictos entre naciones o grupos de naciones entre s\u00ed.\" \/>\n<meta name=\"twitter:image\" content=\"https:\/\/cooltivarte.com\/portal\/wp-content\/uploads\/2022\/03\/mapa-fronteras-primera-guerra-mundial-actual-europa.png\" \/>\n<meta name=\"twitter:creator\" content=\"@https:\/\/twitter.com\/gerardobleier\" \/>\n<meta name=\"twitter:site\" content=\"@obolocultural\" \/>\n<meta name=\"twitter:label1\" content=\"Escrito por\" \/>\n\t<meta name=\"twitter:data1\" content=\"Gerardo Bleier\" \/>\n\t<meta name=\"twitter:label2\" content=\"Tiempo de lectura\" \/>\n\t<meta name=\"twitter:data2\" content=\"10 minutos\" \/>\n<!-- \/ Yoast SEO plugin. -->","yoast_head_json":{"title":"Ucrania: \u00bfuna crisis meramente geopol\u00edtica? - Cooltivarte Portal","description":"La guerra en Ucrania despert\u00f3 un cierto inter\u00e9s por la geopol\u00edtica como especializaci\u00f3n enfocada en el an\u00e1lisis \u201crealista\u201d de los contenidos que \u201cexplican\u201d los conflictos entre naciones o grupos de naciones entre s\u00ed.","robots":{"index":"index","follow":"follow","max-snippet":"max-snippet:-1","max-image-preview":"max-image-preview:large","max-video-preview":"max-video-preview:-1"},"canonical":"https:\/\/cooltivarte.com\/portal\/ucrania-una-crisis-meramente-geopolitica\/","og_locale":"es_ES","og_type":"article","og_title":"Ucrania: \u00bfuna crisis meramente geopol\u00edtica?","og_description":"La guerra en Ucrania despert\u00f3 un cierto inter\u00e9s por la geopol\u00edtica como especializaci\u00f3n enfocada en el an\u00e1lisis \u201crealista\u201d de los contenidos que \u201cexplican\u201d los conflictos entre naciones o grupos de naciones entre s\u00ed.","og_url":"https:\/\/cooltivarte.com\/portal\/ucrania-una-crisis-meramente-geopolitica\/","og_site_name":"Cooltivarte Portal","article_publisher":"https:\/\/www.facebook.com\/cooltivartecom\/","article_author":"https:\/\/www.facebook.com\/gerardo.bleier?fref=ts","article_published_time":"2022-03-20T03:04:12+00:00","article_modified_time":"2022-03-25T03:16:37+00:00","og_image":[{"width":1300,"height":921,"url":"https:\/\/cooltivarte.com\/portal\/wp-content\/uploads\/2022\/03\/mapa-fronteras-primera-guerra-mundial-actual-europa.png","type":"image\/png"}],"author":"Gerardo Bleier","twitter_card":"summary_large_image","twitter_title":"Ucrania: \u00bfuna crisis meramente geopol\u00edtica?","twitter_description":"La guerra en Ucrania despert\u00f3 un cierto inter\u00e9s por la geopol\u00edtica como especializaci\u00f3n enfocada en el an\u00e1lisis \u201crealista\u201d de los contenidos que \u201cexplican\u201d los conflictos entre naciones o grupos de naciones entre s\u00ed.","twitter_image":"https:\/\/cooltivarte.com\/portal\/wp-content\/uploads\/2022\/03\/mapa-fronteras-primera-guerra-mundial-actual-europa.png","twitter_creator":"@https:\/\/twitter.com\/gerardobleier","twitter_site":"@obolocultural","twitter_misc":{"Escrito por":"Gerardo Bleier","Tiempo de lectura":"10 minutos"},"schema":{"@context":"https:\/\/schema.org","@graph":[{"@type":"NewsArticle","@id":"https:\/\/cooltivarte.com\/portal\/ucrania-una-crisis-meramente-geopolitica\/#article","isPartOf":{"@id":"https:\/\/cooltivarte.com\/portal\/ucrania-una-crisis-meramente-geopolitica\/"},"author":{"name":"Gerardo Bleier","@id":"https:\/\/cooltivarte.com\/portal\/#\/schema\/person\/05944fbe6b11a76949aac015d5a35fd1"},"headline":"Ucrania: \u00bfuna crisis meramente geopol\u00edtica?","datePublished":"2022-03-20T03:04:12+00:00","dateModified":"2022-03-25T03:16:37+00:00","mainEntityOfPage":{"@id":"https:\/\/cooltivarte.com\/portal\/ucrania-una-crisis-meramente-geopolitica\/"},"wordCount":2314,"publisher":{"@id":"https:\/\/cooltivarte.com\/portal\/#organization"},"image":{"@id":"https:\/\/cooltivarte.com\/portal\/ucrania-una-crisis-meramente-geopolitica\/#primaryimage"},"thumbnailUrl":"https:\/\/cooltivarte.com\/portal\/wp-content\/uploads\/2022\/03\/mapa-fronteras-primera-guerra-mundial-actual-europa.png","keywords":["crisis","guerra en Ucrania","Ucrania"],"articleSection":["Apuntes"],"inLanguage":"es-AR"},{"@type":"WebPage","@id":"https:\/\/cooltivarte.com\/portal\/ucrania-una-crisis-meramente-geopolitica\/","url":"https:\/\/cooltivarte.com\/portal\/ucrania-una-crisis-meramente-geopolitica\/","name":"Ucrania: \u00bfuna crisis meramente geopol\u00edtica? - Cooltivarte Portal","isPartOf":{"@id":"https:\/\/cooltivarte.com\/portal\/#website"},"primaryImageOfPage":{"@id":"https:\/\/cooltivarte.com\/portal\/ucrania-una-crisis-meramente-geopolitica\/#primaryimage"},"image":{"@id":"https:\/\/cooltivarte.com\/portal\/ucrania-una-crisis-meramente-geopolitica\/#primaryimage"},"thumbnailUrl":"https:\/\/cooltivarte.com\/portal\/wp-content\/uploads\/2022\/03\/mapa-fronteras-primera-guerra-mundial-actual-europa.png","datePublished":"2022-03-20T03:04:12+00:00","dateModified":"2022-03-25T03:16:37+00:00","description":"La guerra en Ucrania despert\u00f3 un cierto inter\u00e9s por la geopol\u00edtica como especializaci\u00f3n enfocada en el an\u00e1lisis \u201crealista\u201d de los contenidos que \u201cexplican\u201d los conflictos entre naciones o grupos de naciones entre s\u00ed.","breadcrumb":{"@id":"https:\/\/cooltivarte.com\/portal\/ucrania-una-crisis-meramente-geopolitica\/#breadcrumb"},"inLanguage":"es-AR","potentialAction":[{"@type":"ReadAction","target":["https:\/\/cooltivarte.com\/portal\/ucrania-una-crisis-meramente-geopolitica\/"]}]},{"@type":"ImageObject","inLanguage":"es-AR","@id":"https:\/\/cooltivarte.com\/portal\/ucrania-una-crisis-meramente-geopolitica\/#primaryimage","url":"https:\/\/cooltivarte.com\/portal\/wp-content\/uploads\/2022\/03\/mapa-fronteras-primera-guerra-mundial-actual-europa.png","contentUrl":"https:\/\/cooltivarte.com\/portal\/wp-content\/uploads\/2022\/03\/mapa-fronteras-primera-guerra-mundial-actual-europa.png","width":1300,"height":921,"caption":"mapa-fronteras-primera-guerra-mundial-actual-europa - Fuente: El orden mundial"},{"@type":"BreadcrumbList","@id":"https:\/\/cooltivarte.com\/portal\/ucrania-una-crisis-meramente-geopolitica\/#breadcrumb","itemListElement":[{"@type":"ListItem","position":1,"name":"Portada","item":"https:\/\/cooltivarte.com\/portal\/"},{"@type":"ListItem","position":2,"name":"Ucrania: \u00bfuna crisis meramente geopol\u00edtica?"}]},{"@type":"WebSite","@id":"https:\/\/cooltivarte.com\/portal\/#website","url":"https:\/\/cooltivarte.com\/portal\/","name":"Cooltivarte Portal","description":"Arte, cultura y turismo para el mundo ...","publisher":{"@id":"https:\/\/cooltivarte.com\/portal\/#organization"},"potentialAction":[{"@type":"SearchAction","target":{"@type":"EntryPoint","urlTemplate":"https:\/\/cooltivarte.com\/portal\/?s={search_term_string}"},"query-input":{"@type":"PropertyValueSpecification","valueRequired":true,"valueName":"search_term_string"}}],"inLanguage":"es-AR"},{"@type":"Organization","@id":"https:\/\/cooltivarte.com\/portal\/#organization","name":"cooltivarte","url":"https:\/\/cooltivarte.com\/portal\/","logo":{"@type":"ImageObject","inLanguage":"es-AR","@id":"https:\/\/cooltivarte.com\/portal\/#\/schema\/logo\/image\/","url":"https:\/\/cooltivarte.com\/portal\/wp-content\/uploads\/2020\/04\/logo-cooltivarte-v2.png","contentUrl":"https:\/\/cooltivarte.com\/portal\/wp-content\/uploads\/2020\/04\/logo-cooltivarte-v2.png","width":851,"height":243,"caption":"cooltivarte"},"image":{"@id":"https:\/\/cooltivarte.com\/portal\/#\/schema\/logo\/image\/"},"sameAs":["https:\/\/www.facebook.com\/cooltivartecom\/","https:\/\/x.com\/obolocultural","https:\/\/www.instagram.com\/_cooltivarte_\/","https:\/\/www.linkedin.com\/company\/-bolocultural?reportsuccess=8zaNG1HwhPbAR9iQhZ5rfGeqz_vQFftHun0ZWU0Wy9vNemRJ8vtcKdJvzQfW8XagyOJSKg0XvfJ1dp","https:\/\/www.pinterest.com\/cooltivarte\/","https:\/\/cooltivarte.tumblr.com\/","https:\/\/www.tiktok.com\/@cooltivarte","https:\/\/www.youtube.com\/@PrensaCooltivarte"]},{"@type":"Person","@id":"https:\/\/cooltivarte.com\/portal\/#\/schema\/person\/05944fbe6b11a76949aac015d5a35fd1","name":"Gerardo Bleier","image":{"@type":"ImageObject","inLanguage":"es-AR","@id":"https:\/\/cooltivarte.com\/portal\/wp-content\/uploads\/2014\/10\/gerardo-bleier-120x120.jpg","url":"https:\/\/cooltivarte.com\/portal\/wp-content\/uploads\/2014\/10\/gerardo-bleier-120x120.jpg","contentUrl":"https:\/\/cooltivarte.com\/portal\/wp-content\/uploads\/2014\/10\/gerardo-bleier-120x120.jpg","caption":"Gerardo Bleier"},"description":"Gerardo Bleier naci\u00f3 el 26 de noviembre de 1960. Escritor, Periodista y Asesor en Comunicaci\u00f3n Estrat\u00e9gica. Dirigi\u00f3 revistas, radios y programas de televisi\u00f3n. Publico varios libros de poes\u00eda entre ellos Ideanimas (Arca) y Cenizas (Artefato) y una novela Cr\u00e1neo de Vaca (Cruz del Sur).","sameAs":["https:\/\/gerardobleier.blogspot.com\/","https:\/\/www.facebook.com\/gerardo.bleier?fref=ts","https:\/\/www.instagram.com\/_cooltivarte_\/","http:\/\/www.linkedin.com\/in\/gerardobleier","https:\/\/www.pinterest.com\/cooltivarte","https:\/\/x.com\/https:\/\/twitter.com\/gerardobleier","https:\/\/www.youtube.com\/@PrensaCooltivarte","https:\/\/www.tumblr.com\/blog\/cooltivarte"],"url":"https:\/\/cooltivarte.com\/portal\/author\/bleier\/"}]}},"_links":{"self":[{"href":"https:\/\/cooltivarte.com\/portal\/wp-json\/wp\/v2\/posts\/79978","targetHints":{"allow":["GET"]}}],"collection":[{"href":"https:\/\/cooltivarte.com\/portal\/wp-json\/wp\/v2\/posts"}],"about":[{"href":"https:\/\/cooltivarte.com\/portal\/wp-json\/wp\/v2\/types\/post"}],"author":[{"embeddable":true,"href":"https:\/\/cooltivarte.com\/portal\/wp-json\/wp\/v2\/users\/35"}],"replies":[{"embeddable":true,"href":"https:\/\/cooltivarte.com\/portal\/wp-json\/wp\/v2\/comments?post=79978"}],"version-history":[{"count":1,"href":"https:\/\/cooltivarte.com\/portal\/wp-json\/wp\/v2\/posts\/79978\/revisions"}],"predecessor-version":[{"id":79980,"href":"https:\/\/cooltivarte.com\/portal\/wp-json\/wp\/v2\/posts\/79978\/revisions\/79980"}],"wp:featuredmedia":[{"embeddable":true,"href":"https:\/\/cooltivarte.com\/portal\/wp-json\/wp\/v2\/media\/79979"}],"wp:attachment":[{"href":"https:\/\/cooltivarte.com\/portal\/wp-json\/wp\/v2\/media?parent=79978"}],"wp:term":[{"taxonomy":"category","embeddable":true,"href":"https:\/\/cooltivarte.com\/portal\/wp-json\/wp\/v2\/categories?post=79978"},{"taxonomy":"post_tag","embeddable":true,"href":"https:\/\/cooltivarte.com\/portal\/wp-json\/wp\/v2\/tags?post=79978"}],"curies":[{"name":"wp","href":"https:\/\/api.w.org\/{rel}","templated":true}]}}