{"id":79693,"date":"2022-03-18T13:01:51","date_gmt":"2022-03-18T16:01:51","guid":{"rendered":"https:\/\/cooltivarte.com\/portal\/?p=79693"},"modified":"2026-01-30T23:15:11","modified_gmt":"2026-01-31T02:15:11","slug":"el-mato-a-un-policia-motorizado-teatro-de-verano-ramon-collazo","status":"publish","type":"post","link":"https:\/\/cooltivarte.com\/portal\/el-mato-a-un-policia-motorizado-teatro-de-verano-ramon-collazo\/","title":{"rendered":"El mat\u00f3 a un polic\u00eda motorizado &#8211; Teatro de Verano Ram\u00f3n Collazo"},"content":{"rendered":"<figure id=\"attachment_79694\" aria-describedby=\"caption-attachment-79694\" style=\"width: 1024px\" class=\"wp-caption aligncenter\"><img fetchpriority=\"high\" decoding=\"async\" class=\"wp-image-79694\" title=\"El mat\u00f3 a un polic\u00eda motorizado - Teatro de Verano Ram\u00f3n Collazo - Marzo 2022 - Foto Sabrina Tuya Magnone\" src=\"https:\/\/cooltivarte.com\/portal\/wp-content\/uploads\/2022\/03\/El-mato-a-un-policia-motorizado-Teatro-de-Verano-Ramon-Collazo-Marzo-2022-Foto-Sabrina-Tuya-Magnone.jpg\" alt=\"El mat\u00f3 a un polic\u00eda motorizado - Teatro de Verano Ram\u00f3n Collazo - Marzo 2022 - Foto Sabrina Tuya Magnone\" width=\"1024\" height=\"689\" srcset=\"https:\/\/cooltivarte.com\/portal\/wp-content\/uploads\/2022\/03\/El-mato-a-un-policia-motorizado-Teatro-de-Verano-Ramon-Collazo-Marzo-2022-Foto-Sabrina-Tuya-Magnone.jpg 1200w, https:\/\/cooltivarte.com\/portal\/wp-content\/uploads\/2022\/03\/El-mato-a-un-policia-motorizado-Teatro-de-Verano-Ramon-Collazo-Marzo-2022-Foto-Sabrina-Tuya-Magnone-300x202.jpg 300w, https:\/\/cooltivarte.com\/portal\/wp-content\/uploads\/2022\/03\/El-mato-a-un-policia-motorizado-Teatro-de-Verano-Ramon-Collazo-Marzo-2022-Foto-Sabrina-Tuya-Magnone-1024x689.jpg 1024w, https:\/\/cooltivarte.com\/portal\/wp-content\/uploads\/2022\/03\/El-mato-a-un-policia-motorizado-Teatro-de-Verano-Ramon-Collazo-Marzo-2022-Foto-Sabrina-Tuya-Magnone-768x516.jpg 768w\" sizes=\"(max-width: 1024px) 100vw, 1024px\" \/><figcaption id=\"caption-attachment-79694\" class=\"wp-caption-text\">El mat\u00f3 a un polic\u00eda motorizado &#8211; Teatro de Verano Ram\u00f3n Collazo &#8211; Marzo 2022 &#8211; Foto Sabrina Tuya Magnone<\/figcaption><\/figure>\n<p>&nbsp;<\/p>\n<p><strong>La noche motorizada<\/strong><\/p>\n<p>El mi\u00e9rcoles 16 de marzo, a pocos d\u00edas de que finalice el verano; nos regal\u00f3 una de las noches m\u00e1s veraniegas de esta corta temporada. A mitad de semana, con una luna casi llena y un p\u00fablico sediento de m\u00fasica en vivo, Montevideo recib\u00eda a \u201c<a href=\"https:\/\/cooltivarte.com\/portal\/?s=El+mat\u00f3+a+un+polic\u00eda+motorizado\" target=\"_blank\" rel=\"noopener\"><strong>El mat\u00f3 a un polic\u00eda motorizado<\/strong><\/a>\u201d para disfrutarlo en uno de los escenarios con mejor ac\u00fastica e historia del Uruguay. Desde Argentina, la banda de rock indi, oriunda de La Plata y nacida en 2003 volv\u00eda esta vez al Teatro de Verano.<\/p>\n<p>El p\u00fablico ansioso y sobretodo potenciado por la hermosa noche, se concentr\u00f3 en la rambla de Montevideo para hacer la famosa previa. La juventud parec\u00eda haber vuelto al \u201cpre covid-19\u201d; reencontrarse con la diversi\u00f3n, la cultura y los shows en vivo, volver a rodearse de sus pares y sentir que al menos por esa noche todo volv\u00eda a ser como antes.<\/p>\n<p><strong><a href=\"https:\/\/cooltivarte.com\/portal\/?s=Ni\u00f1a+Lobo\" target=\"_blank\" rel=\"noopener\">Ni\u00f1a Lobo<\/a><\/strong> fue la banda uruguaya telonera de la noche, con la cual Santiago (vocalista de \u201cEl mat\u00f3\u201d) comparti\u00f3 escenario, haci\u00e9ndonos deleitar la combinaci\u00f3n de sus respectivos g\u00e9neros musicales.<\/p>\n<p>El Teatro de Verano respiraba un aire de cari\u00f1o y admiraci\u00f3n a la banda que comenzar\u00eda el show con el tema \u201cEl Perro\u201d del \u00e1lbum \u201cLa otra dimensi\u00f3n\u201d. La noche contin\u00fao con temas como \u201cLas luces\u201d, \u201cLa chica rutera\u201d, \u201cDestrucci\u00f3n\u201d, entre otros.<\/p>\n<p>Santiago, que por apariencia y comportamiento demuestra ser sumamente t\u00edmido y discreto, no convers\u00f3 mucho arriba del escenario; sin embargo, se mostr\u00f3 muy c\u00f3modo y realiz\u00f3 un show s\u00faper completo, con los temas m\u00e1s conocidos como \u201cEl tesoro\u201d y \u201cChica de oro\u201d donde la gente explot\u00f3 de felicidad, saltando y cantando hasta crear una especie de pogo alentador y emotivo.<\/p>\n<p><strong>Nicol\u00e1s Maldonado<\/strong><\/p>\n<p>&nbsp;<\/p>\n<p>&nbsp;<\/p>\n<p>mi\u00e9rcoles 16 de marzo de 2022<\/p>\n<p><strong>Teatro de Verano Ram\u00f3n Collazo<\/strong><\/p>\n<p>&nbsp;<br \/>\n&nbsp;<\/p>\n<h3>&nbsp;<a href=\"https:\/\/www.facebook.com\/media\/set\/?set=a.4955781851135355&amp;type=3\" target=\"_blank\" rel=\"noopener\">Ir a la fotogaler\u00eda<\/a><\/h3>\n<p><iframe style=\"border: none; overflow: hidden;\" src=\"https:\/\/www.facebook.com\/plugins\/post.php?href=https%3A%2F%2Fwww.facebook.com%2Fmedia%2Fset%2F%3Fset%3Da.4955781851135355%26type%3D3&amp;width=100%\" width=\"100%\" height=\"669\" frameborder=\"0\" scrolling=\"no\"><\/iframe><br \/>\n&nbsp;<br \/>\n&nbsp;<br \/>\n&nbsp;<\/p>\n<p>..<\/p>\n<p>&nbsp;<\/p>\n<p>&nbsp;<\/p>\n","protected":false},"excerpt":{"rendered":"<p>La noche motorizada<\/p>\n<p>El mi\u00e9rcoles 16 de marzo, a pocos d\u00edas de que finalice el verano; nos regal\u00f3 una de las noches m\u00e1s veraniegas de esta corta temporada. A mitad de semana, con una luna casi llena y un p\u00fablico sediento de m\u00fasica en vivo, Montevideo recib\u00eda a \u201cEl mat\u00f3 a un polic\u00eda motorizado\u201d para disfrutarlo en uno de los escenarios con mejor ac\u00fastica e historia del Uruguay. Desde Argentina, la banda de rock indi, oriunda de La Plata y nacida en 2003 volv\u00eda esta vez al Teatro de Verano.<\/p>\n<p>El p\u00fablico ansioso y sobretodo potenciado por la hermosa noche, se concentr\u00f3 en la rambla de Montevideo para hacer la famosa previa. La juventud parec\u00eda haber vuelto al \u201cpre covid-19\u201d; reencontrarse con la diversi\u00f3n, la cultura y los shows en vivo, volver a rodearse de sus pares y sentir que al menos por esa noche todo volv\u00eda a ser como antes.<\/p>\n<p>Ni\u00f1a Lobo fue la banda uruguaya telonera de la noche, con la cual Santiago (vocalista de \u201cEl mat\u00f3\u201d) comparti\u00f3 escenario, haci\u00e9ndonos deleitar la combinaci\u00f3n de sus respectivos g\u00e9neros musicales.<\/p>\n","protected":false},"author":68,"featured_media":79694,"comment_status":"closed","ping_status":"closed","sticky":false,"template":"","format":"standard","meta":{"om_disable_all_campaigns":false,"ngg_post_thumbnail":0,"jnews-multi-image_gallery":[],"jnews_single_post":{"subtitle":"La noche motorizada - Marzo 2022","format":"standard","video":"","gallery":"","source_name":"","source_url":"","via_name":"","via_url":"","override_template":"0","override":[{"template":"1","single_blog_custom":"","parallax":"1","fullscreen":"1","layout":"right-sidebar","sidebar":"default-sidebar","second_sidebar":"default-sidebar","sticky_sidebar":"1","share_position":"top","share_float_style":"share-monocrhome","show_share_counter":"1","show_view_counter":"1","show_featured":"1","show_post_meta":"1","show_post_author":"1","show_post_author_image":"1","show_post_date":"1","post_date_format":"default","post_date_format_custom":"Y\/m\/d","show_post_category":"1","show_post_reading_time":"0","post_reading_time_wpm":"300","show_zoom_button":"0","zoom_button_out_step":"2","zoom_button_in_step":"3","show_post_tag":"1","show_prev_next_post":"1","show_popup_post":"1","number_popup_post":"1","show_author_box":"0","show_post_related":"0","show_inline_post_related":"0","post_calculate_word_method":"str_word_count","show_comment_section":"1"}],"override_image_size":"0","image_override":[{"single_post_thumbnail_size":"crop-500","single_post_gallery_size":"crop-500"}],"trending_post":"0","trending_post_position":"meta","trending_post_label":"Trending","sponsored_post":"0","sponsored_post_label":"Sponsored by","sponsored_post_name":"","sponsored_post_url":"","sponsored_post_logo_enable":"0","sponsored_post_logo":"","sponsored_post_desc":"","disable_ad":"0"},"jnews_primary_category":{"id":""},"jnews_social_meta":{"fb_title":"","fb_description":"","fb_image":"","twitter_title":"","twitter_description":"","twitter_image":""},"jnews_override_counter":{"override_view_counter":"0","view_counter_number":"0","override_share_counter":"0","share_counter_number":"0","override_like_counter":"0","like_counter_number":"0","override_dislike_counter":"0","dislike_counter_number":"0"},"footnotes":""},"categories":[50],"tags":[16315,4574,9226,5379],"class_list":["post-79693","post","type-post","status-publish","format-standard","has-post-thumbnail","hentry","category-coberturas","tag-el-mato","tag-el-mato-a-un-policia-motorizado","tag-nina-lobo","tag-teatro-de-verano-ramon-collazo"],"yoast_head":"<!-- This site is optimized with the Yoast SEO plugin v27.5 - https:\/\/yoast.com\/product\/yoast-seo-wordpress\/ -->\n<title>El mat\u00f3 a un polic\u00eda motorizado - Teatro de Verano Ram\u00f3n Collazo - Cooltivarte Portal<\/title>\n<meta name=\"description\" content=\"A mitad de semana, con una luna casi llena y un p\u00fablico sediento de m\u00fasica en vivo, Montevideo recib\u00eda a \u201cEl mat\u00f3 a un polic\u00eda motorizado\u201d para disfrutarlo en uno de los escenarios con mejor ac\u00fastica e historia del Uruguay.\" \/>\n<meta name=\"robots\" content=\"index, follow, max-snippet:-1, max-image-preview:large, max-video-preview:-1\" \/>\n<link rel=\"canonical\" href=\"https:\/\/cooltivarte.com\/portal\/el-mato-a-un-policia-motorizado-teatro-de-verano-ramon-collazo\/\" \/>\n<meta property=\"og:locale\" content=\"es_ES\" \/>\n<meta property=\"og:type\" content=\"article\" \/>\n<meta property=\"og:title\" content=\"El mat\u00f3 a un polic\u00eda motorizado - Teatro de Verano Ram\u00f3n Collazo\" \/>\n<meta property=\"og:description\" content=\"La banda argentina El mat\u00f3 a un polic\u00eda motorizado volvi\u00f3 a Uruguay, acompa\u00f1ada por Ni\u00f1a Lobo.\" \/>\n<meta property=\"og:url\" content=\"https:\/\/cooltivarte.com\/portal\/el-mato-a-un-policia-motorizado-teatro-de-verano-ramon-collazo\/\" \/>\n<meta property=\"og:site_name\" content=\"Cooltivarte Portal\" \/>\n<meta property=\"article:publisher\" content=\"https:\/\/www.facebook.com\/cooltivartecom\/\" \/>\n<meta property=\"article:author\" content=\"https:\/\/www.facebook.com\/saabri26?fref=ts\" \/>\n<meta property=\"article:published_time\" content=\"2022-03-18T16:01:51+00:00\" \/>\n<meta property=\"article:modified_time\" content=\"2026-01-31T02:15:11+00:00\" \/>\n<meta property=\"og:image\" content=\"https:\/\/cooltivarte.com\/portal\/wp-content\/uploads\/2022\/03\/El-mato-a-un-policia-motorizado-Teatro-de-Verano-Ramon-Collazo-Marzo-2022-Foto-Sabrina-Tuya-Magnone.jpg\" \/>\n\t<meta property=\"og:image:width\" content=\"1200\" \/>\n\t<meta property=\"og:image:height\" content=\"807\" \/>\n\t<meta property=\"og:image:type\" content=\"image\/jpeg\" \/>\n<meta name=\"author\" content=\"Sabrina Tuya\" \/>\n<meta name=\"twitter:card\" content=\"summary_large_image\" \/>\n<meta name=\"twitter:title\" content=\"El mat\u00f3 a un polic\u00eda motorizado - Teatro de Verano Ram\u00f3n Collazo\" \/>\n<meta name=\"twitter:description\" content=\"La banda argentina El mat\u00f3 a un polic\u00eda motorizado volvi\u00f3 a Uruguay, acompa\u00f1ada por Ni\u00f1a Lobo.\" \/>\n<meta name=\"twitter:image\" content=\"https:\/\/cooltivarte.com\/portal\/wp-content\/uploads\/2022\/03\/El-mato-a-un-policia-motorizado-Teatro-de-Verano-Ramon-Collazo-Marzo-2022-Foto-Sabrina-Tuya-Magnone.jpg\" \/>\n<meta name=\"twitter:creator\" content=\"@https:\/\/twitter.com\/sabrina_tuya_12\" \/>\n<meta name=\"twitter:site\" content=\"@obolocultural\" \/>\n<meta name=\"twitter:label1\" content=\"Escrito por\" \/>\n\t<meta name=\"twitter:data1\" content=\"Sabrina Tuya\" \/>\n\t<meta name=\"twitter:label2\" content=\"Tiempo de lectura\" \/>\n\t<meta name=\"twitter:data2\" content=\"2 minutos\" \/>\n<!-- \/ Yoast SEO plugin. -->","yoast_head_json":{"title":"El mat\u00f3 a un polic\u00eda motorizado - Teatro de Verano Ram\u00f3n Collazo - Cooltivarte Portal","description":"A mitad de semana, con una luna casi llena y un p\u00fablico sediento de m\u00fasica en vivo, Montevideo recib\u00eda a \u201cEl mat\u00f3 a un polic\u00eda motorizado\u201d para disfrutarlo en uno de los escenarios con mejor ac\u00fastica e historia del Uruguay.","robots":{"index":"index","follow":"follow","max-snippet":"max-snippet:-1","max-image-preview":"max-image-preview:large","max-video-preview":"max-video-preview:-1"},"canonical":"https:\/\/cooltivarte.com\/portal\/el-mato-a-un-policia-motorizado-teatro-de-verano-ramon-collazo\/","og_locale":"es_ES","og_type":"article","og_title":"El mat\u00f3 a un polic\u00eda motorizado - Teatro de Verano Ram\u00f3n Collazo","og_description":"La banda argentina El mat\u00f3 a un polic\u00eda motorizado volvi\u00f3 a Uruguay, acompa\u00f1ada por Ni\u00f1a Lobo.","og_url":"https:\/\/cooltivarte.com\/portal\/el-mato-a-un-policia-motorizado-teatro-de-verano-ramon-collazo\/","og_site_name":"Cooltivarte Portal","article_publisher":"https:\/\/www.facebook.com\/cooltivartecom\/","article_author":"https:\/\/www.facebook.com\/saabri26?fref=ts","article_published_time":"2022-03-18T16:01:51+00:00","article_modified_time":"2026-01-31T02:15:11+00:00","og_image":[{"width":1200,"height":807,"url":"https:\/\/cooltivarte.com\/portal\/wp-content\/uploads\/2022\/03\/El-mato-a-un-policia-motorizado-Teatro-de-Verano-Ramon-Collazo-Marzo-2022-Foto-Sabrina-Tuya-Magnone.jpg","type":"image\/jpeg"}],"author":"Sabrina Tuya","twitter_card":"summary_large_image","twitter_title":"El mat\u00f3 a un polic\u00eda motorizado - Teatro de Verano Ram\u00f3n Collazo","twitter_description":"La banda argentina El mat\u00f3 a un polic\u00eda motorizado volvi\u00f3 a Uruguay, acompa\u00f1ada por Ni\u00f1a Lobo.","twitter_image":"https:\/\/cooltivarte.com\/portal\/wp-content\/uploads\/2022\/03\/El-mato-a-un-policia-motorizado-Teatro-de-Verano-Ramon-Collazo-Marzo-2022-Foto-Sabrina-Tuya-Magnone.jpg","twitter_creator":"@https:\/\/twitter.com\/sabrina_tuya_12","twitter_site":"@obolocultural","twitter_misc":{"Escrito por":"Sabrina Tuya","Tiempo de lectura":"2 minutos"},"schema":{"@context":"https:\/\/schema.org","@graph":[{"@type":"NewsArticle","@id":"https:\/\/cooltivarte.com\/portal\/el-mato-a-un-policia-motorizado-teatro-de-verano-ramon-collazo\/#article","isPartOf":{"@id":"https:\/\/cooltivarte.com\/portal\/el-mato-a-un-policia-motorizado-teatro-de-verano-ramon-collazo\/"},"author":{"name":"Sabrina Tuya","@id":"https:\/\/cooltivarte.com\/portal\/#\/schema\/person\/ebf3f4d1df53e2e9418476ebadcc278e"},"headline":"El mat\u00f3 a un polic\u00eda motorizado &#8211; Teatro de Verano Ram\u00f3n Collazo","datePublished":"2022-03-18T16:01:51+00:00","dateModified":"2026-01-31T02:15:11+00:00","mainEntityOfPage":{"@id":"https:\/\/cooltivarte.com\/portal\/el-mato-a-un-policia-motorizado-teatro-de-verano-ramon-collazo\/"},"wordCount":379,"publisher":{"@id":"https:\/\/cooltivarte.com\/portal\/#organization"},"image":{"@id":"https:\/\/cooltivarte.com\/portal\/el-mato-a-un-policia-motorizado-teatro-de-verano-ramon-collazo\/#primaryimage"},"thumbnailUrl":"https:\/\/cooltivarte.com\/portal\/wp-content\/uploads\/2022\/03\/El-mato-a-un-policia-motorizado-Teatro-de-Verano-Ramon-Collazo-Marzo-2022-Foto-Sabrina-Tuya-Magnone.jpg","keywords":["El mat\u00f3","El mat\u00f3 a un polic\u00eda motorizado","Ni\u00f1a lobo","Teatro de Verano Ram\u00f3n Collazo"],"articleSection":["Coberturas"],"inLanguage":"es-AR"},{"@type":"WebPage","@id":"https:\/\/cooltivarte.com\/portal\/el-mato-a-un-policia-motorizado-teatro-de-verano-ramon-collazo\/","url":"https:\/\/cooltivarte.com\/portal\/el-mato-a-un-policia-motorizado-teatro-de-verano-ramon-collazo\/","name":"El mat\u00f3 a un polic\u00eda motorizado - Teatro de Verano Ram\u00f3n Collazo - Cooltivarte Portal","isPartOf":{"@id":"https:\/\/cooltivarte.com\/portal\/#website"},"primaryImageOfPage":{"@id":"https:\/\/cooltivarte.com\/portal\/el-mato-a-un-policia-motorizado-teatro-de-verano-ramon-collazo\/#primaryimage"},"image":{"@id":"https:\/\/cooltivarte.com\/portal\/el-mato-a-un-policia-motorizado-teatro-de-verano-ramon-collazo\/#primaryimage"},"thumbnailUrl":"https:\/\/cooltivarte.com\/portal\/wp-content\/uploads\/2022\/03\/El-mato-a-un-policia-motorizado-Teatro-de-Verano-Ramon-Collazo-Marzo-2022-Foto-Sabrina-Tuya-Magnone.jpg","datePublished":"2022-03-18T16:01:51+00:00","dateModified":"2026-01-31T02:15:11+00:00","description":"A mitad de semana, con una luna casi llena y un p\u00fablico sediento de m\u00fasica en vivo, Montevideo recib\u00eda a \u201cEl mat\u00f3 a un polic\u00eda motorizado\u201d para disfrutarlo en uno de los escenarios con mejor ac\u00fastica e historia del Uruguay.","breadcrumb":{"@id":"https:\/\/cooltivarte.com\/portal\/el-mato-a-un-policia-motorizado-teatro-de-verano-ramon-collazo\/#breadcrumb"},"inLanguage":"es-AR","potentialAction":[{"@type":"ReadAction","target":["https:\/\/cooltivarte.com\/portal\/el-mato-a-un-policia-motorizado-teatro-de-verano-ramon-collazo\/"]}]},{"@type":"ImageObject","inLanguage":"es-AR","@id":"https:\/\/cooltivarte.com\/portal\/el-mato-a-un-policia-motorizado-teatro-de-verano-ramon-collazo\/#primaryimage","url":"https:\/\/cooltivarte.com\/portal\/wp-content\/uploads\/2022\/03\/El-mato-a-un-policia-motorizado-Teatro-de-Verano-Ramon-Collazo-Marzo-2022-Foto-Sabrina-Tuya-Magnone.jpg","contentUrl":"https:\/\/cooltivarte.com\/portal\/wp-content\/uploads\/2022\/03\/El-mato-a-un-policia-motorizado-Teatro-de-Verano-Ramon-Collazo-Marzo-2022-Foto-Sabrina-Tuya-Magnone.jpg","width":1200,"height":807,"caption":"El mat\u00f3 a un polic\u00eda motorizado - Teatro de Verano Ram\u00f3n Collazo - Marzo 2022 - Foto Sabrina Tuya Magnone"},{"@type":"BreadcrumbList","@id":"https:\/\/cooltivarte.com\/portal\/el-mato-a-un-policia-motorizado-teatro-de-verano-ramon-collazo\/#breadcrumb","itemListElement":[{"@type":"ListItem","position":1,"name":"Portada","item":"https:\/\/cooltivarte.com\/portal\/"},{"@type":"ListItem","position":2,"name":"El mat\u00f3 a un polic\u00eda motorizado &#8211; Teatro de Verano Ram\u00f3n Collazo"}]},{"@type":"WebSite","@id":"https:\/\/cooltivarte.com\/portal\/#website","url":"https:\/\/cooltivarte.com\/portal\/","name":"Cooltivarte Portal","description":"Arte, cultura y turismo para el mundo ...","publisher":{"@id":"https:\/\/cooltivarte.com\/portal\/#organization"},"potentialAction":[{"@type":"SearchAction","target":{"@type":"EntryPoint","urlTemplate":"https:\/\/cooltivarte.com\/portal\/?s={search_term_string}"},"query-input":{"@type":"PropertyValueSpecification","valueRequired":true,"valueName":"search_term_string"}}],"inLanguage":"es-AR"},{"@type":"Organization","@id":"https:\/\/cooltivarte.com\/portal\/#organization","name":"cooltivarte","url":"https:\/\/cooltivarte.com\/portal\/","logo":{"@type":"ImageObject","inLanguage":"es-AR","@id":"https:\/\/cooltivarte.com\/portal\/#\/schema\/logo\/image\/","url":"https:\/\/cooltivarte.com\/portal\/wp-content\/uploads\/2020\/04\/logo-cooltivarte-v2.png","contentUrl":"https:\/\/cooltivarte.com\/portal\/wp-content\/uploads\/2020\/04\/logo-cooltivarte-v2.png","width":851,"height":243,"caption":"cooltivarte"},"image":{"@id":"https:\/\/cooltivarte.com\/portal\/#\/schema\/logo\/image\/"},"sameAs":["https:\/\/www.facebook.com\/cooltivartecom\/","https:\/\/x.com\/obolocultural","https:\/\/www.instagram.com\/_cooltivarte_\/","https:\/\/www.linkedin.com\/company\/-bolocultural?reportsuccess=8zaNG1HwhPbAR9iQhZ5rfGeqz_vQFftHun0ZWU0Wy9vNemRJ8vtcKdJvzQfW8XagyOJSKg0XvfJ1dp","https:\/\/www.pinterest.com\/cooltivarte\/","https:\/\/cooltivarte.tumblr.com\/","https:\/\/www.tiktok.com\/@cooltivarte","https:\/\/www.youtube.com\/@PrensaCooltivarte"]},{"@type":"Person","@id":"https:\/\/cooltivarte.com\/portal\/#\/schema\/person\/ebf3f4d1df53e2e9418476ebadcc278e","name":"Sabrina Tuya","image":{"@type":"ImageObject","inLanguage":"es-AR","@id":"https:\/\/cooltivarte.com\/portal\/wp-content\/uploads\/2022\/03\/image0-120x120.jpeg","url":"https:\/\/cooltivarte.com\/portal\/wp-content\/uploads\/2022\/03\/image0-120x120.jpeg","contentUrl":"https:\/\/cooltivarte.com\/portal\/wp-content\/uploads\/2022\/03\/image0-120x120.jpeg","caption":"Sabrina Tuya"},"description":"29 de marzo de 1991. Comunicadora Le apasiona la m\u00fasica. Cree en tres cosas: palabras, letras y m\u00fasica que calman el alma. Genera sus propias oportunidades y cuando puede se las brinda a los dem\u00e1s. Siente que las buenas ideas pueden cambiar el mundo. Se incorpora a cooltivarte en 2015.","sameAs":["https:\/\/www.facebook.com\/saabri26?fref=ts","https:\/\/www.instagram.com\/imaginandobuenas12\/","https:\/\/www.linkedin.com\/in\/sabrinatuya\/","https:\/\/www.pinterest.com\/cooltivarte","https:\/\/x.com\/https:\/\/twitter.com\/sabrina_tuya_12","https:\/\/www.youtube.com\/@PrensaCooltivarte","https:\/\/www.tumblr.com\/blog\/cooltivarte"],"url":"https:\/\/cooltivarte.com\/portal\/author\/sabrina-tuya\/"}]}},"_links":{"self":[{"href":"https:\/\/cooltivarte.com\/portal\/wp-json\/wp\/v2\/posts\/79693","targetHints":{"allow":["GET"]}}],"collection":[{"href":"https:\/\/cooltivarte.com\/portal\/wp-json\/wp\/v2\/posts"}],"about":[{"href":"https:\/\/cooltivarte.com\/portal\/wp-json\/wp\/v2\/types\/post"}],"author":[{"embeddable":true,"href":"https:\/\/cooltivarte.com\/portal\/wp-json\/wp\/v2\/users\/68"}],"replies":[{"embeddable":true,"href":"https:\/\/cooltivarte.com\/portal\/wp-json\/wp\/v2\/comments?post=79693"}],"version-history":[{"count":4,"href":"https:\/\/cooltivarte.com\/portal\/wp-json\/wp\/v2\/posts\/79693\/revisions"}],"predecessor-version":[{"id":122339,"href":"https:\/\/cooltivarte.com\/portal\/wp-json\/wp\/v2\/posts\/79693\/revisions\/122339"}],"wp:featuredmedia":[{"embeddable":true,"href":"https:\/\/cooltivarte.com\/portal\/wp-json\/wp\/v2\/media\/79694"}],"wp:attachment":[{"href":"https:\/\/cooltivarte.com\/portal\/wp-json\/wp\/v2\/media?parent=79693"}],"wp:term":[{"taxonomy":"category","embeddable":true,"href":"https:\/\/cooltivarte.com\/portal\/wp-json\/wp\/v2\/categories?post=79693"},{"taxonomy":"post_tag","embeddable":true,"href":"https:\/\/cooltivarte.com\/portal\/wp-json\/wp\/v2\/tags?post=79693"}],"curies":[{"name":"wp","href":"https:\/\/api.w.org\/{rel}","templated":true}]}}