{"id":79622,"date":"2022-03-17T12:02:53","date_gmt":"2022-03-17T15:02:53","guid":{"rendered":"https:\/\/cooltivarte.com\/portal\/?p=79622"},"modified":"2022-03-17T12:08:13","modified_gmt":"2022-03-17T15:08:13","slug":"los-pusilanimes-24-anos-en-teatro-solis","status":"publish","type":"post","link":"https:\/\/cooltivarte.com\/portal\/los-pusilanimes-24-anos-en-teatro-solis\/","title":{"rendered":"Los Pusil\u00e1nimes, 24 a\u00f1os, en Teatro Sol\u00eds"},"content":{"rendered":"<p><img fetchpriority=\"high\" decoding=\"async\" class=\"aligncenter wp-image-79623 size-full\" title=\"Los Pusil\u00e1nimes se re\u00fanen por los 24 a\u00f1os de su \u00e1lbum\" src=\"https:\/\/cooltivarte.com\/portal\/wp-content\/uploads\/2022\/03\/LOS-PUSILANIMES.jpg\" alt=\"Los Pusil\u00e1nimes se re\u00fanen por los 24 a\u00f1os de su \u00e1lbum\" width=\"1024\" height=\"563\" srcset=\"https:\/\/cooltivarte.com\/portal\/wp-content\/uploads\/2022\/03\/LOS-PUSILANIMES.jpg 1024w, https:\/\/cooltivarte.com\/portal\/wp-content\/uploads\/2022\/03\/LOS-PUSILANIMES-300x165.jpg 300w, https:\/\/cooltivarte.com\/portal\/wp-content\/uploads\/2022\/03\/LOS-PUSILANIMES-768x422.jpg 768w\" sizes=\"(max-width: 1024px) 100vw, 1024px\" \/><\/p>\n<h3>&nbsp;<\/h3>\n<h3><a href=\"https:\/\/cooltivarte.com\/portal\/?s=Los+Pusil\u00e1nimes\" target=\"_blank\" rel=\"noopener\"><strong>Los Pusil\u00e1nimes<\/strong><\/a> se re\u00fanen por los 24 a\u00f1os de su \u00e1lbum<\/h3>\n<h3>Criaturas Musicales es el \u00e1lbum que se conmemora el martes 12 de abril a las 20:30 horas en el Teatro Sol\u00eds<\/h3>\n<p>&nbsp;<\/p>\n<p>&nbsp;<br \/>\n<iframe style=\"border: 0; width: 100%; height: 120px;\" src=\"https:\/\/bandcamp.com\/EmbeddedPlayer\/album=2513767299\/size=large\/bgcol=ffffff\/linkcol=0687f5\/tracklist=false\/artwork=small\/transparent=true\/\" seamless=\"\"><a href=\"https:\/\/lospusilanimes.bandcamp.com\/album\/criaturas-musicales\">CRIATURAS MUSICALES by LOS PUSIL\u00c1NIMES<\/a><\/iframe><br \/>\n&nbsp;<\/p>\n<p>&nbsp;<\/p>\n<p>La banda que est\u00e1 conformada por <strong><a href=\"https:\/\/cooltivarte.com\/portal\/?s=Hugo+Fattoruso\" target=\"_blank\" rel=\"noopener\">Hugo Fattoruso<\/a>, <a href=\"https:\/\/cooltivarte.com\/portal\/?s=Diego+Ebbeler\" target=\"_blank\" rel=\"noopener\">Diego Ebbeler<\/a>, <a href=\"https:\/\/cooltivarte.com\/portal\/?s=Carlos+Quintana\" target=\"_blank\" rel=\"noopener\">Carlos Quintana<\/a>, <a href=\"https:\/\/cooltivarte.com\/portal\/?s=Popo+Romano\" target=\"_blank\" rel=\"noopener\">Popo Romano<\/a>, <a href=\"https:\/\/cooltivarte.com\/portal\/?s=Gustavo+Cheche+Etchenique\" target=\"_blank\" rel=\"noopener\">Gustavo \u201cCheche\u201d Etchenique<\/a> y <a href=\"https:\/\/cooltivarte.com\/portal\/?s=Walter+Nego+Haedo\" target=\"_blank\" rel=\"noopener\">Walter \u201cNego\u201d Haedo<\/a><\/strong>, se re\u00fane para celebrar los 24 a\u00f1os de su disco &#8220;<strong><a href=\"https:\/\/cooltivarte.com\/portal\/?s=Criaturas+Musicales\" target=\"_blank\" rel=\"noopener\">Criaturas Musicales<\/a><\/strong>&#8221; grabado en la d\u00e9cada de los 90 en Circo Beat, producido por el estadounidense <a href=\"https:\/\/cooltivarte.com\/portal\/?s=Neil+Weiss\" target=\"_blank\" rel=\"noopener\"><strong>Neil Weiss<\/strong><\/a> y recientemente editado.<\/p>\n<p>&nbsp;<\/p>\n<p>&#8220;<em>Hay Rock, hay Jazz y hay World Music. Aqu\u00ed todo se suma a esto, Los Pusil\u00e1nimes, una fusi\u00f3n de otro tipo. Criaturas musicales, provenientes de otro lugar y tiempo, aunque muy adelantadas a su tiempo. Bienvenidos a lo desconocido.<\/em>&#8221;<\/p>\n<p>&nbsp;<\/p>\n<p><strong><em>Entradas en venta en&nbsp;<a href=\"https:\/\/tickantel.com.uy\/inicio\/espectaculo\/40011024\/espectaculo\/Noche%20Pusil%C3%A1nime?0\" target=\"_blank\" rel=\"noopener\" data-saferedirecturl=\"https:\/\/www.google.com\/url?q=https:\/\/facebook.us11.list-manage.com\/track\/click?u%3D97474955ec0718f1184a4ecef%26id%3De6a7355f61%26e%3D20bbb2d159&amp;source=gmail&amp;ust=1647610436152000&amp;usg=AOvVaw0v1xxMEF8kmxT0FdsxfkAV\">Tickantel<\/a>&nbsp;y redes de cobranza.<\/em><\/strong><\/p>\n<p><em>Beneficios con&nbsp;<a href=\"https:\/\/www.clubelpais.com.uy\/entretenimientos\/los-pusilanimes\/\" target=\"_blank\" rel=\"noopener\" data-saferedirecturl=\"https:\/\/www.google.com\/url?q=https:\/\/facebook.us11.list-manage.com\/track\/click?u%3D97474955ec0718f1184a4ecef%26id%3Db524b61865%26e%3D20bbb2d159&amp;source=gmail&amp;ust=1647610436152000&amp;usg=AOvVaw1k5BPOTejgogQzXOqp1o44\">Club El Pa\u00eds<\/a>&nbsp;y&nbsp;<a href=\"https:\/\/socioespectacular.com.uy\/espectaculos\/show-mutar\/?date=\" target=\"_blank\" rel=\"noopener\" data-saferedirecturl=\"https:\/\/www.google.com\/url?q=https:\/\/facebook.us11.list-manage.com\/track\/click?u%3D97474955ec0718f1184a4ecef%26id%3D6cdbabde97%26e%3D20bbb2d159&amp;source=gmail&amp;ust=1647610436152000&amp;usg=AOvVaw2i9yYc_gC2uGF1VTU1QzGy\">Socio Espectacular<\/a>&nbsp;(cupos limitados).<\/em><\/p>\n<p>&nbsp;<\/p>\n<blockquote class=\"instagram-media\" style=\"background: #FFF; border: 0; border-radius: 3px; box-shadow: 0 0 1px 0 rgba(0,0,0,0.5),0 1px 10px 0 rgba(0,0,0,0.15); margin: 1px; max-width: 540px; min-width: 326px; padding: 0; width: calc(100% - 2px);\" data-instgrm-captioned=\"\" data-instgrm-permalink=\"https:\/\/www.instagram.com\/p\/Cano8wzpTti\/?utm_source=ig_embed&amp;utm_campaign=loading\" data-instgrm-version=\"14\">\n<div style=\"padding: 16px;\">\n<p>&nbsp;<\/p>\n<div style=\"display: flex; flex-direction: row; align-items: center;\">\n<div style=\"background-color: #f4f4f4; border-radius: 50%; flex-grow: 0; height: 40px; margin-right: 14px; width: 40px;\">&nbsp;<\/div>\n<div style=\"display: flex; flex-direction: column; flex-grow: 1; justify-content: center;\">\n<div style=\"background-color: #f4f4f4; border-radius: 4px; flex-grow: 0; height: 14px; margin-bottom: 6px; width: 100px;\">&nbsp;<\/div>\n<div style=\"background-color: #f4f4f4; border-radius: 4px; flex-grow: 0; height: 14px; width: 60px;\">&nbsp;<\/div>\n<\/div>\n<\/div>\n<div style=\"padding: 19% 0;\">&nbsp;<\/div>\n<div style=\"display: block; height: 50px; margin: 0 auto 12px; width: 50px;\">&nbsp;<\/div>\n<div style=\"padding-top: 8px;\">\n<div style=\"color: #3897f0; font-family: Arial,sans-serif; font-size: 14px; font-style: normal; font-weight: 550; line-height: 18px;\">Ver esta publicaci\u00f3n en Instagram<\/div>\n<\/div>\n<div style=\"padding: 12.5% 0;\">&nbsp;<\/div>\n<div style=\"display: flex; flex-direction: row; margin-bottom: 14px; align-items: center;\">\n<div>\n<div style=\"background-color: #f4f4f4; border-radius: 50%; height: 12.5px; width: 12.5px; transform: translateX(0px) translateY(7px);\">&nbsp;<\/div>\n<div style=\"background-color: #f4f4f4; height: 12.5px; transform: rotate(-45deg) translateX(3px) translateY(1px); width: 12.5px; flex-grow: 0; margin-right: 14px; margin-left: 2px;\">&nbsp;<\/div>\n<div style=\"background-color: #f4f4f4; border-radius: 50%; height: 12.5px; width: 12.5px; transform: translateX(9px) translateY(-18px);\">&nbsp;<\/div>\n<\/div>\n<div style=\"margin-left: 8px;\">\n<div style=\"background-color: #f4f4f4; border-radius: 50%; flex-grow: 0; height: 20px; width: 20px;\">&nbsp;<\/div>\n<div style=\"width: 0; height: 0; border-top: 2px solid transparent; border-left: 6px solid #f4f4f4; border-bottom: 2px solid transparent; transform: translateX(16px) translateY(-4px) rotate(30deg);\">&nbsp;<\/div>\n<\/div>\n<div style=\"margin-left: auto;\">\n<div style=\"width: 0px; border-top: 8px solid #F4F4F4; border-right: 8px solid transparent; transform: translateY(16px);\">&nbsp;<\/div>\n<div style=\"background-color: #f4f4f4; flex-grow: 0; height: 12px; width: 16px; transform: translateY(-4px);\">&nbsp;<\/div>\n<div style=\"width: 0; height: 0; border-top: 8px solid #F4F4F4; border-left: 8px solid transparent; transform: translateY(-4px) translateX(8px);\">&nbsp;<\/div>\n<\/div>\n<\/div>\n<div style=\"display: flex; flex-direction: column; flex-grow: 1; justify-content: center; margin-bottom: 24px;\">\n<div style=\"background-color: #f4f4f4; border-radius: 4px; flex-grow: 0; height: 14px; margin-bottom: 6px; width: 224px;\">&nbsp;<\/div>\n<div style=\"background-color: #f4f4f4; border-radius: 4px; flex-grow: 0; height: 14px; width: 144px;\">&nbsp;<\/div>\n<\/div>\n<p>&nbsp;<\/p>\n<p style=\"color: #c9c8cd; font-family: Arial,sans-serif; font-size: 14px; line-height: 17px; margin-bottom: 0; margin-top: 8px; overflow: hidden; padding: 8px 0 7px; text-align: center; text-overflow: ellipsis; white-space: nowrap;\"><a style=\"color: #c9c8cd; font-family: Arial,sans-serif; font-size: 14px; font-style: normal; font-weight: normal; line-height: 17px; text-decoration: none;\" href=\"https:\/\/www.instagram.com\/p\/Cano8wzpTti\/?utm_source=ig_embed&amp;utm_campaign=loading\" target=\"_blank\" rel=\"noopener\">Una publicaci\u00f3n compartida por M U T A R (@mutarproduccioncultural)<\/a><\/p>\n<\/div>\n<\/blockquote>\n<p><script async=\"\" src=\"\/\/www.instagram.com\/embed.js\"><\/script><\/p>\n<p>&nbsp;<\/p>\n<p>&nbsp;<\/p>\n<p>&nbsp;<\/p>\n","protected":false},"excerpt":{"rendered":"<p>&nbsp; Los Pusil\u00e1nimes se re\u00fanen por los 24 a\u00f1os de su \u00e1lbum Criaturas Musicales es el \u00e1lbum que se conmemora el martes 12 de abril a las 20:30 horas en el Teatro Sol\u00eds &nbsp; &nbsp; CRIATURAS MUSICALES by LOS PUSIL\u00c1NIMES &nbsp; &nbsp; La banda que est\u00e1 conformada por Hugo Fattoruso, Diego Ebbeler, Carlos Quintana, Popo [&hellip;]<\/p>\n","protected":false},"author":8,"featured_media":79623,"comment_status":"closed","ping_status":"closed","sticky":false,"template":"","format":"standard","meta":{"om_disable_all_campaigns":false,"ngg_post_thumbnail":0,"jnews-multi-image_gallery":[],"jnews_single_post":{"subtitle":"Criaturas Musicales es el \u00e1lbum que se conmemora el martes 12 de abril a las 20:30 horas en el Teatro Sol\u00eds","format":"standard","video":"","gallery":"","source_name":"","source_url":"","via_name":"","via_url":"","override_template":"0","override":[{"template":"1","single_blog_custom":"","parallax":"1","fullscreen":"1","layout":"right-sidebar","sidebar":"default-sidebar","second_sidebar":"default-sidebar","sticky_sidebar":"1","share_position":"top","share_float_style":"share-monocrhome","show_share_counter":"1","show_view_counter":"1","show_featured":"1","show_post_meta":"1","show_post_author":"1","show_post_author_image":"1","show_post_date":"1","post_date_format":"default","post_date_format_custom":"Y\/m\/d","show_post_category":"1","show_post_reading_time":"0","post_reading_time_wpm":"300","show_zoom_button":"0","zoom_button_out_step":"2","zoom_button_in_step":"3","show_post_tag":"1","show_prev_next_post":"1","show_popup_post":"1","number_popup_post":"1","show_author_box":"0","show_post_related":"0","show_inline_post_related":"0"}],"override_image_size":"0","image_override":[{"single_post_thumbnail_size":"crop-500","single_post_gallery_size":"crop-500"}],"trending_post":"0","trending_post_position":"meta","trending_post_label":"Trending","sponsored_post":"0","sponsored_post_label":"Sponsored by","sponsored_post_name":"","sponsored_post_url":"","sponsored_post_logo_enable":"0","sponsored_post_logo":"","sponsored_post_desc":""},"jnews_primary_category":{"id":""},"jnews_social_meta":{"fb_title":"","fb_description":"","fb_image":"","twitter_title":"","twitter_description":"","twitter_image":""},"jnews_override_counter":{"override_view_counter":"0","view_counter_number":"0","override_share_counter":"0","share_counter_number":"0","override_like_counter":"0","like_counter_number":"0","override_dislike_counter":"0","dislike_counter_number":"0"},"footnotes":""},"categories":[3394],"tags":[1149,16167,16168,6675,204,16166,264,92,16169],"class_list":["post-79622","post","type-post","status-publish","format-standard","has-post-thumbnail","hentry","category-eventos","tag-carlos-quintana","tag-criaturas-musicales","tag-diego-ebbeler","tag-gustavo-cheche-etchenique","tag-hugo-fattoruso","tag-los-pusilanimes","tag-popo-romano","tag-teatro-solis","tag-walter-nego-haedo"],"yoast_head":"<!-- This site is optimized with the Yoast SEO plugin v27.5 - https:\/\/yoast.com\/product\/yoast-seo-wordpress\/ -->\n<title>Los Pusil\u00e1nimes, 24 a\u00f1os, en Teatro Sol\u00eds - Cooltivarte Portal<\/title>\n<meta name=\"description\" content=\"La banda que est\u00e1 conformada por Hugo Fattoruso, Diego Ebbeler, Carlos Quintana, Popo Romano, Gustavo \u201cCheche\u201d Etchenique y Walter \u201cNego\u201d Haedo, se re\u00fane para celebrar los 24 a\u00f1os de su disco &quot;Criaturas Musicales&#039;&#039; grabado en la d\u00e9cada de los 90 en Circo Beat, producido por el estadounidense Neil Weiss y recientemente editado.\" \/>\n<meta name=\"robots\" content=\"index, follow, max-snippet:-1, max-image-preview:large, max-video-preview:-1\" \/>\n<link rel=\"canonical\" href=\"https:\/\/cooltivarte.com\/portal\/los-pusilanimes-24-anos-en-teatro-solis\/\" \/>\n<meta property=\"og:locale\" content=\"es_ES\" \/>\n<meta property=\"og:type\" content=\"article\" \/>\n<meta property=\"og:title\" content=\"Los Pusil\u00e1nimes se re\u00fanen por los 24 a\u00f1os de su \u00e1lbum - Criaturas Musicales es el \u00e1lbum que se conmemora el martes 12 de abril a las 20:30 horas en el Teatro Sol\u00eds\" \/>\n<meta property=\"og:description\" content=\"La banda que est\u00e1 conformada por Hugo Fattoruso, Diego Ebbeler, Carlos Quintana, Popo Romano, Gustavo \u201cCheche\u201d Etchenique y Walter \u201cNego\u201d Haedo, se re\u00fane para celebrar los 24 a\u00f1os de su disco &quot;Criaturas Musicales&#039;&#039; grabado en la d\u00e9cada de los 90 en Circo Beat, producido por el estadounidense Neil Weiss y recientemente editado.\" \/>\n<meta property=\"og:url\" content=\"https:\/\/cooltivarte.com\/portal\/los-pusilanimes-24-anos-en-teatro-solis\/\" \/>\n<meta property=\"og:site_name\" content=\"Cooltivarte Portal\" \/>\n<meta property=\"article:publisher\" content=\"https:\/\/www.facebook.com\/cooltivartecom\/\" \/>\n<meta property=\"article:author\" content=\"https:\/\/www.facebook.com\/cooltivartecom\" \/>\n<meta property=\"article:published_time\" content=\"2022-03-17T15:02:53+00:00\" \/>\n<meta property=\"article:modified_time\" content=\"2022-03-17T15:08:13+00:00\" \/>\n<meta property=\"og:image\" content=\"https:\/\/cooltivarte.com\/portal\/wp-content\/uploads\/2022\/03\/LOS-PUSILANIMES.jpg\" \/>\n\t<meta property=\"og:image:width\" content=\"1024\" \/>\n\t<meta property=\"og:image:height\" content=\"563\" \/>\n\t<meta property=\"og:image:type\" content=\"image\/jpeg\" \/>\n<meta name=\"author\" content=\"Cooltivarte\" \/>\n<meta name=\"twitter:card\" content=\"summary_large_image\" \/>\n<meta name=\"twitter:title\" content=\"Los Pusil\u00e1nimes se re\u00fanen por los 24 a\u00f1os de su \u00e1lbum - Criaturas Musicales es el \u00e1lbum que se conmemora el martes 12 de abril a las 20:30 horas en el Teatro Sol\u00eds\" \/>\n<meta name=\"twitter:description\" content=\"La banda que est\u00e1 conformada por Hugo Fattoruso, Diego Ebbeler, Carlos Quintana, Popo Romano, Gustavo \u201cCheche\u201d Etchenique y Walter \u201cNego\u201d Haedo, se re\u00fane para celebrar los 24 a\u00f1os de su disco &quot;Criaturas Musicales&#039;&#039; grabado en la d\u00e9cada de los 90 en Circo Beat, producido por el estadounidense Neil Weiss y recientemente editado.\" \/>\n<meta name=\"twitter:image\" content=\"https:\/\/cooltivarte.com\/portal\/wp-content\/uploads\/2022\/03\/LOS-PUSILANIMES.jpg\" \/>\n<meta name=\"twitter:creator\" content=\"@https:\/\/x.com\/obolocultural\" \/>\n<meta name=\"twitter:site\" content=\"@obolocultural\" \/>\n<meta name=\"twitter:label1\" content=\"Escrito por\" \/>\n\t<meta name=\"twitter:data1\" content=\"Cooltivarte\" \/>\n\t<meta name=\"twitter:label2\" content=\"Tiempo de lectura\" \/>\n\t<meta name=\"twitter:data2\" content=\"2 minutos\" \/>\n<!-- \/ Yoast SEO plugin. -->","yoast_head_json":{"title":"Los Pusil\u00e1nimes, 24 a\u00f1os, en Teatro Sol\u00eds - Cooltivarte Portal","description":"La banda que est\u00e1 conformada por Hugo Fattoruso, Diego Ebbeler, Carlos Quintana, Popo Romano, Gustavo \u201cCheche\u201d Etchenique y Walter \u201cNego\u201d Haedo, se re\u00fane para celebrar los 24 a\u00f1os de su disco \"Criaturas Musicales'' grabado en la d\u00e9cada de los 90 en Circo Beat, producido por el estadounidense Neil Weiss y recientemente editado.","robots":{"index":"index","follow":"follow","max-snippet":"max-snippet:-1","max-image-preview":"max-image-preview:large","max-video-preview":"max-video-preview:-1"},"canonical":"https:\/\/cooltivarte.com\/portal\/los-pusilanimes-24-anos-en-teatro-solis\/","og_locale":"es_ES","og_type":"article","og_title":"Los Pusil\u00e1nimes se re\u00fanen por los 24 a\u00f1os de su \u00e1lbum - Criaturas Musicales es el \u00e1lbum que se conmemora el martes 12 de abril a las 20:30 horas en el Teatro Sol\u00eds","og_description":"La banda que est\u00e1 conformada por Hugo Fattoruso, Diego Ebbeler, Carlos Quintana, Popo Romano, Gustavo \u201cCheche\u201d Etchenique y Walter \u201cNego\u201d Haedo, se re\u00fane para celebrar los 24 a\u00f1os de su disco \"Criaturas Musicales'' grabado en la d\u00e9cada de los 90 en Circo Beat, producido por el estadounidense Neil Weiss y recientemente editado.","og_url":"https:\/\/cooltivarte.com\/portal\/los-pusilanimes-24-anos-en-teatro-solis\/","og_site_name":"Cooltivarte Portal","article_publisher":"https:\/\/www.facebook.com\/cooltivartecom\/","article_author":"https:\/\/www.facebook.com\/cooltivartecom","article_published_time":"2022-03-17T15:02:53+00:00","article_modified_time":"2022-03-17T15:08:13+00:00","og_image":[{"width":1024,"height":563,"url":"https:\/\/cooltivarte.com\/portal\/wp-content\/uploads\/2022\/03\/LOS-PUSILANIMES.jpg","type":"image\/jpeg"}],"author":"Cooltivarte","twitter_card":"summary_large_image","twitter_title":"Los Pusil\u00e1nimes se re\u00fanen por los 24 a\u00f1os de su \u00e1lbum - Criaturas Musicales es el \u00e1lbum que se conmemora el martes 12 de abril a las 20:30 horas en el Teatro Sol\u00eds","twitter_description":"La banda que est\u00e1 conformada por Hugo Fattoruso, Diego Ebbeler, Carlos Quintana, Popo Romano, Gustavo \u201cCheche\u201d Etchenique y Walter \u201cNego\u201d Haedo, se re\u00fane para celebrar los 24 a\u00f1os de su disco \"Criaturas Musicales'' grabado en la d\u00e9cada de los 90 en Circo Beat, producido por el estadounidense Neil Weiss y recientemente editado.","twitter_image":"https:\/\/cooltivarte.com\/portal\/wp-content\/uploads\/2022\/03\/LOS-PUSILANIMES.jpg","twitter_creator":"@https:\/\/x.com\/obolocultural","twitter_site":"@obolocultural","twitter_misc":{"Escrito por":"Cooltivarte","Tiempo de lectura":"2 minutos"},"schema":{"@context":"https:\/\/schema.org","@graph":[{"@type":"NewsArticle","@id":"https:\/\/cooltivarte.com\/portal\/los-pusilanimes-24-anos-en-teatro-solis\/#article","isPartOf":{"@id":"https:\/\/cooltivarte.com\/portal\/los-pusilanimes-24-anos-en-teatro-solis\/"},"author":{"name":"Cooltivarte","@id":"https:\/\/cooltivarte.com\/portal\/#\/schema\/person\/ec2a4f4e71b740d0c559c0ab9a157e19"},"headline":"Los Pusil\u00e1nimes, 24 a\u00f1os, en Teatro Sol\u00eds","datePublished":"2022-03-17T15:02:53+00:00","dateModified":"2022-03-17T15:08:13+00:00","mainEntityOfPage":{"@id":"https:\/\/cooltivarte.com\/portal\/los-pusilanimes-24-anos-en-teatro-solis\/"},"wordCount":214,"publisher":{"@id":"https:\/\/cooltivarte.com\/portal\/#organization"},"image":{"@id":"https:\/\/cooltivarte.com\/portal\/los-pusilanimes-24-anos-en-teatro-solis\/#primaryimage"},"thumbnailUrl":"https:\/\/cooltivarte.com\/portal\/wp-content\/uploads\/2022\/03\/LOS-PUSILANIMES.jpg","keywords":["Carlos Quintana","CRIATURAS MUSICALES","DIEGO EBBELER","Gustavo \"Cheche\" Etchenique","Hugo Fattoruso","LOS PUSIL\u00c1NIMES","Popo Romano","Teatro Solis","WALTER \"NEGO\" HAEDO"],"articleSection":["Eventos"],"inLanguage":"es-AR"},{"@type":"WebPage","@id":"https:\/\/cooltivarte.com\/portal\/los-pusilanimes-24-anos-en-teatro-solis\/","url":"https:\/\/cooltivarte.com\/portal\/los-pusilanimes-24-anos-en-teatro-solis\/","name":"Los Pusil\u00e1nimes, 24 a\u00f1os, en Teatro Sol\u00eds - Cooltivarte Portal","isPartOf":{"@id":"https:\/\/cooltivarte.com\/portal\/#website"},"primaryImageOfPage":{"@id":"https:\/\/cooltivarte.com\/portal\/los-pusilanimes-24-anos-en-teatro-solis\/#primaryimage"},"image":{"@id":"https:\/\/cooltivarte.com\/portal\/los-pusilanimes-24-anos-en-teatro-solis\/#primaryimage"},"thumbnailUrl":"https:\/\/cooltivarte.com\/portal\/wp-content\/uploads\/2022\/03\/LOS-PUSILANIMES.jpg","datePublished":"2022-03-17T15:02:53+00:00","dateModified":"2022-03-17T15:08:13+00:00","description":"La banda que est\u00e1 conformada por Hugo Fattoruso, Diego Ebbeler, Carlos Quintana, Popo Romano, Gustavo \u201cCheche\u201d Etchenique y Walter \u201cNego\u201d Haedo, se re\u00fane para celebrar los 24 a\u00f1os de su disco \"Criaturas Musicales'' grabado en la d\u00e9cada de los 90 en Circo Beat, producido por el estadounidense Neil Weiss y recientemente editado.","breadcrumb":{"@id":"https:\/\/cooltivarte.com\/portal\/los-pusilanimes-24-anos-en-teatro-solis\/#breadcrumb"},"inLanguage":"es-AR","potentialAction":[{"@type":"ReadAction","target":["https:\/\/cooltivarte.com\/portal\/los-pusilanimes-24-anos-en-teatro-solis\/"]}]},{"@type":"ImageObject","inLanguage":"es-AR","@id":"https:\/\/cooltivarte.com\/portal\/los-pusilanimes-24-anos-en-teatro-solis\/#primaryimage","url":"https:\/\/cooltivarte.com\/portal\/wp-content\/uploads\/2022\/03\/LOS-PUSILANIMES.jpg","contentUrl":"https:\/\/cooltivarte.com\/portal\/wp-content\/uploads\/2022\/03\/LOS-PUSILANIMES.jpg","width":1024,"height":563,"caption":"Los Pusil\u00e1nimes se re\u00fanen por los 24 a\u00f1os de su \u00e1lbum"},{"@type":"BreadcrumbList","@id":"https:\/\/cooltivarte.com\/portal\/los-pusilanimes-24-anos-en-teatro-solis\/#breadcrumb","itemListElement":[{"@type":"ListItem","position":1,"name":"Portada","item":"https:\/\/cooltivarte.com\/portal\/"},{"@type":"ListItem","position":2,"name":"Los Pusil\u00e1nimes, 24 a\u00f1os, en Teatro Sol\u00eds"}]},{"@type":"WebSite","@id":"https:\/\/cooltivarte.com\/portal\/#website","url":"https:\/\/cooltivarte.com\/portal\/","name":"Cooltivarte Portal","description":"Arte, cultura y turismo para el mundo ...","publisher":{"@id":"https:\/\/cooltivarte.com\/portal\/#organization"},"potentialAction":[{"@type":"SearchAction","target":{"@type":"EntryPoint","urlTemplate":"https:\/\/cooltivarte.com\/portal\/?s={search_term_string}"},"query-input":{"@type":"PropertyValueSpecification","valueRequired":true,"valueName":"search_term_string"}}],"inLanguage":"es-AR"},{"@type":"Organization","@id":"https:\/\/cooltivarte.com\/portal\/#organization","name":"cooltivarte","url":"https:\/\/cooltivarte.com\/portal\/","logo":{"@type":"ImageObject","inLanguage":"es-AR","@id":"https:\/\/cooltivarte.com\/portal\/#\/schema\/logo\/image\/","url":"https:\/\/cooltivarte.com\/portal\/wp-content\/uploads\/2020\/04\/logo-cooltivarte-v2.png","contentUrl":"https:\/\/cooltivarte.com\/portal\/wp-content\/uploads\/2020\/04\/logo-cooltivarte-v2.png","width":851,"height":243,"caption":"cooltivarte"},"image":{"@id":"https:\/\/cooltivarte.com\/portal\/#\/schema\/logo\/image\/"},"sameAs":["https:\/\/www.facebook.com\/cooltivartecom\/","https:\/\/x.com\/obolocultural","https:\/\/www.instagram.com\/_cooltivarte_\/","https:\/\/www.linkedin.com\/company\/-bolocultural?reportsuccess=8zaNG1HwhPbAR9iQhZ5rfGeqz_vQFftHun0ZWU0Wy9vNemRJ8vtcKdJvzQfW8XagyOJSKg0XvfJ1dp","https:\/\/www.pinterest.com\/cooltivarte\/","https:\/\/cooltivarte.tumblr.com\/","https:\/\/www.tiktok.com\/@cooltivarte","https:\/\/www.youtube.com\/@PrensaCooltivarte"]},{"@type":"Person","@id":"https:\/\/cooltivarte.com\/portal\/#\/schema\/person\/ec2a4f4e71b740d0c559c0ab9a157e19","name":"Cooltivarte","image":{"@type":"ImageObject","inLanguage":"es-AR","@id":"https:\/\/cooltivarte.com\/portal\/wp-content\/uploads\/2014\/05\/logo-cooltivarte-120x120.jpg","url":"https:\/\/cooltivarte.com\/portal\/wp-content\/uploads\/2014\/05\/logo-cooltivarte-120x120.jpg","contentUrl":"https:\/\/cooltivarte.com\/portal\/wp-content\/uploads\/2014\/05\/logo-cooltivarte-120x120.jpg","caption":"Cooltivarte"},"description":"Somos COOLTIVARTE.COM. Un portal digital dedicado a difundir el acontecer art\u00edstico y cultural del Uruguay. Estamos en la vuelta desde el a\u00f1o 2003, y como evoluci\u00f3n del bolet\u00edn Obolo Cultural, nos encontramos abocados a apoyar a los artistas nacionales brind\u00e1ndoles un espacio de difusi\u00f3n. Creemos en la idea de utilizar la potencialidad que hoy d\u00eda nos otorga la web, para que la cultura uruguaya y sus creadores dispongan de una din\u00e1mica ventana, que los ponga en contacto entre s\u00ed y con el mundo. Somos COOLTIVARTE.COM y pretendemos configurarnos como un portal din\u00e1mico, entretenido y atento a los nuevos emprendimientos, que busque siempre la interacci\u00f3n con los artistas.","sameAs":["http:\/\/www.cooltivarte.com","https:\/\/www.facebook.com\/cooltivartecom","https:\/\/www.instagram.com\/_cooltivarte_\/","https:\/\/www.linkedin.com\/company\/-bolocultural","https:\/\/www.pinterest.com\/cooltivarte\/","https:\/\/x.com\/https:\/\/x.com\/obolocultural","https:\/\/www.youtube.com\/@PrensaCooltivarte","https:\/\/www.tumblr.com\/blog\/cooltivarte"],"url":"https:\/\/cooltivarte.com\/portal\/author\/cooltivarte\/"}]}},"_links":{"self":[{"href":"https:\/\/cooltivarte.com\/portal\/wp-json\/wp\/v2\/posts\/79622","targetHints":{"allow":["GET"]}}],"collection":[{"href":"https:\/\/cooltivarte.com\/portal\/wp-json\/wp\/v2\/posts"}],"about":[{"href":"https:\/\/cooltivarte.com\/portal\/wp-json\/wp\/v2\/types\/post"}],"author":[{"embeddable":true,"href":"https:\/\/cooltivarte.com\/portal\/wp-json\/wp\/v2\/users\/8"}],"replies":[{"embeddable":true,"href":"https:\/\/cooltivarte.com\/portal\/wp-json\/wp\/v2\/comments?post=79622"}],"version-history":[{"count":1,"href":"https:\/\/cooltivarte.com\/portal\/wp-json\/wp\/v2\/posts\/79622\/revisions"}],"predecessor-version":[{"id":79624,"href":"https:\/\/cooltivarte.com\/portal\/wp-json\/wp\/v2\/posts\/79622\/revisions\/79624"}],"wp:featuredmedia":[{"embeddable":true,"href":"https:\/\/cooltivarte.com\/portal\/wp-json\/wp\/v2\/media\/79623"}],"wp:attachment":[{"href":"https:\/\/cooltivarte.com\/portal\/wp-json\/wp\/v2\/media?parent=79622"}],"wp:term":[{"taxonomy":"category","embeddable":true,"href":"https:\/\/cooltivarte.com\/portal\/wp-json\/wp\/v2\/categories?post=79622"},{"taxonomy":"post_tag","embeddable":true,"href":"https:\/\/cooltivarte.com\/portal\/wp-json\/wp\/v2\/tags?post=79622"}],"curies":[{"name":"wp","href":"https:\/\/api.w.org\/{rel}","templated":true}]}}