{"id":79438,"date":"2022-03-10T15:03:02","date_gmt":"2022-03-10T18:03:02","guid":{"rendered":"https:\/\/cooltivarte.com\/portal\/?p=79438"},"modified":"2022-03-10T19:46:12","modified_gmt":"2022-03-10T22:46:12","slug":"hasta-que-no-estes-en-su-lugar-libro-de-ilana-lamstein","status":"publish","type":"post","link":"https:\/\/cooltivarte.com\/portal\/hasta-que-no-estes-en-su-lugar-libro-de-ilana-lamstein\/","title":{"rendered":"Hasta que no est\u00e9s en su lugar &#8211; Libro de Ilana Lamstein"},"content":{"rendered":"<p><img fetchpriority=\"high\" decoding=\"async\" class=\"aligncenter wp-image-79439\" title=\"hasta que no estes en su lugar\" src=\"https:\/\/cooltivarte.com\/portal\/wp-content\/uploads\/2022\/03\/hasta-que-no-estes-en-su-lugar.jpg\" alt=\"hasta que no estes en su lugar\" width=\"400\" height=\"635\" srcset=\"https:\/\/cooltivarte.com\/portal\/wp-content\/uploads\/2022\/03\/hasta-que-no-estes-en-su-lugar.jpg 313w, https:\/\/cooltivarte.com\/portal\/wp-content\/uploads\/2022\/03\/hasta-que-no-estes-en-su-lugar-189x300.jpg 189w\" sizes=\"(max-width: 400px) 100vw, 400px\" \/><\/p>\n<h3>&nbsp;<\/h3>\n<h3>Hasta que no est\u00e9s en su lugar de Ilana Lamstein<\/h3>\n<p>&nbsp;<\/p>\n<p><strong>Introducci\u00f3n<\/strong><br \/>\nEl testimonio de <strong>M\u00f3nica Wartenberger<\/strong>, resume el impacto transgeneracional que tuvo y a\u00fan tiene el Holocausto jud\u00edo en los hijos y los nietos de sobrevivientes. Las atrocidades cometidas por los nazis y sus colaboradores atraviesan la vida personal y familiar, dejando cicatrices de dolor, tambi\u00e9n en aquellos descendientes, que no vivieron el horror de la guerra en carne propia. Su historia trasluce el dif\u00edcil mundo de los v\u00ednculos, la culpa, el perd\u00f3n, el amor compartido y los distintos sentimientos que el ser humano experimenta a partir de lo que vive, y el lugar que le toca ocupar en el entramado familiar. M\u00f3nica tiene 76 a\u00f1os, es viuda, madre de Jos\u00e9 y Elena, y abuela de 5 nietos.<\/p>\n<p>&nbsp;<\/p>\n<p><strong>Argumento<\/strong><br \/>\nEl padre de M\u00f3nica \u2013 <strong>Felix Wartenberger<\/strong> \u2013 abandona Berl\u00edn bajo dominio nazi y llega al Uruguay en 1938, donde conoce y se casa con<strong> Luisa Beckermann<\/strong> en 1942. Mientras que Luisa logra escapar de Alemania, Felix lo hace de manera forzosa, cuando bajo indulto, es liberado del campo de concentraci\u00f3n de Sachsenhausen junto a otros prisioneros. Una vez finalizada la guerra, el padre de M\u00f3nica recibe la noticia de que su primera esposa y sus dos hijos \u2013 a qui\u00e9nes cre\u00eda muertos \u2013 hab\u00edan sobrevivido la guerra. En 1947 Gerda y sus dos hijos llegan a Uruguay, cambiando el curso de la historia de ambas familias. M\u00f3nica con apenas 3 a\u00f1os de edad, sufre la desintegraci\u00f3n de su hogar y el posterior divorcio de sus padres.<\/p>\n<p>&nbsp;<\/p>\n<p><strong>Metodolog\u00eda<\/strong><br \/>\nEl relato subjetivo de M\u00f3nica, le confiere un valor \u00fanico e irrepetible a los acontecimientos en el contexto hist\u00f3rico de la guerra, y sus repercusiones. La complejidad de la historia y los vac\u00edos de informaci\u00f3n que presentaba M\u00f3nica en su descripci\u00f3n, me empujaron a trabajar exhaustivamente en la b\u00fasqueda de datos y documentaci\u00f3n sobre la cual sustentar la narraci\u00f3n.<\/p>\n<p>Ello devino en una investigaci\u00f3n que me puso en contacto con <strong>Jani Pietsch<\/strong>, historiadora y artista pl\u00e1stica alemana, que de forma muy sentida, me hizo llegar una valiosa informaci\u00f3n de los Archivos Estatales, a los cuales ten\u00eda acceso. Jani, junto a su hija <strong>Marie Rolshoven<\/strong>, dieron origen en Alemania al proyecto Denk Mal am Ort, con el cometido de &#8220;traer a la luz&#8221; la historia de familias deportadas, cuyas casa y apartamentos son hoy habitados por familias berlinesas. Esto cambia por completo la metodolog\u00eda de trabajo, genera una matriz confiable de los hechos y revela datos desconocidos, y por momentos encontrados, de aquellos que a M\u00f3nica le hicieron creer en su infancia. La dualidad entre los acontecimientos ocurridos y las asunciones de M\u00f3nica, psicol\u00f3gicamente ver\u00eddicas pero disociadas del plano f\u00e1ctico, le confieren al relato vivencial una nueva dimensi\u00f3n.<\/p>\n<p>&nbsp;<\/p>\n<p><strong>Dise\u00f1o y estructura<\/strong><br \/>\nEl libro respeta la ret\u00f3rica personal de M\u00f3nica y por lo tanto no siempre mantiene un orden lineal y cronol\u00f3gico de los hechos. Las entrevistas se intercalan con material bibliogr\u00e1fico, fotos y fuentes consultadas, que ampl\u00edan y extrapolan la historia individual e intransferible de M\u00f3nica hacia el contexto social, pol\u00edtico e hist\u00f3rico en que se desarrolla. El libro cuenta con el pr\u00f3logo de <strong>Teresa Porzecanski<\/strong>, las palabras del Ex \u2013 Embajador de Alemania en el Uruguay<strong> Ingo von Voss<\/strong>, y el an\u00e1lisis de <strong>Juli\u00e1n Schvindlerman<\/strong> y el aporte de<strong> Santiago Tric\u00e1nico<\/strong>.<\/p>\n<p>&nbsp;<\/p>\n<p>&nbsp;<br \/>\n<iframe title=\"YouTube video player\" src=\"https:\/\/www.youtube.com\/embed\/Cis7wEfDXCo\" width=\"100%\" height=\"415\" frameborder=\"0\" allowfullscreen=\"allowfullscreen\"><span style=\"display: inline-block; width: 0px; overflow: hidden; line-height: 0;\" data-mce-type=\"bookmark\" class=\"mce_SELRES_start\">\ufeff<\/span><\/iframe><br \/>\n<em>&nbsp;&#8220;<span style=\"font-family: Calibri, sans-serif;\">Tuve el privilegio de&nbsp;contar para el lanzamiento del libro con las figuras de Emma Sanguinetti y Roberto Cyjon, y como mentora a Teresa Porzecanski, qui\u00e9n me acompa\u00f1\u00f3 en el pr\u00f3logo del libro.<\/span>&#8220;<\/em><\/p>\n<p>&nbsp;<\/p>\n<p>&nbsp;<\/p>\n<div><a href=\"https:\/\/www.semanariohebreojai.com\/articulo\/4537\" target=\"_blank\" rel=\"noopener\">Ilana Lamstein presenta su libro en la NCI &#8211; Semanario<\/a><\/div>\n<div>&nbsp;<\/div>\n<div><a href=\"https:\/\/www.elpais.com.uy\/domingo\/holocausto-historia-uruguaya-familia-perseguida-nazis.html\" target=\"_blank\" rel=\"noopener\">Holocausto: una historia uruguaya sobre una familia perseguida por los nazis<\/a><\/div>\n<div>&nbsp;<\/div>\n<div><a href=\"https:\/\/www.canal10.com.uy\/ilana-lamstein-hasta-que-no-estes-su-lugar-n792264\" target=\"_blank\" rel=\"noopener\">Ilana Lamstein: Hasta que no est\u00e9s en su lugar<\/a><\/div>\n<div>&nbsp;<\/div>\n<div>\n<blockquote class=\"instagram-media\" style=\"background: #FFF; border: 0; border-radius: 3px; box-shadow: 0 0 1px 0 rgba(0,0,0,0.5),0 1px 10px 0 rgba(0,0,0,0.15); margin: 1px; max-width: 540px; min-width: 326px; padding: 0; width: calc(100% - 2px);\" data-instgrm-captioned=\"\" data-instgrm-permalink=\"https:\/\/www.instagram.com\/p\/CVZyn--LdxQ\/?utm_source=ig_embed&amp;utm_campaign=loading\" data-instgrm-version=\"14\">\n<div style=\"padding: 16px;\">\n<p>&nbsp;<\/p>\n<div style=\"display: flex; flex-direction: row; align-items: center;\">\n<div style=\"background-color: #f4f4f4; border-radius: 50%; flex-grow: 0; height: 40px; margin-right: 14px; width: 40px;\">&nbsp;<\/div>\n<div style=\"display: flex; flex-direction: column; flex-grow: 1; justify-content: center;\">\n<div style=\"background-color: #f4f4f4; border-radius: 4px; flex-grow: 0; height: 14px; margin-bottom: 6px; width: 100px;\">&nbsp;<\/div>\n<div style=\"background-color: #f4f4f4; border-radius: 4px; flex-grow: 0; height: 14px; width: 60px;\">&nbsp;<\/div>\n<\/div>\n<\/div>\n<div style=\"padding: 19% 0;\">&nbsp;<\/div>\n<div style=\"display: block; height: 50px; margin: 0 auto 12px; width: 50px;\">&nbsp;<\/div>\n<div style=\"padding-top: 8px;\">\n<div style=\"color: #3897f0; font-family: Arial,sans-serif; font-size: 14px; font-style: normal; font-weight: 550; line-height: 18px;\">Ver esta publicaci\u00f3n en Instagram<\/div>\n<\/div>\n<div style=\"padding: 12.5% 0;\">&nbsp;<\/div>\n<div style=\"display: flex; flex-direction: row; margin-bottom: 14px; align-items: center;\">\n<div>\n<div style=\"background-color: #f4f4f4; border-radius: 50%; height: 12.5px; width: 12.5px; transform: translateX(0px) translateY(7px);\">&nbsp;<\/div>\n<div style=\"background-color: #f4f4f4; height: 12.5px; transform: rotate(-45deg) translateX(3px) translateY(1px); width: 12.5px; flex-grow: 0; margin-right: 14px; margin-left: 2px;\">&nbsp;<\/div>\n<div style=\"background-color: #f4f4f4; border-radius: 50%; height: 12.5px; width: 12.5px; transform: translateX(9px) translateY(-18px);\">&nbsp;<\/div>\n<\/div>\n<div style=\"margin-left: 8px;\">\n<div style=\"background-color: #f4f4f4; border-radius: 50%; flex-grow: 0; height: 20px; width: 20px;\">&nbsp;<\/div>\n<div style=\"width: 0; height: 0; border-top: 2px solid transparent; border-left: 6px solid #f4f4f4; border-bottom: 2px solid transparent; transform: translateX(16px) translateY(-4px) rotate(30deg);\">&nbsp;<\/div>\n<\/div>\n<div style=\"margin-left: auto;\">\n<div style=\"width: 0px; border-top: 8px solid #F4F4F4; border-right: 8px solid transparent; transform: translateY(16px);\">&nbsp;<\/div>\n<div style=\"background-color: #f4f4f4; flex-grow: 0; height: 12px; width: 16px; transform: translateY(-4px);\">&nbsp;<\/div>\n<div style=\"width: 0; height: 0; border-top: 8px solid #F4F4F4; border-left: 8px solid transparent; transform: translateY(-4px) translateX(8px);\">&nbsp;<\/div>\n<\/div>\n<\/div>\n<div style=\"display: flex; flex-direction: column; flex-grow: 1; justify-content: center; margin-bottom: 24px;\">\n<div style=\"background-color: #f4f4f4; border-radius: 4px; flex-grow: 0; height: 14px; margin-bottom: 6px; width: 224px;\">&nbsp;<\/div>\n<div style=\"background-color: #f4f4f4; border-radius: 4px; flex-grow: 0; height: 14px; width: 144px;\">&nbsp;<\/div>\n<\/div>\n<p>&nbsp;<\/p>\n<p style=\"color: #c9c8cd; font-family: Arial,sans-serif; font-size: 14px; line-height: 17px; margin-bottom: 0; margin-top: 8px; overflow: hidden; padding: 8px 0 7px; text-align: center; text-overflow: ellipsis; white-space: nowrap;\"><a style=\"color: #c9c8cd; font-family: Arial,sans-serif; font-size: 14px; font-style: normal; font-weight: normal; line-height: 17px; text-decoration: none;\" href=\"https:\/\/www.instagram.com\/p\/CVZyn--LdxQ\/?utm_source=ig_embed&amp;utm_campaign=loading\" target=\"_blank\" rel=\"noopener\">Una publicaci\u00f3n compartida por Fotografia+Arte (@ilanalamstein)<\/a><\/p>\n<\/div>\n<\/blockquote>\n<p><script async=\"\" src=\"\/\/www.instagram.com\/embed.js\"><\/script><\/p>\n<\/div>\n<div>&nbsp;<\/div>\n<div>&nbsp;<\/div>\n","protected":false},"excerpt":{"rendered":"<p>&nbsp; Hasta que no est\u00e9s en su lugar de Ilana Lamstein &nbsp; Introducci\u00f3n El testimonio de M\u00f3nica Wartenberger, resume el impacto transgeneracional que tuvo y a\u00fan tiene el Holocausto jud\u00edo en los hijos y los nietos de sobrevivientes. Las atrocidades cometidas por los nazis y sus colaboradores atraviesan la vida personal y familiar, dejando cicatrices [&hellip;]<\/p>\n","protected":false},"author":8,"featured_media":79439,"comment_status":"closed","ping_status":"closed","sticky":false,"template":"","format":"standard","meta":{"om_disable_all_campaigns":false,"ngg_post_thumbnail":0,"jnews-multi-image_gallery":[],"jnews_single_post":{"subtitle":"El testimonio de M\u00f3nica Wartenberger, resume el impacto transgeneracional que tuvo y a\u00fan tiene el Holocausto jud\u00edo en los hijos y los nietos de sobrevivientes.","format":"standard","video":"","gallery":"","source_name":"","source_url":"","via_name":"","via_url":"","override_template":"0","override":[{"template":"1","single_blog_custom":"","parallax":"1","fullscreen":"1","layout":"right-sidebar","sidebar":"default-sidebar","second_sidebar":"default-sidebar","sticky_sidebar":"1","share_position":"top","share_float_style":"share-monocrhome","show_share_counter":"1","show_view_counter":"1","show_featured":"1","show_post_meta":"1","show_post_author":"1","show_post_author_image":"1","show_post_date":"1","post_date_format":"default","post_date_format_custom":"Y\/m\/d","show_post_category":"1","show_post_reading_time":"0","post_reading_time_wpm":"300","show_zoom_button":"0","zoom_button_out_step":"2","zoom_button_in_step":"3","show_post_tag":"1","show_prev_next_post":"1","show_popup_post":"1","number_popup_post":"1","show_author_box":"0","show_post_related":"0","show_inline_post_related":"0"}],"override_image_size":"0","image_override":[{"single_post_thumbnail_size":"crop-500","single_post_gallery_size":"crop-500"}],"trending_post":"0","trending_post_position":"meta","trending_post_label":"Trending","sponsored_post":"0","sponsored_post_label":"Sponsored by","sponsored_post_name":"","sponsored_post_url":"","sponsored_post_logo_enable":"0","sponsored_post_logo":"","sponsored_post_desc":""},"jnews_primary_category":{"id":""},"jnews_social_meta":{"fb_title":"","fb_description":"","fb_image":"","twitter_title":"","twitter_description":"","twitter_image":""},"jnews_override_counter":{"override_view_counter":"0","view_counter_number":"0","override_share_counter":"0","share_counter_number":"0","override_like_counter":"0","like_counter_number":"0","override_dislike_counter":"0","dislike_counter_number":"0"},"footnotes":""},"categories":[13675],"tags":[16236,16238,16235,16237],"class_list":["post-79438","post","type-post","status-publish","format-standard","has-post-thumbnail","hentry","category-novedades","tag-hasta-que-no-estes-en-su-lugar","tag-holocausto-judio","tag-ilana-lamstein","tag-monica-wartenberger"],"yoast_head":"<!-- This site is optimized with the Yoast SEO plugin v27.4 - https:\/\/yoast.com\/product\/yoast-seo-wordpress\/ -->\n<title>Hasta que no est\u00e9s en su lugar - Libro de Ilana Lamstein - Cooltivarte Portal<\/title>\n<meta name=\"description\" content=\"El testimonio de M\u00f3nica Wartenberger, resume el impacto transgeneracional que tuvo y a\u00fan tiene el Holocausto jud\u00edo en los hijos y los nietos de sobrevivientes. Las atrocidades cometidas por los nazis y sus colaboradores atraviesan la vida personal y familiar, dejando cicatrices de dolor, tambi\u00e9n en aquellos descendientes, que no vivieron el horror de la guerra en carne propia.\" \/>\n<meta name=\"robots\" content=\"index, follow, max-snippet:-1, max-image-preview:large, max-video-preview:-1\" \/>\n<link rel=\"canonical\" href=\"https:\/\/cooltivarte.com\/portal\/hasta-que-no-estes-en-su-lugar-libro-de-ilana-lamstein\/\" \/>\n<meta property=\"og:locale\" content=\"es_ES\" \/>\n<meta property=\"og:type\" content=\"article\" \/>\n<meta property=\"og:title\" content=\"Hasta que no est\u00e9s en su lugar - Libro de Ilana Lamstein\" \/>\n<meta property=\"og:description\" content=\"El testimonio de M\u00f3nica Wartenberger, resume el impacto transgeneracional que tuvo y a\u00fan tiene el Holocausto jud\u00edo en los hijos y los nietos de sobrevivientes. Las atrocidades cometidas por los nazis y sus colaboradores atraviesan la vida personal y familiar, dejando cicatrices de dolor, tambi\u00e9n en aquellos descendientes, que no vivieron el horror de la guerra en carne propia.\" \/>\n<meta property=\"og:url\" content=\"https:\/\/cooltivarte.com\/portal\/hasta-que-no-estes-en-su-lugar-libro-de-ilana-lamstein\/\" \/>\n<meta property=\"og:site_name\" content=\"Cooltivarte Portal\" \/>\n<meta property=\"article:publisher\" content=\"https:\/\/www.facebook.com\/cooltivartecom\/\" \/>\n<meta property=\"article:author\" content=\"https:\/\/www.facebook.com\/cooltivartecom\" \/>\n<meta property=\"article:published_time\" content=\"2022-03-10T18:03:02+00:00\" \/>\n<meta property=\"article:modified_time\" content=\"2022-03-10T22:46:12+00:00\" \/>\n<meta property=\"og:image\" content=\"https:\/\/cooltivarte.com\/portal\/wp-content\/uploads\/2022\/03\/hasta-que-no-estes-en-su-lugar.jpg\" \/>\n\t<meta property=\"og:image:width\" content=\"313\" \/>\n\t<meta property=\"og:image:height\" content=\"497\" \/>\n\t<meta property=\"og:image:type\" content=\"image\/jpeg\" \/>\n<meta name=\"author\" content=\"Cooltivarte\" \/>\n<meta name=\"twitter:card\" content=\"summary_large_image\" \/>\n<meta name=\"twitter:title\" content=\"Hasta que no est\u00e9s en su lugar - Libro de Ilana Lamstein\" \/>\n<meta name=\"twitter:description\" content=\"El testimonio de M\u00f3nica Wartenberger, resume el impacto transgeneracional que tuvo y a\u00fan tiene el Holocausto jud\u00edo en los hijos y los nietos de sobrevivientes. Las atrocidades cometidas por los nazis y sus colaboradores atraviesan la vida personal y familiar, dejando cicatrices de dolor, tambi\u00e9n en aquellos descendientes, que no vivieron el horror de la guerra en carne propia.\" \/>\n<meta name=\"twitter:image\" content=\"https:\/\/cooltivarte.com\/portal\/wp-content\/uploads\/2022\/03\/hasta-que-no-estes-en-su-lugar.jpg\" \/>\n<meta name=\"twitter:creator\" content=\"@https:\/\/x.com\/obolocultural\" \/>\n<meta name=\"twitter:site\" content=\"@obolocultural\" \/>\n<meta name=\"twitter:label1\" content=\"Escrito por\" \/>\n\t<meta name=\"twitter:data1\" content=\"Cooltivarte\" \/>\n\t<meta name=\"twitter:label2\" content=\"Tiempo de lectura\" \/>\n\t<meta name=\"twitter:data2\" content=\"4 minutos\" \/>\n<!-- \/ Yoast SEO plugin. -->","yoast_head_json":{"title":"Hasta que no est\u00e9s en su lugar - Libro de Ilana Lamstein - Cooltivarte Portal","description":"El testimonio de M\u00f3nica Wartenberger, resume el impacto transgeneracional que tuvo y a\u00fan tiene el Holocausto jud\u00edo en los hijos y los nietos de sobrevivientes. Las atrocidades cometidas por los nazis y sus colaboradores atraviesan la vida personal y familiar, dejando cicatrices de dolor, tambi\u00e9n en aquellos descendientes, que no vivieron el horror de la guerra en carne propia.","robots":{"index":"index","follow":"follow","max-snippet":"max-snippet:-1","max-image-preview":"max-image-preview:large","max-video-preview":"max-video-preview:-1"},"canonical":"https:\/\/cooltivarte.com\/portal\/hasta-que-no-estes-en-su-lugar-libro-de-ilana-lamstein\/","og_locale":"es_ES","og_type":"article","og_title":"Hasta que no est\u00e9s en su lugar - Libro de Ilana Lamstein","og_description":"El testimonio de M\u00f3nica Wartenberger, resume el impacto transgeneracional que tuvo y a\u00fan tiene el Holocausto jud\u00edo en los hijos y los nietos de sobrevivientes. Las atrocidades cometidas por los nazis y sus colaboradores atraviesan la vida personal y familiar, dejando cicatrices de dolor, tambi\u00e9n en aquellos descendientes, que no vivieron el horror de la guerra en carne propia.","og_url":"https:\/\/cooltivarte.com\/portal\/hasta-que-no-estes-en-su-lugar-libro-de-ilana-lamstein\/","og_site_name":"Cooltivarte Portal","article_publisher":"https:\/\/www.facebook.com\/cooltivartecom\/","article_author":"https:\/\/www.facebook.com\/cooltivartecom","article_published_time":"2022-03-10T18:03:02+00:00","article_modified_time":"2022-03-10T22:46:12+00:00","og_image":[{"width":313,"height":497,"url":"https:\/\/cooltivarte.com\/portal\/wp-content\/uploads\/2022\/03\/hasta-que-no-estes-en-su-lugar.jpg","type":"image\/jpeg"}],"author":"Cooltivarte","twitter_card":"summary_large_image","twitter_title":"Hasta que no est\u00e9s en su lugar - Libro de Ilana Lamstein","twitter_description":"El testimonio de M\u00f3nica Wartenberger, resume el impacto transgeneracional que tuvo y a\u00fan tiene el Holocausto jud\u00edo en los hijos y los nietos de sobrevivientes. Las atrocidades cometidas por los nazis y sus colaboradores atraviesan la vida personal y familiar, dejando cicatrices de dolor, tambi\u00e9n en aquellos descendientes, que no vivieron el horror de la guerra en carne propia.","twitter_image":"https:\/\/cooltivarte.com\/portal\/wp-content\/uploads\/2022\/03\/hasta-que-no-estes-en-su-lugar.jpg","twitter_creator":"@https:\/\/x.com\/obolocultural","twitter_site":"@obolocultural","twitter_misc":{"Escrito por":"Cooltivarte","Tiempo de lectura":"4 minutos"},"schema":{"@context":"https:\/\/schema.org","@graph":[{"@type":"NewsArticle","@id":"https:\/\/cooltivarte.com\/portal\/hasta-que-no-estes-en-su-lugar-libro-de-ilana-lamstein\/#article","isPartOf":{"@id":"https:\/\/cooltivarte.com\/portal\/hasta-que-no-estes-en-su-lugar-libro-de-ilana-lamstein\/"},"author":{"name":"Cooltivarte","@id":"https:\/\/cooltivarte.com\/portal\/#\/schema\/person\/ec2a4f4e71b740d0c559c0ab9a157e19"},"headline":"Hasta que no est\u00e9s en su lugar &#8211; Libro de Ilana Lamstein","datePublished":"2022-03-10T18:03:02+00:00","dateModified":"2022-03-10T22:46:12+00:00","mainEntityOfPage":{"@id":"https:\/\/cooltivarte.com\/portal\/hasta-que-no-estes-en-su-lugar-libro-de-ilana-lamstein\/"},"wordCount":719,"publisher":{"@id":"https:\/\/cooltivarte.com\/portal\/#organization"},"image":{"@id":"https:\/\/cooltivarte.com\/portal\/hasta-que-no-estes-en-su-lugar-libro-de-ilana-lamstein\/#primaryimage"},"thumbnailUrl":"https:\/\/cooltivarte.com\/portal\/wp-content\/uploads\/2022\/03\/hasta-que-no-estes-en-su-lugar.jpg","keywords":["Hasta que no est\u00e9s en su lugar","Holocausto jud\u00edo","Ilana Lamstein","M\u00f3nica Wartenberger"],"articleSection":["Novedades"],"inLanguage":"es-AR"},{"@type":"WebPage","@id":"https:\/\/cooltivarte.com\/portal\/hasta-que-no-estes-en-su-lugar-libro-de-ilana-lamstein\/","url":"https:\/\/cooltivarte.com\/portal\/hasta-que-no-estes-en-su-lugar-libro-de-ilana-lamstein\/","name":"Hasta que no est\u00e9s en su lugar - Libro de Ilana Lamstein - Cooltivarte Portal","isPartOf":{"@id":"https:\/\/cooltivarte.com\/portal\/#website"},"primaryImageOfPage":{"@id":"https:\/\/cooltivarte.com\/portal\/hasta-que-no-estes-en-su-lugar-libro-de-ilana-lamstein\/#primaryimage"},"image":{"@id":"https:\/\/cooltivarte.com\/portal\/hasta-que-no-estes-en-su-lugar-libro-de-ilana-lamstein\/#primaryimage"},"thumbnailUrl":"https:\/\/cooltivarte.com\/portal\/wp-content\/uploads\/2022\/03\/hasta-que-no-estes-en-su-lugar.jpg","datePublished":"2022-03-10T18:03:02+00:00","dateModified":"2022-03-10T22:46:12+00:00","description":"El testimonio de M\u00f3nica Wartenberger, resume el impacto transgeneracional que tuvo y a\u00fan tiene el Holocausto jud\u00edo en los hijos y los nietos de sobrevivientes. Las atrocidades cometidas por los nazis y sus colaboradores atraviesan la vida personal y familiar, dejando cicatrices de dolor, tambi\u00e9n en aquellos descendientes, que no vivieron el horror de la guerra en carne propia.","breadcrumb":{"@id":"https:\/\/cooltivarte.com\/portal\/hasta-que-no-estes-en-su-lugar-libro-de-ilana-lamstein\/#breadcrumb"},"inLanguage":"es-AR","potentialAction":[{"@type":"ReadAction","target":["https:\/\/cooltivarte.com\/portal\/hasta-que-no-estes-en-su-lugar-libro-de-ilana-lamstein\/"]}]},{"@type":"ImageObject","inLanguage":"es-AR","@id":"https:\/\/cooltivarte.com\/portal\/hasta-que-no-estes-en-su-lugar-libro-de-ilana-lamstein\/#primaryimage","url":"https:\/\/cooltivarte.com\/portal\/wp-content\/uploads\/2022\/03\/hasta-que-no-estes-en-su-lugar.jpg","contentUrl":"https:\/\/cooltivarte.com\/portal\/wp-content\/uploads\/2022\/03\/hasta-que-no-estes-en-su-lugar.jpg","width":313,"height":497,"caption":"hasta que no estes en su lugar"},{"@type":"BreadcrumbList","@id":"https:\/\/cooltivarte.com\/portal\/hasta-que-no-estes-en-su-lugar-libro-de-ilana-lamstein\/#breadcrumb","itemListElement":[{"@type":"ListItem","position":1,"name":"Portada","item":"https:\/\/cooltivarte.com\/portal\/"},{"@type":"ListItem","position":2,"name":"Hasta que no est\u00e9s en su lugar &#8211; Libro de Ilana Lamstein"}]},{"@type":"WebSite","@id":"https:\/\/cooltivarte.com\/portal\/#website","url":"https:\/\/cooltivarte.com\/portal\/","name":"Cooltivarte Portal","description":"Arte, cultura y turismo para el mundo ...","publisher":{"@id":"https:\/\/cooltivarte.com\/portal\/#organization"},"potentialAction":[{"@type":"SearchAction","target":{"@type":"EntryPoint","urlTemplate":"https:\/\/cooltivarte.com\/portal\/?s={search_term_string}"},"query-input":{"@type":"PropertyValueSpecification","valueRequired":true,"valueName":"search_term_string"}}],"inLanguage":"es-AR"},{"@type":"Organization","@id":"https:\/\/cooltivarte.com\/portal\/#organization","name":"cooltivarte","url":"https:\/\/cooltivarte.com\/portal\/","logo":{"@type":"ImageObject","inLanguage":"es-AR","@id":"https:\/\/cooltivarte.com\/portal\/#\/schema\/logo\/image\/","url":"https:\/\/cooltivarte.com\/portal\/wp-content\/uploads\/2020\/04\/logo-cooltivarte-v2.png","contentUrl":"https:\/\/cooltivarte.com\/portal\/wp-content\/uploads\/2020\/04\/logo-cooltivarte-v2.png","width":851,"height":243,"caption":"cooltivarte"},"image":{"@id":"https:\/\/cooltivarte.com\/portal\/#\/schema\/logo\/image\/"},"sameAs":["https:\/\/www.facebook.com\/cooltivartecom\/","https:\/\/x.com\/obolocultural","https:\/\/www.instagram.com\/_cooltivarte_\/","https:\/\/www.linkedin.com\/company\/-bolocultural?reportsuccess=8zaNG1HwhPbAR9iQhZ5rfGeqz_vQFftHun0ZWU0Wy9vNemRJ8vtcKdJvzQfW8XagyOJSKg0XvfJ1dp","https:\/\/www.pinterest.com\/cooltivarte\/","https:\/\/cooltivarte.tumblr.com\/","https:\/\/www.tiktok.com\/@cooltivarte","https:\/\/www.youtube.com\/@PrensaCooltivarte"]},{"@type":"Person","@id":"https:\/\/cooltivarte.com\/portal\/#\/schema\/person\/ec2a4f4e71b740d0c559c0ab9a157e19","name":"Cooltivarte","image":{"@type":"ImageObject","inLanguage":"es-AR","@id":"https:\/\/cooltivarte.com\/portal\/wp-content\/uploads\/2014\/05\/logo-cooltivarte-120x120.jpg","url":"https:\/\/cooltivarte.com\/portal\/wp-content\/uploads\/2014\/05\/logo-cooltivarte-120x120.jpg","contentUrl":"https:\/\/cooltivarte.com\/portal\/wp-content\/uploads\/2014\/05\/logo-cooltivarte-120x120.jpg","caption":"Cooltivarte"},"description":"Somos COOLTIVARTE.COM. Un portal digital dedicado a difundir el acontecer art\u00edstico y cultural del Uruguay. Estamos en la vuelta desde el a\u00f1o 2003, y como evoluci\u00f3n del bolet\u00edn Obolo Cultural, nos encontramos abocados a apoyar a los artistas nacionales brind\u00e1ndoles un espacio de difusi\u00f3n. Creemos en la idea de utilizar la potencialidad que hoy d\u00eda nos otorga la web, para que la cultura uruguaya y sus creadores dispongan de una din\u00e1mica ventana, que los ponga en contacto entre s\u00ed y con el mundo. Somos COOLTIVARTE.COM y pretendemos configurarnos como un portal din\u00e1mico, entretenido y atento a los nuevos emprendimientos, que busque siempre la interacci\u00f3n con los artistas.","sameAs":["http:\/\/www.cooltivarte.com","https:\/\/www.facebook.com\/cooltivartecom","https:\/\/www.instagram.com\/_cooltivarte_\/","https:\/\/www.linkedin.com\/company\/-bolocultural","https:\/\/www.pinterest.com\/cooltivarte\/","https:\/\/x.com\/https:\/\/x.com\/obolocultural","https:\/\/www.youtube.com\/@PrensaCooltivarte","https:\/\/www.tumblr.com\/blog\/cooltivarte"],"url":"https:\/\/cooltivarte.com\/portal\/author\/cooltivarte\/"}]}},"_links":{"self":[{"href":"https:\/\/cooltivarte.com\/portal\/wp-json\/wp\/v2\/posts\/79438","targetHints":{"allow":["GET"]}}],"collection":[{"href":"https:\/\/cooltivarte.com\/portal\/wp-json\/wp\/v2\/posts"}],"about":[{"href":"https:\/\/cooltivarte.com\/portal\/wp-json\/wp\/v2\/types\/post"}],"author":[{"embeddable":true,"href":"https:\/\/cooltivarte.com\/portal\/wp-json\/wp\/v2\/users\/8"}],"replies":[{"embeddable":true,"href":"https:\/\/cooltivarte.com\/portal\/wp-json\/wp\/v2\/comments?post=79438"}],"version-history":[{"count":5,"href":"https:\/\/cooltivarte.com\/portal\/wp-json\/wp\/v2\/posts\/79438\/revisions"}],"predecessor-version":[{"id":79448,"href":"https:\/\/cooltivarte.com\/portal\/wp-json\/wp\/v2\/posts\/79438\/revisions\/79448"}],"wp:featuredmedia":[{"embeddable":true,"href":"https:\/\/cooltivarte.com\/portal\/wp-json\/wp\/v2\/media\/79439"}],"wp:attachment":[{"href":"https:\/\/cooltivarte.com\/portal\/wp-json\/wp\/v2\/media?parent=79438"}],"wp:term":[{"taxonomy":"category","embeddable":true,"href":"https:\/\/cooltivarte.com\/portal\/wp-json\/wp\/v2\/categories?post=79438"},{"taxonomy":"post_tag","embeddable":true,"href":"https:\/\/cooltivarte.com\/portal\/wp-json\/wp\/v2\/tags?post=79438"}],"curies":[{"name":"wp","href":"https:\/\/api.w.org\/{rel}","templated":true}]}}