{"id":79383,"date":"2022-03-09T19:10:49","date_gmt":"2022-03-09T22:10:49","guid":{"rendered":"https:\/\/cooltivarte.com\/portal\/?p=79383"},"modified":"2022-03-10T10:38:48","modified_gmt":"2022-03-10T13:38:48","slug":"la-cosa-es-asi-entrevista-a-mateo-navarrete-de-contrarreloj","status":"publish","type":"post","link":"https:\/\/cooltivarte.com\/portal\/la-cosa-es-asi-entrevista-a-mateo-navarrete-de-contrarreloj\/","title":{"rendered":"La Cosa Es As\u00ed \u2013 Entrevista a Mateo Navarrete de Contrarreloj"},"content":{"rendered":"<figure id=\"attachment_79384\" aria-describedby=\"caption-attachment-79384\" style=\"width: 616px\" class=\"wp-caption aligncenter\"><img fetchpriority=\"high\" decoding=\"async\" class=\"wp-image-79384 size-full\" title=\"mateo navarrete - contrarreloj - magnolio\" src=\"https:\/\/cooltivarte.com\/portal\/wp-content\/uploads\/2022\/03\/mateo-navarrete-contrarreloj-magnolio.jpg\" alt=\"mateo navarrete contrarreloj magnolio\" width=\"616\" height=\"616\" srcset=\"https:\/\/cooltivarte.com\/portal\/wp-content\/uploads\/2022\/03\/mateo-navarrete-contrarreloj-magnolio.jpg 616w, https:\/\/cooltivarte.com\/portal\/wp-content\/uploads\/2022\/03\/mateo-navarrete-contrarreloj-magnolio-300x300.jpg 300w, https:\/\/cooltivarte.com\/portal\/wp-content\/uploads\/2022\/03\/mateo-navarrete-contrarreloj-magnolio-150x150.jpg 150w, https:\/\/cooltivarte.com\/portal\/wp-content\/uploads\/2022\/03\/mateo-navarrete-contrarreloj-magnolio-120x120.jpg 120w, https:\/\/cooltivarte.com\/portal\/wp-content\/uploads\/2022\/03\/mateo-navarrete-contrarreloj-magnolio-75x75.jpg 75w\" sizes=\"(max-width: 616px) 100vw, 616px\" \/><figcaption id=\"caption-attachment-79384\" class=\"wp-caption-text\">mateo navarrete &#8211; contrarreloj &#8211; magnolio<\/figcaption><\/figure>\n<h4><strong>Mateo Navarrete<\/strong> es el cantante, guitarrista y compositor de <a href=\"https:\/\/www.facebook.com\/contrarreloj.uy\" target=\"_blank\" rel=\"noopener\">Contrarreloj<\/a>, banda fundada en 2017 en Montevideo.<\/h4>\n<h4>La banda se coron\u00f3 ganadora de la edici\u00f3n 2019 de la Movida Joven, a\u00f1o en el que tambi\u00e9n edit\u00f3 su disco debut. Titulado \u201cContrarreloj\u201d y publicado de manera independiente, sus canciones fueron presentadas en escenarios capitalinos que incluyeron la Sala Zitarrosa, Montevideo Music Box y el Teatro el Galp\u00f3n, como as\u00ed tambi\u00e9n en una gira por el Departamento de Colonia en abril de 2021.<\/h4>\n<h4>Contrarreloj es un exponente de la veta rockera que siempre late en Uruguay, indistintamente de las modas o tendencias que puedan cautivar a los m\u00e1s j\u00f3venes. Tuvimos la posibilidad de entrevistar a Mateo, quien &nbsp;nos adelant\u00f3 varios detalles del primer show de la banda de \u00e9ste a\u00f1o, el pr\u00f3ximo 19 de marzo en la Sala Camacu\u00e1.<\/h4>\n<p>&nbsp;<\/p>\n<p><strong>\u2013Son una banda integrada por miembros j\u00f3venes, cuyas edades rondan los 20 a\u00f1os. Y algo inherente a la juventud es el deseo de cambiar el mundo, cuestionar el <em>status quo<\/em> y transgredir ciertos l\u00edmites preexistentes. \u00bfSent\u00eds que esto se aplica a ustedes? <\/strong><\/p>\n<p>\u2013Totalmente, y m\u00e1s con la realidad del mundo de hoy. Pero es algo que va desde el inconsciente, al menos en m\u00ed caso. Como compositor, no es algo en lo que piense demasiado. Sucede s\u00ed que &nbsp;despu\u00e9s me pongo a analizar mis letras, y me encuentro con eso, con que critico lo que pienso que est\u00e1 mal, y con que alabo lo que siento que est\u00e1 bien.<\/p>\n<p>&nbsp;<\/p>\n<p><strong>\u2013\u00bfEs correcto asumir que vos funcion\u00e1s como el ariete creativo del grupo?<\/strong><\/p>\n<p>\u2013En la banda, yo soy el que hace las canciones \u201cdesnudas\u201d o \u201climpias\u201d por as\u00ed decirlo. Despu\u00e9s cuando se las presento a los chicos, cada uno aporta lo suyo. A m\u00ed me gusta consumir m\u00fasica muy heterog\u00e9nea, y la m\u00fasica que hacemos es un licuado de todo eso que consumo. Yo escucho tanto a los Beatles como a los Stones, tanto a Los Redondos como a Soda, tanto a Jaime como a Rada. No tengo prejuicios musicales, y me gusta que sea as\u00ed.<\/p>\n<p>&nbsp;<\/p>\n<p><img decoding=\"async\" class=\"aligncenter wp-image-79387 size-full\" title=\"Contrarreloj\" src=\"https:\/\/cooltivarte.com\/portal\/wp-content\/uploads\/2022\/03\/contrarreloj-magnolio.jpg\" alt=\"Contrarreloj\" width=\"924\" height=\"616\" srcset=\"https:\/\/cooltivarte.com\/portal\/wp-content\/uploads\/2022\/03\/contrarreloj-magnolio.jpg 924w, https:\/\/cooltivarte.com\/portal\/wp-content\/uploads\/2022\/03\/contrarreloj-magnolio-300x200.jpg 300w, https:\/\/cooltivarte.com\/portal\/wp-content\/uploads\/2022\/03\/contrarreloj-magnolio-768x512.jpg 768w\" sizes=\"(max-width: 924px) 100vw, 924px\" \/><\/p>\n<p>&nbsp;<\/p>\n<p>&nbsp;<\/p>\n<p><strong>\u2013El debut de la banda fue publicado en 2019, y \u00e9ste disco fue seguido por uno en vivo, registrado en la Sala Zitarrosa en el marco de la Movida Joven. \u00bfQu\u00e9 tan inminente es la edici\u00f3n de un nuevo \u00e1lbum?<\/strong><\/p>\n<p>\u2013Te dir\u00eda que el nuevo disco pr\u00e1cticamente existe, pero por distintas consideraciones f\u00edsicas \u00e9ste a\u00f1o vamos a aplicar una estrategia diferente, que consiste en grabar e ir presentando las canciones de ese disco como <em>singles<\/em>, y llegado el caso presentar ya un trabajo m\u00e1s colectivo.<\/p>\n<p>Si bien nosotros consumimos discos, hoy en d\u00eda hay que adaptarse a que el mercado musical actualmente es as\u00ed. Y sentimos que si publicamos las canciones de modo individual se van a valorar mucho m\u00e1s que si las editamos de modo colectivo. En un \u00e1lbum, puede pasar que las canciones queden aisladas, y que no se valoren tanto. As\u00ed que con \u00e9ste esquema de publicaci\u00f3n sentimos que puede funcionar un poco mejor.<\/p>\n<p>&nbsp;<\/p>\n<p><strong>\u2013Adem\u00e1s de haberse presentado en escenarios montevideanos como la Sala Zitarrosa, Complejo Sala Show y el Teatro El Galp\u00f3n, a inicios de 2021 realizaron una gira por el Oeste del pa\u00eds, actuando en Colonia, Carmelo y Tarariras. Lo cual me parece admirable \u2013 salir de gira es todo un desaf\u00edo, especialmente cuando uno es tan joven. No todos est\u00e1n dispuestos a hacer algo tan jugado.<\/strong><\/p>\n<p>\u2013Y, \u201cel que no arriesga no gana\u201d. Y \u201cel que abandona, no tiene premio\u201d. No queda otra. Yo tengo una filosof\u00eda muy naturalista, por as\u00ed decirlo. Creo que no sabemos qu\u00e9 va a pasar ma\u00f1ana. Y quiero quedarme tranquilo conmigo mismo, sabiendo que por lo menos lo intent\u00e9. Y adem\u00e1s confiamos mucho en las canciones, sentimos que hay un potencial muy grande. Y confiamos que a ese potencial y a ese \u201ctalento\u201d lo apoye cada vez m\u00e1s el trabajo. Porque las cosas no vienen solas. Todo lo que hacemos nos cuesta un mont\u00f3n, y eso no se ve. Pero es el camino para seguir creciendo, y ser cada vez m\u00e1s.<\/p>\n<p>&nbsp;<\/p>\n<p><iframe title=\"YouTube video player\" src=\"https:\/\/www.youtube.com\/embed\/Va3nc8lVEV8\" allowfullscreen=\"allowfullscreen\" width=\"100%\" height=\"415\" frameborder=\"0\"><span style=\"display: inline-block; width: 0px; overflow: hidden; line-height: 0;\" data-mce-type=\"bookmark\" class=\"mce_SELRES_start\">\ufeff<\/span><\/iframe><\/p>\n<p>&nbsp;<\/p>\n<p><strong>\u2013\u00bfY qu\u00e9 evoluci\u00f3n not\u00e1s vos en materia compositiva luego de haber editado un disco y de haber presentado sus canciones en contextos tan distintos, y ante p\u00fablicos tan variados?&nbsp; <\/strong><\/p>\n<p>\u2013Siento que tengo una evoluci\u00f3n compositiva en cuanto el rumbo de las canciones nuevas, ahora no est\u00e1 tan definido como el de las canciones anteriores. Eso me gusta, me gusta que cada persona se haga su canci\u00f3n, y que la canci\u00f3n sea de quien la escucha. Siento que he evolucionado en eso. Y tambi\u00e9n not\u00f3 una evoluci\u00f3n est\u00e9tica. A m\u00ed me inspira mucho el cine, y lo audiovisual. Obtengo muchas influencias de eso, influencias que me ayudan a navegar en otros mundos.<\/p>\n<p>&nbsp;<\/p>\n<p><strong>\u2013\u00bfCu\u00e1les son tus referentes de la escena local? \u00bfCon qu\u00e9 bandas creciste, hay alguna banda que sientas que haya nutrido tu m\u00fasica muy especialmente?<\/strong><\/p>\n<p>\u2013Para m\u00ed ser\u00eda un sue\u00f1o compartir un show tanto con La Vela Puerca como No Te Va Gustar. Soy muy seguidor de ambas bandas, y s\u00e9 que ellos no tuvieron un referente de rock puro y duro a nivel nacional. Pero a m\u00ed me pasa que s\u00ed, que tengo a estas dos bandas que son como un padre y una madre. Y poder compartir un momento con cualquiera de las dos ser\u00eda incre\u00edble. Esas son las dos primeras que me vienen a la cabeza, pero la realidad es que el talento que hay en nuestro pa\u00eds es abrumador, sobre todo teniendo en cuenta la poblaci\u00f3n de Uruguay. Otra banda con la que ser\u00eda un honor compartir un evento es &nbsp;Et\u00e9 &amp; Los Problems.<\/p>\n<p>&nbsp;<\/p>\n<p><strong>\u2013Y mirando un poco m\u00e1s all\u00e1, \u00bfqu\u00e9 bandas argentinas les gustar\u00eda telonear?<\/strong><\/p>\n<p>\u2013Un mont\u00f3n. Ciro y Los Persas, por ejemplo. Tiene un p\u00fablico que ser\u00eda af\u00edn con nuestra propuesta, y es un referente indudable. Tambi\u00e9n los Fundamentalistas. Son artistas con los que sentimos una gran afinidad, por m\u00e1s que no los conozcamos en persona.<\/p>\n<p>&nbsp;<\/p>\n<p><img decoding=\"async\" class=\"aligncenter size-large wp-image-79385\" src=\"https:\/\/cooltivarte.com\/portal\/wp-content\/uploads\/2022\/03\/contrarreloj-sala-camacua-820x1024.jpg\" alt=\"\" width=\"820\" height=\"1024\" srcset=\"https:\/\/cooltivarte.com\/portal\/wp-content\/uploads\/2022\/03\/contrarreloj-sala-camacua-820x1024.jpg 820w, https:\/\/cooltivarte.com\/portal\/wp-content\/uploads\/2022\/03\/contrarreloj-sala-camacua-240x300.jpg 240w, https:\/\/cooltivarte.com\/portal\/wp-content\/uploads\/2022\/03\/contrarreloj-sala-camacua-768x959.jpg 768w, https:\/\/cooltivarte.com\/portal\/wp-content\/uploads\/2022\/03\/contrarreloj-sala-camacua-1230x1536.jpg 1230w, https:\/\/cooltivarte.com\/portal\/wp-content\/uploads\/2022\/03\/contrarreloj-sala-camacua.jpg 1640w\" sizes=\"(max-width: 820px) 100vw, 820px\" \/><\/p>\n<p>&nbsp;<\/p>\n<p>&nbsp;<\/p>\n<p><strong>\u2013El primer show de 2022 llega despu\u00e9s de un a\u00f1o en el que estuvieron muy activos, en 2021 tocaron no menos de tres veces en Magnolio Sala. \u00c9ste nuevo show va ser el 19 de marzo en la Sala Camacu\u00e1, una sala que ustedes tambi\u00e9n ya conocen. \u00bfQu\u00e9 particularidades va a tener \u00e9ste nuevo espect\u00e1culo?<\/strong><\/p>\n<p>\u2013Como todo nos cuesta tanto, siempre abordamos cada show pensando que \u00e9se show va a ser el mejor de nuestra carrera. \u00c9sta preparaci\u00f3n no es la excepci\u00f3n, vamos a tocar con invitados, vamos a estrenar un tema nuevo. Y vamos a tocar pr\u00e1cticamente todo el repertorio que acompa\u00f1a a la banda desde hace a\u00f1os. Algo que nos gusta mucho es hablar con la gente luego, y preguntarle \u201c\u00bfvali\u00f3 la pena el precio de la entrada, vali\u00f3 la pena venir?\u201d. Y siempre hemos tenido respuestas favorables. Y eso nos motiva para seguir, y buscar que cada vez valga m\u00e1s la pena.<\/p>\n<p>&nbsp;<\/p>\n<p><strong>\u2013\u00bfQu\u00e9 le depara este a\u00f1o a la banda? \u00bfYa tienen alguna otra fecha agendada?<\/strong><\/p>\n<p>\u2013Fechas concretas de momento no, pero s\u00ed hay en mente una nueva gira. Tambi\u00e9n nos gustar\u00eda tocar en La Trastienda, o en alg\u00fan festival. La idea es apuntar siempre m\u00e1s alto. Inevitablemente, pensamos cada vez m\u00e1s en grande. Y sentimos que tenemos que estar preparados, porque la ocasi\u00f3n puede llegar en cualquier momento.<\/p>\n<p>&nbsp;<\/p>\n<p><strong>\u2013Muchas gracias Mateo, te pido por \u00faltimo que invites al p\u00fablico al show.<\/strong><\/p>\n<p>\u2013\u00a1Muchas gracias a ustedes por el espacio! S\u00e1bado 19 de marzo, 21:00 horas, nos encontramos en la Sala Camacu\u00e1. Para la gente que no nos conoce, \u00e9sta es una gran carta de presentaci\u00f3n. Los esperamos a todos, y esperamos que pasen muy bien.<\/p>\n<p>&nbsp;<\/p>\n<p><strong><em>Entradas disponibles en <a href=\"https:\/\/redtickets.uy\/evento\/Contrarreloj\/6760\" target=\"_blank\" rel=\"noopener\">RedTickets<\/a>.<\/em><\/strong><\/p>\n<p>&nbsp;<\/p>\n<p>&nbsp;<\/p>\n<p>&nbsp;<\/p>\n<p>&nbsp;<\/p>\n","protected":false},"excerpt":{"rendered":"<p>Mateo Navarrete es el cantante, guitarrista y compositor de Contrarreloj, banda fundada en 2017 en Montevideo. La banda se coron\u00f3 ganadora de la edici\u00f3n 2019 de la Movida Joven, a\u00f1o en el que tambi\u00e9n edit\u00f3 su disco debut. Titulado \u201cContrarreloj\u201d y publicado de manera independiente, sus canciones fueron presentadas en escenarios capitalinos que incluyeron la [&hellip;]<\/p>\n","protected":false},"author":5,"featured_media":79384,"comment_status":"closed","ping_status":"closed","sticky":false,"template":"","format":"standard","meta":{"om_disable_all_campaigns":false,"ngg_post_thumbnail":0,"jnews-multi-image_gallery":[],"jnews_single_post":{"subtitle":"La banda se presenta el 19 de marzo en la Sala Camacu\u00e1","format":"standard","video":"","gallery":"","source_name":"","source_url":"","via_name":"","via_url":"","override_template":"0","override":[{"template":"1","single_blog_custom":"","parallax":"1","fullscreen":"1","layout":"right-sidebar","sidebar":"default-sidebar","second_sidebar":"default-sidebar","sticky_sidebar":"1","share_position":"top","share_float_style":"share-monocrhome","show_share_counter":"1","show_view_counter":"1","show_featured":"1","show_post_meta":"1","show_post_author":"1","show_post_author_image":"1","show_post_date":"1","post_date_format":"default","post_date_format_custom":"Y\/m\/d","show_post_category":"1","show_post_reading_time":"0","post_reading_time_wpm":"300","show_zoom_button":"0","zoom_button_out_step":"2","zoom_button_in_step":"3","show_post_tag":"1","show_prev_next_post":"1","show_popup_post":"1","number_popup_post":"1","show_author_box":"0","show_post_related":"0","show_inline_post_related":"0"}],"override_image_size":"0","image_override":[{"single_post_thumbnail_size":"crop-500","single_post_gallery_size":"crop-500"}],"trending_post":"0","trending_post_position":"meta","trending_post_label":"Trending","sponsored_post":"0","sponsored_post_label":"Sponsored by","sponsored_post_name":"","sponsored_post_url":"","sponsored_post_logo_enable":"0","sponsored_post_logo":"","sponsored_post_desc":""},"jnews_primary_category":{"id":""},"jnews_social_meta":{"fb_title":"","fb_description":"","fb_image":"","twitter_title":"","twitter_description":"","twitter_image":""},"jnews_override_counter":{"override_view_counter":"0","view_counter_number":"0","override_share_counter":"0","share_counter_number":"0","override_like_counter":"0","like_counter_number":"0","override_dislike_counter":"0","dislike_counter_number":"0"},"footnotes":""},"categories":[59],"tags":[10766,159,63,9759,16233,95,532,71,4389,62],"class_list":["post-79383","post","type-post","status-publish","format-standard","has-post-thumbnail","hentry","category-musicos","tag-contrarreloj","tag-el-galpon","tag-entrevista","tag-magnolio-sala","tag-mateo-navarrete","tag-rock","tag-rock-nacional","tag-rock-uruguayo","tag-sala-camacua","tag-sala-zitarrosa"],"yoast_head":"<!-- This site is optimized with the Yoast SEO plugin v27.5 - https:\/\/yoast.com\/product\/yoast-seo-wordpress\/ -->\n<title>La Cosa Es As\u00ed \u2013 Entrevista a Mateo Navarrete de Contrarreloj - Cooltivarte Portal<\/title>\n<meta name=\"description\" content=\"Mateo Navarrete es el cantante, guitarrista y compositor de Contrarreloj, banda fundada en 2017 en Montevideo. La banda se coron\u00f3 ganadora de la edici\u00f3n 2019 de la Movida Joven, a\u00f1o en el que tambi\u00e9n edit\u00f3 su disco debut. Titulado \u201cContrarreloj\u201d y publicado de manera independiente, sus canciones fueron presentadas en escenarios capitalinos que incluyeron la Sala Zitarrosa, Montevideo Music Box y el Teatro el Galp\u00f3n, como as\u00ed tambi\u00e9n en una gira por el Departamento de Colonia en abril de 2021.\" \/>\n<meta name=\"robots\" content=\"index, follow, max-snippet:-1, max-image-preview:large, max-video-preview:-1\" \/>\n<link rel=\"canonical\" href=\"https:\/\/cooltivarte.com\/portal\/la-cosa-es-asi-entrevista-a-mateo-navarrete-de-contrarreloj\/\" \/>\n<meta property=\"og:locale\" content=\"es_ES\" \/>\n<meta property=\"og:type\" content=\"article\" \/>\n<meta property=\"og:title\" content=\"La Cosa Es As\u00ed \u2013 Entrevista a Mateo Navarrete de Contrarreloj - La banda se presenta el 19 de marzo en la Sala Camacu\u00e1\" \/>\n<meta property=\"og:description\" content=\"Mateo Navarrete es el cantante, guitarrista y compositor de Contrarreloj, banda fundada en 2017 en Montevideo. La banda se coron\u00f3 ganadora de la edici\u00f3n 2019 de la Movida Joven, a\u00f1o en el que tambi\u00e9n edit\u00f3 su disco debut. Titulado \u201cContrarreloj\u201d y publicado de manera independiente, sus canciones fueron presentadas en escenarios capitalinos que incluyeron la Sala Zitarrosa, Montevideo Music Box y el Teatro el Galp\u00f3n, como as\u00ed tambi\u00e9n en una gira por el Departamento de Colonia en abril de 2021.\" \/>\n<meta property=\"og:url\" content=\"https:\/\/cooltivarte.com\/portal\/la-cosa-es-asi-entrevista-a-mateo-navarrete-de-contrarreloj\/\" \/>\n<meta property=\"og:site_name\" content=\"Cooltivarte Portal\" \/>\n<meta property=\"article:publisher\" content=\"https:\/\/www.facebook.com\/cooltivartecom\/\" \/>\n<meta property=\"article:author\" content=\"https:\/\/www.facebook.com\/cooltivartecom\/\" \/>\n<meta property=\"article:published_time\" content=\"2022-03-09T22:10:49+00:00\" \/>\n<meta property=\"article:modified_time\" content=\"2022-03-10T13:38:48+00:00\" \/>\n<meta property=\"og:image\" content=\"https:\/\/cooltivarte.com\/portal\/wp-content\/uploads\/2022\/03\/mateo-navarrete-contrarreloj-magnolio.jpg\" \/>\n\t<meta property=\"og:image:width\" content=\"616\" \/>\n\t<meta property=\"og:image:height\" content=\"616\" \/>\n\t<meta property=\"og:image:type\" content=\"image\/jpeg\" \/>\n<meta name=\"author\" content=\"Emilio P\u00e9rez Miguel\" \/>\n<meta name=\"twitter:card\" content=\"summary_large_image\" \/>\n<meta name=\"twitter:title\" content=\"La Cosa Es As\u00ed \u2013 Entrevista a Mateo Navarrete de Contrarreloj - La banda se presenta el 19 de marzo en la Sala Camacu\u00e1\" \/>\n<meta name=\"twitter:description\" content=\"Mateo Navarrete es el cantante, guitarrista y compositor de Contrarreloj, banda fundada en 2017 en Montevideo. La banda se coron\u00f3 ganadora de la edici\u00f3n 2019 de la Movida Joven, a\u00f1o en el que tambi\u00e9n edit\u00f3 su disco debut. Titulado \u201cContrarreloj\u201d y publicado de manera independiente, sus canciones fueron presentadas en escenarios capitalinos que incluyeron la Sala Zitarrosa, Montevideo Music Box y el Teatro el Galp\u00f3n, como as\u00ed tambi\u00e9n en una gira por el Departamento de Colonia en abril de 2021.\" \/>\n<meta name=\"twitter:image\" content=\"https:\/\/cooltivarte.com\/portal\/wp-content\/uploads\/2022\/03\/mateo-navarrete-contrarreloj-magnolio.jpg\" \/>\n<meta name=\"twitter:creator\" content=\"@https:\/\/twitter.com\/obolocultural\" \/>\n<meta name=\"twitter:site\" content=\"@obolocultural\" \/>\n<meta name=\"twitter:label1\" content=\"Escrito por\" \/>\n\t<meta name=\"twitter:data1\" content=\"Emilio P\u00e9rez Miguel\" \/>\n\t<meta name=\"twitter:label2\" content=\"Tiempo de lectura\" \/>\n\t<meta name=\"twitter:data2\" content=\"7 minutos\" \/>\n<!-- \/ Yoast SEO plugin. -->","yoast_head_json":{"title":"La Cosa Es As\u00ed \u2013 Entrevista a Mateo Navarrete de Contrarreloj - Cooltivarte Portal","description":"Mateo Navarrete es el cantante, guitarrista y compositor de Contrarreloj, banda fundada en 2017 en Montevideo. La banda se coron\u00f3 ganadora de la edici\u00f3n 2019 de la Movida Joven, a\u00f1o en el que tambi\u00e9n edit\u00f3 su disco debut. Titulado \u201cContrarreloj\u201d y publicado de manera independiente, sus canciones fueron presentadas en escenarios capitalinos que incluyeron la Sala Zitarrosa, Montevideo Music Box y el Teatro el Galp\u00f3n, como as\u00ed tambi\u00e9n en una gira por el Departamento de Colonia en abril de 2021.","robots":{"index":"index","follow":"follow","max-snippet":"max-snippet:-1","max-image-preview":"max-image-preview:large","max-video-preview":"max-video-preview:-1"},"canonical":"https:\/\/cooltivarte.com\/portal\/la-cosa-es-asi-entrevista-a-mateo-navarrete-de-contrarreloj\/","og_locale":"es_ES","og_type":"article","og_title":"La Cosa Es As\u00ed \u2013 Entrevista a Mateo Navarrete de Contrarreloj - La banda se presenta el 19 de marzo en la Sala Camacu\u00e1","og_description":"Mateo Navarrete es el cantante, guitarrista y compositor de Contrarreloj, banda fundada en 2017 en Montevideo. La banda se coron\u00f3 ganadora de la edici\u00f3n 2019 de la Movida Joven, a\u00f1o en el que tambi\u00e9n edit\u00f3 su disco debut. Titulado \u201cContrarreloj\u201d y publicado de manera independiente, sus canciones fueron presentadas en escenarios capitalinos que incluyeron la Sala Zitarrosa, Montevideo Music Box y el Teatro el Galp\u00f3n, como as\u00ed tambi\u00e9n en una gira por el Departamento de Colonia en abril de 2021.","og_url":"https:\/\/cooltivarte.com\/portal\/la-cosa-es-asi-entrevista-a-mateo-navarrete-de-contrarreloj\/","og_site_name":"Cooltivarte Portal","article_publisher":"https:\/\/www.facebook.com\/cooltivartecom\/","article_author":"https:\/\/www.facebook.com\/cooltivartecom\/","article_published_time":"2022-03-09T22:10:49+00:00","article_modified_time":"2022-03-10T13:38:48+00:00","og_image":[{"width":616,"height":616,"url":"https:\/\/cooltivarte.com\/portal\/wp-content\/uploads\/2022\/03\/mateo-navarrete-contrarreloj-magnolio.jpg","type":"image\/jpeg"}],"author":"Emilio P\u00e9rez Miguel","twitter_card":"summary_large_image","twitter_title":"La Cosa Es As\u00ed \u2013 Entrevista a Mateo Navarrete de Contrarreloj - La banda se presenta el 19 de marzo en la Sala Camacu\u00e1","twitter_description":"Mateo Navarrete es el cantante, guitarrista y compositor de Contrarreloj, banda fundada en 2017 en Montevideo. La banda se coron\u00f3 ganadora de la edici\u00f3n 2019 de la Movida Joven, a\u00f1o en el que tambi\u00e9n edit\u00f3 su disco debut. Titulado \u201cContrarreloj\u201d y publicado de manera independiente, sus canciones fueron presentadas en escenarios capitalinos que incluyeron la Sala Zitarrosa, Montevideo Music Box y el Teatro el Galp\u00f3n, como as\u00ed tambi\u00e9n en una gira por el Departamento de Colonia en abril de 2021.","twitter_image":"https:\/\/cooltivarte.com\/portal\/wp-content\/uploads\/2022\/03\/mateo-navarrete-contrarreloj-magnolio.jpg","twitter_creator":"@https:\/\/twitter.com\/obolocultural","twitter_site":"@obolocultural","twitter_misc":{"Escrito por":"Emilio P\u00e9rez Miguel","Tiempo de lectura":"7 minutos"},"schema":{"@context":"https:\/\/schema.org","@graph":[{"@type":"NewsArticle","@id":"https:\/\/cooltivarte.com\/portal\/la-cosa-es-asi-entrevista-a-mateo-navarrete-de-contrarreloj\/#article","isPartOf":{"@id":"https:\/\/cooltivarte.com\/portal\/la-cosa-es-asi-entrevista-a-mateo-navarrete-de-contrarreloj\/"},"author":{"name":"Emilio P\u00e9rez Miguel","@id":"https:\/\/cooltivarte.com\/portal\/#\/schema\/person\/8a12eb856a39abd4301e33b75491f4ac"},"headline":"La Cosa Es As\u00ed \u2013 Entrevista a Mateo Navarrete de Contrarreloj","datePublished":"2022-03-09T22:10:49+00:00","dateModified":"2022-03-10T13:38:48+00:00","mainEntityOfPage":{"@id":"https:\/\/cooltivarte.com\/portal\/la-cosa-es-asi-entrevista-a-mateo-navarrete-de-contrarreloj\/"},"wordCount":1386,"publisher":{"@id":"https:\/\/cooltivarte.com\/portal\/#organization"},"image":{"@id":"https:\/\/cooltivarte.com\/portal\/la-cosa-es-asi-entrevista-a-mateo-navarrete-de-contrarreloj\/#primaryimage"},"thumbnailUrl":"https:\/\/cooltivarte.com\/portal\/wp-content\/uploads\/2022\/03\/mateo-navarrete-contrarreloj-magnolio.jpg","keywords":["CONTRARRELOJ","el galpon","Entrevista","Magnolio Sala","mateo Navarrete","Rock","rock nacional","Rock Uruguayo","Sala Camacu\u00e0","Sala Zitarrosa"],"articleSection":["M\u00fasica"],"inLanguage":"es-AR"},{"@type":"WebPage","@id":"https:\/\/cooltivarte.com\/portal\/la-cosa-es-asi-entrevista-a-mateo-navarrete-de-contrarreloj\/","url":"https:\/\/cooltivarte.com\/portal\/la-cosa-es-asi-entrevista-a-mateo-navarrete-de-contrarreloj\/","name":"La Cosa Es As\u00ed \u2013 Entrevista a Mateo Navarrete de Contrarreloj - Cooltivarte Portal","isPartOf":{"@id":"https:\/\/cooltivarte.com\/portal\/#website"},"primaryImageOfPage":{"@id":"https:\/\/cooltivarte.com\/portal\/la-cosa-es-asi-entrevista-a-mateo-navarrete-de-contrarreloj\/#primaryimage"},"image":{"@id":"https:\/\/cooltivarte.com\/portal\/la-cosa-es-asi-entrevista-a-mateo-navarrete-de-contrarreloj\/#primaryimage"},"thumbnailUrl":"https:\/\/cooltivarte.com\/portal\/wp-content\/uploads\/2022\/03\/mateo-navarrete-contrarreloj-magnolio.jpg","datePublished":"2022-03-09T22:10:49+00:00","dateModified":"2022-03-10T13:38:48+00:00","description":"Mateo Navarrete es el cantante, guitarrista y compositor de Contrarreloj, banda fundada en 2017 en Montevideo. La banda se coron\u00f3 ganadora de la edici\u00f3n 2019 de la Movida Joven, a\u00f1o en el que tambi\u00e9n edit\u00f3 su disco debut. Titulado \u201cContrarreloj\u201d y publicado de manera independiente, sus canciones fueron presentadas en escenarios capitalinos que incluyeron la Sala Zitarrosa, Montevideo Music Box y el Teatro el Galp\u00f3n, como as\u00ed tambi\u00e9n en una gira por el Departamento de Colonia en abril de 2021.","breadcrumb":{"@id":"https:\/\/cooltivarte.com\/portal\/la-cosa-es-asi-entrevista-a-mateo-navarrete-de-contrarreloj\/#breadcrumb"},"inLanguage":"es-AR","potentialAction":[{"@type":"ReadAction","target":["https:\/\/cooltivarte.com\/portal\/la-cosa-es-asi-entrevista-a-mateo-navarrete-de-contrarreloj\/"]}]},{"@type":"ImageObject","inLanguage":"es-AR","@id":"https:\/\/cooltivarte.com\/portal\/la-cosa-es-asi-entrevista-a-mateo-navarrete-de-contrarreloj\/#primaryimage","url":"https:\/\/cooltivarte.com\/portal\/wp-content\/uploads\/2022\/03\/mateo-navarrete-contrarreloj-magnolio.jpg","contentUrl":"https:\/\/cooltivarte.com\/portal\/wp-content\/uploads\/2022\/03\/mateo-navarrete-contrarreloj-magnolio.jpg","width":616,"height":616,"caption":"mateo navarrete contrarreloj magnolio"},{"@type":"BreadcrumbList","@id":"https:\/\/cooltivarte.com\/portal\/la-cosa-es-asi-entrevista-a-mateo-navarrete-de-contrarreloj\/#breadcrumb","itemListElement":[{"@type":"ListItem","position":1,"name":"Portada","item":"https:\/\/cooltivarte.com\/portal\/"},{"@type":"ListItem","position":2,"name":"La Cosa Es As\u00ed \u2013 Entrevista a Mateo Navarrete de Contrarreloj"}]},{"@type":"WebSite","@id":"https:\/\/cooltivarte.com\/portal\/#website","url":"https:\/\/cooltivarte.com\/portal\/","name":"Cooltivarte Portal","description":"Arte, cultura y turismo para el mundo ...","publisher":{"@id":"https:\/\/cooltivarte.com\/portal\/#organization"},"potentialAction":[{"@type":"SearchAction","target":{"@type":"EntryPoint","urlTemplate":"https:\/\/cooltivarte.com\/portal\/?s={search_term_string}"},"query-input":{"@type":"PropertyValueSpecification","valueRequired":true,"valueName":"search_term_string"}}],"inLanguage":"es-AR"},{"@type":"Organization","@id":"https:\/\/cooltivarte.com\/portal\/#organization","name":"cooltivarte","url":"https:\/\/cooltivarte.com\/portal\/","logo":{"@type":"ImageObject","inLanguage":"es-AR","@id":"https:\/\/cooltivarte.com\/portal\/#\/schema\/logo\/image\/","url":"https:\/\/cooltivarte.com\/portal\/wp-content\/uploads\/2020\/04\/logo-cooltivarte-v2.png","contentUrl":"https:\/\/cooltivarte.com\/portal\/wp-content\/uploads\/2020\/04\/logo-cooltivarte-v2.png","width":851,"height":243,"caption":"cooltivarte"},"image":{"@id":"https:\/\/cooltivarte.com\/portal\/#\/schema\/logo\/image\/"},"sameAs":["https:\/\/www.facebook.com\/cooltivartecom\/","https:\/\/x.com\/obolocultural","https:\/\/www.instagram.com\/_cooltivarte_\/","https:\/\/www.linkedin.com\/company\/-bolocultural?reportsuccess=8zaNG1HwhPbAR9iQhZ5rfGeqz_vQFftHun0ZWU0Wy9vNemRJ8vtcKdJvzQfW8XagyOJSKg0XvfJ1dp","https:\/\/www.pinterest.com\/cooltivarte\/","https:\/\/cooltivarte.tumblr.com\/","https:\/\/www.tiktok.com\/@cooltivarte","https:\/\/www.youtube.com\/@PrensaCooltivarte"]},{"@type":"Person","@id":"https:\/\/cooltivarte.com\/portal\/#\/schema\/person\/8a12eb856a39abd4301e33b75491f4ac","name":"Emilio P\u00e9rez Miguel","image":{"@type":"ImageObject","inLanguage":"es-AR","@id":"https:\/\/cooltivarte.com\/portal\/wp-content\/uploads\/2014\/05\/emilio_cooltivarte.jpg","url":"https:\/\/cooltivarte.com\/portal\/wp-content\/uploads\/2014\/05\/emilio_cooltivarte.jpg","contentUrl":"https:\/\/cooltivarte.com\/portal\/wp-content\/uploads\/2014\/05\/emilio_cooltivarte.jpg","caption":"Emilio P\u00e9rez Miguel"},"description":"(Montevideo, 2 de diciembre de 1979) Traductor p\u00fablico de idioma ingl\u00e9s, periodista cultural y organizador de eventos a beneficio de hospitales pedi\u00e1tricos en Uruguay y Argentina. Su labor period\u00edstica comenz\u00f3 en junio de 2009 con la fundaci\u00f3n de MusicKO, un sitio dedicado a la rese\u00f1a de artistas emergentes. En la actualidad colabora con diversos portales entre los que se incluye Cooltivarte, al cual se integr\u00f3 a inicios de 2011. Como escritor, public\u00f3 dos libros de poes\u00eda en 2009 y 2010 (\u201cOnce\u201d y \u201cTen\u201d) y uno en prosa que vio la luz en 2013 (\u201cAyer La Lluvia\u201d). \"Once\" y \"Ten\" fueron libros h\u00edbridos, con una propuesta enraizada en igual parte en la m\u00fasica y la poes\u00eda. \"Ayer La Lluvia\" aun\u00f3 esta pluralidad de formas, y se present\u00f3 con los artistas que lo inspiraron en un festival de m\u00fasica y literatura que se extendi\u00f3 durante dos a\u00f1os, al t\u00e9rmino del cual P\u00e9rez Miguel se retir\u00f3 como escritor. Las experiencias vividas durante ese tiempo fueron entonces sintetizadas en la \"Campa\u00f1a Del Juguete\", una gira de conciertos que beneficia al Hospital Pereira Rossell en Uruguay, y al Hospital Garrahan en Argentina. P\u00e9rez Miguel fue asimismo el primer escritor uruguayo en subir todos sus libros a Internet, ampar\u00e1ndose en el sistema de derechos libres conocido como Creative Commons. Bas\u00e1ndose en que \"el arte es para compartir y no para competir\" y buscando \"una democratizaci\u00f3n real de los bienes culturales\", el autor comparte su obra en su propio sitio y en diversas p\u00e1ginas que fomentan la literatura, de manera libre y gratuita.","sameAs":["http:\/\/www.emilioperezmiguel.com","https:\/\/www.facebook.com\/cooltivartecom\/","https:\/\/www.instagram.com\/_cooltivarte_\/","https:\/\/www.linkedin.com\/company\/-bolocultural","https:\/\/www.pinterest.com\/cooltivarte","https:\/\/x.com\/https:\/\/twitter.com\/obolocultural","https:\/\/www.tumblr.com\/blog\/cooltivarte"],"url":"https:\/\/cooltivarte.com\/portal\/author\/emilio\/"}]}},"_links":{"self":[{"href":"https:\/\/cooltivarte.com\/portal\/wp-json\/wp\/v2\/posts\/79383","targetHints":{"allow":["GET"]}}],"collection":[{"href":"https:\/\/cooltivarte.com\/portal\/wp-json\/wp\/v2\/posts"}],"about":[{"href":"https:\/\/cooltivarte.com\/portal\/wp-json\/wp\/v2\/types\/post"}],"author":[{"embeddable":true,"href":"https:\/\/cooltivarte.com\/portal\/wp-json\/wp\/v2\/users\/5"}],"replies":[{"embeddable":true,"href":"https:\/\/cooltivarte.com\/portal\/wp-json\/wp\/v2\/comments?post=79383"}],"version-history":[{"count":4,"href":"https:\/\/cooltivarte.com\/portal\/wp-json\/wp\/v2\/posts\/79383\/revisions"}],"predecessor-version":[{"id":79391,"href":"https:\/\/cooltivarte.com\/portal\/wp-json\/wp\/v2\/posts\/79383\/revisions\/79391"}],"wp:featuredmedia":[{"embeddable":true,"href":"https:\/\/cooltivarte.com\/portal\/wp-json\/wp\/v2\/media\/79384"}],"wp:attachment":[{"href":"https:\/\/cooltivarte.com\/portal\/wp-json\/wp\/v2\/media?parent=79383"}],"wp:term":[{"taxonomy":"category","embeddable":true,"href":"https:\/\/cooltivarte.com\/portal\/wp-json\/wp\/v2\/categories?post=79383"},{"taxonomy":"post_tag","embeddable":true,"href":"https:\/\/cooltivarte.com\/portal\/wp-json\/wp\/v2\/tags?post=79383"}],"curies":[{"name":"wp","href":"https:\/\/api.w.org\/{rel}","templated":true}]}}