{"id":79377,"date":"2022-03-09T15:17:02","date_gmt":"2022-03-09T18:17:02","guid":{"rendered":"https:\/\/cooltivarte.com\/portal\/?p=79377"},"modified":"2022-03-09T15:17:02","modified_gmt":"2022-03-09T18:17:02","slug":"premio-de-fotografia-del-uruguay-2022","status":"publish","type":"post","link":"https:\/\/cooltivarte.com\/portal\/premio-de-fotografia-del-uruguay-2022\/","title":{"rendered":"Premio de Fotograf\u00eda del Uruguay 2022"},"content":{"rendered":"<h3><img fetchpriority=\"high\" decoding=\"async\" class=\"aligncenter wp-image-79378 size-full\" title=\"Premio de Fotograf\u00eda del Uruguay 2022\" src=\"https:\/\/cooltivarte.com\/portal\/wp-content\/uploads\/2022\/03\/Fotografia-2022.jpeg\" alt=\"Premio de Fotograf\u00eda del Uruguay 2022\" width=\"945\" height=\"531\" srcset=\"https:\/\/cooltivarte.com\/portal\/wp-content\/uploads\/2022\/03\/Fotografia-2022.jpeg 945w, https:\/\/cooltivarte.com\/portal\/wp-content\/uploads\/2022\/03\/Fotografia-2022-300x169.jpeg 300w, https:\/\/cooltivarte.com\/portal\/wp-content\/uploads\/2022\/03\/Fotografia-2022-768x432.jpeg 768w\" sizes=\"(max-width: 945px) 100vw, 945px\" \/><\/h3>\n<h3>El Instituto Nacional de Artes Visuales (INAV) y el Centro de Fotograf\u00eda (CdF) abren la convocatoria al Premio de Fotograf\u00eda del Uruguay 2022.<\/h3>\n<p>&nbsp;<\/p>\n<div>\n<p>Esta iniciativa es producto del esfuerzo conjunto entre la Direcci\u00f3n Nacional de Cultura y la Intendencia de Montevideo, y tiene como objeto principal reconocer la labor de los fot\u00f3grafos uruguayos y extranjeros residentes legales y generar un \u00e1mbito de desarrollo para la fotograf\u00eda uruguaya.<\/p>\n<p>Podr\u00e1n postularse uruguayos o extranjeros residentes legales,&nbsp;mayores de 18 a\u00f1os, con proyectos fotogr\u00e1ficos ya producidos, en sus diversas l\u00edneas de investigaci\u00f3n (producci\u00f3n contempor\u00e1nea, documental, hist\u00f3rica, conceptual, etc.). La propuesta deber\u00e1 contar, tambi\u00e9n, con una descripci\u00f3n de los diversos medios, soportes y\/o dispositivos que compondr\u00e1n la exposici\u00f3n del proyecto (sean archivos anal\u00f3gicos o digitales, copias en papel u otros materiales, proyecci\u00f3n audiovisual, elementos de montaje, entre otros). Cada participante podr\u00e1 realizar su propuesta sin limitaci\u00f3n alguna en lo relativo a lenguajes t\u00e9cnicos o planteos tem\u00e1ticos.<\/p>\n<p>El jurado otorgar\u00e1 3 premios que involucran una suma econ\u00f3mica y ser\u00e1n exhibidos en el Espacio de Arte Contempor\u00e1neo (EAC). El primer premio contar\u00e1, adem\u00e1s, con una publicaci\u00f3n en formato de fotolibro y una partida est\u00edmulo a la participaci\u00f3n en un festival o evento de fotograf\u00eda a desarrollarse en un pa\u00eds latinoamericano.<\/p>\n<p>El jurado est\u00e1 integrado por:<\/p>\n<ul>\n<li>Alexandre Sequeira (Brasil)<\/li>\n<li>Natalia de Le\u00f3n (Uruguay)<\/li>\n<li>Representante seleccionado mediante votaci\u00f3n por los participantes de la convocatoria.<\/li>\n<\/ul>\n<p><strong>Postulaci\u00f3n:&nbsp;&nbsp;&nbsp;&nbsp;&nbsp;&nbsp;&nbsp;&nbsp;&nbsp;&nbsp;&nbsp;&nbsp; <\/strong><\/p>\n<p>La postulaci\u00f3n se realizar\u00e1 exclusivamente por&nbsp;<a href=\"https:\/\/culturaenlinea.uy\/opportunity\/single\/1176\/\" target=\"_blank\" rel=\"noopener\">culturaenlinea.uy<\/a><\/p>\n<p><strong>Plazo:<\/strong><\/p>\n<p>22 de abril a las 17 h.<\/p>\n<p><strong>Consultas:<\/strong><\/p>\n<p>El plazo para realizar consultas vencer\u00e1 indefectiblemente el 22 de abril a las 13 h.<\/p>\n<ul>\n<li>Bases &#8211; <a href=\"https:\/\/www.gub.uy\/ministerio-educacion-cultura\/comunicacion\/noticias\/premiosnacionales@mec.gub.uy\" target=\"_blank\" rel=\"noopener\">premiosnacionales@mec.gub.uy<\/a><\/li>\n<li>Soporte inform\u00e1tico &#8211; <a href=\"mailto:culturaenlinea@mec.gub.uy\" target=\"_blank\" rel=\"noopener\">culturaenlinea@mec.gub.uy<\/a><\/li>\n<li>&nbsp;<\/li>\n<\/ul>\n<\/div>\n<p><strong><a href=\"https:\/\/culturaenlinea.uy\/files\/opportunity\/1176\/bases-convocatoria-premio-fotografia_2022_(1)-2.pdf\" target=\"_blank\" rel=\"noopener\">Desdeargar bases<\/a><\/strong><\/p>\n<p>&nbsp;<\/p>\n<p>&nbsp;<\/p>\n<p>&nbsp;<\/p>\n<p>&nbsp;<\/p>\n<p>Fuente: <a href=\"https:\/\/www.gub.uy\/ministerio-educacion-cultura\/comunicacion\/noticias\/premio-fotografia-del-uruguay-2022\" target=\"_blank\" rel=\"noopener\">gub.uy<\/a><\/p>\n<p>&nbsp;<\/p>\n<p>&nbsp;<\/p>\n<p>&nbsp;<\/p>\n","protected":false},"excerpt":{"rendered":"<p>El Instituto Nacional de Artes Visuales (INAV) y el Centro de Fotograf\u00eda (CdF) abren la convocatoria al Premio de Fotograf\u00eda del Uruguay 2022. &nbsp; Esta iniciativa es producto del esfuerzo conjunto entre la Direcci\u00f3n Nacional de Cultura y la Intendencia de Montevideo, y tiene como objeto principal reconocer la labor de los fot\u00f3grafos uruguayos y [&hellip;]<\/p>\n","protected":false},"author":8,"featured_media":79378,"comment_status":"closed","ping_status":"closed","sticky":false,"template":"","format":"standard","meta":{"om_disable_all_campaigns":false,"ngg_post_thumbnail":0,"jnews-multi-image_gallery":[],"jnews_single_post":{"subtitle":"","format":"standard","video":"","gallery":"","source_name":"","source_url":"","via_name":"","via_url":"","override_template":"0","override":[{"template":"1","single_blog_custom":"","parallax":"1","fullscreen":"1","layout":"right-sidebar","sidebar":"default-sidebar","second_sidebar":"default-sidebar","sticky_sidebar":"1","share_position":"top","share_float_style":"share-monocrhome","show_share_counter":"1","show_view_counter":"1","show_featured":"1","show_post_meta":"1","show_post_author":"1","show_post_author_image":"1","show_post_date":"1","post_date_format":"default","post_date_format_custom":"Y\/m\/d","show_post_category":"1","show_post_reading_time":"0","post_reading_time_wpm":"300","show_zoom_button":"0","zoom_button_out_step":"2","zoom_button_in_step":"3","show_post_tag":"1","show_prev_next_post":"1","show_popup_post":"1","number_popup_post":"1","show_author_box":"0","show_post_related":"0","show_inline_post_related":"0"}],"override_image_size":"0","image_override":[{"single_post_thumbnail_size":"crop-500","single_post_gallery_size":"crop-500"}],"trending_post":"0","trending_post_position":"meta","trending_post_label":"Trending","sponsored_post":"0","sponsored_post_label":"Sponsored by","sponsored_post_name":"","sponsored_post_url":"","sponsored_post_logo_enable":"0","sponsored_post_logo":"","sponsored_post_desc":""},"jnews_primary_category":{"id":""},"jnews_social_meta":{"fb_title":"","fb_description":"","fb_image":"","twitter_title":"","twitter_description":"","twitter_image":""},"jnews_override_counter":{"override_view_counter":"0","view_counter_number":"0","override_share_counter":"0","share_counter_number":"0","override_like_counter":"0","like_counter_number":"0","override_dislike_counter":"0","dislike_counter_number":"0"},"footnotes":""},"categories":[51],"tags":[102,9161],"class_list":["post-79377","post","type-post","status-publish","format-standard","has-post-thumbnail","hentry","category-noticias","tag-fotografia","tag-premio-de-fotografia"],"yoast_head":"<!-- This site is optimized with the Yoast SEO plugin v27.4 - https:\/\/yoast.com\/product\/yoast-seo-wordpress\/ -->\n<title>Premio de Fotograf\u00eda del Uruguay 2022 - Cooltivarte Portal<\/title>\n<meta name=\"description\" content=\"El Instituto Nacional de Artes Visuales (INAV) y el Centro de Fotograf\u00eda (CdF) abren la convocatoria al Premio de Fotograf\u00eda del Uruguay 2022.\" \/>\n<meta name=\"robots\" content=\"index, follow, max-snippet:-1, max-image-preview:large, max-video-preview:-1\" \/>\n<link rel=\"canonical\" href=\"https:\/\/cooltivarte.com\/portal\/premio-de-fotografia-del-uruguay-2022\/\" \/>\n<meta property=\"og:locale\" content=\"es_ES\" \/>\n<meta property=\"og:type\" content=\"article\" \/>\n<meta property=\"og:title\" content=\"Premio de Fotograf\u00eda del Uruguay 2022\" \/>\n<meta property=\"og:description\" content=\"El Instituto Nacional de Artes Visuales (INAV) y el Centro de Fotograf\u00eda (CdF) abren la convocatoria al Premio de Fotograf\u00eda del Uruguay 2022.\" \/>\n<meta property=\"og:url\" content=\"https:\/\/cooltivarte.com\/portal\/premio-de-fotografia-del-uruguay-2022\/\" \/>\n<meta property=\"og:site_name\" content=\"Cooltivarte Portal\" \/>\n<meta property=\"article:publisher\" content=\"https:\/\/www.facebook.com\/cooltivartecom\/\" \/>\n<meta property=\"article:author\" content=\"https:\/\/www.facebook.com\/cooltivartecom\" \/>\n<meta property=\"article:published_time\" content=\"2022-03-09T18:17:02+00:00\" \/>\n<meta property=\"og:image\" content=\"https:\/\/cooltivarte.com\/portal\/wp-content\/uploads\/2022\/03\/Fotografia-2022.jpeg\" \/>\n\t<meta property=\"og:image:width\" content=\"945\" \/>\n\t<meta property=\"og:image:height\" content=\"531\" \/>\n\t<meta property=\"og:image:type\" content=\"image\/jpeg\" \/>\n<meta name=\"author\" content=\"Cooltivarte\" \/>\n<meta name=\"twitter:card\" content=\"summary_large_image\" \/>\n<meta name=\"twitter:title\" content=\"Premio de Fotograf\u00eda del Uruguay 2022\" \/>\n<meta name=\"twitter:description\" content=\"El Instituto Nacional de Artes Visuales (INAV) y el Centro de Fotograf\u00eda (CdF) abren la convocatoria al Premio de Fotograf\u00eda del Uruguay 2022.\" \/>\n<meta name=\"twitter:image\" content=\"https:\/\/cooltivarte.com\/portal\/wp-content\/uploads\/2022\/03\/Fotografia-2022.jpeg\" \/>\n<meta name=\"twitter:creator\" content=\"@https:\/\/x.com\/obolocultural\" \/>\n<meta name=\"twitter:site\" content=\"@obolocultural\" \/>\n<meta name=\"twitter:label1\" content=\"Escrito por\" \/>\n\t<meta name=\"twitter:data1\" content=\"Cooltivarte\" \/>\n\t<meta name=\"twitter:label2\" content=\"Tiempo de lectura\" \/>\n\t<meta name=\"twitter:data2\" content=\"2 minutos\" \/>\n<!-- \/ Yoast SEO plugin. -->","yoast_head_json":{"title":"Premio de Fotograf\u00eda del Uruguay 2022 - Cooltivarte Portal","description":"El Instituto Nacional de Artes Visuales (INAV) y el Centro de Fotograf\u00eda (CdF) abren la convocatoria al Premio de Fotograf\u00eda del Uruguay 2022.","robots":{"index":"index","follow":"follow","max-snippet":"max-snippet:-1","max-image-preview":"max-image-preview:large","max-video-preview":"max-video-preview:-1"},"canonical":"https:\/\/cooltivarte.com\/portal\/premio-de-fotografia-del-uruguay-2022\/","og_locale":"es_ES","og_type":"article","og_title":"Premio de Fotograf\u00eda del Uruguay 2022","og_description":"El Instituto Nacional de Artes Visuales (INAV) y el Centro de Fotograf\u00eda (CdF) abren la convocatoria al Premio de Fotograf\u00eda del Uruguay 2022.","og_url":"https:\/\/cooltivarte.com\/portal\/premio-de-fotografia-del-uruguay-2022\/","og_site_name":"Cooltivarte Portal","article_publisher":"https:\/\/www.facebook.com\/cooltivartecom\/","article_author":"https:\/\/www.facebook.com\/cooltivartecom","article_published_time":"2022-03-09T18:17:02+00:00","og_image":[{"width":945,"height":531,"url":"https:\/\/cooltivarte.com\/portal\/wp-content\/uploads\/2022\/03\/Fotografia-2022.jpeg","type":"image\/jpeg"}],"author":"Cooltivarte","twitter_card":"summary_large_image","twitter_title":"Premio de Fotograf\u00eda del Uruguay 2022","twitter_description":"El Instituto Nacional de Artes Visuales (INAV) y el Centro de Fotograf\u00eda (CdF) abren la convocatoria al Premio de Fotograf\u00eda del Uruguay 2022.","twitter_image":"https:\/\/cooltivarte.com\/portal\/wp-content\/uploads\/2022\/03\/Fotografia-2022.jpeg","twitter_creator":"@https:\/\/x.com\/obolocultural","twitter_site":"@obolocultural","twitter_misc":{"Escrito por":"Cooltivarte","Tiempo de lectura":"2 minutos"},"schema":{"@context":"https:\/\/schema.org","@graph":[{"@type":"NewsArticle","@id":"https:\/\/cooltivarte.com\/portal\/premio-de-fotografia-del-uruguay-2022\/#article","isPartOf":{"@id":"https:\/\/cooltivarte.com\/portal\/premio-de-fotografia-del-uruguay-2022\/"},"author":{"name":"Cooltivarte","@id":"https:\/\/cooltivarte.com\/portal\/#\/schema\/person\/ec2a4f4e71b740d0c559c0ab9a157e19"},"headline":"Premio de Fotograf\u00eda del Uruguay 2022","datePublished":"2022-03-09T18:17:02+00:00","mainEntityOfPage":{"@id":"https:\/\/cooltivarte.com\/portal\/premio-de-fotografia-del-uruguay-2022\/"},"wordCount":336,"publisher":{"@id":"https:\/\/cooltivarte.com\/portal\/#organization"},"image":{"@id":"https:\/\/cooltivarte.com\/portal\/premio-de-fotografia-del-uruguay-2022\/#primaryimage"},"thumbnailUrl":"https:\/\/cooltivarte.com\/portal\/wp-content\/uploads\/2022\/03\/Fotografia-2022.jpeg","keywords":["Fotograf\u00eda","Premio de Fotograf\u00eda"],"articleSection":["Noticias"],"inLanguage":"es-AR"},{"@type":"WebPage","@id":"https:\/\/cooltivarte.com\/portal\/premio-de-fotografia-del-uruguay-2022\/","url":"https:\/\/cooltivarte.com\/portal\/premio-de-fotografia-del-uruguay-2022\/","name":"Premio de Fotograf\u00eda del Uruguay 2022 - Cooltivarte Portal","isPartOf":{"@id":"https:\/\/cooltivarte.com\/portal\/#website"},"primaryImageOfPage":{"@id":"https:\/\/cooltivarte.com\/portal\/premio-de-fotografia-del-uruguay-2022\/#primaryimage"},"image":{"@id":"https:\/\/cooltivarte.com\/portal\/premio-de-fotografia-del-uruguay-2022\/#primaryimage"},"thumbnailUrl":"https:\/\/cooltivarte.com\/portal\/wp-content\/uploads\/2022\/03\/Fotografia-2022.jpeg","datePublished":"2022-03-09T18:17:02+00:00","description":"El Instituto Nacional de Artes Visuales (INAV) y el Centro de Fotograf\u00eda (CdF) abren la convocatoria al Premio de Fotograf\u00eda del Uruguay 2022.","breadcrumb":{"@id":"https:\/\/cooltivarte.com\/portal\/premio-de-fotografia-del-uruguay-2022\/#breadcrumb"},"inLanguage":"es-AR","potentialAction":[{"@type":"ReadAction","target":["https:\/\/cooltivarte.com\/portal\/premio-de-fotografia-del-uruguay-2022\/"]}]},{"@type":"ImageObject","inLanguage":"es-AR","@id":"https:\/\/cooltivarte.com\/portal\/premio-de-fotografia-del-uruguay-2022\/#primaryimage","url":"https:\/\/cooltivarte.com\/portal\/wp-content\/uploads\/2022\/03\/Fotografia-2022.jpeg","contentUrl":"https:\/\/cooltivarte.com\/portal\/wp-content\/uploads\/2022\/03\/Fotografia-2022.jpeg","width":945,"height":531,"caption":"Premio de Fotograf\u00eda del Uruguay 2022"},{"@type":"BreadcrumbList","@id":"https:\/\/cooltivarte.com\/portal\/premio-de-fotografia-del-uruguay-2022\/#breadcrumb","itemListElement":[{"@type":"ListItem","position":1,"name":"Portada","item":"https:\/\/cooltivarte.com\/portal\/"},{"@type":"ListItem","position":2,"name":"Premio de Fotograf\u00eda del Uruguay 2022"}]},{"@type":"WebSite","@id":"https:\/\/cooltivarte.com\/portal\/#website","url":"https:\/\/cooltivarte.com\/portal\/","name":"Cooltivarte Portal","description":"Arte, cultura y turismo para el mundo ...","publisher":{"@id":"https:\/\/cooltivarte.com\/portal\/#organization"},"potentialAction":[{"@type":"SearchAction","target":{"@type":"EntryPoint","urlTemplate":"https:\/\/cooltivarte.com\/portal\/?s={search_term_string}"},"query-input":{"@type":"PropertyValueSpecification","valueRequired":true,"valueName":"search_term_string"}}],"inLanguage":"es-AR"},{"@type":"Organization","@id":"https:\/\/cooltivarte.com\/portal\/#organization","name":"cooltivarte","url":"https:\/\/cooltivarte.com\/portal\/","logo":{"@type":"ImageObject","inLanguage":"es-AR","@id":"https:\/\/cooltivarte.com\/portal\/#\/schema\/logo\/image\/","url":"https:\/\/cooltivarte.com\/portal\/wp-content\/uploads\/2020\/04\/logo-cooltivarte-v2.png","contentUrl":"https:\/\/cooltivarte.com\/portal\/wp-content\/uploads\/2020\/04\/logo-cooltivarte-v2.png","width":851,"height":243,"caption":"cooltivarte"},"image":{"@id":"https:\/\/cooltivarte.com\/portal\/#\/schema\/logo\/image\/"},"sameAs":["https:\/\/www.facebook.com\/cooltivartecom\/","https:\/\/x.com\/obolocultural","https:\/\/www.instagram.com\/_cooltivarte_\/","https:\/\/www.linkedin.com\/company\/-bolocultural?reportsuccess=8zaNG1HwhPbAR9iQhZ5rfGeqz_vQFftHun0ZWU0Wy9vNemRJ8vtcKdJvzQfW8XagyOJSKg0XvfJ1dp","https:\/\/www.pinterest.com\/cooltivarte\/","https:\/\/cooltivarte.tumblr.com\/","https:\/\/www.tiktok.com\/@cooltivarte","https:\/\/www.youtube.com\/@PrensaCooltivarte"]},{"@type":"Person","@id":"https:\/\/cooltivarte.com\/portal\/#\/schema\/person\/ec2a4f4e71b740d0c559c0ab9a157e19","name":"Cooltivarte","image":{"@type":"ImageObject","inLanguage":"es-AR","@id":"https:\/\/cooltivarte.com\/portal\/wp-content\/uploads\/2014\/05\/logo-cooltivarte-120x120.jpg","url":"https:\/\/cooltivarte.com\/portal\/wp-content\/uploads\/2014\/05\/logo-cooltivarte-120x120.jpg","contentUrl":"https:\/\/cooltivarte.com\/portal\/wp-content\/uploads\/2014\/05\/logo-cooltivarte-120x120.jpg","caption":"Cooltivarte"},"description":"Somos COOLTIVARTE.COM. Un portal digital dedicado a difundir el acontecer art\u00edstico y cultural del Uruguay. Estamos en la vuelta desde el a\u00f1o 2003, y como evoluci\u00f3n del bolet\u00edn Obolo Cultural, nos encontramos abocados a apoyar a los artistas nacionales brind\u00e1ndoles un espacio de difusi\u00f3n. Creemos en la idea de utilizar la potencialidad que hoy d\u00eda nos otorga la web, para que la cultura uruguaya y sus creadores dispongan de una din\u00e1mica ventana, que los ponga en contacto entre s\u00ed y con el mundo. Somos COOLTIVARTE.COM y pretendemos configurarnos como un portal din\u00e1mico, entretenido y atento a los nuevos emprendimientos, que busque siempre la interacci\u00f3n con los artistas.","sameAs":["http:\/\/www.cooltivarte.com","https:\/\/www.facebook.com\/cooltivartecom","https:\/\/www.instagram.com\/_cooltivarte_\/","https:\/\/www.linkedin.com\/company\/-bolocultural","https:\/\/www.pinterest.com\/cooltivarte\/","https:\/\/x.com\/https:\/\/x.com\/obolocultural","https:\/\/www.youtube.com\/@PrensaCooltivarte","https:\/\/www.tumblr.com\/blog\/cooltivarte"],"url":"https:\/\/cooltivarte.com\/portal\/author\/cooltivarte\/"}]}},"_links":{"self":[{"href":"https:\/\/cooltivarte.com\/portal\/wp-json\/wp\/v2\/posts\/79377","targetHints":{"allow":["GET"]}}],"collection":[{"href":"https:\/\/cooltivarte.com\/portal\/wp-json\/wp\/v2\/posts"}],"about":[{"href":"https:\/\/cooltivarte.com\/portal\/wp-json\/wp\/v2\/types\/post"}],"author":[{"embeddable":true,"href":"https:\/\/cooltivarte.com\/portal\/wp-json\/wp\/v2\/users\/8"}],"replies":[{"embeddable":true,"href":"https:\/\/cooltivarte.com\/portal\/wp-json\/wp\/v2\/comments?post=79377"}],"version-history":[{"count":1,"href":"https:\/\/cooltivarte.com\/portal\/wp-json\/wp\/v2\/posts\/79377\/revisions"}],"predecessor-version":[{"id":79379,"href":"https:\/\/cooltivarte.com\/portal\/wp-json\/wp\/v2\/posts\/79377\/revisions\/79379"}],"wp:featuredmedia":[{"embeddable":true,"href":"https:\/\/cooltivarte.com\/portal\/wp-json\/wp\/v2\/media\/79378"}],"wp:attachment":[{"href":"https:\/\/cooltivarte.com\/portal\/wp-json\/wp\/v2\/media?parent=79377"}],"wp:term":[{"taxonomy":"category","embeddable":true,"href":"https:\/\/cooltivarte.com\/portal\/wp-json\/wp\/v2\/categories?post=79377"},{"taxonomy":"post_tag","embeddable":true,"href":"https:\/\/cooltivarte.com\/portal\/wp-json\/wp\/v2\/tags?post=79377"}],"curies":[{"name":"wp","href":"https:\/\/api.w.org\/{rel}","templated":true}]}}