{"id":78533,"date":"2022-02-10T10:13:38","date_gmt":"2022-02-10T13:13:38","guid":{"rendered":"https:\/\/cooltivarte.com\/portal\/?p=78533"},"modified":"2022-02-11T10:30:50","modified_gmt":"2022-02-11T13:30:50","slug":"la-posadera-de-carlo-goldoni","status":"publish","type":"post","link":"https:\/\/cooltivarte.com\/portal\/la-posadera-de-carlo-goldoni\/","title":{"rendered":"LA POSADERA\u00a0de Carlo Goldoni\u00a0"},"content":{"rendered":"<div>\n<p><img fetchpriority=\"high\" decoding=\"async\" class=\"aligncenter wp-image-78534\" title=\"LA POSADERA&amp;nbsp;de Carlo Goldoni\" src=\"https:\/\/cooltivarte.com\/portal\/wp-content\/uploads\/2022\/02\/alta-1-350x350.jpg\" alt=\"LA POSADERA&nbsp;de Carlo Goldoni&nbsp;\" width=\"640\" height=\"459\"\/><\/p>\n<p><b><span lang=\"ES\"><u><\/u>&nbsp;<u><\/u><\/span><\/b><\/p>\n<p><b><span lang=\"ES\"><u><\/u>&nbsp;<u><\/u><\/span><\/b><\/p>\n<\/div>\n<div>\n<p><i><span lang=\"ES\">\u201cCon todas sus riquezas, con todos sus regalos, no llegar\u00e1 nunca a enamorarme, y mucho menos lo har\u00e1 el Marqu\u00e9s con su rid\u00edcula protecci\u00f3n. Si tuviera que agarrarme a uno de estos dos, ciertamente lo har\u00eda con el que gasta m\u00e1s. Pero no me importa ni el uno ni el otro. Estoy empe\u00f1ada en enamorar al caballero de Ripafratta, y no renunciar\u00eda a un placer semejante por una joya el doble de grande que \u00e9sta. Lo in ten tar\u00e9; no s\u00e9 si tendr\u00e9 la habilidad, pero lo intentar\u00e9.\u201d<\/span><\/i><i><span lang=\"ES\"><u><\/u>&nbsp;<u><\/u><\/span><\/i><\/p>\n<p><b><span lang=\"ES\"><u><\/u>&nbsp;<u><\/u><\/span><\/b><\/p>\n<p class=\"x_MsoNormal\" align=\"right\"><b><span lang=\"ES\">Personaje: Mirandolina<u><\/u>&nbsp;<u><\/u><\/span><\/b><\/p>\n<p class=\"x_MsoNormal\" align=\"right\"><b><span lang=\"ES\">Fragmento de La Posadera<u><\/u>&nbsp;<u><\/u><\/span><\/b><\/p>\n<\/div>\n<p><span lang=\"ES\">&nbsp;<\/span><\/p>\n<div>\n<div>\n<h1><span lang=\"ES\">DATOS IMPORTANTES<u><\/u>&nbsp;<u><\/u><\/span><\/h1>\n<\/div>\n<p><b><span lang=\"ES\"><u><\/u>&nbsp;<u><\/u><\/span><\/b><\/p>\n<p><span lang=\"ES\">El espect\u00e1culo realiz\u00f3 dos presentaciones durante el 2021 como devoluci\u00f3n a la comunidad al Centro Cultural Maldonado Nuevo, lugar donde se realizaron los ensayos, el martes 7 de diciembre y el s\u00e1bado 11 de diciembre a las 20:30 hs.<u><\/u>&nbsp;<u><\/u><\/span><\/p>\n<p><strong><span lang=\"ES\">Pr\u00f3ximas funciones: <u><\/u>&nbsp;<u><\/u><\/span><\/strong><\/p>\n<p><strong><span lang=\"ES\"><u><\/u>&nbsp;<u><\/u><\/span><\/strong><\/p>\n<ul>\n<li><strong><span lang=\"ES\">4 de febrero en la explanada del Centro Cultural Maldonado Nuevo.<u><\/u>&nbsp;<u><\/u><\/span><\/strong><br aria-hidden=\"true\"\/><br aria-hidden=\"true\"\/><strong><span lang=\"ES\"><u><\/u>&nbsp;<u><\/u><\/span><\/strong><\/li>\n<li><strong><span lang=\"ES\">12 de febrero Teatro de la Azotea de Haedo<u><\/u>&nbsp;<u><\/u><\/span><\/strong><br aria-hidden=\"true\"\/><br aria-hidden=\"true\"\/><strong><span lang=\"ES\"><u><\/u>&nbsp;<u><\/u><\/span><\/strong><\/li>\n<li><span lang=\"ES\"><strong>26 de febrero Teatro Margarita Xirg\u00fa en Punta del Este<u><\/u>&nbsp;<\/strong><u><\/u><\/span><br aria-hidden=\"true\"\/><br aria-hidden=\"true\"\/><span lang=\"ES\">&nbsp;<\/span><br aria-hidden=\"true\"\/><span lang=\"ES\">Las tres presentaciones se realizar\u00e1n a las 19:30 horas y son con entrada libre.&nbsp;<\/span> <br aria-hidden=\"true\"\/><br aria-hidden=\"true\"\/><span lang=\"ES\">Invita: Direcci\u00f3n General de Cultura de la Intendencia de Maldonado,<u><\/u>&nbsp;<u><\/u><\/span><br aria-hidden=\"true\"\/><br aria-hidden=\"true\"\/><span lang=\"ES\">Apoyan: Municipio de Maldonado y Centro Cultural Maldonado Nuevo<u><\/u>&nbsp;<u><\/u><\/span><br aria-hidden=\"true\"\/><br aria-hidden=\"true\"\/><br aria-hidden=\"true\"\/><span lang=\"ES\">Duraci\u00f3n del espect\u00e1culo aproximadamente 70 minutos. <u><\/u>&nbsp;<u><\/u><\/span><br aria-hidden=\"true\"\/><br aria-hidden=\"true\"\/><span lang=\"ES\">Apta para mayores de 12a\u00f1os<u><\/u>&nbsp;<u><\/u><\/span><\/li>\n<\/ul>\n<p class=\"x_MsoNormal\"><span lang=\"ES\"><u><\/u>&nbsp;<u><\/u><\/span><\/p>\n<p class=\"x_MsoNormal\"><span lang=\"ES\"><u><\/u>&nbsp;<u><\/u><\/span><\/p>\n<\/div>\n<div>\n<div>\n<h1><span lang=\"ES\">RESE\u00d1A DEL ESPECT\u00c1CULO<u><\/u>&nbsp;<u><\/u><\/span><\/h1>\n<\/div>\n<h1><span lang=\"ES\"><u><\/u>&nbsp;<u><\/u><\/span><\/h1>\n<p><span lang=\"ES\">&nbsp;\u201cLa posadera\u201d es una comedia italiana escrita por Carlo Goldoni en el a\u00f1o 1750; es un retrato de la decadencia que sufre la aristocracia, con un claro mensaje sobre la conquista de la independencia de la mujer,de su propia libertad. Un marqu\u00e9s arruinado, un conde rico, un caballero mis\u00f3gino y un criado luchan por el amor de Mirandolina, cada uno con sus propias armas y artificios. <u><\/u>&nbsp;<u><\/u><\/span><\/p>\n<p><span lang=\"ES\"><u><\/u>&nbsp;<u><\/u><\/span><\/p>\n<p><span lang=\"ES\">Es una comedia accesible, pensada para divertir a todo p\u00fablico. Pese a ello, la obra retoma el debate sobre las clases sociales propio del siglo XVIII y debe ser valorada de acuerdo con este contexto hist\u00f3rico. <u><\/u>&nbsp;<u><\/u><\/span><\/p>\n<p><span lang=\"ES\"><u><\/u>&nbsp;<u><\/u><\/span><\/p>\n<p><span lang=\"ES\">Los nobles son representados en las diversas variantes de su clase social: nobles de estirpe (nobleza de espada), decadentes y desprovistos de riqueza; nobles ricos con contactos e influencia, pero sin riqueza, y burgueses ennoblecidos recientemente (nobleza de toga), despreciados por los otros. Ninguno de ellos trabaja- aprovech\u00e1ndose de sus privilegios y mostr\u00e1ndose rid\u00edculos a los ojos de los dem\u00e1s. Especial inter\u00e9s tiene, por otra parte, la personalidad fuerte y determinada de la protagonista, Mirandolina, ya que a trav\u00e9s de ella se instala en la obra el concepto de la autodeterminaci\u00f3n del individuo, algo particularmente significativo trat\u00e1ndose de un personaje femenino.<u><\/u>&nbsp;<u><\/u><\/span><\/p>\n<p><span lang=\"ES\"><u><\/u>&nbsp;<u><\/u><\/span><\/p>\n<p><span lang=\"ES\">Esta versi\u00f3n del cl\u00e1sico de Goldoni representada por el grupo \u201cLa Tarasca\u201d agrega la peculiaridad de que el universo masculinoes retratado por mujeres (contrario a lo que suced\u00eda en el teatro Shakesperiano, donde los personajes femeninos eran representados por hombres) lo que resignifica y agudiza la lectura del espect\u00e1culo, ofreciendo una mirada desde el hoy<\/span><\/p>\n<div>\n<p><b><span lang=\"ES\">Carlo Goldoni<\/span><\/b><span lang=\"ES\"><u><\/u>&nbsp;<u><\/u><\/span><\/p>\n<\/div>\n<p><span lang=\"ES\"><u><\/u>&nbsp;<u><\/u><\/span><\/p>\n<p><span lang=\"ES\">(Venecia, 1707 &#8211; Par\u00eds, 1793) Dramaturgo italiano considerado el creador de la comedia realista italiana. Estudi\u00f3 derecho en Pav\u00eda y en 1731 empez\u00f3 a ejercer la abogac\u00eda, profesi\u00f3n que compagin\u00f3 inicialmente con su vocaci\u00f3n por el teatro.<u><\/u>&nbsp;<u><\/u><\/span><\/p>\n<p><span lang=\"ES\">En sus primeras obras, como La mujer distinguida (1743) o Arlequ\u00edn, servidor de dos amos (1745), oscil\u00f3 entre el empleo de los personajes caracter\u00edsticos de la commedia dell&#8217;arte y la b\u00fasqueda de una comicidad m\u00e1s discreta y cotidiana. En El abogado veneciano (1750), El caf\u00e9 (1750) o La posadera (1753) super\u00f3 la comicidad de la commedia dell&#8217;arte con una caracterizaci\u00f3n m\u00e1s profunda de los personajes y un lenguaje m\u00e1s espont\u00e1neo y realista, rasgos acordes con la l\u00ednea establecida por Moli\u00e8re en el siglo anterior. En su producci\u00f3n dram\u00e1tica Goldoni se aleja del teatro erudito, pero tambi\u00e9n de la improvisaci\u00f3n de la Commedia dell\u2019 Arte, y crea comedias de costumbres que reflejan la sociedad mercantil-burguesa de la Venecia de su \u00e9poca, con cierta iron\u00eda y cr\u00edtica como \u201cLa casa nova\u201d y \u201cUn curioso accidente\u201d (1760) y \u201cLas luchas Chiozzotte\u201d (1762). <u><\/u>&nbsp;<u><\/u><\/span><\/p>\n<p><span lang=\"ES\"><u><\/u>&nbsp;<u><\/u><\/span><\/p>\n<div>\n<h1><span lang=\"ES\">Sobre Nosotros: \u201cLa Tarasca\u201d<\/span><span lang=\"ES\"><u><\/u>&nbsp;<u><\/u><\/span><\/h1>\n<\/div>\n<p><b><span lang=\"ES\"><u><\/u>&nbsp;<u><\/u><\/span><\/b><\/p>\n<p><span lang=\"ES\">El grupo de teatro independiente \u201cLa Tarasca\u201d fue creado en el marco del Espacio de Investigaci\u00f3n de EMAE en el a\u00f1o 2015. &nbsp;Si bien han transitado por autores contempor\u00e1neos, el grupo tiene la particularidad de abordar textos cl\u00e1sicos, acercando a trav\u00e9s de propuestas accesibles a todo p\u00fablico el gusto por el buen teatro.<u><\/u>&nbsp;<u><\/u><\/span><\/p>\n<p><span lang=\"ES\"><u><\/u>&nbsp;<u><\/u><\/span><\/p>\n<p><span lang=\"ES\">Espect\u00e1culos realizados:<\/span><span lang=\"ES\"> <u><\/u>&nbsp;<u><\/u><\/span><\/p>\n<ul>\n<li><span lang=\"ES\">\u201cCr\u00f3nicas de noches enteros y d\u00edas enteros\u201d de dramaturgo franc\u00e9s Xavier Durringer (2015).<u><\/u>&nbsp;<u><\/u><\/span><\/li>\n<li><span lang=\"ES\">\u201cLos ciegos\u201d del dramaturgo belga Maurice Maeterlinck (2015)<u><\/u>&nbsp;<u><\/u><\/span><\/li>\n<li><span lang=\"ES\">&nbsp;<\/span><span lang=\"ES\">\u201cTarascones\u201d del dramaturgo argentino GonzaloDemar\u00eda (nominado a los Premios Florencio 2019).<u><\/u>&nbsp;<u><\/u><\/span><\/li>\n<li><span lang=\"ES\">\u201cDorotea\u201d del autor brasilero Nelson Rodrigues (2020)<u><\/u>&nbsp;<u><\/u><\/span><\/li>\n<li><span lang=\"ES\">&nbsp;\u201cLa Posadera\u201d del dramaturgo italiano Carlo Goldoni (2021) <\/span><br aria-hidden=\"true\"\/><span lang=\"ES\"><u><\/u>&nbsp;<u><\/u><\/span><br aria-hidden=\"true\"\/><br aria-hidden=\"true\"\/><span lang=\"ES\">&nbsp;El colectivo integrado en sus inicios por Pilar Dorta, Mar\u00eda Bataille, Laura de Le\u00f3n y Eva Guti\u00e9rrez, incorpora en el 2019 a Carolina Morales y en el 2022 a la actriz Pilar Marino para integrar el elenco de La Posadera; completan el colectivo las dise\u00f1adoras teatrales Luj\u00e1n Regueiro en escenograf\u00eda y vestuario, Fernanda Brena en luces, Ingrid Nieto en Maquillaje y Vilma Garc\u00eda en entrenamiento corporal.&nbsp;&nbsp;&nbsp;&nbsp; <u><\/u>&nbsp;<u><\/u><\/span><br aria-hidden=\"true\"\/><br aria-hidden=\"true\"\/><span lang=\"ES\">Actualmente integran la Asociaci\u00f3n de Teatros Independientes del Uruguay.&nbsp;&nbsp;&nbsp;&nbsp;&nbsp;&nbsp;&nbsp;&nbsp;&nbsp;&nbsp;&nbsp;&nbsp;&nbsp;&nbsp;&nbsp;&nbsp;&nbsp;&nbsp;&nbsp;&nbsp;&nbsp;&nbsp; <u><\/u>&nbsp;<u><\/u><\/span><\/li>\n<\/ul>\n<\/div>\n<p><span lang=\"ES\">&nbsp;<\/span><\/p>\n<div>\n<div>\n<p><b><span lang=\"ES\">FICHA T\u00c9CNICA<u><\/u>&nbsp;<u><\/u><\/span><\/b><\/p>\n<\/div>\n<p><b><span lang=\"ES\"><u><\/u>&nbsp;<u><\/u><\/span><\/b><\/p>\n<p><span lang=\"ES\">Nombre del Espect\u00e1culo: La P osadera<u><\/u>&nbsp;<u><\/u><\/span><\/p>\n<p><span lang=\"ES\">Autor: Carlo Goldoni<u><\/u>&nbsp;<u><\/u><\/span><\/p>\n<p><span lang=\"ES\"><u><\/u>&nbsp;<u><\/u><\/span><\/p>\n<p><span lang=\"ES\"><u><\/u>&nbsp;<u><\/u><\/span><\/p>\n<p><span lang=\"ES\">Elenco:&nbsp; Mar\u00eda Bataille \/ Pilar Dorta \/ Laura de Le\u00f3n \/ Eva Guti\u00e9rrez \/ Martina Leopold<u><\/u>&nbsp;<u><\/u><\/span><\/p>\n<p><span lang=\"ES\">Carolina Morales<u><\/u>&nbsp;<u><\/u><\/span><\/p>\n<p><span lang=\"ES\"><u><\/u>&nbsp;<u><\/u><\/span><\/p>\n<p><span lang=\"ES\">Escenograf\u00eda y Vestuario: &nbsp;Luj\u00e1nRegueiro<\/span><span lang=\"ES\"><u><\/u>&nbsp;<u><\/u><\/span><\/p>\n<p><span lang=\"ES\">Luces: Fernanda Brena<u><\/u>&nbsp;<u><\/u><\/span><\/p>\n<p><span lang=\"ES\">Entrenamiento corporal: Vilma Garc\u00eda<u><\/u>&nbsp;<u><\/u><\/span><\/p>\n<p class=\"x_MsoNormal\"><span lang=\"ES\">Maquillaje: Ingrid Nieto<u><\/u>&nbsp;<u><\/u><\/span><\/p>\n<p><span lang=\"ES\"><u><\/u>&nbsp;<u><\/u><\/span><\/p>\n<p><span lang=\"ES\">M\u00fasica y letras de canciones: Eva Guti\u00e9rrez y Pilar Dorta<u><\/u>&nbsp;<u><\/u><\/span><\/p>\n<p><span lang=\"ES\">Arreglos y acompa\u00f1amiento m\u00fasica: Mariana Mastr\u00e1ngelo<u><\/u>&nbsp;<u><\/u><\/span><\/p>\n<p><span lang=\"ES\"><u><\/u>&nbsp;<u><\/u><\/span><\/p>\n<p><span lang=\"ES\">Direcci\u00f3n: Sebasti\u00e1nBarrios<u><\/u>&nbsp;<u><\/u><\/span><\/p>\n<p class=\"x_MsoNormal\"><span lang=\"ES\"><u><\/u>&nbsp;<u><\/u><\/span><\/p>\n<p class=\"x_MsoNormal\"><span lang=\"ES\">&nbsp;<\/span><\/p>\n<div>\n<h1><span lang=\"ES\">Biograf\u00edas del equipo<u><\/u>&nbsp;<u><\/u><\/span><\/h1>\n<\/div>\n<div>\n<p class=\"x_MsoNormal\"><b><span lang=\"ES\">Sebasti\u00e1n Barrios \/ Director <u><\/u>&nbsp;<u><\/u><\/span><\/b><\/p>\n<\/div>\n<p class=\"x_MsoNormal\"><span lang=\"ES\"><u><\/u>&nbsp;<u><\/u><\/span><\/p>\n<p class=\"x_MsoNormal\"><span lang=\"ES\">Egresado de la Escuela Multidisciplinaria de Arte Dram\u00e1tico Margarita Xirgu carrera Actor (2006) y del Programa de desarrollo gerencial en gesti\u00f3n de teatros y centros culturales CLAEH (2021). Estudia dramaturgia, direcci\u00f3n y pedagog\u00eda teatral con destacados artistas nacionales e internaciones. Con veinte obras de su autor\u00eda, sus proyectos han sido seleccionados y premiados en Mec Programa, Fondos Concursables para la Cultura y Programa de Fortalecimiento de las Artes desempe\u00f1\u00e1ndose como actor, director y dramaturgo, siendo convocado por instituciones como el Teatro El Galp\u00f3n, Teatro Circular de Montevideo, Comedia Nacional y Teatro Victoria. Desde el 2012 se desempe\u00f1a como docente, director y gestor en la Escuela Maldonado de Arte Esc\u00e9nico, dependiente de la Direcci\u00f3n General de Cultura de la Intendencia de Maldonado. Entre sus reconocimientos se encuentran: Beca otorgada por el Ministerio de Educaci\u00f3n y Cultura (Fondos Concursables) para estudiar Pedagog\u00eda Teatral en Bs. As (2010); nominado como mejor Director en los Premios B\u00faho organizado por Canal 10 por \u201cEl Instrumento\u201d, texto nominado como autor nacional al Premio Florencio otorgado por la Asociaci\u00f3n de Cr\u00edticos del Uruguay (2012); primer premio en los Premios Anuales de Literatura del Ministerio de Educaci\u00f3n y Cultura por el texto \u201cUn minuto despu\u00e9s\u201d (2012); menci\u00f3n especial por&nbsp; \u201cEl muro\u201d en el concurso Juan Carlos Onetti de la IM (2013); obtiene la Beca de formaci\u00f3n Victor Haedo en la categor\u00eda letras para estudiar dramaturgia con Mauricio Kartun (2015); nominado como texto de autor nacional al Premio Florencio otorgado por la Asociaci\u00f3n de Cr\u00edticos por el texto: \u201cTierra Adentro\u201d (2016); segunda menci\u00f3n premio Juan Carlos Onetti de la Intendencia de Montevideo por el texto \u201cEl ni\u00f1o que no sab\u00eda Jugar\u201d (2017); menci\u00f3n en el Concurso Literario Agadu- Cofonte por su texto \u201cUn cord\u00f3n Rojo\u201d (2018), \u201cTarascones\u201d de Gonzalo de Mar\u00eda, nominado a los Premios Florencio en la categor\u00eda Espect\u00e1culo del interior en Montevideo <u><\/u>&nbsp;<u><\/u><\/span><\/p>\n<p class=\"x_MsoNormal\"><span lang=\"ES\">(2019), Ganador del segundo premio en el concurso Literario del Mec&nbsp; (2019) por el texto \u201cMugidos en el mar\u201d. Actualmente obtiene una beca para realizar la Tecnicatura en Gesti\u00f3n Cultural del Claeh.<u><\/u>&nbsp;<u><\/u><\/span><\/p>\n<div>\n<h2><span lang=\"ES\">Mar\u00eda Bataille \/ Actriz<u><\/u>&nbsp;<u><\/u><\/span><\/h2>\n<\/div>\n<p><span lang=\"ES\"><u><\/u>&nbsp;<u><\/u><\/span><\/p>\n<p><span lang=\"ES\">Centra su formaci\u00f3n art\u00edstica en los talleres de teatro para adultos principiantes y avanzados(2013-2015) junto&nbsp; a los docentes:\u00c1lvaro Vila, Marcel Sawchik y Sebasti\u00e1n Barrios;improvisaci\u00f3n (2016 y 2018, Docente \u00c1lvaro Vila); dramaturgia para una intervenci\u00f3n (2016, Docente Sebasti\u00e1n Barrios); Espacio de Investigaci\u00f3n (2017 y 2021): &nbsp;Taller de &nbsp;vestuario (2014-2018) y transformaci\u00f3n del objeto (2016- 2018) docente &nbsp;Beatriz Mart\u00ednez; Teor\u00eda del Teatro (Docente Mar\u00eda Pedragosa); Abordaje para una puesta en escena (2018 Beatriz Mart\u00ednez y Gustavo Colman) dictados en la Escuela Maldonado de Arte Esc\u00e9nico, dependiente de la Direcci\u00f3n General de Cultura de la Intendencia de Maldonado.<u><\/u>&nbsp;<u><\/u><\/span><\/p>\n<p><span lang=\"ES\">Como actriz &nbsp;participa de los siguientes procesos creativos: \u201cCuentaRegresiva\u201d (2013); \u201cLa Comedia Divina\u201d (2014) direcci\u00f3n Marcel Sawchik; \u201cLos Ciegos\u201d Maurice Maeterlinck y \u201cCr\u00f3nicas de D\u00edas y Noches enteras\u201d de Xavier Durringer con direcci\u00f3n de Sebasti\u00e1n Barrios (2015); \u201cMaltratoInfantil\u201d (2015) Xavier Durringer; \u201cLa eterna B\u00fasqueda\u201d(2016); \u201cDo\u00f1a Ramona\u201d (2016)-Victor Manuel Leites con direcci\u00f3n de Laura Manta; \u201cAll\u00ed donde todo Cambia\u201d (2017) con direcci\u00f3n de Sebasti\u00e1n Barrios; \u201cDes-construcciones\u2019 (2018); \u201cCaperucita, un espect\u00e1culo feroz\u201d (2017) de Javier Dualte direcci\u00f3n Sarit Ben Zeev; en el cortometraje \u201cNo El\u201d (2017) Premiado como Mejor Cortometraje en el \u201c48 Hours Film Proyect\u201dde Punta del Este,&nbsp; \u201cTarascones\u201d de Gonzalo Demar\u00eda (2019) nominado a los premios Florencio, \u201c Dorotea\u201d de Nelson Rodr\u00edgues (2020) y \u201cLa Posadera\u201d de Carlo Goldoni (2021) todos bajo la direcci\u00f3n de Sebasti\u00e1n Barrios.<u><\/u>&nbsp;<u><\/u><\/span><\/p>\n<p><span lang=\"ES\">&nbsp;<\/span>&nbsp;<\/p>\n<div>\n<h2><span lang=\"ES\">Laura de Le\u00f3n Mussio \/ Actriz<u><\/u>&nbsp;<u><\/u><\/span><\/h2>\n<\/div>\n<p><span lang=\"ES\">&nbsp;<\/span><\/p>\n<p><span lang=\"ES\">Centra su formaci\u00f3n art\u00edstica en los talleres de teatro para adultos principiantes y avanzados dictados en la Escuela Maldonado de Arte Esc\u00e9nico, dependiente de la Direcci\u00f3nGeneral de Culturade la Intendencia de Maldonado.<u><\/u>&nbsp;<u><\/u><\/span><\/p>\n<p><span lang=\"ES\">Como actriz transita por autores cl\u00e1sicos como contempor\u00e1neos como: \u201cLos ciegos\u201d de Maurice Maeterlinck (2015); \u201cCr\u00f3nicas de noches y de d\u00edas enteros\u201d de Xavier Durringer; \u201cTarascones\u201d de Gonzalo de Mar\u00eda (2019) Dorotea de Nelson Rodr\u00edgues (2020), y \u201cLa Posadera\u201d de Carlo Goldoni, todos con direcci\u00f3n de Sebasti\u00e1n Barrios. El espect\u00e1culo \u201cTarascones\u201d&nbsp; es nominado a los premios Florencio, otorgado por la asociaci\u00f3n de cr\u00edticos del Uruguay&nbsp; como espect\u00e1culo del interior en Montevideo.<u><\/u>&nbsp;<u><\/u><\/span><\/p>\n<p><span lang=\"ES\"><u><\/u>&nbsp;<u><\/u><\/span><\/p>\n<div>\n<p><b><span lang=\"ES\">Eva Araceli Guti\u00e9rrez Bentancourt \/ Actriz&nbsp;&nbsp;&nbsp; <u><\/u>&nbsp;<u><\/u><\/span><\/b><\/p>\n<\/div>\n<p><span lang=\"ES\"><u><\/u>&nbsp;<u><\/u><\/span><\/p>\n<p><span lang=\"ES\">Centra su formaci\u00f3n art\u00edstica en los talleres de actuaci\u00f3n de la Escuela Maldonado de Arte Esc\u00e9nico, perteneciente a la Direcci\u00f3n de Cultura de la Intendencia de Maldonado (2013 &#8211; 2017), form\u00e1ndose con docentes como Sebasti\u00e1n Barrios, Marcel Sawchik y \u00c1lvaro Vila. Cursa tres a\u00f1os de \u201cTaller de improvisaci\u00f3n\u201d (2019 &#8211; 2021), a cargo de \u00c1lvaro Vila.&nbsp; Estudios de canto popular y coro en la Escuela Departamental de M\u00fasica de Maldonado (2014 a 2021), con la profesora Magela Machado.&nbsp;&nbsp;&nbsp; Tres a\u00f1os (2019 \u2013 2021) de \u201cTaller de Percusi\u00f3n\u201d con el profesor Roque Bellini. Como actriz participa en los siguientes espect\u00e1culos: \u201cCuenta regresiva\u201d direcci\u00f3n \u00c1lvaro Vila (2013); \u201cLa comedia divina\u201d inspirada en los c\u00edrculos del infierno que describe Dante Alighieri en la Divina Comedia (2014) direcci\u00f3n Marcel Sawchik.&nbsp; \u201cLos Ciegos\u201d de Maurice Maeterlinck, con la direcci\u00f3n de Sebasti\u00e1n Barrios .<u><\/u>&nbsp;<u><\/u><\/span><\/p>\n<\/div>\n<div>\n<div>\n<h2><span lang=\"ES\">Pilar Dorta \/ Actriz<u><\/u>&nbsp;<u><\/u><\/span><\/h2>\n<\/div>\n<p><span lang=\"ES\"><u><\/u>&nbsp;<u><\/u><\/span><\/p>\n<p><span lang=\"ES\">Centra su formaci\u00f3n art\u00edstica en los talleres de actuaci\u00f3n de la Escuela Maldonado de Arte Esc\u00e9nico, perteneciente a la Direcci\u00f3n de Cultura de la Intendencia de Maldonado (2013- 2018) estudiando con docentes como Sebasti\u00e1n Barrios,Marcel Sawchik y \u00c1lvaro Vila. Paralelamente cursa: \u201cTaller de improvisaci\u00f3n\u201d a cargo de \u00c1lvaro Vila\u201d, \u201cTaller de dramaturgia\u201d y \u201cTaller de producci\u00f3n de espect\u00e1culos\u201d a cargo de Sebasti\u00e1n Barrios (2016); estudios de canto popular y coro en la Escuela Departamental de M\u00fasica de Maldonado con la profesora Magela Machado. Como actriz participa de los siguientes espect\u00e1culos: \u201cCuenta regresiva\u201d direcci\u00f3n \u00c1lvaro Vila (2013);\u201cLa comedia divina\u201d inspirada en los c\u00edrculos del infierno que describe Dante Alighieri en la Divina Comedia (2014) y \u201cAntes llamado Nestor\u201dde Manuel Santos,espect\u00e1culo seleccionado en el Espaciode Investigaci\u00f3n de EMAE (2017) ambos con direcci\u00f3n de Marcel Sawchik; \u201cLos Ciegos\u201d de Maurice Maeterlinck, \u201cCr\u00f3nicas de noches y d\u00edas enteros\u201d de Xavier Durringer (2015), &nbsp;\u201cNo me representa\u201d, \u201cTarascones\u201d de Gonzalo de Mar\u00eda (2019); \u201cDorotea\u201d de Nelson Rodr\u00edguez; y \u201cLa Posadera\u201d de Carlo Goldoni todos con direcci\u00f3n de Sebasti\u00e1n Barrios.<u><\/u>&nbsp;<u><\/u><\/span><\/p>\n<p><span lang=\"ES\">Entre sus reconocimientos figuran: Nominada como mejor elenco en los Premios Florencio otorgados por la Asociaci\u00f3n de Cr\u00edticos Teatrales del Uruguay, por el espect\u00e1culo \u201cTrascones\u201d bajo la direcci\u00f3n de Sebasti\u00e1n Barrios.<u><\/u>&nbsp;<u><\/u><\/span><\/p>\n<\/div>\n<div>\n<h2><span lang=\"ES\">Carolina Morales\/ Actriz \/ Productora Cultural<u><\/u>&nbsp;<u><\/u><\/span><\/h2>\n<\/div>\n<p><span lang=\"ES\"><u><\/u>&nbsp;<u><\/u><\/span><\/p>\n<p><span lang=\"ES\">Gestora Cultural egresada del Programa de Desarrollo Gerencial en Gesti\u00f3n de Teatros y Centro Culturales Claeh (2021). Centra su formaci\u00f3n art\u00edstica en los talleres de actuaci\u00f3n de la Escuela Maldonado de Arte Esc\u00e9nico perteneciente a la Direcci\u00f3n de Cultura de la Intendencia de Maldonado: Taller para adultos (2018) docente Santiago Bentancor, Improvisaci\u00f3n (2018) docente \u00c1lvaro Vila; talleres anuales de teatro de Patricia \u00c1lvarez en el Teatro Fernandino (2013-2017); \u201cEl actor y la m\u00e1scara en la Comediadel Arte\u201d con el actor, director, dramaturgo y pedagogo italiano Fabio Mangolini; \u201cComedia Gestual\u201d con Luis Cao; \u201cImprovisaci\u00f3n\u201d dictado por la compa\u00f1\u00eda de TeatroImprovisado El Trompo; \u201cEntrenamiento vocal\u201d para actores con la licenciada en fonoaudiolog\u00eda Ana In\u00e9s Laboritti; \u201cAcercamiento a la Actuaci\u00f3n desde la Vivencia Clown\u201d con Alfredo Hern\u00e1ndez D\u00edaz; \u201cProducci\u00f3n de espect\u00e1culos teatrales impartido por Sebasti\u00e1n Barrios y Laboratorio \u201cdramaturgia para una canci\u00f3n\u201d ambos impartidos por Sebasti\u00e1n Barrios (2019); Seminario de Pedagog\u00eda Teatral (modalidad virtual) de la Escuela de Teatro de Buenos Aires dirigida por Ra\u00fal Serrano (2020); Taller de Introducci\u00f3n a la Puesta en Escena (modalidadvirtual) dictado por Rub\u00e9n Szuchmacher y Graciela Schuster (2021).<u><\/u>&nbsp;<u><\/u><\/span><\/p>\n<p><span lang=\"ES\">Como actriz participa en \u201cTarascones\u201d de Gonzalo Demar\u00eda (2019); \u201cDorotea\u201d de Nelson Rodr\u00edguez (2020); y \u201cLa Posadera\u201d de Carlo Goldoni (2921) todos con direcci\u00f3n de Sebasti\u00e1n Barrios.<u><\/u>&nbsp;<u><\/u><\/span><\/p>\n<p><span lang=\"ES\">Participa como productora de proyectos teatrales y audiovisuales entre los que se destacan: \u201cTarascones\u201d de Gonzalo Demar\u00eda dirigido por Sebasti\u00e1n Barrios, nominado a los Premios Florencio a Mejor Teatro del Interior en Montevideo (2019);\u201cJuan Pescador\u201d del grupo Ignition (2019) en el rol de actriz, guionista y post productora en el festival 48hs de Punta del Este, obteniendo los siguientes premios:<u><\/u>&nbsp;<u><\/u><\/span><\/p>\n<p><span lang=\"ES\">Mejor corto, Mejor cinematograf\u00eda, Mejor direcci\u00f3n, participa del festival internacional de las artes Minga en Colombia y en el Festival de cortos internacional Filmapallooza<u><\/u>&nbsp;<u><\/u><\/span><\/p>\n<p><span lang=\"ES\">en Rotterdam; \u201cHambre de Libertad\u201d de la Productora Paulmanfilms (2020) participando en festivales como el New York Flash Film Festival, Golden Short Film Festival de Italia, Eastern Europe Film Festival 2021, Creation International Film Festival de Los \u00c1ngeles, Lift-Global Network Sessions 2021 de EE. UU., Miami Independent Film Festival 2021, ganando importantes premios y nominaciones. <u><\/u>&nbsp;<u><\/u><\/span><\/p>\n<p class=\"x_MsoNormal\"><span lang=\"ES\"><u><\/u>&nbsp;<u><\/u><\/span><\/p>\n<div>\n<h2><span lang=\"ES\">Pilar Marino \/ Actriz \/<u><\/u>&nbsp;<u><\/u><\/span><\/h2>\n<\/div>\n<p class=\"x_MsoNormal\"><span lang=\"ES\"><u><\/u>&nbsp;<u><\/u><\/span><\/p>\n<p class=\"x_MsoNormal\"><span lang=\"ES\">Egresada de la Escuela Maldonado de Arte Esc\u00e9nico EMAE (2021), dependiente de la Direcci\u00f3n General de Cultura de la Intendencia de Maldonado. Cursa actualmente la Tecnicatura en Gesti\u00f3n Cultural del Claeh. Realiza el curso: \u2018\u2019El actor y la comedia del arte\u2019\u2019 a cargo del Maestro Fabio Mangolini (2017). Participa tambi\u00e9n a nivel internacional en un espect\u00e1culo en Treasure Coast Mall, Estados Unidos, quedando seleccionada para una base de datos de actores (2018). Incursiona en la Direcci\u00f3n como asistente en la obra \u2018\u2019El ni\u00f1o que no sab\u00eda jugar\u2019\u2019 de Sebasti\u00e1n Barrios (2019), realizando su primera experiencia de direcci\u00f3n con la obra \u2018\u2019La violaci\u00f3n\u2019\u2019 de Dario Fo y Franca Rame (2021) y \u2018\u2019La decisi\u00f3n de Juan\u2019\u2019 de Mike Bartlett, su primer espect\u00e1culo de teatro fusi\u00f3n circo de forma independiente (2021). C\u00f3mo actriz participa en el mon\u00f3logo \u2018\u2019La mujer sola\u2019\u2019 de Dario Fo y Franca Rame (2021) bajo la direcci\u00f3n de Lucia Melo.<u><\/u>&nbsp;<u><\/u><\/span><\/p>\n<p class=\"x_MsoNormal\"><span lang=\"ES\"><u><\/u>&nbsp;<u><\/u><\/span><\/p>\n<div>\n<h2><span lang=\"ES\">Luj\u00e1n Regueiro\/ Vestuarista y Escen\u00f3grafa<u><\/u>&nbsp;<u><\/u><\/span><\/h2>\n<\/div>\n<p><b><span lang=\"ES\"><u><\/u>&nbsp;<u><\/u><\/span><\/b><\/p>\n<p><span lang=\"ES\">Centra su formaci\u00f3n art\u00edstica en los talleres de EMAE, perteneciente a la Direcci\u00f3n de Cultura de la Intendencia Departamental de Maldonado (2017 2019): Taller de transformaci\u00f3n del objeto y taller de estructuras, dictado por la escen\u00f3grafa vestuarista y artista pl\u00e1stica, Beatriz Mart\u00ednez.<u><\/u>&nbsp;<u><\/u><\/span><\/p>\n<p><span lang=\"ES\">Expone sus trabajos colectiva e individualmente en las muestras realizadas en Casa de la Cultura, Ciudad de Maldonado. (2017-2018). Se desempa\u00f1a como dise\u00f1adora de escenograf\u00eda y vestuario en \u201cTarascones\u201d de Gonzalo Demar\u00eda (2019); \u201cDorotea\u201d de Nelson Rodr\u00edguez (2020); y \u201cLa Posadera\u201d de Carlo Goldoni (2921) todos con direcci\u00f3n de Sebasti\u00e1n Barrios. \u201cTarascones\u201d es nominado a los Premios Florencio en la categor\u00eda, mejor espect\u00e1culo del interior en Montevideo.}<u><\/u>&nbsp;<u><\/u><\/span><\/p>\n<p><span lang=\"ES\">&nbsp;<\/span><\/p>\n<p><span lang=\"ES\"><u><\/u>&nbsp;<u><\/u><\/span><\/p>\n<div>\n<p><span lang=\"ES\">Ingrid Nieto \/ Maquilladora<u><\/u>&nbsp;<u><\/u><\/span><\/p>\n<\/div>\n<p><span lang=\"ES\"><u><\/u>&nbsp;<u><\/u><\/span><\/p>\n<p><span lang=\"ES\">Comienza su formaci\u00f3n en 2015 estudiando Maquillaje Art\u00edstico en la Casa de la Cultura de Maldonado junto a Mar\u00edaEmma N\u00fa\u00f1ez. Realizadise\u00f1os de maquillaje para publicidad, teatro,cine, comparsas y murgas.Ha participado: en el 48 hour film project con \u201cBeto\u201d (2017) direcci\u00f3n de Gabriel Pagolay Rodrigo D\u00edaz, \u201cVoyeur\u201d direcci\u00f3n Ra\u00fal Benzoy \u201cdocumental \u201cMar\u00edaEmma N\u00fa\u00f1ez\u201d (2018)direcci\u00f3n Gabriel Lema,\u201cFelicidades mi amooor\u201dDirecci\u00f3n de Enrique Abal Oli\u00fa y \u201cHobby\u201d (2020) direcci\u00f3n Gabriel Pandule. Realiza el maquillaje en Comparsa Kandumba Zulu (2019), y para la murga \u201cLa vecina de Magoya\u201d (2020). En teatro realiz\u00f3 el dise\u00f1o de maquillaje del espect\u00e1culo \u201cTarascones\u201d, de Gonzalo Demar\u00eda dirigida por Sebasti\u00e1n Barrios (2019), y en el proyecto de investigaci\u00f3n de \u201cDorotea\u201d del autor brasile\u00f1o Nelson Rodrigues en el Centro Cultural Maldonado Nuevo (2020). Participa como docente de maquillaje del Proyecto Garc\u00eda,egreso 2020 de La EscuelaMaldonado de Arte Esc\u00e9nico. Actualmente realiza el dise\u00f1o de maquillaje de: \u201cLa Posadera\u201d de Carlo Goldoni con direcci\u00f3n de Sebasti\u00e1n Barrios.<u><\/u>&nbsp;<u><\/u><\/span><\/p>\n<p><span lang=\"ES\"><u><\/u>&nbsp;<u><\/u><\/span><\/p>\n<div>\n<h2><span lang=\"ES\">Vilma Garc\u00eda \/ Entrenamiento Corporal<\/span><span lang=\"ES\"><u><\/u>&nbsp;<u><\/u><\/span><\/h2>\n<\/div>\n<p><span lang=\"ES\"><u><\/u>&nbsp;<u><\/u><\/span><\/p>\n<p><span lang=\"ES\">Comienza su formaci\u00f3n actoral en la Escuela de Teatro del Palacio Salvo, con maestros como Hugo Bardallo, Jorge Ciffr\u00e9 y Wenter Gluck (1965); paralelamente se forma con grandes maestras de la Danza como Nelly Passegi (1968), y Graciela Figueroa (1983) y Mary Minetti (1970). Con una extensa carrera profesional, participa de espect\u00e1culosnacionales e internacionales, destac\u00e1ndose su actuaci\u00f3n en el Teatro de C\u00e1mara de Montevideo y Teatrode la calle 20 en Punta del Este, bajo la direcci\u00f3nde H\u00e9ctor Gand\u00f3s. Garc\u00eda (1966-69). Integra el cuerpo estable de danzas antiguas y expresi\u00f3n corporal dirigido por Nelly Passegi (1970), realizando presentaciones estables en Canal 5, SODRE dentro del programa \u00a8Cuatro mujeres\u00a8 dirigido por Raquel Azar, recibiendo menci\u00f3n especial en el concursode Televisoras OficialesHispanoamericanas realizado en Espa\u00f1a. Se desempe\u00f1a como docente en varias instituciones educativas, dictando cursos y seminarios a nivel nacional e internacional entre los que se destacan: Curso de Expresi\u00f3nCorporal, ritmo y melod\u00eda del movimiento en Torre\u00f3n, Estado de Coahuila, M\u00e9xico (1974) invitada por la Casa de la Cultura de dicha ciudad; Maestra Correctora del grupo estable de danzas Folcl\u00f3ricas en el Centro de Convenciones, dirigido por Maximiliano G\u00f3mez, en Canc\u00fan, Estado de Quintana Roo (1976-78); Clase en Instituto Baez Bernal, d\u00f3nde contin\u00faa perfeccionando la T\u00e9cnica de Gimnasia Reeducativa y T\u00e9cnicas de Elongaci\u00f3n Muscular para bailarines y actores, M\u00e9todo Alfredo Gurquel (1982-1985). Ingresapor Concurso de Oposici\u00f3n y M\u00e9ritos en La EscuelaMaldonado de Arte Esc\u00e9nico EMAE (2012-2017), dependiente de la Direcci\u00f3nde Cultura de la Intendencia de Maldonado, desempe\u00f1\u00e1ndose como profesora de Acondicionamiento Corporaly Gestual, dentro de las escuelas de Teatro y Danza. Invitada a participar como jurado en los fondos procultura de la IDM (2016), en representaci\u00f3n del \u00e1rea de programaci\u00f3n dirigido por Valent\u00edn &nbsp;<u><\/u>&nbsp;<u><\/u><\/span><\/p>\n<p><span lang=\"ES\"><u><\/u>&nbsp;<u><\/u><\/span><\/p>\n<div>\n<p class=\"x_MsoNormal\"><b><span lang=\"ES\">Fernanda Brena \/ Actriz \/ Directora \/ Iluminadora<u><\/u>&nbsp;<u><\/u><\/span><\/b><\/p>\n<\/div>\n<p class=\"x_MsoNormal\"><span lang=\"ES\">&nbsp;<\/span><\/p>\n<p class=\"x_MsoNormal\"><span lang=\"ES\">-Egresa de la Escuela Maldonado Arte Esc\u00e9nico, (EMAE \u2013 2011). Participa de diversos talleres nacionales y extranjeros como: Taller te\u00f3rico-pr\u00e1ctico de Clown dictado por Salvador Garc\u00eda, Centro Cultural Independiente Casa Okulta, (2009); FITU IV Festival Internacional de Teatro, \u201cLa m\u00e1scara neutra \u2013 La m\u00e1scara creativa\u201d (2009), por Nicol\u00e1s Kohen, (Argentina-Italia); Laboratorio sobre dramaturgia del actor, \u201cActor generador\u201d (2009) Margarit\u00f3n por Richard Riveiro (Uruguay); Taller te\u00f3rico pr\u00e1ctico de acrobacia (2009), Margarit\u00f3n por Gonzalo Pieri, (Uruguay); Bienal de Educaci\u00f3n Art\u00edstica, \u201cEducaci\u00f3n y Arte, Geograf\u00eda de un V\u00ednculo\u201d; \u201cPedagog\u00eda teatral. Compartir la mirada\u201d (2013) por Deborah Astrosky, (Argentina); Seminario de \u201cDirecci\u00f3n Teatral para directores y operadores en Teatro\u201d (2013), por Carlos Branca (Argentina); Taller de direcci\u00f3n (2014) a cargo de Sebasti\u00e1n Barrios (Uruguay). <u><\/u>&nbsp;<u><\/u><\/span><\/p>\n<p class=\"x_MsoNormal\"><span lang=\"ES\">Se desempe\u00f1a como actriz, directora e iluminadora teatral, abordando textos cl\u00e1sicos como contempor\u00e1neos, siendo seleccionada por COFONTE y Fondos Concursables para la Cultura, en reiteradas ocasiones.<\/span><\/p>\n","protected":false},"excerpt":{"rendered":"<p>&nbsp; &nbsp; \u201cCon todas sus riquezas, con todos sus regalos, no llegar\u00e1 nunca a enamorarme, y mucho menos lo har\u00e1 el Marqu\u00e9s con su rid\u00edcula protecci\u00f3n. Si tuviera que agarrarme a uno de estos dos, ciertamente lo har\u00eda con el que gasta m\u00e1s. Pero no me importa ni el uno ni el otro. Estoy empe\u00f1ada [&hellip;]<\/p>\n","protected":false},"author":8,"featured_media":78534,"comment_status":"closed","ping_status":"closed","sticky":false,"template":"","format":"standard","meta":{"om_disable_all_campaigns":false,"ngg_post_thumbnail":0,"jnews-multi-image_gallery":[],"jnews_single_post":{"subtitle":"Versi\u00f3n y direcci\u00f3n Sebasti\u00e1n Barrios","format":"standard","video":"","gallery":"","source_name":"","source_url":"","via_name":"","via_url":"","override_template":"0","override":[{"template":"1","single_blog_custom":"","parallax":"1","fullscreen":"1","layout":"right-sidebar","sidebar":"default-sidebar","second_sidebar":"default-sidebar","sticky_sidebar":"1","share_position":"top","share_float_style":"share-monocrhome","show_share_counter":"1","show_view_counter":"1","show_featured":"1","show_post_meta":"1","show_post_author":"1","show_post_author_image":"1","show_post_date":"1","post_date_format":"default","post_date_format_custom":"Y\/m\/d","show_post_category":"1","show_post_reading_time":"0","post_reading_time_wpm":"300","show_zoom_button":"0","zoom_button_out_step":"2","zoom_button_in_step":"3","show_post_tag":"1","show_prev_next_post":"1","show_popup_post":"1","number_popup_post":"1","show_author_box":"0","show_post_related":"0","show_inline_post_related":"0"}],"override_image_size":"0","image_override":[{"single_post_thumbnail_size":"crop-500","single_post_gallery_size":"crop-500"}],"trending_post":"0","trending_post_position":"meta","trending_post_label":"Trending","sponsored_post":"0","sponsored_post_label":"Sponsored by","sponsored_post_name":"","sponsored_post_url":"","sponsored_post_logo_enable":"0","sponsored_post_logo":"","sponsored_post_desc":""},"jnews_primary_category":{"id":""},"jnews_social_meta":{"fb_title":"","fb_description":"","fb_image":"","twitter_title":"","twitter_description":"","twitter_image":""},"jnews_override_counter":{"override_view_counter":"0","view_counter_number":"0","override_share_counter":"0","share_counter_number":"0","override_like_counter":"0","like_counter_number":"0","override_dislike_counter":"0","dislike_counter_number":"0"},"footnotes":""},"categories":[57],"tags":[11452,16041,16042],"class_list":["post-78533","post","type-post","status-publish","format-standard","has-post-thumbnail","hentry","category-teatro","tag-carlo-goldoni","tag-la-posadera","tag-sebastian-barrios"],"yoast_head":"<!-- This site is optimized with the Yoast SEO plugin v27.5 - https:\/\/yoast.com\/product\/yoast-seo-wordpress\/ -->\n<title>LA POSADERA\u00a0de Carlo Goldoni\u00a0 - Cooltivarte Portal<\/title>\n<meta name=\"description\" content=\"\u00a0\u201cLa posadera\u201d es una comedia italiana escrita por Carlo Goldoni en el a\u00f1o 1750; es un retrato de la decadencia que sufre la aristocracia, con un claro mensaje sobre la conquista de la independencia de la mujer,de su propia libertad. Un marqu\u00e9s arruinado, un conde rico, un caballero mis\u00f3gino y un criado luchan por el amor de Mirandolina, cada uno con sus propias armas y artificios. \u00a0\" \/>\n<meta name=\"robots\" content=\"index, follow, max-snippet:-1, max-image-preview:large, max-video-preview:-1\" \/>\n<link rel=\"canonical\" href=\"https:\/\/cooltivarte.com\/portal\/la-posadera-de-carlo-goldoni\/\" \/>\n<meta property=\"og:locale\" content=\"es_ES\" \/>\n<meta property=\"og:type\" content=\"article\" \/>\n<meta property=\"og:title\" content=\"LA POSADERA\u00a0de Carlo Goldoni\u00a0\" \/>\n<meta property=\"og:description\" content=\"\u00a0\u201cLa posadera\u201d es una comedia italiana escrita por Carlo Goldoni en el a\u00f1o 1750; es un retrato de la decadencia que sufre la aristocracia, con un claro mensaje sobre la conquista de la independencia de la mujer,de su propia libertad. Un marqu\u00e9s arruinado, un conde rico, un caballero mis\u00f3gino y un criado luchan por el amor de Mirandolina, cada uno con sus propias armas y artificios. \u00a0\" \/>\n<meta property=\"og:url\" content=\"https:\/\/cooltivarte.com\/portal\/la-posadera-de-carlo-goldoni\/\" \/>\n<meta property=\"og:site_name\" content=\"Cooltivarte Portal\" \/>\n<meta property=\"article:publisher\" content=\"https:\/\/www.facebook.com\/cooltivartecom\/\" \/>\n<meta property=\"article:author\" content=\"https:\/\/www.facebook.com\/cooltivartecom\" \/>\n<meta property=\"article:published_time\" content=\"2022-02-10T13:13:38+00:00\" \/>\n<meta property=\"article:modified_time\" content=\"2022-02-11T13:30:50+00:00\" \/>\n<meta property=\"og:image\" content=\"https:\/\/cooltivarte.com\/portal\/wp-content\/uploads\/2022\/02\/alta-1-scaled.jpg\" \/>\n\t<meta property=\"og:image:width\" content=\"2560\" \/>\n\t<meta property=\"og:image:height\" content=\"1834\" \/>\n\t<meta property=\"og:image:type\" content=\"image\/jpeg\" \/>\n<meta name=\"author\" content=\"Cooltivarte\" \/>\n<meta name=\"twitter:card\" content=\"summary_large_image\" \/>\n<meta name=\"twitter:title\" content=\"LA POSADERA\u00a0de Carlo Goldoni\u00a0\" \/>\n<meta name=\"twitter:description\" content=\"\u00a0\u201cLa posadera\u201d es una comedia italiana escrita por Carlo Goldoni en el a\u00f1o 1750; es un retrato de la decadencia que sufre la aristocracia, con un claro mensaje sobre la conquista de la independencia de la mujer,de su propia libertad. Un marqu\u00e9s arruinado, un conde rico, un caballero mis\u00f3gino y un criado luchan por el amor de Mirandolina, cada uno con sus propias armas y artificios. \u00a0\" \/>\n<meta name=\"twitter:image\" content=\"https:\/\/cooltivarte.com\/portal\/wp-content\/uploads\/2022\/02\/alta-1-scaled.jpg\" \/>\n<meta name=\"twitter:creator\" content=\"@https:\/\/x.com\/obolocultural\" \/>\n<meta name=\"twitter:site\" content=\"@obolocultural\" \/>\n<meta name=\"twitter:label1\" content=\"Escrito por\" \/>\n\t<meta name=\"twitter:data1\" content=\"Cooltivarte\" \/>\n\t<meta name=\"twitter:label2\" content=\"Tiempo de lectura\" \/>\n\t<meta name=\"twitter:data2\" content=\"16 minutos\" \/>\n<!-- \/ Yoast SEO plugin. -->","yoast_head_json":{"title":"LA POSADERA\u00a0de Carlo Goldoni\u00a0 - Cooltivarte Portal","description":"\u00a0\u201cLa posadera\u201d es una comedia italiana escrita por Carlo Goldoni en el a\u00f1o 1750; es un retrato de la decadencia que sufre la aristocracia, con un claro mensaje sobre la conquista de la independencia de la mujer,de su propia libertad. Un marqu\u00e9s arruinado, un conde rico, un caballero mis\u00f3gino y un criado luchan por el amor de Mirandolina, cada uno con sus propias armas y artificios. \u00a0","robots":{"index":"index","follow":"follow","max-snippet":"max-snippet:-1","max-image-preview":"max-image-preview:large","max-video-preview":"max-video-preview:-1"},"canonical":"https:\/\/cooltivarte.com\/portal\/la-posadera-de-carlo-goldoni\/","og_locale":"es_ES","og_type":"article","og_title":"LA POSADERA\u00a0de Carlo Goldoni\u00a0","og_description":"\u00a0\u201cLa posadera\u201d es una comedia italiana escrita por Carlo Goldoni en el a\u00f1o 1750; es un retrato de la decadencia que sufre la aristocracia, con un claro mensaje sobre la conquista de la independencia de la mujer,de su propia libertad. Un marqu\u00e9s arruinado, un conde rico, un caballero mis\u00f3gino y un criado luchan por el amor de Mirandolina, cada uno con sus propias armas y artificios. \u00a0","og_url":"https:\/\/cooltivarte.com\/portal\/la-posadera-de-carlo-goldoni\/","og_site_name":"Cooltivarte Portal","article_publisher":"https:\/\/www.facebook.com\/cooltivartecom\/","article_author":"https:\/\/www.facebook.com\/cooltivartecom","article_published_time":"2022-02-10T13:13:38+00:00","article_modified_time":"2022-02-11T13:30:50+00:00","og_image":[{"width":2560,"height":1834,"url":"https:\/\/cooltivarte.com\/portal\/wp-content\/uploads\/2022\/02\/alta-1-scaled.jpg","type":"image\/jpeg"}],"author":"Cooltivarte","twitter_card":"summary_large_image","twitter_title":"LA POSADERA\u00a0de Carlo Goldoni\u00a0","twitter_description":"\u00a0\u201cLa posadera\u201d es una comedia italiana escrita por Carlo Goldoni en el a\u00f1o 1750; es un retrato de la decadencia que sufre la aristocracia, con un claro mensaje sobre la conquista de la independencia de la mujer,de su propia libertad. Un marqu\u00e9s arruinado, un conde rico, un caballero mis\u00f3gino y un criado luchan por el amor de Mirandolina, cada uno con sus propias armas y artificios. \u00a0","twitter_image":"https:\/\/cooltivarte.com\/portal\/wp-content\/uploads\/2022\/02\/alta-1-scaled.jpg","twitter_creator":"@https:\/\/x.com\/obolocultural","twitter_site":"@obolocultural","twitter_misc":{"Escrito por":"Cooltivarte","Tiempo de lectura":"16 minutos"},"schema":{"@context":"https:\/\/schema.org","@graph":[{"@type":"NewsArticle","@id":"https:\/\/cooltivarte.com\/portal\/la-posadera-de-carlo-goldoni\/#article","isPartOf":{"@id":"https:\/\/cooltivarte.com\/portal\/la-posadera-de-carlo-goldoni\/"},"author":{"name":"Cooltivarte","@id":"https:\/\/cooltivarte.com\/portal\/#\/schema\/person\/ec2a4f4e71b740d0c559c0ab9a157e19"},"headline":"LA POSADERA\u00a0de Carlo Goldoni\u00a0","datePublished":"2022-02-10T13:13:38+00:00","dateModified":"2022-02-11T13:30:50+00:00","mainEntityOfPage":{"@id":"https:\/\/cooltivarte.com\/portal\/la-posadera-de-carlo-goldoni\/"},"wordCount":3552,"publisher":{"@id":"https:\/\/cooltivarte.com\/portal\/#organization"},"image":{"@id":"https:\/\/cooltivarte.com\/portal\/la-posadera-de-carlo-goldoni\/#primaryimage"},"thumbnailUrl":"https:\/\/cooltivarte.com\/portal\/wp-content\/uploads\/2022\/02\/alta-1-scaled.jpg","keywords":["Carlo Goldoni","LA POSADERA","Sebasti\u00e1n Barrios"],"articleSection":["Teatro"],"inLanguage":"es-AR"},{"@type":"WebPage","@id":"https:\/\/cooltivarte.com\/portal\/la-posadera-de-carlo-goldoni\/","url":"https:\/\/cooltivarte.com\/portal\/la-posadera-de-carlo-goldoni\/","name":"LA POSADERA\u00a0de Carlo Goldoni\u00a0 - Cooltivarte Portal","isPartOf":{"@id":"https:\/\/cooltivarte.com\/portal\/#website"},"primaryImageOfPage":{"@id":"https:\/\/cooltivarte.com\/portal\/la-posadera-de-carlo-goldoni\/#primaryimage"},"image":{"@id":"https:\/\/cooltivarte.com\/portal\/la-posadera-de-carlo-goldoni\/#primaryimage"},"thumbnailUrl":"https:\/\/cooltivarte.com\/portal\/wp-content\/uploads\/2022\/02\/alta-1-scaled.jpg","datePublished":"2022-02-10T13:13:38+00:00","dateModified":"2022-02-11T13:30:50+00:00","description":"\u00a0\u201cLa posadera\u201d es una comedia italiana escrita por Carlo Goldoni en el a\u00f1o 1750; es un retrato de la decadencia que sufre la aristocracia, con un claro mensaje sobre la conquista de la independencia de la mujer,de su propia libertad. Un marqu\u00e9s arruinado, un conde rico, un caballero mis\u00f3gino y un criado luchan por el amor de Mirandolina, cada uno con sus propias armas y artificios. \u00a0","breadcrumb":{"@id":"https:\/\/cooltivarte.com\/portal\/la-posadera-de-carlo-goldoni\/#breadcrumb"},"inLanguage":"es-AR","potentialAction":[{"@type":"ReadAction","target":["https:\/\/cooltivarte.com\/portal\/la-posadera-de-carlo-goldoni\/"]}]},{"@type":"ImageObject","inLanguage":"es-AR","@id":"https:\/\/cooltivarte.com\/portal\/la-posadera-de-carlo-goldoni\/#primaryimage","url":"https:\/\/cooltivarte.com\/portal\/wp-content\/uploads\/2022\/02\/alta-1-scaled.jpg","contentUrl":"https:\/\/cooltivarte.com\/portal\/wp-content\/uploads\/2022\/02\/alta-1-scaled.jpg","width":2560,"height":1834,"caption":"LA POSADERA\u00a0de Carlo Goldoni\u00a0"},{"@type":"BreadcrumbList","@id":"https:\/\/cooltivarte.com\/portal\/la-posadera-de-carlo-goldoni\/#breadcrumb","itemListElement":[{"@type":"ListItem","position":1,"name":"Portada","item":"https:\/\/cooltivarte.com\/portal\/"},{"@type":"ListItem","position":2,"name":"LA POSADERA\u00a0de Carlo Goldoni\u00a0"}]},{"@type":"WebSite","@id":"https:\/\/cooltivarte.com\/portal\/#website","url":"https:\/\/cooltivarte.com\/portal\/","name":"Cooltivarte Portal","description":"Arte, cultura y turismo para el mundo ...","publisher":{"@id":"https:\/\/cooltivarte.com\/portal\/#organization"},"potentialAction":[{"@type":"SearchAction","target":{"@type":"EntryPoint","urlTemplate":"https:\/\/cooltivarte.com\/portal\/?s={search_term_string}"},"query-input":{"@type":"PropertyValueSpecification","valueRequired":true,"valueName":"search_term_string"}}],"inLanguage":"es-AR"},{"@type":"Organization","@id":"https:\/\/cooltivarte.com\/portal\/#organization","name":"cooltivarte","url":"https:\/\/cooltivarte.com\/portal\/","logo":{"@type":"ImageObject","inLanguage":"es-AR","@id":"https:\/\/cooltivarte.com\/portal\/#\/schema\/logo\/image\/","url":"https:\/\/cooltivarte.com\/portal\/wp-content\/uploads\/2020\/04\/logo-cooltivarte-v2.png","contentUrl":"https:\/\/cooltivarte.com\/portal\/wp-content\/uploads\/2020\/04\/logo-cooltivarte-v2.png","width":851,"height":243,"caption":"cooltivarte"},"image":{"@id":"https:\/\/cooltivarte.com\/portal\/#\/schema\/logo\/image\/"},"sameAs":["https:\/\/www.facebook.com\/cooltivartecom\/","https:\/\/x.com\/obolocultural","https:\/\/www.instagram.com\/_cooltivarte_\/","https:\/\/www.linkedin.com\/company\/-bolocultural?reportsuccess=8zaNG1HwhPbAR9iQhZ5rfGeqz_vQFftHun0ZWU0Wy9vNemRJ8vtcKdJvzQfW8XagyOJSKg0XvfJ1dp","https:\/\/www.pinterest.com\/cooltivarte\/","https:\/\/cooltivarte.tumblr.com\/","https:\/\/www.tiktok.com\/@cooltivarte","https:\/\/www.youtube.com\/@PrensaCooltivarte"]},{"@type":"Person","@id":"https:\/\/cooltivarte.com\/portal\/#\/schema\/person\/ec2a4f4e71b740d0c559c0ab9a157e19","name":"Cooltivarte","image":{"@type":"ImageObject","inLanguage":"es-AR","@id":"https:\/\/cooltivarte.com\/portal\/wp-content\/uploads\/2014\/05\/logo-cooltivarte-120x120.jpg","url":"https:\/\/cooltivarte.com\/portal\/wp-content\/uploads\/2014\/05\/logo-cooltivarte-120x120.jpg","contentUrl":"https:\/\/cooltivarte.com\/portal\/wp-content\/uploads\/2014\/05\/logo-cooltivarte-120x120.jpg","caption":"Cooltivarte"},"description":"Somos COOLTIVARTE.COM. Un portal digital dedicado a difundir el acontecer art\u00edstico y cultural del Uruguay. Estamos en la vuelta desde el a\u00f1o 2003, y como evoluci\u00f3n del bolet\u00edn Obolo Cultural, nos encontramos abocados a apoyar a los artistas nacionales brind\u00e1ndoles un espacio de difusi\u00f3n. Creemos en la idea de utilizar la potencialidad que hoy d\u00eda nos otorga la web, para que la cultura uruguaya y sus creadores dispongan de una din\u00e1mica ventana, que los ponga en contacto entre s\u00ed y con el mundo. Somos COOLTIVARTE.COM y pretendemos configurarnos como un portal din\u00e1mico, entretenido y atento a los nuevos emprendimientos, que busque siempre la interacci\u00f3n con los artistas.","sameAs":["http:\/\/www.cooltivarte.com","https:\/\/www.facebook.com\/cooltivartecom","https:\/\/www.instagram.com\/_cooltivarte_\/","https:\/\/www.linkedin.com\/company\/-bolocultural","https:\/\/www.pinterest.com\/cooltivarte\/","https:\/\/x.com\/https:\/\/x.com\/obolocultural","https:\/\/www.youtube.com\/@PrensaCooltivarte","https:\/\/www.tumblr.com\/blog\/cooltivarte"],"url":"https:\/\/cooltivarte.com\/portal\/author\/cooltivarte\/"}]}},"_links":{"self":[{"href":"https:\/\/cooltivarte.com\/portal\/wp-json\/wp\/v2\/posts\/78533","targetHints":{"allow":["GET"]}}],"collection":[{"href":"https:\/\/cooltivarte.com\/portal\/wp-json\/wp\/v2\/posts"}],"about":[{"href":"https:\/\/cooltivarte.com\/portal\/wp-json\/wp\/v2\/types\/post"}],"author":[{"embeddable":true,"href":"https:\/\/cooltivarte.com\/portal\/wp-json\/wp\/v2\/users\/8"}],"replies":[{"embeddable":true,"href":"https:\/\/cooltivarte.com\/portal\/wp-json\/wp\/v2\/comments?post=78533"}],"version-history":[{"count":3,"href":"https:\/\/cooltivarte.com\/portal\/wp-json\/wp\/v2\/posts\/78533\/revisions"}],"predecessor-version":[{"id":78565,"href":"https:\/\/cooltivarte.com\/portal\/wp-json\/wp\/v2\/posts\/78533\/revisions\/78565"}],"wp:featuredmedia":[{"embeddable":true,"href":"https:\/\/cooltivarte.com\/portal\/wp-json\/wp\/v2\/media\/78534"}],"wp:attachment":[{"href":"https:\/\/cooltivarte.com\/portal\/wp-json\/wp\/v2\/media?parent=78533"}],"wp:term":[{"taxonomy":"category","embeddable":true,"href":"https:\/\/cooltivarte.com\/portal\/wp-json\/wp\/v2\/categories?post=78533"},{"taxonomy":"post_tag","embeddable":true,"href":"https:\/\/cooltivarte.com\/portal\/wp-json\/wp\/v2\/tags?post=78533"}],"curies":[{"name":"wp","href":"https:\/\/api.w.org\/{rel}","templated":true}]}}