{"id":78396,"date":"2022-02-02T11:22:59","date_gmt":"2022-02-02T14:22:59","guid":{"rendered":"https:\/\/cooltivarte.com\/portal\/?p=78396"},"modified":"2022-02-04T11:28:07","modified_gmt":"2022-02-04T14:28:07","slug":"convocatoria-abierta-para-participar-en-rojo-festival-independiente-internacional-de-clown","status":"publish","type":"post","link":"https:\/\/cooltivarte.com\/portal\/convocatoria-abierta-para-participar-en-rojo-festival-independiente-internacional-de-clown\/","title":{"rendered":"Convocatoria abierta para participar en Rojo, Festival Independiente Internacional de Clown"},"content":{"rendered":"<div dir=\"ltr\">\n<div class=\"x_gmail_quote\">\n<div dir=\"ltr\">\n<div>\n<p><img fetchpriority=\"high\" decoding=\"async\" class=\"aligncenter wp-image-78397\" title=\"Convocatoria abierta para participar en Rojo, Festival Independiente Internacional de Clown\" src=\"https:\/\/cooltivarte.com\/portal\/wp-content\/uploads\/2022\/02\/Rojo-350x350.png\" alt=\"Convocatoria abierta para participar en Rojo, Festival Independiente Internacional de Clown\" width=\"640\" height=\"360\"\/><\/p>\n<p>&nbsp;<\/p>\n<p class=\"x_MsoNormal\">De la mano de <strong>Luis Levy<\/strong> y<strong> Santiago Leg\u00f3n,<\/strong> dos payasos de la escena independiente, llega la primera edici\u00f3n de Rojo: Festival Independiente Internacional de Clown de Buenos Aires.<\/p>\n<p class=\"x_MsoNormal\">Rojo, Festival Independiente Internacional de Clown convoca a grupos, elencos y artistas nacionales e internacionales del g\u00e9nero a participar de su primera edici\u00f3n que se llevar\u00e1 a cabo del 18 al 26 de junio de 2022 en Ciudad Aut\u00f3noma de Buenos Aires.<\/p>\n<p class=\"x_MsoNormal\">Este festival tiene la misi\u00f3n de difundir, apoyar e incentivar la riqueza cultural del clown esc\u00e9nico y el gran trabajo pujante y profesional que ocurre de manera independiente.<\/p>\n<p class=\"x_MsoNormal\">El festival tendr\u00e1 dos categor\u00edas: Obras y N\u00fameros. Participar\u00e1n 8 obras y 5 n\u00fameros los que ser\u00e1n seleccionados por la organizaci\u00f3n.<\/p>\n<p class=\"x_MsoNormal\" aria-hidden=\"true\">&nbsp;<\/p>\n<p class=\"x_MsoNormal\"><b>Convocatoria Obras:<\/b><\/p>\n<p class=\"x_MsoNormal\">El material de las obras se recibir\u00e1 hasta las 24 hs del 1\u00b0 de marzo de 2022.<\/p>\n<p class=\"x_MsoNormal\">Podr\u00e1n participar obras estrenadas dentro de los 5 a\u00f1os de la presente edici\u00f3n.<\/p>\n<p class=\"x_MsoNormal\">Las obras a presentar deber\u00e1n tener una duraci\u00f3n m\u00ednima de 45 minutos y m\u00e1xima de 90 minutos.<\/p>\n<p class=\"x_MsoNormal\">Llen\u00e1 el formulario en: <a href=\"https:\/\/forms.gle\/BDvqNEqfn4qo7XnQ7\" target=\"_blank\" rel=\"noreferrer noopener\" data-auth=\"NotApplicable\" data-linkindex=\"1\">https:\/\/forms.gle\/BDvqNEqfn4qo7XnQ7<\/a><\/p>\n<p class=\"x_MsoNormal\" aria-hidden=\"true\">&nbsp;<\/p>\n<p class=\"x_MsoNormal\"><b>Convocatoria N\u00fameros<\/b><\/p>\n<p class=\"x_MsoNormal\">Las planillas de n\u00fameros se recibir\u00e1n hasta la hora 24 hs del 1\u00b0 de marzo de 2022<\/p>\n<p class=\"x_MsoNormal\">La selecci\u00f3n se har\u00e1 en dos etapas.<\/p>\n<p class=\"x_MsoNormal\">Los n\u00fameros a presentar deber\u00e1n tener una duraci\u00f3n m\u00ednima de 8 minutos y m\u00e1xima de 15 minutos.<\/p>\n<p class=\"x_MsoNormal\">Llen\u00e1 el formulario en: <a href=\"https:\/\/forms.gle\/pDuC3hkeB3vCncbD6\" target=\"_blank\" rel=\"noreferrer noopener\" data-auth=\"NotApplicable\" data-linkindex=\"2\">https:\/\/forms.gle\/pDuC3hkeB3vCncbD6<\/a><\/p>\n<p class=\"x_MsoNormal\" aria-hidden=\"true\">&nbsp;<\/p>\n<p class=\"x_MsoNormal\">Coordinan esta aventura dos payasos de la escena independiente porte\u00f1a: Luis Levy y Santiago Leg\u00f3n. \u201cNos es imprescindible construir un lugar para el encuentro nutritivo y alentador de compartir trabajos de diferentes provincias y pa\u00edses dentro del clown esc\u00e9nico. Nuestro pa\u00eds tiene una pujante comunidad payasa que no para de crear obras que reflejan lo social y nos atraviesan con la risa para llegar al coraz\u00f3n de otra manera. Queremos re\u00edr y emocionarnos en comunidad. Queremos aprender en red. Queremos que seas parte de un ritual colectivo donde la risa pueda mover estructuras y conmover a los seres humanos\u201d, comentan Levy y Leg\u00f3n.<\/p>\n<p class=\"x_MsoNormal\" aria-hidden=\"true\">&nbsp;<\/p>\n<p class=\"x_MsoNormal\"><b>Luis Levy<\/b><\/p>\n<p class=\"x_MsoNormal\">En los a\u00f1os \u201970 se forma como actor y director en la Escuela Nacional de Arte Dram\u00e1tico y en forma privada con Julio Ordano, Carlos Moreno. Como Clown con Hern\u00e1n Carb\u00f3n, Gabriel Chame, Marcos Arano, Marcelo Katz, Hern\u00e1n Gene y Lila Monti.<\/p>\n<p class=\"x_MsoNormal\">Form\u00f3 parte de Teatro Abierto y del elenco de la Comedia Nacional.<\/p>\n<p class=\"x_MsoNormal\">Su puesta de \u201cLa Boda\u201d recibi\u00f3 premios como mejor realizaci\u00f3n, mejor comedia y mejor direcci\u00f3n en el Cuarto Certamen de Teatro Independiente de 1986\/87.<\/p>\n<p class=\"x_MsoNormal\">En 2011 crea Cielo Compa\u00f1\u00eda de Clowns con la que realiza \u201cInstrucciones\u201d, obra inspirada en textos de Julio Cortaz\u00e1r, que form\u00f3 parte del 9\u00b0 Festival Patacomico del Bols\u00f3n.<\/p>\n<p class=\"x_MsoNormal\">\u201c13, un martes, dos vidas, una historia payasa\u201d, \u201cEnsayo de Familia\u201d, \u201cCarmen, una rid\u00edcula tragedia\u201d, versi\u00f3n clownesca de la \u00f3pera de George Bizzet, que form\u00f3 parte de la programaci\u00f3n del tercer Ciclo de Clown del Centro Cultural Haroldo Conti ; obras en las que particip\u00f3 como director y dramaturgo.<\/p>\n<p class=\"x_MsoNormal\">En 2016 crea y organiza el \u201cFestival de Clown y Humor \u201cJarana, JA!\u201d. Paralelamente ha dictado cursos y seminarios de clown en forma privada.<\/p>\n<p class=\"x_MsoNormal\" aria-hidden=\"true\">&nbsp;<\/p>\n<p class=\"x_MsoNormal\"><b>Santiago Leg\u00f3n<\/b><\/p>\n<p class=\"x_MsoNormal\">Formado como actor con Carlos Gandolfo, N\u00e9stor Romero, Santiago M. Ojea y George Lewis.<\/p>\n<p class=\"x_MsoNormal\">Formado en la t\u00e9cnica del Clown con Pablo de Nito, Guillermo Angelleli, Iv\u00e1n Prado, Chacovachi, Dar\u00edo Levin, Marcelo Katz y George Lewis.<\/p>\n<p class=\"x_MsoNormal\">Miembro y creador de la Compa\u00f1\u00eda Clowneros que junto a Juliana Ram\u00edrez y George Lewis han recorrido festivales nacionales e internacionales de clown y circo con sus obras \u201cAmor Mito y Pozo\u201d.<\/p>\n<p class=\"x_MsoNormal\">Fue Integrante de Aguas, con direcci\u00f3n de Marcelo Katz que realiz\u00f3 varias temporadas en el Centro Cultural Recoleta y en la Ciudad Cultural Konex. Nominada a los premios ACE.<\/p>\n<p class=\"x_MsoNormal\">Junto a la actriz Greta Berghese crearon Mozos Locos un emprendimiento creativo que forjan hace 18 a\u00f1os proveyendo artistas e ideas para eventos en todo el pa\u00eds.<\/p>\n<p class=\"x_MsoNormal\">Forma parte de Sonr\u00edo, payasxs en serio: realizan visitas clowneadas a hospitales p\u00fablicos, dictan talleres ESI y realizan n\u00fameros tem\u00e1ticos para educaci\u00f3n y salud.<\/p>\n<p class=\"x_MsoNormal\">Cre\u00f3 Cocada Clown junto a Constanza Scotto. Realizan funciones de \u201cPayases de Vacaciones\u201d dirigidos por Florencia Pati\u00f1o. Talleres de Clown Humanitario.<\/p>\n<p class=\"x_MsoNormal\">Creo junto a Fran Cant\u00f3 SPI &#8211; Salas PanInmersivas en pandemia: espacio de investigaci\u00f3n hipermedia en plena cuarentena. Dirigi\u00f3 \u201cConsorcio\u201d, un juego inmersivo y \u201cWhisky gatos azul jazz\u201d. Actu\u00f3 en \u201cEnter\u201d (teatro digital).<\/p>\n<p class=\"x_MsoNormal\">Coordin\u00f3 junto a Fran Cant\u00f3 el Festival SemillAR de Teatro digital.<\/p>\n<p class=\"x_MsoNormal\" aria-hidden=\"true\">&nbsp;<\/p>\n<p class=\"x_MsoNormal\">Rojo en redes sociales: @rojofestivalindependiente<\/p>\n<p class=\"x_MsoNormal\">+info: <a href=\"https:\/\/rojofestivalindependiente.contactin.bio\/\" target=\"_blank\" rel=\"noreferrer noopener\" data-auth=\"NotApplicable\" data-linkindex=\"3\">https:\/\/rojofestivalindependiente.contactin.bio\/<\/a><\/p>\n<p class=\"x_MsoNormal\">Mail de contacto: <a href=\"mailto:rojofestivalindependiente@gmail.com\" target=\"_blank\" rel=\"noreferrer noopener\" data-auth=\"NotApplicable\" data-linkindex=\"4\">rojofestivalindependiente@gmail.com<\/a><\/p>\n<\/div>\n<\/div>\n<p>&nbsp;<\/p>\n<\/div>\n<\/div>\n","protected":false},"excerpt":{"rendered":"<p>&nbsp; De la mano de Luis Levy y Santiago Leg\u00f3n, dos payasos de la escena independiente, llega la primera edici\u00f3n de Rojo: Festival Independiente Internacional de Clown de Buenos Aires. Rojo, Festival Independiente Internacional de Clown convoca a grupos, elencos y artistas nacionales e internacionales del g\u00e9nero a participar de su primera edici\u00f3n que se [&hellip;]<\/p>\n","protected":false},"author":8,"featured_media":78397,"comment_status":"closed","ping_status":"closed","sticky":false,"template":"","format":"standard","meta":{"om_disable_all_campaigns":false,"ngg_post_thumbnail":0,"jnews-multi-image_gallery":[],"jnews_single_post":{"subtitle":"","format":"standard","video":"","gallery":"","source_name":"","source_url":"","via_name":"","via_url":"","override_template":"0","override":[{"template":"1","single_blog_custom":"","parallax":"1","fullscreen":"1","layout":"right-sidebar","sidebar":"default-sidebar","second_sidebar":"default-sidebar","sticky_sidebar":"1","share_position":"top","share_float_style":"share-monocrhome","show_share_counter":"1","show_view_counter":"1","show_featured":"1","show_post_meta":"1","show_post_author":"1","show_post_author_image":"1","show_post_date":"1","post_date_format":"default","post_date_format_custom":"Y\/m\/d","show_post_category":"1","show_post_reading_time":"0","post_reading_time_wpm":"300","show_zoom_button":"0","zoom_button_out_step":"2","zoom_button_in_step":"3","show_post_tag":"1","show_prev_next_post":"1","show_popup_post":"1","number_popup_post":"1","show_author_box":"0","show_post_related":"0","show_inline_post_related":"0"}],"override_image_size":"0","image_override":[{"single_post_thumbnail_size":"crop-500","single_post_gallery_size":"crop-500"}],"trending_post":"0","trending_post_position":"meta","trending_post_label":"Trending","sponsored_post":"0","sponsored_post_label":"Sponsored by","sponsored_post_name":"","sponsored_post_url":"","sponsored_post_logo_enable":"0","sponsored_post_logo":"","sponsored_post_desc":""},"jnews_primary_category":{"id":""},"jnews_social_meta":{"fb_title":"","fb_description":"","fb_image":"","twitter_title":"","twitter_description":"","twitter_image":""},"jnews_override_counter":{"override_view_counter":"0","view_counter_number":"0","override_share_counter":"0","share_counter_number":"0","override_like_counter":"0","like_counter_number":"0","override_dislike_counter":"0","dislike_counter_number":"0"},"footnotes":""},"categories":[13675],"tags":[3900,15999,16000],"class_list":["post-78396","post","type-post","status-publish","format-standard","has-post-thumbnail","hentry","category-novedades","tag-clown","tag-luis-levy","tag-santiago-legon"],"yoast_head":"<!-- This site is optimized with the Yoast SEO plugin v27.4 - https:\/\/yoast.com\/product\/yoast-seo-wordpress\/ -->\n<title>Convocatoria abierta para participar en Rojo, Festival Independiente Internacional de Clown - Cooltivarte Portal<\/title>\n<meta name=\"description\" content=\"Rojo, Festival Independiente Internacional de Clown convoca a grupos, elencos y artistas nacionales e internacionales del g\u00e9nero a participar de su primera edici\u00f3n que se llevar\u00e1 a cabo del 18 al 26 de junio de 2022 en Ciudad Aut\u00f3noma de Buenos Aires.\" \/>\n<meta name=\"robots\" content=\"index, follow, max-snippet:-1, max-image-preview:large, max-video-preview:-1\" \/>\n<link rel=\"canonical\" href=\"https:\/\/cooltivarte.com\/portal\/convocatoria-abierta-para-participar-en-rojo-festival-independiente-internacional-de-clown\/\" \/>\n<meta property=\"og:locale\" content=\"es_ES\" \/>\n<meta property=\"og:type\" content=\"article\" \/>\n<meta property=\"og:title\" content=\"Convocatoria abierta para participar en Rojo, Festival Independiente Internacional de Clown\" \/>\n<meta property=\"og:description\" content=\"Rojo, Festival Independiente Internacional de Clown convoca a grupos, elencos y artistas nacionales e internacionales del g\u00e9nero a participar de su primera edici\u00f3n que se llevar\u00e1 a cabo del 18 al 26 de junio de 2022 en Ciudad Aut\u00f3noma de Buenos Aires.\" \/>\n<meta property=\"og:url\" content=\"https:\/\/cooltivarte.com\/portal\/convocatoria-abierta-para-participar-en-rojo-festival-independiente-internacional-de-clown\/\" \/>\n<meta property=\"og:site_name\" content=\"Cooltivarte Portal\" \/>\n<meta property=\"article:publisher\" content=\"https:\/\/www.facebook.com\/cooltivartecom\/\" \/>\n<meta property=\"article:author\" content=\"https:\/\/www.facebook.com\/cooltivartecom\" \/>\n<meta property=\"article:published_time\" content=\"2022-02-02T14:22:59+00:00\" \/>\n<meta property=\"article:modified_time\" content=\"2022-02-04T14:28:07+00:00\" \/>\n<meta property=\"og:image\" content=\"https:\/\/cooltivarte.com\/portal\/wp-content\/uploads\/2022\/02\/Rojo.png\" \/>\n\t<meta property=\"og:image:width\" content=\"1170\" \/>\n\t<meta property=\"og:image:height\" content=\"658\" \/>\n\t<meta property=\"og:image:type\" content=\"image\/png\" \/>\n<meta name=\"author\" content=\"Cooltivarte\" \/>\n<meta name=\"twitter:card\" content=\"summary_large_image\" \/>\n<meta name=\"twitter:title\" content=\"Convocatoria abierta para participar en Rojo, Festival Independiente Internacional de Clown\" \/>\n<meta name=\"twitter:description\" content=\"Rojo, Festival Independiente Internacional de Clown convoca a grupos, elencos y artistas nacionales e internacionales del g\u00e9nero a participar de su primera edici\u00f3n que se llevar\u00e1 a cabo del 18 al 26 de junio de 2022 en Ciudad Aut\u00f3noma de Buenos Aires.\" \/>\n<meta name=\"twitter:image\" content=\"https:\/\/cooltivarte.com\/portal\/wp-content\/uploads\/2022\/02\/Rojo.png\" \/>\n<meta name=\"twitter:creator\" content=\"@https:\/\/x.com\/obolocultural\" \/>\n<meta name=\"twitter:site\" content=\"@obolocultural\" \/>\n<meta name=\"twitter:label1\" content=\"Escrito por\" \/>\n\t<meta name=\"twitter:data1\" content=\"Cooltivarte\" \/>\n\t<meta name=\"twitter:label2\" content=\"Tiempo de lectura\" \/>\n\t<meta name=\"twitter:data2\" content=\"4 minutos\" \/>\n<!-- \/ Yoast SEO plugin. -->","yoast_head_json":{"title":"Convocatoria abierta para participar en Rojo, Festival Independiente Internacional de Clown - Cooltivarte Portal","description":"Rojo, Festival Independiente Internacional de Clown convoca a grupos, elencos y artistas nacionales e internacionales del g\u00e9nero a participar de su primera edici\u00f3n que se llevar\u00e1 a cabo del 18 al 26 de junio de 2022 en Ciudad Aut\u00f3noma de Buenos Aires.","robots":{"index":"index","follow":"follow","max-snippet":"max-snippet:-1","max-image-preview":"max-image-preview:large","max-video-preview":"max-video-preview:-1"},"canonical":"https:\/\/cooltivarte.com\/portal\/convocatoria-abierta-para-participar-en-rojo-festival-independiente-internacional-de-clown\/","og_locale":"es_ES","og_type":"article","og_title":"Convocatoria abierta para participar en Rojo, Festival Independiente Internacional de Clown","og_description":"Rojo, Festival Independiente Internacional de Clown convoca a grupos, elencos y artistas nacionales e internacionales del g\u00e9nero a participar de su primera edici\u00f3n que se llevar\u00e1 a cabo del 18 al 26 de junio de 2022 en Ciudad Aut\u00f3noma de Buenos Aires.","og_url":"https:\/\/cooltivarte.com\/portal\/convocatoria-abierta-para-participar-en-rojo-festival-independiente-internacional-de-clown\/","og_site_name":"Cooltivarte Portal","article_publisher":"https:\/\/www.facebook.com\/cooltivartecom\/","article_author":"https:\/\/www.facebook.com\/cooltivartecom","article_published_time":"2022-02-02T14:22:59+00:00","article_modified_time":"2022-02-04T14:28:07+00:00","og_image":[{"width":1170,"height":658,"url":"https:\/\/cooltivarte.com\/portal\/wp-content\/uploads\/2022\/02\/Rojo.png","type":"image\/png"}],"author":"Cooltivarte","twitter_card":"summary_large_image","twitter_title":"Convocatoria abierta para participar en Rojo, Festival Independiente Internacional de Clown","twitter_description":"Rojo, Festival Independiente Internacional de Clown convoca a grupos, elencos y artistas nacionales e internacionales del g\u00e9nero a participar de su primera edici\u00f3n que se llevar\u00e1 a cabo del 18 al 26 de junio de 2022 en Ciudad Aut\u00f3noma de Buenos Aires.","twitter_image":"https:\/\/cooltivarte.com\/portal\/wp-content\/uploads\/2022\/02\/Rojo.png","twitter_creator":"@https:\/\/x.com\/obolocultural","twitter_site":"@obolocultural","twitter_misc":{"Escrito por":"Cooltivarte","Tiempo de lectura":"4 minutos"},"schema":{"@context":"https:\/\/schema.org","@graph":[{"@type":"NewsArticle","@id":"https:\/\/cooltivarte.com\/portal\/convocatoria-abierta-para-participar-en-rojo-festival-independiente-internacional-de-clown\/#article","isPartOf":{"@id":"https:\/\/cooltivarte.com\/portal\/convocatoria-abierta-para-participar-en-rojo-festival-independiente-internacional-de-clown\/"},"author":{"name":"Cooltivarte","@id":"https:\/\/cooltivarte.com\/portal\/#\/schema\/person\/ec2a4f4e71b740d0c559c0ab9a157e19"},"headline":"Convocatoria abierta para participar en Rojo, Festival Independiente Internacional de Clown","datePublished":"2022-02-02T14:22:59+00:00","dateModified":"2022-02-04T14:28:07+00:00","mainEntityOfPage":{"@id":"https:\/\/cooltivarte.com\/portal\/convocatoria-abierta-para-participar-en-rojo-festival-independiente-internacional-de-clown\/"},"wordCount":809,"publisher":{"@id":"https:\/\/cooltivarte.com\/portal\/#organization"},"image":{"@id":"https:\/\/cooltivarte.com\/portal\/convocatoria-abierta-para-participar-en-rojo-festival-independiente-internacional-de-clown\/#primaryimage"},"thumbnailUrl":"https:\/\/cooltivarte.com\/portal\/wp-content\/uploads\/2022\/02\/Rojo.png","keywords":["clown","Luis Levy","Santiago Leg\u00f3n"],"articleSection":["Novedades"],"inLanguage":"es-AR"},{"@type":"WebPage","@id":"https:\/\/cooltivarte.com\/portal\/convocatoria-abierta-para-participar-en-rojo-festival-independiente-internacional-de-clown\/","url":"https:\/\/cooltivarte.com\/portal\/convocatoria-abierta-para-participar-en-rojo-festival-independiente-internacional-de-clown\/","name":"Convocatoria abierta para participar en Rojo, Festival Independiente Internacional de Clown - Cooltivarte Portal","isPartOf":{"@id":"https:\/\/cooltivarte.com\/portal\/#website"},"primaryImageOfPage":{"@id":"https:\/\/cooltivarte.com\/portal\/convocatoria-abierta-para-participar-en-rojo-festival-independiente-internacional-de-clown\/#primaryimage"},"image":{"@id":"https:\/\/cooltivarte.com\/portal\/convocatoria-abierta-para-participar-en-rojo-festival-independiente-internacional-de-clown\/#primaryimage"},"thumbnailUrl":"https:\/\/cooltivarte.com\/portal\/wp-content\/uploads\/2022\/02\/Rojo.png","datePublished":"2022-02-02T14:22:59+00:00","dateModified":"2022-02-04T14:28:07+00:00","description":"Rojo, Festival Independiente Internacional de Clown convoca a grupos, elencos y artistas nacionales e internacionales del g\u00e9nero a participar de su primera edici\u00f3n que se llevar\u00e1 a cabo del 18 al 26 de junio de 2022 en Ciudad Aut\u00f3noma de Buenos Aires.","breadcrumb":{"@id":"https:\/\/cooltivarte.com\/portal\/convocatoria-abierta-para-participar-en-rojo-festival-independiente-internacional-de-clown\/#breadcrumb"},"inLanguage":"es-AR","potentialAction":[{"@type":"ReadAction","target":["https:\/\/cooltivarte.com\/portal\/convocatoria-abierta-para-participar-en-rojo-festival-independiente-internacional-de-clown\/"]}]},{"@type":"ImageObject","inLanguage":"es-AR","@id":"https:\/\/cooltivarte.com\/portal\/convocatoria-abierta-para-participar-en-rojo-festival-independiente-internacional-de-clown\/#primaryimage","url":"https:\/\/cooltivarte.com\/portal\/wp-content\/uploads\/2022\/02\/Rojo.png","contentUrl":"https:\/\/cooltivarte.com\/portal\/wp-content\/uploads\/2022\/02\/Rojo.png","width":1170,"height":658,"caption":"Convocatoria abierta para participar en Rojo, Festival Independiente Internacional de Clown"},{"@type":"BreadcrumbList","@id":"https:\/\/cooltivarte.com\/portal\/convocatoria-abierta-para-participar-en-rojo-festival-independiente-internacional-de-clown\/#breadcrumb","itemListElement":[{"@type":"ListItem","position":1,"name":"Portada","item":"https:\/\/cooltivarte.com\/portal\/"},{"@type":"ListItem","position":2,"name":"Convocatoria abierta para participar en Rojo, Festival Independiente Internacional de Clown"}]},{"@type":"WebSite","@id":"https:\/\/cooltivarte.com\/portal\/#website","url":"https:\/\/cooltivarte.com\/portal\/","name":"Cooltivarte Portal","description":"Arte, cultura y turismo para el mundo ...","publisher":{"@id":"https:\/\/cooltivarte.com\/portal\/#organization"},"potentialAction":[{"@type":"SearchAction","target":{"@type":"EntryPoint","urlTemplate":"https:\/\/cooltivarte.com\/portal\/?s={search_term_string}"},"query-input":{"@type":"PropertyValueSpecification","valueRequired":true,"valueName":"search_term_string"}}],"inLanguage":"es-AR"},{"@type":"Organization","@id":"https:\/\/cooltivarte.com\/portal\/#organization","name":"cooltivarte","url":"https:\/\/cooltivarte.com\/portal\/","logo":{"@type":"ImageObject","inLanguage":"es-AR","@id":"https:\/\/cooltivarte.com\/portal\/#\/schema\/logo\/image\/","url":"https:\/\/cooltivarte.com\/portal\/wp-content\/uploads\/2020\/04\/logo-cooltivarte-v2.png","contentUrl":"https:\/\/cooltivarte.com\/portal\/wp-content\/uploads\/2020\/04\/logo-cooltivarte-v2.png","width":851,"height":243,"caption":"cooltivarte"},"image":{"@id":"https:\/\/cooltivarte.com\/portal\/#\/schema\/logo\/image\/"},"sameAs":["https:\/\/www.facebook.com\/cooltivartecom\/","https:\/\/x.com\/obolocultural","https:\/\/www.instagram.com\/_cooltivarte_\/","https:\/\/www.linkedin.com\/company\/-bolocultural?reportsuccess=8zaNG1HwhPbAR9iQhZ5rfGeqz_vQFftHun0ZWU0Wy9vNemRJ8vtcKdJvzQfW8XagyOJSKg0XvfJ1dp","https:\/\/www.pinterest.com\/cooltivarte\/","https:\/\/cooltivarte.tumblr.com\/","https:\/\/www.tiktok.com\/@cooltivarte","https:\/\/www.youtube.com\/@PrensaCooltivarte"]},{"@type":"Person","@id":"https:\/\/cooltivarte.com\/portal\/#\/schema\/person\/ec2a4f4e71b740d0c559c0ab9a157e19","name":"Cooltivarte","image":{"@type":"ImageObject","inLanguage":"es-AR","@id":"https:\/\/cooltivarte.com\/portal\/wp-content\/uploads\/2014\/05\/logo-cooltivarte-120x120.jpg","url":"https:\/\/cooltivarte.com\/portal\/wp-content\/uploads\/2014\/05\/logo-cooltivarte-120x120.jpg","contentUrl":"https:\/\/cooltivarte.com\/portal\/wp-content\/uploads\/2014\/05\/logo-cooltivarte-120x120.jpg","caption":"Cooltivarte"},"description":"Somos COOLTIVARTE.COM. Un portal digital dedicado a difundir el acontecer art\u00edstico y cultural del Uruguay. Estamos en la vuelta desde el a\u00f1o 2003, y como evoluci\u00f3n del bolet\u00edn Obolo Cultural, nos encontramos abocados a apoyar a los artistas nacionales brind\u00e1ndoles un espacio de difusi\u00f3n. Creemos en la idea de utilizar la potencialidad que hoy d\u00eda nos otorga la web, para que la cultura uruguaya y sus creadores dispongan de una din\u00e1mica ventana, que los ponga en contacto entre s\u00ed y con el mundo. Somos COOLTIVARTE.COM y pretendemos configurarnos como un portal din\u00e1mico, entretenido y atento a los nuevos emprendimientos, que busque siempre la interacci\u00f3n con los artistas.","sameAs":["http:\/\/www.cooltivarte.com","https:\/\/www.facebook.com\/cooltivartecom","https:\/\/www.instagram.com\/_cooltivarte_\/","https:\/\/www.linkedin.com\/company\/-bolocultural","https:\/\/www.pinterest.com\/cooltivarte\/","https:\/\/x.com\/https:\/\/x.com\/obolocultural","https:\/\/www.youtube.com\/@PrensaCooltivarte","https:\/\/www.tumblr.com\/blog\/cooltivarte"],"url":"https:\/\/cooltivarte.com\/portal\/author\/cooltivarte\/"}]}},"_links":{"self":[{"href":"https:\/\/cooltivarte.com\/portal\/wp-json\/wp\/v2\/posts\/78396","targetHints":{"allow":["GET"]}}],"collection":[{"href":"https:\/\/cooltivarte.com\/portal\/wp-json\/wp\/v2\/posts"}],"about":[{"href":"https:\/\/cooltivarte.com\/portal\/wp-json\/wp\/v2\/types\/post"}],"author":[{"embeddable":true,"href":"https:\/\/cooltivarte.com\/portal\/wp-json\/wp\/v2\/users\/8"}],"replies":[{"embeddable":true,"href":"https:\/\/cooltivarte.com\/portal\/wp-json\/wp\/v2\/comments?post=78396"}],"version-history":[{"count":3,"href":"https:\/\/cooltivarte.com\/portal\/wp-json\/wp\/v2\/posts\/78396\/revisions"}],"predecessor-version":[{"id":78427,"href":"https:\/\/cooltivarte.com\/portal\/wp-json\/wp\/v2\/posts\/78396\/revisions\/78427"}],"wp:featuredmedia":[{"embeddable":true,"href":"https:\/\/cooltivarte.com\/portal\/wp-json\/wp\/v2\/media\/78397"}],"wp:attachment":[{"href":"https:\/\/cooltivarte.com\/portal\/wp-json\/wp\/v2\/media?parent=78396"}],"wp:term":[{"taxonomy":"category","embeddable":true,"href":"https:\/\/cooltivarte.com\/portal\/wp-json\/wp\/v2\/categories?post=78396"},{"taxonomy":"post_tag","embeddable":true,"href":"https:\/\/cooltivarte.com\/portal\/wp-json\/wp\/v2\/tags?post=78396"}],"curies":[{"name":"wp","href":"https:\/\/api.w.org\/{rel}","templated":true}]}}