{"id":78355,"date":"2026-03-07T10:59:57","date_gmt":"2026-03-07T13:59:57","guid":{"rendered":"https:\/\/cooltivarte.com\/portal\/?p=78355"},"modified":"2026-03-08T12:41:51","modified_gmt":"2026-03-08T15:41:51","slug":"historico-regreso-de-ricardo-montaner","status":"publish","type":"post","link":"https:\/\/cooltivarte.com\/portal\/historico-regreso-de-ricardo-montaner\/","title":{"rendered":"HIST\u00d3RICO REGRESO DE RICARDO MONTANER"},"content":{"rendered":"<p>&nbsp;<\/p>\n<figure id=\"attachment_123676\" aria-describedby=\"caption-attachment-123676\" style=\"width: 1024px\" class=\"wp-caption aligncenter\"><img fetchpriority=\"high\" decoding=\"async\" class=\"wp-image-123676 size-large\" title=\"RICARDO MONTANER - Marzo 2026 - Antel Arena - Foto Mauricio Rodriguez\" src=\"https:\/\/cooltivarte.com\/portal\/wp-content\/uploads\/2022\/01\/RICARDO-MONTANER-Marzo-2026-Antel-Arena-Foto-Mauricio-Rodriguez-1024x681.jpg\" alt=\"RICARDO MONTANER - Marzo 2026 - Antel Arena - Foto Mauricio Rodriguez\" width=\"1024\" height=\"681\" srcset=\"https:\/\/cooltivarte.com\/portal\/wp-content\/uploads\/2022\/01\/RICARDO-MONTANER-Marzo-2026-Antel-Arena-Foto-Mauricio-Rodriguez-1024x681.jpg 1024w, https:\/\/cooltivarte.com\/portal\/wp-content\/uploads\/2022\/01\/RICARDO-MONTANER-Marzo-2026-Antel-Arena-Foto-Mauricio-Rodriguez-300x200.jpg 300w, https:\/\/cooltivarte.com\/portal\/wp-content\/uploads\/2022\/01\/RICARDO-MONTANER-Marzo-2026-Antel-Arena-Foto-Mauricio-Rodriguez-768x511.jpg 768w, https:\/\/cooltivarte.com\/portal\/wp-content\/uploads\/2022\/01\/RICARDO-MONTANER-Marzo-2026-Antel-Arena-Foto-Mauricio-Rodriguez-1536x1022.jpg 1536w, https:\/\/cooltivarte.com\/portal\/wp-content\/uploads\/2022\/01\/RICARDO-MONTANER-Marzo-2026-Antel-Arena-Foto-Mauricio-Rodriguez-2048x1362.jpg 2048w\" sizes=\"(max-width: 1024px) 100vw, 1024px\" \/><figcaption id=\"caption-attachment-123676\" class=\"wp-caption-text\">RICARDO MONTANER &#8211; Marzo 2026 &#8211; Antel Arena &#8211; Foto <a href=\"https:\/\/www.instagram.com\/maurirod.uy\/\" target=\"_blank\" rel=\"noopener\">Mauricio Rodriguez<\/a><\/figcaption><\/figure>\n<p>&nbsp;<\/p>\n<p style=\"font-weight: 400;\"><strong>\u00a1HIST\u00d3RICO REGRESO DE RICARDO MONTANER!<\/strong><\/p>\n<p style=\"font-weight: 400;\">&nbsp;<\/p>\n<p style=\"font-weight: 400;\">El artista comenz\u00f3 su gira mundial \u201c<strong>El \u00daltimo Regreso<\/strong>\u201d y su paso por URUGUAY&nbsp;dej\u00f3 emotivas y sinceras postales de su amor con el p\u00fablico.<\/p>\n<p style=\"font-weight: 400;\"><strong><a href=\"https:\/\/cooltivarte.com\/portal\/?s=Ricardo+Montaner\" target=\"_blank\" rel=\"noopener\">Ricardo Montaner<\/a>&nbsp;<\/strong>ofreci\u00f3 este jueves 5 de marzo 2026 uno de sus <strong><em>p<\/em><\/strong><strong><em>rimeros shows<\/em>&nbsp;de<\/strong>&nbsp;su&nbsp;<strong><em>\u00daltimo Regreso<\/em><\/strong>&nbsp;con entradas agotadas en <strong>Antel Arena<\/strong> y con producci\u00f3n de PianoP\u00eeano y Fenix Entertainment.&nbsp;<\/p>\n<p style=\"font-weight: 400;\">Tras varios a\u00f1os alejado de los escenarios, una de las voces m\u00e1s importantes de la m\u00fasica en espa\u00f1ol<strong>&nbsp;<\/strong>volvi\u00f3<strong>&nbsp;<\/strong>con<strong>&nbsp;\u201cEl \u00daltimo Regreso Tour 2026\u201d<\/strong>, una gira mundial que es una declaraci\u00f3n de amor con la que recorrer\u00e1 todo el planeta.<\/p>\n<p style=\"font-weight: 400;\">Este tour no es solo un regreso,&nbsp;<strong>es una renovaci\u00f3n de votos,<\/strong>&nbsp;cuatro d\u00e9cadas de historia musical convertidas en un espect\u00e1culo que celebra su legado y su conexi\u00f3n con el p\u00fablico.<\/p>\n<p style=\"font-weight: 400;\">Con una puesta en escena deslumbrante,&nbsp;&nbsp;visuales imponentes y una banda impecable, <strong>Ricardo<\/strong>&nbsp;<strong>Montaner<\/strong>&nbsp;irrumpi\u00f3 en el escenario pasadas las 21hs&nbsp; para dar comienzo a los primeros shows de su tour mundial, mientras comenzaban a sonar los&nbsp;&nbsp;primeros acordes de&nbsp;<strong><em><u>\u201cYo Que Te Am\u00e9\u201d<\/u><\/em><\/strong>.&nbsp;&nbsp;Ante un<strong><em>&nbsp;<\/em>Antel Arena totalmente agotado<\/strong>, el concierto continu\u00f3 con una catarata de hits:&nbsp;<strong><em><u>\u201cSer\u00e1\u201d<\/u><\/em><\/strong>,&nbsp;<strong><em><u>\u201cAdonde va el amor\u201d<\/u><\/em><\/strong>,&nbsp;<strong><em><u>\u201cCastillo Azul\u201d<\/u><\/em><\/strong>,&nbsp;<strong><em><u>\u201cEl&nbsp;&nbsp;Poder De Tu Amor\u201d<\/u><\/em><\/strong>,&nbsp;<strong><em><u>\u201cLa Cima Del Cielo\u201d<\/u><\/em><\/strong>, causando el&nbsp;<em>delirio de sus fans para luego dirigirse a su p\u00fablico que tanto anhelaba&nbsp;<strong>este \u00faltimo regreso<\/strong>:<\/em><\/p>\n<p style=\"font-weight: 400;\">&nbsp;<\/p>\n<p style=\"font-weight: 400;\"><em>\u201cDesde que pis\u00e9 el escenario, estoy muy emocionado. Desde que apenas sal\u00eda, se me atraves\u00f3 una l\u00e1grima aqui, otra ac\u00e1. Y tengo un nudo en la garganta desde que comenc\u00e9 a cantar.<\/em><\/p>\n<p style=\"font-weight: 400;\"><em>Ver a estas que est\u00e1n aqu\u00ed adelante, como siempre y despu\u00e9s de tanto tiempo me emociona much\u00edsimo. Ver que vinieron todos, me emociona mucho.\u201d<\/em><\/p>\n<p>&nbsp;<\/p>\n<p style=\"font-weight: 400;\">El show continu\u00f3 con&nbsp;<strong><em><u>\u201cEl \u00daltimo Regreso\u201d<\/u><\/em><\/strong>, su nuevo single que da nombre al tour mundial, una emocionante versi\u00f3n de&nbsp;<strong><em><u>\u201cVolver\u201d<\/u><\/em><\/strong>, medleys de baladas y r\u00edtmicas que incluyeron cl\u00e1sicos como&nbsp;<strong><em><u>\u201cSolo con un beso\u201d<\/u><\/em><\/strong><em>,<strong>&nbsp;<u>\u201cQuisiera\u201d<\/u><\/strong>,&nbsp;<strong>&nbsp;<u>\u201cOjos Negros\u201d<\/u><\/strong><\/em>,&nbsp;<strong><em><u>\u201cLa Chica del Ascensor\u201d<\/u><\/em><\/strong>, para dar paso a otras infaltables como&nbsp;<strong><em><u>\u201cSoy Feliz\u201d<\/u><\/em><\/strong>,&nbsp;<strong><em><u>\u201cCachita\u201d<\/u><\/em><\/strong>,&nbsp;<strong><em><u>\u201cVamo Pa\u2019 La Conga\u201d<\/u><\/em><\/strong>,&nbsp;<strong><em><u>\u201cBesame\u201d<\/u><\/em><\/strong>&nbsp;y \u201c<strong>Me Va A Extra\u00f1ar<\/strong>\u201d. Un concierto donde, sin dudas \u00a1no falt\u00f3 nada!.<\/p>\n<p style=\"font-weight: 400;\">Para el cierre eligi\u00f3 su infaltable&nbsp;<strong><em><u>\u201cD\u00e9jame llorar\u201d<\/u><\/em><\/strong>, con un arena de pie que cantaba a la par.<\/p>\n<p style=\"font-weight: 400;\"><strong><em><u>\u201cTan Enamorados\u201d<\/u><\/em><\/strong>, fue la canci\u00f3n final para coronar m\u00e1s de 2 horas de show de este extenso tour mundial de&nbsp;<strong>\u201cEl \u00daltimo Regreso\u201d<\/strong>, que no es solo una gira: es su m\u00e1s&nbsp;<strong>esperado reencuentro<\/strong>.&nbsp;<\/p>\n<p style=\"font-weight: 400;\">&nbsp;La gira, que incluir\u00e1 m\u00e1s de 100 fechas en el mundo, continuar\u00e1 el domingo 8 de marzo, con una cuarta fecha en Buenos Aires, el viernes 27 de Marzo en Costa Rica y luego recorrer\u00e1 Colombia, M\u00e9xico, Ecuador, Per\u00fa, Chile, Paraguay, Estados Unidos, Rep\u00fablica&nbsp;Dominicana y Espa\u00f1a.<\/p>\n<p>&nbsp;<\/p>\n<p>&nbsp;<\/p>\n<h3>&nbsp;<a href=\"https:\/\/www.facebook.com\/media\/set\/?set=a.1467945702035951&amp;type=3\" target=\"_blank\" rel=\"noopener\">Ir a la fotogaler\u00eda<\/a><\/h3>\n<p><iframe style=\"border: none; overflow: hidden;\" src=\"https:\/\/www.facebook.com\/plugins\/post.php?href=https%3A%2F%2Fwww.facebook.com%2Fmedia%2Fset%2F%3Fset%3Da.1467945702035951%26type%3D3&amp;width=100%\" width=\"100%\" height=\"669\" frameborder=\"0\" scrolling=\"no\"><\/iframe><br \/>\n&nbsp;<\/p>\n<p>&nbsp;<\/p>\n<blockquote class=\"instagram-media\" style=\"background: #FFF; border: 0; border-radius: 3px; box-shadow: 0 0 1px 0 rgba(0,0,0,0.5),0 1px 10px 0 rgba(0,0,0,0.15); margin: 1px; max-width: 540px; min-width: 326px; padding: 0; width: calc(100% - 2px);\" data-instgrm-captioned=\"\" data-instgrm-permalink=\"https:\/\/www.instagram.com\/p\/DVmoDdGjhla\/?utm_source=ig_embed&amp;utm_campaign=loading\" data-instgrm-version=\"14\">\n<div style=\"padding: 16px;\">\n<p>&nbsp;<\/p>\n<div style=\"display: flex; flex-direction: row; align-items: center;\">\n<div style=\"background-color: #f4f4f4; border-radius: 50%; flex-grow: 0; height: 40px; margin-right: 14px; width: 40px;\">&nbsp;<\/div>\n<div style=\"display: flex; flex-direction: column; flex-grow: 1; justify-content: center;\">\n<div style=\"background-color: #f4f4f4; border-radius: 4px; flex-grow: 0; height: 14px; margin-bottom: 6px; width: 100px;\">&nbsp;<\/div>\n<div style=\"background-color: #f4f4f4; border-radius: 4px; flex-grow: 0; height: 14px; width: 60px;\">&nbsp;<\/div>\n<\/div>\n<\/div>\n<div style=\"padding: 19% 0;\">&nbsp;<\/div>\n<div style=\"display: block; height: 50px; margin: 0 auto 12px; width: 50px;\">&nbsp;<\/div>\n<div style=\"padding-top: 8px;\">\n<div style=\"color: #3897f0; font-family: Arial,sans-serif; font-size: 14px; font-style: normal; font-weight: 550; line-height: 18px;\">Ver esta publicaci\u00f3n en Instagram<\/div>\n<\/div>\n<div style=\"padding: 12.5% 0;\">&nbsp;<\/div>\n<div style=\"display: flex; flex-direction: row; margin-bottom: 14px; align-items: center;\">\n<div>\n<div style=\"background-color: #f4f4f4; border-radius: 50%; height: 12.5px; width: 12.5px; transform: translateX(0px) translateY(7px);\">&nbsp;<\/div>\n<div style=\"background-color: #f4f4f4; height: 12.5px; transform: rotate(-45deg) translateX(3px) translateY(1px); width: 12.5px; flex-grow: 0; margin-right: 14px; margin-left: 2px;\">&nbsp;<\/div>\n<div style=\"background-color: #f4f4f4; border-radius: 50%; height: 12.5px; width: 12.5px; transform: translateX(9px) translateY(-18px);\">&nbsp;<\/div>\n<\/div>\n<div style=\"margin-left: 8px;\">\n<div style=\"background-color: #f4f4f4; border-radius: 50%; flex-grow: 0; height: 20px; width: 20px;\">&nbsp;<\/div>\n<div style=\"width: 0; height: 0; border-top: 2px solid transparent; border-left: 6px solid #f4f4f4; border-bottom: 2px solid transparent; transform: translateX(16px) translateY(-4px) rotate(30deg);\">&nbsp;<\/div>\n<\/div>\n<div style=\"margin-left: auto;\">\n<div style=\"width: 0px; border-top: 8px solid #F4F4F4; border-right: 8px solid transparent; transform: translateY(16px);\">&nbsp;<\/div>\n<div style=\"background-color: #f4f4f4; flex-grow: 0; height: 12px; width: 16px; transform: translateY(-4px);\">&nbsp;<\/div>\n<div style=\"width: 0; height: 0; border-top: 8px solid #F4F4F4; border-left: 8px solid transparent; transform: translateY(-4px) translateX(8px);\">&nbsp;<\/div>\n<\/div>\n<\/div>\n<div style=\"display: flex; flex-direction: column; flex-grow: 1; justify-content: center; margin-bottom: 24px;\">\n<div style=\"background-color: #f4f4f4; border-radius: 4px; flex-grow: 0; height: 14px; margin-bottom: 6px; width: 224px;\">&nbsp;<\/div>\n<div style=\"background-color: #f4f4f4; border-radius: 4px; flex-grow: 0; height: 14px; width: 144px;\">&nbsp;<\/div>\n<\/div>\n<p>&nbsp;<\/p>\n<p style=\"color: #c9c8cd; font-family: Arial,sans-serif; font-size: 14px; line-height: 17px; margin-bottom: 0; margin-top: 8px; overflow: hidden; padding: 8px 0 7px; text-align: center; text-overflow: ellipsis; white-space: nowrap;\"><a style=\"color: #c9c8cd; font-family: Arial,sans-serif; font-size: 14px; font-style: normal; font-weight: normal; line-height: 17px; text-decoration: none;\" href=\"https:\/\/www.instagram.com\/p\/DVmoDdGjhla\/?utm_source=ig_embed&amp;utm_campaign=loading\" target=\"_blank\" rel=\"noopener\">Una publicaci\u00f3n compartida por cooltivarte.com (@_cooltivarte_)<\/a><\/p>\n<\/div>\n<\/blockquote>\n<p><script async=\"\" src=\"\/\/www.instagram.com\/embed.js\"><\/script><\/p>\n<p>&nbsp;<\/p>\n<p style=\"font-weight: 400;\"><strong><u>ACERCA DE RICARDO MONTANER<\/u><\/strong>:<\/p>\n<p style=\"font-weight: 400;\">Con una trayectoria de m\u00e1s de 40 a\u00f1os, 25 \u00e1lbumes de estudio (m\u00e1s recopilatorios) y una extensa lista de \u00e9xitos que han marcado varias generaciones, Ricardo Montaner es, sin dudas, una de las figuras m\u00e1s influyentes de la m\u00fasica latina, que ha construido un legado art\u00edstico s\u00f3lido caracterizado por letras profundas y una interpretaci\u00f3n emocional que trasciende fronteras.<\/p>\n<p style=\"font-weight: 400;\">Los premios y reconocimientos en su carrera son imparables: Montaner posee entre cientos de premios, decenas de discos Multiplatino, Platino y de Oro por sus cuantiosas ventas de millones de \u00e1lbumes; varias Gaviota de Oro y Gaviota de Plata del Festival de Vi\u00f1a del Mar en Chile, as\u00ed como Antorcha de Plata, Antorcha de Oro y Gaviota.&nbsp;&nbsp;Posee un Latin Grammy en la categor\u00eda \u201cMejor Canci\u00f3n Tropical\u201d (2021) por \u201cDios As\u00ed Lo Quiso\u201d (canci\u00f3n que grab\u00f3 a d\u00fao con el cantautor dominicano Juan Luis Guerra).&nbsp;&nbsp;En febrero de 2022 recibi\u00f3 un Premio Lo Nuestro a \u201cCanci\u00f3n Pop del A\u00f1o\u201d por \u00e9xito musical \u201cAm\u00e9n\u201d, canci\u00f3n que lanz\u00f3 junto a sus hijos Mau y Ricky, Evaluna, y Camilo.&nbsp;&nbsp;En noviembre de 2016, recibi\u00f3 durante una ceremonia en Las Vegas un Latin Grammy a la Excelencia Musical por su contribuci\u00f3n a la m\u00fasica latinoamericana.<\/p>\n<p style=\"font-weight: 400;\">Ha sido nombrado \u201cCantante del A\u00f1o\u201d por la revista Billboard y numerosas veces fue considerado en Venezuela como el mejor artista del pa\u00eds.&nbsp;&nbsp;En mayo de 2007 los Premios Billboard lo honraron con su m\u00e1xima presea: el Premio a la Esperanza.<\/p>\n<p style=\"font-weight: 400;\">Ricardo Montaner&nbsp;fue reconocido en el 2024 con el galard\u00f3n&nbsp;&#8220;Latin American Music Awards Legacy&#8221; por su extraordinario legado musical e impacto duradero en la industria,&nbsp;consolidando su status como \u00edcono del pop rom\u00e1ntico en espa\u00f1ol.<\/p>\n","protected":false},"excerpt":{"rendered":"<p>&nbsp; &nbsp; \u00a1HIST\u00d3RICO REGRESO DE RICARDO MONTANER! &nbsp; El artista comenz\u00f3 su gira mundial \u201cEl \u00daltimo Regreso\u201d y su paso por URUGUAY&nbsp;dej\u00f3 emotivas y sinceras postales de su amor con el p\u00fablico. Ricardo Montaner&nbsp;ofreci\u00f3 este jueves 5 de marzo 2026 uno de sus primeros shows&nbsp;de&nbsp;su&nbsp;\u00daltimo Regreso&nbsp;con entradas agotadas en Antel Arena y con producci\u00f3n de [&hellip;]<\/p>\n","protected":false},"author":8,"featured_media":123676,"comment_status":"closed","ping_status":"closed","sticky":false,"template":"","format":"standard","meta":{"om_disable_all_campaigns":false,"ngg_post_thumbnail":0,"jnews-multi-image_gallery":[],"jnews_single_post":{"subtitle":"El \u00daltimo Regreso 2026","format":"standard","video":"","gallery":"","source_name":"","source_url":"","via_name":"","via_url":"","override_template":"0","override":[{"template":"1","single_blog_custom":"","parallax":"1","fullscreen":"1","layout":"right-sidebar","sidebar":"default-sidebar","second_sidebar":"default-sidebar","sticky_sidebar":"1","share_position":"top","share_float_style":"share-monocrhome","show_share_counter":"1","show_view_counter":"1","show_featured":"1","show_post_meta":"1","show_post_author":"1","show_post_author_image":"1","show_post_date":"1","post_date_format":"default","post_date_format_custom":"Y\/m\/d","show_post_category":"1","show_post_reading_time":"0","post_reading_time_wpm":"300","show_zoom_button":"0","zoom_button_out_step":"2","zoom_button_in_step":"3","show_post_tag":"1","show_prev_next_post":"1","show_popup_post":"1","number_popup_post":"1","show_author_box":"0","show_post_related":"0","show_inline_post_related":"0","post_calculate_word_method":"str_word_count","show_comment_section":"1"}],"override_image_size":"0","image_override":[{"single_post_thumbnail_size":"crop-500","single_post_gallery_size":"crop-500"}],"trending_post":"0","trending_post_position":"meta","trending_post_label":"Trending","sponsored_post":"0","sponsored_post_label":"Sponsored by","sponsored_post_name":"","sponsored_post_url":"","sponsored_post_logo_enable":"0","sponsored_post_logo":"","sponsored_post_desc":"","disable_ad":"0"},"jnews_primary_category":{"id":"","hide":""},"jnews_social_meta":{"fb_title":"","fb_description":"","fb_image":"","twitter_title":"","twitter_description":"","twitter_image":""},"jnews_override_counter":{"override_view_counter":"0","view_counter_number":"0","override_share_counter":"0","share_counter_number":"0","override_like_counter":"0","like_counter_number":"0","override_dislike_counter":"0","dislike_counter_number":"0"},"footnotes":""},"categories":[50],"tags":[7467,25821,15993,9216],"class_list":["post-78355","post","type-post","status-publish","format-standard","has-post-thumbnail","hentry","category-coberturas","tag-antel-arena","tag-el-ultimo-regreso","tag-montaner","tag-ricardo-montaner"],"yoast_head":"<!-- This site is optimized with the Yoast SEO plugin v27.5 - https:\/\/yoast.com\/product\/yoast-seo-wordpress\/ -->\n<title>HIST\u00d3RICO REGRESO DE RICARDO MONTANER - Cooltivarte Portal<\/title>\n<meta name=\"description\" content=\"Ricardo Montaner\u00a0ofreci\u00f3 este jueves 5 de marzo 2026 uno de sus primeros shows\u00a0de\u00a0su\u00a0\u00daltimo Regreso\u00a0con entradas agotadas en Antel Arena y con producci\u00f3n de PianoP\u00eeano y Fenix Entertainment.\u00a0\" \/>\n<meta name=\"robots\" content=\"index, follow, max-snippet:-1, max-image-preview:large, max-video-preview:-1\" \/>\n<link rel=\"canonical\" href=\"https:\/\/cooltivarte.com\/portal\/historico-regreso-de-ricardo-montaner\/\" \/>\n<meta property=\"og:locale\" content=\"es_ES\" \/>\n<meta property=\"og:type\" content=\"article\" \/>\n<meta property=\"og:title\" content=\"MONTANER junto a toda su banda, en vivo, en el ANTEL ARENA\" \/>\n<meta property=\"og:description\" content=\"Ricardo Montaner\u00a0ofreci\u00f3 este jueves 5 de marzo 2026 uno de sus primeros shows\u00a0de\u00a0su\u00a0\u00daltimo Regreso\u00a0con entradas agotadas en Antel Arena y con producci\u00f3n de PianoP\u00eeano y Fenix Entertainment.\u00a0\" \/>\n<meta property=\"og:url\" content=\"https:\/\/cooltivarte.com\/portal\/historico-regreso-de-ricardo-montaner\/\" \/>\n<meta property=\"og:site_name\" content=\"Cooltivarte Portal\" \/>\n<meta property=\"article:publisher\" content=\"https:\/\/www.facebook.com\/cooltivartecom\/\" \/>\n<meta property=\"article:author\" content=\"https:\/\/www.facebook.com\/cooltivartecom\" \/>\n<meta property=\"article:published_time\" content=\"2026-03-07T13:59:57+00:00\" \/>\n<meta property=\"article:modified_time\" content=\"2026-03-08T15:41:51+00:00\" \/>\n<meta property=\"og:image\" content=\"https:\/\/cooltivarte.com\/portal\/wp-content\/uploads\/2022\/01\/RICARDO-MONTANER-Marzo-2026-Antel-Arena-Foto-Mauricio-Rodriguez.jpg\" \/>\n\t<meta property=\"og:image:width\" content=\"2560\" \/>\n\t<meta property=\"og:image:height\" content=\"1703\" \/>\n\t<meta property=\"og:image:type\" content=\"image\/jpeg\" \/>\n<meta name=\"author\" content=\"Cooltivarte\" \/>\n<meta name=\"twitter:card\" content=\"summary_large_image\" \/>\n<meta name=\"twitter:title\" content=\"MONTANER junto a toda su banda, en vivo, en el ANTEL ARENA\" \/>\n<meta name=\"twitter:description\" content=\"Ricardo Montaner\u00a0ofreci\u00f3 este jueves 5 de marzo 2026 uno de sus primeros shows\u00a0de\u00a0su\u00a0\u00daltimo Regreso\u00a0con entradas agotadas en Antel Arena y con producci\u00f3n de PianoP\u00eeano y Fenix Entertainment.\u00a0\" \/>\n<meta name=\"twitter:image\" content=\"https:\/\/cooltivarte.com\/portal\/wp-content\/uploads\/2022\/01\/RICARDO-MONTANER-Marzo-2026-Antel-Arena-Foto-Mauricio-Rodriguez.jpg\" \/>\n<meta name=\"twitter:creator\" content=\"@https:\/\/x.com\/obolocultural\" \/>\n<meta name=\"twitter:site\" content=\"@obolocultural\" \/>\n<meta name=\"twitter:label1\" content=\"Escrito por\" \/>\n\t<meta name=\"twitter:data1\" content=\"Cooltivarte\" \/>\n\t<meta name=\"twitter:label2\" content=\"Tiempo de lectura\" \/>\n\t<meta name=\"twitter:data2\" content=\"4 minutos\" \/>\n<!-- \/ Yoast SEO plugin. -->","yoast_head_json":{"title":"HIST\u00d3RICO REGRESO DE RICARDO MONTANER - Cooltivarte Portal","description":"Ricardo Montaner\u00a0ofreci\u00f3 este jueves 5 de marzo 2026 uno de sus primeros shows\u00a0de\u00a0su\u00a0\u00daltimo Regreso\u00a0con entradas agotadas en Antel Arena y con producci\u00f3n de PianoP\u00eeano y Fenix Entertainment.\u00a0","robots":{"index":"index","follow":"follow","max-snippet":"max-snippet:-1","max-image-preview":"max-image-preview:large","max-video-preview":"max-video-preview:-1"},"canonical":"https:\/\/cooltivarte.com\/portal\/historico-regreso-de-ricardo-montaner\/","og_locale":"es_ES","og_type":"article","og_title":"MONTANER junto a toda su banda, en vivo, en el ANTEL ARENA","og_description":"Ricardo Montaner\u00a0ofreci\u00f3 este jueves 5 de marzo 2026 uno de sus primeros shows\u00a0de\u00a0su\u00a0\u00daltimo Regreso\u00a0con entradas agotadas en Antel Arena y con producci\u00f3n de PianoP\u00eeano y Fenix Entertainment.\u00a0","og_url":"https:\/\/cooltivarte.com\/portal\/historico-regreso-de-ricardo-montaner\/","og_site_name":"Cooltivarte Portal","article_publisher":"https:\/\/www.facebook.com\/cooltivartecom\/","article_author":"https:\/\/www.facebook.com\/cooltivartecom","article_published_time":"2026-03-07T13:59:57+00:00","article_modified_time":"2026-03-08T15:41:51+00:00","og_image":[{"width":2560,"height":1703,"url":"https:\/\/cooltivarte.com\/portal\/wp-content\/uploads\/2022\/01\/RICARDO-MONTANER-Marzo-2026-Antel-Arena-Foto-Mauricio-Rodriguez.jpg","type":"image\/jpeg"}],"author":"Cooltivarte","twitter_card":"summary_large_image","twitter_title":"MONTANER junto a toda su banda, en vivo, en el ANTEL ARENA","twitter_description":"Ricardo Montaner\u00a0ofreci\u00f3 este jueves 5 de marzo 2026 uno de sus primeros shows\u00a0de\u00a0su\u00a0\u00daltimo Regreso\u00a0con entradas agotadas en Antel Arena y con producci\u00f3n de PianoP\u00eeano y Fenix Entertainment.\u00a0","twitter_image":"https:\/\/cooltivarte.com\/portal\/wp-content\/uploads\/2022\/01\/RICARDO-MONTANER-Marzo-2026-Antel-Arena-Foto-Mauricio-Rodriguez.jpg","twitter_creator":"@https:\/\/x.com\/obolocultural","twitter_site":"@obolocultural","twitter_misc":{"Escrito por":"Cooltivarte","Tiempo de lectura":"4 minutos"},"schema":{"@context":"https:\/\/schema.org","@graph":[{"@type":"NewsArticle","@id":"https:\/\/cooltivarte.com\/portal\/historico-regreso-de-ricardo-montaner\/#article","isPartOf":{"@id":"https:\/\/cooltivarte.com\/portal\/historico-regreso-de-ricardo-montaner\/"},"author":{"name":"Cooltivarte","@id":"https:\/\/cooltivarte.com\/portal\/#\/schema\/person\/ec2a4f4e71b740d0c559c0ab9a157e19"},"headline":"HIST\u00d3RICO REGRESO DE RICARDO MONTANER","datePublished":"2026-03-07T13:59:57+00:00","dateModified":"2026-03-08T15:41:51+00:00","mainEntityOfPage":{"@id":"https:\/\/cooltivarte.com\/portal\/historico-regreso-de-ricardo-montaner\/"},"wordCount":907,"publisher":{"@id":"https:\/\/cooltivarte.com\/portal\/#organization"},"image":{"@id":"https:\/\/cooltivarte.com\/portal\/historico-regreso-de-ricardo-montaner\/#primaryimage"},"thumbnailUrl":"https:\/\/cooltivarte.com\/portal\/wp-content\/uploads\/2022\/01\/RICARDO-MONTANER-Marzo-2026-Antel-Arena-Foto-Mauricio-Rodriguez.jpg","keywords":["Antel Arena","El \u00daltimo Regreso","MONTANER","Ricardo Montaner"],"articleSection":["Coberturas"],"inLanguage":"es-AR"},{"@type":"WebPage","@id":"https:\/\/cooltivarte.com\/portal\/historico-regreso-de-ricardo-montaner\/","url":"https:\/\/cooltivarte.com\/portal\/historico-regreso-de-ricardo-montaner\/","name":"HIST\u00d3RICO REGRESO DE RICARDO MONTANER - Cooltivarte Portal","isPartOf":{"@id":"https:\/\/cooltivarte.com\/portal\/#website"},"primaryImageOfPage":{"@id":"https:\/\/cooltivarte.com\/portal\/historico-regreso-de-ricardo-montaner\/#primaryimage"},"image":{"@id":"https:\/\/cooltivarte.com\/portal\/historico-regreso-de-ricardo-montaner\/#primaryimage"},"thumbnailUrl":"https:\/\/cooltivarte.com\/portal\/wp-content\/uploads\/2022\/01\/RICARDO-MONTANER-Marzo-2026-Antel-Arena-Foto-Mauricio-Rodriguez.jpg","datePublished":"2026-03-07T13:59:57+00:00","dateModified":"2026-03-08T15:41:51+00:00","description":"Ricardo Montaner\u00a0ofreci\u00f3 este jueves 5 de marzo 2026 uno de sus primeros shows\u00a0de\u00a0su\u00a0\u00daltimo Regreso\u00a0con entradas agotadas en Antel Arena y con producci\u00f3n de PianoP\u00eeano y Fenix Entertainment.\u00a0","breadcrumb":{"@id":"https:\/\/cooltivarte.com\/portal\/historico-regreso-de-ricardo-montaner\/#breadcrumb"},"inLanguage":"es-AR","potentialAction":[{"@type":"ReadAction","target":["https:\/\/cooltivarte.com\/portal\/historico-regreso-de-ricardo-montaner\/"]}]},{"@type":"ImageObject","inLanguage":"es-AR","@id":"https:\/\/cooltivarte.com\/portal\/historico-regreso-de-ricardo-montaner\/#primaryimage","url":"https:\/\/cooltivarte.com\/portal\/wp-content\/uploads\/2022\/01\/RICARDO-MONTANER-Marzo-2026-Antel-Arena-Foto-Mauricio-Rodriguez.jpg","contentUrl":"https:\/\/cooltivarte.com\/portal\/wp-content\/uploads\/2022\/01\/RICARDO-MONTANER-Marzo-2026-Antel-Arena-Foto-Mauricio-Rodriguez.jpg","width":2560,"height":1703,"caption":"RICARDO MONTANER - Marzo 2026 - Antel Arena - Foto Mauricio Rodriguez"},{"@type":"BreadcrumbList","@id":"https:\/\/cooltivarte.com\/portal\/historico-regreso-de-ricardo-montaner\/#breadcrumb","itemListElement":[{"@type":"ListItem","position":1,"name":"Portada","item":"https:\/\/cooltivarte.com\/portal\/"},{"@type":"ListItem","position":2,"name":"HIST\u00d3RICO REGRESO DE RICARDO MONTANER"}]},{"@type":"WebSite","@id":"https:\/\/cooltivarte.com\/portal\/#website","url":"https:\/\/cooltivarte.com\/portal\/","name":"Cooltivarte Portal","description":"Arte, cultura y turismo para el mundo ...","publisher":{"@id":"https:\/\/cooltivarte.com\/portal\/#organization"},"potentialAction":[{"@type":"SearchAction","target":{"@type":"EntryPoint","urlTemplate":"https:\/\/cooltivarte.com\/portal\/?s={search_term_string}"},"query-input":{"@type":"PropertyValueSpecification","valueRequired":true,"valueName":"search_term_string"}}],"inLanguage":"es-AR"},{"@type":"Organization","@id":"https:\/\/cooltivarte.com\/portal\/#organization","name":"cooltivarte","url":"https:\/\/cooltivarte.com\/portal\/","logo":{"@type":"ImageObject","inLanguage":"es-AR","@id":"https:\/\/cooltivarte.com\/portal\/#\/schema\/logo\/image\/","url":"https:\/\/cooltivarte.com\/portal\/wp-content\/uploads\/2020\/04\/logo-cooltivarte-v2.png","contentUrl":"https:\/\/cooltivarte.com\/portal\/wp-content\/uploads\/2020\/04\/logo-cooltivarte-v2.png","width":851,"height":243,"caption":"cooltivarte"},"image":{"@id":"https:\/\/cooltivarte.com\/portal\/#\/schema\/logo\/image\/"},"sameAs":["https:\/\/www.facebook.com\/cooltivartecom\/","https:\/\/x.com\/obolocultural","https:\/\/www.instagram.com\/_cooltivarte_\/","https:\/\/www.linkedin.com\/company\/-bolocultural?reportsuccess=8zaNG1HwhPbAR9iQhZ5rfGeqz_vQFftHun0ZWU0Wy9vNemRJ8vtcKdJvzQfW8XagyOJSKg0XvfJ1dp","https:\/\/www.pinterest.com\/cooltivarte\/","https:\/\/cooltivarte.tumblr.com\/","https:\/\/www.tiktok.com\/@cooltivarte","https:\/\/www.youtube.com\/@PrensaCooltivarte"]},{"@type":"Person","@id":"https:\/\/cooltivarte.com\/portal\/#\/schema\/person\/ec2a4f4e71b740d0c559c0ab9a157e19","name":"Cooltivarte","image":{"@type":"ImageObject","inLanguage":"es-AR","@id":"https:\/\/cooltivarte.com\/portal\/wp-content\/uploads\/2014\/05\/logo-cooltivarte-120x120.jpg","url":"https:\/\/cooltivarte.com\/portal\/wp-content\/uploads\/2014\/05\/logo-cooltivarte-120x120.jpg","contentUrl":"https:\/\/cooltivarte.com\/portal\/wp-content\/uploads\/2014\/05\/logo-cooltivarte-120x120.jpg","caption":"Cooltivarte"},"description":"Somos COOLTIVARTE.COM. Un portal digital dedicado a difundir el acontecer art\u00edstico y cultural del Uruguay. Estamos en la vuelta desde el a\u00f1o 2003, y como evoluci\u00f3n del bolet\u00edn Obolo Cultural, nos encontramos abocados a apoyar a los artistas nacionales brind\u00e1ndoles un espacio de difusi\u00f3n. Creemos en la idea de utilizar la potencialidad que hoy d\u00eda nos otorga la web, para que la cultura uruguaya y sus creadores dispongan de una din\u00e1mica ventana, que los ponga en contacto entre s\u00ed y con el mundo. Somos COOLTIVARTE.COM y pretendemos configurarnos como un portal din\u00e1mico, entretenido y atento a los nuevos emprendimientos, que busque siempre la interacci\u00f3n con los artistas.","sameAs":["http:\/\/www.cooltivarte.com","https:\/\/www.facebook.com\/cooltivartecom","https:\/\/www.instagram.com\/_cooltivarte_\/","https:\/\/www.linkedin.com\/company\/-bolocultural","https:\/\/www.pinterest.com\/cooltivarte\/","https:\/\/x.com\/https:\/\/x.com\/obolocultural","https:\/\/www.youtube.com\/@PrensaCooltivarte","https:\/\/www.tumblr.com\/blog\/cooltivarte"],"url":"https:\/\/cooltivarte.com\/portal\/author\/cooltivarte\/"}]}},"_links":{"self":[{"href":"https:\/\/cooltivarte.com\/portal\/wp-json\/wp\/v2\/posts\/78355","targetHints":{"allow":["GET"]}}],"collection":[{"href":"https:\/\/cooltivarte.com\/portal\/wp-json\/wp\/v2\/posts"}],"about":[{"href":"https:\/\/cooltivarte.com\/portal\/wp-json\/wp\/v2\/types\/post"}],"author":[{"embeddable":true,"href":"https:\/\/cooltivarte.com\/portal\/wp-json\/wp\/v2\/users\/8"}],"replies":[{"embeddable":true,"href":"https:\/\/cooltivarte.com\/portal\/wp-json\/wp\/v2\/comments?post=78355"}],"version-history":[{"count":9,"href":"https:\/\/cooltivarte.com\/portal\/wp-json\/wp\/v2\/posts\/78355\/revisions"}],"predecessor-version":[{"id":123708,"href":"https:\/\/cooltivarte.com\/portal\/wp-json\/wp\/v2\/posts\/78355\/revisions\/123708"}],"wp:featuredmedia":[{"embeddable":true,"href":"https:\/\/cooltivarte.com\/portal\/wp-json\/wp\/v2\/media\/123676"}],"wp:attachment":[{"href":"https:\/\/cooltivarte.com\/portal\/wp-json\/wp\/v2\/media?parent=78355"}],"wp:term":[{"taxonomy":"category","embeddable":true,"href":"https:\/\/cooltivarte.com\/portal\/wp-json\/wp\/v2\/categories?post=78355"},{"taxonomy":"post_tag","embeddable":true,"href":"https:\/\/cooltivarte.com\/portal\/wp-json\/wp\/v2\/tags?post=78355"}],"curies":[{"name":"wp","href":"https:\/\/api.w.org\/{rel}","templated":true}]}}