{"id":77516,"date":"2021-12-22T19:15:47","date_gmt":"2021-12-22T22:15:47","guid":{"rendered":"https:\/\/cooltivarte.com\/portal\/?p=77516"},"modified":"2021-12-22T19:15:47","modified_gmt":"2021-12-22T22:15:47","slug":"merli-el-debate-schopenhauer-y-la-adolescencia","status":"publish","type":"post","link":"https:\/\/cooltivarte.com\/portal\/merli-el-debate-schopenhauer-y-la-adolescencia\/","title":{"rendered":"Merl\u00ed, el debate. Schopenhauer y la adolescencia"},"content":{"rendered":"<p><strong><a href=\"https:\/\/cooltivarte.com\/portal\/?s=Merl\u00ed\" target=\"_blank\" rel=\"noopener\">Merl\u00ed<\/a>, el debate. Schopenhauer y la adolescencia<\/strong><\/p>\n<p>Comparto pasajes de mi participaci\u00f3n en el programa argentino &#8220;<strong><em>Merl\u00ed, el debate<\/em><\/strong>&#8220;, donde abordamos el cap\u00edtulo 6 de la renombrada serie catalana sobre el profesor de Filosof\u00eda <strong>Merl\u00ed<\/strong>, que pone en juego aspectos del pensamiento de <strong>Schopenhauer<\/strong> (el sufrimiento, el deseo, la compasi\u00f3n, el arte) con las vivencias de nuestros adolescentes.<\/p>\n<p>&nbsp;<br \/>\n<iframe style=\"border: none; overflow: hidden;\" src=\"https:\/\/www.facebook.com\/plugins\/video.php?height=314&amp;href=https%3A%2F%2Fwww.facebook.com%2Fpabloromerogarcia74%2Fvideos%2F973308080264148%2F&amp;show_text=false&amp;width=560&amp;t=0\" width=\"560\" height=\"314\" frameborder=\"0\" scrolling=\"no\" allowfullscreen=\"allowfullscreen\"><\/iframe><\/p>\n<p>&nbsp;<\/p>\n<p>&nbsp;<\/p>\n<p>&nbsp;<\/p>\n","protected":false},"excerpt":{"rendered":"<p>Merl\u00ed, el debate. Schopenhauer y la adolescencia Comparto pasajes de mi participaci\u00f3n en el programa argentino &#8220;Merl\u00ed, el debate&#8220;, donde abordamos el cap\u00edtulo 6 de la renombrada serie catalana sobre el profesor de Filosof\u00eda Merl\u00ed, que pone en juego aspectos del pensamiento de Schopenhauer (el sufrimiento, el deseo, la compasi\u00f3n, el arte) con las vivencias [&hellip;]<\/p>\n","protected":false},"author":9,"featured_media":77517,"comment_status":"closed","ping_status":"closed","sticky":false,"template":"","format":"standard","meta":{"om_disable_all_campaigns":false,"ngg_post_thumbnail":0,"jnews-multi-image_gallery":[],"jnews_single_post":{"subtitle":"","format":"standard","video":"","gallery":"","source_name":"","source_url":"","via_name":"","via_url":"","override_template":"0","override":[{"template":"1","single_blog_custom":"","parallax":"1","fullscreen":"1","layout":"right-sidebar","sidebar":"default-sidebar","second_sidebar":"default-sidebar","sticky_sidebar":"1","share_position":"top","share_float_style":"share-monocrhome","show_share_counter":"1","show_view_counter":"1","show_featured":"1","show_post_meta":"1","show_post_author":"1","show_post_author_image":"1","show_post_date":"1","post_date_format":"default","post_date_format_custom":"Y\/m\/d","show_post_category":"1","show_post_reading_time":"0","post_reading_time_wpm":"300","show_zoom_button":"0","zoom_button_out_step":"2","zoom_button_in_step":"3","show_post_tag":"1","show_prev_next_post":"1","show_popup_post":"1","number_popup_post":"1","show_author_box":"0","show_post_related":"0","show_inline_post_related":"0"}],"override_image_size":"0","image_override":[{"single_post_thumbnail_size":"crop-500","single_post_gallery_size":"crop-500"}],"trending_post":"0","trending_post_position":"meta","trending_post_label":"Trending","sponsored_post":"0","sponsored_post_label":"Sponsored by","sponsored_post_name":"","sponsored_post_url":"","sponsored_post_logo_enable":"0","sponsored_post_logo":"","sponsored_post_desc":""},"jnews_primary_category":{"id":""},"jnews_social_meta":{"fb_title":"","fb_description":"","fb_image":"","twitter_title":"","twitter_description":"","twitter_image":""},"jnews_override_counter":{"override_view_counter":"0","view_counter_number":"0","override_share_counter":"0","share_counter_number":"0","override_like_counter":"0","like_counter_number":"0","override_dislike_counter":"0","dislike_counter_number":"0"},"footnotes":""},"categories":[3384],"tags":[11561,84,15742,9148,15739,6156,6575,15740,15741],"class_list":["post-77516","post","type-post","status-publish","format-standard","has-post-thumbnail","hentry","category-educacion","tag-adolescente","tag-arte","tag-compasion","tag-deseo","tag-el-debate","tag-merli","tag-profesor-de-filosofia","tag-schopenhauer","tag-sufrimiento"],"yoast_head":"<!-- This site is optimized with the Yoast SEO plugin v27.5 - https:\/\/yoast.com\/product\/yoast-seo-wordpress\/ -->\n<title>Merl\u00ed, el debate. Schopenhauer y la adolescencia - Cooltivarte Portal<\/title>\n<meta name=\"description\" content=\"programa argentino &quot;Merl\u00ed, el debate&quot;, donde abordamos el cap\u00edtulo 6 de la renombrada serie catalana sobre el profesor de Filosof\u00eda Merl\u00ed, que pone en juego aspectos del pensamiento de Schopenhauer (el sufrimiento, el deseo, la compasi\u00f3n, el arte) con las vivencias de nuestros adolescentes.\" \/>\n<meta name=\"robots\" content=\"index, follow, max-snippet:-1, max-image-preview:large, max-video-preview:-1\" \/>\n<link rel=\"canonical\" href=\"https:\/\/cooltivarte.com\/portal\/merli-el-debate-schopenhauer-y-la-adolescencia\/\" \/>\n<meta property=\"og:locale\" content=\"es_ES\" \/>\n<meta property=\"og:type\" content=\"article\" \/>\n<meta property=\"og:title\" content=\"Merl\u00ed, el debate. Schopenhauer y la adolescencia\" \/>\n<meta property=\"og:description\" content=\"programa argentino &quot;Merl\u00ed, el debate&quot;, donde abordamos el cap\u00edtulo 6 de la renombrada serie catalana sobre el profesor de Filosof\u00eda Merl\u00ed, que pone en juego aspectos del pensamiento de Schopenhauer (el sufrimiento, el deseo, la compasi\u00f3n, el arte) con las vivencias de nuestros adolescentes.\" \/>\n<meta property=\"og:url\" content=\"https:\/\/cooltivarte.com\/portal\/merli-el-debate-schopenhauer-y-la-adolescencia\/\" \/>\n<meta property=\"og:site_name\" content=\"Cooltivarte Portal\" \/>\n<meta property=\"article:publisher\" content=\"https:\/\/www.facebook.com\/cooltivartecom\/\" \/>\n<meta property=\"article:author\" content=\"http:\/\/www.facebook.com\/pablorom777\" \/>\n<meta property=\"article:published_time\" content=\"2021-12-22T22:15:47+00:00\" \/>\n<meta property=\"og:image\" content=\"https:\/\/cooltivarte.com\/portal\/wp-content\/uploads\/2021\/12\/merli-el-debate.png\" \/>\n\t<meta property=\"og:image:width\" content=\"621\" \/>\n\t<meta property=\"og:image:height\" content=\"326\" \/>\n\t<meta property=\"og:image:type\" content=\"image\/png\" \/>\n<meta name=\"author\" content=\"Pablo Romero\" \/>\n<meta name=\"twitter:card\" content=\"summary_large_image\" \/>\n<meta name=\"twitter:title\" content=\"Merl\u00ed, el debate. Schopenhauer y la adolescencia\" \/>\n<meta name=\"twitter:description\" content=\"programa argentino &quot;Merl\u00ed, el debate&quot;, donde abordamos el cap\u00edtulo 6 de la renombrada serie catalana sobre el profesor de Filosof\u00eda Merl\u00ed, que pone en juego aspectos del pensamiento de Schopenhauer (el sufrimiento, el deseo, la compasi\u00f3n, el arte) con las vivencias de nuestros adolescentes.\" \/>\n<meta name=\"twitter:image\" content=\"https:\/\/cooltivarte.com\/portal\/wp-content\/uploads\/2021\/12\/merli-el-debate.png\" \/>\n<meta name=\"twitter:creator\" content=\"@https:\/\/twitter.com\/Pabloromero74\" \/>\n<meta name=\"twitter:site\" content=\"@obolocultural\" \/>\n<meta name=\"twitter:label1\" content=\"Escrito por\" \/>\n\t<meta name=\"twitter:data1\" content=\"Pablo Romero\" \/>\n\t<meta name=\"twitter:label2\" content=\"Tiempo de lectura\" \/>\n\t<meta name=\"twitter:data2\" content=\"1 minuto\" \/>\n<!-- \/ Yoast SEO plugin. -->","yoast_head_json":{"title":"Merl\u00ed, el debate. Schopenhauer y la adolescencia - Cooltivarte Portal","description":"programa argentino \"Merl\u00ed, el debate\", donde abordamos el cap\u00edtulo 6 de la renombrada serie catalana sobre el profesor de Filosof\u00eda Merl\u00ed, que pone en juego aspectos del pensamiento de Schopenhauer (el sufrimiento, el deseo, la compasi\u00f3n, el arte) con las vivencias de nuestros adolescentes.","robots":{"index":"index","follow":"follow","max-snippet":"max-snippet:-1","max-image-preview":"max-image-preview:large","max-video-preview":"max-video-preview:-1"},"canonical":"https:\/\/cooltivarte.com\/portal\/merli-el-debate-schopenhauer-y-la-adolescencia\/","og_locale":"es_ES","og_type":"article","og_title":"Merl\u00ed, el debate. Schopenhauer y la adolescencia","og_description":"programa argentino \"Merl\u00ed, el debate\", donde abordamos el cap\u00edtulo 6 de la renombrada serie catalana sobre el profesor de Filosof\u00eda Merl\u00ed, que pone en juego aspectos del pensamiento de Schopenhauer (el sufrimiento, el deseo, la compasi\u00f3n, el arte) con las vivencias de nuestros adolescentes.","og_url":"https:\/\/cooltivarte.com\/portal\/merli-el-debate-schopenhauer-y-la-adolescencia\/","og_site_name":"Cooltivarte Portal","article_publisher":"https:\/\/www.facebook.com\/cooltivartecom\/","article_author":"http:\/\/www.facebook.com\/pablorom777","article_published_time":"2021-12-22T22:15:47+00:00","og_image":[{"width":621,"height":326,"url":"https:\/\/cooltivarte.com\/portal\/wp-content\/uploads\/2021\/12\/merli-el-debate.png","type":"image\/png"}],"author":"Pablo Romero","twitter_card":"summary_large_image","twitter_title":"Merl\u00ed, el debate. Schopenhauer y la adolescencia","twitter_description":"programa argentino \"Merl\u00ed, el debate\", donde abordamos el cap\u00edtulo 6 de la renombrada serie catalana sobre el profesor de Filosof\u00eda Merl\u00ed, que pone en juego aspectos del pensamiento de Schopenhauer (el sufrimiento, el deseo, la compasi\u00f3n, el arte) con las vivencias de nuestros adolescentes.","twitter_image":"https:\/\/cooltivarte.com\/portal\/wp-content\/uploads\/2021\/12\/merli-el-debate.png","twitter_creator":"@https:\/\/twitter.com\/Pabloromero74","twitter_site":"@obolocultural","twitter_misc":{"Escrito por":"Pablo Romero","Tiempo de lectura":"1 minuto"},"schema":{"@context":"https:\/\/schema.org","@graph":[{"@type":"NewsArticle","@id":"https:\/\/cooltivarte.com\/portal\/merli-el-debate-schopenhauer-y-la-adolescencia\/#article","isPartOf":{"@id":"https:\/\/cooltivarte.com\/portal\/merli-el-debate-schopenhauer-y-la-adolescencia\/"},"author":{"name":"Pablo Romero","@id":"https:\/\/cooltivarte.com\/portal\/#\/schema\/person\/4142f96deaf5a27e4da3000f2d909698"},"headline":"Merl\u00ed, el debate. Schopenhauer y la adolescencia","datePublished":"2021-12-22T22:15:47+00:00","mainEntityOfPage":{"@id":"https:\/\/cooltivarte.com\/portal\/merli-el-debate-schopenhauer-y-la-adolescencia\/"},"wordCount":72,"publisher":{"@id":"https:\/\/cooltivarte.com\/portal\/#organization"},"image":{"@id":"https:\/\/cooltivarte.com\/portal\/merli-el-debate-schopenhauer-y-la-adolescencia\/#primaryimage"},"thumbnailUrl":"https:\/\/cooltivarte.com\/portal\/wp-content\/uploads\/2021\/12\/merli-el-debate.png","keywords":["adolescente","Arte","compasi\u00f3n","Deseo","el debate","Merl\u00ed","profesor de filosof\u00eda","Schopenhauer","sufrimiento"],"articleSection":["Educaci\u00f3n"],"inLanguage":"es-AR"},{"@type":"WebPage","@id":"https:\/\/cooltivarte.com\/portal\/merli-el-debate-schopenhauer-y-la-adolescencia\/","url":"https:\/\/cooltivarte.com\/portal\/merli-el-debate-schopenhauer-y-la-adolescencia\/","name":"Merl\u00ed, el debate. Schopenhauer y la adolescencia - Cooltivarte Portal","isPartOf":{"@id":"https:\/\/cooltivarte.com\/portal\/#website"},"primaryImageOfPage":{"@id":"https:\/\/cooltivarte.com\/portal\/merli-el-debate-schopenhauer-y-la-adolescencia\/#primaryimage"},"image":{"@id":"https:\/\/cooltivarte.com\/portal\/merli-el-debate-schopenhauer-y-la-adolescencia\/#primaryimage"},"thumbnailUrl":"https:\/\/cooltivarte.com\/portal\/wp-content\/uploads\/2021\/12\/merli-el-debate.png","datePublished":"2021-12-22T22:15:47+00:00","description":"programa argentino \"Merl\u00ed, el debate\", donde abordamos el cap\u00edtulo 6 de la renombrada serie catalana sobre el profesor de Filosof\u00eda Merl\u00ed, que pone en juego aspectos del pensamiento de Schopenhauer (el sufrimiento, el deseo, la compasi\u00f3n, el arte) con las vivencias de nuestros adolescentes.","breadcrumb":{"@id":"https:\/\/cooltivarte.com\/portal\/merli-el-debate-schopenhauer-y-la-adolescencia\/#breadcrumb"},"inLanguage":"es-AR","potentialAction":[{"@type":"ReadAction","target":["https:\/\/cooltivarte.com\/portal\/merli-el-debate-schopenhauer-y-la-adolescencia\/"]}]},{"@type":"ImageObject","inLanguage":"es-AR","@id":"https:\/\/cooltivarte.com\/portal\/merli-el-debate-schopenhauer-y-la-adolescencia\/#primaryimage","url":"https:\/\/cooltivarte.com\/portal\/wp-content\/uploads\/2021\/12\/merli-el-debate.png","contentUrl":"https:\/\/cooltivarte.com\/portal\/wp-content\/uploads\/2021\/12\/merli-el-debate.png","width":621,"height":326,"caption":"Merl\u00ed, el debate. Schopenhauer y la adolescencia"},{"@type":"BreadcrumbList","@id":"https:\/\/cooltivarte.com\/portal\/merli-el-debate-schopenhauer-y-la-adolescencia\/#breadcrumb","itemListElement":[{"@type":"ListItem","position":1,"name":"Portada","item":"https:\/\/cooltivarte.com\/portal\/"},{"@type":"ListItem","position":2,"name":"Merl\u00ed, el debate. Schopenhauer y la adolescencia"}]},{"@type":"WebSite","@id":"https:\/\/cooltivarte.com\/portal\/#website","url":"https:\/\/cooltivarte.com\/portal\/","name":"Cooltivarte Portal","description":"Arte, cultura y turismo para el mundo ...","publisher":{"@id":"https:\/\/cooltivarte.com\/portal\/#organization"},"potentialAction":[{"@type":"SearchAction","target":{"@type":"EntryPoint","urlTemplate":"https:\/\/cooltivarte.com\/portal\/?s={search_term_string}"},"query-input":{"@type":"PropertyValueSpecification","valueRequired":true,"valueName":"search_term_string"}}],"inLanguage":"es-AR"},{"@type":"Organization","@id":"https:\/\/cooltivarte.com\/portal\/#organization","name":"cooltivarte","url":"https:\/\/cooltivarte.com\/portal\/","logo":{"@type":"ImageObject","inLanguage":"es-AR","@id":"https:\/\/cooltivarte.com\/portal\/#\/schema\/logo\/image\/","url":"https:\/\/cooltivarte.com\/portal\/wp-content\/uploads\/2020\/04\/logo-cooltivarte-v2.png","contentUrl":"https:\/\/cooltivarte.com\/portal\/wp-content\/uploads\/2020\/04\/logo-cooltivarte-v2.png","width":851,"height":243,"caption":"cooltivarte"},"image":{"@id":"https:\/\/cooltivarte.com\/portal\/#\/schema\/logo\/image\/"},"sameAs":["https:\/\/www.facebook.com\/cooltivartecom\/","https:\/\/x.com\/obolocultural","https:\/\/www.instagram.com\/_cooltivarte_\/","https:\/\/www.linkedin.com\/company\/-bolocultural?reportsuccess=8zaNG1HwhPbAR9iQhZ5rfGeqz_vQFftHun0ZWU0Wy9vNemRJ8vtcKdJvzQfW8XagyOJSKg0XvfJ1dp","https:\/\/www.pinterest.com\/cooltivarte\/","https:\/\/cooltivarte.tumblr.com\/","https:\/\/www.tiktok.com\/@cooltivarte","https:\/\/www.youtube.com\/@PrensaCooltivarte"]},{"@type":"Person","@id":"https:\/\/cooltivarte.com\/portal\/#\/schema\/person\/4142f96deaf5a27e4da3000f2d909698","name":"Pablo Romero","image":{"@type":"ImageObject","inLanguage":"es-AR","@id":"https:\/\/cooltivarte.com\/portal\/wp-content\/uploads\/2014\/05\/pablo-romero-120x120.jpg","url":"https:\/\/cooltivarte.com\/portal\/wp-content\/uploads\/2014\/05\/pablo-romero-120x120.jpg","contentUrl":"https:\/\/cooltivarte.com\/portal\/wp-content\/uploads\/2014\/05\/pablo-romero-120x120.jpg","caption":"Pablo Romero"},"description":"Profesor de Filosof\u00eda (egresado del IPA) y posgraduado como Especialista en Pol\u00edtica y Gesti\u00f3n de la Educaci\u00f3n, es docente de \u00c9tica en Universidad CLAEH y de Filosof\u00eda en educaci\u00f3n secundaria. Autor de \"Sobre el sentido de educar\" (Ediciones B-Penguin Random House, 2021) y coautor de obras sobre el campo de la filosof\u00eda de la educaci\u00f3n, es expositor a nivel nacional e internacional sobre temas educativos. Se ha desempe\u00f1ado como docente de Argumentaci\u00f3n en la Universidad Cat\u00f3lica y realizado ciclos de columnas de filosof\u00eda en radio El Espectador y en el canal televisivo TV Ciudad.","sameAs":["http:\/\/pabloromero7.blogspot.com\/","http:\/\/www.facebook.com\/pablorom777","https:\/\/www.instagram.com\/pabloromero1974\/","https:\/\/www.linkedin.com\/in\/pablo-romero-garca-7b82989b\/","https:\/\/www.pinterest.com\/cooltivarte\/","https:\/\/x.com\/https:\/\/twitter.com\/Pabloromero74","https:\/\/www.youtube.com\/@PrensaCooltivarte","https:\/\/cooltivarte.tumblr.com\/"],"url":"https:\/\/cooltivarte.com\/portal\/author\/romero\/"}]}},"_links":{"self":[{"href":"https:\/\/cooltivarte.com\/portal\/wp-json\/wp\/v2\/posts\/77516","targetHints":{"allow":["GET"]}}],"collection":[{"href":"https:\/\/cooltivarte.com\/portal\/wp-json\/wp\/v2\/posts"}],"about":[{"href":"https:\/\/cooltivarte.com\/portal\/wp-json\/wp\/v2\/types\/post"}],"author":[{"embeddable":true,"href":"https:\/\/cooltivarte.com\/portal\/wp-json\/wp\/v2\/users\/9"}],"replies":[{"embeddable":true,"href":"https:\/\/cooltivarte.com\/portal\/wp-json\/wp\/v2\/comments?post=77516"}],"version-history":[{"count":1,"href":"https:\/\/cooltivarte.com\/portal\/wp-json\/wp\/v2\/posts\/77516\/revisions"}],"predecessor-version":[{"id":77518,"href":"https:\/\/cooltivarte.com\/portal\/wp-json\/wp\/v2\/posts\/77516\/revisions\/77518"}],"wp:featuredmedia":[{"embeddable":true,"href":"https:\/\/cooltivarte.com\/portal\/wp-json\/wp\/v2\/media\/77517"}],"wp:attachment":[{"href":"https:\/\/cooltivarte.com\/portal\/wp-json\/wp\/v2\/media?parent=77516"}],"wp:term":[{"taxonomy":"category","embeddable":true,"href":"https:\/\/cooltivarte.com\/portal\/wp-json\/wp\/v2\/categories?post=77516"},{"taxonomy":"post_tag","embeddable":true,"href":"https:\/\/cooltivarte.com\/portal\/wp-json\/wp\/v2\/tags?post=77516"}],"curies":[{"name":"wp","href":"https:\/\/api.w.org\/{rel}","templated":true}]}}