{"id":77142,"date":"2021-12-13T18:13:42","date_gmt":"2021-12-13T21:13:42","guid":{"rendered":"https:\/\/cooltivarte.com\/portal\/?p=77142"},"modified":"2021-12-13T18:13:42","modified_gmt":"2021-12-13T21:13:42","slug":"chile-la-hora-de-la-verdad","status":"publish","type":"post","link":"https:\/\/cooltivarte.com\/portal\/chile-la-hora-de-la-verdad\/","title":{"rendered":"Chile: la hora de la verdad"},"content":{"rendered":"<p>A d\u00edas de las elecciones que marcar\u00e1 el destino de Chile, el pa\u00eds se enfrenta a dos opciones pol\u00edticas radicalmente opuestas. El mismo radicalismo que lo polariz\u00f3 luego de lo que eufem\u00edsticamente se llam\u00f3 \u201cestallido social. Ambas candidaturas han debido modificar su discurso respecto de lo dicho en la primera vuelta. En este gimn\u00e1stico juego de las volteretas, el candidato de Apruebo Dignidad, Gabriel Boric, es un campe\u00f3n ol\u00edmpico, lo que no significa que su oponente, Jos\u00e9 Antonio Kast no haya tambi\u00e9n dado las suyas. Con todo, y antes de analizar las volteretas de uno y de otro, es conveniente revisar c\u00f3mo llega cada candidatura a la recta final. Los antecedentes inmediatos en un a\u00f1o 2021 recargado de elecciones de todo tipo, son la elecci\u00f3n de constitucionales constituyentes, gobernadores, alcaldes y concejales (15 y 16 de mayo). Las elecciones de gobernadores tuvo una segunda fecha el 13 de junio, debido a que no hubo el 40 % m\u00ednimo requerido por la ley, salvo en las regiones de Valpara\u00edso, Ays\u00e9n y Magallanes. Y el domingo 21 de noviembre fueron las presidenciales y elecciones parlamentarias. La segunda vuelta de las presidenciales ser\u00e1, como se sabe, el pr\u00f3ximo domingo 19 de diciembre. Elecciones para que no se note miseria democr\u00e1tica Con todo, debemos agregar a la lista la elecci\u00f3n del Plebiscito Nacional que vot\u00f3 la aprobaci\u00f3n de una Nueva Constituci\u00f3n (25 de octubre de 2020). \u00bfCu\u00e1l es la importancia de esta revisi\u00f3n previa del resultado de estas elecciones, antes de comentar las mencionadas volteretas de los candidatos? Porque van a determinar en gran parte las volteretas de ambos candidatos y su credibilidad.<\/p>\n<p>Los resultados del Plebiscito fueron demoledores para quienes votaron \u201cRechazo\u201d, pues la opci\u00f3n \u201cApruebo\u201d obtuvo pr\u00e1cticamente el 80 % de los votos. No se ha dicho o se ha dicho poco, pero este Plebiscito no fue, a mi juicio, un voto reflexivo, sino un voto surgido de la violencia callejera, de la pasi\u00f3n del momento, de la efervescencia de un relato dirigido por activistas pol\u00edticos comunistas y de grupos que hoy integran la coalici\u00f3n de Gabriel Boric, apoyados por un Congreso eminentemente populista. Hubo una expresi\u00f3n ideol\u00f3gica dominante que supo aprovechar la crisis pol\u00edtica que ya era notoria en Chile. Pero el pueblo se manifest\u00f3 que es, al final, lo que interesa para el an\u00e1lisis de esta columna. Por su parte, en las elecciones m\u00faltiples del 15 y 16 de mayo, nuevamente la izquierda radical y la centroizquierda arrasaron, dando otra paliza a la derecha que tuvo derrotas memorables en importantes comunas (elecci\u00f3n de alcaldes), como Santiago, \u00d1u\u00f1oa, Maip\u00fa y Vi\u00f1a del Mar, por citar solo algunas. Peor a\u00fan en la elecci\u00f3n de gobernadores: de las 16 regiones solo gan\u00f3 una: La Araucan\u00eda. El panorama para la centroizquierda era halag\u00fce\u00f1o, pues hab\u00eda obtenido nueve regiones, en cuanto que las restantes seis regiones las ganaron los independientes, Comunes y el Frente Amplio. O sea, viento en popa camino a las presidenciales y parlamentarias.<\/p>\n<p>Pero algo ocurri\u00f3 entre mayo-junio (elecci\u00f3n de gobernadores) y noviembre (primera vuelta de las presidenciales y parlamentarias). El mismo pueblo que hab\u00eda encumbrado a las izquierdas a la gloria, dejando en el fondo del pozo a las derechas, dijo basta a las declaraciones virulentas de las izquierdas y su apoyo irrestricto a los delincuentes llamados presos pol\u00edticos, a los saqueos, robos y muerte en La Araucan\u00eda, a las amenazas abiertas a controlar los medios de comunicaci\u00f3n, a terminar con la propiedad privada, a hacer de lo privado un ente colectivo, a refundar Chile (incluso cambiando el nombre del pa\u00eds, el Himno Nacional, la bandera, el escudo, en fin, todos los s\u00edmbolos patrios, a refundar Carabineros de Chile, a desestabilizar Chile (palabras textuales del secretario general de Revoluci\u00f3n Democr\u00e1tica, Sebasti\u00e1n Depolo: \u201cEs cierto que nosotros vamos a meterle inestabilidad al pa\u00eds porque vamos a hacer transformaciones importantes\u201d). Revoluci\u00f3n Democr\u00e1tica es el partido del candidato Gabriel Boric. El Congreso, por su parte, jug\u00f3 a las acusaciones constitucionales contra ministros y el propio Presidente Pi\u00f1era, que se suced\u00edan como el pan nuestro de cada d\u00eda, dando al pa\u00eds un lamentable espect\u00e1culo de incertidumbre e inestabilidad.<\/p>\n<p>Pues bien, la gente se cans\u00f3 de toda esta agresividad, de toda esta chacota. La centroizquierda (Partido Socialista, Partido Democratacristiano, Partido Por la Democracia y Partido Radical), que por a\u00f1os ocup\u00f3 la papeleta presidencial, usufructu\u00f3 del poder, desapareci\u00f3 del espectro pol\u00edtico sufriendo una vergonzosa y merecida derrota. Su candidata Yasna Provoste qued\u00f3 en quinto lugar de siete candidatos, siendo el \u00faltimo apenas un nombre. La derecha tradicional, por su lado, tambi\u00e9n sufri\u00f3 una desastrosa derrota pues todos sus candidatos quedaron tambi\u00e9n fuera de la segunda vuelta. Gan\u00f3 el Republicano Jos\u00e9 Antonio Kast. Y Gabriel Boric, a quien las encuestas lo daban como ganador, qued\u00f3 en segundo lugar, detr\u00e1s de Kast. La centroizquierda tambi\u00e9n perdi\u00f3 en el Parlamento, pues no obtuvo la mayor\u00eda necesaria para gobernar con tranquilidad en ninguna de las dos C\u00e1maras. La derecha, sin embargo, sorpresivamente obtuvo un inesperado triunfo que le permiti\u00f3 empatar en el Congreso y obtener casi un empate en la C\u00e1mara de Diputados. O sea, todo malo para la centroizquierda. As\u00ed est\u00e1n las cosas para enfrentar las elecciones del pr\u00f3ximo domingo 19.<\/p>\n<p>Conocidos los resultados de la primera vuelta de las presidenciales (21 de noviembre), comenz\u00f3 el periodo de las volteretas, ol\u00edmpicas algunas, y el vergonzoso desfile con volteretas de los menesterosos l\u00edderes de la centroizquierda a los brazos de Boric, sobre todo de la&nbsp; Democracia Cristiana y del Partido Socialista, buscando un lugarcito en su hipot\u00e9tico gobierno, aunque sea como chofer de alg\u00fan auto de la comitiva presidencial. \u00bfSon leg\u00edtimas las volteretas pol\u00edticas? Lo son cuando hay una autorreflexi\u00f3n honesta, profunda y meditada en el tiempo, que desvenda los errores y corrige las desviadas interpretaciones que se tienen sobre el entorno social y pol\u00edtico que lo rodea. Y cuando los hechos comprueban que efectivamente esta autorreflexi\u00f3n&nbsp; se ha impuesto sobre el pensamiento que se tuvo. No son leg\u00edtimas, en consecuencia, cuando ellas no son m\u00e1s que producto del oportunismo electoral y de la necesidad urgente de satisfacer las demandas de las urnas adversas, pero alejadas de esa autorreflexi\u00f3n honesta y profunda que solo es posible en el tiempo, y no cuando se produce de la noche a la ma\u00f1ana, como una especie de iluminaci\u00f3n divina. Entonces las volteretas pol\u00edticas no son cre\u00edbles.<\/p>\n<p>Revisemos las volteretas de Jos\u00e9 Antonio Kast. La primera y que la ha dado grandes dolores de cabeza, tiene que ver con la eliminaci\u00f3n del Ministerio de la Mujer en su hipot\u00e9tico gobierno. Debi\u00f3 enmendarse y pedir disculpas por una propuesta que, evidentemente, hiere el sentido social y maltrata a la mujer. Adem\u00e1s ha incluido en su nuevo programa, la creaci\u00f3n del Espacio Mujer Emprendedora, apoyo para la mujer rural, tolerancia cero a la violencia contra la mujer. La segunda voltereta mantiene el Pase de Movilidad. La tercera voltereta tiene que ver con las minor\u00edas sexuales y el matrimonio igualitario: \u201cAunque a m\u00ed no me guste, si el Parlamento se pronuncia a favor, va a ser ley\u201d (23 de noviembre). Un matiz diferente a un tema que nunca fue de su agrado. La cuarta voltereta se relaciona con la reducci\u00f3n de impuestos de forma gradual y no como su programa de la primera vuelta que reduc\u00eda el impuesto a las empresas -del 27% al 17%- y el IVA -del 19% al 17%-, medidas tendientes a aumentar la inversi\u00f3n privada del 19% al 28% del PIB. Una locura econ\u00f3mica. Son temas puntuales que, en rigor, no modifican la estructura social del programa vinculado con la seguridad ciudadana, el orden y los principios democr\u00e1ticos y otros aspectos relevantes para la ciudadan\u00eda como inmigraci\u00f3n, terrorismo, educaci\u00f3n.<\/p>\n<p>Las volteretas de Gabriel Boric significaron un cambio radical de la primera a la segunda vuelta. Por eso la extensa presentaci\u00f3n del resultado de las elecciones y su an\u00e1lisis, que desembocaron en un cambio sorprendente del electorado del Apruebo o Rechazo de la Nueva Constituci\u00f3n, a la primera vuelta de las presidenciales. Son much\u00edsimas vueltas de carnero que modificaron ostensiblemente su primer programa, a pesar de que el Partido Comunista dijo que el programa no se cambiaba. \u00bfEst\u00e1 convencido Boric de estos cambios o no son nada m\u00e1s que convenientes volteretas dada la verdad de las urnas? La primera voltereta tiene que ver con la presentaci\u00f3n personal del candidato. Me remito a las fotograf\u00edas de antes y despu\u00e9s de la primera vuelta. Un aire de intelectual reformado que no le queda bien, primero porque no es ni intelectual ni te\u00f3rico ni cosa parecida; segundo, porque no le queda bien una apariencia que lo despoja de su esencia algo desaseado y rebelde de activista callejero. La segunda voltereta la relaciono con la seguridad ciudadana, como el indulto a los \u201cpresos pol\u00edticos\u201d de la revuelta. Resulta que ahora \u201cNo se puede indultar a una persona que quem\u00f3 una iglesia o una pyme, o que saque\u00f3 un supermercado\u201d, pero ayer s\u00ed se pod\u00eda. M\u00e1s a\u00fan, recientemente voto en contra de la extensi\u00f3n del Estado de Excepci\u00f3n en La Araucan\u00eda.<\/p>\n<p>La tercera voltereta, se vincula tambi\u00e9n con la seguridad ciudadana y se refiere a la refundaci\u00f3n de Carabineros. Ayer dec\u00eda vamos a refundar; hoy declara: \u201cNo basta con decir vamos a reformar las polic\u00edas, tenemos que mejorar la seguridad en los barrios\u201d. Una cuarta voltereta se relaciona con los partidos pol\u00edticos de la centroizquierda. De maltratar permanentemente a la Democracia Cristiana por haber sido un \u201cfactor ha torpedeado los cambios y transformaciones\u201d, ahora resulta que la DC es \u201cun partido que ha sido protagonista de momentos de gran importancia para la historia de nuestro Chile\u201d. Declaraciones semejantes tuvo respecto del Partido Socialista y el Partido Por la Democracia: \u201cNo nos vamos a exponer a conversar si ellos no quieren. Eso no significa obstruir los cambios, pero si me preguntas si el PPD va a ir a peregrinar para decir \u201cestamos aqu\u00ed\u201d. \u00a1No!\u201d. Pero ahora el discurso es bien diferente: \u201cEs Gabriel Boric el candidato del PPD\u201d, dec\u00eda Natalia Piergentilli, presidenta del PPD. La \u00faltima de las volteretas que registrar\u00e9 en mi columna, no porque no sean m\u00e1s, sino porque como ejemplos que ilustran los cambios radicales en el discurso de Gabriel Boric, producto de los resultados de la primera vuelta presidencial, son suficientes, es la que se refiere a los retiros previsionales. Ayer los aprobaba y justificaba, pero hoy dice: \u201cMientras hoy exista un IFE no voy a apoyar m\u00e1s retiros de fondos de pensiones ni menos un retiro del 100 %\u201d.<\/p>\n<p>La hora de la verdad ha llegado para Chile. Ninguno de los dos candidatos tiene el apoyo masivo de la ciudadan\u00eda. La polarizaci\u00f3n del pa\u00eds no terminar\u00e1 con las elecciones del pr\u00f3ximo domingo 19 de diciembre. Sea Boric o sea Kast el nuevo Presidente de la Rep\u00fablica de Chile, enfrentar\u00e1 un Parlamento empatado que no lo dejar\u00e1 gobernar con tranquilidad, oblig\u00e1ndolo a una verdadera diplomacia de los acuerdos para aprobar cualquier proyecto. Por otro lado, la crisis social que se avecina producto de la crisis econ\u00f3mica encabezada por una inflaci\u00f3n galopante, pinta un oscuro panorama para el pa\u00eds. Por eso, quien sea el Presidente deber\u00e1 gobernar con inteligencia y sabidur\u00eda, deber\u00e1 desprenderse de egolatr\u00edas y de malas compa\u00f1\u00edas pol\u00edticas aunque las presiones ser\u00e1n ostensibles y odiosas por ambos lados. Deber\u00e1 enfrentar la delincuencia, el narcotr\u00e1fico y el terrorismo, temas sensibles y prioritarios para la ciudadan\u00eda, con mano dura, otorg\u00e1ndoles a las polic\u00edas el apoyo necesario para que puedan ejercer su labor de resguardar el orden y la paz ciudadana.<\/p>\n<p>Y lo m\u00e1s importante, deber\u00e1 despojarse de ese populismo pol\u00edtico que tanto da\u00f1o le ha hecho a Chile estos dos \u00faltimos a\u00f1os, llev\u00e1ndolo a la inestabilidad pol\u00edtica y a la destrucci\u00f3n propia de una guerra que ha escandalizado al mundo.<\/p>\n<p>Que la democracia, la libertad, el respeto por los derechos humanos, el orden y la paz social, sean el norte que oriente al nuevo Presidente. Eso quiero para Chile.<\/p>\n<p>&nbsp;<\/p>\n<p>&nbsp;<\/p>\n<p>&nbsp;<\/p>\n","protected":false},"excerpt":{"rendered":"<p>A d\u00edas de las elecciones que marcar\u00e1 el destino de Chile, el pa\u00eds se enfrenta a dos opciones pol\u00edticas radicalmente opuestas. El mismo radicalismo que lo polariz\u00f3 luego de lo que eufem\u00edsticamente se llam\u00f3 \u201cestallido social. Ambas candidaturas han debido modificar su discurso respecto de lo dicho en la primera vuelta. En este gimn\u00e1stico juego [&hellip;]<\/p>\n","protected":false},"author":162,"featured_media":77144,"comment_status":"closed","ping_status":"closed","sticky":false,"template":"","format":"standard","meta":{"om_disable_all_campaigns":false,"ngg_post_thumbnail":0,"jnews-multi-image_gallery":[],"jnews_single_post":{"subtitle":"","format":"standard","video":"","gallery":"","source_name":"","source_url":"","via_name":"","via_url":"","override_template":"0","override":[{"template":"1","single_blog_custom":"","parallax":"1","fullscreen":"1","layout":"right-sidebar","sidebar":"default-sidebar","second_sidebar":"default-sidebar","sticky_sidebar":"1","share_position":"top","share_float_style":"share-monocrhome","show_share_counter":"1","show_view_counter":"1","show_featured":"1","show_post_meta":"1","show_post_author":"1","show_post_author_image":"1","show_post_date":"1","post_date_format":"default","post_date_format_custom":"Y\/m\/d","show_post_category":"1","show_post_reading_time":"0","post_reading_time_wpm":"300","show_zoom_button":"0","zoom_button_out_step":"2","zoom_button_in_step":"3","show_post_tag":"1","show_prev_next_post":"1","show_popup_post":"1","number_popup_post":"1","show_author_box":"0","show_post_related":"0","show_inline_post_related":"0"}],"override_image_size":"0","image_override":[{"single_post_thumbnail_size":"crop-500","single_post_gallery_size":"crop-500"}],"trending_post":"0","trending_post_position":"meta","trending_post_label":"Trending","sponsored_post":"0","sponsored_post_label":"Sponsored by","sponsored_post_name":"","sponsored_post_url":"","sponsored_post_logo_enable":"0","sponsored_post_logo":"","sponsored_post_desc":""},"jnews_primary_category":{"id":""},"jnews_social_meta":{"fb_title":"","fb_description":"","fb_image":"","twitter_title":"","twitter_description":"","twitter_image":""},"jnews_override_counter":{"override_view_counter":"0","view_counter_number":"0","override_share_counter":"0","share_counter_number":"0","override_like_counter":"0","like_counter_number":"0","override_dislike_counter":"0","dislike_counter_number":"0"},"footnotes":""},"categories":[1637],"tags":[2789,14197,15366],"class_list":["post-77142","post","type-post","status-publish","format-standard","has-post-thumbnail","hentry","category-apuntes","tag-chile","tag-gabriel-boric","tag-jose-antonio-kast"],"yoast_head":"<!-- This site is optimized with the Yoast SEO plugin v27.5 - https:\/\/yoast.com\/product\/yoast-seo-wordpress\/ -->\n<title>Chile: la hora de la verdad - Cooltivarte Portal<\/title>\n<meta name=\"description\" content=\"A d\u00edas de las elecciones que marcar\u00e1 el destino de Chile, el pa\u00eds se enfrenta a dos opciones pol\u00edticas radicalmente opuestas. El mismo radicalismo que lo polariz\u00f3 luego de lo que eufem\u00edsticamente se llam\u00f3 \u201cestallido social.\" \/>\n<meta name=\"robots\" content=\"index, follow, max-snippet:-1, max-image-preview:large, max-video-preview:-1\" \/>\n<link rel=\"canonical\" href=\"https:\/\/cooltivarte.com\/portal\/chile-la-hora-de-la-verdad\/\" \/>\n<meta property=\"og:locale\" content=\"es_ES\" \/>\n<meta property=\"og:type\" content=\"article\" \/>\n<meta property=\"og:title\" content=\"Chile: la hora de la verdad\" \/>\n<meta property=\"og:description\" content=\"A d\u00edas de las elecciones que marcar\u00e1 el destino de Chile, el pa\u00eds se enfrenta a dos opciones pol\u00edticas radicalmente opuestas. El mismo radicalismo que lo polariz\u00f3 luego de lo que eufem\u00edsticamente se llam\u00f3 \u201cestallido social.\" \/>\n<meta property=\"og:url\" content=\"https:\/\/cooltivarte.com\/portal\/chile-la-hora-de-la-verdad\/\" \/>\n<meta property=\"og:site_name\" content=\"Cooltivarte Portal\" \/>\n<meta property=\"article:publisher\" content=\"https:\/\/www.facebook.com\/cooltivartecom\/\" \/>\n<meta property=\"article:author\" content=\"https:\/\/www.facebook.com\/profile.php?id=1043831024\" \/>\n<meta property=\"article:published_time\" content=\"2021-12-13T21:13:42+00:00\" \/>\n<meta property=\"og:image\" content=\"https:\/\/cooltivarte.com\/portal\/wp-content\/uploads\/2021\/12\/bandera-chile.jpg\" \/>\n\t<meta property=\"og:image:width\" content=\"800\" \/>\n\t<meta property=\"og:image:height\" content=\"513\" \/>\n\t<meta property=\"og:image:type\" content=\"image\/jpeg\" \/>\n<meta name=\"author\" content=\"Alejandro Carre\u00f1o T.\" \/>\n<meta name=\"twitter:card\" content=\"summary_large_image\" \/>\n<meta name=\"twitter:title\" content=\"Chile: la hora de la verdad\" \/>\n<meta name=\"twitter:description\" content=\"A d\u00edas de las elecciones que marcar\u00e1 el destino de Chile, el pa\u00eds se enfrenta a dos opciones pol\u00edticas radicalmente opuestas. El mismo radicalismo que lo polariz\u00f3 luego de lo que eufem\u00edsticamente se llam\u00f3 \u201cestallido social.\" \/>\n<meta name=\"twitter:image\" content=\"https:\/\/cooltivarte.com\/portal\/wp-content\/uploads\/2021\/12\/bandera-chile.jpg\" \/>\n<meta name=\"twitter:creator\" content=\"@https:\/\/twitter.com\/acarrenot\" \/>\n<meta name=\"twitter:site\" content=\"@obolocultural\" \/>\n<meta name=\"twitter:label1\" content=\"Escrito por\" \/>\n\t<meta name=\"twitter:data1\" content=\"Alejandro Carre\u00f1o T.\" \/>\n\t<meta name=\"twitter:label2\" content=\"Tiempo de lectura\" \/>\n\t<meta name=\"twitter:data2\" content=\"9 minutos\" \/>\n<!-- \/ Yoast SEO plugin. -->","yoast_head_json":{"title":"Chile: la hora de la verdad - Cooltivarte Portal","description":"A d\u00edas de las elecciones que marcar\u00e1 el destino de Chile, el pa\u00eds se enfrenta a dos opciones pol\u00edticas radicalmente opuestas. El mismo radicalismo que lo polariz\u00f3 luego de lo que eufem\u00edsticamente se llam\u00f3 \u201cestallido social.","robots":{"index":"index","follow":"follow","max-snippet":"max-snippet:-1","max-image-preview":"max-image-preview:large","max-video-preview":"max-video-preview:-1"},"canonical":"https:\/\/cooltivarte.com\/portal\/chile-la-hora-de-la-verdad\/","og_locale":"es_ES","og_type":"article","og_title":"Chile: la hora de la verdad","og_description":"A d\u00edas de las elecciones que marcar\u00e1 el destino de Chile, el pa\u00eds se enfrenta a dos opciones pol\u00edticas radicalmente opuestas. El mismo radicalismo que lo polariz\u00f3 luego de lo que eufem\u00edsticamente se llam\u00f3 \u201cestallido social.","og_url":"https:\/\/cooltivarte.com\/portal\/chile-la-hora-de-la-verdad\/","og_site_name":"Cooltivarte Portal","article_publisher":"https:\/\/www.facebook.com\/cooltivartecom\/","article_author":"https:\/\/www.facebook.com\/profile.php?id=1043831024","article_published_time":"2021-12-13T21:13:42+00:00","og_image":[{"width":800,"height":513,"url":"https:\/\/cooltivarte.com\/portal\/wp-content\/uploads\/2021\/12\/bandera-chile.jpg","type":"image\/jpeg"}],"author":"Alejandro Carre\u00f1o T.","twitter_card":"summary_large_image","twitter_title":"Chile: la hora de la verdad","twitter_description":"A d\u00edas de las elecciones que marcar\u00e1 el destino de Chile, el pa\u00eds se enfrenta a dos opciones pol\u00edticas radicalmente opuestas. El mismo radicalismo que lo polariz\u00f3 luego de lo que eufem\u00edsticamente se llam\u00f3 \u201cestallido social.","twitter_image":"https:\/\/cooltivarte.com\/portal\/wp-content\/uploads\/2021\/12\/bandera-chile.jpg","twitter_creator":"@https:\/\/twitter.com\/acarrenot","twitter_site":"@obolocultural","twitter_misc":{"Escrito por":"Alejandro Carre\u00f1o T.","Tiempo de lectura":"9 minutos"},"schema":{"@context":"https:\/\/schema.org","@graph":[{"@type":"NewsArticle","@id":"https:\/\/cooltivarte.com\/portal\/chile-la-hora-de-la-verdad\/#article","isPartOf":{"@id":"https:\/\/cooltivarte.com\/portal\/chile-la-hora-de-la-verdad\/"},"author":{"name":"Alejandro Carre\u00f1o T.","@id":"https:\/\/cooltivarte.com\/portal\/#\/schema\/person\/852d98c305909ce7eac4c8e64713ac6c"},"headline":"Chile: la hora de la verdad","datePublished":"2021-12-13T21:13:42+00:00","mainEntityOfPage":{"@id":"https:\/\/cooltivarte.com\/portal\/chile-la-hora-de-la-verdad\/"},"wordCount":2114,"publisher":{"@id":"https:\/\/cooltivarte.com\/portal\/#organization"},"image":{"@id":"https:\/\/cooltivarte.com\/portal\/chile-la-hora-de-la-verdad\/#primaryimage"},"thumbnailUrl":"https:\/\/cooltivarte.com\/portal\/wp-content\/uploads\/2021\/12\/bandera-chile.jpg","keywords":["Chile","Gabriel Boric","Jos\u00e9 Antonio Kast"],"articleSection":["Apuntes"],"inLanguage":"es-AR"},{"@type":"WebPage","@id":"https:\/\/cooltivarte.com\/portal\/chile-la-hora-de-la-verdad\/","url":"https:\/\/cooltivarte.com\/portal\/chile-la-hora-de-la-verdad\/","name":"Chile: la hora de la verdad - Cooltivarte Portal","isPartOf":{"@id":"https:\/\/cooltivarte.com\/portal\/#website"},"primaryImageOfPage":{"@id":"https:\/\/cooltivarte.com\/portal\/chile-la-hora-de-la-verdad\/#primaryimage"},"image":{"@id":"https:\/\/cooltivarte.com\/portal\/chile-la-hora-de-la-verdad\/#primaryimage"},"thumbnailUrl":"https:\/\/cooltivarte.com\/portal\/wp-content\/uploads\/2021\/12\/bandera-chile.jpg","datePublished":"2021-12-13T21:13:42+00:00","description":"A d\u00edas de las elecciones que marcar\u00e1 el destino de Chile, el pa\u00eds se enfrenta a dos opciones pol\u00edticas radicalmente opuestas. El mismo radicalismo que lo polariz\u00f3 luego de lo que eufem\u00edsticamente se llam\u00f3 \u201cestallido social.","breadcrumb":{"@id":"https:\/\/cooltivarte.com\/portal\/chile-la-hora-de-la-verdad\/#breadcrumb"},"inLanguage":"es-AR","potentialAction":[{"@type":"ReadAction","target":["https:\/\/cooltivarte.com\/portal\/chile-la-hora-de-la-verdad\/"]}]},{"@type":"ImageObject","inLanguage":"es-AR","@id":"https:\/\/cooltivarte.com\/portal\/chile-la-hora-de-la-verdad\/#primaryimage","url":"https:\/\/cooltivarte.com\/portal\/wp-content\/uploads\/2021\/12\/bandera-chile.jpg","contentUrl":"https:\/\/cooltivarte.com\/portal\/wp-content\/uploads\/2021\/12\/bandera-chile.jpg","width":800,"height":513,"caption":"Bandera Chile"},{"@type":"BreadcrumbList","@id":"https:\/\/cooltivarte.com\/portal\/chile-la-hora-de-la-verdad\/#breadcrumb","itemListElement":[{"@type":"ListItem","position":1,"name":"Portada","item":"https:\/\/cooltivarte.com\/portal\/"},{"@type":"ListItem","position":2,"name":"Chile: la hora de la verdad"}]},{"@type":"WebSite","@id":"https:\/\/cooltivarte.com\/portal\/#website","url":"https:\/\/cooltivarte.com\/portal\/","name":"Cooltivarte Portal","description":"Arte, cultura y turismo para el mundo ...","publisher":{"@id":"https:\/\/cooltivarte.com\/portal\/#organization"},"potentialAction":[{"@type":"SearchAction","target":{"@type":"EntryPoint","urlTemplate":"https:\/\/cooltivarte.com\/portal\/?s={search_term_string}"},"query-input":{"@type":"PropertyValueSpecification","valueRequired":true,"valueName":"search_term_string"}}],"inLanguage":"es-AR"},{"@type":"Organization","@id":"https:\/\/cooltivarte.com\/portal\/#organization","name":"cooltivarte","url":"https:\/\/cooltivarte.com\/portal\/","logo":{"@type":"ImageObject","inLanguage":"es-AR","@id":"https:\/\/cooltivarte.com\/portal\/#\/schema\/logo\/image\/","url":"https:\/\/cooltivarte.com\/portal\/wp-content\/uploads\/2020\/04\/logo-cooltivarte-v2.png","contentUrl":"https:\/\/cooltivarte.com\/portal\/wp-content\/uploads\/2020\/04\/logo-cooltivarte-v2.png","width":851,"height":243,"caption":"cooltivarte"},"image":{"@id":"https:\/\/cooltivarte.com\/portal\/#\/schema\/logo\/image\/"},"sameAs":["https:\/\/www.facebook.com\/cooltivartecom\/","https:\/\/x.com\/obolocultural","https:\/\/www.instagram.com\/_cooltivarte_\/","https:\/\/www.linkedin.com\/company\/-bolocultural?reportsuccess=8zaNG1HwhPbAR9iQhZ5rfGeqz_vQFftHun0ZWU0Wy9vNemRJ8vtcKdJvzQfW8XagyOJSKg0XvfJ1dp","https:\/\/www.pinterest.com\/cooltivarte\/","https:\/\/cooltivarte.tumblr.com\/","https:\/\/www.tiktok.com\/@cooltivarte","https:\/\/www.youtube.com\/@PrensaCooltivarte"]},{"@type":"Person","@id":"https:\/\/cooltivarte.com\/portal\/#\/schema\/person\/852d98c305909ce7eac4c8e64713ac6c","name":"Alejandro Carre\u00f1o T.","image":{"@type":"ImageObject","inLanguage":"es-AR","@id":"https:\/\/cooltivarte.com\/portal\/wp-content\/uploads\/2020\/07\/Alejandro-Carre\u00f1o.jpg","url":"https:\/\/cooltivarte.com\/portal\/wp-content\/uploads\/2020\/07\/Alejandro-Carre\u00f1o.jpg","contentUrl":"https:\/\/cooltivarte.com\/portal\/wp-content\/uploads\/2020\/07\/Alejandro-Carre\u00f1o.jpg","caption":"Alejandro Carre\u00f1o T."},"description":"Profesor de Castellano, Mag\u00edster en Comunicaci\u00f3n y Semi\u00f3tica y Doctor en Comunicaci\u00f3n. Acad\u00e9mico en Brasil y en su Chile natal. Columnista y ensayista. Lleva adelante en Youtube su canal \u201cDe Carre\u00f1o a los libros\u201d, donde aborda temas de Literatura, Educaci\u00f3n y Cultura.","sameAs":["https:\/\/www.facebook.com\/profile.php?id=1043831024","https:\/\/www.instagram.com\/_cooltivarte_\/","https:\/\/www.linkedin.com\/company\/-bolocultural","https:\/\/www.pinterest.com\/cooltivarte","https:\/\/x.com\/https:\/\/twitter.com\/acarrenot","https:\/\/www.youtube.com\/@PrensaCooltivarte","https:\/\/www.tumblr.com\/blog\/cooltivarte"],"url":"https:\/\/cooltivarte.com\/portal\/author\/alejandro-careno\/"}]}},"_links":{"self":[{"href":"https:\/\/cooltivarte.com\/portal\/wp-json\/wp\/v2\/posts\/77142","targetHints":{"allow":["GET"]}}],"collection":[{"href":"https:\/\/cooltivarte.com\/portal\/wp-json\/wp\/v2\/posts"}],"about":[{"href":"https:\/\/cooltivarte.com\/portal\/wp-json\/wp\/v2\/types\/post"}],"author":[{"embeddable":true,"href":"https:\/\/cooltivarte.com\/portal\/wp-json\/wp\/v2\/users\/162"}],"replies":[{"embeddable":true,"href":"https:\/\/cooltivarte.com\/portal\/wp-json\/wp\/v2\/comments?post=77142"}],"version-history":[{"count":1,"href":"https:\/\/cooltivarte.com\/portal\/wp-json\/wp\/v2\/posts\/77142\/revisions"}],"predecessor-version":[{"id":77145,"href":"https:\/\/cooltivarte.com\/portal\/wp-json\/wp\/v2\/posts\/77142\/revisions\/77145"}],"wp:featuredmedia":[{"embeddable":true,"href":"https:\/\/cooltivarte.com\/portal\/wp-json\/wp\/v2\/media\/77144"}],"wp:attachment":[{"href":"https:\/\/cooltivarte.com\/portal\/wp-json\/wp\/v2\/media?parent=77142"}],"wp:term":[{"taxonomy":"category","embeddable":true,"href":"https:\/\/cooltivarte.com\/portal\/wp-json\/wp\/v2\/categories?post=77142"},{"taxonomy":"post_tag","embeddable":true,"href":"https:\/\/cooltivarte.com\/portal\/wp-json\/wp\/v2\/tags?post=77142"}],"curies":[{"name":"wp","href":"https:\/\/api.w.org\/{rel}","templated":true}]}}