{"id":76935,"date":"2021-12-09T01:14:45","date_gmt":"2021-12-09T04:14:45","guid":{"rendered":"https:\/\/cooltivarte.com\/portal\/?p=76935"},"modified":"2023-10-26T22:33:42","modified_gmt":"2023-10-27T01:33:42","slug":"bienal-de-venecia-2022-59-o-muestra-internacional-de-arte","status":"publish","type":"post","link":"https:\/\/cooltivarte.com\/portal\/bienal-de-venecia-2022-59-o-muestra-internacional-de-arte\/","title":{"rendered":"Bienal de Venecia 2022 &#8211; 59.\u00ba Muestra Internacional de Arte"},"content":{"rendered":"<figure id=\"attachment_76936\" aria-describedby=\"caption-attachment-76936\" style=\"width: 945px\" class=\"wp-caption aligncenter\"><img fetchpriority=\"high\" decoding=\"async\" class=\"wp-image-76936 size-full\" title=\"Bienal de Venecia 2022 - 59 Muestra Internacional de Arte\" src=\"https:\/\/cooltivarte.com\/portal\/wp-content\/uploads\/2021\/12\/Bienal-de-Venecia-2022-59-Muestra-Internacional-de-Arte.png\" alt=\"Bienal de Venecia 2022 - 59 Muestra Internacional de Arte\" width=\"945\" height=\"495\" srcset=\"https:\/\/cooltivarte.com\/portal\/wp-content\/uploads\/2021\/12\/Bienal-de-Venecia-2022-59-Muestra-Internacional-de-Arte.png 945w, https:\/\/cooltivarte.com\/portal\/wp-content\/uploads\/2021\/12\/Bienal-de-Venecia-2022-59-Muestra-Internacional-de-Arte-300x157.png 300w, https:\/\/cooltivarte.com\/portal\/wp-content\/uploads\/2021\/12\/Bienal-de-Venecia-2022-59-Muestra-Internacional-de-Arte-768x402.png 768w\" sizes=\"(max-width: 945px) 100vw, 945px\" \/><figcaption id=\"caption-attachment-76936\" class=\"wp-caption-text\">Bienal de Venecia 2022 &#8211; 59 Muestra Internacional de Arte<\/figcaption><\/figure>\n<h3>El proyecto seleccionado para representar a nuestro pa\u00eds en la <strong>59\u00b0 Exhibici\u00f3n internacional de Arte de Venecia<\/strong> es el proyecto <strong>PERSONA<\/strong>, del artista <a href=\"https:\/\/cooltivarte.com\/portal\/?s=Gerardo+Goldwasser\" target=\"_blank\" rel=\"noopener\"><strong>Gerardo Goldwasser<\/strong><\/a>, con curadur\u00eda de<strong> <a href=\"https:\/\/cooltivarte.com\/portal\/?s=Laura+Malosetti+Costa\" target=\"_blank\" rel=\"noopener\">Laura Malosetti Costa<\/a> y <a href=\"https:\/\/cooltivarte.com\/portal\/?s=Pablo+Uribe\" target=\"_blank\" rel=\"noopener\">Pablo Uribe<\/a><\/strong>.<\/h3>\n<p>&nbsp;<\/p>\n<p style=\"font-weight: 400;\">Confiamos en que el proyecto PERSONA transmite, con profundidad y excelencia art\u00edstica, los conceptos propuestos por la curadora de la <strong>Bienal de Venecia 2022<\/strong> <strong>Cecilia Alemani<\/strong>, y que sin dudas esta propuesta&nbsp;&nbsp;representar\u00e1 de la mejor manera a nuestro pa\u00eds en la <strong>59\u00b0 Exhibici\u00f3n internacional de Arte de Venecia<\/strong>, en consonancia con el esp\u00edritu de los textos de Leonora Carrington mencionados por la curadora&nbsp;&nbsp;y en sinton\u00eda con el quehacer art\u00edstico de nuestro pa\u00eds.<\/p>\n<p style=\"font-weight: 400;\">Celebramos la postulaci\u00f3n de 28 propuestas de alto nivel, y agradecemos especialmente a la<strong> Comisi\u00f3n Nacional de Artes Visuales<\/strong> por su labor, al <strong>Instituto Nacional de Artes Visuales<\/strong> por coordinar todas las instancias de esta convocatoria, as\u00ed como tambi\u00e9n el apoyo de nuestro Departamento de Internacionalizaci\u00f3n de la Cultura Uruguaya.<\/p>\n<p><a href=\"https:\/\/www.gub.uy\/ministerio-educacion-cultura\/comunicacion\/noticias\/bienal-venecia-2022-59o-muestra-internacional-arte\" target=\"_blank\" rel=\"noopener\">gub.uy<\/a><\/p>\n<p>&nbsp;<\/p>\n<p>&nbsp;<\/p>\n<h3><a href=\"https:\/\/cooltivarte.com\/portal\/?s=Gerardo+Goldwasser\" target=\"_blank\" rel=\"noopener\"><strong>Gerardo Goldwasser<\/strong><\/a><\/h3>\n<p>Nace en Montevideo, Uruguay, en 1961. Artista, docente y dise\u00f1ador gr\u00e1fico, vive y trabaja en Montevideo.<\/p>\n<p>La sastrer\u00eda, la violencia y el arte contempor\u00e1neo se conjugan en su trabajo.<\/p>\n<p>Realiz\u00f3 bachillerato de arquitectura, entre 1984 y 1988 estudi\u00f3 artes pl\u00e1sticas en el CEA Centro de Expresi\u00f3n Art\u00edstica, dirigido por Nelson Ramos.<\/p>\n<p>En 1986 realiza un curso de grabado en metal con David Finkbeiner (Profesor del Manhattan graphics of New York, Pratt Institut of New York) en el Museo Nacional de Artes Visuales, Montevideo, Uruguay.<\/p>\n<p>En 1987 particip\u00f3 en el curso de elaboraci\u00f3n de papel con Laurence Baker (director del Barcelona Helkshop en Espa\u00f1a) en el Museo Nacional de Artes Visuales, Montevideo, Uruguay.<\/p>\n<p>Desde 1985 ha participado en numerosas exhibiciones nacionales e internacionales, entre las que se destacan: En 2011 &#8220;Blanco M\u00f3vil&#8221; en el Centro Cultural Dodec\u00e1, en 2010 en el Museo Departamental Juan Manuel Blanes &#8220;Repeat me&#8221;, en 2008 Galer\u00eda Dabbah Torrej\u00f3n, Buenos Aires; ARTbo, Feria Internacional de Arte Contempor\u00e1neo, Bogot\u00e1 ; en 2007 Arteam\u00e9ricas, Feria de Arte Contempor\u00e1neo, Galer\u00eda Varelli, Miami; en 2003 en Uni\u00f3n Latina, Montevideo; en 2002 Museo Jud\u00edo de Miami, Feria ARCO y Galeria Sur, en 1999 Museo de Arte Contempor\u00e1neo de Caracas Sof\u00eda Imbert; en 1996 FRAC Pays de Loire, Nantes. Integr\u00f3 el env\u00edo uruguayo en la VI Bienal de La Habana, I Bienal del Mercosur, Porto Alegre, 1997; II Bienal de Grabado del Mercosur, Buenos Aires en el 2000 y IX Bienal Internacional de Cuenca en el 2007.<\/p>\n<p>En el 2001 recibi\u00f3 la Beca Fundaci\u00f3n Pollock Krasner.<\/p>\n<p>En el 2004 recibe el Primer Premio en el 51\u00ba Sal\u00f3n Nacional de Artes Visuales, Ministerio de Educaci\u00f3n y Cultura, Uruguay.<\/p>\n<p>En el 2002 Primer Premio 50\u00ba Sal\u00f3n Nacional de Artes Visuales, Ministerio de Educaci\u00f3n y Cultura, Uruguay.<\/p>\n<p>En el 2000 recibe el Segundo Premio de grabado, en la II Bienal de grabado del Mercosur, Feria arte BA 2000, Fondo Nacional de las Artes, Buenos Aires, Argentina.<\/p>\n<p>En 1999 Premio adquisici\u00f3n Sal\u00f3n Municipal de Artes Pl\u00e1sticas, Intendencia Municipal de Montevideo.<\/p>\n<p>En 1996 Primer Premio, Paul Cezzane, Embajada de Francia-Montevideo Beca\/residencia Par\u00eds, Nantes. Proyecto FRAC. Fondo Regional de Arte Contempor\u00e1neo, Nantes, Francia.<\/p>\n<p>En 1990\/92 Primer premio concurso Nacional Bienarte III, Alianza Uruguay Estados Unidos. Beca\/residencia New York.<\/p>\n<p>En 1990 Menci\u00f3n honor\u00edfica, Museo de Arte Decorativo de Buenos Aires Argentina, Fundaci\u00f3n Navarro Correas.<\/p>\n<p>En 1989 Primer premio, Cuarta Muestra de Artes Pl\u00e1sticas Nacional \/Coca Cola, Pluna.<\/p>\n<p>En 1988 Primer Premio, Encuentro Internacional de Comic de Badalona, Municipalidad de Badalona, Espa\u00f1a.<\/p>\n<p>&nbsp;<\/p>\n<p>Funete Biograf\u00eda: <a href=\"http:\/\/museos.gub.uy\/arteactivo\/item\/goldwasser-gerardo.html\" target=\"_blank\" rel=\"noopener\">museos.gub.uy<\/a><\/p>\n<p>&nbsp;<\/p>\n<p><strong> Especial Bienal de Venecia | 25-05-2022<\/strong><\/p>\n<p><iframe title=\"YouTube video player\" src=\"https:\/\/www.youtube.com\/embed\/iux5boP-BDM\" width=\"100%\" height=\"515\" frameborder=\"0\" allowfullscreen=\"allowfullscreen\"><span data-mce-type=\"bookmark\" style=\"display: inline-block; width: 0px; overflow: hidden; line-height: 0;\" class=\"mce_SELRES_start\">\ufeff<\/span><\/iframe><br \/>\n&nbsp;<\/p>\n<p>&nbsp;<\/p>\n<p><strong>PABLO URIBE Y GERARDO GOLDWASSER. SISTEMAS, ESPACIO Y LA NOCI\u00d3N DE OFICIO &#8211;&nbsp;<\/strong><\/p>\n<p><a href=\"https:\/\/artishockrevista.com\/2021\/02\/08\/pablo-uribe-y-gerardo-goldwasser-entrevista\/\" target=\"_blank\" rel=\"noopener\">https:\/\/artishockrevista.com\/2021\/02\/08\/pablo-uribe-y-gerardo-goldwasser-entrevista\/<\/a><\/p>\n<p>&nbsp;<\/p>\n<p><a href=\"https:\/\/www.instagram.com\/gerardogoldwasser\/\" target=\"_blank\" rel=\"noopener\">https:\/\/www.instagram.com\/gerardogoldwasser\/<\/a><\/p>\n<p>&nbsp;<\/p>\n<p><strong>Especial Bienal de Venecia | 25-05-2022<\/strong><\/p>\n<p>&nbsp;<br \/>\n<iframe title=\"YouTube video player\" src=\"https:\/\/www.youtube.com\/embed\/qAP_Mjfxkt8\" width=\"100%\" height=\"515\" frameborder=\"0\" allowfullscreen=\"allowfullscreen\"><span data-mce-type=\"bookmark\" style=\"display: inline-block; width: 0px; overflow: hidden; line-height: 0;\" class=\"mce_SELRES_start\">\ufeff<\/span><\/iframe><br \/>\n&nbsp;<\/p>\n<p>&nbsp;<\/p>\n","protected":false},"excerpt":{"rendered":"<p>El proyecto seleccionado para representar a nuestro pa\u00eds en la 59\u00b0 Exhibici\u00f3n internacional de Arte de Venecia es el proyecto PERSONA, del artista Gerardo Goldwasser, con curadur\u00eda de Laura Malosetti Costa y Pablo Uribe. &nbsp; Confiamos en que el proyecto PERSONA transmite, con profundidad y excelencia art\u00edstica, los conceptos propuestos por la curadora de la [&hellip;]<\/p>\n","protected":false},"author":8,"featured_media":76936,"comment_status":"closed","ping_status":"closed","sticky":false,"template":"","format":"standard","meta":{"om_disable_all_campaigns":false,"ngg_post_thumbnail":0,"jnews-multi-image_gallery":[],"jnews_single_post":{"subtitle":"","format":"standard","video":"","gallery":"","source_name":"","source_url":"","via_name":"","via_url":"","override_template":"0","override":[{"template":"1","single_blog_custom":"","parallax":"1","fullscreen":"1","layout":"right-sidebar","sidebar":"default-sidebar","second_sidebar":"default-sidebar","sticky_sidebar":"1","share_position":"top","share_float_style":"share-monocrhome","show_share_counter":"1","show_view_counter":"1","show_featured":"1","show_post_meta":"1","show_post_author":"1","show_post_author_image":"1","show_post_date":"1","post_date_format":"default","post_date_format_custom":"Y\/m\/d","show_post_category":"1","show_post_reading_time":"0","post_reading_time_wpm":"300","show_zoom_button":"0","zoom_button_out_step":"2","zoom_button_in_step":"3","show_post_tag":"1","show_prev_next_post":"1","show_popup_post":"1","number_popup_post":"1","show_author_box":"0","show_post_related":"0","show_inline_post_related":"0"}],"override_image_size":"0","image_override":[{"single_post_thumbnail_size":"crop-500","single_post_gallery_size":"crop-500"}],"trending_post":"0","trending_post_position":"meta","trending_post_label":"Trending","sponsored_post":"0","sponsored_post_label":"Sponsored by","sponsored_post_name":"","sponsored_post_url":"","sponsored_post_logo_enable":"0","sponsored_post_logo":"","sponsored_post_desc":"","disable_ad":"0"},"jnews_primary_category":{"id":"","hide":""},"jnews_social_meta":{"fb_title":"","fb_description":"","fb_image":"","twitter_title":"","twitter_description":"","twitter_image":""},"jnews_override_counter":{"override_view_counter":"0","view_counter_number":"0","override_share_counter":"0","share_counter_number":"0","override_like_counter":"0","like_counter_number":"0","override_dislike_counter":"0","dislike_counter_number":"0"},"footnotes":""},"categories":[12936],"tags":[84,15579,7543,11369,15578,15577,1071,15580,3143],"class_list":["post-76935","post","type-post","status-publish","format-standard","has-post-thumbnail","hentry","category-recomendados","tag-arte","tag-bienal-de-venecia-2022","tag-cecilia-alemani","tag-cultura-uruguaya","tag-gerardo-goldwasser","tag-laura-malosetti-costa","tag-pablo-uribe","tag-proyecto-persona","tag-venecia"],"yoast_head":"<!-- This site is optimized with the Yoast SEO plugin v27.5 - https:\/\/yoast.com\/product\/yoast-seo-wordpress\/ -->\n<title>Bienal de Venecia 2022 - 59.\u00ba Muestra Internacional de Arte - Cooltivarte Portal<\/title>\n<meta name=\"description\" content=\"El proyecto seleccionado para representar a nuestro pa\u00eds en la 59\u00b0 Exhibici\u00f3n internacional de Arte de Venecia es el proyecto PERSONA, del artista Gerardo Goldwasser, con curadur\u00eda de Laura Malosetti Costa y Pablo Uribe.\" \/>\n<meta name=\"robots\" content=\"index, follow, max-snippet:-1, max-image-preview:large, max-video-preview:-1\" \/>\n<link rel=\"canonical\" href=\"https:\/\/cooltivarte.com\/portal\/bienal-de-venecia-2022-59-o-muestra-internacional-de-arte\/\" \/>\n<meta property=\"og:locale\" content=\"es_ES\" \/>\n<meta property=\"og:type\" content=\"article\" \/>\n<meta property=\"og:title\" content=\"Bienal de Venecia 2022 - 59.\u00ba Muestra Internacional de Arte\" \/>\n<meta property=\"og:description\" content=\"El proyecto seleccionado para representar a nuestro pa\u00eds en la 59\u00b0 Exhibici\u00f3n internacional de Arte de Venecia es el proyecto PERSONA, del artista Gerardo Goldwasser, con curadur\u00eda de Laura Malosetti Costa y Pablo Uribe.\" \/>\n<meta property=\"og:url\" content=\"https:\/\/cooltivarte.com\/portal\/bienal-de-venecia-2022-59-o-muestra-internacional-de-arte\/\" \/>\n<meta property=\"og:site_name\" content=\"Cooltivarte Portal\" \/>\n<meta property=\"article:publisher\" content=\"https:\/\/www.facebook.com\/cooltivartecom\/\" \/>\n<meta property=\"article:author\" content=\"https:\/\/www.facebook.com\/cooltivartecom\" \/>\n<meta property=\"article:published_time\" content=\"2021-12-09T04:14:45+00:00\" \/>\n<meta property=\"article:modified_time\" content=\"2023-10-27T01:33:42+00:00\" \/>\n<meta property=\"og:image\" content=\"https:\/\/cooltivarte.com\/portal\/wp-content\/uploads\/2021\/12\/Bienal-de-Venecia-2022-59-Muestra-Internacional-de-Arte.png\" \/>\n\t<meta property=\"og:image:width\" content=\"945\" \/>\n\t<meta property=\"og:image:height\" content=\"495\" \/>\n\t<meta property=\"og:image:type\" content=\"image\/png\" \/>\n<meta name=\"author\" content=\"Cooltivarte\" \/>\n<meta name=\"twitter:card\" content=\"summary_large_image\" \/>\n<meta name=\"twitter:title\" content=\"Bienal de Venecia 2022 - 59.\u00ba Muestra Internacional de Arte\" \/>\n<meta name=\"twitter:description\" content=\"El proyecto seleccionado para representar a nuestro pa\u00eds en la 59\u00b0 Exhibici\u00f3n internacional de Arte de Venecia es el proyecto PERSONA, del artista Gerardo Goldwasser, con curadur\u00eda de Laura Malosetti Costa y Pablo Uribe.\" \/>\n<meta name=\"twitter:image\" content=\"https:\/\/cooltivarte.com\/portal\/wp-content\/uploads\/2021\/12\/Bienal-de-Venecia-2022-59-Muestra-Internacional-de-Arte.png\" \/>\n<meta name=\"twitter:creator\" content=\"@https:\/\/x.com\/obolocultural\" \/>\n<meta name=\"twitter:site\" content=\"@obolocultural\" \/>\n<meta name=\"twitter:label1\" content=\"Escrito por\" \/>\n\t<meta name=\"twitter:data1\" content=\"Cooltivarte\" \/>\n\t<meta name=\"twitter:label2\" content=\"Tiempo de lectura\" \/>\n\t<meta name=\"twitter:data2\" content=\"4 minutos\" \/>\n<!-- \/ Yoast SEO plugin. -->","yoast_head_json":{"title":"Bienal de Venecia 2022 - 59.\u00ba Muestra Internacional de Arte - Cooltivarte Portal","description":"El proyecto seleccionado para representar a nuestro pa\u00eds en la 59\u00b0 Exhibici\u00f3n internacional de Arte de Venecia es el proyecto PERSONA, del artista Gerardo Goldwasser, con curadur\u00eda de Laura Malosetti Costa y Pablo Uribe.","robots":{"index":"index","follow":"follow","max-snippet":"max-snippet:-1","max-image-preview":"max-image-preview:large","max-video-preview":"max-video-preview:-1"},"canonical":"https:\/\/cooltivarte.com\/portal\/bienal-de-venecia-2022-59-o-muestra-internacional-de-arte\/","og_locale":"es_ES","og_type":"article","og_title":"Bienal de Venecia 2022 - 59.\u00ba Muestra Internacional de Arte","og_description":"El proyecto seleccionado para representar a nuestro pa\u00eds en la 59\u00b0 Exhibici\u00f3n internacional de Arte de Venecia es el proyecto PERSONA, del artista Gerardo Goldwasser, con curadur\u00eda de Laura Malosetti Costa y Pablo Uribe.","og_url":"https:\/\/cooltivarte.com\/portal\/bienal-de-venecia-2022-59-o-muestra-internacional-de-arte\/","og_site_name":"Cooltivarte Portal","article_publisher":"https:\/\/www.facebook.com\/cooltivartecom\/","article_author":"https:\/\/www.facebook.com\/cooltivartecom","article_published_time":"2021-12-09T04:14:45+00:00","article_modified_time":"2023-10-27T01:33:42+00:00","og_image":[{"width":945,"height":495,"url":"https:\/\/cooltivarte.com\/portal\/wp-content\/uploads\/2021\/12\/Bienal-de-Venecia-2022-59-Muestra-Internacional-de-Arte.png","type":"image\/png"}],"author":"Cooltivarte","twitter_card":"summary_large_image","twitter_title":"Bienal de Venecia 2022 - 59.\u00ba Muestra Internacional de Arte","twitter_description":"El proyecto seleccionado para representar a nuestro pa\u00eds en la 59\u00b0 Exhibici\u00f3n internacional de Arte de Venecia es el proyecto PERSONA, del artista Gerardo Goldwasser, con curadur\u00eda de Laura Malosetti Costa y Pablo Uribe.","twitter_image":"https:\/\/cooltivarte.com\/portal\/wp-content\/uploads\/2021\/12\/Bienal-de-Venecia-2022-59-Muestra-Internacional-de-Arte.png","twitter_creator":"@https:\/\/x.com\/obolocultural","twitter_site":"@obolocultural","twitter_misc":{"Escrito por":"Cooltivarte","Tiempo de lectura":"4 minutos"},"schema":{"@context":"https:\/\/schema.org","@graph":[{"@type":"NewsArticle","@id":"https:\/\/cooltivarte.com\/portal\/bienal-de-venecia-2022-59-o-muestra-internacional-de-arte\/#article","isPartOf":{"@id":"https:\/\/cooltivarte.com\/portal\/bienal-de-venecia-2022-59-o-muestra-internacional-de-arte\/"},"author":{"name":"Cooltivarte","@id":"https:\/\/cooltivarte.com\/portal\/#\/schema\/person\/ec2a4f4e71b740d0c559c0ab9a157e19"},"headline":"Bienal de Venecia 2022 &#8211; 59.\u00ba Muestra Internacional de Arte","datePublished":"2021-12-09T04:14:45+00:00","dateModified":"2023-10-27T01:33:42+00:00","mainEntityOfPage":{"@id":"https:\/\/cooltivarte.com\/portal\/bienal-de-venecia-2022-59-o-muestra-internacional-de-arte\/"},"wordCount":671,"publisher":{"@id":"https:\/\/cooltivarte.com\/portal\/#organization"},"image":{"@id":"https:\/\/cooltivarte.com\/portal\/bienal-de-venecia-2022-59-o-muestra-internacional-de-arte\/#primaryimage"},"thumbnailUrl":"https:\/\/cooltivarte.com\/portal\/wp-content\/uploads\/2021\/12\/Bienal-de-Venecia-2022-59-Muestra-Internacional-de-Arte.png","keywords":["Arte","Bienal de Venecia 2022","Cecilia Alemani","cultura uruguaya","Gerardo Goldwasser","Laura Malosetti Costa","Pablo Uribe","proyecto PERSONA","venecia"],"articleSection":["Recomendados"],"inLanguage":"es-AR"},{"@type":"WebPage","@id":"https:\/\/cooltivarte.com\/portal\/bienal-de-venecia-2022-59-o-muestra-internacional-de-arte\/","url":"https:\/\/cooltivarte.com\/portal\/bienal-de-venecia-2022-59-o-muestra-internacional-de-arte\/","name":"Bienal de Venecia 2022 - 59.\u00ba Muestra Internacional de Arte - Cooltivarte Portal","isPartOf":{"@id":"https:\/\/cooltivarte.com\/portal\/#website"},"primaryImageOfPage":{"@id":"https:\/\/cooltivarte.com\/portal\/bienal-de-venecia-2022-59-o-muestra-internacional-de-arte\/#primaryimage"},"image":{"@id":"https:\/\/cooltivarte.com\/portal\/bienal-de-venecia-2022-59-o-muestra-internacional-de-arte\/#primaryimage"},"thumbnailUrl":"https:\/\/cooltivarte.com\/portal\/wp-content\/uploads\/2021\/12\/Bienal-de-Venecia-2022-59-Muestra-Internacional-de-Arte.png","datePublished":"2021-12-09T04:14:45+00:00","dateModified":"2023-10-27T01:33:42+00:00","description":"El proyecto seleccionado para representar a nuestro pa\u00eds en la 59\u00b0 Exhibici\u00f3n internacional de Arte de Venecia es el proyecto PERSONA, del artista Gerardo Goldwasser, con curadur\u00eda de Laura Malosetti Costa y Pablo Uribe.","breadcrumb":{"@id":"https:\/\/cooltivarte.com\/portal\/bienal-de-venecia-2022-59-o-muestra-internacional-de-arte\/#breadcrumb"},"inLanguage":"es-AR","potentialAction":[{"@type":"ReadAction","target":["https:\/\/cooltivarte.com\/portal\/bienal-de-venecia-2022-59-o-muestra-internacional-de-arte\/"]}]},{"@type":"ImageObject","inLanguage":"es-AR","@id":"https:\/\/cooltivarte.com\/portal\/bienal-de-venecia-2022-59-o-muestra-internacional-de-arte\/#primaryimage","url":"https:\/\/cooltivarte.com\/portal\/wp-content\/uploads\/2021\/12\/Bienal-de-Venecia-2022-59-Muestra-Internacional-de-Arte.png","contentUrl":"https:\/\/cooltivarte.com\/portal\/wp-content\/uploads\/2021\/12\/Bienal-de-Venecia-2022-59-Muestra-Internacional-de-Arte.png","width":945,"height":495,"caption":"Bienal de Venecia 2022 - 59 Muestra Internacional de Arte"},{"@type":"BreadcrumbList","@id":"https:\/\/cooltivarte.com\/portal\/bienal-de-venecia-2022-59-o-muestra-internacional-de-arte\/#breadcrumb","itemListElement":[{"@type":"ListItem","position":1,"name":"Portada","item":"https:\/\/cooltivarte.com\/portal\/"},{"@type":"ListItem","position":2,"name":"Bienal de Venecia 2022 &#8211; 59.\u00ba Muestra Internacional de Arte"}]},{"@type":"WebSite","@id":"https:\/\/cooltivarte.com\/portal\/#website","url":"https:\/\/cooltivarte.com\/portal\/","name":"Cooltivarte Portal","description":"Arte, cultura y turismo para el mundo ...","publisher":{"@id":"https:\/\/cooltivarte.com\/portal\/#organization"},"potentialAction":[{"@type":"SearchAction","target":{"@type":"EntryPoint","urlTemplate":"https:\/\/cooltivarte.com\/portal\/?s={search_term_string}"},"query-input":{"@type":"PropertyValueSpecification","valueRequired":true,"valueName":"search_term_string"}}],"inLanguage":"es-AR"},{"@type":"Organization","@id":"https:\/\/cooltivarte.com\/portal\/#organization","name":"cooltivarte","url":"https:\/\/cooltivarte.com\/portal\/","logo":{"@type":"ImageObject","inLanguage":"es-AR","@id":"https:\/\/cooltivarte.com\/portal\/#\/schema\/logo\/image\/","url":"https:\/\/cooltivarte.com\/portal\/wp-content\/uploads\/2020\/04\/logo-cooltivarte-v2.png","contentUrl":"https:\/\/cooltivarte.com\/portal\/wp-content\/uploads\/2020\/04\/logo-cooltivarte-v2.png","width":851,"height":243,"caption":"cooltivarte"},"image":{"@id":"https:\/\/cooltivarte.com\/portal\/#\/schema\/logo\/image\/"},"sameAs":["https:\/\/www.facebook.com\/cooltivartecom\/","https:\/\/x.com\/obolocultural","https:\/\/www.instagram.com\/_cooltivarte_\/","https:\/\/www.linkedin.com\/company\/-bolocultural?reportsuccess=8zaNG1HwhPbAR9iQhZ5rfGeqz_vQFftHun0ZWU0Wy9vNemRJ8vtcKdJvzQfW8XagyOJSKg0XvfJ1dp","https:\/\/www.pinterest.com\/cooltivarte\/","https:\/\/cooltivarte.tumblr.com\/","https:\/\/www.tiktok.com\/@cooltivarte","https:\/\/www.youtube.com\/@PrensaCooltivarte"]},{"@type":"Person","@id":"https:\/\/cooltivarte.com\/portal\/#\/schema\/person\/ec2a4f4e71b740d0c559c0ab9a157e19","name":"Cooltivarte","image":{"@type":"ImageObject","inLanguage":"es-AR","@id":"https:\/\/cooltivarte.com\/portal\/wp-content\/uploads\/2014\/05\/logo-cooltivarte-120x120.jpg","url":"https:\/\/cooltivarte.com\/portal\/wp-content\/uploads\/2014\/05\/logo-cooltivarte-120x120.jpg","contentUrl":"https:\/\/cooltivarte.com\/portal\/wp-content\/uploads\/2014\/05\/logo-cooltivarte-120x120.jpg","caption":"Cooltivarte"},"description":"Somos COOLTIVARTE.COM. Un portal digital dedicado a difundir el acontecer art\u00edstico y cultural del Uruguay. Estamos en la vuelta desde el a\u00f1o 2003, y como evoluci\u00f3n del bolet\u00edn Obolo Cultural, nos encontramos abocados a apoyar a los artistas nacionales brind\u00e1ndoles un espacio de difusi\u00f3n. Creemos en la idea de utilizar la potencialidad que hoy d\u00eda nos otorga la web, para que la cultura uruguaya y sus creadores dispongan de una din\u00e1mica ventana, que los ponga en contacto entre s\u00ed y con el mundo. Somos COOLTIVARTE.COM y pretendemos configurarnos como un portal din\u00e1mico, entretenido y atento a los nuevos emprendimientos, que busque siempre la interacci\u00f3n con los artistas.","sameAs":["http:\/\/www.cooltivarte.com","https:\/\/www.facebook.com\/cooltivartecom","https:\/\/www.instagram.com\/_cooltivarte_\/","https:\/\/www.linkedin.com\/company\/-bolocultural","https:\/\/www.pinterest.com\/cooltivarte\/","https:\/\/x.com\/https:\/\/x.com\/obolocultural","https:\/\/www.youtube.com\/@PrensaCooltivarte","https:\/\/www.tumblr.com\/blog\/cooltivarte"],"url":"https:\/\/cooltivarte.com\/portal\/author\/cooltivarte\/"}]}},"_links":{"self":[{"href":"https:\/\/cooltivarte.com\/portal\/wp-json\/wp\/v2\/posts\/76935","targetHints":{"allow":["GET"]}}],"collection":[{"href":"https:\/\/cooltivarte.com\/portal\/wp-json\/wp\/v2\/posts"}],"about":[{"href":"https:\/\/cooltivarte.com\/portal\/wp-json\/wp\/v2\/types\/post"}],"author":[{"embeddable":true,"href":"https:\/\/cooltivarte.com\/portal\/wp-json\/wp\/v2\/users\/8"}],"replies":[{"embeddable":true,"href":"https:\/\/cooltivarte.com\/portal\/wp-json\/wp\/v2\/comments?post=76935"}],"version-history":[{"count":14,"href":"https:\/\/cooltivarte.com\/portal\/wp-json\/wp\/v2\/posts\/76935\/revisions"}],"predecessor-version":[{"id":94757,"href":"https:\/\/cooltivarte.com\/portal\/wp-json\/wp\/v2\/posts\/76935\/revisions\/94757"}],"wp:featuredmedia":[{"embeddable":true,"href":"https:\/\/cooltivarte.com\/portal\/wp-json\/wp\/v2\/media\/76936"}],"wp:attachment":[{"href":"https:\/\/cooltivarte.com\/portal\/wp-json\/wp\/v2\/media?parent=76935"}],"wp:term":[{"taxonomy":"category","embeddable":true,"href":"https:\/\/cooltivarte.com\/portal\/wp-json\/wp\/v2\/categories?post=76935"},{"taxonomy":"post_tag","embeddable":true,"href":"https:\/\/cooltivarte.com\/portal\/wp-json\/wp\/v2\/tags?post=76935"}],"curies":[{"name":"wp","href":"https:\/\/api.w.org\/{rel}","templated":true}]}}