{"id":76615,"date":"2021-12-01T16:03:47","date_gmt":"2021-12-01T19:03:47","guid":{"rendered":"https:\/\/cooltivarte.com\/portal\/?p=76615"},"modified":"2023-11-01T15:24:32","modified_gmt":"2023-11-01T18:24:32","slug":"gran-premio-nacional-a-la-labor-intelectual-a-ida-vitale-viernes-3-12-1230-horas","status":"publish","type":"post","link":"https:\/\/cooltivarte.com\/portal\/gran-premio-nacional-a-la-labor-intelectual-a-ida-vitale-viernes-3-12-1230-horas\/","title":{"rendered":"Gran Premio Nacional a la Labor Intelectual a Ida Vitale &#8211; Viernes 3\/12  &#8211; 12:30 horas"},"content":{"rendered":"<div class=\"kvgmc6g5 cxmmr5t8 oygrvhab hcukyx3x c1et5uql ii04i59q\">\n<div dir=\"auto\">Este viernes 3 a las 12:30 h, en el Museo de Artes Decorativas &#8211; Palacio Taranco se entregar\u00e1 el<strong> Gran Premio Nacional a la Labor Intelectual a <a href=\"https:\/\/cooltivarte.com\/portal\/?s=Ida+Vitale\" target=\"_blank\" rel=\"noopener\">Ida Vitale<\/a>.<\/strong><\/div>\n<\/div>\n<div class=\"o9v6fnle cxmmr5t8 oygrvhab hcukyx3x c1et5uql ii04i59q\">\n<div dir=\"auto\">La escritora, poeta, traductora y ensayista recibir\u00e1 este galard\u00f3n que se otorga cada tres a\u00f1os a personalidades destacadas en actividades culturales con el fin de reconocer la excelencia, creatividad y contribuci\u00f3n a la cultura nacional.<\/div>\n<\/div>\n<div class=\"o9v6fnle cxmmr5t8 oygrvhab hcukyx3x c1et5uql ii04i59q\">\n<div dir=\"auto\">&nbsp;<\/div>\n<div dir=\"auto\">Transmisi\u00f3n en vivo aqu\u00ed:<\/div>\n<div dir=\"auto\">&nbsp;<\/div>\n<\/div>\n<div dir=\"auto\" style=\"text-align: center;\"><iframe title=\"YouTube video player\" src=\"https:\/\/www.youtube.com\/embed\/yW1V_gMVqs0\" width=\"560\" height=\"315\" frameborder=\"0\" allowfullscreen=\"allowfullscreen\"><\/iframe><\/div>\n<div dir=\"auto\">\n<p>La Direcci\u00f3n Nacional de Cultura, del Ministerio de Educaci\u00f3n y Cultura, otorga el Gran Premio Nacional a la Labor Intelectual -cada tres a\u00f1os- a personalidades destacadas en actividades culturales, que hayan significado honor para la Rep\u00fablica por la obra realizada a lo largo de su vida.<\/p>\n<p>La escritora, poeta, traductora y ensayista Ida Vitale, es la seleccionada a recibir el Gran Premio Nacional a la Labor Intelectual 2021.<\/p>\n<p><strong>Distinciones de otros a\u00f1os:<\/strong><\/p>\n<p>Gran Premio Nacional a la Labor Intelectual 2009<br \/>\nFue adjudicado a<strong> Jos\u00e9 Pedro Barr\u00e1n<\/strong><\/p>\n<p>Gran Premio Nacional a la Labor Intelectual 2012<br \/>\nFue adjudicado a <strong>Washington Benavides y Rodolfo Gambini<\/strong><\/p>\n<p>Gran Premio Nacional a la Labor Intelectual 2015<br \/>\nFue adjudicado a <strong>Circe Maia<\/strong><\/p>\n<p>Gran Premio Nacional a la Labor Intelectual 2018<br \/>\nFue adjudicado a <strong>Daniel Vidart<\/strong><\/p>\n<\/div>\n<p>&nbsp;<\/p>\n<p>&nbsp;<\/p>\n","protected":false},"excerpt":{"rendered":"<p>Este viernes 3 a las 12:30 h, en el Museo de Artes Decorativas &#8211; Palacio Taranco se entregar\u00e1 el Gran Premio Nacional a la Labor Intelectual a Ida Vitale. La escritora, poeta, traductora y ensayista recibir\u00e1 este galard\u00f3n que se otorga cada tres a\u00f1os a personalidades destacadas en actividades culturales con el fin de reconocer [&hellip;]<\/p>\n","protected":false},"author":8,"featured_media":76616,"comment_status":"closed","ping_status":"closed","sticky":false,"template":"","format":"standard","meta":{"om_disable_all_campaigns":false,"ngg_post_thumbnail":0,"jnews-multi-image_gallery":[],"jnews_single_post":{"subtitle":"","format":"standard","video":"","gallery":"","source_name":"","source_url":"","via_name":"","via_url":"","override_template":"0","override":[{"template":"1","single_blog_custom":"","parallax":"1","fullscreen":"1","layout":"right-sidebar","sidebar":"default-sidebar","second_sidebar":"default-sidebar","sticky_sidebar":"1","share_position":"top","share_float_style":"share-monocrhome","show_share_counter":"1","show_view_counter":"1","show_featured":"1","show_post_meta":"1","show_post_author":"1","show_post_author_image":"1","show_post_date":"1","post_date_format":"default","post_date_format_custom":"Y\/m\/d","show_post_category":"1","show_post_reading_time":"0","post_reading_time_wpm":"300","show_zoom_button":"0","zoom_button_out_step":"2","zoom_button_in_step":"3","show_post_tag":"1","show_prev_next_post":"1","show_popup_post":"1","number_popup_post":"1","show_author_box":"0","show_post_related":"0","show_inline_post_related":"0"}],"override_image_size":"0","image_override":[{"single_post_thumbnail_size":"crop-500","single_post_gallery_size":"crop-500"}],"trending_post":"0","trending_post_position":"meta","trending_post_label":"Trending","sponsored_post":"0","sponsored_post_label":"Sponsored by","sponsored_post_name":"","sponsored_post_url":"","sponsored_post_logo_enable":"0","sponsored_post_logo":"","sponsored_post_desc":"","disable_ad":"0"},"jnews_primary_category":{"id":"","hide":""},"jnews_social_meta":{"fb_title":"","fb_description":"","fb_image":"","twitter_title":"","twitter_description":"","twitter_image":""},"jnews_override_counter":{"override_view_counter":"0","view_counter_number":"0","override_share_counter":"0","share_counter_number":"0","override_like_counter":"0","like_counter_number":"0","override_dislike_counter":"0","dislike_counter_number":"0"},"footnotes":""},"categories":[56],"tags":[3677,15456,1118,15447,6139,1119,15457,12022],"class_list":["post-76615","post","type-post","status-publish","format-standard","has-post-thumbnail","hentry","category-narradores","tag-circe-maia","tag-daniel-vidart","tag-direccion-nacional-de-cultura","tag-gran-premio-nacional-a-la-labor-intelectual","tag-ida-vitale","tag-ministerio-de-educacion-y-cultura","tag-rodolfo-gambini","tag-washington-benavides"],"yoast_head":"<!-- This site is optimized with the Yoast SEO plugin v27.5 - https:\/\/yoast.com\/product\/yoast-seo-wordpress\/ -->\n<title>Gran Premio Nacional a la Labor Intelectual a Ida Vitale - Viernes 3\/12 - 12:30 horas - Cooltivarte Portal<\/title>\n<meta name=\"description\" content=\"Este viernes 3 a las 12:30 h, en el Museo de Artes Decorativas - Palacio Taranco se entregar\u00e1 el Gran Premio Nacional a la Labor Intelectual a Ida Vitale.La escritora, poeta, traductora y ensayista recibir\u00e1 este galard\u00f3n que se otorga cada tres a\u00f1os a personalidades destacadas en actividades culturales con el fin de reconocer la excelencia, creatividad y contribuci\u00f3n a la cultura nacional.\" \/>\n<meta name=\"robots\" content=\"index, follow, max-snippet:-1, max-image-preview:large, max-video-preview:-1\" \/>\n<link rel=\"canonical\" href=\"https:\/\/cooltivarte.com\/portal\/gran-premio-nacional-a-la-labor-intelectual-a-ida-vitale-viernes-3-12-1230-horas\/\" \/>\n<meta property=\"og:locale\" content=\"es_ES\" \/>\n<meta property=\"og:type\" content=\"article\" \/>\n<meta property=\"og:title\" content=\"Gran Premio Nacional a la Labor Intelectual a Ida Vitale - Viernes 3\/12 - 12:30 horas\" \/>\n<meta property=\"og:description\" content=\"Este viernes 3 a las 12:30 h, en el Museo de Artes Decorativas - Palacio Taranco se entregar\u00e1 el Gran Premio Nacional a la Labor Intelectual a Ida Vitale.La escritora, poeta, traductora y ensayista recibir\u00e1 este galard\u00f3n que se otorga cada tres a\u00f1os a personalidades destacadas en actividades culturales con el fin de reconocer la excelencia, creatividad y contribuci\u00f3n a la cultura nacional.\" \/>\n<meta property=\"og:url\" content=\"https:\/\/cooltivarte.com\/portal\/gran-premio-nacional-a-la-labor-intelectual-a-ida-vitale-viernes-3-12-1230-horas\/\" \/>\n<meta property=\"og:site_name\" content=\"Cooltivarte Portal\" \/>\n<meta property=\"article:publisher\" content=\"https:\/\/www.facebook.com\/cooltivartecom\/\" \/>\n<meta property=\"article:author\" content=\"https:\/\/www.facebook.com\/cooltivartecom\" \/>\n<meta property=\"article:published_time\" content=\"2021-12-01T19:03:47+00:00\" \/>\n<meta property=\"article:modified_time\" content=\"2023-11-01T18:24:32+00:00\" \/>\n<meta property=\"og:image\" content=\"https:\/\/cooltivarte.com\/portal\/wp-content\/uploads\/2021\/12\/263516056_273388568158673_2369156453343463800_n.jpg\" \/>\n\t<meta property=\"og:image:width\" content=\"1201\" \/>\n\t<meta property=\"og:image:height\" content=\"629\" \/>\n\t<meta property=\"og:image:type\" content=\"image\/jpeg\" \/>\n<meta name=\"author\" content=\"Cooltivarte\" \/>\n<meta name=\"twitter:card\" content=\"summary_large_image\" \/>\n<meta name=\"twitter:title\" content=\"Gran Premio Nacional a la Labor Intelectual a Ida Vitale - Viernes 3\/12 - 12:30 horas\" \/>\n<meta name=\"twitter:description\" content=\"Este viernes 3 a las 12:30 h, en el Museo de Artes Decorativas - Palacio Taranco se entregar\u00e1 el Gran Premio Nacional a la Labor Intelectual a Ida Vitale.La escritora, poeta, traductora y ensayista recibir\u00e1 este galard\u00f3n que se otorga cada tres a\u00f1os a personalidades destacadas en actividades culturales con el fin de reconocer la excelencia, creatividad y contribuci\u00f3n a la cultura nacional.\" \/>\n<meta name=\"twitter:image\" content=\"https:\/\/cooltivarte.com\/portal\/wp-content\/uploads\/2021\/12\/263516056_273388568158673_2369156453343463800_n.jpg\" \/>\n<meta name=\"twitter:creator\" content=\"@https:\/\/x.com\/obolocultural\" \/>\n<meta name=\"twitter:site\" content=\"@obolocultural\" \/>\n<meta name=\"twitter:label1\" content=\"Escrito por\" \/>\n\t<meta name=\"twitter:data1\" content=\"Cooltivarte\" \/>\n\t<meta name=\"twitter:label2\" content=\"Tiempo de lectura\" \/>\n\t<meta name=\"twitter:data2\" content=\"1 minuto\" \/>\n<!-- \/ Yoast SEO plugin. -->","yoast_head_json":{"title":"Gran Premio Nacional a la Labor Intelectual a Ida Vitale - Viernes 3\/12 - 12:30 horas - Cooltivarte Portal","description":"Este viernes 3 a las 12:30 h, en el Museo de Artes Decorativas - Palacio Taranco se entregar\u00e1 el Gran Premio Nacional a la Labor Intelectual a Ida Vitale.La escritora, poeta, traductora y ensayista recibir\u00e1 este galard\u00f3n que se otorga cada tres a\u00f1os a personalidades destacadas en actividades culturales con el fin de reconocer la excelencia, creatividad y contribuci\u00f3n a la cultura nacional.","robots":{"index":"index","follow":"follow","max-snippet":"max-snippet:-1","max-image-preview":"max-image-preview:large","max-video-preview":"max-video-preview:-1"},"canonical":"https:\/\/cooltivarte.com\/portal\/gran-premio-nacional-a-la-labor-intelectual-a-ida-vitale-viernes-3-12-1230-horas\/","og_locale":"es_ES","og_type":"article","og_title":"Gran Premio Nacional a la Labor Intelectual a Ida Vitale - Viernes 3\/12 - 12:30 horas","og_description":"Este viernes 3 a las 12:30 h, en el Museo de Artes Decorativas - Palacio Taranco se entregar\u00e1 el Gran Premio Nacional a la Labor Intelectual a Ida Vitale.La escritora, poeta, traductora y ensayista recibir\u00e1 este galard\u00f3n que se otorga cada tres a\u00f1os a personalidades destacadas en actividades culturales con el fin de reconocer la excelencia, creatividad y contribuci\u00f3n a la cultura nacional.","og_url":"https:\/\/cooltivarte.com\/portal\/gran-premio-nacional-a-la-labor-intelectual-a-ida-vitale-viernes-3-12-1230-horas\/","og_site_name":"Cooltivarte Portal","article_publisher":"https:\/\/www.facebook.com\/cooltivartecom\/","article_author":"https:\/\/www.facebook.com\/cooltivartecom","article_published_time":"2021-12-01T19:03:47+00:00","article_modified_time":"2023-11-01T18:24:32+00:00","og_image":[{"width":1201,"height":629,"url":"https:\/\/cooltivarte.com\/portal\/wp-content\/uploads\/2021\/12\/263516056_273388568158673_2369156453343463800_n.jpg","type":"image\/jpeg"}],"author":"Cooltivarte","twitter_card":"summary_large_image","twitter_title":"Gran Premio Nacional a la Labor Intelectual a Ida Vitale - Viernes 3\/12 - 12:30 horas","twitter_description":"Este viernes 3 a las 12:30 h, en el Museo de Artes Decorativas - Palacio Taranco se entregar\u00e1 el Gran Premio Nacional a la Labor Intelectual a Ida Vitale.La escritora, poeta, traductora y ensayista recibir\u00e1 este galard\u00f3n que se otorga cada tres a\u00f1os a personalidades destacadas en actividades culturales con el fin de reconocer la excelencia, creatividad y contribuci\u00f3n a la cultura nacional.","twitter_image":"https:\/\/cooltivarte.com\/portal\/wp-content\/uploads\/2021\/12\/263516056_273388568158673_2369156453343463800_n.jpg","twitter_creator":"@https:\/\/x.com\/obolocultural","twitter_site":"@obolocultural","twitter_misc":{"Escrito por":"Cooltivarte","Tiempo de lectura":"1 minuto"},"schema":{"@context":"https:\/\/schema.org","@graph":[{"@type":"NewsArticle","@id":"https:\/\/cooltivarte.com\/portal\/gran-premio-nacional-a-la-labor-intelectual-a-ida-vitale-viernes-3-12-1230-horas\/#article","isPartOf":{"@id":"https:\/\/cooltivarte.com\/portal\/gran-premio-nacional-a-la-labor-intelectual-a-ida-vitale-viernes-3-12-1230-horas\/"},"author":{"name":"Cooltivarte","@id":"https:\/\/cooltivarte.com\/portal\/#\/schema\/person\/ec2a4f4e71b740d0c559c0ab9a157e19"},"headline":"Gran Premio Nacional a la Labor Intelectual a Ida Vitale &#8211; Viernes 3\/12 &#8211; 12:30 horas","datePublished":"2021-12-01T19:03:47+00:00","dateModified":"2023-11-01T18:24:32+00:00","mainEntityOfPage":{"@id":"https:\/\/cooltivarte.com\/portal\/gran-premio-nacional-a-la-labor-intelectual-a-ida-vitale-viernes-3-12-1230-horas\/"},"wordCount":217,"publisher":{"@id":"https:\/\/cooltivarte.com\/portal\/#organization"},"image":{"@id":"https:\/\/cooltivarte.com\/portal\/gran-premio-nacional-a-la-labor-intelectual-a-ida-vitale-viernes-3-12-1230-horas\/#primaryimage"},"thumbnailUrl":"https:\/\/cooltivarte.com\/portal\/wp-content\/uploads\/2021\/12\/263516056_273388568158673_2369156453343463800_n.jpg","keywords":["circe maia","Daniel Vidart","Direcci\u00f3n Nacional de Cultura","Gran Premio Nacional a la Labor Intelectual","Ida Vitale","Ministerio de Educaci\u00f3n y Cultura","Rodolfo Gambini","Washington Benavides"],"articleSection":["Literatura"],"inLanguage":"es-AR"},{"@type":"WebPage","@id":"https:\/\/cooltivarte.com\/portal\/gran-premio-nacional-a-la-labor-intelectual-a-ida-vitale-viernes-3-12-1230-horas\/","url":"https:\/\/cooltivarte.com\/portal\/gran-premio-nacional-a-la-labor-intelectual-a-ida-vitale-viernes-3-12-1230-horas\/","name":"Gran Premio Nacional a la Labor Intelectual a Ida Vitale - Viernes 3\/12 - 12:30 horas - Cooltivarte Portal","isPartOf":{"@id":"https:\/\/cooltivarte.com\/portal\/#website"},"primaryImageOfPage":{"@id":"https:\/\/cooltivarte.com\/portal\/gran-premio-nacional-a-la-labor-intelectual-a-ida-vitale-viernes-3-12-1230-horas\/#primaryimage"},"image":{"@id":"https:\/\/cooltivarte.com\/portal\/gran-premio-nacional-a-la-labor-intelectual-a-ida-vitale-viernes-3-12-1230-horas\/#primaryimage"},"thumbnailUrl":"https:\/\/cooltivarte.com\/portal\/wp-content\/uploads\/2021\/12\/263516056_273388568158673_2369156453343463800_n.jpg","datePublished":"2021-12-01T19:03:47+00:00","dateModified":"2023-11-01T18:24:32+00:00","description":"Este viernes 3 a las 12:30 h, en el Museo de Artes Decorativas - Palacio Taranco se entregar\u00e1 el Gran Premio Nacional a la Labor Intelectual a Ida Vitale.La escritora, poeta, traductora y ensayista recibir\u00e1 este galard\u00f3n que se otorga cada tres a\u00f1os a personalidades destacadas en actividades culturales con el fin de reconocer la excelencia, creatividad y contribuci\u00f3n a la cultura nacional.","breadcrumb":{"@id":"https:\/\/cooltivarte.com\/portal\/gran-premio-nacional-a-la-labor-intelectual-a-ida-vitale-viernes-3-12-1230-horas\/#breadcrumb"},"inLanguage":"es-AR","potentialAction":[{"@type":"ReadAction","target":["https:\/\/cooltivarte.com\/portal\/gran-premio-nacional-a-la-labor-intelectual-a-ida-vitale-viernes-3-12-1230-horas\/"]}]},{"@type":"ImageObject","inLanguage":"es-AR","@id":"https:\/\/cooltivarte.com\/portal\/gran-premio-nacional-a-la-labor-intelectual-a-ida-vitale-viernes-3-12-1230-horas\/#primaryimage","url":"https:\/\/cooltivarte.com\/portal\/wp-content\/uploads\/2021\/12\/263516056_273388568158673_2369156453343463800_n.jpg","contentUrl":"https:\/\/cooltivarte.com\/portal\/wp-content\/uploads\/2021\/12\/263516056_273388568158673_2369156453343463800_n.jpg","width":1201,"height":629,"caption":"Gran Premio Nacional a la Labor Intelectual a Ida Vitale"},{"@type":"BreadcrumbList","@id":"https:\/\/cooltivarte.com\/portal\/gran-premio-nacional-a-la-labor-intelectual-a-ida-vitale-viernes-3-12-1230-horas\/#breadcrumb","itemListElement":[{"@type":"ListItem","position":1,"name":"Portada","item":"https:\/\/cooltivarte.com\/portal\/"},{"@type":"ListItem","position":2,"name":"Gran Premio Nacional a la Labor Intelectual a Ida Vitale &#8211; Viernes 3\/12 &#8211; 12:30 horas"}]},{"@type":"WebSite","@id":"https:\/\/cooltivarte.com\/portal\/#website","url":"https:\/\/cooltivarte.com\/portal\/","name":"Cooltivarte Portal","description":"Arte, cultura y turismo para el mundo ...","publisher":{"@id":"https:\/\/cooltivarte.com\/portal\/#organization"},"potentialAction":[{"@type":"SearchAction","target":{"@type":"EntryPoint","urlTemplate":"https:\/\/cooltivarte.com\/portal\/?s={search_term_string}"},"query-input":{"@type":"PropertyValueSpecification","valueRequired":true,"valueName":"search_term_string"}}],"inLanguage":"es-AR"},{"@type":"Organization","@id":"https:\/\/cooltivarte.com\/portal\/#organization","name":"cooltivarte","url":"https:\/\/cooltivarte.com\/portal\/","logo":{"@type":"ImageObject","inLanguage":"es-AR","@id":"https:\/\/cooltivarte.com\/portal\/#\/schema\/logo\/image\/","url":"https:\/\/cooltivarte.com\/portal\/wp-content\/uploads\/2020\/04\/logo-cooltivarte-v2.png","contentUrl":"https:\/\/cooltivarte.com\/portal\/wp-content\/uploads\/2020\/04\/logo-cooltivarte-v2.png","width":851,"height":243,"caption":"cooltivarte"},"image":{"@id":"https:\/\/cooltivarte.com\/portal\/#\/schema\/logo\/image\/"},"sameAs":["https:\/\/www.facebook.com\/cooltivartecom\/","https:\/\/x.com\/obolocultural","https:\/\/www.instagram.com\/_cooltivarte_\/","https:\/\/www.linkedin.com\/company\/-bolocultural?reportsuccess=8zaNG1HwhPbAR9iQhZ5rfGeqz_vQFftHun0ZWU0Wy9vNemRJ8vtcKdJvzQfW8XagyOJSKg0XvfJ1dp","https:\/\/www.pinterest.com\/cooltivarte\/","https:\/\/cooltivarte.tumblr.com\/","https:\/\/www.tiktok.com\/@cooltivarte","https:\/\/www.youtube.com\/@PrensaCooltivarte"]},{"@type":"Person","@id":"https:\/\/cooltivarte.com\/portal\/#\/schema\/person\/ec2a4f4e71b740d0c559c0ab9a157e19","name":"Cooltivarte","image":{"@type":"ImageObject","inLanguage":"es-AR","@id":"https:\/\/cooltivarte.com\/portal\/wp-content\/uploads\/2014\/05\/logo-cooltivarte-120x120.jpg","url":"https:\/\/cooltivarte.com\/portal\/wp-content\/uploads\/2014\/05\/logo-cooltivarte-120x120.jpg","contentUrl":"https:\/\/cooltivarte.com\/portal\/wp-content\/uploads\/2014\/05\/logo-cooltivarte-120x120.jpg","caption":"Cooltivarte"},"description":"Somos COOLTIVARTE.COM. Un portal digital dedicado a difundir el acontecer art\u00edstico y cultural del Uruguay. Estamos en la vuelta desde el a\u00f1o 2003, y como evoluci\u00f3n del bolet\u00edn Obolo Cultural, nos encontramos abocados a apoyar a los artistas nacionales brind\u00e1ndoles un espacio de difusi\u00f3n. Creemos en la idea de utilizar la potencialidad que hoy d\u00eda nos otorga la web, para que la cultura uruguaya y sus creadores dispongan de una din\u00e1mica ventana, que los ponga en contacto entre s\u00ed y con el mundo. Somos COOLTIVARTE.COM y pretendemos configurarnos como un portal din\u00e1mico, entretenido y atento a los nuevos emprendimientos, que busque siempre la interacci\u00f3n con los artistas.","sameAs":["http:\/\/www.cooltivarte.com","https:\/\/www.facebook.com\/cooltivartecom","https:\/\/www.instagram.com\/_cooltivarte_\/","https:\/\/www.linkedin.com\/company\/-bolocultural","https:\/\/www.pinterest.com\/cooltivarte\/","https:\/\/x.com\/https:\/\/x.com\/obolocultural","https:\/\/www.youtube.com\/@PrensaCooltivarte","https:\/\/www.tumblr.com\/blog\/cooltivarte"],"url":"https:\/\/cooltivarte.com\/portal\/author\/cooltivarte\/"}]}},"_links":{"self":[{"href":"https:\/\/cooltivarte.com\/portal\/wp-json\/wp\/v2\/posts\/76615","targetHints":{"allow":["GET"]}}],"collection":[{"href":"https:\/\/cooltivarte.com\/portal\/wp-json\/wp\/v2\/posts"}],"about":[{"href":"https:\/\/cooltivarte.com\/portal\/wp-json\/wp\/v2\/types\/post"}],"author":[{"embeddable":true,"href":"https:\/\/cooltivarte.com\/portal\/wp-json\/wp\/v2\/users\/8"}],"replies":[{"embeddable":true,"href":"https:\/\/cooltivarte.com\/portal\/wp-json\/wp\/v2\/comments?post=76615"}],"version-history":[{"count":7,"href":"https:\/\/cooltivarte.com\/portal\/wp-json\/wp\/v2\/posts\/76615\/revisions"}],"predecessor-version":[{"id":95228,"href":"https:\/\/cooltivarte.com\/portal\/wp-json\/wp\/v2\/posts\/76615\/revisions\/95228"}],"wp:featuredmedia":[{"embeddable":true,"href":"https:\/\/cooltivarte.com\/portal\/wp-json\/wp\/v2\/media\/76616"}],"wp:attachment":[{"href":"https:\/\/cooltivarte.com\/portal\/wp-json\/wp\/v2\/media?parent=76615"}],"wp:term":[{"taxonomy":"category","embeddable":true,"href":"https:\/\/cooltivarte.com\/portal\/wp-json\/wp\/v2\/categories?post=76615"},{"taxonomy":"post_tag","embeddable":true,"href":"https:\/\/cooltivarte.com\/portal\/wp-json\/wp\/v2\/tags?post=76615"}],"curies":[{"name":"wp","href":"https:\/\/api.w.org\/{rel}","templated":true}]}}