{"id":76298,"date":"2021-11-22T20:06:08","date_gmt":"2021-11-22T23:06:08","guid":{"rendered":"https:\/\/cooltivarte.com\/portal\/?p=76298"},"modified":"2021-11-22T20:06:46","modified_gmt":"2021-11-22T23:06:46","slug":"luciano-pereyra-en-uruguay","status":"publish","type":"post","link":"https:\/\/cooltivarte.com\/portal\/luciano-pereyra-en-uruguay\/","title":{"rendered":"LUCIANO PEREYRA EN URUGUAY"},"content":{"rendered":"<h3>LUCIANO PEREYRA EN URUGUAY<br \/>\nNUEVA FECHA<br \/>\n26 y 27 de noviembre :: ANTEL ARENA<\/h3>\n<p>&nbsp;<\/p>\n<p><a href=\"https:\/\/tickantel.com.uy\/inicio\/espectaculo\/40009962\/espectaculo\/Luciano%20Pereyra%20Tour%202021?1\" target=\"_blank\" rel=\"noopener\">Entradas en venta a trav\u00e9s de Tickantel<\/a><\/p>\n<p><a href=\"https:\/\/cooltivarte.com\/portal\/?s=Luciano+Pereyra\" target=\"_blank\" rel=\"noopener\">Luciano Pereyra<\/a>, el artista argentino de mayor crecimiento y proyecci\u00f3n de la \u00faltima d\u00e9cada retorna a Montevideo a 2 a\u00f1os de haber agotado el <strong>Antel Arena<\/strong> en 2019 con 7.800 tickets vendidos.<\/p>\n<p>Tras el parate por la pandemia el \u00eddolo de Luj\u00e1n llega al principal estadio cerrado de la capital del Uruguay, el Antel Arena con su tour \u201cDe ahora en adelante\u201d el cual presentar\u00e1 en dos noches de fiesta,<strong> viernes 26 y s\u00e1bado 27 de noviembre<\/strong>.<\/p>\n<p>Con su excelente banda de 11 m\u00fasicos <strong>Luciano Pereyra<\/strong> trae los mejores temas de sus 20 a\u00f1os de carrera y los nuevos \u00e9xitos de 2020 y 2021.<\/p>\n<p>Canciones como \u201cTu Mano\u201d, \u201cEns\u00e9\u00f1ame a Vivir Sin Ti\u201d, \u201cEs Mi Culpa\u201d, \u201cSer\u00e9\u201d, \u201cEl Vestido Rojo\u201d, \u201dQue suerte tiene \u00e9l\u201d, \u201cC\u00f3mo T\u00fa\u201d, \u201cQu\u00e9date conmigo\u201d y \u201cMe mentiste\u201d entre otros, dar\u00e1n el soporte para disfrutar de sus lanzamientos en tiempo de pandemia, \u201cEres perfecta\u201d, \u201cComo siempre\u201d, \u201cTe est\u00e1s enamorando de mi\u201d y \u201cMe enamor\u00e9 de ti\u201d, una exquisita grabaci\u00f3n con el virtuoso pianista chino, Lang Lang. El show asimismo marcar\u00e1 el estreno de \u201cPara qu\u00e9 quiere volver\u201d lanzado el 20 de octubre de 2021.<\/p>\n<p>De ahora en adelante\u201d se estrena con 12 shows en el Estadio Luna Park de Buenos Aires en octubre y noviembre y 1 Movistar Arena en Santiago de chile, pa\u00eds donde su crecimiento es exponencial tras su actuaci\u00f3n en Vi\u00f1a del Mar en febrero 2020 y la explosi\u00f3n de su versi\u00f3n de \u201cElla ya me olvid\u00f3\u201d de Leonardo Favio, tema central de la telenovela chilena, \u201cYo soy Lorenzo\u201d.<\/p>\n<p><strong>Luciano Pereyra<\/strong> vuelve a Montevideo precedido del show m\u00e1s importante del verano 2020 en el Campus de Punta del Este donde tuviera como invitado especial a Agust\u00edn Casanova. Desde 2016 y con la realizaci\u00f3n de Ch\u00e9vere Producciones agot\u00f3 localidades de todos sus shows en Montevideo con semanas de antelaci\u00f3n, y esta no ser\u00e1 la excepci\u00f3n. Adquir\u00ed ya tus entradas por Tickantel, compralas v\u00eda web, o en Abitab, Red Pagos, Tiendas Antel y en boleter\u00edas del Antel Arena en efectivo o con financiaci\u00f3n de VISA en 6 pagos y OCA en 3 cuotas.<\/p>\n<p>La previa de Luciano Pereyra estar\u00e1 amenizada por el joven cantautor Joaqu\u00edn Bardanca quien presentar\u00e1 lo mejor de su primer disco \u201cCuenta pendiente\u201d lanzado en diciembre de 2020.<\/p>\n<p>MUY IMPORTANTE:<\/p>\n<p>Por la nueva configuraci\u00f3n de aforos todas las localidades adquiridas antes del 16 de setiembre de 2021 no tienen validez para el acceso, deben ser canjeadas por la web de Tickantel.<\/p>\n<p>El evento est\u00e1 habilitado para p\u00fablico en general<\/p>\n<p>&nbsp;<\/p>\n<p>&nbsp;<\/p>\n","protected":false},"excerpt":{"rendered":"<p>LUCIANO PEREYRA EN URUGUAY NUEVA FECHA 26 y 27 de noviembre :: ANTEL ARENA &nbsp; Entradas en venta a trav\u00e9s de Tickantel Luciano Pereyra, el artista argentino de mayor crecimiento y proyecci\u00f3n de la \u00faltima d\u00e9cada retorna a Montevideo a 2 a\u00f1os de haber agotado el Antel Arena en 2019 con 7.800 tickets vendidos. Tras [&hellip;]<\/p>\n","protected":false},"author":8,"featured_media":76299,"comment_status":"closed","ping_status":"closed","sticky":false,"template":"","format":"standard","meta":{"om_disable_all_campaigns":false,"ngg_post_thumbnail":0,"jnews-multi-image_gallery":[],"jnews_single_post":{"subtitle":"26 y 27 de noviembre - ANTEL ARENA","format":"standard","video":"","gallery":"","source_name":"","source_url":"","via_name":"","via_url":"","override_template":"0","override":[{"template":"1","single_blog_custom":"","parallax":"1","fullscreen":"1","layout":"right-sidebar","sidebar":"default-sidebar","second_sidebar":"default-sidebar","sticky_sidebar":"1","share_position":"top","share_float_style":"share-monocrhome","show_share_counter":"1","show_view_counter":"1","show_featured":"1","show_post_meta":"1","show_post_author":"1","show_post_author_image":"1","show_post_date":"1","post_date_format":"default","post_date_format_custom":"Y\/m\/d","show_post_category":"1","show_post_reading_time":"0","post_reading_time_wpm":"300","show_zoom_button":"0","zoom_button_out_step":"2","zoom_button_in_step":"3","show_post_tag":"1","show_prev_next_post":"1","show_popup_post":"1","number_popup_post":"1","show_author_box":"0","show_post_related":"0","show_inline_post_related":"0"}],"override_image_size":"0","image_override":[{"single_post_thumbnail_size":"crop-500","single_post_gallery_size":"crop-500"}],"trending_post":"0","trending_post_position":"meta","trending_post_label":"Trending","sponsored_post":"0","sponsored_post_label":"Sponsored by","sponsored_post_name":"","sponsored_post_url":"","sponsored_post_logo_enable":"0","sponsored_post_logo":"","sponsored_post_desc":""},"jnews_primary_category":{"id":""},"jnews_social_meta":{"fb_title":"","fb_description":"","fb_image":"","twitter_title":"","twitter_description":"","twitter_image":""},"jnews_override_counter":{"override_view_counter":"0","view_counter_number":"0","override_share_counter":"0","share_counter_number":"0","override_like_counter":"0","like_counter_number":"0","override_dislike_counter":"0","dislike_counter_number":"0"},"footnotes":""},"categories":[3394],"tags":[7467,8917,4394],"class_list":["post-76298","post","type-post","status-publish","format-standard","has-post-thumbnail","hentry","category-eventos","tag-antel-arena","tag-entradas-en-venta","tag-luciano-pereyra"],"yoast_head":"<!-- This site is optimized with the Yoast SEO plugin v27.5 - https:\/\/yoast.com\/product\/yoast-seo-wordpress\/ -->\n<title>LUCIANO PEREYRA EN URUGUAY - Cooltivarte Portal<\/title>\n<meta name=\"description\" content=\"LUCIANO PEREYRA EN URUGUAY NUEVA FECHA 26 y 27 de noviembre :: ANTEL ARENA Entradas en venta a trav\u00e9s de Tickantel\" \/>\n<meta name=\"robots\" content=\"index, follow, max-snippet:-1, max-image-preview:large, max-video-preview:-1\" \/>\n<link rel=\"canonical\" href=\"https:\/\/cooltivarte.com\/portal\/luciano-pereyra-en-uruguay\/\" \/>\n<meta property=\"og:locale\" content=\"es_ES\" \/>\n<meta property=\"og:type\" content=\"article\" \/>\n<meta property=\"og:title\" content=\"LUCIANO PEREYRA EN URUGUAY\" \/>\n<meta property=\"og:description\" content=\"LUCIANO PEREYRA EN URUGUAY NUEVA FECHA 26 y 27 de noviembre :: ANTEL ARENA Entradas en venta a trav\u00e9s de Tickantel\" \/>\n<meta property=\"og:url\" content=\"https:\/\/cooltivarte.com\/portal\/luciano-pereyra-en-uruguay\/\" \/>\n<meta property=\"og:site_name\" content=\"Cooltivarte Portal\" \/>\n<meta property=\"article:publisher\" content=\"https:\/\/www.facebook.com\/cooltivartecom\/\" \/>\n<meta property=\"article:author\" content=\"https:\/\/www.facebook.com\/cooltivartecom\" \/>\n<meta property=\"article:published_time\" content=\"2021-11-22T23:06:08+00:00\" \/>\n<meta property=\"article:modified_time\" content=\"2021-11-22T23:06:46+00:00\" \/>\n<meta property=\"og:image\" content=\"https:\/\/cooltivarte.com\/portal\/wp-content\/uploads\/2021\/11\/LUCIANO-PEREYRA-EN-URUGUAY.png\" \/>\n\t<meta property=\"og:image:width\" content=\"496\" \/>\n\t<meta property=\"og:image:height\" content=\"300\" \/>\n\t<meta property=\"og:image:type\" content=\"image\/png\" \/>\n<meta name=\"author\" content=\"Cooltivarte\" \/>\n<meta name=\"twitter:card\" content=\"summary_large_image\" \/>\n<meta name=\"twitter:title\" content=\"LUCIANO PEREYRA EN URUGUAY\" \/>\n<meta name=\"twitter:description\" content=\"LUCIANO PEREYRA EN URUGUAY NUEVA FECHA 26 y 27 de noviembre :: ANTEL ARENA Entradas en venta a trav\u00e9s de Tickantel\" \/>\n<meta name=\"twitter:image\" content=\"https:\/\/cooltivarte.com\/portal\/wp-content\/uploads\/2021\/11\/LUCIANO-PEREYRA-EN-URUGUAY.png\" \/>\n<meta name=\"twitter:creator\" content=\"@https:\/\/x.com\/obolocultural\" \/>\n<meta name=\"twitter:site\" content=\"@obolocultural\" \/>\n<meta name=\"twitter:label1\" content=\"Escrito por\" \/>\n\t<meta name=\"twitter:data1\" content=\"Cooltivarte\" \/>\n\t<meta name=\"twitter:label2\" content=\"Tiempo de lectura\" \/>\n\t<meta name=\"twitter:data2\" content=\"2 minutos\" \/>\n<!-- \/ Yoast SEO plugin. -->","yoast_head_json":{"title":"LUCIANO PEREYRA EN URUGUAY - Cooltivarte Portal","description":"LUCIANO PEREYRA EN URUGUAY NUEVA FECHA 26 y 27 de noviembre :: ANTEL ARENA Entradas en venta a trav\u00e9s de Tickantel","robots":{"index":"index","follow":"follow","max-snippet":"max-snippet:-1","max-image-preview":"max-image-preview:large","max-video-preview":"max-video-preview:-1"},"canonical":"https:\/\/cooltivarte.com\/portal\/luciano-pereyra-en-uruguay\/","og_locale":"es_ES","og_type":"article","og_title":"LUCIANO PEREYRA EN URUGUAY","og_description":"LUCIANO PEREYRA EN URUGUAY NUEVA FECHA 26 y 27 de noviembre :: ANTEL ARENA Entradas en venta a trav\u00e9s de Tickantel","og_url":"https:\/\/cooltivarte.com\/portal\/luciano-pereyra-en-uruguay\/","og_site_name":"Cooltivarte Portal","article_publisher":"https:\/\/www.facebook.com\/cooltivartecom\/","article_author":"https:\/\/www.facebook.com\/cooltivartecom","article_published_time":"2021-11-22T23:06:08+00:00","article_modified_time":"2021-11-22T23:06:46+00:00","og_image":[{"width":496,"height":300,"url":"https:\/\/cooltivarte.com\/portal\/wp-content\/uploads\/2021\/11\/LUCIANO-PEREYRA-EN-URUGUAY.png","type":"image\/png"}],"author":"Cooltivarte","twitter_card":"summary_large_image","twitter_title":"LUCIANO PEREYRA EN URUGUAY","twitter_description":"LUCIANO PEREYRA EN URUGUAY NUEVA FECHA 26 y 27 de noviembre :: ANTEL ARENA Entradas en venta a trav\u00e9s de Tickantel","twitter_image":"https:\/\/cooltivarte.com\/portal\/wp-content\/uploads\/2021\/11\/LUCIANO-PEREYRA-EN-URUGUAY.png","twitter_creator":"@https:\/\/x.com\/obolocultural","twitter_site":"@obolocultural","twitter_misc":{"Escrito por":"Cooltivarte","Tiempo de lectura":"2 minutos"},"schema":{"@context":"https:\/\/schema.org","@graph":[{"@type":"NewsArticle","@id":"https:\/\/cooltivarte.com\/portal\/luciano-pereyra-en-uruguay\/#article","isPartOf":{"@id":"https:\/\/cooltivarte.com\/portal\/luciano-pereyra-en-uruguay\/"},"author":{"name":"Cooltivarte","@id":"https:\/\/cooltivarte.com\/portal\/#\/schema\/person\/ec2a4f4e71b740d0c559c0ab9a157e19"},"headline":"LUCIANO PEREYRA EN URUGUAY","datePublished":"2021-11-22T23:06:08+00:00","dateModified":"2021-11-22T23:06:46+00:00","mainEntityOfPage":{"@id":"https:\/\/cooltivarte.com\/portal\/luciano-pereyra-en-uruguay\/"},"wordCount":451,"publisher":{"@id":"https:\/\/cooltivarte.com\/portal\/#organization"},"image":{"@id":"https:\/\/cooltivarte.com\/portal\/luciano-pereyra-en-uruguay\/#primaryimage"},"thumbnailUrl":"https:\/\/cooltivarte.com\/portal\/wp-content\/uploads\/2021\/11\/LUCIANO-PEREYRA-EN-URUGUAY.png","keywords":["Antel Arena","entradas en venta","Luciano Pereyra"],"articleSection":["Eventos"],"inLanguage":"es-AR"},{"@type":"WebPage","@id":"https:\/\/cooltivarte.com\/portal\/luciano-pereyra-en-uruguay\/","url":"https:\/\/cooltivarte.com\/portal\/luciano-pereyra-en-uruguay\/","name":"LUCIANO PEREYRA EN URUGUAY - Cooltivarte Portal","isPartOf":{"@id":"https:\/\/cooltivarte.com\/portal\/#website"},"primaryImageOfPage":{"@id":"https:\/\/cooltivarte.com\/portal\/luciano-pereyra-en-uruguay\/#primaryimage"},"image":{"@id":"https:\/\/cooltivarte.com\/portal\/luciano-pereyra-en-uruguay\/#primaryimage"},"thumbnailUrl":"https:\/\/cooltivarte.com\/portal\/wp-content\/uploads\/2021\/11\/LUCIANO-PEREYRA-EN-URUGUAY.png","datePublished":"2021-11-22T23:06:08+00:00","dateModified":"2021-11-22T23:06:46+00:00","description":"LUCIANO PEREYRA EN URUGUAY NUEVA FECHA 26 y 27 de noviembre :: ANTEL ARENA Entradas en venta a trav\u00e9s de Tickantel","breadcrumb":{"@id":"https:\/\/cooltivarte.com\/portal\/luciano-pereyra-en-uruguay\/#breadcrumb"},"inLanguage":"es-AR","potentialAction":[{"@type":"ReadAction","target":["https:\/\/cooltivarte.com\/portal\/luciano-pereyra-en-uruguay\/"]}]},{"@type":"ImageObject","inLanguage":"es-AR","@id":"https:\/\/cooltivarte.com\/portal\/luciano-pereyra-en-uruguay\/#primaryimage","url":"https:\/\/cooltivarte.com\/portal\/wp-content\/uploads\/2021\/11\/LUCIANO-PEREYRA-EN-URUGUAY.png","contentUrl":"https:\/\/cooltivarte.com\/portal\/wp-content\/uploads\/2021\/11\/LUCIANO-PEREYRA-EN-URUGUAY.png","width":496,"height":300,"caption":"LUCIANO PEREYRA"},{"@type":"BreadcrumbList","@id":"https:\/\/cooltivarte.com\/portal\/luciano-pereyra-en-uruguay\/#breadcrumb","itemListElement":[{"@type":"ListItem","position":1,"name":"Portada","item":"https:\/\/cooltivarte.com\/portal\/"},{"@type":"ListItem","position":2,"name":"LUCIANO PEREYRA EN URUGUAY"}]},{"@type":"WebSite","@id":"https:\/\/cooltivarte.com\/portal\/#website","url":"https:\/\/cooltivarte.com\/portal\/","name":"Cooltivarte Portal","description":"Arte, cultura y turismo para el mundo ...","publisher":{"@id":"https:\/\/cooltivarte.com\/portal\/#organization"},"potentialAction":[{"@type":"SearchAction","target":{"@type":"EntryPoint","urlTemplate":"https:\/\/cooltivarte.com\/portal\/?s={search_term_string}"},"query-input":{"@type":"PropertyValueSpecification","valueRequired":true,"valueName":"search_term_string"}}],"inLanguage":"es-AR"},{"@type":"Organization","@id":"https:\/\/cooltivarte.com\/portal\/#organization","name":"cooltivarte","url":"https:\/\/cooltivarte.com\/portal\/","logo":{"@type":"ImageObject","inLanguage":"es-AR","@id":"https:\/\/cooltivarte.com\/portal\/#\/schema\/logo\/image\/","url":"https:\/\/cooltivarte.com\/portal\/wp-content\/uploads\/2020\/04\/logo-cooltivarte-v2.png","contentUrl":"https:\/\/cooltivarte.com\/portal\/wp-content\/uploads\/2020\/04\/logo-cooltivarte-v2.png","width":851,"height":243,"caption":"cooltivarte"},"image":{"@id":"https:\/\/cooltivarte.com\/portal\/#\/schema\/logo\/image\/"},"sameAs":["https:\/\/www.facebook.com\/cooltivartecom\/","https:\/\/x.com\/obolocultural","https:\/\/www.instagram.com\/_cooltivarte_\/","https:\/\/www.linkedin.com\/company\/-bolocultural?reportsuccess=8zaNG1HwhPbAR9iQhZ5rfGeqz_vQFftHun0ZWU0Wy9vNemRJ8vtcKdJvzQfW8XagyOJSKg0XvfJ1dp","https:\/\/www.pinterest.com\/cooltivarte\/","https:\/\/cooltivarte.tumblr.com\/","https:\/\/www.tiktok.com\/@cooltivarte","https:\/\/www.youtube.com\/@PrensaCooltivarte"]},{"@type":"Person","@id":"https:\/\/cooltivarte.com\/portal\/#\/schema\/person\/ec2a4f4e71b740d0c559c0ab9a157e19","name":"Cooltivarte","image":{"@type":"ImageObject","inLanguage":"es-AR","@id":"https:\/\/cooltivarte.com\/portal\/wp-content\/uploads\/2014\/05\/logo-cooltivarte-120x120.jpg","url":"https:\/\/cooltivarte.com\/portal\/wp-content\/uploads\/2014\/05\/logo-cooltivarte-120x120.jpg","contentUrl":"https:\/\/cooltivarte.com\/portal\/wp-content\/uploads\/2014\/05\/logo-cooltivarte-120x120.jpg","caption":"Cooltivarte"},"description":"Somos COOLTIVARTE.COM. Un portal digital dedicado a difundir el acontecer art\u00edstico y cultural del Uruguay. Estamos en la vuelta desde el a\u00f1o 2003, y como evoluci\u00f3n del bolet\u00edn Obolo Cultural, nos encontramos abocados a apoyar a los artistas nacionales brind\u00e1ndoles un espacio de difusi\u00f3n. Creemos en la idea de utilizar la potencialidad que hoy d\u00eda nos otorga la web, para que la cultura uruguaya y sus creadores dispongan de una din\u00e1mica ventana, que los ponga en contacto entre s\u00ed y con el mundo. Somos COOLTIVARTE.COM y pretendemos configurarnos como un portal din\u00e1mico, entretenido y atento a los nuevos emprendimientos, que busque siempre la interacci\u00f3n con los artistas.","sameAs":["http:\/\/www.cooltivarte.com","https:\/\/www.facebook.com\/cooltivartecom","https:\/\/www.instagram.com\/_cooltivarte_\/","https:\/\/www.linkedin.com\/company\/-bolocultural","https:\/\/www.pinterest.com\/cooltivarte\/","https:\/\/x.com\/https:\/\/x.com\/obolocultural","https:\/\/www.youtube.com\/@PrensaCooltivarte","https:\/\/www.tumblr.com\/blog\/cooltivarte"],"url":"https:\/\/cooltivarte.com\/portal\/author\/cooltivarte\/"}]}},"_links":{"self":[{"href":"https:\/\/cooltivarte.com\/portal\/wp-json\/wp\/v2\/posts\/76298","targetHints":{"allow":["GET"]}}],"collection":[{"href":"https:\/\/cooltivarte.com\/portal\/wp-json\/wp\/v2\/posts"}],"about":[{"href":"https:\/\/cooltivarte.com\/portal\/wp-json\/wp\/v2\/types\/post"}],"author":[{"embeddable":true,"href":"https:\/\/cooltivarte.com\/portal\/wp-json\/wp\/v2\/users\/8"}],"replies":[{"embeddable":true,"href":"https:\/\/cooltivarte.com\/portal\/wp-json\/wp\/v2\/comments?post=76298"}],"version-history":[{"count":1,"href":"https:\/\/cooltivarte.com\/portal\/wp-json\/wp\/v2\/posts\/76298\/revisions"}],"predecessor-version":[{"id":76300,"href":"https:\/\/cooltivarte.com\/portal\/wp-json\/wp\/v2\/posts\/76298\/revisions\/76300"}],"wp:featuredmedia":[{"embeddable":true,"href":"https:\/\/cooltivarte.com\/portal\/wp-json\/wp\/v2\/media\/76299"}],"wp:attachment":[{"href":"https:\/\/cooltivarte.com\/portal\/wp-json\/wp\/v2\/media?parent=76298"}],"wp:term":[{"taxonomy":"category","embeddable":true,"href":"https:\/\/cooltivarte.com\/portal\/wp-json\/wp\/v2\/categories?post=76298"},{"taxonomy":"post_tag","embeddable":true,"href":"https:\/\/cooltivarte.com\/portal\/wp-json\/wp\/v2\/tags?post=76298"}],"curies":[{"name":"wp","href":"https:\/\/api.w.org\/{rel}","templated":true}]}}