{"id":76161,"date":"2021-11-17T10:16:54","date_gmt":"2021-11-17T13:16:54","guid":{"rendered":"https:\/\/cooltivarte.com\/portal\/?p=76161"},"modified":"2021-11-17T10:20:26","modified_gmt":"2021-11-17T13:20:26","slug":"palos-y-vueltas-de-carnero-en-el-debate-presidencial-chileno","status":"publish","type":"post","link":"https:\/\/cooltivarte.com\/portal\/palos-y-vueltas-de-carnero-en-el-debate-presidencial-chileno\/","title":{"rendered":"Palos y vueltas de carnero en el debate presidencial chileno"},"content":{"rendered":"<p><img fetchpriority=\"high\" decoding=\"async\" class=\"aligncenter wp-image-76162\" title=\"debate presidencial 2021 chile\" src=\"https:\/\/cooltivarte.com\/portal\/wp-content\/uploads\/2021\/11\/debate-presidencial-2021-300x162.jpg\" alt=\"debate presidencial 2021 chile\" width=\"640\" height=\"347\" srcset=\"https:\/\/cooltivarte.com\/portal\/wp-content\/uploads\/2021\/11\/debate-presidencial-2021-300x162.jpg 300w, https:\/\/cooltivarte.com\/portal\/wp-content\/uploads\/2021\/11\/debate-presidencial-2021.jpg 709w\" sizes=\"(max-width: 640px) 100vw, 640px\" \/><\/p>\n<p>Si alguien piensa que los debates presidenciales son una fuente de luz para guiar al elector en su camino hacia las urnas, pues se equivoca. Normalmente ellos dejan m\u00e1s dudas que certezas y este \u00faltimo debate antes de las elecciones del pr\u00f3ximo domingo 21 de noviembre, no ser\u00eda la excepci\u00f3n. El debate sobresali\u00f3 m\u00e1s por los enfrentamientos directos entre los candidatos que por la claridad de sus ideas que es, lo que en definitiva, importa al ciudadano. Los candidatos se perdieron en n\u00fameros, principios y respuestas \u201cpol\u00edticamente correctas\u201d, necesarias, por lo tanto, para salir del paso. Pero de temas esenciales para la poblaci\u00f3n como la seguridad de sus casas, calles y plazas abiertamente tomadas por la delincuencia, sobre terrorismo, sobre salud, por ejemplo, nada.<\/p>\n<p>Pero fue un debate diferente en el que primaron el humor sarc\u00e1stico y las vueltas de carnero de los candidatos frente a las c\u00e1maras, para que todos vi\u00e9ramos la facilidad con que dicen una cosa y luego dicen otra, pensando en c\u00f3mo agradar al p\u00fablico. Por ejemplo, Yasna Provoste, defensora recalcitrante de los llamados \u201cpresos pol\u00edticos\u201d que no son nada m\u00e1s que delincuentes, pidiendo su liberaci\u00f3n, pero ahora, solo para aquellos que permanecen en prisi\u00f3n preventiva, sin juicio. Una vuelta de carnero que no le cost\u00f3 mucho pues es Profesora de Educaci\u00f3n F\u00edsica. Gobernar\u00e1, dijo, protegiendo la seguridad ciudadana con medidas concretas, como persiguiendo y encarcelando a los delincuentes. Al respecto le tir\u00f3 sus palos a su exaliado, Gabriel Boric, al declarar que \u201calgunos creen que con los agitadores sociales van a lograr las transformaciones\u201d. Pero ella los defiende. Se defini\u00f3 como \u201cheredera de la Concertaci\u00f3n\u201d que, a su juicio, est\u00e1 repleta de logros. Un oportuno apoyo venido del recuerdo.<\/p>\n<p>Gabriel Boric, aunque no es Profesor de Educaci\u00f3n F\u00edsica (de hecho, no tiene ninguna profesi\u00f3n ni oficio conocido), es un experto en vueltas de carnero y supera con creces a la profesional del ramo. Y quien le record\u00f3 sus vueltas de carnero y su ninguna capacidad para gobernar fue otro candidato: Marco Enr\u00edquez-Ominami, m\u00e1s conocido como ME-O. ME-O lo destroz\u00f3, lo apabull\u00f3, lo ningune\u00f3 sin piedad, ni pudores ni verg\u00fcenza. Dureza cargada de sarcasmos, de humor c\u00e1ustico que desnud\u00f3 a Boric. Lo llam\u00f3 de \u201cDoctor Miedo\u201d: \u201cTenemos un diputado&nbsp; que es cualquier cosa, es cantinfleo. Un d\u00eda admira a Venezuela, ahora es una dictadura porque le conviene\u201d. Lo recrimin\u00f3, adem\u00e1s, por haber rechazado la \u201cLey antiterrorista\u201d. Y lo repas\u00f3 con los dichos de sus colaboradores como Sebasti\u00e1n Depolo, Secretario de Revoluci\u00f3n Democr\u00e1tica, partido pol\u00edtico al que pertenece Boric, que dijo: \u201cVamos a meter inestabilidad al pa\u00eds para hacer transformaciones importantes&#8221;.<\/p>\n<p>Fue tanto lo que lo golpe\u00f3 ME-O, que Boric le pidi\u00f3 ag\u00fcita: \u201cMarco, nos vamos a necesitar todos. Basta con patadas en las canillas\u201d. No le sirvi\u00f3 de mucho pedir clemencia, porque Marco Enr\u00edquez-Ominami estaba lanzado a la vida y simplemente le respondi\u00f3 que no \u201cestaba para cuidarlo\u201d. Al t\u00e9rmino del debate lo liquid\u00f3 dici\u00e9ndole que era \u201cinfantil y que no estaba preparado para gobernar\u201d. S\u00ed, fue sin duda el pasaje m\u00e1s \u00e1spero y entretenido a la vez del debate. Una paliza que pudo haber sido dada en t\u00e9rminos m\u00e1s diplom\u00e1ticos, sin restarle un \u00e1pice a la vedad de los dichos. Ahora, al margen de este espect\u00e1culo melodram\u00e1tico protagonizado por estos dos improvisados actores, a Boric se le consult\u00f3 sobre qui\u00e9n gobernar\u00e1, si \u00e9l o el Partido Comunista, a prop\u00f3sito de la declaraci\u00f3n de este partido sobre Nicaragua. Yo, dijo prontamente, pues como Presidente me corresponde dirigir la pol\u00edtica exterior. Pero, \u00bfC\u00f3mo creerle?<\/p>\n<p>C\u00f3mo creerle si en diversas ocasiones el Partido Comunista lo ha dejado como chaleco de mono (al respecto sugiero la lectura de mi columna \u201cElecciones presidenciales chilenas: el Tal\u00f3n de Aquiles del candidato Gabriel Boric\u201d, publicada en este mismo medio el 3 de noviembre reci\u00e9n pasado). M\u00e1s a\u00fan cuando Daniel Jadue, una de las \u201cvacas sagradas\u201d del PC lo amenaz\u00f3 p\u00fablicamente con cobr\u00e1rsela si \u00e9l se alejaba un mil\u00edmetro del programa. Y el programa no es otro que el propio programa del PC, aunque Boric diga que no lo es, que es solo \u201cparecido\u201d. El propio Sebasti\u00e1n Sichel, lejos el candidato diferente del debate, le record\u00f3 su apoyo a Castro y Maduro y su reuni\u00f3n con uno de los asesinos de Jaime Guzm\u00e1n, senador elegido democr\u00e1ticamente. \u201cMe gustar\u00eda creerle a Boric\u201d, dijo Sichel.<\/p>\n<p>Jos\u00e9 Antonio Kast, candidato de la derecha m\u00e1s dura, fue la sombra del candidato que ven\u00eda arrasando en las encuestas. Se sinti\u00f3 inc\u00f3modo y estuvo muy err\u00e1tico en sus respuestas. No supo temas claves como el PIB tendencial de Chile, se perdi\u00f3 en respuesta de g\u00e9nero y la supresi\u00f3n del Ministerio de la Mujer, a lo que respondi\u00f3 que el programa no estaba \u201cescrito en piedra\u201d. Una buena respuesta pero que pareci\u00f3 una perfecta vuelta de carnero. Con todo, su incomodidad mayor se not\u00f3 cuando quiso justificar su defensa de la dictadura de Pinochet, al comparar las elecciones de Nicaragua con el Plebiscito de 1989, que signific\u00f3 la derrota del dictador: no hubo presos pol\u00edticos como en Nicaragua. Una estupidez para el bronce. La guinda de la torta de su pobre presentaci\u00f3n fue preguntarle a una periodista \u201csi era casada\u201d, a prop\u00f3sito de los beneficios para la mujer casada que presenta su programa. Por eso su equipo estaba tan blanco como \u00e9l.<\/p>\n<p>Sebasti\u00e1n Sichel fue, como dije, el candidato diferente del debate. S\u00ed fue a debatir, mostrando sus diferencias program\u00e1ticas con mucha claridad, y respeto, frente a las de Jos\u00e9 Antonio Kast, en temas val\u00f3ricos, econ\u00f3micos y sentido de la democracia. Lejos, tambi\u00e9n, de Gabriel Boric con quien, definitivamente, no tiene ning\u00fan punto de contacto y al que definitivamente tambi\u00e9n, no le cree. Mantuvo su postura de centro derecha que ha venido sustentando desde antes de las primarias. Y recuper\u00f3 su sentido de la unidad que hab\u00eda extraviado al chocar constantemente con sus aliados pol\u00edticos. Se sobrepuso a baj\u00edsimas presentaciones de debates anteriores, y se mostr\u00f3 como un candidato certero, respetuoso y humilde. Sin palos y sin vueltas de carnero.<\/p>\n<p>Ah, s\u00ed, lo estaba olvidando. Hab\u00eda tambi\u00e9n un se\u00f1or Art\u00e9s. Eduardo Art\u00e9s. Un candidato que m\u00e1s parece un alien\u00edgena, amante inveterado de barricadas, comunistas y terroristas: \u201cLibrar\u00eda a todos los detenidos y condenados sin ninguna condici\u00f3n\u201d. Eso ser\u00eda todo.<\/p>\n<p>En general, un debate que dej\u00f3 m\u00e1s incertezas que certezas. \u00bfTuvo repercusiones en el electorado? \u00bfAyud\u00f3 a la elecci\u00f3n del candidato? No creo. Los indecisos siempre han existido y aquellos que ya tienen su candidato marcado con mucha anticipaci\u00f3n, no lo van a cambiar por un debate m\u00e1s o un debate menos.<\/p>\n<p>El domingo 21 de noviembre se sabr\u00e1 la \u00fanica verdad en Chile. Para bien o para mal.<\/p>\n<p>&nbsp;<\/p>\n<p>&nbsp;<\/p>\n<p>&nbsp;<\/p>\n","protected":false},"excerpt":{"rendered":"<p>Si alguien piensa que los debates presidenciales son una fuente de luz para guiar al elector en su camino hacia las urnas, pues se equivoca. Normalmente ellos dejan m\u00e1s dudas que certezas y este \u00faltimo debate antes de las elecciones del pr\u00f3ximo domingo 21 de noviembre, no ser\u00eda la excepci\u00f3n. El debate sobresali\u00f3 m\u00e1s por [&hellip;]<\/p>\n","protected":false},"author":162,"featured_media":76162,"comment_status":"closed","ping_status":"closed","sticky":false,"template":"","format":"standard","meta":{"om_disable_all_campaigns":false,"ngg_post_thumbnail":0,"jnews-multi-image_gallery":[],"jnews_single_post":{"subtitle":"","format":"standard","video":"","gallery":"","source_name":"","source_url":"","via_name":"","via_url":"","override_template":"0","override":[{"template":"1","single_blog_custom":"","parallax":"1","fullscreen":"1","layout":"right-sidebar","sidebar":"default-sidebar","second_sidebar":"default-sidebar","sticky_sidebar":"1","share_position":"top","share_float_style":"share-monocrhome","show_share_counter":"1","show_view_counter":"1","show_featured":"1","show_post_meta":"1","show_post_author":"1","show_post_author_image":"1","show_post_date":"1","post_date_format":"default","post_date_format_custom":"Y\/m\/d","show_post_category":"1","show_post_reading_time":"0","post_reading_time_wpm":"300","show_zoom_button":"0","zoom_button_out_step":"2","zoom_button_in_step":"3","show_post_tag":"1","show_prev_next_post":"1","show_popup_post":"1","number_popup_post":"1","show_author_box":"0","show_post_related":"0","show_inline_post_related":"0"}],"override_image_size":"0","image_override":[{"single_post_thumbnail_size":"crop-500","single_post_gallery_size":"crop-500"}],"trending_post":"0","trending_post_position":"meta","trending_post_label":"Trending","sponsored_post":"0","sponsored_post_label":"Sponsored by","sponsored_post_name":"","sponsored_post_url":"","sponsored_post_logo_enable":"0","sponsored_post_logo":"","sponsored_post_desc":""},"jnews_primary_category":{"id":""},"jnews_social_meta":{"fb_title":"","fb_description":"","fb_image":"","twitter_title":"","twitter_description":"","twitter_image":""},"jnews_override_counter":{"override_view_counter":"0","view_counter_number":"0","override_share_counter":"0","share_counter_number":"0","override_like_counter":"0","like_counter_number":"0","override_dislike_counter":"0","dislike_counter_number":"0"},"footnotes":""},"categories":[1637],"tags":[2789,15309,14197],"class_list":["post-76161","post","type-post","status-publish","format-standard","has-post-thumbnail","hentry","category-apuntes","tag-chile","tag-debate-presidencial","tag-gabriel-boric"],"yoast_head":"<!-- This site is optimized with the Yoast SEO plugin v27.5 - https:\/\/yoast.com\/product\/yoast-seo-wordpress\/ -->\n<title>Palos y vueltas de carnero en el debate presidencial chileno - Cooltivarte Portal<\/title>\n<meta name=\"description\" content=\"Si alguien piensa que los debates presidenciales son una fuente de luz para guiar al elector en su camino hacia las urnas, pues se equivoca. Normalmente ellos dejan m\u00e1s dudas que certezas y este \u00faltimo debate antes de las elecciones del pr\u00f3ximo domingo 21 de noviembre, no ser\u00eda la excepci\u00f3n.\" \/>\n<meta name=\"robots\" content=\"index, follow, max-snippet:-1, max-image-preview:large, max-video-preview:-1\" \/>\n<link rel=\"canonical\" href=\"https:\/\/cooltivarte.com\/portal\/palos-y-vueltas-de-carnero-en-el-debate-presidencial-chileno\/\" \/>\n<meta property=\"og:locale\" content=\"es_ES\" \/>\n<meta property=\"og:type\" content=\"article\" \/>\n<meta property=\"og:title\" content=\"Palos y vueltas de carnero en el debate presidencial chileno\" \/>\n<meta property=\"og:description\" content=\"Si alguien piensa que los debates presidenciales son una fuente de luz para guiar al elector en su camino hacia las urnas, pues se equivoca. Normalmente ellos dejan m\u00e1s dudas que certezas y este \u00faltimo debate antes de las elecciones del pr\u00f3ximo domingo 21 de noviembre, no ser\u00eda la excepci\u00f3n.\" \/>\n<meta property=\"og:url\" content=\"https:\/\/cooltivarte.com\/portal\/palos-y-vueltas-de-carnero-en-el-debate-presidencial-chileno\/\" \/>\n<meta property=\"og:site_name\" content=\"Cooltivarte Portal\" \/>\n<meta property=\"article:publisher\" content=\"https:\/\/www.facebook.com\/cooltivartecom\/\" \/>\n<meta property=\"article:author\" content=\"https:\/\/www.facebook.com\/profile.php?id=1043831024\" \/>\n<meta property=\"article:published_time\" content=\"2021-11-17T13:16:54+00:00\" \/>\n<meta property=\"article:modified_time\" content=\"2021-11-17T13:20:26+00:00\" \/>\n<meta property=\"og:image\" content=\"https:\/\/cooltivarte.com\/portal\/wp-content\/uploads\/2021\/11\/debate-presidencial-2021.jpg\" \/>\n\t<meta property=\"og:image:width\" content=\"709\" \/>\n\t<meta property=\"og:image:height\" content=\"384\" \/>\n\t<meta property=\"og:image:type\" content=\"image\/jpeg\" \/>\n<meta name=\"author\" content=\"Alejandro Carre\u00f1o T.\" \/>\n<meta name=\"twitter:card\" content=\"summary_large_image\" \/>\n<meta name=\"twitter:title\" content=\"Palos y vueltas de carnero en el debate presidencial chileno\" \/>\n<meta name=\"twitter:description\" content=\"Si alguien piensa que los debates presidenciales son una fuente de luz para guiar al elector en su camino hacia las urnas, pues se equivoca. Normalmente ellos dejan m\u00e1s dudas que certezas y este \u00faltimo debate antes de las elecciones del pr\u00f3ximo domingo 21 de noviembre, no ser\u00eda la excepci\u00f3n.\" \/>\n<meta name=\"twitter:image\" content=\"https:\/\/cooltivarte.com\/portal\/wp-content\/uploads\/2021\/11\/debate-presidencial-2021.jpg\" \/>\n<meta name=\"twitter:creator\" content=\"@https:\/\/twitter.com\/acarrenot\" \/>\n<meta name=\"twitter:site\" content=\"@obolocultural\" \/>\n<meta name=\"twitter:label1\" content=\"Escrito por\" \/>\n\t<meta name=\"twitter:data1\" content=\"Alejandro Carre\u00f1o T.\" \/>\n\t<meta name=\"twitter:label2\" content=\"Tiempo de lectura\" \/>\n\t<meta name=\"twitter:data2\" content=\"6 minutos\" \/>\n<!-- \/ Yoast SEO plugin. -->","yoast_head_json":{"title":"Palos y vueltas de carnero en el debate presidencial chileno - Cooltivarte Portal","description":"Si alguien piensa que los debates presidenciales son una fuente de luz para guiar al elector en su camino hacia las urnas, pues se equivoca. Normalmente ellos dejan m\u00e1s dudas que certezas y este \u00faltimo debate antes de las elecciones del pr\u00f3ximo domingo 21 de noviembre, no ser\u00eda la excepci\u00f3n.","robots":{"index":"index","follow":"follow","max-snippet":"max-snippet:-1","max-image-preview":"max-image-preview:large","max-video-preview":"max-video-preview:-1"},"canonical":"https:\/\/cooltivarte.com\/portal\/palos-y-vueltas-de-carnero-en-el-debate-presidencial-chileno\/","og_locale":"es_ES","og_type":"article","og_title":"Palos y vueltas de carnero en el debate presidencial chileno","og_description":"Si alguien piensa que los debates presidenciales son una fuente de luz para guiar al elector en su camino hacia las urnas, pues se equivoca. Normalmente ellos dejan m\u00e1s dudas que certezas y este \u00faltimo debate antes de las elecciones del pr\u00f3ximo domingo 21 de noviembre, no ser\u00eda la excepci\u00f3n.","og_url":"https:\/\/cooltivarte.com\/portal\/palos-y-vueltas-de-carnero-en-el-debate-presidencial-chileno\/","og_site_name":"Cooltivarte Portal","article_publisher":"https:\/\/www.facebook.com\/cooltivartecom\/","article_author":"https:\/\/www.facebook.com\/profile.php?id=1043831024","article_published_time":"2021-11-17T13:16:54+00:00","article_modified_time":"2021-11-17T13:20:26+00:00","og_image":[{"width":709,"height":384,"url":"https:\/\/cooltivarte.com\/portal\/wp-content\/uploads\/2021\/11\/debate-presidencial-2021.jpg","type":"image\/jpeg"}],"author":"Alejandro Carre\u00f1o T.","twitter_card":"summary_large_image","twitter_title":"Palos y vueltas de carnero en el debate presidencial chileno","twitter_description":"Si alguien piensa que los debates presidenciales son una fuente de luz para guiar al elector en su camino hacia las urnas, pues se equivoca. Normalmente ellos dejan m\u00e1s dudas que certezas y este \u00faltimo debate antes de las elecciones del pr\u00f3ximo domingo 21 de noviembre, no ser\u00eda la excepci\u00f3n.","twitter_image":"https:\/\/cooltivarte.com\/portal\/wp-content\/uploads\/2021\/11\/debate-presidencial-2021.jpg","twitter_creator":"@https:\/\/twitter.com\/acarrenot","twitter_site":"@obolocultural","twitter_misc":{"Escrito por":"Alejandro Carre\u00f1o T.","Tiempo de lectura":"6 minutos"},"schema":{"@context":"https:\/\/schema.org","@graph":[{"@type":"NewsArticle","@id":"https:\/\/cooltivarte.com\/portal\/palos-y-vueltas-de-carnero-en-el-debate-presidencial-chileno\/#article","isPartOf":{"@id":"https:\/\/cooltivarte.com\/portal\/palos-y-vueltas-de-carnero-en-el-debate-presidencial-chileno\/"},"author":{"name":"Alejandro Carre\u00f1o T.","@id":"https:\/\/cooltivarte.com\/portal\/#\/schema\/person\/852d98c305909ce7eac4c8e64713ac6c"},"headline":"Palos y vueltas de carnero en el debate presidencial chileno","datePublished":"2021-11-17T13:16:54+00:00","dateModified":"2021-11-17T13:20:26+00:00","mainEntityOfPage":{"@id":"https:\/\/cooltivarte.com\/portal\/palos-y-vueltas-de-carnero-en-el-debate-presidencial-chileno\/"},"wordCount":1213,"publisher":{"@id":"https:\/\/cooltivarte.com\/portal\/#organization"},"image":{"@id":"https:\/\/cooltivarte.com\/portal\/palos-y-vueltas-de-carnero-en-el-debate-presidencial-chileno\/#primaryimage"},"thumbnailUrl":"https:\/\/cooltivarte.com\/portal\/wp-content\/uploads\/2021\/11\/debate-presidencial-2021.jpg","keywords":["Chile","debate presidencial","Gabriel Boric"],"articleSection":["Apuntes"],"inLanguage":"es-AR"},{"@type":"WebPage","@id":"https:\/\/cooltivarte.com\/portal\/palos-y-vueltas-de-carnero-en-el-debate-presidencial-chileno\/","url":"https:\/\/cooltivarte.com\/portal\/palos-y-vueltas-de-carnero-en-el-debate-presidencial-chileno\/","name":"Palos y vueltas de carnero en el debate presidencial chileno - Cooltivarte Portal","isPartOf":{"@id":"https:\/\/cooltivarte.com\/portal\/#website"},"primaryImageOfPage":{"@id":"https:\/\/cooltivarte.com\/portal\/palos-y-vueltas-de-carnero-en-el-debate-presidencial-chileno\/#primaryimage"},"image":{"@id":"https:\/\/cooltivarte.com\/portal\/palos-y-vueltas-de-carnero-en-el-debate-presidencial-chileno\/#primaryimage"},"thumbnailUrl":"https:\/\/cooltivarte.com\/portal\/wp-content\/uploads\/2021\/11\/debate-presidencial-2021.jpg","datePublished":"2021-11-17T13:16:54+00:00","dateModified":"2021-11-17T13:20:26+00:00","description":"Si alguien piensa que los debates presidenciales son una fuente de luz para guiar al elector en su camino hacia las urnas, pues se equivoca. Normalmente ellos dejan m\u00e1s dudas que certezas y este \u00faltimo debate antes de las elecciones del pr\u00f3ximo domingo 21 de noviembre, no ser\u00eda la excepci\u00f3n.","breadcrumb":{"@id":"https:\/\/cooltivarte.com\/portal\/palos-y-vueltas-de-carnero-en-el-debate-presidencial-chileno\/#breadcrumb"},"inLanguage":"es-AR","potentialAction":[{"@type":"ReadAction","target":["https:\/\/cooltivarte.com\/portal\/palos-y-vueltas-de-carnero-en-el-debate-presidencial-chileno\/"]}]},{"@type":"ImageObject","inLanguage":"es-AR","@id":"https:\/\/cooltivarte.com\/portal\/palos-y-vueltas-de-carnero-en-el-debate-presidencial-chileno\/#primaryimage","url":"https:\/\/cooltivarte.com\/portal\/wp-content\/uploads\/2021\/11\/debate-presidencial-2021.jpg","contentUrl":"https:\/\/cooltivarte.com\/portal\/wp-content\/uploads\/2021\/11\/debate-presidencial-2021.jpg","width":709,"height":384,"caption":"debate-presidencial-2021 chile"},{"@type":"BreadcrumbList","@id":"https:\/\/cooltivarte.com\/portal\/palos-y-vueltas-de-carnero-en-el-debate-presidencial-chileno\/#breadcrumb","itemListElement":[{"@type":"ListItem","position":1,"name":"Portada","item":"https:\/\/cooltivarte.com\/portal\/"},{"@type":"ListItem","position":2,"name":"Palos y vueltas de carnero en el debate presidencial chileno"}]},{"@type":"WebSite","@id":"https:\/\/cooltivarte.com\/portal\/#website","url":"https:\/\/cooltivarte.com\/portal\/","name":"Cooltivarte Portal","description":"Arte, cultura y turismo para el mundo ...","publisher":{"@id":"https:\/\/cooltivarte.com\/portal\/#organization"},"potentialAction":[{"@type":"SearchAction","target":{"@type":"EntryPoint","urlTemplate":"https:\/\/cooltivarte.com\/portal\/?s={search_term_string}"},"query-input":{"@type":"PropertyValueSpecification","valueRequired":true,"valueName":"search_term_string"}}],"inLanguage":"es-AR"},{"@type":"Organization","@id":"https:\/\/cooltivarte.com\/portal\/#organization","name":"cooltivarte","url":"https:\/\/cooltivarte.com\/portal\/","logo":{"@type":"ImageObject","inLanguage":"es-AR","@id":"https:\/\/cooltivarte.com\/portal\/#\/schema\/logo\/image\/","url":"https:\/\/cooltivarte.com\/portal\/wp-content\/uploads\/2020\/04\/logo-cooltivarte-v2.png","contentUrl":"https:\/\/cooltivarte.com\/portal\/wp-content\/uploads\/2020\/04\/logo-cooltivarte-v2.png","width":851,"height":243,"caption":"cooltivarte"},"image":{"@id":"https:\/\/cooltivarte.com\/portal\/#\/schema\/logo\/image\/"},"sameAs":["https:\/\/www.facebook.com\/cooltivartecom\/","https:\/\/x.com\/obolocultural","https:\/\/www.instagram.com\/_cooltivarte_\/","https:\/\/www.linkedin.com\/company\/-bolocultural?reportsuccess=8zaNG1HwhPbAR9iQhZ5rfGeqz_vQFftHun0ZWU0Wy9vNemRJ8vtcKdJvzQfW8XagyOJSKg0XvfJ1dp","https:\/\/www.pinterest.com\/cooltivarte\/","https:\/\/cooltivarte.tumblr.com\/","https:\/\/www.tiktok.com\/@cooltivarte","https:\/\/www.youtube.com\/@PrensaCooltivarte"]},{"@type":"Person","@id":"https:\/\/cooltivarte.com\/portal\/#\/schema\/person\/852d98c305909ce7eac4c8e64713ac6c","name":"Alejandro Carre\u00f1o T.","image":{"@type":"ImageObject","inLanguage":"es-AR","@id":"https:\/\/cooltivarte.com\/portal\/wp-content\/uploads\/2020\/07\/Alejandro-Carre\u00f1o.jpg","url":"https:\/\/cooltivarte.com\/portal\/wp-content\/uploads\/2020\/07\/Alejandro-Carre\u00f1o.jpg","contentUrl":"https:\/\/cooltivarte.com\/portal\/wp-content\/uploads\/2020\/07\/Alejandro-Carre\u00f1o.jpg","caption":"Alejandro Carre\u00f1o T."},"description":"Profesor de Castellano, Mag\u00edster en Comunicaci\u00f3n y Semi\u00f3tica y Doctor en Comunicaci\u00f3n. Acad\u00e9mico en Brasil y en su Chile natal. Columnista y ensayista. Lleva adelante en Youtube su canal \u201cDe Carre\u00f1o a los libros\u201d, donde aborda temas de Literatura, Educaci\u00f3n y Cultura.","sameAs":["https:\/\/www.facebook.com\/profile.php?id=1043831024","https:\/\/www.instagram.com\/_cooltivarte_\/","https:\/\/www.linkedin.com\/company\/-bolocultural","https:\/\/www.pinterest.com\/cooltivarte","https:\/\/x.com\/https:\/\/twitter.com\/acarrenot","https:\/\/www.youtube.com\/@PrensaCooltivarte","https:\/\/www.tumblr.com\/blog\/cooltivarte"],"url":"https:\/\/cooltivarte.com\/portal\/author\/alejandro-careno\/"}]}},"_links":{"self":[{"href":"https:\/\/cooltivarte.com\/portal\/wp-json\/wp\/v2\/posts\/76161","targetHints":{"allow":["GET"]}}],"collection":[{"href":"https:\/\/cooltivarte.com\/portal\/wp-json\/wp\/v2\/posts"}],"about":[{"href":"https:\/\/cooltivarte.com\/portal\/wp-json\/wp\/v2\/types\/post"}],"author":[{"embeddable":true,"href":"https:\/\/cooltivarte.com\/portal\/wp-json\/wp\/v2\/users\/162"}],"replies":[{"embeddable":true,"href":"https:\/\/cooltivarte.com\/portal\/wp-json\/wp\/v2\/comments?post=76161"}],"version-history":[{"count":3,"href":"https:\/\/cooltivarte.com\/portal\/wp-json\/wp\/v2\/posts\/76161\/revisions"}],"predecessor-version":[{"id":76165,"href":"https:\/\/cooltivarte.com\/portal\/wp-json\/wp\/v2\/posts\/76161\/revisions\/76165"}],"wp:featuredmedia":[{"embeddable":true,"href":"https:\/\/cooltivarte.com\/portal\/wp-json\/wp\/v2\/media\/76162"}],"wp:attachment":[{"href":"https:\/\/cooltivarte.com\/portal\/wp-json\/wp\/v2\/media?parent=76161"}],"wp:term":[{"taxonomy":"category","embeddable":true,"href":"https:\/\/cooltivarte.com\/portal\/wp-json\/wp\/v2\/categories?post=76161"},{"taxonomy":"post_tag","embeddable":true,"href":"https:\/\/cooltivarte.com\/portal\/wp-json\/wp\/v2\/tags?post=76161"}],"curies":[{"name":"wp","href":"https:\/\/api.w.org\/{rel}","templated":true}]}}