{"id":76137,"date":"2021-11-28T15:42:55","date_gmt":"2021-11-28T18:42:55","guid":{"rendered":"https:\/\/cooltivarte.com\/portal\/?p=76137"},"modified":"2021-12-03T10:16:38","modified_gmt":"2021-12-03T13:16:38","slug":"re-inauguracion-plaza-de-toros-real-de-san-carlos","status":"publish","type":"post","link":"https:\/\/cooltivarte.com\/portal\/re-inauguracion-plaza-de-toros-real-de-san-carlos\/","title":{"rendered":"RE INAUGURACI\u00d3N PLAZA DE TOROS REAL DE SAN CARLOS"},"content":{"rendered":"<p><img fetchpriority=\"high\" decoding=\"async\" class=\"aligncenter wp-image-76138\" title=\"RE INAUGURACI\u00d3N PLAZA DE TOROS REAL DE SAN CARLOS\" src=\"https:\/\/cooltivarte.com\/portal\/wp-content\/uploads\/2021\/11\/RE-INAUGURACION-PLAZA-DE-TOROS-REAL-DE-SAN-CARLOS--300x158.jpg\" alt=\"RE INAUGURACI\u00d3N PLAZA DE TOROS REAL DE SAN CARLOS\" width=\"750\" height=\"396\" srcset=\"https:\/\/cooltivarte.com\/portal\/wp-content\/uploads\/2021\/11\/RE-INAUGURACION-PLAZA-DE-TOROS-REAL-DE-SAN-CARLOS--300x158.jpg 300w, https:\/\/cooltivarte.com\/portal\/wp-content\/uploads\/2021\/11\/RE-INAUGURACION-PLAZA-DE-TOROS-REAL-DE-SAN-CARLOS-.jpg 644w\" sizes=\"(max-width: 750px) 100vw, 750px\" \/><\/p>\n<p><strong>RE INAUGURACI\u00d3N PLAZA DE TOROS REAL DE SAN CARLOS<\/strong><\/p>\n<p><strong>DEPARTAMENTO DE COLONIA<\/strong><\/p>\n<p>&nbsp;<\/p>\n<p style=\"font-weight: 400;\"><em><strong>Obra de la historia y del futuro. El presente que so\u00f1amos juntos.<\/strong><\/em><\/p>\n<p style=\"font-weight: 400;\">&nbsp;<\/p>\n<p style=\"font-weight: 400;\">Luego de 111 a\u00f1os, los d\u00edas 9, 10 y 11 de diciembre ser\u00e1n el puntapi\u00e9 para la re inauguraci\u00f3n de la Plaza de Toros Real de San Carlos.<\/p>\n<p style=\"font-weight: 400;\">En un hito sin precedentes los colonienses preparan una fiesta de tres d\u00edas con infinidad de actividades art\u00edsticas, culturales y tur\u00edsticas para relanzar uno de los monumentos m\u00e1s importantes del pa\u00eds \u00fanico en la regi\u00f3n.<\/p>\n<p style=\"font-weight: 400;\">Una obra del departamento, de todos los uruguayos y para el mundo.<\/p>\n<p style=\"font-weight: 400;\">&nbsp;<\/p>\n<p style=\"font-weight: 400;\"><strong>Jueves 09 &#8211; Plaza de Toros, abre sus puertas 19:00 h, ceremonia 21:00 h.<\/strong><\/p>\n<p style=\"font-weight: 400;\">&nbsp;<\/p>\n<p style=\"font-weight: 400;\">Lleg\u00f3 el gran d\u00eda!!<\/p>\n<p style=\"font-weight: 400;\">&nbsp;<\/p>\n<p style=\"font-weight: 400;\">Ceremonia Inaugural con un espect\u00e1culo especialmente dise\u00f1ado para la ocasi\u00f3n denominado: \u201cLas arenas despiertan\u201d. Creado, producido y realizado por la \u201cDirecci\u00f3n de Cultura de la Intendencia de Colonia\u201d para la reapertura oficial de la Plaza de Toros, Real de San Carlos, que re\u00fane a m\u00e1s de 300 artistas locales en escena.<\/p>\n<p style=\"font-weight: 400;\">Contaremos con la presencia del Presidente de la Rep\u00fablica, el Intendente de Colonia, el Ministro de Turismo &#8211; que adem\u00e1s aprovecha la ocasi\u00f3n para el lanzamiento de la temporada de Verano 2022, autoridades nacionales y departamentales, as\u00ed como invitados y vecinos que compartir\u00e1n este momento hist\u00f3rico.<\/p>\n<p>&nbsp;<\/p>\n<p style=\"text-align: center;\"><iframe title=\"YouTube video player\" src=\"https:\/\/www.youtube.com\/embed\/wfyDxicM1PQ\" allowfullscreen=\"allowfullscreen\" width=\"560\" height=\"315\" frameborder=\"0\"><\/iframe>&nbsp;<\/p>\n<p style=\"font-weight: 400;\">&nbsp;<\/p>\n<p style=\"font-weight: 400;\"><strong>Viernes 10 &#8211; Plaza de Toros, abre sus puertas 19:00 h, ceremonia 21:00 h.<\/strong><\/p>\n<p style=\"font-weight: 400;\">&nbsp;<\/p>\n<p style=\"font-weight: 400;\">Reiteraci\u00f3n del espect\u00e1culo art\u00edstico \u201cLas arenas despiertan\u201d para la gente. El p\u00fablico coloniense unido a su hist\u00f3rica Plaza de Toros junto a su Intendente. Compartiendo la importancia del sitio, no solo por la locaci\u00f3n en s\u00ed misma, sino tambi\u00e9n por la transformaci\u00f3n en futuro centro de espect\u00e1culos, exposiciones y deportes.<\/p>\n<p style=\"font-weight: 400;\">&nbsp;<\/p>\n<p style=\"font-weight: 400;\"><strong>S\u00e1bado 11 &#8211; Plaza de Toros &#8211; Reinauguraci\u00f3n de las Galer\u00edas y Exposiciones. Desde las 11:00 hasta las 20:00 h.<\/strong><\/p>\n<p style=\"font-weight: 400;\">&nbsp;<\/p>\n<p style=\"font-weight: 400;\">El s\u00e1bado 11 a las 11:00 horas y 111 a\u00f1os despu\u00e9s, el Intendente de Colonia Dr. Carlos Moreira, el Movimiento Salvemos la Plaza de Toros, vecinos y estudiantes dar\u00e1n un \u201cAbrazo Fraternal\u201d al Real de San Carlos. Y ser\u00e1 ese abrazo en ese preciso momento que, junto al pueblo coloniense, se dar\u00e1 comienzo a los festejos en la ciudad.<\/p>\n<p style=\"font-weight: 400;\">Un Abrazo Fraternal a un \u201cPatrimonio Nacional que hoy luce de pie exhibiendo el mejor porte\u201d.<\/p>\n<p>&nbsp;<\/p>\n<p style=\"text-align: center;\"><iframe title=\"YouTube video player\" src=\"https:\/\/www.youtube.com\/embed\/GfG0JsY2_Pg\" allowfullscreen=\"allowfullscreen\" width=\"560\" height=\"315\" frameborder=\"0\"><\/iframe><\/p>\n<p>&nbsp;<\/p>\n<p style=\"font-weight: 400;\">&nbsp;<\/p>\n<p style=\"font-weight: 400;\">Y adem\u00e1s las puertas del Real quedan abiertas y de la mano de la Direcci\u00f3n de Turismo. El p\u00fablico podr\u00e1 conocer m\u00e1s sobre la historia visitando las diferentes exposiciones que estar\u00e1n presentes en esta etapa del lanzamiento:<\/p>\n<p style=\"font-weight: 400;\">&nbsp;<\/p>\n<p style=\"font-weight: 400;\"><strong><em>Espacio Museo Plaza de Toros<\/em><\/strong><\/p>\n<p style=\"font-weight: 400;\">Estar\u00e1 dedicado a la exposici\u00f3n de piezas de museo referentes a la historia de la Plaza. Se expondr\u00e1n objetos de toreros (por ejemplo el traje de Bombita de la corrida inaugural), de toros (emboladuras, banderillas), merchandising de \u00e9poca (prendedores, abanicos), planos y afiches.<\/p>\n<p style=\"font-weight: 400;\">&nbsp;<\/p>\n<p style=\"font-weight: 400;\"><strong><em>Espacio Museo Emprendimiento Tur\u00edstico Real de San Carlos<\/em><\/strong><\/p>\n<p style=\"font-weight: 400;\">Se mostrar\u00e1 el emprendimiento tur\u00edstico en su totalidad, el Muelle, el Front\u00f3n \u00c9uscaro, el Hotel-Casino, el espacio de ba\u00f1os y la Plaza. Se crear\u00e1n diferentes escenograf\u00edas con piezas originales que representan el esp\u00edritu de la \u00e9poca.<\/p>\n<p style=\"font-weight: 400;\">&nbsp;<\/p>\n<p style=\"font-weight: 400;\"><em><strong>Espacio Abierto por Obra<\/strong><\/em><\/p>\n<p style=\"font-weight: 400;\">Aqu\u00ed se expondr\u00e1n im\u00e1genes del proceso de obra, en diferentes formatos, atendiendo tem\u00e1ticas diversas dentro del mismo; texturas, mano de obra, estructura, luz y fotos a\u00e9reas. Todo acompa\u00f1ado por materiales de demolici\u00f3n de obra.<\/p>\n<p style=\"font-weight: 400;\">&nbsp;<\/p>\n<p style=\"font-weight: 400;\"><strong><em>Espacio Artistas Pl\u00e1sticos + Ruta del Vino de Colonia<\/em><\/strong><\/p>\n<p style=\"font-weight: 400;\">Se mostrar\u00e1n aqu\u00ed las obras de 18 artistas pl\u00e1sticos del departamento de Colonia en un formato de 1&#215;1 m, junto a un espacio que expone los productos y los recorridos de las Ruta del vino de Colonia.<\/p>\n<p>&nbsp;<\/p>\n<figure id=\"attachment_76143\" aria-describedby=\"caption-attachment-76143\" style=\"width: 750px\" class=\"wp-caption aligncenter\"><img decoding=\"async\" class=\"wp-image-76143\" title=\" PLAZA DE TOROS REAL DE SAN CARLOS DEPARTAMENTO DE COLONIA\" src=\"https:\/\/cooltivarte.com\/portal\/wp-content\/uploads\/2021\/11\/PLAZA-DE-TOROS-REAL-DE-SAN-CARLOS-750x500-1-300x200.jpg\" alt=\" PLAZA DE TOROS REAL DE SAN CARLOS DEPARTAMENTO DE COLONIA\" width=\"750\" height=\"500\" srcset=\"https:\/\/cooltivarte.com\/portal\/wp-content\/uploads\/2021\/11\/PLAZA-DE-TOROS-REAL-DE-SAN-CARLOS-750x500-1-300x200.jpg 300w, https:\/\/cooltivarte.com\/portal\/wp-content\/uploads\/2021\/11\/PLAZA-DE-TOROS-REAL-DE-SAN-CARLOS-750x500-1.jpg 750w\" sizes=\"(max-width: 750px) 100vw, 750px\" \/><figcaption id=\"caption-attachment-76143\" class=\"wp-caption-text\"><strong>PLAZA DE TOROS REAL DE SAN CARLOS&nbsp; &#8211; <\/strong><strong>DEPARTAMENTO DE COLONIA<\/strong><\/figcaption><\/figure>\n<p>&nbsp;<\/p>\n<p style=\"font-weight: 400;\"><strong>S\u00e1bado 11 &#8211; Toda la Ciudad de fiesta<\/strong><\/p>\n<p style=\"font-weight: 400;\">&nbsp;<\/p>\n<p style=\"font-weight: 400;\">Colonia se pone de fiesta desde las 11:00 a las 02:00 h. Cinco escenarios, quince puntos de impacto (exposiciones de diferentes lugares del departamento, artistas creando en vivo, propuestas gastron\u00f3micas, toda la cultura coloniense en las calles),&nbsp;&nbsp;food trucks y desfile de autos cl\u00e1sicos desde la calle General Flores hasta la Plaza de Toros.<\/p>\n<p style=\"font-weight: 400;\">Habr\u00e1 cerca de 1300 artistas (la mayor\u00eda colonienses) presentes en los festejos entre actores, m\u00fasicos, djs, pl\u00e1sticos, fot\u00f3grafos, grupos de baile, artesanos, autores, artistas urbanos, etc.<\/p>\n<p style=\"font-weight: 400;\">Es un hecho hist\u00f3rico para todo el pa\u00eds tener tantas propuestas art\u00edsticas incluidas en un festival del interior. \u00a1Te invitamos a compartirlo con nosotros! \u00a1Ven\u00ed a Colonia!<\/p>\n<p style=\"font-weight: 400;\">&nbsp;<\/p>\n<p>&nbsp;<\/p>\n<p><a href=\"https:\/\/colonia.gub.uy\/plazadetoros\/pdf\/Grilla%20de%20Actividades.pdf\" target=\"_blank\" rel=\"noopener\"><img decoding=\"async\" class=\"aligncenter wp-image-76661 size-full\" title=\"plaza de toros colonia - actividades\" src=\"https:\/\/cooltivarte.com\/portal\/wp-content\/uploads\/2021\/11\/plaza-de-toros-colonia-actividades.jpg\" alt=\"plaza de toros colonia - actividades\" width=\"750\" height=\"156\" srcset=\"https:\/\/cooltivarte.com\/portal\/wp-content\/uploads\/2021\/11\/plaza-de-toros-colonia-actividades.jpg 750w, https:\/\/cooltivarte.com\/portal\/wp-content\/uploads\/2021\/11\/plaza-de-toros-colonia-actividades-300x62.jpg 300w\" sizes=\"(max-width: 750px) 100vw, 750px\" \/><\/a><\/p>\n<p style=\"font-weight: 400;\">&nbsp;<\/p>\n<h3 style=\"font-weight: 400;\"><strong>Detalle de los artistas y las actividades:<\/strong><\/h3>\n<p style=\"font-weight: 400;\">&nbsp;<\/p>\n<p style=\"font-weight: 400;\"><em>La Verbena<\/em>&nbsp;&#8211; Feria artesanal y feria gastron\u00f3mica con m\u00e1s de 30 emprendimientos. Escenario con m\u00fasica en vivo. Espacio Cuerpo, clases abiertas de actividades corporales. Actividades de artes pl\u00e1sticas para ni\u00f1os y ni\u00f1as.<\/p>\n<p style=\"font-weight: 400;\">&nbsp;<\/p>\n<p style=\"font-weight: 400;\"><em><strong>G\u00e9neros musicales<\/strong>:<\/em><\/p>\n<p style=\"font-weight: 400;\">Tropical, Salsa, Covers, Cumbia Pop, Rock, Indie, Fusi\u00f3n, Folclore, Candombe, Murga Canci\u00f3n, Cumbia, M\u00fasica Popular Uruguaya, Tango, Hip Hop, Rap y Freestyle.<\/p>\n<p style=\"font-weight: 400;\">&nbsp;<\/p>\n<p style=\"font-weight: 400;\"><em><strong>Bandas:<\/strong><\/em><\/p>\n<p style=\"font-weight: 400;\">The Pl\u00e1tanos, El Combo Vald\u00e9s, Penelope Magdalena, Ente, Pregoneros, Los Punktuales, Alma y Vida, Doctor Delay, Ismael Berois, La Cenicienta Show, La Charanga, Sonido Clave, Monstruo, Sebasti\u00e1n Olivera, Conspiraci\u00f3n Copibara, Rey Boga, \u00c1rtica, La Orquesta del Tata, Fer o Smith, Massi Viazzi y la Maquina Elemental, Cover Machine, La Troupe, Valeria Lima junto a Maia Castro, Dostrescinco, Emiliano y el Zurdo, Luana, Rojo Tres, Chole, Chala Madre y La Triple Nelson.<\/p>\n<p style=\"font-weight: 400;\">&nbsp;<\/p>\n<p style=\"font-weight: 400;\"><em><strong>Solistas y D\u00faos:<\/strong><\/em><\/p>\n<p style=\"font-weight: 400;\">Fernando Carro Ale, Tomas Sobrero, Mauro Carrecelas, Leo Carrecelas, Gerardo Hern\u00e1ndez, Carlos Rossi, Luis Octavio Vergara, Fabricio Santiago, Alberto Blanco, Cesar Roqueta, Seba Colo, Chelo Duarte, Jos\u00e9 Grucci, Bocato di cardenale, Tom\u00e1 Pa&#8217;v\u00f3, Valerio Faiad y Pedro Oteguy, Pu\u00f1adito de arena, Gato azul, Sofi y Nacho, Barbara Jorcin, Paola Gallo y Quique Molina D\u00fao, Tangorrantes, T\u00e9mpano Fusi\u00f3n, Yamila Guerra y Manuel Cayero, Nico Caraballo, Pilar Mato y Manu Cruzate, Conce y Maddalena, Natacha Traiman y Ale Miguez, Makko Bassahun ft Mucio Fleurent (La Sole\u00e1), Luis Benech y Jos\u00e9 Redondo, Rafa Benech y Emmanuel Benech, Eliana Gonet e Ismael Berois d\u00fao, Valeria Bon\u00e9 y Carlos Lansoain, La llave.<\/p>\n<p style=\"font-weight: 400;\">&nbsp;<\/p>\n<p style=\"font-weight: 400;\"><em><strong>Comparsas:<\/strong><\/em><\/p>\n<p style=\"font-weight: 400;\">Comparsa Femenina Dulces Guerreras, Carac\u00fa Quemao, Comparsa 10 de mayo, Ilusi\u00f3n Candombera, Morenada Lonjas, Alma Lubola.<\/p>\n<p style=\"font-weight: 400;\">&nbsp;<\/p>\n<p style=\"font-weight: 400;\"><em><strong>Djs<\/strong>:<\/em><\/p>\n<p style=\"font-weight: 400;\">DJ Left, DJ Miami + Performance, DJs back to back, DJ Agust\u00edn Petrullo, DJ Chill, DJ Gabriel Abella<\/p>\n<p style=\"font-weight: 400;\">&nbsp;<\/p>\n<p style=\"font-weight: 400;\"><em><strong>Danza:<\/strong><\/em><\/p>\n<p style=\"font-weight: 400;\">De Carmelo: Estirpe oriental, Renacer, Los Chasquis, D\u00fao Danza folcl\u00f3rica.<\/p>\n<p style=\"font-weight: 400;\">De Nueva Helvecia: Alpenveilchen, Alegres Alpinos<\/p>\n<p style=\"font-weight: 400;\">&nbsp;<\/p>\n<p style=\"font-weight: 400;\"><em><strong>Artistas Pl\u00e1sticos:<\/strong><\/em><\/p>\n<p style=\"font-weight: 400;\">Vanesa Sivori, Daniel Barbeito, Jorge Carbajal \/Perico, Gerardo Colo, \u00c1lvaro Olivera, Mart\u00edn Fraga, Carina Garc\u00eda W\u00fcrth, Alicia Fripp, Laura de Acevedo Carmelo, Marcos Fripp, Marcos Careo, Bernardo Cardarelli, Fernando Fraga, Daniela Potoka G\u00f3mez, Manu Cruzate, Cyntya Cornalino, Rosario Casa\u00f1a, Luis Zivoder.<\/p>\n<p style=\"font-weight: 400;\">&nbsp;<\/p>\n<p style=\"font-weight: 400;\"><em><strong>Callej\u00f3n Urbano &#8211; Rap, Hip hop, Dj\u00b4s, Muralistas, Freestylers, Tatuadores, locales alternativos<\/strong>:<\/em><\/p>\n<p style=\"font-weight: 400;\">Camilo Pagani, Mahel Lazo, Alexander Laicovsky, Esteban Soca, Lorenzo Fratti, Facundo Iturrioz, Andr\u00e9s Colombo, Luciano Couto Rodr\u00edguez, Nicol\u00e1s Longo Carbajal, Ezequiel Saras\u00faa, Mauro Quintana, Lucas Carro, Agust\u00edn Petrullo, Juan Ignacio Pereira, Astor Marotta, Santiago Favat, Mi Vida Loca Skateshop, Boyka Indumentaria independiente, Yuyo Brother&#8217;s Indumentaria y Accesorios, Plastik Exclusive Store Indumentaria Independiente y Accesorios, Nativo Tatoo &amp; Pearcing, Maquillaje Paola Painting Neon y Grow Shop Cultivos Sanos.<\/p>\n<p style=\"font-weight: 400;\">&nbsp;<\/p>\n<p style=\"font-weight: 400;\"><em><strong>Fotograf\u00eda y arte digital<\/strong>:<\/em><\/p>\n<p style=\"font-weight: 400;\">Rueca Films, Daniela Fern\u00e1ndez, Juan Jos\u00e9 Vizio Vel\u00e1zquez<\/p>\n<p style=\"font-weight: 400;\">&nbsp;<\/p>\n<p style=\"font-weight: 400;\"><em><strong>Muestras de literatura:<\/strong><\/em><\/p>\n<p style=\"font-weight: 400;\">Huri Arte y Edici\u00f3n, Poes\u00eda Montaraz &#8211; Ana Mar\u00eda , Olaya Ediciones &#8211; \u00c1lvaro Silva, Oya Ediciones &#8211; Malena Gonz\u00e1lez, Deletreo, Te De Boldo, Intr\u00edngulis &#8211; Ni\u00f1os y Adolescentes, Las Mareas \u2013 Impropoes\u00eda, Salvador Viko, Enzo Bussi, Daniel Abelenda &#8211; Con Deletreo, 3 Mujeres &#8211; Con Hur\u00ed, Taller Literario De Patricia Diaz Garbarino, Malena Gonz\u00e1lez \u2013 Lectura, Sebasti\u00e1n Rivero.<\/p>\n<p style=\"font-weight: 400;\">&nbsp;<\/p>\n<p style=\"font-weight: 400;\"><em><strong>Propuestas gastron\u00f3micas en la calle con barras y m\u00fasica en vivo.<\/strong><\/em><\/p>\n<p style=\"font-weight: 400;\">Choper\u00eda Mastra, Picasso, Queri\u00e9ndote, Parrillada del 37, La P\u00e9rgola, Colonia Sandwich Cofe Shop, Picnic, El Cali y Vintage, Entre amigos, Don Pedro, Soul Cocina, Pasaje de las Flores, Kamikaze, A la Pipetua, Charco, Bohemia, Reina, Santa Rita, Chez Nelson, Casa Viera, Las Rocas, La Taberna Rock, El Refugio, Parrillada El Port\u00f3n, Colonia Sandwich Cofe Shop, El Mercosur, Lentas maravillas, Archie&#8217;s pizza &amp; burgers, Cervecer\u00eda Barbot, La Locanda, Crush, SIO sushi y cocina, NAPO Pizza Napolitana, Dos 22, Mojito Parrilla &amp; Pub, La Ferneter\u00eda, Caf\u00e9 del Muelle, Restaurante del Yatching, Gibellini, OPB, Viejo Barrio.<\/p>\n<p style=\"font-weight: 400;\">&nbsp;<\/p>\n<p style=\"font-weight: 400;\">&nbsp;<\/p>\n<p style=\"font-weight: 400;\"><em><strong>Bodegas:<\/strong><\/em><\/p>\n<p style=\"font-weight: 400;\">Bodega Piccolo Banfi,&nbsp;&nbsp;Bodega Los Pinos, Bodega Hacienda del Sacramento, Bodega Vi\u00f1as del Quint\u00f3n, Bodega Los cerros de San Juan, Bodega Fripp, Bodega Zubizarreta, Bodega Familia Irurtia, Bodega Cordano, Bodega el Legado, Bodega Narbona, Bodega Campotinto, Bodega Buena Vista.<\/p>\n<p style=\"font-weight: 400;\">&nbsp;<\/p>\n<p style=\"font-weight: 400;\"><em><strong>El Paseo Nueva Helvecia consiste en:<\/strong><\/em><\/p>\n<p style=\"font-weight: 400;\">5 propuestas musicales, 8 gastron\u00f3micos, 4 cervecer\u00edas, 12 artesanos, 12 queser\u00edas.<\/p>\n<p style=\"font-weight: 400;\">&nbsp;<\/p>\n<p style=\"font-weight: 400;\"><em><strong>15 Intervenciones:<\/strong><\/em><\/p>\n<p style=\"font-weight: 400;\">Punto 1: Manuel Lobo e Ituzaing\u00f3 &#8211; Desde las 16:30 h.<\/p>\n<p style=\"font-weight: 400;\">Punto 2: San Pedro. Sol\u00eds &#8211; Desde las 16:30 h.<\/p>\n<p style=\"font-weight: 400;\">Punto 3: San Pedro. Suspiros &#8211; Desde las 16:00 h.<\/p>\n<p style=\"font-weight: 400;\">Punto 4: Plaza Mayor Henr\u00edquez de la Pe\u00f1a &#8211; Desde las 15:10 h.<\/p>\n<p style=\"font-weight: 400;\">Punto 5: Plaza Mayor Henr\u00edquez de la Pe\u00f1a (Curva) &#8211; Desde las 15:00 h.<\/p>\n<p style=\"font-weight: 400;\">Punto 6: Plaza Mayor De Las Misiones &#8211; Desde las 15:10 h.<\/p>\n<p style=\"font-weight: 400;\">Punto 7: Plaza Mayor De Las Misiones (Curva) &#8211; Desde las 15:10 h.<\/p>\n<p style=\"font-weight: 400;\">Punto 8: De La Playa y Gobernador Vasconcellos &#8211; Desde las 15:20 h.<\/p>\n<p style=\"font-weight: 400;\">Punto 9: 18 de Julio y San Antonio &#8211; Desde las 15:20 h.<\/p>\n<p style=\"font-weight: 400;\">Punto 10: 18 de Julio e Ituzaing\u00f3 &#8211; Desde las 15:25 h.<\/p>\n<p style=\"font-weight: 400;\">Punto 11: General Flores y 8 de Octubre &#8211; Desde las 13 h.<\/p>\n<p style=\"font-weight: 400;\">Punto 12: 8 de Octubre y Santa Rita &#8211; Desde las 16 h.<\/p>\n<p style=\"font-weight: 400;\">Punto 13: Paseo San Gabriel y De Las Misiones de los Tapes- Desde las 14:40 h.<\/p>\n<p style=\"font-weight: 400;\">Punto 14: Ituzaing\u00f3 entre General Flores y 18 de Julio &#8211; Desde las 12:00 h.<\/p>\n<p style=\"font-weight: 400;\">Punto 15: Manuel Lobo e Ituzaing\u00f3<\/p>\n<p style=\"font-weight: 400;\">&nbsp;<\/p>\n<p style=\"font-weight: 400;\"><em><strong>5 Escenarios<\/strong>:<\/em><\/p>\n<p style=\"font-weight: 400;\">SAN PEDRO &#8211; Desde las 15:30 h.<\/p>\n<p style=\"font-weight: 400;\">PLAZA MAYOR &#8211; Desde las 16:25 h.<\/p>\n<p style=\"font-weight: 400;\">AFE &#8211; Desde las 16:15 h.<\/p>\n<p style=\"font-weight: 400;\">GENERAL FLORES y RAMBLA &#8211; Desde las 16:00 h.<\/p>\n<p style=\"font-weight: 400;\">CALLEJ\u00d3N URBANO &#8211; Desde las 17:00 h.<\/p>\n<p style=\"font-weight: 400;\">&nbsp;<\/p>\n<p>&nbsp;<\/p>\n<p style=\"text-align: center;\"><iframe title=\"YouTube video player\" src=\"https:\/\/www.youtube.com\/embed\/czNJC7OP-8I\" allowfullscreen=\"allowfullscreen\" width=\"560\" height=\"315\" frameborder=\"0\"><\/iframe>&nbsp;<\/p>\n<p style=\"font-weight: 400;\">&nbsp;<\/p>\n<p style=\"font-weight: 400;\">&nbsp;<\/p>\n<p style=\"font-weight: 400;\">Organizaci\u00f3n general: INTENDENCIA DE COLONIA<\/p>\n<p style=\"font-weight: 400;\">Idea, realizaci\u00f3n y coordinaci\u00f3n general: Direcci\u00f3n de Relaciones P\u00fablicas y Prensa<\/p>\n<p style=\"font-weight: 400;\">&nbsp;<\/p>\n<p style=\"font-weight: 400;\">Producci\u00f3n y puesta en escena:<\/p>\n<p style=\"font-weight: 400;\">CPMU (Claudio Picerno) \u2013 El Abrazo Producciones (Quico Ferr\u00e9s).<\/p>\n<p style=\"font-weight: 400;\">&nbsp;<\/p>\n<p style=\"font-weight: 400;\">Presentan: Intendencia de Colonia y Ministerio de Turismo.<\/p>\n<p style=\"font-weight: 400;\">Invita: Montes del Plata.<\/p>\n<p style=\"font-weight: 400;\">Apoyan: BROU, Buquebus, Banco de Seguros del Estado, ANP y ANTEL.<\/p>\n<p>&nbsp;<\/p>\n<p>&nbsp;<\/p>\n","protected":false},"excerpt":{"rendered":"<p>RE INAUGURACI\u00d3N PLAZA DE TOROS REAL DE SAN CARLOS DEPARTAMENTO DE COLONIA &nbsp; Obra de la historia y del futuro. El presente que so\u00f1amos juntos. &nbsp; Luego de 111 a\u00f1os, los d\u00edas 9, 10 y 11 de diciembre ser\u00e1n el puntapi\u00e9 para la re inauguraci\u00f3n de la Plaza de Toros Real de San Carlos. En [&hellip;]<\/p>\n","protected":false},"author":8,"featured_media":76138,"comment_status":"closed","ping_status":"closed","sticky":false,"template":"","format":"standard","meta":{"om_disable_all_campaigns":false,"ngg_post_thumbnail":0,"jnews-multi-image_gallery":[],"jnews_single_post":{"subtitle":"DEPARTAMENTO DE COLONIA","format":"standard","video":"","gallery":"","source_name":"","source_url":"","via_name":"","via_url":"","override_template":"0","override":[{"template":"1","single_blog_custom":"","parallax":"1","fullscreen":"1","layout":"right-sidebar","sidebar":"default-sidebar","second_sidebar":"default-sidebar","sticky_sidebar":"1","share_position":"top","share_float_style":"share-monocrhome","show_share_counter":"1","show_view_counter":"1","show_featured":"1","show_post_meta":"1","show_post_author":"1","show_post_author_image":"1","show_post_date":"1","post_date_format":"default","post_date_format_custom":"Y\/m\/d","show_post_category":"1","show_post_reading_time":"0","post_reading_time_wpm":"300","show_zoom_button":"0","zoom_button_out_step":"2","zoom_button_in_step":"3","show_post_tag":"1","show_prev_next_post":"1","show_popup_post":"1","number_popup_post":"1","show_author_box":"0","show_post_related":"0","show_inline_post_related":"0"}],"override_image_size":"0","image_override":[{"single_post_thumbnail_size":"crop-500","single_post_gallery_size":"crop-500"}],"trending_post":"0","trending_post_position":"meta","trending_post_label":"Trending","sponsored_post":"0","sponsored_post_label":"Sponsored by","sponsored_post_name":"","sponsored_post_url":"","sponsored_post_logo_enable":"0","sponsored_post_logo":"","sponsored_post_desc":""},"jnews_primary_category":{"id":""},"jnews_social_meta":{"fb_title":"","fb_description":"","fb_image":"","twitter_title":"","twitter_description":"","twitter_image":""},"jnews_override_counter":{"override_view_counter":"0","view_counter_number":"0","override_share_counter":"0","share_counter_number":"0","override_like_counter":"0","like_counter_number":"0","override_dislike_counter":"0","dislike_counter_number":"0"},"footnotes":""},"categories":[51],"tags":[1844,10318,11636,15475,15473,15308,15474,8439],"class_list":["post-76137","post","type-post","status-publish","format-standard","has-post-thumbnail","hentry","category-noticias","tag-colonia","tag-departamento","tag-departamento-de-colonia","tag-inauguracion-plaza-de-toros-colonia","tag-intendencia-de-colonia","tag-plaza-de-toros","tag-plaza-de-toros-real-de-san-carlos","tag-san-carlos"],"yoast_head":"<!-- This site is optimized with the Yoast SEO plugin v27.5 - https:\/\/yoast.com\/product\/yoast-seo-wordpress\/ -->\n<title>RE INAUGURACI\u00d3N PLAZA DE TOROS REAL DE SAN CARLOS - Cooltivarte Portal<\/title>\n<meta name=\"description\" content=\"Luego de 111 a\u00f1os, los d\u00edas 9, 10 y 11 de diciembre ser\u00e1n el puntapi\u00e9 para la re inauguraci\u00f3n de la Plaza de Toros Real de San Carlos.\" \/>\n<meta name=\"robots\" content=\"index, follow, max-snippet:-1, max-image-preview:large, max-video-preview:-1\" \/>\n<link rel=\"canonical\" href=\"https:\/\/cooltivarte.com\/portal\/re-inauguracion-plaza-de-toros-real-de-san-carlos\/\" \/>\n<meta property=\"og:locale\" content=\"es_ES\" \/>\n<meta property=\"og:type\" content=\"article\" \/>\n<meta property=\"og:title\" content=\"RE INAUGURACI\u00d3N PLAZA DE TOROS REAL DE SAN CARLOS\" \/>\n<meta property=\"og:description\" content=\"Luego de 111 a\u00f1os, los d\u00edas 9, 10 y 11 de diciembre ser\u00e1n el puntapi\u00e9 para la re inauguraci\u00f3n de la Plaza de Toros Real de San Carlos.\" \/>\n<meta property=\"og:url\" content=\"https:\/\/cooltivarte.com\/portal\/re-inauguracion-plaza-de-toros-real-de-san-carlos\/\" \/>\n<meta property=\"og:site_name\" content=\"Cooltivarte Portal\" \/>\n<meta property=\"article:publisher\" content=\"https:\/\/www.facebook.com\/cooltivartecom\/\" \/>\n<meta property=\"article:author\" content=\"https:\/\/www.facebook.com\/cooltivartecom\" \/>\n<meta property=\"article:published_time\" content=\"2021-11-28T18:42:55+00:00\" \/>\n<meta property=\"article:modified_time\" content=\"2021-12-03T13:16:38+00:00\" \/>\n<meta property=\"og:image\" content=\"https:\/\/cooltivarte.com\/portal\/wp-content\/uploads\/2021\/11\/RE-INAUGURACION-PLAZA-DE-TOROS-REAL-DE-SAN-CARLOS-.jpg\" \/>\n\t<meta property=\"og:image:width\" content=\"644\" \/>\n\t<meta property=\"og:image:height\" content=\"340\" \/>\n\t<meta property=\"og:image:type\" content=\"image\/jpeg\" \/>\n<meta name=\"author\" content=\"Cooltivarte\" \/>\n<meta name=\"twitter:card\" content=\"summary_large_image\" \/>\n<meta name=\"twitter:title\" content=\"RE INAUGURACI\u00d3N PLAZA DE TOROS REAL DE SAN CARLOS\" \/>\n<meta name=\"twitter:description\" content=\"Luego de 111 a\u00f1os, los d\u00edas 9, 10 y 11 de diciembre ser\u00e1n el puntapi\u00e9 para la re inauguraci\u00f3n de la Plaza de Toros Real de San Carlos.\" \/>\n<meta name=\"twitter:image\" content=\"https:\/\/cooltivarte.com\/portal\/wp-content\/uploads\/2021\/11\/RE-INAUGURACION-PLAZA-DE-TOROS-REAL-DE-SAN-CARLOS-.jpg\" \/>\n<meta name=\"twitter:creator\" content=\"@https:\/\/x.com\/obolocultural\" \/>\n<meta name=\"twitter:site\" content=\"@obolocultural\" \/>\n<meta name=\"twitter:label1\" content=\"Escrito por\" \/>\n\t<meta name=\"twitter:data1\" content=\"Cooltivarte\" \/>\n\t<meta name=\"twitter:label2\" content=\"Tiempo de lectura\" \/>\n\t<meta name=\"twitter:data2\" content=\"8 minutos\" \/>\n<!-- \/ Yoast SEO plugin. -->","yoast_head_json":{"title":"RE INAUGURACI\u00d3N PLAZA DE TOROS REAL DE SAN CARLOS - Cooltivarte Portal","description":"Luego de 111 a\u00f1os, los d\u00edas 9, 10 y 11 de diciembre ser\u00e1n el puntapi\u00e9 para la re inauguraci\u00f3n de la Plaza de Toros Real de San Carlos.","robots":{"index":"index","follow":"follow","max-snippet":"max-snippet:-1","max-image-preview":"max-image-preview:large","max-video-preview":"max-video-preview:-1"},"canonical":"https:\/\/cooltivarte.com\/portal\/re-inauguracion-plaza-de-toros-real-de-san-carlos\/","og_locale":"es_ES","og_type":"article","og_title":"RE INAUGURACI\u00d3N PLAZA DE TOROS REAL DE SAN CARLOS","og_description":"Luego de 111 a\u00f1os, los d\u00edas 9, 10 y 11 de diciembre ser\u00e1n el puntapi\u00e9 para la re inauguraci\u00f3n de la Plaza de Toros Real de San Carlos.","og_url":"https:\/\/cooltivarte.com\/portal\/re-inauguracion-plaza-de-toros-real-de-san-carlos\/","og_site_name":"Cooltivarte Portal","article_publisher":"https:\/\/www.facebook.com\/cooltivartecom\/","article_author":"https:\/\/www.facebook.com\/cooltivartecom","article_published_time":"2021-11-28T18:42:55+00:00","article_modified_time":"2021-12-03T13:16:38+00:00","og_image":[{"width":644,"height":340,"url":"https:\/\/cooltivarte.com\/portal\/wp-content\/uploads\/2021\/11\/RE-INAUGURACION-PLAZA-DE-TOROS-REAL-DE-SAN-CARLOS-.jpg","type":"image\/jpeg"}],"author":"Cooltivarte","twitter_card":"summary_large_image","twitter_title":"RE INAUGURACI\u00d3N PLAZA DE TOROS REAL DE SAN CARLOS","twitter_description":"Luego de 111 a\u00f1os, los d\u00edas 9, 10 y 11 de diciembre ser\u00e1n el puntapi\u00e9 para la re inauguraci\u00f3n de la Plaza de Toros Real de San Carlos.","twitter_image":"https:\/\/cooltivarte.com\/portal\/wp-content\/uploads\/2021\/11\/RE-INAUGURACION-PLAZA-DE-TOROS-REAL-DE-SAN-CARLOS-.jpg","twitter_creator":"@https:\/\/x.com\/obolocultural","twitter_site":"@obolocultural","twitter_misc":{"Escrito por":"Cooltivarte","Tiempo de lectura":"8 minutos"},"schema":{"@context":"https:\/\/schema.org","@graph":[{"@type":"NewsArticle","@id":"https:\/\/cooltivarte.com\/portal\/re-inauguracion-plaza-de-toros-real-de-san-carlos\/#article","isPartOf":{"@id":"https:\/\/cooltivarte.com\/portal\/re-inauguracion-plaza-de-toros-real-de-san-carlos\/"},"author":{"name":"Cooltivarte","@id":"https:\/\/cooltivarte.com\/portal\/#\/schema\/person\/ec2a4f4e71b740d0c559c0ab9a157e19"},"headline":"RE INAUGURACI\u00d3N PLAZA DE TOROS REAL DE SAN CARLOS","datePublished":"2021-11-28T18:42:55+00:00","dateModified":"2021-12-03T13:16:38+00:00","mainEntityOfPage":{"@id":"https:\/\/cooltivarte.com\/portal\/re-inauguracion-plaza-de-toros-real-de-san-carlos\/"},"wordCount":1790,"publisher":{"@id":"https:\/\/cooltivarte.com\/portal\/#organization"},"image":{"@id":"https:\/\/cooltivarte.com\/portal\/re-inauguracion-plaza-de-toros-real-de-san-carlos\/#primaryimage"},"thumbnailUrl":"https:\/\/cooltivarte.com\/portal\/wp-content\/uploads\/2021\/11\/RE-INAUGURACION-PLAZA-DE-TOROS-REAL-DE-SAN-CARLOS-.jpg","keywords":["Colonia","departamento","departamento de Colonia","inauguraci\u00f3n plaza de toros colonia","INTENDENCIA DE COLONIA","PLAZA DE TOROS","PLAZA DE TOROS REAL DE SAN CARLOS","SAN CARLOS"],"articleSection":["Noticias"],"inLanguage":"es-AR"},{"@type":"WebPage","@id":"https:\/\/cooltivarte.com\/portal\/re-inauguracion-plaza-de-toros-real-de-san-carlos\/","url":"https:\/\/cooltivarte.com\/portal\/re-inauguracion-plaza-de-toros-real-de-san-carlos\/","name":"RE INAUGURACI\u00d3N PLAZA DE TOROS REAL DE SAN CARLOS - Cooltivarte Portal","isPartOf":{"@id":"https:\/\/cooltivarte.com\/portal\/#website"},"primaryImageOfPage":{"@id":"https:\/\/cooltivarte.com\/portal\/re-inauguracion-plaza-de-toros-real-de-san-carlos\/#primaryimage"},"image":{"@id":"https:\/\/cooltivarte.com\/portal\/re-inauguracion-plaza-de-toros-real-de-san-carlos\/#primaryimage"},"thumbnailUrl":"https:\/\/cooltivarte.com\/portal\/wp-content\/uploads\/2021\/11\/RE-INAUGURACION-PLAZA-DE-TOROS-REAL-DE-SAN-CARLOS-.jpg","datePublished":"2021-11-28T18:42:55+00:00","dateModified":"2021-12-03T13:16:38+00:00","description":"Luego de 111 a\u00f1os, los d\u00edas 9, 10 y 11 de diciembre ser\u00e1n el puntapi\u00e9 para la re inauguraci\u00f3n de la Plaza de Toros Real de San Carlos.","breadcrumb":{"@id":"https:\/\/cooltivarte.com\/portal\/re-inauguracion-plaza-de-toros-real-de-san-carlos\/#breadcrumb"},"inLanguage":"es-AR","potentialAction":[{"@type":"ReadAction","target":["https:\/\/cooltivarte.com\/portal\/re-inauguracion-plaza-de-toros-real-de-san-carlos\/"]}]},{"@type":"ImageObject","inLanguage":"es-AR","@id":"https:\/\/cooltivarte.com\/portal\/re-inauguracion-plaza-de-toros-real-de-san-carlos\/#primaryimage","url":"https:\/\/cooltivarte.com\/portal\/wp-content\/uploads\/2021\/11\/RE-INAUGURACION-PLAZA-DE-TOROS-REAL-DE-SAN-CARLOS-.jpg","contentUrl":"https:\/\/cooltivarte.com\/portal\/wp-content\/uploads\/2021\/11\/RE-INAUGURACION-PLAZA-DE-TOROS-REAL-DE-SAN-CARLOS-.jpg","width":644,"height":340,"caption":"RE INAUGURACI\u00d3N PLAZA DE TOROS REAL DE SAN CARLOS"},{"@type":"BreadcrumbList","@id":"https:\/\/cooltivarte.com\/portal\/re-inauguracion-plaza-de-toros-real-de-san-carlos\/#breadcrumb","itemListElement":[{"@type":"ListItem","position":1,"name":"Portada","item":"https:\/\/cooltivarte.com\/portal\/"},{"@type":"ListItem","position":2,"name":"RE INAUGURACI\u00d3N PLAZA DE TOROS REAL DE SAN CARLOS"}]},{"@type":"WebSite","@id":"https:\/\/cooltivarte.com\/portal\/#website","url":"https:\/\/cooltivarte.com\/portal\/","name":"Cooltivarte Portal","description":"Arte, cultura y turismo para el mundo ...","publisher":{"@id":"https:\/\/cooltivarte.com\/portal\/#organization"},"potentialAction":[{"@type":"SearchAction","target":{"@type":"EntryPoint","urlTemplate":"https:\/\/cooltivarte.com\/portal\/?s={search_term_string}"},"query-input":{"@type":"PropertyValueSpecification","valueRequired":true,"valueName":"search_term_string"}}],"inLanguage":"es-AR"},{"@type":"Organization","@id":"https:\/\/cooltivarte.com\/portal\/#organization","name":"cooltivarte","url":"https:\/\/cooltivarte.com\/portal\/","logo":{"@type":"ImageObject","inLanguage":"es-AR","@id":"https:\/\/cooltivarte.com\/portal\/#\/schema\/logo\/image\/","url":"https:\/\/cooltivarte.com\/portal\/wp-content\/uploads\/2020\/04\/logo-cooltivarte-v2.png","contentUrl":"https:\/\/cooltivarte.com\/portal\/wp-content\/uploads\/2020\/04\/logo-cooltivarte-v2.png","width":851,"height":243,"caption":"cooltivarte"},"image":{"@id":"https:\/\/cooltivarte.com\/portal\/#\/schema\/logo\/image\/"},"sameAs":["https:\/\/www.facebook.com\/cooltivartecom\/","https:\/\/x.com\/obolocultural","https:\/\/www.instagram.com\/_cooltivarte_\/","https:\/\/www.linkedin.com\/company\/-bolocultural?reportsuccess=8zaNG1HwhPbAR9iQhZ5rfGeqz_vQFftHun0ZWU0Wy9vNemRJ8vtcKdJvzQfW8XagyOJSKg0XvfJ1dp","https:\/\/www.pinterest.com\/cooltivarte\/","https:\/\/cooltivarte.tumblr.com\/","https:\/\/www.tiktok.com\/@cooltivarte","https:\/\/www.youtube.com\/@PrensaCooltivarte"]},{"@type":"Person","@id":"https:\/\/cooltivarte.com\/portal\/#\/schema\/person\/ec2a4f4e71b740d0c559c0ab9a157e19","name":"Cooltivarte","image":{"@type":"ImageObject","inLanguage":"es-AR","@id":"https:\/\/cooltivarte.com\/portal\/wp-content\/uploads\/2014\/05\/logo-cooltivarte-120x120.jpg","url":"https:\/\/cooltivarte.com\/portal\/wp-content\/uploads\/2014\/05\/logo-cooltivarte-120x120.jpg","contentUrl":"https:\/\/cooltivarte.com\/portal\/wp-content\/uploads\/2014\/05\/logo-cooltivarte-120x120.jpg","caption":"Cooltivarte"},"description":"Somos COOLTIVARTE.COM. Un portal digital dedicado a difundir el acontecer art\u00edstico y cultural del Uruguay. Estamos en la vuelta desde el a\u00f1o 2003, y como evoluci\u00f3n del bolet\u00edn Obolo Cultural, nos encontramos abocados a apoyar a los artistas nacionales brind\u00e1ndoles un espacio de difusi\u00f3n. Creemos en la idea de utilizar la potencialidad que hoy d\u00eda nos otorga la web, para que la cultura uruguaya y sus creadores dispongan de una din\u00e1mica ventana, que los ponga en contacto entre s\u00ed y con el mundo. Somos COOLTIVARTE.COM y pretendemos configurarnos como un portal din\u00e1mico, entretenido y atento a los nuevos emprendimientos, que busque siempre la interacci\u00f3n con los artistas.","sameAs":["http:\/\/www.cooltivarte.com","https:\/\/www.facebook.com\/cooltivartecom","https:\/\/www.instagram.com\/_cooltivarte_\/","https:\/\/www.linkedin.com\/company\/-bolocultural","https:\/\/www.pinterest.com\/cooltivarte\/","https:\/\/x.com\/https:\/\/x.com\/obolocultural","https:\/\/www.youtube.com\/@PrensaCooltivarte","https:\/\/www.tumblr.com\/blog\/cooltivarte"],"url":"https:\/\/cooltivarte.com\/portal\/author\/cooltivarte\/"}]}},"_links":{"self":[{"href":"https:\/\/cooltivarte.com\/portal\/wp-json\/wp\/v2\/posts\/76137","targetHints":{"allow":["GET"]}}],"collection":[{"href":"https:\/\/cooltivarte.com\/portal\/wp-json\/wp\/v2\/posts"}],"about":[{"href":"https:\/\/cooltivarte.com\/portal\/wp-json\/wp\/v2\/types\/post"}],"author":[{"embeddable":true,"href":"https:\/\/cooltivarte.com\/portal\/wp-json\/wp\/v2\/users\/8"}],"replies":[{"embeddable":true,"href":"https:\/\/cooltivarte.com\/portal\/wp-json\/wp\/v2\/comments?post=76137"}],"version-history":[{"count":8,"href":"https:\/\/cooltivarte.com\/portal\/wp-json\/wp\/v2\/posts\/76137\/revisions"}],"predecessor-version":[{"id":76664,"href":"https:\/\/cooltivarte.com\/portal\/wp-json\/wp\/v2\/posts\/76137\/revisions\/76664"}],"wp:featuredmedia":[{"embeddable":true,"href":"https:\/\/cooltivarte.com\/portal\/wp-json\/wp\/v2\/media\/76138"}],"wp:attachment":[{"href":"https:\/\/cooltivarte.com\/portal\/wp-json\/wp\/v2\/media?parent=76137"}],"wp:term":[{"taxonomy":"category","embeddable":true,"href":"https:\/\/cooltivarte.com\/portal\/wp-json\/wp\/v2\/categories?post=76137"},{"taxonomy":"post_tag","embeddable":true,"href":"https:\/\/cooltivarte.com\/portal\/wp-json\/wp\/v2\/tags?post=76137"}],"curies":[{"name":"wp","href":"https:\/\/api.w.org\/{rel}","templated":true}]}}