{"id":75854,"date":"2021-11-04T13:10:20","date_gmt":"2021-11-04T16:10:20","guid":{"rendered":"https:\/\/cooltivarte.com\/portal\/?p=75854"},"modified":"2021-11-04T14:15:11","modified_gmt":"2021-11-04T17:15:11","slug":"20-anos-por-y-para-la-musica-entrevista-a-jose-soba","status":"publish","type":"post","link":"https:\/\/cooltivarte.com\/portal\/20-anos-por-y-para-la-musica-entrevista-a-jose-soba\/","title":{"rendered":"20 A\u00f1os Por y Para la M\u00fasica \u2013 Entrevista a Jos\u00e9 Soba"},"content":{"rendered":"<p><img fetchpriority=\"high\" decoding=\"async\" class=\"aligncenter wp-image-75863\" title=\"Jose soba la trastienda\" src=\"https:\/\/cooltivarte.com\/portal\/wp-content\/uploads\/2021\/11\/Jose-soba-la-trastienda-2-300x300.jpg\" alt=\"Jose soba la trastienda\" width=\"750\" height=\"750\" srcset=\"https:\/\/cooltivarte.com\/portal\/wp-content\/uploads\/2021\/11\/Jose-soba-la-trastienda-2-300x300.jpg 300w, https:\/\/cooltivarte.com\/portal\/wp-content\/uploads\/2021\/11\/Jose-soba-la-trastienda-2-150x150.jpg 150w, https:\/\/cooltivarte.com\/portal\/wp-content\/uploads\/2021\/11\/Jose-soba-la-trastienda-2-768x768.jpg 768w, https:\/\/cooltivarte.com\/portal\/wp-content\/uploads\/2021\/11\/Jose-soba-la-trastienda-2-120x120.jpg 120w, https:\/\/cooltivarte.com\/portal\/wp-content\/uploads\/2021\/11\/Jose-soba-la-trastienda-2-75x75.jpg 75w, https:\/\/cooltivarte.com\/portal\/wp-content\/uploads\/2021\/11\/Jose-soba-la-trastienda-2.jpg 960w\" sizes=\"(max-width: 750px) 100vw, 750px\" \/><\/p>\n<h4>&nbsp;<\/h4>\n<h4><a href=\"https:\/\/cooltivarte.com\/portal\/?s=Jos\u00e9+Soba\" target=\"_blank\" rel=\"noopener\"><strong>Jos\u00e9 Soba<\/strong><\/a> naci\u00f3 en la ciudad de Trinidad (Flores), y se radic\u00f3 en Montevideo a los cinco a\u00f1os. Fue en la Capital que desarroll\u00f3 su carrera como m\u00fasico, y su obra al d\u00eda de hoy comprende seis discos donde el rock y el funk convergen y conversan con las manifestaciones m\u00e1s tradicionales de la m\u00fasica popular uruguaya.<\/h4>\n<h4>El pr\u00f3ximo 10 de noviembre, Jos\u00e9 se presenta en <strong>La Trastienda<\/strong> con su banda completa y varios invitados. \u00c9sta fecha conmemora los 20 a\u00f1os de la edici\u00f3n de su primer disco, \u201cAgua Fiera\u201d. Sobre estos 20 a\u00f1os vividos por y para la m\u00fasica y \u00e9ste show que \u00e9l mismo considera uno de los m\u00e1s importantes de su carrera conversamos con Jos\u00e9 en la previa de un ensayo con su banda, en el Centro de Montevideo.<\/h4>\n<p>&nbsp;<\/p>\n<p><strong>\u2013Dice el consabido poema que \u201c20 a\u00f1os no son nada\u201d. En plena v\u00edspera de tu veinte aniversario, &nbsp;\u00bfqu\u00e9 presencia dir\u00edas que tienen para vos estos a\u00f1os vividos bajo el signo del arte? \u00bfNo son nada? \u00bfSon much\u00edsimo? \u00bfSon lo que vos los hac\u00e9s valer en tenor a c\u00f3mo interiorizaste las vivencias que trajeron consigo?<\/strong><\/p>\n<p>\u2013Las tres cosas que acab\u00e1s de decir. Por un lado, estos 20 a\u00f1os pasaron volando. Realmente, cuando miro para atr\u00e1s el disco de \u201cAgua Fiera\u201d me parece que de alguna manera fue ayer. Por otro lado, en estos 20 a\u00f1os pas\u00f3 mucho en el plano musical, cultural, econ\u00f3mico y pol\u00edtico. Y por el otro lado, han sido 20 a\u00f1os en los que he podido ir rescatando las cosas que m\u00e1s quiero, y seguir adelante.&nbsp; As\u00ed que estos 20 a\u00f1os que pasaron son mucho y nada a la vez.<\/p>\n<p>&nbsp;<\/p>\n<p><strong>\u2013Tu carrera presenta una alternancia entre ediciones independientes y otras con sellos discogr\u00e1ficos, no ten\u00e9s inconveniente en transitar de un esquema de publicaci\u00f3n al otro, y volver al anterior. \u00bfQu\u00e9 es lo que determina que te decantes por uno u otro?<\/strong><\/p>\n<p>\u2013A veces pasa que es el momento de uno, y no el momento del sello, y uno busca alternativas. Hoy en d\u00eda la m\u00fasica ha cambiado mucho en sus formatos, debido al peso que tiene lo digital. Me acuerdo que cuando sacamos el primer disco fue una inversi\u00f3n enorme, y necesit\u00e1bamos el apoyo de un sello y por suerte estuvo \u00c1ngel Atienza con Perro Andaluz acompa\u00f1ando ese proyecto. Pero hoy en 2021, existen plataformas como CD Baby que te permiten hacer una edici\u00f3n digital de tu m\u00fasica.<\/p>\n<p>&nbsp;<\/p>\n<p><strong>\u2013El gran problema de \u00e9ste cambio de paradigma es que los servicios digitales como Spotify, CD Baby o Bandcamp no desarrollan al artista, son una mera plataforma de distribuci\u00f3n. Solo una compa\u00f1\u00eda discogr\u00e1fica o un sello pueden llegar a invertir el tiempo y capital necesarios como para que el artista tenga una chance de crecer exponencialmente.<\/strong><\/p>\n<p>\u2013Exactamente, tienen esa carencia. No hay curadur\u00eda. Solo sirven para subir la m\u00fasica. Y el aspecto de la curadur\u00eda para m\u00ed era importante, porque yo escuchaba a artistas de Perro Andaluz. Y era m\u00fasica de calidad, que me interesaba y que me nutr\u00eda. Y yo estaba contento de estar en ese lugar, y en esa compa\u00f1\u00eda. Y hab\u00eda todo un circuito por el cual la gente llegaba a ese sello. Hoy todo eso ha cambiado.<\/p>\n<p>&nbsp;<\/p>\n<p style=\"text-align: center;\"><iframe title=\"YouTube video player\" src=\"https:\/\/www.youtube.com\/embed\/RyqLJ0WBpys\" allowfullscreen=\"allowfullscreen\" width=\"560\" height=\"315\" frameborder=\"0\"><\/iframe><\/p>\n<p>&nbsp;<\/p>\n<p><strong>\u2013Y hoy, con seis discos editados en estos 20 a\u00f1os de carrera, incluyendo uno en vivo en la Sala Zitarrosa, \u00bfc\u00f3mo percib\u00eds vos tu evoluci\u00f3n art\u00edstica?<\/strong><\/p>\n<p>\u2013Es un proceso de aprendizaje, siempre estoy aprendiendo. En un principio ese aprendizaje era muy intuitivo, siguiendo un impulso muy fuerte que me ha mantenido siempre activo, y que es lo que hace que ahora est\u00e9 organizando \u00e9ste nuevo show en La Trastienda, y ensayando.<\/p>\n<p>Lo que me sucedi\u00f3 es que en estos \u00faltimos a\u00f1os he empezado a conceptualizar esa intuici\u00f3n, y a darme cuenta el porqu\u00e9 de alguna de esas cosas. Pero sigo haciendo todo siempre con el coraz\u00f3n adelante.<\/p>\n<p>Lo principal es aprender, y hacer las cosas diferentes a c\u00f3mo las hemos hecho antes, y que todo el trayecto recorrido sea como ra\u00edces para seguir creciendo.<\/p>\n<p>Y se trata de un aprendizaje tanto musical como art\u00edstico. En otra nota que di hoy m\u00e1s temprano comentaba que yo siento que incluso para este show estoy aprendiendo cosas nuevas en la guitarra. Nuevos solos, nuevos arreglos\u2026 cosas que capaz antes no me sal\u00edan, ahora s\u00ed me salen. Y eso me hace sentir vivo. Y de alguna manera, en el mejor momento.<\/p>\n<p>&nbsp;<\/p>\n<p><strong>\u2013\u00bfC\u00f3mo se entrelaza &nbsp;tu labor como docente de historia en bachilleratos con tu actividad como m\u00fasico? \u00bfTe ayuda a conectar con tus alumnos?<\/strong><\/p>\n<p>\u2013Son dos mundos que se complementan muy bien, a m\u00ed me hacen muy bien los dos. Y en la docencia, la m\u00fasica siempre es una puerta abierta. Cuando los estudiantes se enteran que hago m\u00fasica, o que estoy por presentarme en alg\u00fan lugar genera mucha afinidad. Puede pasar incluso que a algunos alumnos no les entrabas de otra forma. Pero a trav\u00e9s de la m\u00fasica, los pod\u00e9s alcanzar. Y eso est\u00e1 espectacular.<\/p>\n<p>&nbsp;<\/p>\n<p><strong>\u2013\u00bfC\u00f3mo se diferencia \u00e9ste show en La Trastienda de otros shows que has brindado con tu banda, y c\u00f3mo se diferencia puntualmente del que brindaste tambi\u00e9n en la Trastienda en el a\u00f1o 2015?<\/strong><\/p>\n<p>\u2013Yo creo que es uno de los shows m\u00e1s importantes que he tenido. Es mi primer show en casi 2 a\u00f1os, el \u00faltimo fue el 13 de marzo de 2020. Y adem\u00e1s, es una celebraci\u00f3n. Nosotros celebramos 20 a\u00f1os con una cantidad de canciones de una cantidad de discos. Es como volver al 2001, al 2004, al 2006, al 2010 en canciones desde el presente. Y resignificando el encuentro musical, ese encuentro musical que perdimos durante mucho tiempo, el poder dar un show y encontrarse con la gente, el poder festejar, aplaudir, bailar\u2026 todas esas almas en un mismo lugar es algo m\u00e1gico, y lo vivimos con much\u00edsima intensidad y alegr\u00eda.<\/p>\n<p>&nbsp;<\/p>\n<p style=\"text-align: center;\"><iframe title=\"YouTube video player\" src=\"https:\/\/www.youtube.com\/embed\/Jy_mQMhgEiA\" allowfullscreen=\"allowfullscreen\" width=\"560\" height=\"315\" frameborder=\"0\"><\/iframe><\/p>\n<p>&nbsp;<\/p>\n<p><strong>\u2013\u00bfC\u00f3mo se va a proponer el show desde el escenario? \u00bfCu\u00e1ntas personas integran la banda? \u00bfHay alg\u00fan disco que est\u00e9 particularmente representado en la lista de temas a interpretarse esa noche?<\/strong><\/p>\n<p>\u2013Lo estamos pensando como un viaje sonoro, con subidas, bajadas, esquinas, vueltas, momentos de pausa, momentos de velocidad\u2026 lo estamos pensando as\u00ed, con canciones de todos los discos, con una banda s\u00f3lida de cinco m\u00fasicos que son los que me vienen acompa\u00f1ando en buena medida desde hace muchos a\u00f1os:&nbsp; Mar\u00eda Noel Abella en violoncelo, tromb\u00f3n y coros, Andr\u00e9s Litmajer en bater\u00eda, Karin\u00e9 P\u00farpura en flauta traversa y Diego Banega en el bajo, que es quien se incorpor\u00f3 m\u00e1s recientemente, y renov\u00f3 la banda. Esa es la banda base con la que vamos a llevar el show, y tenemos muchos invitados.&nbsp; Pero la promesa es no decir nada, porque queremos que sea una sorpresa. Lo estamos pensando como una gran celebraci\u00f3n.<\/p>\n<p>&nbsp;<\/p>\n<p><strong>\u2013Como dec\u00eda la Vela, \u201cfestejar para sobrevivir\u201d.<\/strong><\/p>\n<p>\u2013S\u00ed, hoy m\u00e1s que nunca sabemos la importancia de celebrar, y que no nos podemos privar de esos momentos, y que los tenemos que vivir con intensidad. Y nosotros creemos que hay una buena raz\u00f3n ac\u00e1, que son estos 20 a\u00f1os de dedicaci\u00f3n a la m\u00fasica.<\/p>\n<p>\u2013En una publicaci\u00f3n reciente en tu Instagram se\u00f1al\u00e1s algo que yo creo es clave, y es que ninguna carrera se puede sostener en el tiempo si no hay amor por lo que se hace.<\/p>\n<p>\u2013Totalmente, yo creo que si algo no te apasiona, es inviable. Porque siempre hay bajadas y cuestiones que sortear que te pueden llevar a querer abandonar, y solo te vas a mantener si hay un prop\u00f3sito fuerte.<\/p>\n<p>&nbsp;<\/p>\n<p><strong>\u2013Y en tu caso, \u00bfpod\u00e9s se\u00f1alar de d\u00f3nde nace ese amor, y qu\u00e9 es lo que nutre ese prop\u00f3sito y lo vuelve tan fuerte?<\/strong><\/p>\n<p>\u2013Yo estoy convencido que la m\u00fasica es para compartir. Yo creo que la m\u00fasica es un lugar de encuentro con una generaci\u00f3n, con un pa\u00eds, con una est\u00e9tica. Y que eso lo compart\u00eds con otro, y vas abriendo puertas. Reci\u00e9n habl\u00e1bamos del v\u00ednculo que se entabla con los estudiantes, y c\u00f3mo te permite conectar, porque habl\u00e1s de una banda o de un artista y encontr\u00e1s lugares para compartir. Para m\u00ed la m\u00fasica es una de las maravillas del mundo. Y lo tengo presente, y hablando de m\u00fasica, y haciendo, y tocando yo disfruto. Y estos d\u00edas han sido buenos por eso mismo.<\/p>\n<p>&nbsp;<\/p>\n<p style=\"text-align: center;\"><iframe title=\"YouTube video player\" src=\"https:\/\/www.youtube.com\/embed\/q8gGGRO8Ocw\" allowfullscreen=\"allowfullscreen\" width=\"560\" height=\"315\" frameborder=\"0\"><\/iframe><\/p>\n<p>&nbsp;<\/p>\n<p><strong>\u2013Dado que \u00e9ste show es tan importante, \u00bfplanifican reg\u00edstralo para editarlo como disco en vivo luego?<\/strong><\/p>\n<p>\u2013Vamos a hacer un registro de alg\u00fan tema en particular, pero no lo estamos planificando como un show que luego se edite en vivo. Queremos volcar todo a la emoci\u00f3n del momento. Lo estamos pensando as\u00ed, despu\u00e9s veremos qu\u00e9 queda para el recuerdo. Pero la intenci\u00f3n es el aqu\u00ed y el ahora.<\/p>\n<p>&nbsp;<\/p>\n<p><strong>\u2013Ya pas\u00f3 alg\u00fan tiempo desde la publicaci\u00f3n de tu \u00faltimo material de estudio, y tengo que asumir que deb\u00e9s haber aprovechado la pandemia para esbozar canciones nuevas. \u00bfQu\u00e9 tan cercana ves la edici\u00f3n de un nuevo \u00e1lbum?<\/strong><\/p>\n<p>\u2013No estoy apurado por sacar un nuevo disco, mi prioridad ahora es tocar, y tocar todo lo posible. El \u00faltimo disco no lo pudimos presentar en vivo, sali\u00f3 y vino la pandemia. Lo fuimos sacando a lo largo del 2019, y el ultimo capitulo fue en febrero de 2020. Y en marzo vino la pandemia.<\/p>\n<p>Tengo ideas, he grabado algunas cosas. Pero no les he dado forma. Quiz\u00e1 el a\u00f1o que viene, uno nunca sabe. Pero en este momento no estoy apurado.<\/p>\n<p>&nbsp;<\/p>\n<p><strong>\u2013Muchas gracias por tu tiempo, Jos\u00e9. Lo \u00faltimo que te voy a pedir es que invites al p\u00fablico al evento.<\/strong><\/p>\n<p>\u2013Gracias a vos y a Cooltivarte por el espacio. Esto va a ser el mi\u00e9rcoles 10 de noviembre en La Trastienda de Montevideo a las 21:00 horas, Jos\u00e9 Soba y banda celebrando 20 a\u00f1os de m\u00fasica, una banda de cinco m\u00fasicos en escena e invitados especiales. Los esperamos, \u00a1est\u00e1n todos invitados!<\/p>\n<p>&nbsp;<\/p>\n<p>&nbsp;<br \/>\n<iframe src=\"https:\/\/open.spotify.com\/embed\/artist\/2rDBHW2bg0MP8X2PZHnLUE?utm_source=generator\" allowfullscreen=\"allowfullscreen\" width=\"100%\" height=\"380\" frameborder=\"0\"><\/iframe><br \/>\n&nbsp;<\/p>\n<p>&nbsp;<\/p>\n<p><a href=\"https:\/\/www.facebook.com\/josesobamusica\/\" target=\"_blank\" rel=\"noopener\">https:\/\/www.facebook.com\/josesobamusica\/<\/a><\/p>\n<p><a href=\"https:\/\/www.instagram.com\/jose.soba\/?hl=es-la\" target=\"_blank\" rel=\"noopener\">https:\/\/www.instagram.com\/jose.soba\/?&#8230;<\/a><\/p>\n<p>&nbsp;<\/p>\n<p>&nbsp;<\/p>\n","protected":false},"excerpt":{"rendered":"<p>&nbsp; Jos\u00e9 Soba naci\u00f3 en la ciudad de Trinidad (Flores), y se radic\u00f3 en Montevideo a los cinco a\u00f1os. Fue en la Capital que desarroll\u00f3 su carrera como m\u00fasico, y su obra al d\u00eda de hoy comprende seis discos donde el rock y el funk convergen y conversan con las manifestaciones m\u00e1s tradicionales de la [&hellip;]<\/p>\n","protected":false},"author":5,"featured_media":75863,"comment_status":"closed","ping_status":"closed","sticky":false,"template":"","format":"standard","meta":{"om_disable_all_campaigns":false,"ngg_post_thumbnail":0,"jnews-multi-image_gallery":[],"jnews_single_post":{"subtitle":"10 de noviembre se presenta en La Trastienda","format":"standard","video":"","gallery":"","source_name":"","source_url":"","via_name":"","via_url":"","override_template":"0","override":[{"template":"1","single_blog_custom":"","parallax":"1","fullscreen":"1","layout":"right-sidebar","sidebar":"default-sidebar","second_sidebar":"default-sidebar","sticky_sidebar":"1","share_position":"top","share_float_style":"share-monocrhome","show_share_counter":"1","show_view_counter":"1","show_featured":"1","show_post_meta":"1","show_post_author":"1","show_post_author_image":"1","show_post_date":"1","post_date_format":"default","post_date_format_custom":"Y\/m\/d","show_post_category":"1","show_post_reading_time":"0","post_reading_time_wpm":"300","show_zoom_button":"0","zoom_button_out_step":"2","zoom_button_in_step":"3","show_post_tag":"1","show_prev_next_post":"1","show_popup_post":"1","number_popup_post":"1","show_author_box":"0","show_post_related":"0","show_inline_post_related":"0"}],"override_image_size":"0","image_override":[{"single_post_thumbnail_size":"crop-500","single_post_gallery_size":"crop-500"}],"trending_post":"0","trending_post_position":"meta","trending_post_label":"Trending","sponsored_post":"0","sponsored_post_label":"Sponsored by","sponsored_post_name":"","sponsored_post_url":"","sponsored_post_logo_enable":"0","sponsored_post_logo":"","sponsored_post_desc":""},"jnews_primary_category":{"id":""},"jnews_social_meta":{"fb_title":"","fb_description":"","fb_image":"","twitter_title":"","twitter_description":"","twitter_image":""},"jnews_override_counter":{"override_view_counter":"0","view_counter_number":"0","override_share_counter":"0","share_counter_number":"0","override_like_counter":"0","like_counter_number":"0","override_dislike_counter":"0","dislike_counter_number":"0"},"footnotes":""},"categories":[59],"tags":[15252,1538,15253,418,5320,180,195,11152,15249,101,187,324,95,1539,15250,15251],"class_list":["post-75854","post","type-post","status-publish","format-standard","has-post-thumbnail","hentry","category-musicos","tag-agua-fiera","tag-ana-prada","tag-angel-atienza","tag-candombe","tag-flores","tag-funk","tag-jazz","tag-jose-soba","tag-jose-soba-trio","tag-la-trastienda","tag-mandrake-wolf","tag-perro-andaluz","tag-rock","tag-rossana-taddei","tag-trinidad","tag-zamba"],"yoast_head":"<!-- This site is optimized with the Yoast SEO plugin v27.5 - https:\/\/yoast.com\/product\/yoast-seo-wordpress\/ -->\n<title>20 A\u00f1os Por y Para la M\u00fasica \u2013 Entrevista a Jos\u00e9 Soba - Cooltivarte Portal<\/title>\n<meta name=\"description\" content=\"COOLTIVARTE.COM es un portal digital colaborativo de actualizaci\u00f3n permanente dedicado a difundir el acontecer art\u00edstico y cultural, entrevista artistas, gestores y productores de las diferentes disciplinas del arte, y publicando art\u00edculos de reflexi\u00f3n de producci\u00f3n propia sobre los elementos culturales.\" \/>\n<meta name=\"robots\" content=\"index, follow, max-snippet:-1, max-image-preview:large, max-video-preview:-1\" \/>\n<link rel=\"canonical\" href=\"https:\/\/cooltivarte.com\/portal\/20-anos-por-y-para-la-musica-entrevista-a-jose-soba\/\" \/>\n<meta property=\"og:locale\" content=\"es_ES\" \/>\n<meta property=\"og:type\" content=\"article\" \/>\n<meta property=\"og:title\" content=\"20 A\u00f1os Por y Para la M\u00fasica \u2013 Entrevista a Jos\u00e9 Soba - Cooltivarte Portal\" \/>\n<meta property=\"og:description\" content=\"COOLTIVARTE.COM es un portal digital colaborativo de actualizaci\u00f3n permanente dedicado a difundir el acontecer art\u00edstico y cultural, entrevista artistas, gestores y productores de las diferentes disciplinas del arte, y publicando art\u00edculos de reflexi\u00f3n de producci\u00f3n propia sobre los elementos culturales.\" \/>\n<meta property=\"og:url\" content=\"https:\/\/cooltivarte.com\/portal\/20-anos-por-y-para-la-musica-entrevista-a-jose-soba\/\" \/>\n<meta property=\"og:site_name\" content=\"Cooltivarte Portal\" \/>\n<meta property=\"article:publisher\" content=\"https:\/\/www.facebook.com\/cooltivartecom\/\" \/>\n<meta property=\"article:author\" content=\"https:\/\/www.facebook.com\/cooltivartecom\/\" \/>\n<meta property=\"article:published_time\" content=\"2021-11-04T16:10:20+00:00\" \/>\n<meta property=\"article:modified_time\" content=\"2021-11-04T17:15:11+00:00\" \/>\n<meta property=\"og:image\" content=\"https:\/\/cooltivarte.com\/portal\/wp-content\/uploads\/2021\/11\/Jose-soba-la-trastienda-2.jpg\" \/>\n\t<meta property=\"og:image:width\" content=\"960\" \/>\n\t<meta property=\"og:image:height\" content=\"960\" \/>\n\t<meta property=\"og:image:type\" content=\"image\/jpeg\" \/>\n<meta name=\"author\" content=\"Emilio P\u00e9rez Miguel\" \/>\n<meta name=\"twitter:card\" content=\"summary_large_image\" \/>\n<meta name=\"twitter:creator\" content=\"@https:\/\/twitter.com\/obolocultural\" \/>\n<meta name=\"twitter:site\" content=\"@obolocultural\" \/>\n<meta name=\"twitter:label1\" content=\"Escrito por\" \/>\n\t<meta name=\"twitter:data1\" content=\"Emilio P\u00e9rez Miguel\" \/>\n\t<meta name=\"twitter:label2\" content=\"Tiempo de lectura\" \/>\n\t<meta name=\"twitter:data2\" content=\"9 minutos\" \/>\n<!-- \/ Yoast SEO plugin. -->","yoast_head_json":{"title":"20 A\u00f1os Por y Para la M\u00fasica \u2013 Entrevista a Jos\u00e9 Soba - Cooltivarte Portal","description":"COOLTIVARTE.COM es un portal digital colaborativo de actualizaci\u00f3n permanente dedicado a difundir el acontecer art\u00edstico y cultural, entrevista artistas, gestores y productores de las diferentes disciplinas del arte, y publicando art\u00edculos de reflexi\u00f3n de producci\u00f3n propia sobre los elementos culturales.","robots":{"index":"index","follow":"follow","max-snippet":"max-snippet:-1","max-image-preview":"max-image-preview:large","max-video-preview":"max-video-preview:-1"},"canonical":"https:\/\/cooltivarte.com\/portal\/20-anos-por-y-para-la-musica-entrevista-a-jose-soba\/","og_locale":"es_ES","og_type":"article","og_title":"20 A\u00f1os Por y Para la M\u00fasica \u2013 Entrevista a Jos\u00e9 Soba - Cooltivarte Portal","og_description":"COOLTIVARTE.COM es un portal digital colaborativo de actualizaci\u00f3n permanente dedicado a difundir el acontecer art\u00edstico y cultural, entrevista artistas, gestores y productores de las diferentes disciplinas del arte, y publicando art\u00edculos de reflexi\u00f3n de producci\u00f3n propia sobre los elementos culturales.","og_url":"https:\/\/cooltivarte.com\/portal\/20-anos-por-y-para-la-musica-entrevista-a-jose-soba\/","og_site_name":"Cooltivarte Portal","article_publisher":"https:\/\/www.facebook.com\/cooltivartecom\/","article_author":"https:\/\/www.facebook.com\/cooltivartecom\/","article_published_time":"2021-11-04T16:10:20+00:00","article_modified_time":"2021-11-04T17:15:11+00:00","og_image":[{"width":960,"height":960,"url":"https:\/\/cooltivarte.com\/portal\/wp-content\/uploads\/2021\/11\/Jose-soba-la-trastienda-2.jpg","type":"image\/jpeg"}],"author":"Emilio P\u00e9rez Miguel","twitter_card":"summary_large_image","twitter_creator":"@https:\/\/twitter.com\/obolocultural","twitter_site":"@obolocultural","twitter_misc":{"Escrito por":"Emilio P\u00e9rez Miguel","Tiempo de lectura":"9 minutos"},"schema":{"@context":"https:\/\/schema.org","@graph":[{"@type":"NewsArticle","@id":"https:\/\/cooltivarte.com\/portal\/20-anos-por-y-para-la-musica-entrevista-a-jose-soba\/#article","isPartOf":{"@id":"https:\/\/cooltivarte.com\/portal\/20-anos-por-y-para-la-musica-entrevista-a-jose-soba\/"},"author":{"name":"Emilio P\u00e9rez Miguel","@id":"https:\/\/cooltivarte.com\/portal\/#\/schema\/person\/8a12eb856a39abd4301e33b75491f4ac"},"headline":"20 A\u00f1os Por y Para la M\u00fasica \u2013 Entrevista a Jos\u00e9 Soba","datePublished":"2021-11-04T16:10:20+00:00","dateModified":"2021-11-04T17:15:11+00:00","mainEntityOfPage":{"@id":"https:\/\/cooltivarte.com\/portal\/20-anos-por-y-para-la-musica-entrevista-a-jose-soba\/"},"wordCount":1792,"publisher":{"@id":"https:\/\/cooltivarte.com\/portal\/#organization"},"image":{"@id":"https:\/\/cooltivarte.com\/portal\/20-anos-por-y-para-la-musica-entrevista-a-jose-soba\/#primaryimage"},"thumbnailUrl":"https:\/\/cooltivarte.com\/portal\/wp-content\/uploads\/2021\/11\/Jose-soba-la-trastienda-2.jpg","keywords":["agua fiera","Ana Prada","angel atienza","Candombe","Flores","Funk","Jazz","Jos\u00e9 Soba","jose soba trio","La Trastienda","mandrake wolf","Perro Andaluz","Rock","Rossana Taddei","trinidad","zamba"],"articleSection":["M\u00fasica"],"inLanguage":"es-AR"},{"@type":"WebPage","@id":"https:\/\/cooltivarte.com\/portal\/20-anos-por-y-para-la-musica-entrevista-a-jose-soba\/","url":"https:\/\/cooltivarte.com\/portal\/20-anos-por-y-para-la-musica-entrevista-a-jose-soba\/","name":"20 A\u00f1os Por y Para la M\u00fasica \u2013 Entrevista a Jos\u00e9 Soba - Cooltivarte Portal","isPartOf":{"@id":"https:\/\/cooltivarte.com\/portal\/#website"},"primaryImageOfPage":{"@id":"https:\/\/cooltivarte.com\/portal\/20-anos-por-y-para-la-musica-entrevista-a-jose-soba\/#primaryimage"},"image":{"@id":"https:\/\/cooltivarte.com\/portal\/20-anos-por-y-para-la-musica-entrevista-a-jose-soba\/#primaryimage"},"thumbnailUrl":"https:\/\/cooltivarte.com\/portal\/wp-content\/uploads\/2021\/11\/Jose-soba-la-trastienda-2.jpg","datePublished":"2021-11-04T16:10:20+00:00","dateModified":"2021-11-04T17:15:11+00:00","description":"COOLTIVARTE.COM es un portal digital colaborativo de actualizaci\u00f3n permanente dedicado a difundir el acontecer art\u00edstico y cultural, entrevista artistas, gestores y productores de las diferentes disciplinas del arte, y publicando art\u00edculos de reflexi\u00f3n de producci\u00f3n propia sobre los elementos culturales.","breadcrumb":{"@id":"https:\/\/cooltivarte.com\/portal\/20-anos-por-y-para-la-musica-entrevista-a-jose-soba\/#breadcrumb"},"inLanguage":"es-AR","potentialAction":[{"@type":"ReadAction","target":["https:\/\/cooltivarte.com\/portal\/20-anos-por-y-para-la-musica-entrevista-a-jose-soba\/"]}]},{"@type":"ImageObject","inLanguage":"es-AR","@id":"https:\/\/cooltivarte.com\/portal\/20-anos-por-y-para-la-musica-entrevista-a-jose-soba\/#primaryimage","url":"https:\/\/cooltivarte.com\/portal\/wp-content\/uploads\/2021\/11\/Jose-soba-la-trastienda-2.jpg","contentUrl":"https:\/\/cooltivarte.com\/portal\/wp-content\/uploads\/2021\/11\/Jose-soba-la-trastienda-2.jpg","width":960,"height":960,"caption":"Entrevista a Jos\u00e9 Soba"},{"@type":"BreadcrumbList","@id":"https:\/\/cooltivarte.com\/portal\/20-anos-por-y-para-la-musica-entrevista-a-jose-soba\/#breadcrumb","itemListElement":[{"@type":"ListItem","position":1,"name":"Portada","item":"https:\/\/cooltivarte.com\/portal\/"},{"@type":"ListItem","position":2,"name":"20 A\u00f1os Por y Para la M\u00fasica \u2013 Entrevista a Jos\u00e9 Soba"}]},{"@type":"WebSite","@id":"https:\/\/cooltivarte.com\/portal\/#website","url":"https:\/\/cooltivarte.com\/portal\/","name":"Cooltivarte Portal","description":"Arte, cultura y turismo para el mundo ...","publisher":{"@id":"https:\/\/cooltivarte.com\/portal\/#organization"},"potentialAction":[{"@type":"SearchAction","target":{"@type":"EntryPoint","urlTemplate":"https:\/\/cooltivarte.com\/portal\/?s={search_term_string}"},"query-input":{"@type":"PropertyValueSpecification","valueRequired":true,"valueName":"search_term_string"}}],"inLanguage":"es-AR"},{"@type":"Organization","@id":"https:\/\/cooltivarte.com\/portal\/#organization","name":"cooltivarte","url":"https:\/\/cooltivarte.com\/portal\/","logo":{"@type":"ImageObject","inLanguage":"es-AR","@id":"https:\/\/cooltivarte.com\/portal\/#\/schema\/logo\/image\/","url":"https:\/\/cooltivarte.com\/portal\/wp-content\/uploads\/2020\/04\/logo-cooltivarte-v2.png","contentUrl":"https:\/\/cooltivarte.com\/portal\/wp-content\/uploads\/2020\/04\/logo-cooltivarte-v2.png","width":851,"height":243,"caption":"cooltivarte"},"image":{"@id":"https:\/\/cooltivarte.com\/portal\/#\/schema\/logo\/image\/"},"sameAs":["https:\/\/www.facebook.com\/cooltivartecom\/","https:\/\/x.com\/obolocultural","https:\/\/www.instagram.com\/_cooltivarte_\/","https:\/\/www.linkedin.com\/company\/-bolocultural?reportsuccess=8zaNG1HwhPbAR9iQhZ5rfGeqz_vQFftHun0ZWU0Wy9vNemRJ8vtcKdJvzQfW8XagyOJSKg0XvfJ1dp","https:\/\/www.pinterest.com\/cooltivarte\/","https:\/\/cooltivarte.tumblr.com\/","https:\/\/www.tiktok.com\/@cooltivarte","https:\/\/www.youtube.com\/@PrensaCooltivarte"]},{"@type":"Person","@id":"https:\/\/cooltivarte.com\/portal\/#\/schema\/person\/8a12eb856a39abd4301e33b75491f4ac","name":"Emilio P\u00e9rez Miguel","image":{"@type":"ImageObject","inLanguage":"es-AR","@id":"https:\/\/cooltivarte.com\/portal\/wp-content\/uploads\/2014\/05\/emilio_cooltivarte.jpg","url":"https:\/\/cooltivarte.com\/portal\/wp-content\/uploads\/2014\/05\/emilio_cooltivarte.jpg","contentUrl":"https:\/\/cooltivarte.com\/portal\/wp-content\/uploads\/2014\/05\/emilio_cooltivarte.jpg","caption":"Emilio P\u00e9rez Miguel"},"description":"(Montevideo, 2 de diciembre de 1979) Traductor p\u00fablico de idioma ingl\u00e9s, periodista cultural y organizador de eventos a beneficio de hospitales pedi\u00e1tricos en Uruguay y Argentina. Su labor period\u00edstica comenz\u00f3 en junio de 2009 con la fundaci\u00f3n de MusicKO, un sitio dedicado a la rese\u00f1a de artistas emergentes. En la actualidad colabora con diversos portales entre los que se incluye Cooltivarte, al cual se integr\u00f3 a inicios de 2011. Como escritor, public\u00f3 dos libros de poes\u00eda en 2009 y 2010 (\u201cOnce\u201d y \u201cTen\u201d) y uno en prosa que vio la luz en 2013 (\u201cAyer La Lluvia\u201d). \"Once\" y \"Ten\" fueron libros h\u00edbridos, con una propuesta enraizada en igual parte en la m\u00fasica y la poes\u00eda. \"Ayer La Lluvia\" aun\u00f3 esta pluralidad de formas, y se present\u00f3 con los artistas que lo inspiraron en un festival de m\u00fasica y literatura que se extendi\u00f3 durante dos a\u00f1os, al t\u00e9rmino del cual P\u00e9rez Miguel se retir\u00f3 como escritor. Las experiencias vividas durante ese tiempo fueron entonces sintetizadas en la \"Campa\u00f1a Del Juguete\", una gira de conciertos que beneficia al Hospital Pereira Rossell en Uruguay, y al Hospital Garrahan en Argentina. P\u00e9rez Miguel fue asimismo el primer escritor uruguayo en subir todos sus libros a Internet, ampar\u00e1ndose en el sistema de derechos libres conocido como Creative Commons. Bas\u00e1ndose en que \"el arte es para compartir y no para competir\" y buscando \"una democratizaci\u00f3n real de los bienes culturales\", el autor comparte su obra en su propio sitio y en diversas p\u00e1ginas que fomentan la literatura, de manera libre y gratuita.","sameAs":["http:\/\/www.emilioperezmiguel.com","https:\/\/www.facebook.com\/cooltivartecom\/","https:\/\/www.instagram.com\/_cooltivarte_\/","https:\/\/www.linkedin.com\/company\/-bolocultural","https:\/\/www.pinterest.com\/cooltivarte","https:\/\/x.com\/https:\/\/twitter.com\/obolocultural","https:\/\/www.tumblr.com\/blog\/cooltivarte"],"url":"https:\/\/cooltivarte.com\/portal\/author\/emilio\/"}]}},"_links":{"self":[{"href":"https:\/\/cooltivarte.com\/portal\/wp-json\/wp\/v2\/posts\/75854","targetHints":{"allow":["GET"]}}],"collection":[{"href":"https:\/\/cooltivarte.com\/portal\/wp-json\/wp\/v2\/posts"}],"about":[{"href":"https:\/\/cooltivarte.com\/portal\/wp-json\/wp\/v2\/types\/post"}],"author":[{"embeddable":true,"href":"https:\/\/cooltivarte.com\/portal\/wp-json\/wp\/v2\/users\/5"}],"replies":[{"embeddable":true,"href":"https:\/\/cooltivarte.com\/portal\/wp-json\/wp\/v2\/comments?post=75854"}],"version-history":[{"count":8,"href":"https:\/\/cooltivarte.com\/portal\/wp-json\/wp\/v2\/posts\/75854\/revisions"}],"predecessor-version":[{"id":75865,"href":"https:\/\/cooltivarte.com\/portal\/wp-json\/wp\/v2\/posts\/75854\/revisions\/75865"}],"wp:featuredmedia":[{"embeddable":true,"href":"https:\/\/cooltivarte.com\/portal\/wp-json\/wp\/v2\/media\/75863"}],"wp:attachment":[{"href":"https:\/\/cooltivarte.com\/portal\/wp-json\/wp\/v2\/media?parent=75854"}],"wp:term":[{"taxonomy":"category","embeddable":true,"href":"https:\/\/cooltivarte.com\/portal\/wp-json\/wp\/v2\/categories?post=75854"},{"taxonomy":"post_tag","embeddable":true,"href":"https:\/\/cooltivarte.com\/portal\/wp-json\/wp\/v2\/tags?post=75854"}],"curies":[{"name":"wp","href":"https:\/\/api.w.org\/{rel}","templated":true}]}}