{"id":75364,"date":"2021-10-22T13:24:33","date_gmt":"2021-10-22T16:24:33","guid":{"rendered":"https:\/\/cooltivarte.com\/portal\/?p=75364"},"modified":"2021-10-22T13:36:12","modified_gmt":"2021-10-22T16:36:12","slug":"festival-internacional-de-artes-experimentales-en-varias-partes-de-montevideo","status":"publish","type":"post","link":"https:\/\/cooltivarte.com\/portal\/festival-internacional-de-artes-experimentales-en-varias-partes-de-montevideo\/","title":{"rendered":"Festival Internacional de Artes Experimentales en varias partes de Montevideo"},"content":{"rendered":"<p><img fetchpriority=\"high\" decoding=\"async\" class=\"aligncenter wp-image-75368\" title=\"festival exit\" src=\"https:\/\/cooltivarte.com\/portal\/wp-content\/uploads\/2021\/10\/festival-exit-300x100.jpg\" alt=\"festival exit\" width=\"750\" height=\"250\" srcset=\"https:\/\/cooltivarte.com\/portal\/wp-content\/uploads\/2021\/10\/festival-exit-300x100.jpg 300w, https:\/\/cooltivarte.com\/portal\/wp-content\/uploads\/2021\/10\/festival-exit.jpg 600w\" sizes=\"(max-width: 750px) 100vw, 750px\" \/><\/p>\n<h2>Festival Internacional de Artes Experimentales en varias partes de Montevideo<\/h2>\n<p>Todas las actividades ser\u00e1n de entrada libre y gratuita<\/p>\n<p>&nbsp;<\/p>\n<p><strong>EXIT<\/strong> no es solamente un festival, sino la aspiraci\u00f3n de un nuevo espacio de encuentro para la experimentaci\u00f3n en Sudam\u00e9rica, que busca fundar una escena radical y comprometida de lo que se conoce como m\u00fasica &#8220;expandida&#8221;.<\/p>\n<p>Esta edici\u00f3n tendr\u00e1 lugar del <strong>jueves 18 al domingo 21 de noviembre<\/strong> del presente a\u00f1o en las principales salas de concierto de Montevideo, adem\u00e1s de otros espacios de car\u00e1cter muse\u00edstico que amparan la escena del arte sonoro dentro de las que se encuentran en<strong> total 8 locaciones<\/strong>: <strong>CCE, EAC, Planetario Municipal, Teatro Sol\u00eds, Centro de exposiciones Subte, Escuela Universitaria de m\u00fasica, Pensi\u00f3n cultural Mil\u00e1n y Facultad de artes de Udelar<\/strong>. Ser\u00e1n 4 d\u00edas de una experiencia \u00fanica a nivel sonoro y visual.<\/p>\n<p>Los espacios elegidos son de gran fortaleza y particular expresi\u00f3n conceptual donde un eje curatorial empoderante se extiende, aunando una serie de convocatorias internacionales tematizadas especialmente en la escena local, que en esta edici\u00f3n se centra en el panorama de la Nueva M\u00fasica en el Uruguay y el v\u00ednculo con fen\u00f3menos naturales y vinculados a las nuevas tecnolog\u00edas del siglo XXI.<\/p>\n<p>Adem\u00e1s el festival busca problematizar las formas de crear, generando nuevas relaciones sociales, nuevas l\u00edneas de pensamiento esc\u00e9nico y el contraste de la escena Montevideana respecto a los pa\u00edses visitantes.<\/p>\n<p>Un festival de car\u00e1cter internacional que re\u00fane espect\u00e1culos, conferencias y workshops donde participan m\u00e1s de 10 artistas de Uruguay, Espa\u00f1a, Chile, Dinamarca, Suiza y Argentina.<\/p>\n<p>El encuentro dar\u00e1 como resultado un Ensamble residente con repertorio generado en el Festival que detallaremos al finalizar la nota luego de contar sobre los participantes.<\/p>\n<p>&nbsp;<\/p>\n<p><strong><a class=\"m_-4919891973964409416mcnButton\" title=\"Programa + Reserv\u00e1 tu entrada\" href=\"https:\/\/facebook.us11.list-manage.com\/track\/click?u=97474955ec0718f1184a4ecef&amp;id=e5ffbe502e&amp;e=20bbb2d159\" target=\"_blank\" rel=\"noopener\" data-saferedirecturl=\"https:\/\/www.google.com\/url?q=https:\/\/facebook.us11.list-manage.com\/track\/click?u%3D97474955ec0718f1184a4ecef%26id%3De5ffbe502e%26e%3D20bbb2d159&amp;source=gmail&amp;ust=1634990632841000&amp;usg=AFQjCNEE9FRAn8J2fZ_ZFJYYTHrecVF4Ng\">Programa + Reserv\u00e1 tu entrada<\/a><\/strong><\/p>\n<p>&nbsp;<\/p>\n<p><img decoding=\"async\" class=\"m_-4919891973964409416mcnImage CToWUd a6T alignleft\" tabindex=\"0\" src=\"https:\/\/ci4.googleusercontent.com\/proxy\/pzOrIbvDULdC0Y5a_CJHjbjrDHevbo3y0oNK2AxnbVQM2U9jhzVhbeix0Ajkoq4-vNJj_XFeFw5ndGZ509AArBzymMbV0FmOSNJuDauOEIKmV272GN7OYT3i-om44l3qbSzJN5LxpRfkdNUwCLUOfZSkQfx0kBQ4NJJFlQ=s0-d-e1-ft#https:\/\/mcusercontent.com\/97474955ec0718f1184a4ecef\/_compresseds\/d8f61563-161c-7e5f-066e-e14db70b8b4b.jpg\" alt=\"\" width=\"182\"\/> <u><strong>Haize Lizarazu \/ Espa\u00f1a.<\/strong><\/u><br \/>\nPianista, performer sonora e improvisadora que se centra en la m\u00fasica contempor\u00e1nea y experimental.&nbsp;Ha sido y es miembro de diversos ensembles (Nou Ensemble, Tamgram Trio, Container Ensemble) y tambi\u00e9n caben destacar trabajos esc\u00e9nicos anteriores como&nbsp;<a href=\"https:\/\/facebook.us11.list-manage.com\/track\/click?u=97474955ec0718f1184a4ecef&amp;id=3b57e68b4c&amp;e=20bbb2d159\" target=\"_blank\" rel=\"noopener\" data-saferedirecturl=\"https:\/\/www.google.com\/url?q=https:\/\/facebook.us11.list-manage.com\/track\/click?u%3D97474955ec0718f1184a4ecef%26id%3D3b57e68b4c%26e%3D20bbb2d159&amp;source=gmail&amp;ust=1634990632841000&amp;usg=AFQjCNG3oIGYLCPsBnm14gdcwCH75vGeQQ\">KEY CLICK-a [no]<\/a>&nbsp;piano concert, el cual ha presentado en diferentes pa\u00edses (Suiza, Espa\u00f1a, Brasil, Alemania) o su \u00faltimo trabajo,&nbsp;<a href=\"https:\/\/facebook.us11.list-manage.com\/track\/click?u=97474955ec0718f1184a4ecef&amp;id=5acfbd170c&amp;e=20bbb2d159\" target=\"_blank\" rel=\"noopener\" data-saferedirecturl=\"https:\/\/www.google.com\/url?q=https:\/\/facebook.us11.list-manage.com\/track\/click?u%3D97474955ec0718f1184a4ecef%26id%3D5acfbd170c%26e%3D20bbb2d159&amp;source=gmail&amp;ust=1634990632841000&amp;usg=AFQjCNFJPeSAahhlEPW_g1LYB-rKfayJ-g\">MANUAL-Hands<\/a>&nbsp;as Instruments.<\/p>\n<p>&nbsp;<\/p>\n<p>&nbsp;<\/p>\n<p>&nbsp;<\/p>\n<p><u><strong><br \/>\n<img decoding=\"async\" class=\"m_-4919891973964409416mcnImage CToWUd a6T alignleft\" tabindex=\"0\" src=\"https:\/\/ci4.googleusercontent.com\/proxy\/jeJvDGv-6IR4aFCsq_kb-I5slPLg8Lv1PA4qyEtgyj3uV4Pnk4HbnCQatbW8Nx6sclcVK2IKDXy39B4Y30gs6Ii8jL0VdRRdZoTQTw59HPjL9yPe6Gvdvc-rSWALjozwOUlD3BBh2jIB3qurH5myDCh21FpMF2f-mF3Dkg=s0-d-e1-ft#https:\/\/mcusercontent.com\/97474955ec0718f1184a4ecef\/_compresseds\/34169e18-1c38-1c72-1c10-c7ce7789e646.jpg\" alt=\"\" width=\"182\"\/>Fernando Manassero \/ Argentina, Suiza.<\/strong><\/u><br \/>\nFernando Manassero es compositor y docente argentino radicado en Suiza. Es licenciado en Composici\u00f3n Musical de la UNC. Actualmente su trabajo se encuentra en el cruce entre la m\u00fasica de tradici\u00f3n escrita, la m\u00fasica electr\u00f3nica y el pop experimental.<\/p>\n<p>Dise\u00f1a dispositivos instrumentales en un espectro que abarca desde instrumentos ac\u00fasticos y electr\u00f3nicos hasta objetos amplificados y elementos visuales.&nbsp;En su m\u00fasica el oyente se sumerge en una dramaturgia de gestos ef\u00edmeros de gran vitalidad. Su m\u00fasica ha sido programada en Sudam\u00e9rica, Europa y Estados Unidos.<\/p>\n<p>&nbsp;<\/p>\n<p>&nbsp;<\/p>\n<p><img decoding=\"async\" class=\"m_-4919891973964409416mcnImage CToWUd a6T alignleft\" tabindex=\"0\" src=\"https:\/\/ci6.googleusercontent.com\/proxy\/Z9X66eOGo_x8i8LkVYHhJxDWupCOJx4ggEVhqHbt3dtFzZ8yXDhnAdSza_BWrsMn0k0M6ySpmIsSkxmltXSzv5dXRFTqV_lCwR7GEukQLY_sqAhJeNiLcY4R5a6qmeWJNozszEn1nehq7aiOInyoOJjSTBC2e6HQ2xP78Q=s0-d-e1-ft#https:\/\/mcusercontent.com\/97474955ec0718f1184a4ecef\/_compresseds\/4f4aa74a-701e-189e-0975-dc784046a2d1.jpg\" alt=\"\" width=\"182\"\/><u><strong>Carolina Carrizo \/ Argentina.<\/strong><\/u><strong>&nbsp;<\/strong><br \/>\nCompositora y docente. Licenciada en M\u00fasica orientaci\u00f3n composici\u00f3n de la Facultad de Artes (Universidad Nacional de La Plata). En noviembre 2020 ha participado como compositora activa en Internacional Young Composers Academy in Tchaikovsky Academy (Modalidad virtual) escribiendo la obra Por qu\u00e9 grita para flauta y clarinete bajo en Sib, estrenada en diciembre en Mosc\u00fa por int\u00e9rpretes miembros del MCME.<\/p>\n<p>Sus obras se han interpretado en La Plata CABA (Arg), Tel Aviv (Israel), Aahrus (Dinamarca), Estocolmo (Suecia), Helsinki (Finlandia), Salvador de Bah\u00eda (Brasil), Mosc\u00fa (Rusia), y en eventos online.<\/p>\n<p>&nbsp;<\/p>\n<p>&nbsp;<\/p>\n<div><u><strong><br \/>\n<img decoding=\"async\" class=\"m_-4919891973964409416mcnImage CToWUd a6T alignleft\" tabindex=\"0\" src=\"https:\/\/ci4.googleusercontent.com\/proxy\/SG9R_WVocVkrKuA_L-Vapj_06KZADwDzavVUM1elCl5DM6vFF8WQrDHAFDOozgA2sfJWW1n5E0G6gpy3ticA5kwfVVXHiIfk9927QndJKQkW8XJb5SNdXoZXuhx-BtaFm0Hl4-7ed-iL7ra7-Sf6ETqrEUo38i_BiggU4A=s0-d-e1-ft#https:\/\/mcusercontent.com\/97474955ec0718f1184a4ecef\/_compresseds\/326bd26c-5e82-4ff1-2f30-81d4cfe23677.jpg\" alt=\"\" width=\"182\"\/>Osvaldo Bud\u00f3n \/ Uruguay, Argentina.<\/strong><\/u><\/div>\n<div>Profesor de composici\u00f3n en la Universidad de la Rep\u00fablica e investigador del Sistema Nacional de Investigadores de Uruguay. Su m\u00fasica ha sido editada en CD en Argentina, Holanda, EUA y Canad\u00e1, y presentada en festivales internacionales como Mikromusik (Berlin), Monteaudio (Montevideo), Tage F\u00fcr Neue Musik (Z\u00fcrich), Festival F\u00fcr Neue Musik (M\u00fcnster), Forum Neuer Musik (K\u00f6ln) y Faithful II (Berlin).<\/div>\n<div>&nbsp;<\/div>\n<div>En los a\u00f1os 90 vivi\u00f3 en Montreal. All\u00ed complet\u00f3 estudios de Maestr\u00eda y Doctorado en la Universidad McGill, donde fue tambi\u00e9n docente por contrato de teor\u00eda y m\u00fasica electroac\u00fastica. Durante 2014 residi\u00f3 en Berl\u00edn, como invitado del programa Artistas en Berl\u00edn del DAAD.<\/div>\n<div>&nbsp;<\/div>\n<div>&nbsp;<\/div>\n<div>&nbsp;<\/div>\n<div>\n<p><img decoding=\"async\" class=\"m_-4919891973964409416mcnImage CToWUd a6T alignleft\" tabindex=\"0\" src=\"https:\/\/ci5.googleusercontent.com\/proxy\/Y8m0-MUi0ZmXqSkJy_EiHhffx92pKEiGecxYcL-nYRhKkUdCjMJhTiTIKUJYyyj6efpObvEwwqE5FHOJBH48EPI6dZ9Xm6g_2Mt2i4FqrTTE6NpAXTCXCAlEzFZI3TBwM5BKftGKhFE_uNcxyc0gysAg2UGkPAjEwvXdmQ=s0-d-e1-ft#https:\/\/mcusercontent.com\/97474955ec0718f1184a4ecef\/_compresseds\/c8b49df8-a2ae-842b-a59e-a01864f5733d.jpg\" alt=\"\" width=\"182\"\/><\/p>\n<div><u><strong>Juanita Fern\u00e1ndez \/ Uruguay.<\/strong><\/u><\/div>\n<div>Licenciada en Interpretaci\u00f3n Musical con especializaci\u00f3n en percusi\u00f3n en el Instituto Escuela Universitaria de M\u00fasica de la Facultad de Artes (Udelar).&nbsp;Desde el a\u00f1o 2000 se desarrolla adem\u00e1s en artes esc\u00e9nicas, danza, canto y composici\u00f3n. Forma y participa en diversos proyectos en los principales festivales de m\u00fasica contempor\u00e1nea de Montevideo y Buenos Aires.&nbsp;Ha participado en estrenos Latinoamericanos de repertorio de m\u00fasica contempor\u00e1nea de nivel internacional, compartiendo escena con compositores como Steve Reich.&nbsp;<\/div>\n<\/div>\n<div>&nbsp;<\/div>\n<div>&nbsp;<\/div>\n<div>&nbsp;<\/div>\n<div>&nbsp;<\/div>\n<div>\n<div><u><strong><br \/>\n<img decoding=\"async\" class=\"m_-4919891973964409416mcnImage CToWUd a6T alignleft\" tabindex=\"0\" src=\"https:\/\/ci5.googleusercontent.com\/proxy\/MVDYrNfT0ivR8TIhmpkmS_0amLPL2343uKCr3dLtJlDEvRFkc-tSQdLp2FvofDnzIabxVGqSaXjWGb2D2QNUKGNKnTvMCDQ015M5gNOClfLRnu9BsKdWgmANMwa9hJnsV-rnQGdk-kvWlbueW7uwPO4grh8uwwU8qCJY1A=s0-d-e1-ft#https:\/\/mcusercontent.com\/97474955ec0718f1184a4ecef\/_compresseds\/74ed5dcd-bf85-2b5a-db6b-8225a1c9c72c.jpg\" alt=\"\" width=\"182\"\/>reCovert \/ Suiza, Dinamarca.<\/strong><\/u><\/div>\n<div>D\u00fao integrado&nbsp;por Roberto Maqueda&nbsp;y Lorenzo Colombo, nace como una extensi\u00f3n natural del repertorio de percusi\u00f3n de los \u00faltimos setenta a\u00f1os, para convertirse en un sello de identidad que rechaza definiciones gen\u00e9ricas y apuesta por un trabajo continuo entre diferentes artistas en el que el cuestionamiento de los dogmas de la academia est\u00e1 en primer plano. Desarrolla actividades en Europa, Am\u00e9rica y Asia. Su labor continuada incluye, adem\u00e1s de conciertos, talleres en diversas instituciones como el Royal College of London, Universidad Tres de Febrero de Buenos Aires, Columbia University (Nueva York), entre otras.<\/div>\n<\/div>\n<div>&nbsp;<\/div>\n<div>&nbsp;<\/div>\n<div>&nbsp;<\/div>\n<div>&nbsp;<\/div>\n<div>\n<p><img decoding=\"async\" class=\"m_-4919891973964409416mcnImage CToWUd a6T alignleft\" tabindex=\"0\" src=\"https:\/\/ci4.googleusercontent.com\/proxy\/dWpsiG992w_lifkcaT_pIWF8BAd6829FhEcRimksnuEWf8hTaWEGFItm0KZe-l8LBzNFI1KIahr2x6otIsE3IUzBUSwFN5GAmtz3OYVyCWJVHVV56N91vGqO3xpOrXlK6A1POGX8T5_XL3t0LC5mInjZsIAUFx3-hcfO_A=s0-d-e1-ft#https:\/\/mcusercontent.com\/97474955ec0718f1184a4ecef\/_compresseds\/f55fd2ec-e189-a0eb-1c14-29e2bd92b3fd.jpg\" alt=\"\" width=\"182\"\/><\/p>\n<div><u><strong>Sof\u00eda Scheps \/ Uruguay.<\/strong><\/u><\/div>\n<div>\n<p>Compositora uruguaya egresada de la Escuela Universitaria de M\u00fasica. Su investigaci\u00f3n y producci\u00f3n art\u00edstica circula en las fronteras de la m\u00fasica de c\u00e1mara, mixta, electroac\u00fastica, experimental y el arte sonoro.<\/p>\n<p>Ha estrenado obras y participado en festivales en Uruguay, Chile, M\u00e9xico, Estados Unidos, Canad\u00e1, Espa\u00f1a, Suiza y Alemania. Adem\u00e1s dedica parte de su tiempo al dise\u00f1o de sonido y composici\u00f3n de m\u00fasica original para piezas audiovisuales.<\/p>\n<\/div>\n<\/div>\n<div>&nbsp;<\/div>\n<div>&nbsp;<\/div>\n<div>&nbsp;<\/div>\n<div>&nbsp;<\/div>\n<div>\n<div><u><strong><br \/>\n<img decoding=\"async\" class=\"m_-4919891973964409416mcnImage CToWUd a6T alignleft\" tabindex=\"0\" src=\"https:\/\/ci6.googleusercontent.com\/proxy\/rADmBjn8U2W30M-INEefIY5UOzZJE8lBIPE-KaRwIXedZF5Rq9jMv15nvfIRY74r3nXjSrzmD_JBERGDCLiNod2V0o-FpIbejduvNSxmBuoXM0W9Pr6GePt7a3Zv_aOZ8a3SjeoUqyQn4bLuE95RR2DeO_GOvdYDXc1nqw=s0-d-e1-ft#https:\/\/mcusercontent.com\/97474955ec0718f1184a4ecef\/_compresseds\/8b8fa2b3-2f32-5c31-a9c0-9118cd1d711a.jpg\" alt=\"\" width=\"182\"\/>Pol Villasuso \/ Uruguay.<\/strong><\/u><\/div>\n<div>\n<p>Conocido como AUTOPOL desde 2010, es m\u00fasico autodidacta, artista e investigador sonoro. Explora la s\u00edntesis anal\u00f3gica y digital en un entorno de ruido, a-sincron\u00eda y superposici\u00f3n de sonido polim\u00f3rfico, dise\u00f1ando atm\u00f3sferas de sonido complejas y confusas y para momentos austeras e impactantes.<\/p>\n<p>Sus actuaciones en vivo son siempre diferentes. Basado en la improvisaci\u00f3n casi exclusivamente las categor\u00edas y los l\u00edmites musicales de (des)armon\u00eda, (a) el ritmo y el tempo a menudo se confunden y se desvanecen en el sonido\/aire visual.<\/p>\n<\/div>\n<\/div>\n<div>&nbsp;<\/div>\n<div>&nbsp;<\/div>\n<div>&nbsp;<\/div>\n<div>\n<p><img decoding=\"async\" class=\"m_-4919891973964409416mcnImage CToWUd a6T alignleft\" tabindex=\"0\" src=\"https:\/\/ci3.googleusercontent.com\/proxy\/eDWBk9m5OLV139aox1ylp1zWR1FWlkW4B1uaYEI_8C_Z1GmKm4sEPXEvYQk2E5rHznCtlQIbsDYwZuRN26kaO2ShYuFg_69vKxOJ-BpbSed_Jhpugvy3NSUTK8c3hywFCi6EKoJZLgoO0EA3QaB0NTgucsAxmHJW9UwQOQ=s0-d-e1-ft#https:\/\/mcusercontent.com\/97474955ec0718f1184a4ecef\/_compresseds\/4092f870-10f9-cc8d-6bb9-3e95eab19800.jpg\" alt=\"\" width=\"182\"\/><\/p>\n<div><u><strong>Mathias Chumino&nbsp;\/ Uruguay.<\/strong><\/u><\/div>\n<div>Tambi\u00e9n conocido como C03RA es un artista multimedia especializado en la experimentaci\u00f3n y manipulaci\u00f3n de im\u00e1genes y sonido con software y hardware de vanguardia. Su obra ofrece experiencias inmersivas cautivantes logradas a trav\u00e9s del procesamiento experimental con una est\u00e9tica pulida y po\u00e9ticamente desafiante. Su trabajo en artes visuales y en cine se ha expuesto en medios tradicionales y digitales y ha sido galardonado en festivales de todo el mundo.<\/div>\n<\/div>\n<div>&nbsp;<\/div>\n<div>&nbsp;<\/div>\n<div>&nbsp;<\/div>\n<div>&nbsp;<\/div>\n<div>\n<div><u><strong><br \/>\n<img decoding=\"async\" class=\"m_-4919891973964409416mcnImage CToWUd a6T alignleft\" tabindex=\"0\" src=\"https:\/\/ci3.googleusercontent.com\/proxy\/YbCgVPdnUBdOhwFyfUHyCz2N9_eMJ0iAj09kx-rsYFmgzpz9bJngnwxq3uOGTbKaZxkxUHKcpiDtGaVBmecOssbFqb7MX8JpJyGOw7nXpC4T9Eh9CGqIQih-We0MeTJ_BvIh-PU3V6sXQ_0wJdFBEDsjH6UKV2cIx1q_Aw=s0-d-e1-ft#https:\/\/mcusercontent.com\/97474955ec0718f1184a4ecef\/_compresseds\/ccb98601-96fb-e45c-ec85-6c78e513b719.jpg\" alt=\"\" width=\"182\"\/>Mike Hinkediker \/ Uruguay.<\/strong><\/u><\/div>\n<div>\n<p>Es integrante de la Orquesta Sinf\u00f3nica del Sodre y docente de la Escuela de M\u00fasica Vicente Ascone. Ha participado en numerosas oportunidades junto a la Orquesta Filarm\u00f3nica de Montevideo, el Conjunto Nacional de M\u00fasica de C\u00e1mara, la Camerata Acad\u00e9mica de Montevideo y la Orquesta de la Academia de M\u00fasica y Danza de Juerusalem, bajo la direcci\u00f3n de grandes maestros tanto nacionales como extranjeros.<\/p>\n<p>Adem\u00e1s, ha colaborado junto a m\u00fasicos de distintas colectividades, brindando conciertos en Uruguay, Argentina, Chile e Israel junto a bandas tradicionales escocesas, agrupaciones de m\u00fasica y danza \u00e1rabe, flamenco, m\u00fasica hebrea y m\u00fasica tradicional japonesa, entre otras.<\/p>\n<\/div>\n<\/div>\n<div>&nbsp;<\/div>\n<div>&nbsp;<\/div>\n<div>&nbsp;<\/div>\n<div>\n<p><img decoding=\"async\" class=\"m_-4919891973964409416mcnImage CToWUd a6T alignleft\" tabindex=\"0\" src=\"https:\/\/ci6.googleusercontent.com\/proxy\/AuFz6Tcc-sQUDEOyQUhNkF2AbsQygucK_3biH7MQH92a2wvPDmzZZndILnu5yZBD_Tla2z82H_pqhdzXzVXhBRhpb8Kn2w2C0EOII-kuTyj-CNV3da8BQezARSo3NyI53j51lO2Fyws5NNJFzG5bSO26sE6CTsKx8vRvag=s0-d-e1-ft#https:\/\/mcusercontent.com\/97474955ec0718f1184a4ecef\/_compresseds\/8bc1aa9e-6017-bbe8-26ff-ce43c379f821.jpg\" alt=\"\" width=\"182\"\/><\/p>\n<div><u><strong>Mart\u00edn Garc\u00eda \/ Uruguay.<\/strong><\/u><\/div>\n<div>\n<p>Director que cuenta con dos d\u00e9cadas de trayectoria, actuando en el podio tanto en conciertos sinf\u00f3nicos como en producciones de \u00f3pera y ballet. Dirigi\u00f3 orquestas en Uruguay, Argentina, Brasil, Estados Unidos, Espa\u00f1a, Ucrania e Italia. Fue Director Art\u00edstico Musical de la Orquesta Sinf\u00f3nica del SODRE (2016-2017) y Director Musical del Ballet Nacional Sodre (2010-2017).<\/p>\n<p>Como director sinf\u00f3nico ha frecuentado repertorios de todas las \u00e9pocas y estilos, y como director de ballet dirigi\u00f3 casi todos los principales t\u00edtulos. \u00c1vido int\u00e9rprete del repertorio uruguayo, en 2017 dirigi\u00f3 los conciertos de celebraci\u00f3n del Centenario del tango \u201cLa Cumparsita\u201d en Montevideo y Nueva York.<\/p>\n<\/div>\n<\/div>\n<div>&nbsp;<\/div>\n<div>&nbsp;<\/div>\n<div>\n<div><u><strong><br \/>\n<img decoding=\"async\" class=\"m_-4919891973964409416mcnImage CToWUd a6T alignleft\" tabindex=\"0\" src=\"https:\/\/ci5.googleusercontent.com\/proxy\/5aGAtyI5A8gZ-1mxZzvqQ0sU_f_qgK_3xwR81_f-rb77eY6tKQkPSlcr0gFQRPSLXSgIZzhFkkQypy68a_6Vsr_HnQ9ZVolmd_zAR5KcnZXaBMztvdZ35nijiDfQd03yoOffJJzfB9uLN54aGMSOEh7w9FpUxVt5ve3dCg=s0-d-e1-ft#https:\/\/mcusercontent.com\/97474955ec0718f1184a4ecef\/_compresseds\/751a19fc-22f6-f96b-5cf3-4b594cfb1536.jpg\" alt=\"\" width=\"182\"\/>Sebasti\u00e1n Pereira \/ Uruguay.<\/strong><\/u><\/div>\n<div>\n<p>Licenciado en Interpretaci\u00f3n Instrumental: Percusi\u00f3n. Ha participado como percusionista en numerosos conciertos junto al Ensamble de Percusi\u00f3n de Montevideo, la Orquesta Filarm\u00f3nica de Montevideo, la Orquesta Sinf\u00f3nica del SODRE, la Banda Sinf\u00f3nica de Montevideo, entre otras, y junto a artistas destacados de Uruguay, en las m\u00e1s importantes salas de la regi\u00f3n.<\/p>\n<p>Adem\u00e1s, es co-organizador y director art\u00edstico de P\u00falsar, Conciertos Contempor\u00e1neos, trabajando en el desarrollo y difusi\u00f3n de la m\u00fasica contempor\u00e1nea en el medio.<\/p>\n<\/div>\n<\/div>\n<div>&nbsp;<\/div>\n<div>&nbsp;<\/div>\n<div>&nbsp;<\/div>\n<div>\n<div><strong><em>Ensamble residente del Festival EXIT<\/em><\/strong><br \/>\n&nbsp;<br \/>\nEste ensamble creado especialmente para el <strong>Festival EXIT<\/strong> lo componen reconocidos m\u00fasicos del \u00e1mbito local que se desempe\u00f1an a nivel profesional en repertorio cl\u00e1sico, popular y contempor\u00e1neo. Este ensamble ser\u00e1 el encargado de presentar el repertorio que se generar\u00e1 en el Festival y los estrenos absolutos que impliquen ensambles de instrumentaci\u00f3n mixta.<br \/>\n&nbsp;<\/div>\n<div>Sebasti\u00e1n Pereira_ Controlador\/PS3<br \/>\nRicardo G\u00f3mez_ Controlador\/PS3<br \/>\nHaize Lizarazu_ Controlador\/PS3<br \/>\nLorenzo Colombo_ Controlador\/PS3<br \/>\n&nbsp;<br \/>\n<strong>Mathias Craciun_ Viol\u00edn<\/strong><br \/>\n<strong>Lucrecia Basald\u00faa_ Violoncello<\/strong><br \/>\n<strong>Pablo Somma_ Flauta traversa, piccolo y flauta bajo<\/strong><br \/>\n<strong>Fabi\u00e1n Pietrafesa_ Clarinete y Clarinete bajo<\/strong><br \/>\n<strong>Mike Hinkediken_ Percusi\u00f3n<\/strong><br \/>\n<strong>Juan Mart\u00edn L\u00f3pez_ Guitarra El\u00e9ctrica<\/strong><br \/>\n<strong>Juan Asuaga_ Guitarra El\u00e9ctrica<\/strong><br \/>\n<strong>Santiago Bogacz_ Guitarra El\u00e9ctrica<\/strong><br \/>\n<strong>Nicol\u00e1s Gonzalez_ Guitarra El\u00e9ctrica<\/strong><br \/>\n<strong>Daniel Lacuesta_ Guitarra El\u00e9ctrica<\/strong><br \/>\n&nbsp;<br \/>\n<strong>Mart\u00edn Garc\u00eda<\/strong> _ Director<\/div>\n<\/div>\n<div>&nbsp;<\/div>\n<div>&nbsp;<\/div>\n<div><a href=\"https:\/\/www.instagram.com\/festivalexit\/\" target=\"_blank\" rel=\"noopener\">https:\/\/www.instagram.com\/festivalexit\/<\/a><\/div>\n<div>&nbsp;<\/div>\n<div><a href=\"https:\/\/linktr.ee\/festivalexit\" target=\"_blank\" rel=\"noopener\">https:\/\/linktr.ee\/festivalexit<\/a><\/div>\n<div>&nbsp;<\/div>\n<div><a href=\"https:\/\/twitter.com\/FestivalExit\" target=\"_blank\" rel=\"noopener\">https:\/\/twitter.com\/FestivalExit<\/a><\/div>\n<div>&nbsp;<\/div>\n","protected":false},"excerpt":{"rendered":"<p>Festival Internacional de Artes Experimentales en varias partes de Montevideo Todas las actividades ser\u00e1n de entrada libre y gratuita &nbsp; EXIT no es solamente un festival, sino la aspiraci\u00f3n de un nuevo espacio de encuentro para la experimentaci\u00f3n en Sudam\u00e9rica, que busca fundar una escena radical y comprometida de lo que se conoce como m\u00fasica [&hellip;]<\/p>\n","protected":false},"author":8,"featured_media":75365,"comment_status":"closed","ping_status":"closed","sticky":false,"template":"","format":"standard","meta":{"om_disable_all_campaigns":false,"ngg_post_thumbnail":0,"jnews-multi-image_gallery":[],"jnews_single_post":{"subtitle":"Todas las actividades ser\u00e1n de entrada libre y gratuita","format":"standard","video":"","gallery":"","source_name":"","source_url":"","via_name":"","via_url":"","override_template":"0","override":[{"template":"1","single_blog_custom":"","parallax":"1","fullscreen":"1","layout":"right-sidebar","sidebar":"default-sidebar","second_sidebar":"default-sidebar","sticky_sidebar":"1","share_position":"top","share_float_style":"share-monocrhome","show_share_counter":"1","show_view_counter":"1","show_featured":"1","show_post_meta":"1","show_post_author":"1","show_post_author_image":"1","show_post_date":"1","post_date_format":"default","post_date_format_custom":"Y\/m\/d","show_post_category":"1","show_post_reading_time":"0","post_reading_time_wpm":"300","show_zoom_button":"0","zoom_button_out_step":"2","zoom_button_in_step":"3","show_post_tag":"1","show_prev_next_post":"1","show_popup_post":"1","number_popup_post":"1","show_author_box":"0","show_post_related":"0","show_inline_post_related":"0"}],"override_image_size":"0","image_override":[{"single_post_thumbnail_size":"crop-500","single_post_gallery_size":"crop-500"}],"trending_post":"0","trending_post_position":"meta","trending_post_label":"Trending","sponsored_post":"0","sponsored_post_label":"Sponsored by","sponsored_post_name":"","sponsored_post_url":"","sponsored_post_logo_enable":"0","sponsored_post_logo":"","sponsored_post_desc":""},"jnews_primary_category":{"id":""},"jnews_social_meta":{"fb_title":"","fb_description":"","fb_image":"","twitter_title":"","twitter_description":"","twitter_image":""},"jnews_override_counter":{"override_view_counter":"0","view_counter_number":"0","override_share_counter":"0","share_counter_number":"0","override_like_counter":"0","like_counter_number":"0","override_dislike_counter":"0","dislike_counter_number":"0"},"footnotes":""},"categories":[51],"tags":[15115,15117,15116,7793],"class_list":["post-75364","post","type-post","status-publish","format-standard","has-post-thumbnail","hentry","category-noticias","tag-exit","tag-festival-exit","tag-festival-internacional-de-artes-experimentales","tag-martin-garcia"],"yoast_head":"<!-- This site is optimized with the Yoast SEO plugin v27.4 - https:\/\/yoast.com\/product\/yoast-seo-wordpress\/ -->\n<title>Festival Internacional de Artes Experimentales en varias partes de Montevideo - Cooltivarte Portal<\/title>\n<meta name=\"description\" content=\"COOLTIVARTE.COM es un portal digital colaborativo de actualizaci\u00f3n permanente dedicado a difundir el acontecer art\u00edstico y cultural, entrevista artistas, gestores y productores de las diferentes disciplinas del arte, y publicando art\u00edculos de reflexi\u00f3n de producci\u00f3n propia sobre los elementos culturales.\" \/>\n<meta name=\"robots\" content=\"index, follow, max-snippet:-1, max-image-preview:large, max-video-preview:-1\" \/>\n<link rel=\"canonical\" href=\"https:\/\/cooltivarte.com\/portal\/festival-internacional-de-artes-experimentales-en-varias-partes-de-montevideo\/\" \/>\n<meta property=\"og:locale\" content=\"es_ES\" \/>\n<meta property=\"og:type\" content=\"article\" \/>\n<meta property=\"og:title\" content=\"Festival Internacional de Artes Experimentales en varias partes de Montevideo - Cooltivarte Portal\" \/>\n<meta property=\"og:description\" content=\"COOLTIVARTE.COM es un portal digital colaborativo de actualizaci\u00f3n permanente dedicado a difundir el acontecer art\u00edstico y cultural, entrevista artistas, gestores y productores de las diferentes disciplinas del arte, y publicando art\u00edculos de reflexi\u00f3n de producci\u00f3n propia sobre los elementos culturales.\" \/>\n<meta property=\"og:url\" content=\"https:\/\/cooltivarte.com\/portal\/festival-internacional-de-artes-experimentales-en-varias-partes-de-montevideo\/\" \/>\n<meta property=\"og:site_name\" content=\"Cooltivarte Portal\" \/>\n<meta property=\"article:publisher\" content=\"https:\/\/www.facebook.com\/cooltivartecom\/\" \/>\n<meta property=\"article:author\" content=\"https:\/\/www.facebook.com\/cooltivartecom\" \/>\n<meta property=\"article:published_time\" content=\"2021-10-22T16:24:33+00:00\" \/>\n<meta property=\"article:modified_time\" content=\"2021-10-22T16:36:12+00:00\" \/>\n<meta property=\"og:image\" content=\"https:\/\/cooltivarte.com\/portal\/wp-content\/uploads\/2021\/10\/Festival-Internacional-de-Artes-Experimentales-en-varias-partes-de-Montevideo.png\" \/>\n\t<meta property=\"og:image:width\" content=\"1987\" \/>\n\t<meta property=\"og:image:height\" content=\"1370\" \/>\n\t<meta property=\"og:image:type\" content=\"image\/png\" \/>\n<meta name=\"author\" content=\"Cooltivarte\" \/>\n<meta name=\"twitter:card\" content=\"summary_large_image\" \/>\n<meta name=\"twitter:creator\" content=\"@https:\/\/x.com\/obolocultural\" \/>\n<meta name=\"twitter:site\" content=\"@obolocultural\" \/>\n<meta name=\"twitter:label1\" content=\"Escrito por\" \/>\n\t<meta name=\"twitter:data1\" content=\"Cooltivarte\" \/>\n\t<meta name=\"twitter:label2\" content=\"Tiempo de lectura\" \/>\n\t<meta name=\"twitter:data2\" content=\"8 minutos\" \/>\n<!-- \/ Yoast SEO plugin. -->","yoast_head_json":{"title":"Festival Internacional de Artes Experimentales en varias partes de Montevideo - Cooltivarte Portal","description":"COOLTIVARTE.COM es un portal digital colaborativo de actualizaci\u00f3n permanente dedicado a difundir el acontecer art\u00edstico y cultural, entrevista artistas, gestores y productores de las diferentes disciplinas del arte, y publicando art\u00edculos de reflexi\u00f3n de producci\u00f3n propia sobre los elementos culturales.","robots":{"index":"index","follow":"follow","max-snippet":"max-snippet:-1","max-image-preview":"max-image-preview:large","max-video-preview":"max-video-preview:-1"},"canonical":"https:\/\/cooltivarte.com\/portal\/festival-internacional-de-artes-experimentales-en-varias-partes-de-montevideo\/","og_locale":"es_ES","og_type":"article","og_title":"Festival Internacional de Artes Experimentales en varias partes de Montevideo - Cooltivarte Portal","og_description":"COOLTIVARTE.COM es un portal digital colaborativo de actualizaci\u00f3n permanente dedicado a difundir el acontecer art\u00edstico y cultural, entrevista artistas, gestores y productores de las diferentes disciplinas del arte, y publicando art\u00edculos de reflexi\u00f3n de producci\u00f3n propia sobre los elementos culturales.","og_url":"https:\/\/cooltivarte.com\/portal\/festival-internacional-de-artes-experimentales-en-varias-partes-de-montevideo\/","og_site_name":"Cooltivarte Portal","article_publisher":"https:\/\/www.facebook.com\/cooltivartecom\/","article_author":"https:\/\/www.facebook.com\/cooltivartecom","article_published_time":"2021-10-22T16:24:33+00:00","article_modified_time":"2021-10-22T16:36:12+00:00","og_image":[{"width":1987,"height":1370,"url":"https:\/\/cooltivarte.com\/portal\/wp-content\/uploads\/2021\/10\/Festival-Internacional-de-Artes-Experimentales-en-varias-partes-de-Montevideo.png","type":"image\/png"}],"author":"Cooltivarte","twitter_card":"summary_large_image","twitter_creator":"@https:\/\/x.com\/obolocultural","twitter_site":"@obolocultural","twitter_misc":{"Escrito por":"Cooltivarte","Tiempo de lectura":"8 minutos"},"schema":{"@context":"https:\/\/schema.org","@graph":[{"@type":"NewsArticle","@id":"https:\/\/cooltivarte.com\/portal\/festival-internacional-de-artes-experimentales-en-varias-partes-de-montevideo\/#article","isPartOf":{"@id":"https:\/\/cooltivarte.com\/portal\/festival-internacional-de-artes-experimentales-en-varias-partes-de-montevideo\/"},"author":{"name":"Cooltivarte","@id":"https:\/\/cooltivarte.com\/portal\/#\/schema\/person\/ec2a4f4e71b740d0c559c0ab9a157e19"},"headline":"Festival Internacional de Artes Experimentales en varias partes de Montevideo","datePublished":"2021-10-22T16:24:33+00:00","dateModified":"2021-10-22T16:36:12+00:00","mainEntityOfPage":{"@id":"https:\/\/cooltivarte.com\/portal\/festival-internacional-de-artes-experimentales-en-varias-partes-de-montevideo\/"},"wordCount":1695,"publisher":{"@id":"https:\/\/cooltivarte.com\/portal\/#organization"},"image":{"@id":"https:\/\/cooltivarte.com\/portal\/festival-internacional-de-artes-experimentales-en-varias-partes-de-montevideo\/#primaryimage"},"thumbnailUrl":"https:\/\/cooltivarte.com\/portal\/wp-content\/uploads\/2021\/10\/Festival-Internacional-de-Artes-Experimentales-en-varias-partes-de-Montevideo.png","keywords":["EXIT","Festival EXIT","Festival Internacional de Artes Experimentales","Mart\u00edn Garc\u00eda"],"articleSection":["Noticias"],"inLanguage":"es-AR"},{"@type":"WebPage","@id":"https:\/\/cooltivarte.com\/portal\/festival-internacional-de-artes-experimentales-en-varias-partes-de-montevideo\/","url":"https:\/\/cooltivarte.com\/portal\/festival-internacional-de-artes-experimentales-en-varias-partes-de-montevideo\/","name":"Festival Internacional de Artes Experimentales en varias partes de Montevideo - Cooltivarte Portal","isPartOf":{"@id":"https:\/\/cooltivarte.com\/portal\/#website"},"primaryImageOfPage":{"@id":"https:\/\/cooltivarte.com\/portal\/festival-internacional-de-artes-experimentales-en-varias-partes-de-montevideo\/#primaryimage"},"image":{"@id":"https:\/\/cooltivarte.com\/portal\/festival-internacional-de-artes-experimentales-en-varias-partes-de-montevideo\/#primaryimage"},"thumbnailUrl":"https:\/\/cooltivarte.com\/portal\/wp-content\/uploads\/2021\/10\/Festival-Internacional-de-Artes-Experimentales-en-varias-partes-de-Montevideo.png","datePublished":"2021-10-22T16:24:33+00:00","dateModified":"2021-10-22T16:36:12+00:00","description":"COOLTIVARTE.COM es un portal digital colaborativo de actualizaci\u00f3n permanente dedicado a difundir el acontecer art\u00edstico y cultural, entrevista artistas, gestores y productores de las diferentes disciplinas del arte, y publicando art\u00edculos de reflexi\u00f3n de producci\u00f3n propia sobre los elementos culturales.","breadcrumb":{"@id":"https:\/\/cooltivarte.com\/portal\/festival-internacional-de-artes-experimentales-en-varias-partes-de-montevideo\/#breadcrumb"},"inLanguage":"es-AR","potentialAction":[{"@type":"ReadAction","target":["https:\/\/cooltivarte.com\/portal\/festival-internacional-de-artes-experimentales-en-varias-partes-de-montevideo\/"]}]},{"@type":"ImageObject","inLanguage":"es-AR","@id":"https:\/\/cooltivarte.com\/portal\/festival-internacional-de-artes-experimentales-en-varias-partes-de-montevideo\/#primaryimage","url":"https:\/\/cooltivarte.com\/portal\/wp-content\/uploads\/2021\/10\/Festival-Internacional-de-Artes-Experimentales-en-varias-partes-de-Montevideo.png","contentUrl":"https:\/\/cooltivarte.com\/portal\/wp-content\/uploads\/2021\/10\/Festival-Internacional-de-Artes-Experimentales-en-varias-partes-de-Montevideo.png","width":1987,"height":1370,"caption":"Festival Internacional de Artes Experimentales en varias partes de Montevideo"},{"@type":"BreadcrumbList","@id":"https:\/\/cooltivarte.com\/portal\/festival-internacional-de-artes-experimentales-en-varias-partes-de-montevideo\/#breadcrumb","itemListElement":[{"@type":"ListItem","position":1,"name":"Portada","item":"https:\/\/cooltivarte.com\/portal\/"},{"@type":"ListItem","position":2,"name":"Festival Internacional de Artes Experimentales en varias partes de Montevideo"}]},{"@type":"WebSite","@id":"https:\/\/cooltivarte.com\/portal\/#website","url":"https:\/\/cooltivarte.com\/portal\/","name":"Cooltivarte Portal","description":"Arte, cultura y turismo para el mundo ...","publisher":{"@id":"https:\/\/cooltivarte.com\/portal\/#organization"},"potentialAction":[{"@type":"SearchAction","target":{"@type":"EntryPoint","urlTemplate":"https:\/\/cooltivarte.com\/portal\/?s={search_term_string}"},"query-input":{"@type":"PropertyValueSpecification","valueRequired":true,"valueName":"search_term_string"}}],"inLanguage":"es-AR"},{"@type":"Organization","@id":"https:\/\/cooltivarte.com\/portal\/#organization","name":"cooltivarte","url":"https:\/\/cooltivarte.com\/portal\/","logo":{"@type":"ImageObject","inLanguage":"es-AR","@id":"https:\/\/cooltivarte.com\/portal\/#\/schema\/logo\/image\/","url":"https:\/\/cooltivarte.com\/portal\/wp-content\/uploads\/2020\/04\/logo-cooltivarte-v2.png","contentUrl":"https:\/\/cooltivarte.com\/portal\/wp-content\/uploads\/2020\/04\/logo-cooltivarte-v2.png","width":851,"height":243,"caption":"cooltivarte"},"image":{"@id":"https:\/\/cooltivarte.com\/portal\/#\/schema\/logo\/image\/"},"sameAs":["https:\/\/www.facebook.com\/cooltivartecom\/","https:\/\/x.com\/obolocultural","https:\/\/www.instagram.com\/_cooltivarte_\/","https:\/\/www.linkedin.com\/company\/-bolocultural?reportsuccess=8zaNG1HwhPbAR9iQhZ5rfGeqz_vQFftHun0ZWU0Wy9vNemRJ8vtcKdJvzQfW8XagyOJSKg0XvfJ1dp","https:\/\/www.pinterest.com\/cooltivarte\/","https:\/\/cooltivarte.tumblr.com\/","https:\/\/www.tiktok.com\/@cooltivarte","https:\/\/www.youtube.com\/@PrensaCooltivarte"]},{"@type":"Person","@id":"https:\/\/cooltivarte.com\/portal\/#\/schema\/person\/ec2a4f4e71b740d0c559c0ab9a157e19","name":"Cooltivarte","image":{"@type":"ImageObject","inLanguage":"es-AR","@id":"https:\/\/cooltivarte.com\/portal\/wp-content\/uploads\/2014\/05\/logo-cooltivarte-120x120.jpg","url":"https:\/\/cooltivarte.com\/portal\/wp-content\/uploads\/2014\/05\/logo-cooltivarte-120x120.jpg","contentUrl":"https:\/\/cooltivarte.com\/portal\/wp-content\/uploads\/2014\/05\/logo-cooltivarte-120x120.jpg","caption":"Cooltivarte"},"description":"Somos COOLTIVARTE.COM. Un portal digital dedicado a difundir el acontecer art\u00edstico y cultural del Uruguay. Estamos en la vuelta desde el a\u00f1o 2003, y como evoluci\u00f3n del bolet\u00edn Obolo Cultural, nos encontramos abocados a apoyar a los artistas nacionales brind\u00e1ndoles un espacio de difusi\u00f3n. Creemos en la idea de utilizar la potencialidad que hoy d\u00eda nos otorga la web, para que la cultura uruguaya y sus creadores dispongan de una din\u00e1mica ventana, que los ponga en contacto entre s\u00ed y con el mundo. Somos COOLTIVARTE.COM y pretendemos configurarnos como un portal din\u00e1mico, entretenido y atento a los nuevos emprendimientos, que busque siempre la interacci\u00f3n con los artistas.","sameAs":["http:\/\/www.cooltivarte.com","https:\/\/www.facebook.com\/cooltivartecom","https:\/\/www.instagram.com\/_cooltivarte_\/","https:\/\/www.linkedin.com\/company\/-bolocultural","https:\/\/www.pinterest.com\/cooltivarte\/","https:\/\/x.com\/https:\/\/x.com\/obolocultural","https:\/\/www.youtube.com\/@PrensaCooltivarte","https:\/\/www.tumblr.com\/blog\/cooltivarte"],"url":"https:\/\/cooltivarte.com\/portal\/author\/cooltivarte\/"}]}},"_links":{"self":[{"href":"https:\/\/cooltivarte.com\/portal\/wp-json\/wp\/v2\/posts\/75364","targetHints":{"allow":["GET"]}}],"collection":[{"href":"https:\/\/cooltivarte.com\/portal\/wp-json\/wp\/v2\/posts"}],"about":[{"href":"https:\/\/cooltivarte.com\/portal\/wp-json\/wp\/v2\/types\/post"}],"author":[{"embeddable":true,"href":"https:\/\/cooltivarte.com\/portal\/wp-json\/wp\/v2\/users\/8"}],"replies":[{"embeddable":true,"href":"https:\/\/cooltivarte.com\/portal\/wp-json\/wp\/v2\/comments?post=75364"}],"version-history":[{"count":4,"href":"https:\/\/cooltivarte.com\/portal\/wp-json\/wp\/v2\/posts\/75364\/revisions"}],"predecessor-version":[{"id":75370,"href":"https:\/\/cooltivarte.com\/portal\/wp-json\/wp\/v2\/posts\/75364\/revisions\/75370"}],"wp:featuredmedia":[{"embeddable":true,"href":"https:\/\/cooltivarte.com\/portal\/wp-json\/wp\/v2\/media\/75365"}],"wp:attachment":[{"href":"https:\/\/cooltivarte.com\/portal\/wp-json\/wp\/v2\/media?parent=75364"}],"wp:term":[{"taxonomy":"category","embeddable":true,"href":"https:\/\/cooltivarte.com\/portal\/wp-json\/wp\/v2\/categories?post=75364"},{"taxonomy":"post_tag","embeddable":true,"href":"https:\/\/cooltivarte.com\/portal\/wp-json\/wp\/v2\/tags?post=75364"}],"curies":[{"name":"wp","href":"https:\/\/api.w.org\/{rel}","templated":true}]}}