{"id":75265,"date":"2021-10-20T12:08:27","date_gmt":"2021-10-20T15:08:27","guid":{"rendered":"https:\/\/cooltivarte.com\/portal\/?p=75265"},"modified":"2021-10-20T12:13:29","modified_gmt":"2021-10-20T15:13:29","slug":"bajofondo-en-vivo-en-montevideo","status":"publish","type":"post","link":"https:\/\/cooltivarte.com\/portal\/bajofondo-en-vivo-en-montevideo\/","title":{"rendered":"BAJOFONDO EN VIVO EN MONTEVIDEO"},"content":{"rendered":"<p><img fetchpriority=\"high\" decoding=\"async\" class=\"aligncenter wp-image-75266\" title=\"BAJOFONDO EN VIVO EN MONTEVIDEO\" src=\"https:\/\/cooltivarte.com\/portal\/wp-content\/uploads\/2021\/10\/BAJOFONDO-EN-VIVO-EN-MONTEVIDEO-300x300.jpg\" alt=\"BAJOFONDO EN VIVO EN MONTEVIDEO\" width=\"750\" height=\"750\" srcset=\"https:\/\/cooltivarte.com\/portal\/wp-content\/uploads\/2021\/10\/BAJOFONDO-EN-VIVO-EN-MONTEVIDEO-300x300.jpg 300w, https:\/\/cooltivarte.com\/portal\/wp-content\/uploads\/2021\/10\/BAJOFONDO-EN-VIVO-EN-MONTEVIDEO-1024x1024.jpg 1024w, https:\/\/cooltivarte.com\/portal\/wp-content\/uploads\/2021\/10\/BAJOFONDO-EN-VIVO-EN-MONTEVIDEO-150x150.jpg 150w, https:\/\/cooltivarte.com\/portal\/wp-content\/uploads\/2021\/10\/BAJOFONDO-EN-VIVO-EN-MONTEVIDEO-768x768.jpg 768w, https:\/\/cooltivarte.com\/portal\/wp-content\/uploads\/2021\/10\/BAJOFONDO-EN-VIVO-EN-MONTEVIDEO-120x120.jpg 120w, https:\/\/cooltivarte.com\/portal\/wp-content\/uploads\/2021\/10\/BAJOFONDO-EN-VIVO-EN-MONTEVIDEO-75x75.jpg 75w, https:\/\/cooltivarte.com\/portal\/wp-content\/uploads\/2021\/10\/BAJOFONDO-EN-VIVO-EN-MONTEVIDEO.jpg 1080w\" sizes=\"(max-width: 750px) 100vw, 750px\" \/><\/p>\n<p>El colectivo rioplatense <a href=\"https:\/\/cooltivarte.com\/portal\/?s=Bajofondo\" target=\"_blank\" rel=\"noopener\"><strong>Bajofondo<\/strong><\/a> vuelve a los escenarios durante Diciembre 2021 con una serie de conciertos en Uruguay y Argentina. Donde&nbsp;no faltar\u00e1n los cl\u00e1sicos de la banda, invitados y sorpresas, adem\u00e1s contar\u00e1n con un ensamble de cuerdas dirigido por el maestro&nbsp;<strong>Alejandro Ter\u00e1n<\/strong>.<\/p>\n<p>Creado por los productores <strong><a href=\"https:\/\/cooltivarte.com\/portal\/?s=Gustavo+Santaolalla\" target=\"_blank\" rel=\"noopener\">Gustavo Santaolalla<\/a> y <a href=\"https:\/\/cooltivarte.com\/portal\/?s=Juan+Campod\u00f3nico\" target=\"_blank\" rel=\"noopener\">Juan Campod\u00f3nico<\/a> hace 20 a\u00f1os<\/strong>, este colectivo rioplatense, ha sido reconocido por todo el mundo con sus distintos discos&nbsp;<strong>\u201cBajofondo Tango Club\u201d, \u201cBajofondo Remixed\u201d, \u201cMar Dulce\u201d, \u201cPresente\u201d<\/strong>&nbsp;y&nbsp;<strong>\u201cAura\u201d<\/strong><\/p>\n<p>&nbsp;<\/p>\n<p><strong>9 DICIEMBRE 2021 &#8211; Antel Arena<\/strong><br \/>\n<a href=\"https:\/\/tickantel.com.uy\/inicio\/espectaculo\/40010174\/espectaculo\/Bajofondo?0\" target=\"_blank\" rel=\"noopener\">ENTRADAS A LA VENTA EN TICKANTEL<\/a><\/p>\n<p>&nbsp;<\/p>\n<p>Con su \u00faltimo trabajo,&nbsp;Aura, obtuvieron 1 Premio Gardel, 3 Premios Graffiti, 1 Nominaci\u00f3n al Latin Grammy\u00ae y al Grammy\u00ae. Reconocimientos que se suman al Grammy\u00ae por su debut&nbsp;<em>\u201cBajofondo Tango Club\u201d<\/em>&nbsp;(2002) y a los Latin Grammy\u00ae por su canci\u00f3n&nbsp;<em>\u201cPena en mi coraz\u00f3n\u201d<\/em>&nbsp;y por su \u00e1lbum&nbsp;&nbsp;<em>\u201cPresente\u201d<\/em>&nbsp;(2013).<\/p>\n<p>En estos 20 a\u00f1os la vigencia de <strong>Bajofondo<\/strong>&nbsp;ha sido una de sus virtudes naturales, creando sonidos y marcando el pulso de la m\u00fasica contempor\u00e1neo con su sello indiscutido. Han marcado pauta en la m\u00fasica del mundo gracias a su propositiva combinaci\u00f3n de tango, candombe, murga con milonga con rock, electr\u00f3nica, hip hop y jazz.<\/p>\n<p>urante estos a\u00f1os han contado con las colaboraciones de Gustavo Cerati, Benjamin Biolay, Julieta Venegas, Natalia Oreiro, Nelly Furtado, Elvis Costello, Jorge Drexler, La Mala Rodriguez, Daniel Melingo, Ryota Komatsu, Adriana Varela, Dj Otnicka, entre otros. Como tambi\u00e9n han girado por todo el mundo y present\u00e1ndose en los principales festivales, como Coachella, Lollapalooza, Roskilde, Creamfields y Glanstonbury.<\/p>\n<p>&nbsp;<\/p>\n<div>La banda en vivo est\u00e1 compuesta por <strong><a href=\"https:\/\/cooltivarte.com\/portal\/?s=Gustavo+Santaolalla\" target=\"_blank\" rel=\"noopener\">Gustavo Santaolalla<\/a><\/strong>, <strong><a href=\"https:\/\/cooltivarte.com\/portal\/?s=Juan+Campod\u00f3nico\" target=\"_blank\" rel=\"noopener\">Juan Campod\u00f3nico<\/a><\/strong>,&nbsp;<a href=\"https:\/\/cooltivarte.com\/portal\/?s=Luciano+Supervielle\" target=\"_blank\" rel=\"noopener\"><strong>Luciano Supervielle<\/strong><\/a>,&nbsp;<a href=\"https:\/\/cooltivarte.com\/portal\/?s=Javier+Casalla\" target=\"_blank\" rel=\"noopener\"><strong>Javier Casalla<\/strong><\/a>,&nbsp;<a href=\"https:\/\/cooltivarte.com\/portal\/?s=Mart\u00edn+Ferr\u00e9s\" target=\"_blank\" rel=\"noopener\"><strong>Mart\u00edn Ferr\u00e9s<\/strong><\/a>,&nbsp;<strong><a href=\"https:\/\/cooltivarte.com\/portal\/?s=Gabriel+Casacuberta\" target=\"_blank\" rel=\"noopener\">Gabriel Casacuberta<\/a>&nbsp;<\/strong>y la VJ&nbsp;<a href=\"https:\/\/cooltivarte.com\/portal\/?s=Ver\u00f3nica+Loza\" target=\"_blank\" rel=\"noopener\"><strong>Ver\u00f3nica Loza<\/strong><\/a>.<\/div>\n<div>&nbsp;<\/div>\n<div>Un dream team que se podr\u00e1 ver en vivo el pr\u00f3ximo <strong>9 de diciembre en <a href=\"https:\/\/www.antelarena.com.uy\/\" target=\"_blank\" rel=\"noopener\">Antel Arena<\/a><\/strong> en formato teatro. Esto implica una versi\u00f3n m\u00e1s reducida del arena, para una mayor cercan\u00eda y apreciaci\u00f3n del show de este colectivo de talentosos artistas del R\u00edo de la Plata.<\/div>\n<div>&nbsp;<\/div>\n<div>&nbsp;<\/div>\n<div>&nbsp;<\/div>\n<div>&nbsp;<\/div>\n<p>&nbsp;<\/p>\n","protected":false},"excerpt":{"rendered":"<p>El colectivo rioplatense Bajofondo vuelve a los escenarios durante Diciembre 2021 con una serie de conciertos en Uruguay y Argentina. Donde&nbsp;no faltar\u00e1n los cl\u00e1sicos de la banda, invitados y sorpresas, adem\u00e1s contar\u00e1n con un ensamble de cuerdas dirigido por el maestro&nbsp;Alejandro Ter\u00e1n. Creado por los productores Gustavo Santaolalla y Juan Campod\u00f3nico hace 20 a\u00f1os, este [&hellip;]<\/p>\n","protected":false},"author":8,"featured_media":75266,"comment_status":"closed","ping_status":"closed","sticky":false,"template":"","format":"standard","meta":{"om_disable_all_campaigns":false,"ngg_post_thumbnail":0,"jnews-multi-image_gallery":[],"jnews_single_post":{"subtitle":"GIRA DICIEMBRE 2021 - Antel Arena","format":"standard","video":"","gallery":"","source_name":"","source_url":"","via_name":"","via_url":"","override_template":"0","override":[{"template":"1","single_blog_custom":"","parallax":"1","fullscreen":"1","layout":"right-sidebar","sidebar":"default-sidebar","second_sidebar":"default-sidebar","sticky_sidebar":"1","share_position":"top","share_float_style":"share-monocrhome","show_share_counter":"1","show_view_counter":"1","show_featured":"1","show_post_meta":"1","show_post_author":"1","show_post_author_image":"1","show_post_date":"1","post_date_format":"default","post_date_format_custom":"Y\/m\/d","show_post_category":"1","show_post_reading_time":"0","post_reading_time_wpm":"300","show_zoom_button":"0","zoom_button_out_step":"2","zoom_button_in_step":"3","show_post_tag":"1","show_prev_next_post":"1","show_popup_post":"1","number_popup_post":"1","show_author_box":"0","show_post_related":"0","show_inline_post_related":"0"}],"override_image_size":"0","image_override":[{"single_post_thumbnail_size":"crop-500","single_post_gallery_size":"crop-500"}],"trending_post":"0","trending_post_position":"meta","trending_post_label":"Trending","sponsored_post":"0","sponsored_post_label":"Sponsored by","sponsored_post_name":"","sponsored_post_url":"","sponsored_post_logo_enable":"0","sponsored_post_logo":"","sponsored_post_desc":""},"jnews_primary_category":{"id":""},"jnews_social_meta":{"fb_title":"","fb_description":"","fb_image":"","twitter_title":"","twitter_description":"","twitter_image":""},"jnews_override_counter":{"override_view_counter":"0","view_counter_number":"0","override_share_counter":"0","share_counter_number":"0","override_like_counter":"0","like_counter_number":"0","override_dislike_counter":"0","dislike_counter_number":"0"},"footnotes":""},"categories":[3394],"tags":[7467,2110,13042,6962,8192,5406,4296,15085,13043],"class_list":["post-75265","post","type-post","status-publish","format-standard","has-post-thumbnail","hentry","category-eventos","tag-antel-arena","tag-bajofondo","tag-gabriel-casacuberta","tag-gustavo-santaolalla","tag-javier-casalla","tag-juan-campodonico","tag-luciano-supervielle","tag-martin-ferres","tag-veronica-loza"],"yoast_head":"<!-- This site is optimized with the Yoast SEO plugin v27.5 - https:\/\/yoast.com\/product\/yoast-seo-wordpress\/ -->\n<title>BAJOFONDO EN VIVO EN MONTEVIDEO - Cooltivarte Portal<\/title>\n<meta name=\"description\" content=\"COOLTIVARTE.COM es un portal digital colaborativo de actualizaci\u00f3n permanente dedicado a difundir el acontecer art\u00edstico y cultural, entrevista artistas, gestores y productores de las diferentes disciplinas del arte, y publicando art\u00edculos de reflexi\u00f3n de producci\u00f3n propia sobre los elementos culturales.\" \/>\n<meta name=\"robots\" content=\"index, follow, max-snippet:-1, max-image-preview:large, max-video-preview:-1\" \/>\n<link rel=\"canonical\" href=\"https:\/\/cooltivarte.com\/portal\/bajofondo-en-vivo-en-montevideo\/\" \/>\n<meta property=\"og:locale\" content=\"es_ES\" \/>\n<meta property=\"og:type\" content=\"article\" \/>\n<meta property=\"og:title\" content=\"BAJOFONDO EN VIVO EN MONTEVIDEO - Cooltivarte Portal\" \/>\n<meta property=\"og:description\" content=\"COOLTIVARTE.COM es un portal digital colaborativo de actualizaci\u00f3n permanente dedicado a difundir el acontecer art\u00edstico y cultural, entrevista artistas, gestores y productores de las diferentes disciplinas del arte, y publicando art\u00edculos de reflexi\u00f3n de producci\u00f3n propia sobre los elementos culturales.\" \/>\n<meta property=\"og:url\" content=\"https:\/\/cooltivarte.com\/portal\/bajofondo-en-vivo-en-montevideo\/\" \/>\n<meta property=\"og:site_name\" content=\"Cooltivarte Portal\" \/>\n<meta property=\"article:publisher\" content=\"https:\/\/www.facebook.com\/cooltivartecom\/\" \/>\n<meta property=\"article:author\" content=\"https:\/\/www.facebook.com\/cooltivartecom\" \/>\n<meta property=\"article:published_time\" content=\"2021-10-20T15:08:27+00:00\" \/>\n<meta property=\"article:modified_time\" content=\"2021-10-20T15:13:29+00:00\" \/>\n<meta property=\"og:image\" content=\"https:\/\/cooltivarte.com\/portal\/wp-content\/uploads\/2021\/10\/BAJOFONDO-EN-VIVO-EN-MONTEVIDEO.jpg\" \/>\n\t<meta property=\"og:image:width\" content=\"1080\" \/>\n\t<meta property=\"og:image:height\" content=\"1080\" \/>\n\t<meta property=\"og:image:type\" content=\"image\/jpeg\" \/>\n<meta name=\"author\" content=\"Cooltivarte\" \/>\n<meta name=\"twitter:card\" content=\"summary_large_image\" \/>\n<meta name=\"twitter:creator\" content=\"@https:\/\/x.com\/obolocultural\" \/>\n<meta name=\"twitter:site\" content=\"@obolocultural\" \/>\n<meta name=\"twitter:label1\" content=\"Escrito por\" \/>\n\t<meta name=\"twitter:data1\" content=\"Cooltivarte\" \/>\n\t<meta name=\"twitter:label2\" content=\"Tiempo de lectura\" \/>\n\t<meta name=\"twitter:data2\" content=\"2 minutos\" \/>\n<!-- \/ Yoast SEO plugin. -->","yoast_head_json":{"title":"BAJOFONDO EN VIVO EN MONTEVIDEO - Cooltivarte Portal","description":"COOLTIVARTE.COM es un portal digital colaborativo de actualizaci\u00f3n permanente dedicado a difundir el acontecer art\u00edstico y cultural, entrevista artistas, gestores y productores de las diferentes disciplinas del arte, y publicando art\u00edculos de reflexi\u00f3n de producci\u00f3n propia sobre los elementos culturales.","robots":{"index":"index","follow":"follow","max-snippet":"max-snippet:-1","max-image-preview":"max-image-preview:large","max-video-preview":"max-video-preview:-1"},"canonical":"https:\/\/cooltivarte.com\/portal\/bajofondo-en-vivo-en-montevideo\/","og_locale":"es_ES","og_type":"article","og_title":"BAJOFONDO EN VIVO EN MONTEVIDEO - Cooltivarte Portal","og_description":"COOLTIVARTE.COM es un portal digital colaborativo de actualizaci\u00f3n permanente dedicado a difundir el acontecer art\u00edstico y cultural, entrevista artistas, gestores y productores de las diferentes disciplinas del arte, y publicando art\u00edculos de reflexi\u00f3n de producci\u00f3n propia sobre los elementos culturales.","og_url":"https:\/\/cooltivarte.com\/portal\/bajofondo-en-vivo-en-montevideo\/","og_site_name":"Cooltivarte Portal","article_publisher":"https:\/\/www.facebook.com\/cooltivartecom\/","article_author":"https:\/\/www.facebook.com\/cooltivartecom","article_published_time":"2021-10-20T15:08:27+00:00","article_modified_time":"2021-10-20T15:13:29+00:00","og_image":[{"width":1080,"height":1080,"url":"https:\/\/cooltivarte.com\/portal\/wp-content\/uploads\/2021\/10\/BAJOFONDO-EN-VIVO-EN-MONTEVIDEO.jpg","type":"image\/jpeg"}],"author":"Cooltivarte","twitter_card":"summary_large_image","twitter_creator":"@https:\/\/x.com\/obolocultural","twitter_site":"@obolocultural","twitter_misc":{"Escrito por":"Cooltivarte","Tiempo de lectura":"2 minutos"},"schema":{"@context":"https:\/\/schema.org","@graph":[{"@type":"NewsArticle","@id":"https:\/\/cooltivarte.com\/portal\/bajofondo-en-vivo-en-montevideo\/#article","isPartOf":{"@id":"https:\/\/cooltivarte.com\/portal\/bajofondo-en-vivo-en-montevideo\/"},"author":{"name":"Cooltivarte","@id":"https:\/\/cooltivarte.com\/portal\/#\/schema\/person\/ec2a4f4e71b740d0c559c0ab9a157e19"},"headline":"BAJOFONDO EN VIVO EN MONTEVIDEO","datePublished":"2021-10-20T15:08:27+00:00","dateModified":"2021-10-20T15:13:29+00:00","mainEntityOfPage":{"@id":"https:\/\/cooltivarte.com\/portal\/bajofondo-en-vivo-en-montevideo\/"},"wordCount":378,"publisher":{"@id":"https:\/\/cooltivarte.com\/portal\/#organization"},"image":{"@id":"https:\/\/cooltivarte.com\/portal\/bajofondo-en-vivo-en-montevideo\/#primaryimage"},"thumbnailUrl":"https:\/\/cooltivarte.com\/portal\/wp-content\/uploads\/2021\/10\/BAJOFONDO-EN-VIVO-EN-MONTEVIDEO.jpg","keywords":["Antel Arena","Bajofondo","Gabriel Casacuberta","Gustavo Santaolalla","Javier Casalla","Juan Campod\u00f3nico","Luciano Supervielle","Mart\u00edn Ferr\u00e9s","Ver\u00f3nica Loza"],"articleSection":["Eventos"],"inLanguage":"es-AR"},{"@type":"WebPage","@id":"https:\/\/cooltivarte.com\/portal\/bajofondo-en-vivo-en-montevideo\/","url":"https:\/\/cooltivarte.com\/portal\/bajofondo-en-vivo-en-montevideo\/","name":"BAJOFONDO EN VIVO EN MONTEVIDEO - Cooltivarte Portal","isPartOf":{"@id":"https:\/\/cooltivarte.com\/portal\/#website"},"primaryImageOfPage":{"@id":"https:\/\/cooltivarte.com\/portal\/bajofondo-en-vivo-en-montevideo\/#primaryimage"},"image":{"@id":"https:\/\/cooltivarte.com\/portal\/bajofondo-en-vivo-en-montevideo\/#primaryimage"},"thumbnailUrl":"https:\/\/cooltivarte.com\/portal\/wp-content\/uploads\/2021\/10\/BAJOFONDO-EN-VIVO-EN-MONTEVIDEO.jpg","datePublished":"2021-10-20T15:08:27+00:00","dateModified":"2021-10-20T15:13:29+00:00","description":"COOLTIVARTE.COM es un portal digital colaborativo de actualizaci\u00f3n permanente dedicado a difundir el acontecer art\u00edstico y cultural, entrevista artistas, gestores y productores de las diferentes disciplinas del arte, y publicando art\u00edculos de reflexi\u00f3n de producci\u00f3n propia sobre los elementos culturales.","breadcrumb":{"@id":"https:\/\/cooltivarte.com\/portal\/bajofondo-en-vivo-en-montevideo\/#breadcrumb"},"inLanguage":"es-AR","potentialAction":[{"@type":"ReadAction","target":["https:\/\/cooltivarte.com\/portal\/bajofondo-en-vivo-en-montevideo\/"]}]},{"@type":"ImageObject","inLanguage":"es-AR","@id":"https:\/\/cooltivarte.com\/portal\/bajofondo-en-vivo-en-montevideo\/#primaryimage","url":"https:\/\/cooltivarte.com\/portal\/wp-content\/uploads\/2021\/10\/BAJOFONDO-EN-VIVO-EN-MONTEVIDEO.jpg","contentUrl":"https:\/\/cooltivarte.com\/portal\/wp-content\/uploads\/2021\/10\/BAJOFONDO-EN-VIVO-EN-MONTEVIDEO.jpg","width":1080,"height":1080,"caption":"BAJOFONDO EN VIVO EN MONTEVIDEO"},{"@type":"BreadcrumbList","@id":"https:\/\/cooltivarte.com\/portal\/bajofondo-en-vivo-en-montevideo\/#breadcrumb","itemListElement":[{"@type":"ListItem","position":1,"name":"Portada","item":"https:\/\/cooltivarte.com\/portal\/"},{"@type":"ListItem","position":2,"name":"BAJOFONDO EN VIVO EN MONTEVIDEO"}]},{"@type":"WebSite","@id":"https:\/\/cooltivarte.com\/portal\/#website","url":"https:\/\/cooltivarte.com\/portal\/","name":"Cooltivarte Portal","description":"Arte, cultura y turismo para el mundo ...","publisher":{"@id":"https:\/\/cooltivarte.com\/portal\/#organization"},"potentialAction":[{"@type":"SearchAction","target":{"@type":"EntryPoint","urlTemplate":"https:\/\/cooltivarte.com\/portal\/?s={search_term_string}"},"query-input":{"@type":"PropertyValueSpecification","valueRequired":true,"valueName":"search_term_string"}}],"inLanguage":"es-AR"},{"@type":"Organization","@id":"https:\/\/cooltivarte.com\/portal\/#organization","name":"cooltivarte","url":"https:\/\/cooltivarte.com\/portal\/","logo":{"@type":"ImageObject","inLanguage":"es-AR","@id":"https:\/\/cooltivarte.com\/portal\/#\/schema\/logo\/image\/","url":"https:\/\/cooltivarte.com\/portal\/wp-content\/uploads\/2020\/04\/logo-cooltivarte-v2.png","contentUrl":"https:\/\/cooltivarte.com\/portal\/wp-content\/uploads\/2020\/04\/logo-cooltivarte-v2.png","width":851,"height":243,"caption":"cooltivarte"},"image":{"@id":"https:\/\/cooltivarte.com\/portal\/#\/schema\/logo\/image\/"},"sameAs":["https:\/\/www.facebook.com\/cooltivartecom\/","https:\/\/x.com\/obolocultural","https:\/\/www.instagram.com\/_cooltivarte_\/","https:\/\/www.linkedin.com\/company\/-bolocultural?reportsuccess=8zaNG1HwhPbAR9iQhZ5rfGeqz_vQFftHun0ZWU0Wy9vNemRJ8vtcKdJvzQfW8XagyOJSKg0XvfJ1dp","https:\/\/www.pinterest.com\/cooltivarte\/","https:\/\/cooltivarte.tumblr.com\/","https:\/\/www.tiktok.com\/@cooltivarte","https:\/\/www.youtube.com\/@PrensaCooltivarte"]},{"@type":"Person","@id":"https:\/\/cooltivarte.com\/portal\/#\/schema\/person\/ec2a4f4e71b740d0c559c0ab9a157e19","name":"Cooltivarte","image":{"@type":"ImageObject","inLanguage":"es-AR","@id":"https:\/\/cooltivarte.com\/portal\/wp-content\/uploads\/2014\/05\/logo-cooltivarte-120x120.jpg","url":"https:\/\/cooltivarte.com\/portal\/wp-content\/uploads\/2014\/05\/logo-cooltivarte-120x120.jpg","contentUrl":"https:\/\/cooltivarte.com\/portal\/wp-content\/uploads\/2014\/05\/logo-cooltivarte-120x120.jpg","caption":"Cooltivarte"},"description":"Somos COOLTIVARTE.COM. Un portal digital dedicado a difundir el acontecer art\u00edstico y cultural del Uruguay. Estamos en la vuelta desde el a\u00f1o 2003, y como evoluci\u00f3n del bolet\u00edn Obolo Cultural, nos encontramos abocados a apoyar a los artistas nacionales brind\u00e1ndoles un espacio de difusi\u00f3n. Creemos en la idea de utilizar la potencialidad que hoy d\u00eda nos otorga la web, para que la cultura uruguaya y sus creadores dispongan de una din\u00e1mica ventana, que los ponga en contacto entre s\u00ed y con el mundo. Somos COOLTIVARTE.COM y pretendemos configurarnos como un portal din\u00e1mico, entretenido y atento a los nuevos emprendimientos, que busque siempre la interacci\u00f3n con los artistas.","sameAs":["http:\/\/www.cooltivarte.com","https:\/\/www.facebook.com\/cooltivartecom","https:\/\/www.instagram.com\/_cooltivarte_\/","https:\/\/www.linkedin.com\/company\/-bolocultural","https:\/\/www.pinterest.com\/cooltivarte\/","https:\/\/x.com\/https:\/\/x.com\/obolocultural","https:\/\/www.youtube.com\/@PrensaCooltivarte","https:\/\/www.tumblr.com\/blog\/cooltivarte"],"url":"https:\/\/cooltivarte.com\/portal\/author\/cooltivarte\/"}]}},"_links":{"self":[{"href":"https:\/\/cooltivarte.com\/portal\/wp-json\/wp\/v2\/posts\/75265","targetHints":{"allow":["GET"]}}],"collection":[{"href":"https:\/\/cooltivarte.com\/portal\/wp-json\/wp\/v2\/posts"}],"about":[{"href":"https:\/\/cooltivarte.com\/portal\/wp-json\/wp\/v2\/types\/post"}],"author":[{"embeddable":true,"href":"https:\/\/cooltivarte.com\/portal\/wp-json\/wp\/v2\/users\/8"}],"replies":[{"embeddable":true,"href":"https:\/\/cooltivarte.com\/portal\/wp-json\/wp\/v2\/comments?post=75265"}],"version-history":[{"count":3,"href":"https:\/\/cooltivarte.com\/portal\/wp-json\/wp\/v2\/posts\/75265\/revisions"}],"predecessor-version":[{"id":75269,"href":"https:\/\/cooltivarte.com\/portal\/wp-json\/wp\/v2\/posts\/75265\/revisions\/75269"}],"wp:featuredmedia":[{"embeddable":true,"href":"https:\/\/cooltivarte.com\/portal\/wp-json\/wp\/v2\/media\/75266"}],"wp:attachment":[{"href":"https:\/\/cooltivarte.com\/portal\/wp-json\/wp\/v2\/media?parent=75265"}],"wp:term":[{"taxonomy":"category","embeddable":true,"href":"https:\/\/cooltivarte.com\/portal\/wp-json\/wp\/v2\/categories?post=75265"},{"taxonomy":"post_tag","embeddable":true,"href":"https:\/\/cooltivarte.com\/portal\/wp-json\/wp\/v2\/tags?post=75265"}],"curies":[{"name":"wp","href":"https:\/\/api.w.org\/{rel}","templated":true}]}}