{"id":74537,"date":"2021-10-01T15:05:05","date_gmt":"2021-10-01T18:05:05","guid":{"rendered":"https:\/\/cooltivarte.com\/portal\/?p=74537"},"modified":"2021-10-01T15:56:32","modified_gmt":"2021-10-01T18:56:32","slug":"dia-del-patrimonio-2021-jose-enrique-rodo-las-ideas-cambian-el-mundo","status":"publish","type":"post","link":"https:\/\/cooltivarte.com\/portal\/dia-del-patrimonio-2021-jose-enrique-rodo-las-ideas-cambian-el-mundo\/","title":{"rendered":"D\u00eda del Patrimonio 2021: Jos\u00e9 Enrique Rod\u00f3 \u2013 \u201cLas ideas cambian el mundo\u201d"},"content":{"rendered":"<h3>El pr\u00f3ximo fin de semana del 2 y 3 de octubre se desarrollar\u00e1 la vigesimos\u00e9ptima edici\u00f3n del D\u00eda del Patrimonio.&nbsp;<\/h3>\n<h3>El D\u00eda del Patrimonio es organizado por el Ministerio de Educaci\u00f3n y Cultura a trav\u00e9s de la Comisi\u00f3n de Patrimonio Cultural de la Naci\u00f3n y participan, decenas de instituciones p\u00fablicas y privadas de todo el pa\u00eds.&nbsp;<\/h3>\n<p>La figura que se homenajear\u00e1 ,en esta oportunidad, ser\u00e1 la del escritor, periodista, dirigente pol\u00edtico, ensayista Jos\u00e9 Enrique Rod\u00f3 , a los 150 a\u00f1os de su nacimiento. En su corta vida Rod\u00f3 gener\u00f3 espacios de discusi\u00f3n intelectual, puente entre dos siglos, pero adem\u00e1s, adelant\u00e1ndose a su tiempo y trascendiendo los l\u00edmites del Uruguay. Ayud\u00f3 a pensar a los de su tiempo y a las generaciones siguientes. Hoy sus ideas son estudiadas y valoradas en universidades y foros, tanto de Latinoam\u00e9rica como de Europa.<br \/>\nComo es tradicional se edit\u00f3 una gu\u00eda papel con las actividades que se inscribieron en plazo. Todas las actividades est\u00e1n en la p\u00e1gina web de Patrimonio Uruguay &nbsp;<a href=\"https:\/\/www.gub.uy\/ministerio-educacion-cultura\/patrimonio-uruguay\" target=\"_blank\" rel=\"noopener\">https:\/\/www.gub.uy\/ministerio-educacion-cultura\/patrimonio-uruguay<\/a> y a trav\u00e9s de la aplicaci\u00f3n del Mapa MEC o por la web <a href=\"https:\/\/mapa.mec.gub.uy\" target=\"_blank\" rel=\"noopener\">https:\/\/mapa.mec.gub.uy<\/a><\/p>\n<p>El acto de inauguraci\u00f3n ser\u00e1 el s\u00e1bado 2 de octubre, a las 11 hs en el Museo Nacional de Artes Visuales, que tendr\u00e1 una muestra vinculada a la jornada. All\u00ed har\u00e1n uso de la palabra el director del Museo Nacional de Artes Visuales, Enrique Aguerre, la subsecretaria del Ministerio de Educaci\u00f3n y Cultura y presidenta de la Comisi\u00f3n de Patrimonio Cultural de la Naci\u00f3n, Ana Ribeiro, el director general de la Comisi\u00f3n, William Rey Ashfield y el ministro de Educaci\u00f3n y Cultura, Pablo da Silveira.&nbsp;<\/p>\n<p>La clausura ser\u00e1 el domingo 3 de octubre, a las 17 hs en la Casa de la Cultura y Museo Jos\u00e9 Enrique Rod\u00f3 ubicada en Santa Luc\u00eda, departamento de Canelones. &nbsp;El lugar, es la casa quinta donde vivi\u00f3 Rod\u00f3 hasta sus nueve a\u00f1os. All\u00ed hay un museo dedicado a preservar, investigar y difundir la vida y la obra del escritor. All\u00ed har\u00e1n uso de la palabra, el intendente de Canelones, Yamand\u00fa Orsi, el director general de la Comisi\u00f3n de Patrimonio Cultural de la Naci\u00f3n, William Rey Ashfield y el ministro de Educaci\u00f3n y Cultura, quien adem\u00e1s de cerrar el fin de semana de celebraci\u00f3n del patrimonio, revelar\u00e1 el nombre a homenajear en el a\u00f1o 2022.<\/p>\n<p>Biograf\u00eda de <a href=\"https:\/\/cooltivarte.com\/portal\/?s=Jos\u00e9+Enrique+Rod\u00f3\" target=\"_blank\" rel=\"noopener\"><strong>Jos\u00e9 Enrique Rod\u00f3<\/strong><\/a>*<\/p>\n<p>Jos\u00e9 Enrique Rod\u00f3 naci\u00f3 en Montevideo el 15 de julio de 1871 y falleci\u00f3 en Palermo (Sicilia) el 1\u00ba de mayo de 1917. La estatura de su prosa y la dimensi\u00f3n de su talento quedaron n\u00edtidamente establecidas ya en 1900, con la publicaci\u00f3n de Ariel, el cual tuvo una resonancia ampl\u00edsima en todo el \u00e1mbito de habla espa\u00f1ola. Anteriormente hab\u00eda publicado La Vida Nueva (1897) y el estudio critico sobre Rub\u00e9n Dar\u00edo (1899).<\/p>\n<p>Reconocido, pues, tempranamente, alternando su labor de escritor con las actividades pol\u00edticas (fundador del \u201cClub Libertad\u201d, que pugna por la unificaci\u00f3n del Partido Colorado Representante por Montevideo en la XXI Legislatura, electo para la XXIII Legislatura y vuelto a elegir para la legislatura siguiente) Jos\u00e9 Enrique Rod\u00f3 se convirti\u00f3 en uno de los principales integrantes de la generaci\u00f3n del 900.<\/p>\n<p>Comparte con Vaz Ferreira el magisterio ideol\u00f3gico, la pr\u00e9dica incesante, el af\u00e1n por dirigirse a la juventud y hacer de \u00e9sta la palanca de renovaci\u00f3n de una sociedad que necesitaba el cambio y de un esp\u00edritu al que se deb\u00eda sostener, levantar y engrandecer.<\/p>\n<p>Pero a diferencia del autor de L\u00f3gica viva, el medio del que se vale su expresi\u00f3n es una prosa cuidada, a veces rotunda, a veces llena de matices y de sabias modulaciones. Heredando del modernismo la pasi\u00f3n de la forma, no confundi\u00f3 sin embargo estilo con \u201cfermosa cobertura\u201d. Para Rod\u00f3 el estilo es una forma de ser (tal vez del ser) en la que se identifican la verdad y la belleza.<\/p>\n<p>\u201cEra el que escrib\u00eda mejor\u201d, se\u00f1al\u00f3 Alfonso Reyes en 1917, \u201cy era el m\u00e1s bueno\u201d. El propio Rod\u00f3 dijo: \u201cDecir las cosas bien, (&#8230;) \u00bfno es una forma de ser bueno?&#8230;\u201d El desarrollo de la prosa hispanoamericana tiene en \u00e9l un hito relevante. \u201cColor\u201d, \u201cresalte\u201d, \u201cmelod\u00eda\u201d: tales caracter\u00edsticas, que Rod\u00f3 manifest\u00f3 expresamente como autoimposiciones de su ideal art\u00edstico, corren desde entonces en la sangre de nuestra prosa.<\/p>\n<p>Tratarla despu\u00e9s de Rod\u00f3 es -reflexiva o irreflexivamente- contar con ellas y hac\u00e9rsenos carne la realidad y densidad del idioma. Cr\u00edtico, pensador, periodista, educador, pol\u00edtico, Rod\u00f3 es el ensayista (obviamente, nuestro mejor ensayista).<\/p>\n<p>Cuantos ataques se han llevado, o quieran llevarse a\u00fan, contra su arielismo, su esteticismo, su pretensa evasi\u00f3n o su desd\u00e9n hacia los problemas reales que fundamentan las crisis de una sociedad, resultan improcedentes.<\/p>\n<p>Un alma tensa, una pudorosa angustia, una desaz\u00f3n creciente ante lo que significa escribir en estas latitudes, muestran en sus \u00faltimas p\u00e1ginas a un escritor cuya palabra resuena con fuerza en nuestros d\u00edas y cuya capacidad emotiva y suscitadora se orienta hacia el futuro.<\/p>\n<p>Obras: La Vida Nueva: \u201cEl que vendr\u00e1\u201d (1896-97), \u201cLa novela nueva\u201d (1897), \u201cRub\u00e9n Dar\u00edo\u201d (1899); Ariel (1900); Liberalismo y jacobinismo (1906); Motivos de Proteo (1909); El mirador de Pr\u00f3spero (1913); El camino de Paros (Barcelona, 1918); Epistolario (Par\u00eds, 1921); Hombres de Am\u00e9rica (Barcelona, 1920); Nuevos Motivos de Proteo (Barcelona, 1927); \u00daltimos Motivos de Proteo (Montevideo, 1932).<\/p>\n<p>Texto tomado de 100 autores del Uruguay &#8211; Paganini, Alberto &#8211; Paternain, Alejandro &#8211; Saad, Gabriel Editado por: Cap\u00edtulo oriental. &nbsp;<a href=\"http:\/\/www.academiadeletras.gub.uy\/\" target=\"_blank\" rel=\"noopener\">http:\/\/www.academiadeletras.gub.uy\/<\/a><\/p>\n<p>&nbsp;<\/p>\n<p><a href=\"https:\/\/www.gub.uy\/ministerio-educacion-cultura\/comunicacion\/noticias\/llega-dia-del-patrimonio\" target=\"_blank\" rel=\"noopener\">https:\/\/www.gub.uy\/ministerio-educacion-cultura\/comunicacion\/noticias\/llega-dia-del-patrimonio<\/a><\/p>\n<p><a href=\"https:\/\/www.gub.uy\/ministerio-educacion-cultura\/patrimonio-uruguay\/patrimonio-2021\" target=\"_blank\" rel=\"noopener\"><strong>Gu\u00eda de Actividades<\/strong><\/a><\/p>\n<p>&nbsp;<\/p>\n<p>&nbsp;<\/p>\n<p>&nbsp;<\/p>\n<p>&nbsp;<\/p>\n","protected":false},"excerpt":{"rendered":"<p>El pr\u00f3ximo fin de semana del 2 y 3 de octubre se desarrollar\u00e1 la vigesimos\u00e9ptima edici\u00f3n del D\u00eda del Patrimonio.&nbsp; El D\u00eda del Patrimonio es organizado por el Ministerio de Educaci\u00f3n y Cultura a trav\u00e9s de la Comisi\u00f3n de Patrimonio Cultural de la Naci\u00f3n y participan, decenas de instituciones p\u00fablicas y privadas de todo el [&hellip;]<\/p>\n","protected":false},"author":8,"featured_media":74541,"comment_status":"closed","ping_status":"closed","sticky":false,"template":"","format":"standard","meta":{"om_disable_all_campaigns":false,"ngg_post_thumbnail":0,"jnews-multi-image_gallery":[],"jnews_single_post":{"subtitle":"","format":"standard","video":"","gallery":"","source_name":"","source_url":"","via_name":"","via_url":"","override_template":"0","override":[{"template":"1","single_blog_custom":"","parallax":"1","fullscreen":"1","layout":"right-sidebar","sidebar":"default-sidebar","second_sidebar":"default-sidebar","sticky_sidebar":"1","share_position":"top","share_float_style":"share-monocrhome","show_share_counter":"1","show_view_counter":"1","show_featured":"1","show_post_meta":"1","show_post_author":"1","show_post_author_image":"1","show_post_date":"1","post_date_format":"default","post_date_format_custom":"Y\/m\/d","show_post_category":"1","show_post_reading_time":"0","post_reading_time_wpm":"300","show_zoom_button":"0","zoom_button_out_step":"2","zoom_button_in_step":"3","show_post_tag":"1","show_prev_next_post":"1","show_popup_post":"1","number_popup_post":"1","show_author_box":"0","show_post_related":"0","show_inline_post_related":"0"}],"override_image_size":"0","image_override":[{"single_post_thumbnail_size":"crop-500","single_post_gallery_size":"crop-500"}],"trending_post":"0","trending_post_position":"meta","trending_post_label":"Trending","sponsored_post":"0","sponsored_post_label":"Sponsored by","sponsored_post_name":"","sponsored_post_url":"","sponsored_post_logo_enable":"0","sponsored_post_logo":"","sponsored_post_desc":""},"jnews_primary_category":{"id":""},"jnews_social_meta":{"fb_title":"","fb_description":"","fb_image":"","twitter_title":"","twitter_description":"","twitter_image":""},"jnews_override_counter":{"override_view_counter":"0","view_counter_number":"0","override_share_counter":"0","share_counter_number":"0","override_like_counter":"0","like_counter_number":"0","override_dislike_counter":"0","dislike_counter_number":"0"},"footnotes":""},"categories":[51],"tags":[651,13107],"class_list":["post-74537","post","type-post","status-publish","format-standard","has-post-thumbnail","hentry","category-noticias","tag-dia-del-patrimonio","tag-jose-enrique-rodo"],"yoast_head":"<!-- This site is optimized with the Yoast SEO plugin v27.5 - https:\/\/yoast.com\/product\/yoast-seo-wordpress\/ -->\n<title>D\u00eda del Patrimonio 2021: Jos\u00e9 Enrique Rod\u00f3 \u2013 \u201cLas ideas cambian el mundo\u201d - Cooltivarte Portal<\/title>\n<meta name=\"description\" content=\"COOLTIVARTE.COM es un portal digital colaborativo de actualizaci\u00f3n permanente dedicado a difundir el acontecer art\u00edstico y cultural, entrevista artistas, gestores y productores de las diferentes disciplinas del arte, y publicando art\u00edculos de reflexi\u00f3n de producci\u00f3n propia sobre los elementos culturales.\" \/>\n<meta name=\"robots\" content=\"index, follow, max-snippet:-1, max-image-preview:large, max-video-preview:-1\" \/>\n<link rel=\"canonical\" href=\"https:\/\/cooltivarte.com\/portal\/dia-del-patrimonio-2021-jose-enrique-rodo-las-ideas-cambian-el-mundo\/\" \/>\n<meta property=\"og:locale\" content=\"es_ES\" \/>\n<meta property=\"og:type\" content=\"article\" \/>\n<meta property=\"og:title\" content=\"D\u00eda del Patrimonio 2021: Jos\u00e9 Enrique Rod\u00f3 \u2013 \u201cLas ideas cambian el mundo\u201d - Cooltivarte Portal\" \/>\n<meta property=\"og:description\" content=\"COOLTIVARTE.COM es un portal digital colaborativo de actualizaci\u00f3n permanente dedicado a difundir el acontecer art\u00edstico y cultural, entrevista artistas, gestores y productores de las diferentes disciplinas del arte, y publicando art\u00edculos de reflexi\u00f3n de producci\u00f3n propia sobre los elementos culturales.\" \/>\n<meta property=\"og:url\" content=\"https:\/\/cooltivarte.com\/portal\/dia-del-patrimonio-2021-jose-enrique-rodo-las-ideas-cambian-el-mundo\/\" \/>\n<meta property=\"og:site_name\" content=\"Cooltivarte Portal\" \/>\n<meta property=\"article:publisher\" content=\"https:\/\/www.facebook.com\/cooltivartecom\/\" \/>\n<meta property=\"article:author\" content=\"https:\/\/www.facebook.com\/cooltivartecom\" \/>\n<meta property=\"article:published_time\" content=\"2021-10-01T18:05:05+00:00\" \/>\n<meta property=\"article:modified_time\" content=\"2021-10-01T18:56:32+00:00\" \/>\n<meta property=\"og:image\" content=\"https:\/\/cooltivarte.com\/portal\/wp-content\/uploads\/2021\/10\/jose-enrique-rodo.jpg\" \/>\n\t<meta property=\"og:image:width\" content=\"655\" \/>\n\t<meta property=\"og:image:height\" content=\"394\" \/>\n\t<meta property=\"og:image:type\" content=\"image\/jpeg\" \/>\n<meta name=\"author\" content=\"Cooltivarte\" \/>\n<meta name=\"twitter:card\" content=\"summary_large_image\" \/>\n<meta name=\"twitter:creator\" content=\"@https:\/\/x.com\/obolocultural\" \/>\n<meta name=\"twitter:site\" content=\"@obolocultural\" \/>\n<meta name=\"twitter:label1\" content=\"Escrito por\" \/>\n\t<meta name=\"twitter:data1\" content=\"Cooltivarte\" \/>\n\t<meta name=\"twitter:label2\" content=\"Tiempo de lectura\" \/>\n\t<meta name=\"twitter:data2\" content=\"5 minutos\" \/>\n<!-- \/ Yoast SEO plugin. -->","yoast_head_json":{"title":"D\u00eda del Patrimonio 2021: Jos\u00e9 Enrique Rod\u00f3 \u2013 \u201cLas ideas cambian el mundo\u201d - Cooltivarte Portal","description":"COOLTIVARTE.COM es un portal digital colaborativo de actualizaci\u00f3n permanente dedicado a difundir el acontecer art\u00edstico y cultural, entrevista artistas, gestores y productores de las diferentes disciplinas del arte, y publicando art\u00edculos de reflexi\u00f3n de producci\u00f3n propia sobre los elementos culturales.","robots":{"index":"index","follow":"follow","max-snippet":"max-snippet:-1","max-image-preview":"max-image-preview:large","max-video-preview":"max-video-preview:-1"},"canonical":"https:\/\/cooltivarte.com\/portal\/dia-del-patrimonio-2021-jose-enrique-rodo-las-ideas-cambian-el-mundo\/","og_locale":"es_ES","og_type":"article","og_title":"D\u00eda del Patrimonio 2021: Jos\u00e9 Enrique Rod\u00f3 \u2013 \u201cLas ideas cambian el mundo\u201d - Cooltivarte Portal","og_description":"COOLTIVARTE.COM es un portal digital colaborativo de actualizaci\u00f3n permanente dedicado a difundir el acontecer art\u00edstico y cultural, entrevista artistas, gestores y productores de las diferentes disciplinas del arte, y publicando art\u00edculos de reflexi\u00f3n de producci\u00f3n propia sobre los elementos culturales.","og_url":"https:\/\/cooltivarte.com\/portal\/dia-del-patrimonio-2021-jose-enrique-rodo-las-ideas-cambian-el-mundo\/","og_site_name":"Cooltivarte Portal","article_publisher":"https:\/\/www.facebook.com\/cooltivartecom\/","article_author":"https:\/\/www.facebook.com\/cooltivartecom","article_published_time":"2021-10-01T18:05:05+00:00","article_modified_time":"2021-10-01T18:56:32+00:00","og_image":[{"width":655,"height":394,"url":"https:\/\/cooltivarte.com\/portal\/wp-content\/uploads\/2021\/10\/jose-enrique-rodo.jpg","type":"image\/jpeg"}],"author":"Cooltivarte","twitter_card":"summary_large_image","twitter_creator":"@https:\/\/x.com\/obolocultural","twitter_site":"@obolocultural","twitter_misc":{"Escrito por":"Cooltivarte","Tiempo de lectura":"5 minutos"},"schema":{"@context":"https:\/\/schema.org","@graph":[{"@type":"NewsArticle","@id":"https:\/\/cooltivarte.com\/portal\/dia-del-patrimonio-2021-jose-enrique-rodo-las-ideas-cambian-el-mundo\/#article","isPartOf":{"@id":"https:\/\/cooltivarte.com\/portal\/dia-del-patrimonio-2021-jose-enrique-rodo-las-ideas-cambian-el-mundo\/"},"author":{"name":"Cooltivarte","@id":"https:\/\/cooltivarte.com\/portal\/#\/schema\/person\/ec2a4f4e71b740d0c559c0ab9a157e19"},"headline":"D\u00eda del Patrimonio 2021: Jos\u00e9 Enrique Rod\u00f3 \u2013 \u201cLas ideas cambian el mundo\u201d","datePublished":"2021-10-01T18:05:05+00:00","dateModified":"2021-10-01T18:56:32+00:00","mainEntityOfPage":{"@id":"https:\/\/cooltivarte.com\/portal\/dia-del-patrimonio-2021-jose-enrique-rodo-las-ideas-cambian-el-mundo\/"},"wordCount":988,"publisher":{"@id":"https:\/\/cooltivarte.com\/portal\/#organization"},"image":{"@id":"https:\/\/cooltivarte.com\/portal\/dia-del-patrimonio-2021-jose-enrique-rodo-las-ideas-cambian-el-mundo\/#primaryimage"},"thumbnailUrl":"https:\/\/cooltivarte.com\/portal\/wp-content\/uploads\/2021\/10\/jose-enrique-rodo.jpg","keywords":["D\u00eda del Patrimonio","Jos\u00e9 Enrique Rod\u00f3"],"articleSection":["Noticias"],"inLanguage":"es-AR"},{"@type":"WebPage","@id":"https:\/\/cooltivarte.com\/portal\/dia-del-patrimonio-2021-jose-enrique-rodo-las-ideas-cambian-el-mundo\/","url":"https:\/\/cooltivarte.com\/portal\/dia-del-patrimonio-2021-jose-enrique-rodo-las-ideas-cambian-el-mundo\/","name":"D\u00eda del Patrimonio 2021: Jos\u00e9 Enrique Rod\u00f3 \u2013 \u201cLas ideas cambian el mundo\u201d - Cooltivarte Portal","isPartOf":{"@id":"https:\/\/cooltivarte.com\/portal\/#website"},"primaryImageOfPage":{"@id":"https:\/\/cooltivarte.com\/portal\/dia-del-patrimonio-2021-jose-enrique-rodo-las-ideas-cambian-el-mundo\/#primaryimage"},"image":{"@id":"https:\/\/cooltivarte.com\/portal\/dia-del-patrimonio-2021-jose-enrique-rodo-las-ideas-cambian-el-mundo\/#primaryimage"},"thumbnailUrl":"https:\/\/cooltivarte.com\/portal\/wp-content\/uploads\/2021\/10\/jose-enrique-rodo.jpg","datePublished":"2021-10-01T18:05:05+00:00","dateModified":"2021-10-01T18:56:32+00:00","description":"COOLTIVARTE.COM es un portal digital colaborativo de actualizaci\u00f3n permanente dedicado a difundir el acontecer art\u00edstico y cultural, entrevista artistas, gestores y productores de las diferentes disciplinas del arte, y publicando art\u00edculos de reflexi\u00f3n de producci\u00f3n propia sobre los elementos culturales.","breadcrumb":{"@id":"https:\/\/cooltivarte.com\/portal\/dia-del-patrimonio-2021-jose-enrique-rodo-las-ideas-cambian-el-mundo\/#breadcrumb"},"inLanguage":"es-AR","potentialAction":[{"@type":"ReadAction","target":["https:\/\/cooltivarte.com\/portal\/dia-del-patrimonio-2021-jose-enrique-rodo-las-ideas-cambian-el-mundo\/"]}]},{"@type":"ImageObject","inLanguage":"es-AR","@id":"https:\/\/cooltivarte.com\/portal\/dia-del-patrimonio-2021-jose-enrique-rodo-las-ideas-cambian-el-mundo\/#primaryimage","url":"https:\/\/cooltivarte.com\/portal\/wp-content\/uploads\/2021\/10\/jose-enrique-rodo.jpg","contentUrl":"https:\/\/cooltivarte.com\/portal\/wp-content\/uploads\/2021\/10\/jose-enrique-rodo.jpg","width":655,"height":394,"caption":"Jos\u00e9 Enrique Rod\u00f3"},{"@type":"BreadcrumbList","@id":"https:\/\/cooltivarte.com\/portal\/dia-del-patrimonio-2021-jose-enrique-rodo-las-ideas-cambian-el-mundo\/#breadcrumb","itemListElement":[{"@type":"ListItem","position":1,"name":"Portada","item":"https:\/\/cooltivarte.com\/portal\/"},{"@type":"ListItem","position":2,"name":"D\u00eda del Patrimonio 2021: Jos\u00e9 Enrique Rod\u00f3 \u2013 \u201cLas ideas cambian el mundo\u201d"}]},{"@type":"WebSite","@id":"https:\/\/cooltivarte.com\/portal\/#website","url":"https:\/\/cooltivarte.com\/portal\/","name":"Cooltivarte Portal","description":"Arte, cultura y turismo para el mundo ...","publisher":{"@id":"https:\/\/cooltivarte.com\/portal\/#organization"},"potentialAction":[{"@type":"SearchAction","target":{"@type":"EntryPoint","urlTemplate":"https:\/\/cooltivarte.com\/portal\/?s={search_term_string}"},"query-input":{"@type":"PropertyValueSpecification","valueRequired":true,"valueName":"search_term_string"}}],"inLanguage":"es-AR"},{"@type":"Organization","@id":"https:\/\/cooltivarte.com\/portal\/#organization","name":"cooltivarte","url":"https:\/\/cooltivarte.com\/portal\/","logo":{"@type":"ImageObject","inLanguage":"es-AR","@id":"https:\/\/cooltivarte.com\/portal\/#\/schema\/logo\/image\/","url":"https:\/\/cooltivarte.com\/portal\/wp-content\/uploads\/2020\/04\/logo-cooltivarte-v2.png","contentUrl":"https:\/\/cooltivarte.com\/portal\/wp-content\/uploads\/2020\/04\/logo-cooltivarte-v2.png","width":851,"height":243,"caption":"cooltivarte"},"image":{"@id":"https:\/\/cooltivarte.com\/portal\/#\/schema\/logo\/image\/"},"sameAs":["https:\/\/www.facebook.com\/cooltivartecom\/","https:\/\/x.com\/obolocultural","https:\/\/www.instagram.com\/_cooltivarte_\/","https:\/\/www.linkedin.com\/company\/-bolocultural?reportsuccess=8zaNG1HwhPbAR9iQhZ5rfGeqz_vQFftHun0ZWU0Wy9vNemRJ8vtcKdJvzQfW8XagyOJSKg0XvfJ1dp","https:\/\/www.pinterest.com\/cooltivarte\/","https:\/\/cooltivarte.tumblr.com\/","https:\/\/www.tiktok.com\/@cooltivarte","https:\/\/www.youtube.com\/@PrensaCooltivarte"]},{"@type":"Person","@id":"https:\/\/cooltivarte.com\/portal\/#\/schema\/person\/ec2a4f4e71b740d0c559c0ab9a157e19","name":"Cooltivarte","image":{"@type":"ImageObject","inLanguage":"es-AR","@id":"https:\/\/cooltivarte.com\/portal\/wp-content\/uploads\/2014\/05\/logo-cooltivarte-120x120.jpg","url":"https:\/\/cooltivarte.com\/portal\/wp-content\/uploads\/2014\/05\/logo-cooltivarte-120x120.jpg","contentUrl":"https:\/\/cooltivarte.com\/portal\/wp-content\/uploads\/2014\/05\/logo-cooltivarte-120x120.jpg","caption":"Cooltivarte"},"description":"Somos COOLTIVARTE.COM. Un portal digital dedicado a difundir el acontecer art\u00edstico y cultural del Uruguay. Estamos en la vuelta desde el a\u00f1o 2003, y como evoluci\u00f3n del bolet\u00edn Obolo Cultural, nos encontramos abocados a apoyar a los artistas nacionales brind\u00e1ndoles un espacio de difusi\u00f3n. Creemos en la idea de utilizar la potencialidad que hoy d\u00eda nos otorga la web, para que la cultura uruguaya y sus creadores dispongan de una din\u00e1mica ventana, que los ponga en contacto entre s\u00ed y con el mundo. Somos COOLTIVARTE.COM y pretendemos configurarnos como un portal din\u00e1mico, entretenido y atento a los nuevos emprendimientos, que busque siempre la interacci\u00f3n con los artistas.","sameAs":["http:\/\/www.cooltivarte.com","https:\/\/www.facebook.com\/cooltivartecom","https:\/\/www.instagram.com\/_cooltivarte_\/","https:\/\/www.linkedin.com\/company\/-bolocultural","https:\/\/www.pinterest.com\/cooltivarte\/","https:\/\/x.com\/https:\/\/x.com\/obolocultural","https:\/\/www.youtube.com\/@PrensaCooltivarte","https:\/\/www.tumblr.com\/blog\/cooltivarte"],"url":"https:\/\/cooltivarte.com\/portal\/author\/cooltivarte\/"}]}},"_links":{"self":[{"href":"https:\/\/cooltivarte.com\/portal\/wp-json\/wp\/v2\/posts\/74537","targetHints":{"allow":["GET"]}}],"collection":[{"href":"https:\/\/cooltivarte.com\/portal\/wp-json\/wp\/v2\/posts"}],"about":[{"href":"https:\/\/cooltivarte.com\/portal\/wp-json\/wp\/v2\/types\/post"}],"author":[{"embeddable":true,"href":"https:\/\/cooltivarte.com\/portal\/wp-json\/wp\/v2\/users\/8"}],"replies":[{"embeddable":true,"href":"https:\/\/cooltivarte.com\/portal\/wp-json\/wp\/v2\/comments?post=74537"}],"version-history":[{"count":3,"href":"https:\/\/cooltivarte.com\/portal\/wp-json\/wp\/v2\/posts\/74537\/revisions"}],"predecessor-version":[{"id":74543,"href":"https:\/\/cooltivarte.com\/portal\/wp-json\/wp\/v2\/posts\/74537\/revisions\/74543"}],"wp:featuredmedia":[{"embeddable":true,"href":"https:\/\/cooltivarte.com\/portal\/wp-json\/wp\/v2\/media\/74541"}],"wp:attachment":[{"href":"https:\/\/cooltivarte.com\/portal\/wp-json\/wp\/v2\/media?parent=74537"}],"wp:term":[{"taxonomy":"category","embeddable":true,"href":"https:\/\/cooltivarte.com\/portal\/wp-json\/wp\/v2\/categories?post=74537"},{"taxonomy":"post_tag","embeddable":true,"href":"https:\/\/cooltivarte.com\/portal\/wp-json\/wp\/v2\/tags?post=74537"}],"curies":[{"name":"wp","href":"https:\/\/api.w.org\/{rel}","templated":true}]}}