{"id":72505,"date":"2025-11-30T11:52:17","date_gmt":"2025-11-30T14:52:17","guid":{"rendered":"https:\/\/cooltivarte.com\/portal\/?p=72505"},"modified":"2025-12-20T20:47:45","modified_gmt":"2025-12-20T23:47:45","slug":"ete-los-problems-cumple-20-anos-y-lo-celebra-a-lo-grande","status":"publish","type":"post","link":"https:\/\/cooltivarte.com\/portal\/ete-los-problems-cumple-20-anos-y-lo-celebra-a-lo-grande\/","title":{"rendered":"ET\u00c9 &#038; LOS PROBLEMS &#8211; CUMPLI\u00d3 20 A\u00d1OS"},"content":{"rendered":"<p>&nbsp;<\/p>\n<figure id=\"attachment_120884\" aria-describedby=\"caption-attachment-120884\" style=\"width: 1024px\" class=\"wp-caption aligncenter\"><img fetchpriority=\"high\" decoding=\"async\" class=\"wp-image-120884 size-large\" title=\"ET\u00c9 &amp; LOS PROBLEMS - CUMPLI\u00d3 20 A\u00d1OS - NOVIEMBRE 2025 - TEATRO DE VERANO Foto Agus Anselmi\" src=\"https:\/\/cooltivarte.com\/portal\/wp-content\/uploads\/2025\/08\/ETE-LOS-PROBLEMS-CUMPLIO-20-ANOS-NOVIEMBRE-2025-TEATRO-DE-VERANO-Foto-Agus-Anselmi-1024x819.jpg\" alt=\"ET\u00c9 &amp; LOS PROBLEMS - CUMPLI\u00d3 20 A\u00d1OS - NOVIEMBRE 2025 - TEATRO DE VERANO Foto Agus Anselmi\" width=\"1024\" height=\"819\" srcset=\"https:\/\/cooltivarte.com\/portal\/wp-content\/uploads\/2025\/08\/ETE-LOS-PROBLEMS-CUMPLIO-20-ANOS-NOVIEMBRE-2025-TEATRO-DE-VERANO-Foto-Agus-Anselmi-1024x819.jpg 1024w, https:\/\/cooltivarte.com\/portal\/wp-content\/uploads\/2025\/08\/ETE-LOS-PROBLEMS-CUMPLIO-20-ANOS-NOVIEMBRE-2025-TEATRO-DE-VERANO-Foto-Agus-Anselmi-300x240.jpg 300w, https:\/\/cooltivarte.com\/portal\/wp-content\/uploads\/2025\/08\/ETE-LOS-PROBLEMS-CUMPLIO-20-ANOS-NOVIEMBRE-2025-TEATRO-DE-VERANO-Foto-Agus-Anselmi-768x614.jpg 768w, https:\/\/cooltivarte.com\/portal\/wp-content\/uploads\/2025\/08\/ETE-LOS-PROBLEMS-CUMPLIO-20-ANOS-NOVIEMBRE-2025-TEATRO-DE-VERANO-Foto-Agus-Anselmi.jpg 1134w\" sizes=\"(max-width: 1024px) 100vw, 1024px\" \/><figcaption id=\"caption-attachment-120884\" class=\"wp-caption-text\">ET\u00c9 &amp; LOS PROBLEMS &#8211; CUMPLI\u00d3 20 A\u00d1OS &#8211; NOVIEMBRE 2025 &#8211; TEATRO DE VERANO Foto Agus Anselmi<\/figcaption><\/figure>\n<p><a href=\"https:\/\/cooltivarte.com\/portal\/?s=ET%C3%89+%26+LOS+PROBLEMS\" target=\"_blank\" rel=\"noopener\"><strong>Et\u00e9 y los problems<\/strong><\/a> se present\u00f3 en el <strong>Teatro de Verano<\/strong> el pasado s\u00e1bado 29 de noviembre 2025 para celebrar sus 20 a\u00f1os. El show fue anunciado en abril de este a\u00f1o, cuando tocaron en el <a href=\"https:\/\/cooltivarte.com\/portal\/?s=Cosqu%C3%ADn+Rock\" target=\"_blank\" rel=\"noopener\"><strong>Cosqu\u00edn Rock<\/strong><\/a>.<\/p>\n<p>El <strong>Teatro de Verano<\/strong>, para los artistas uruguayos, tiene un significado m\u00e1s amplio de lo que el p\u00fablico puede asumir. La pel\u00edcula <a href=\"https:\/\/cooltivarte.com\/portal\/?s=Emoci%C3%B3n+a+cielo+abierto\" target=\"_blank\" rel=\"noopener\"><strong><em>Emoci\u00f3n a cielo abierto<\/em><\/strong><\/a>, estrenada el jueves 27 de noviembre, ayuda a transmitir esa idea contando la historia del teatro, as\u00ed como las experiencias en \u00e9l de distintos artistas. Es por eso que, aunque no sea el escenario m\u00e1s grande en el que un artista se puede presentar, sigue siendo un s\u00edmbolo de \u00e9xito entre los uruguayos, una forma de saber que lograron algo.<\/p>\n<p>No estuvieron muy lejos de llenar las localidades, aunque en un principio parec\u00eda que el lugar les iba a quedar grande. Entre la amenaza de lluvia y los muchos asientos libres, el panorama no era muy alentador. A eso de las nueve, horario de comienzo del espect\u00e1culo, lleg\u00f3 una ola de gente. M\u00e1s joven que el p\u00fablico que ya estaba y definitivamente m\u00e1s euf\u00f3rico, daban una sensaci\u00f3n de barra brava, m\u00e1s cercanos a los artistas y con las emociones a flor de piel. Con este \u00faltimo cambio en la audiencia se despidi\u00f3 el Dj que acompa\u00f1\u00f3 desde la apertura de puertas, y minutos despu\u00e9s entr\u00f3 la banda. Abrieron con <em>Las palomas<\/em>, sentando las bases del concierto y activando al p\u00fablico desde el momento uno. Todos nos paramos y no volvimos a sentarnos hasta que termin\u00f3 el concierto.<\/p>\n<p>Mi primera sensaci\u00f3n cuando subieron al escenario fue que estaban nerviosos. Daban una impresi\u00f3n de desconfianza, como si la necesidad de hacerlo bien no les permitiera relajarse del todo. A medida que pas\u00f3 el tiempo se fueron acomodando hasta llegar a un ambiente m\u00e1s ameno.<\/p>\n<p>La banda impacta. Uno los ve y se queda un poco hipnotizado. Hay tantas cosas pasando, tantas luces, instrumentos, miradas entre los m\u00fasicos. Ritmos cortantes o dulces o pesados o l\u00fagubres. La variedad de g\u00e9neros, acompa\u00f1ada con letras po\u00e9ticas, es realmente una muestra de arte que te llega.<\/p>\n<p>Los cinco artistas principales funcionan muy bien juntos. Tienen una din\u00e1mica muy interesante de ver, cada uno parece tener su propia personalidad que encaja con el resto, aunque sea completamente distinta, se generan contrastes interesantes por varios lados. La juventud de <a href=\"https:\/\/cooltivarte.com\/portal\/?s=Mart%C3%ADn+Iglesias\" target=\"_blank\" rel=\"noopener\"><strong>Mart\u00edn Iglesias<\/strong><\/a>, guitarrista y corista, en comparaci\u00f3n con el resto de los integrantes; la voz de <a href=\"https:\/\/cooltivarte.com\/portal\/?s=B%C3%A1rbara+Jorcin\" target=\"_blank\" rel=\"noopener\"><strong>B\u00e1rbara Jorcin<\/strong><\/a>, tecladista, pianista y \u00fanica mujer en la banda contrasta con lo grueso de la de sus compa\u00f1eros; la presencia casi teatral de <a href=\"https:\/\/cooltivarte.com\/portal\/?s=Ernesto+Tab%C3%A1rez\" target=\"_blank\" rel=\"noopener\"><strong>Ernesto Tab\u00e1rez<\/strong><\/a>, cantante y guitarrista de la banda, adem\u00e1s de fundador; la omnipresencia del bajista, <a href=\"https:\/\/cooltivarte.com\/portal\/?s=Iv%C3%A1n+Krisman\" target=\"_blank\" rel=\"noopener\"><strong>Iv\u00e1n Krisman<\/strong><\/a>, mucho m\u00e1s callado que sus compa\u00f1eros, y el baterista, <a href=\"https:\/\/cooltivarte.com\/portal\/?s=Andr%C3%A9s+Coutinho\" target=\"_blank\" rel=\"noopener\"><strong>Andr\u00e9s Coutinho<\/strong><\/a>, que innov\u00f3 con la bater\u00eda sac\u00e1ndole tantos sonidos como le fue posible. Sin embargo, no fueron solo ellos los responsables de brindar este espect\u00e1culo, hubo muchos invitados que se encargaron de aportar algo distinto, violinistas, guitarristas, cantantes, amigos, exintegrantes de la banda. Todos tuvieron un espacio para mostrar su arte, as\u00ed como el aprecio hacia la banda y sus integrantes. Fue esto, en gran parte, lo que colabor\u00f3 para que el concierto durase tres horas.<\/p>\n<p>Todo artista necesita de \u00e9xito para alimentar su arte, m\u00e1s all\u00e1 del placer de ser conocido o la importancia que tenga la fama para cada uno en lo individual, la realidad es que van de la mano. Es dif\u00edcil definir d\u00f3nde se traza la l\u00ednea entre lo emocional y lo popular a la hora de hacer un espect\u00e1culo de este tama\u00f1o. \u00bfCu\u00e1nto puede permitirse en el aspecto emocional una banda como <strong>Et\u00e9 y los problems<\/strong> a la hora de presentar uno de los mayores shows de su carrera? Esa fue la pregunta que me surgi\u00f3 en el concierto al sentir que lo que hac\u00edan era para los fans, pero sobre todo para ellos, mientras pasaban cinco minutos bailando entre ellos, riendo y saltando, pero no exactamente poniendo un show, mientras se alargaban los finales de una canci\u00f3n, arrancando el coro una vez m\u00e1s a ver si esa vez duraba para siempre. \u00bfHasta qu\u00e9 punto este espect\u00e1culo fue para el p\u00fablico y hasta cu\u00e1nto fue para ellos mismos? Porque, aunque fue profesional con las c\u00e1maras, las luces, el escenario, los asistentes y el sonido, tambi\u00e9n fue sumamente personal, m\u00e1s que sentir que me estaban presentando algo, por momentos sent\u00ed que estaba viendo desde lejos, como si fuera un documental de la banda y no la experiencia real.<\/p>\n<p>El arte no es sobre el p\u00fablico, no tiene sentido que lo sea, pero s\u00ed suele ser una invitaci\u00f3n, un punto medio en el que artista y consumidor se encuentran y se comprenden. Por mucho que se haya disfrutado, por mucho que haya gritado, cantado, no creo haberme sentido parte. El momento era de ellos, m\u00e1s que construir un espacio entre todos, nosotros fuimos testigos de su \u00e9xito, sentimos orgullo por lo que hicieron y por el camino recorrido, nos sentimos c\u00f3modos al presenciar su sue\u00f1o hacerse realidad desde un paso atr\u00e1s, viviendo el arte de la forma m\u00e1s pura posible, de forma ego\u00edsta. En un presente tan centrado en lo individual, tan consumido por el yo por sobre el resto, fue interesante estar tres horas admirando el logro ajeno, sin intentar convertirlo en propio.<\/p>\n<p>Y, por \u00faltimo, Ernesto, cantante y fundador de la banda que logr\u00f3 mantener una cara de orgullo por tres horas seguidas. Cambi\u00f3 de guitarra ac\u00fastica a el\u00e9ctrica alrededor de veinte veces en todo el concierto y se fue corriendo entre el p\u00fablico en medio de una canci\u00f3n. Su voz es fuerte, impone, pero a la vez invita. No hay duda de que es el alma de la banda, y la banda es como su hijo, que trata con tantas emociones que se le desbordan en vivo.<\/p>\n<p>El espect\u00e1culo, musicalmente hablando, estuvo muy bien, tambi\u00e9n en lo t\u00e9cnico, las luces eran un show en s\u00ed mismas, el sonido bien regulado, los asistentes a tiempo proporcionando a los artistas lo que necesitaban en cada momento. Sin embargo, con todo el profesionalismo que hab\u00eda, lo emocional supo ser mayor. Es dif\u00edcil buscar el orden, la perfecci\u00f3n en el arte, porque el arte es inherentemente emocional y por lo tanto desprolijo. El artista tiene un sentimiento, una idea, un sue\u00f1o y lo plasma en palabras, colores, melod\u00edas. Intenta transmitirlo lo mejor que puede, no para darse a entender, sino para sacarlo a la superficie, y una vez entre nosotros esa idea se mueve, cambia de forma, adquiere nuevos significados. En un concierto con este tipo de carga emocional, se abren las puertas a una forma de comunicaci\u00f3n m\u00e1s cruda, desordenada y propia de aquellos que priorizan el sentimiento y la conexi\u00f3n por sobre lo superficial de la fama.<\/p>\n<p>&nbsp;<br \/>\n&nbsp;<\/p>\n<h3>&nbsp;<a href=\"https:\/\/www.facebook.com\/media\/set\/?set=a.1405004588330063&amp;type=3\" target=\"_blank\" rel=\"noopener\">Ir a la fotogaler\u00eda<\/a><\/h3>\n<p><iframe style=\"border: none; overflow: hidden;\" src=\"https:\/\/www.facebook.com\/plugins\/post.php?href=https%3A%2F%2Fwww.facebook.com%2Fmedia%2Fset%2F%3Fset%3Da.1405004588330063%26type%3D3&amp;width=100%\" width=\"100%\" height=\"669\" frameborder=\"0\" scrolling=\"no\"><\/iframe><br \/>\n&nbsp;<br \/>\n&nbsp;<\/p>\n<blockquote class=\"instagram-media\" style=\"background: #FFF; border: 0; border-radius: 3px; box-shadow: 0 0 1px 0 rgba(0,0,0,0.5),0 1px 10px 0 rgba(0,0,0,0.15); margin: 1px; max-width: 540px; min-width: 326px; padding: 0; width: calc(100% - 2px);\" data-instgrm-captioned=\"\" data-instgrm-permalink=\"https:\/\/www.instagram.com\/p\/DSf12rjCfO3\/?utm_source=ig_embed&amp;utm_campaign=loading\" data-instgrm-version=\"14\">\n<div style=\"padding: 16px;\">\n<p>&nbsp;<\/p>\n<div style=\"display: flex; flex-direction: row; align-items: center;\">\n<div style=\"background-color: #f4f4f4; border-radius: 50%; flex-grow: 0; height: 40px; margin-right: 14px; width: 40px;\">&nbsp;<\/div>\n<div style=\"display: flex; flex-direction: column; flex-grow: 1; justify-content: center;\">\n<div style=\"background-color: #f4f4f4; border-radius: 4px; flex-grow: 0; height: 14px; margin-bottom: 6px; width: 100px;\">&nbsp;<\/div>\n<div style=\"background-color: #f4f4f4; border-radius: 4px; flex-grow: 0; height: 14px; width: 60px;\">&nbsp;<\/div>\n<\/div>\n<\/div>\n<div style=\"padding: 19% 0;\">&nbsp;<\/div>\n<div style=\"display: block; height: 50px; margin: 0 auto 12px; width: 50px;\">&nbsp;<\/div>\n<div style=\"padding-top: 8px;\">\n<div style=\"color: #3897f0; font-family: Arial,sans-serif; font-size: 14px; font-style: normal; font-weight: 550; line-height: 18px;\">Ver esta publicaci\u00f3n en Instagram<\/div>\n<\/div>\n<div style=\"padding: 12.5% 0;\">&nbsp;<\/div>\n<div style=\"display: flex; flex-direction: row; margin-bottom: 14px; align-items: center;\">\n<div>\n<div style=\"background-color: #f4f4f4; border-radius: 50%; height: 12.5px; width: 12.5px; transform: translateX(0px) translateY(7px);\">&nbsp;<\/div>\n<div style=\"background-color: #f4f4f4; height: 12.5px; transform: rotate(-45deg) translateX(3px) translateY(1px); width: 12.5px; flex-grow: 0; margin-right: 14px; margin-left: 2px;\">&nbsp;<\/div>\n<div style=\"background-color: #f4f4f4; border-radius: 50%; height: 12.5px; width: 12.5px; transform: translateX(9px) translateY(-18px);\">&nbsp;<\/div>\n<\/div>\n<div style=\"margin-left: 8px;\">\n<div style=\"background-color: #f4f4f4; border-radius: 50%; flex-grow: 0; height: 20px; width: 20px;\">&nbsp;<\/div>\n<div style=\"width: 0; height: 0; border-top: 2px solid transparent; border-left: 6px solid #f4f4f4; border-bottom: 2px solid transparent; transform: translateX(16px) translateY(-4px) rotate(30deg);\">&nbsp;<\/div>\n<\/div>\n<div style=\"margin-left: auto;\">\n<div style=\"width: 0px; border-top: 8px solid #F4F4F4; border-right: 8px solid transparent; transform: translateY(16px);\">&nbsp;<\/div>\n<div style=\"background-color: #f4f4f4; flex-grow: 0; height: 12px; width: 16px; transform: translateY(-4px);\">&nbsp;<\/div>\n<div style=\"width: 0; height: 0; border-top: 8px solid #F4F4F4; border-left: 8px solid transparent; transform: translateY(-4px) translateX(8px);\">&nbsp;<\/div>\n<\/div>\n<\/div>\n<div style=\"display: flex; flex-direction: column; flex-grow: 1; justify-content: center; margin-bottom: 24px;\">\n<div style=\"background-color: #f4f4f4; border-radius: 4px; flex-grow: 0; height: 14px; margin-bottom: 6px; width: 224px;\">&nbsp;<\/div>\n<div style=\"background-color: #f4f4f4; border-radius: 4px; flex-grow: 0; height: 14px; width: 144px;\">&nbsp;<\/div>\n<\/div>\n<p>&nbsp;<\/p>\n<p style=\"color: #c9c8cd; font-family: Arial,sans-serif; font-size: 14px; line-height: 17px; margin-bottom: 0; margin-top: 8px; overflow: hidden; padding: 8px 0 7px; text-align: center; text-overflow: ellipsis; white-space: nowrap;\"><a style=\"color: #c9c8cd; font-family: Arial,sans-serif; font-size: 14px; font-style: normal; font-weight: normal; line-height: 17px; text-decoration: none;\" href=\"https:\/\/www.instagram.com\/p\/DSf12rjCfO3\/?utm_source=ig_embed&amp;utm_campaign=loading\" target=\"_blank\" rel=\"noopener\">Una publicaci\u00f3n compartida por cooltivarte.com (@_cooltivarte_)<\/a><\/p>\n<\/div>\n<\/blockquote>\n<p><script async=\"\" src=\"\/\/www.instagram.com\/embed.js\"><\/script><br \/>\n&nbsp;<\/p>\n<p>&nbsp;<\/p>\n<p>&nbsp;<\/p>\n","protected":false},"excerpt":{"rendered":"<p>Et\u00e9 y los problems se present\u00f3 en el Teatro de Verano el pasado s\u00e1bado 29 de noviembre 2025 para celebrar sus 20 a\u00f1os. El show fue anunciado en abril de este a\u00f1o, cuando tocaron en el Cosqu\u00edn Rock.<\/p>\n<p>El Teatro de Verano, para los artistas uruguayos, tiene un significado m\u00e1s amplio de lo que el p\u00fablico puede asumir. La pel\u00edcula Emoci\u00f3n a cielo abierto, estrenada el jueves 27 de noviembre, ayuda a transmitir esa idea contando la historia del teatro, as\u00ed como las experiencias en \u00e9l de distintos artistas. Es por eso que, aunque no sea el escenario m\u00e1s grande en el que un artista se puede presentar, sigue siendo un s\u00edmbolo de \u00e9xito entre los uruguayos, una forma de saber que lograron algo.<\/p>\n<p>No estuvieron muy lejos de llenar las localidades, aunque en un principio parec\u00eda que el lugar les iba a quedar grande. Entre la amenaza de lluvia y los muchos asientos libres, el panorama no era muy alentador. A eso de las nueve, horario de comienzo del espect\u00e1culo, lleg\u00f3 una ola de gente. M\u00e1s joven que el p\u00fablico que ya estaba y definitivamente m\u00e1s euf\u00f3rico, daban una sensaci\u00f3n de barra brava, m\u00e1s cercanos a los artistas y con las emociones a flor de piel. Con este \u00faltimo cambio en la audiencia se despidi\u00f3 el Dj que acompa\u00f1\u00f3 desde la apertura de puertas, y minutos despu\u00e9s entr\u00f3 la banda. Abrieron con Las palomas, sentando las bases del concierto y activando al p\u00fablico desde el momento uno. Todos nos paramos y no volvimos a sentarnos hasta que termin\u00f3 el concierto.<\/p>\n","protected":false},"author":204,"featured_media":120884,"comment_status":"closed","ping_status":"closed","sticky":false,"template":"","format":"standard","meta":{"om_disable_all_campaigns":false,"ngg_post_thumbnail":0,"jnews-multi-image_gallery":[],"jnews_single_post":{"subtitle":"NOVIEMBRE 2025 - TEATRO DE VERANO","format":"standard","video":"","gallery":"","source_name":"","source_url":"","via_name":"","via_url":"","override_template":"0","override":[{"template":"1","single_blog_custom":"","parallax":"1","fullscreen":"1","layout":"right-sidebar","sidebar":"default-sidebar","second_sidebar":"default-sidebar","sticky_sidebar":"1","share_position":"top","share_float_style":"share-monocrhome","show_share_counter":"1","show_view_counter":"1","show_featured":"1","show_post_meta":"1","show_post_author":"1","show_post_author_image":"1","show_post_date":"1","post_date_format":"default","post_date_format_custom":"Y\/m\/d","show_post_category":"1","show_post_reading_time":"0","post_reading_time_wpm":"300","show_zoom_button":"0","zoom_button_out_step":"2","zoom_button_in_step":"3","show_post_tag":"1","show_prev_next_post":"1","show_popup_post":"1","number_popup_post":"1","show_author_box":"0","show_post_related":"0","show_inline_post_related":"0","post_calculate_word_method":"str_word_count","show_comment_section":"1"}],"override_image_size":"0","image_override":[{"single_post_thumbnail_size":"crop-500","single_post_gallery_size":"crop-500"}],"trending_post":"0","trending_post_position":"meta","trending_post_label":"Trending","sponsored_post":"0","sponsored_post_label":"Sponsored by","sponsored_post_name":"","sponsored_post_url":"","sponsored_post_logo_enable":"0","sponsored_post_logo":"","sponsored_post_desc":"","disable_ad":"0"},"jnews_primary_category":{"id":""},"jnews_social_meta":{"fb_title":"","fb_description":"","fb_image":"","twitter_title":"","twitter_description":"","twitter_image":""},"jnews_override_counter":{"override_view_counter":"0","view_counter_number":"0","override_share_counter":"0","share_counter_number":"0","override_like_counter":"0","like_counter_number":"0","override_dislike_counter":"0","dislike_counter_number":"0"},"footnotes":""},"categories":[50],"tags":[1391,1147],"class_list":["post-72505","post","type-post","status-publish","format-standard","has-post-thumbnail","hentry","category-coberturas","tag-ete-los-problems","tag-teatro-de-verano"],"yoast_head":"<!-- This site is optimized with the Yoast SEO plugin v27.5 - https:\/\/yoast.com\/product\/yoast-seo-wordpress\/ -->\n<title>ET\u00c9 &amp; LOS PROBLEMS - CUMPLI\u00d3 20 A\u00d1OS - Cooltivarte Portal<\/title>\n<meta name=\"description\" content=\"Et\u00e9 y los problems se present\u00f3 en el Teatro de Verano el pasado s\u00e1bado 29 de noviembre 2025 para celebrar sus 20 a\u00f1os. El show fue anunciado en abril de este a\u00f1o, cuando tocaron en el Cosqu\u00edn Rock.\" \/>\n<meta name=\"robots\" content=\"index, follow, max-snippet:-1, max-image-preview:large, max-video-preview:-1\" \/>\n<link rel=\"canonical\" href=\"https:\/\/cooltivarte.com\/portal\/ete-los-problems-cumple-20-anos-y-lo-celebra-a-lo-grande\/\" \/>\n<meta property=\"og:locale\" content=\"es_ES\" \/>\n<meta property=\"og:type\" content=\"article\" \/>\n<meta property=\"og:title\" content=\"ET\u00c9 &amp; LOS PROBLEMS - CUMPLI\u00d3 20 A\u00d1OS - NOVIEMBRE 2025 - TEATRO DE VERANO by Matilde Rodr\u00edguez - Foto Agus Anselmi\" \/>\n<meta property=\"og:description\" content=\"Et\u00e9 y los problems se present\u00f3 en el Teatro de Verano el pasado s\u00e1bado 29 de noviembre 2025 para celebrar sus 20 a\u00f1os. El show fue anunciado en abril de este a\u00f1o, cuando tocaron en el Cosqu\u00edn Rock.\" \/>\n<meta property=\"og:url\" content=\"https:\/\/cooltivarte.com\/portal\/ete-los-problems-cumple-20-anos-y-lo-celebra-a-lo-grande\/\" \/>\n<meta property=\"og:site_name\" content=\"Cooltivarte Portal\" \/>\n<meta property=\"article:publisher\" content=\"https:\/\/www.facebook.com\/cooltivartecom\/\" \/>\n<meta property=\"article:author\" content=\"https:\/\/www.facebook.com\/cooltivartecom\/\" \/>\n<meta property=\"article:published_time\" content=\"2025-11-30T14:52:17+00:00\" \/>\n<meta property=\"article:modified_time\" content=\"2025-12-20T23:47:45+00:00\" \/>\n<meta property=\"og:image\" content=\"https:\/\/cooltivarte.com\/portal\/wp-content\/uploads\/2025\/08\/ETE-LOS-PROBLEMS-CUMPLIO-20-ANOS-NOVIEMBRE-2025-TEATRO-DE-VERANO-Foto-Agus-Anselmi.jpg\" \/>\n\t<meta property=\"og:image:width\" content=\"1134\" \/>\n\t<meta property=\"og:image:height\" content=\"907\" \/>\n\t<meta property=\"og:image:type\" content=\"image\/jpeg\" \/>\n<meta name=\"author\" content=\"Matilde Rodr\u00edguez Camejo\" \/>\n<meta name=\"twitter:card\" content=\"summary_large_image\" \/>\n<meta name=\"twitter:title\" content=\"ET\u00c9 &amp; LOS PROBLEMS - CUMPLE 20 A\u00d1OS Y LO CELEBRA A LO GRANDE - 29 DE NOVIEMBRE 2025 - TEATRO DE VERANO\" \/>\n<meta name=\"twitter:description\" content=\"Et\u00e9 y los problems se present\u00f3 en el Teatro de Verano el pasado s\u00e1bado 29 de noviembre 2025 para celebrar sus 20 a\u00f1os. El show fue anunciado en abril de este a\u00f1o, cuando tocaron en el Cosqu\u00edn Rock.\" \/>\n<meta name=\"twitter:image\" content=\"https:\/\/cooltivarte.com\/portal\/wp-content\/uploads\/2025\/08\/ETE-LOS-PROBLEMS-CUMPLIO-20-ANOS-NOVIEMBRE-2025-TEATRO-DE-VERANO-Foto-Agus-Anselmi.jpg\" \/>\n<meta name=\"twitter:creator\" content=\"@https:\/\/x.com\/obolocultural\" \/>\n<meta name=\"twitter:site\" content=\"@obolocultural\" \/>\n<meta name=\"twitter:label1\" content=\"Escrito por\" \/>\n\t<meta name=\"twitter:data1\" content=\"Matilde Rodr\u00edguez Camejo\" \/>\n\t<meta name=\"twitter:label2\" content=\"Tiempo de lectura\" \/>\n\t<meta name=\"twitter:data2\" content=\"6 minutos\" \/>\n<!-- \/ Yoast SEO plugin. -->","yoast_head_json":{"title":"ET\u00c9 & LOS PROBLEMS - CUMPLI\u00d3 20 A\u00d1OS - Cooltivarte Portal","description":"Et\u00e9 y los problems se present\u00f3 en el Teatro de Verano el pasado s\u00e1bado 29 de noviembre 2025 para celebrar sus 20 a\u00f1os. El show fue anunciado en abril de este a\u00f1o, cuando tocaron en el Cosqu\u00edn Rock.","robots":{"index":"index","follow":"follow","max-snippet":"max-snippet:-1","max-image-preview":"max-image-preview:large","max-video-preview":"max-video-preview:-1"},"canonical":"https:\/\/cooltivarte.com\/portal\/ete-los-problems-cumple-20-anos-y-lo-celebra-a-lo-grande\/","og_locale":"es_ES","og_type":"article","og_title":"ET\u00c9 & LOS PROBLEMS - CUMPLI\u00d3 20 A\u00d1OS - NOVIEMBRE 2025 - TEATRO DE VERANO by Matilde Rodr\u00edguez - Foto Agus Anselmi","og_description":"Et\u00e9 y los problems se present\u00f3 en el Teatro de Verano el pasado s\u00e1bado 29 de noviembre 2025 para celebrar sus 20 a\u00f1os. El show fue anunciado en abril de este a\u00f1o, cuando tocaron en el Cosqu\u00edn Rock.","og_url":"https:\/\/cooltivarte.com\/portal\/ete-los-problems-cumple-20-anos-y-lo-celebra-a-lo-grande\/","og_site_name":"Cooltivarte Portal","article_publisher":"https:\/\/www.facebook.com\/cooltivartecom\/","article_author":"https:\/\/www.facebook.com\/cooltivartecom\/","article_published_time":"2025-11-30T14:52:17+00:00","article_modified_time":"2025-12-20T23:47:45+00:00","og_image":[{"width":1134,"height":907,"url":"https:\/\/cooltivarte.com\/portal\/wp-content\/uploads\/2025\/08\/ETE-LOS-PROBLEMS-CUMPLIO-20-ANOS-NOVIEMBRE-2025-TEATRO-DE-VERANO-Foto-Agus-Anselmi.jpg","type":"image\/jpeg"}],"author":"Matilde Rodr\u00edguez Camejo","twitter_card":"summary_large_image","twitter_title":"ET\u00c9 & LOS PROBLEMS - CUMPLE 20 A\u00d1OS Y LO CELEBRA A LO GRANDE - 29 DE NOVIEMBRE 2025 - TEATRO DE VERANO","twitter_description":"Et\u00e9 y los problems se present\u00f3 en el Teatro de Verano el pasado s\u00e1bado 29 de noviembre 2025 para celebrar sus 20 a\u00f1os. El show fue anunciado en abril de este a\u00f1o, cuando tocaron en el Cosqu\u00edn Rock.","twitter_image":"https:\/\/cooltivarte.com\/portal\/wp-content\/uploads\/2025\/08\/ETE-LOS-PROBLEMS-CUMPLIO-20-ANOS-NOVIEMBRE-2025-TEATRO-DE-VERANO-Foto-Agus-Anselmi.jpg","twitter_creator":"@https:\/\/x.com\/obolocultural","twitter_site":"@obolocultural","twitter_misc":{"Escrito por":"Matilde Rodr\u00edguez Camejo","Tiempo de lectura":"6 minutos"},"schema":{"@context":"https:\/\/schema.org","@graph":[{"@type":"NewsArticle","@id":"https:\/\/cooltivarte.com\/portal\/ete-los-problems-cumple-20-anos-y-lo-celebra-a-lo-grande\/#article","isPartOf":{"@id":"https:\/\/cooltivarte.com\/portal\/ete-los-problems-cumple-20-anos-y-lo-celebra-a-lo-grande\/"},"author":{"name":"Matilde Rodr\u00edguez Camejo","@id":"https:\/\/cooltivarte.com\/portal\/#\/schema\/person\/23d80e4f06582d688f51743b2d2abb6f"},"headline":"ET\u00c9 &#038; LOS PROBLEMS &#8211; CUMPLI\u00d3 20 A\u00d1OS","datePublished":"2025-11-30T14:52:17+00:00","dateModified":"2025-12-20T23:47:45+00:00","mainEntityOfPage":{"@id":"https:\/\/cooltivarte.com\/portal\/ete-los-problems-cumple-20-anos-y-lo-celebra-a-lo-grande\/"},"wordCount":1287,"publisher":{"@id":"https:\/\/cooltivarte.com\/portal\/#organization"},"image":{"@id":"https:\/\/cooltivarte.com\/portal\/ete-los-problems-cumple-20-anos-y-lo-celebra-a-lo-grande\/#primaryimage"},"thumbnailUrl":"https:\/\/cooltivarte.com\/portal\/wp-content\/uploads\/2025\/08\/ETE-LOS-PROBLEMS-CUMPLIO-20-ANOS-NOVIEMBRE-2025-TEATRO-DE-VERANO-Foto-Agus-Anselmi.jpg","keywords":["ET\u00c9 &amp; LOS PROBLEMS","Teatro de Verano"],"articleSection":["Coberturas"],"inLanguage":"es-AR"},{"@type":"WebPage","@id":"https:\/\/cooltivarte.com\/portal\/ete-los-problems-cumple-20-anos-y-lo-celebra-a-lo-grande\/","url":"https:\/\/cooltivarte.com\/portal\/ete-los-problems-cumple-20-anos-y-lo-celebra-a-lo-grande\/","name":"ET\u00c9 & LOS PROBLEMS - CUMPLI\u00d3 20 A\u00d1OS - Cooltivarte Portal","isPartOf":{"@id":"https:\/\/cooltivarte.com\/portal\/#website"},"primaryImageOfPage":{"@id":"https:\/\/cooltivarte.com\/portal\/ete-los-problems-cumple-20-anos-y-lo-celebra-a-lo-grande\/#primaryimage"},"image":{"@id":"https:\/\/cooltivarte.com\/portal\/ete-los-problems-cumple-20-anos-y-lo-celebra-a-lo-grande\/#primaryimage"},"thumbnailUrl":"https:\/\/cooltivarte.com\/portal\/wp-content\/uploads\/2025\/08\/ETE-LOS-PROBLEMS-CUMPLIO-20-ANOS-NOVIEMBRE-2025-TEATRO-DE-VERANO-Foto-Agus-Anselmi.jpg","datePublished":"2025-11-30T14:52:17+00:00","dateModified":"2025-12-20T23:47:45+00:00","description":"Et\u00e9 y los problems se present\u00f3 en el Teatro de Verano el pasado s\u00e1bado 29 de noviembre 2025 para celebrar sus 20 a\u00f1os. El show fue anunciado en abril de este a\u00f1o, cuando tocaron en el Cosqu\u00edn Rock.","breadcrumb":{"@id":"https:\/\/cooltivarte.com\/portal\/ete-los-problems-cumple-20-anos-y-lo-celebra-a-lo-grande\/#breadcrumb"},"inLanguage":"es-AR","potentialAction":[{"@type":"ReadAction","target":["https:\/\/cooltivarte.com\/portal\/ete-los-problems-cumple-20-anos-y-lo-celebra-a-lo-grande\/"]}]},{"@type":"ImageObject","inLanguage":"es-AR","@id":"https:\/\/cooltivarte.com\/portal\/ete-los-problems-cumple-20-anos-y-lo-celebra-a-lo-grande\/#primaryimage","url":"https:\/\/cooltivarte.com\/portal\/wp-content\/uploads\/2025\/08\/ETE-LOS-PROBLEMS-CUMPLIO-20-ANOS-NOVIEMBRE-2025-TEATRO-DE-VERANO-Foto-Agus-Anselmi.jpg","contentUrl":"https:\/\/cooltivarte.com\/portal\/wp-content\/uploads\/2025\/08\/ETE-LOS-PROBLEMS-CUMPLIO-20-ANOS-NOVIEMBRE-2025-TEATRO-DE-VERANO-Foto-Agus-Anselmi.jpg","width":1134,"height":907,"caption":"ET\u00c9 &amp; LOS PROBLEMS - CUMPLI\u00d3 20 A\u00d1OS - NOVIEMBRE 2025 - TEATRO DE VERANO Foto Agus Anselmi"},{"@type":"BreadcrumbList","@id":"https:\/\/cooltivarte.com\/portal\/ete-los-problems-cumple-20-anos-y-lo-celebra-a-lo-grande\/#breadcrumb","itemListElement":[{"@type":"ListItem","position":1,"name":"Portada","item":"https:\/\/cooltivarte.com\/portal\/"},{"@type":"ListItem","position":2,"name":"ET\u00c9 &#038; LOS PROBLEMS &#8211; CUMPLI\u00d3 20 A\u00d1OS"}]},{"@type":"WebSite","@id":"https:\/\/cooltivarte.com\/portal\/#website","url":"https:\/\/cooltivarte.com\/portal\/","name":"Cooltivarte Portal","description":"Arte, cultura y turismo para el mundo ...","publisher":{"@id":"https:\/\/cooltivarte.com\/portal\/#organization"},"potentialAction":[{"@type":"SearchAction","target":{"@type":"EntryPoint","urlTemplate":"https:\/\/cooltivarte.com\/portal\/?s={search_term_string}"},"query-input":{"@type":"PropertyValueSpecification","valueRequired":true,"valueName":"search_term_string"}}],"inLanguage":"es-AR"},{"@type":"Organization","@id":"https:\/\/cooltivarte.com\/portal\/#organization","name":"cooltivarte","url":"https:\/\/cooltivarte.com\/portal\/","logo":{"@type":"ImageObject","inLanguage":"es-AR","@id":"https:\/\/cooltivarte.com\/portal\/#\/schema\/logo\/image\/","url":"https:\/\/cooltivarte.com\/portal\/wp-content\/uploads\/2020\/04\/logo-cooltivarte-v2.png","contentUrl":"https:\/\/cooltivarte.com\/portal\/wp-content\/uploads\/2020\/04\/logo-cooltivarte-v2.png","width":851,"height":243,"caption":"cooltivarte"},"image":{"@id":"https:\/\/cooltivarte.com\/portal\/#\/schema\/logo\/image\/"},"sameAs":["https:\/\/www.facebook.com\/cooltivartecom\/","https:\/\/x.com\/obolocultural","https:\/\/www.instagram.com\/_cooltivarte_\/","https:\/\/www.linkedin.com\/company\/-bolocultural?reportsuccess=8zaNG1HwhPbAR9iQhZ5rfGeqz_vQFftHun0ZWU0Wy9vNemRJ8vtcKdJvzQfW8XagyOJSKg0XvfJ1dp","https:\/\/www.pinterest.com\/cooltivarte\/","https:\/\/cooltivarte.tumblr.com\/","https:\/\/www.tiktok.com\/@cooltivarte","https:\/\/www.youtube.com\/@PrensaCooltivarte"]},{"@type":"Person","@id":"https:\/\/cooltivarte.com\/portal\/#\/schema\/person\/23d80e4f06582d688f51743b2d2abb6f","name":"Matilde Rodr\u00edguez Camejo","image":{"@type":"ImageObject","inLanguage":"es-AR","@id":"https:\/\/cooltivarte.com\/portal\/wp-content\/uploads\/2023\/05\/WhatsApp-Image-2023-05-29-at-20.59.33-120x120.jpeg","url":"https:\/\/cooltivarte.com\/portal\/wp-content\/uploads\/2023\/05\/WhatsApp-Image-2023-05-29-at-20.59.33-120x120.jpeg","contentUrl":"https:\/\/cooltivarte.com\/portal\/wp-content\/uploads\/2023\/05\/WhatsApp-Image-2023-05-29-at-20.59.33-120x120.jpeg","caption":"Matilde Rodr\u00edguez Camejo"},"description":"Me gusta mucho leer y decid\u00ed comenzar a compartir mis opiniones respecto a los libros que leo. Espero que mis rese\u00f1as les generen curiosidad y descubran estas historias que a mi tanto me gustaron.","sameAs":["https:\/\/www.cooltivarte.com","https:\/\/www.facebook.com\/cooltivartecom\/","https:\/\/www.instagram.com\/matildeerodriguez","https:\/\/www.linkedin.com\/company\/-bolocultural\/","https:\/\/www.pinterest.com\/cooltivarte\/","https:\/\/x.com\/https:\/\/x.com\/obolocultural","https:\/\/www.youtube.com\/@PrensaCooltivarte","https:\/\/cooltivarte.tumblr.com\/"],"url":"https:\/\/cooltivarte.com\/portal\/author\/matilde-rodriguez-camejo\/"}]}},"_links":{"self":[{"href":"https:\/\/cooltivarte.com\/portal\/wp-json\/wp\/v2\/posts\/72505","targetHints":{"allow":["GET"]}}],"collection":[{"href":"https:\/\/cooltivarte.com\/portal\/wp-json\/wp\/v2\/posts"}],"about":[{"href":"https:\/\/cooltivarte.com\/portal\/wp-json\/wp\/v2\/types\/post"}],"author":[{"embeddable":true,"href":"https:\/\/cooltivarte.com\/portal\/wp-json\/wp\/v2\/users\/204"}],"replies":[{"embeddable":true,"href":"https:\/\/cooltivarte.com\/portal\/wp-json\/wp\/v2\/comments?post=72505"}],"version-history":[{"count":8,"href":"https:\/\/cooltivarte.com\/portal\/wp-json\/wp\/v2\/posts\/72505\/revisions"}],"predecessor-version":[{"id":120895,"href":"https:\/\/cooltivarte.com\/portal\/wp-json\/wp\/v2\/posts\/72505\/revisions\/120895"}],"wp:featuredmedia":[{"embeddable":true,"href":"https:\/\/cooltivarte.com\/portal\/wp-json\/wp\/v2\/media\/120884"}],"wp:attachment":[{"href":"https:\/\/cooltivarte.com\/portal\/wp-json\/wp\/v2\/media?parent=72505"}],"wp:term":[{"taxonomy":"category","embeddable":true,"href":"https:\/\/cooltivarte.com\/portal\/wp-json\/wp\/v2\/categories?post=72505"},{"taxonomy":"post_tag","embeddable":true,"href":"https:\/\/cooltivarte.com\/portal\/wp-json\/wp\/v2\/tags?post=72505"}],"curies":[{"name":"wp","href":"https:\/\/api.w.org\/{rel}","templated":true}]}}