{"id":72372,"date":"2021-09-02T21:32:41","date_gmt":"2021-09-03T00:32:41","guid":{"rendered":"https:\/\/cooltivarte.com\/portal\/?p=72372"},"modified":"2021-11-25T18:12:24","modified_gmt":"2021-11-25T21:12:24","slug":"el-sodre-recibira-en-2022-el-primer-festival-internacional-de-artes-inclusivas","status":"publish","type":"post","link":"https:\/\/cooltivarte.com\/portal\/el-sodre-recibira-en-2022-el-primer-festival-internacional-de-artes-inclusivas\/","title":{"rendered":"El SODRE recibir\u00e1 en 2022 el primer Festival Internacional de Artes Inclusivas"},"content":{"rendered":"<p><img fetchpriority=\"high\" decoding=\"async\" class=\"aligncenter wp-image-72373\" title=\"Con el auspicio de la red de institutos de cultura de los Estados Miembros de la Uni\u00f3n Europea, el SODRE recibir\u00e1 en 2022 el primer Festival Internacional de Artes Inclusivas organizado junto a numerosas asociaciones e instituciones locales.\" src=\"https:\/\/cooltivarte.com\/portal\/wp-content\/uploads\/2021\/09\/SODRE-recibira-en-2022-el-primer-Festival-Internacional-de-Artes-Inclusivas-300x200.jpg\" alt=\"Con el auspicio de la red de institutos de cultura de los Estados Miembros de la Uni\u00f3n Europea, el SODRE recibir\u00e1 en 2022 el primer Festival Internacional de Artes Inclusivas organizado junto a numerosas asociaciones e instituciones locales.\" width=\"750\" height=\"500\" srcset=\"https:\/\/cooltivarte.com\/portal\/wp-content\/uploads\/2021\/09\/SODRE-recibira-en-2022-el-primer-Festival-Internacional-de-Artes-Inclusivas-300x200.jpg 300w, https:\/\/cooltivarte.com\/portal\/wp-content\/uploads\/2021\/09\/SODRE-recibira-en-2022-el-primer-Festival-Internacional-de-Artes-Inclusivas-768x512.jpg 768w, https:\/\/cooltivarte.com\/portal\/wp-content\/uploads\/2021\/09\/SODRE-recibira-en-2022-el-primer-Festival-Internacional-de-Artes-Inclusivas.jpg 960w\" sizes=\"(max-width: 750px) 100vw, 750px\" \/><\/p>\n<h2>Con el auspicio de la red de institutos de cultura de los Estados Miembros de la Uni\u00f3n Europea, el SODRE recibir\u00e1 en 2022 el primer Festival Internacional de Artes Inclusivas organizado junto a numerosas asociaciones e instituciones locales.<\/h2>\n<p>&nbsp;<\/p>\n<p>Este martes se realiz\u00f3 en la sede del Sodre la primera reuni\u00f3n entre las partes que intervendr\u00e1n en la organizaci\u00f3n del primer Festival Internacional de Artes Inclusivas. El evento contar\u00e1 con el apoyo y la financiaci\u00f3n del fondo European Spaces of Culture articulado por la Red de Institutos de Cultura de los Estados Miembros de la Uni\u00f3n Europea (EUNIC, por su sigla en ingl\u00e9s).<\/p>\n<p>Participaron en la reuni\u00f3n la Secretar\u00eda de Discapacidad del MIDES, la Secretar\u00eda de Discapacidad de la Intendencia de Montevideo, DanceAbility Uruguay, la Uni\u00f3n Nacional de Ciegos del Uruguay, la Asociaci\u00f3n Down del Uruguay, la Fundaci\u00f3n Braille del Uruguay, la Asociaci\u00f3n de Autismo en Uruguay, y la Asociaci\u00f3n de padres y amigos de sordos del Uruguay.<\/p>\n<p>El fondo European Spaces of Cultures de EUNIC fomenta modelos innovadores de colaboraci\u00f3n en las relaciones culturales entre organizaciones europeas y organizaciones fuera de la UE. El objetivo es promover un nuevo esp\u00edritu de di\u00e1logo, en el que la igualdad, la escucha mutua y el aprendizaje representan los valores fundamentales que ayudan a construir la confianza y el entendimiento entre los pueblos. La Comisi\u00f3n Europea articula el fondo a trav\u00e9s de EUNIC.<\/p>\n<p>El Festival Internacional de Artes Inclusivas fue seleccionado por un jurado especializado junto a otras trece ideas en Sudam\u00e9rica, que se convertir\u00e1n en proyectos concretos para 2022.<\/p>\n<p><strong>Proyecto uruguayo seleccionado<\/strong><\/p>\n<p>\u201c<em><strong>UNLIMITED \u2013 FESTIVAL INTERNACIONAL DE ARTES INCLUSIVAS<\/strong><\/em>\u201d ser\u00e1 el primer festival en Uruguay dedicado a las artes y la inclusi\u00f3n. Su objetivo es crear una reflexi\u00f3n sobre las compa\u00f1\u00edas art\u00edsticas inclusivas de Europa y Sudam\u00e9rica siendo tambi\u00e9n inclusivas desde la perspectiva del p\u00fablico. El festival incluye actuaciones, residencias art\u00edsticas, talleres y conferencias sobre la inclusividad para las artes y la cultura.<\/p>\n<p>\u201c<em>Nos hemos propuesto trabajar de manera m\u00e1s inclusiva siendo sensibles a las diversas comunidades que componen nuestra sociedad. Esperamos que este festival genere un gran impacto inspirador que ayude a concebir un nuevo enfoque. Este camino reci\u00e9n comienza, lo construiremos y transitaremos en conjunto<\/em>\u201d, asegur\u00f3 la directora del Goethe-Institut Uruguay, Christiane Schulte.<\/p>\n<p>El Festival tendr\u00e1 lugar en abril de 2022 y se llevar\u00e1 a cabo en los escenarios del Sodre.<\/p>\n<p><strong>Sobre EUNIC<\/strong><\/p>\n<p>EUNIC es la red de institutos de cultura de los Estados Miembros de la Uni\u00f3n Europea. El prop\u00f3sito es, entre otros, promover la diversidad cultural. Los miembros de EUNIC est\u00e1n presentes en m\u00e1s de 150 pa\u00edses con m\u00e1s de 2.000 instituciones activas en las \u00e1reas de las artes, idioma, juventud, formaci\u00f3n, ciencia, di\u00e1logo intercultural y desarrollo, siendo reconocidos como mediadores culturales de reputaci\u00f3n internacional.<\/p>\n<p>La red uruguaya de EUNIC est\u00e1 integrada por:<\/p>\n<p><strong>Alliance Fran\u00e7aise<\/strong><br \/>\n<strong>Camoes &#8211; Instituto da Cooperacao e da Lingua<\/strong><br \/>\n<strong>Goethe-Institut Uruguay<\/strong><br \/>\n<strong>Fundacion Maria Tsakos<\/strong><br \/>\n<strong>Instituto Cultural Anglo Uruguayo<\/strong><br \/>\n<strong>Instituto Cultural Suecia-Uruguay<\/strong><br \/>\n<strong>Instituto Iberoamericano de Finlandia<\/strong><br \/>\n<strong>Istituto Italiano di Cultura<\/strong><\/p>\n<p>Miembro asociado: Centro Cultural de Espa\u00f1a<br \/>\nPartner: Delegaci\u00f3n de la Uni\u00f3n Europea en Uruguay<\/p>\n<p>&nbsp;<\/p>\n<p>&nbsp;<\/p>\n<p>&nbsp;<\/p>\n","protected":false},"excerpt":{"rendered":"<p>Con el auspicio de la red de institutos de cultura de los Estados Miembros de la Uni\u00f3n Europea, el SODRE recibir\u00e1 en 2022 el primer Festival Internacional de Artes Inclusivas organizado junto a numerosas asociaciones e instituciones locales. &nbsp; Este martes se realiz\u00f3 en la sede del Sodre la primera reuni\u00f3n entre las partes que [&hellip;]<\/p>\n","protected":false},"author":8,"featured_media":72373,"comment_status":"closed","ping_status":"closed","sticky":false,"template":"","format":"standard","meta":{"om_disable_all_campaigns":false,"ngg_post_thumbnail":0,"jnews-multi-image_gallery":[],"jnews_single_post":{"subtitle":"","format":"standard","video":"","gallery":"","source_name":"","source_url":"","via_name":"","via_url":"","override_template":"0","override":[{"template":"1","single_blog_custom":"","parallax":"1","fullscreen":"1","layout":"right-sidebar","sidebar":"default-sidebar","second_sidebar":"default-sidebar","sticky_sidebar":"1","share_position":"top","share_float_style":"share-monocrhome","show_share_counter":"1","show_view_counter":"1","show_featured":"1","show_post_meta":"1","show_post_author":"1","show_post_author_image":"1","show_post_date":"1","post_date_format":"default","post_date_format_custom":"Y\/m\/d","show_post_category":"1","show_post_reading_time":"0","post_reading_time_wpm":"300","show_zoom_button":"0","zoom_button_out_step":"2","zoom_button_in_step":"3","show_post_tag":"1","show_prev_next_post":"1","show_popup_post":"1","number_popup_post":"1","show_author_box":"0","show_post_related":"0","show_inline_post_related":"0"}],"override_image_size":"0","image_override":[{"single_post_thumbnail_size":"crop-500","single_post_gallery_size":"crop-500"}],"trending_post":"0","trending_post_position":"meta","trending_post_label":"Trending","sponsored_post":"0","sponsored_post_label":"Sponsored by","sponsored_post_name":"","sponsored_post_url":"","sponsored_post_logo_enable":"0","sponsored_post_logo":"","sponsored_post_desc":""},"jnews_primary_category":{"id":""},"jnews_social_meta":{"fb_title":"","fb_description":"","fb_image":"","twitter_title":"","twitter_description":"","twitter_image":""},"jnews_override_counter":{"override_view_counter":"0","view_counter_number":"0","override_share_counter":"0","share_counter_number":"0","override_like_counter":"0","like_counter_number":"0","override_dislike_counter":"0","dislike_counter_number":"0"},"footnotes":""},"categories":[51],"tags":[14596,14595,1835],"class_list":["post-72372","post","type-post","status-publish","format-standard","has-post-thumbnail","hentry","category-noticias","tag-estados-miembros-de-la-union-europea","tag-festival-internacional-de-artes-inclusivas","tag-sodre"],"yoast_head":"<!-- This site is optimized with the Yoast SEO plugin v27.5 - https:\/\/yoast.com\/product\/yoast-seo-wordpress\/ -->\n<title>El SODRE recibir\u00e1 en 2022 el primer Festival Internacional de Artes Inclusivas - Cooltivarte Portal<\/title>\n<meta name=\"description\" content=\"COOLTIVARTE.COM es un portal digital colaborativo de actualizaci\u00f3n permanente dedicado a difundir el acontecer art\u00edstico y cultural, entrevista artistas, gestores y productores de las diferentes disciplinas del arte, y publicando art\u00edculos de reflexi\u00f3n de producci\u00f3n propia sobre los elementos culturales.\" \/>\n<meta name=\"robots\" content=\"index, follow, max-snippet:-1, max-image-preview:large, max-video-preview:-1\" \/>\n<link rel=\"canonical\" href=\"https:\/\/cooltivarte.com\/portal\/el-sodre-recibira-en-2022-el-primer-festival-internacional-de-artes-inclusivas\/\" \/>\n<meta property=\"og:locale\" content=\"es_ES\" \/>\n<meta property=\"og:type\" content=\"article\" \/>\n<meta property=\"og:title\" content=\"El SODRE recibir\u00e1 en 2022 el primer Festival Internacional de Artes Inclusivas - Cooltivarte Portal\" \/>\n<meta property=\"og:description\" content=\"COOLTIVARTE.COM es un portal digital colaborativo de actualizaci\u00f3n permanente dedicado a difundir el acontecer art\u00edstico y cultural, entrevista artistas, gestores y productores de las diferentes disciplinas del arte, y publicando art\u00edculos de reflexi\u00f3n de producci\u00f3n propia sobre los elementos culturales.\" \/>\n<meta property=\"og:url\" content=\"https:\/\/cooltivarte.com\/portal\/el-sodre-recibira-en-2022-el-primer-festival-internacional-de-artes-inclusivas\/\" \/>\n<meta property=\"og:site_name\" content=\"Cooltivarte Portal\" \/>\n<meta property=\"article:publisher\" content=\"https:\/\/www.facebook.com\/cooltivartecom\/\" \/>\n<meta property=\"article:author\" content=\"https:\/\/www.facebook.com\/cooltivartecom\" \/>\n<meta property=\"article:published_time\" content=\"2021-09-03T00:32:41+00:00\" \/>\n<meta property=\"article:modified_time\" content=\"2021-11-25T21:12:24+00:00\" \/>\n<meta property=\"og:image\" content=\"https:\/\/cooltivarte.com\/portal\/wp-content\/uploads\/2021\/09\/SODRE-recibira-en-2022-el-primer-Festival-Internacional-de-Artes-Inclusivas.jpg\" \/>\n\t<meta property=\"og:image:width\" content=\"960\" \/>\n\t<meta property=\"og:image:height\" content=\"640\" \/>\n\t<meta property=\"og:image:type\" content=\"image\/jpeg\" \/>\n<meta name=\"author\" content=\"Cooltivarte\" \/>\n<meta name=\"twitter:card\" content=\"summary_large_image\" \/>\n<meta name=\"twitter:creator\" content=\"@https:\/\/x.com\/obolocultural\" \/>\n<meta name=\"twitter:site\" content=\"@obolocultural\" \/>\n<meta name=\"twitter:label1\" content=\"Escrito por\" \/>\n\t<meta name=\"twitter:data1\" content=\"Cooltivarte\" \/>\n\t<meta name=\"twitter:label2\" content=\"Tiempo de lectura\" \/>\n\t<meta name=\"twitter:data2\" content=\"3 minutos\" \/>\n<!-- \/ Yoast SEO plugin. -->","yoast_head_json":{"title":"El SODRE recibir\u00e1 en 2022 el primer Festival Internacional de Artes Inclusivas - Cooltivarte Portal","description":"COOLTIVARTE.COM es un portal digital colaborativo de actualizaci\u00f3n permanente dedicado a difundir el acontecer art\u00edstico y cultural, entrevista artistas, gestores y productores de las diferentes disciplinas del arte, y publicando art\u00edculos de reflexi\u00f3n de producci\u00f3n propia sobre los elementos culturales.","robots":{"index":"index","follow":"follow","max-snippet":"max-snippet:-1","max-image-preview":"max-image-preview:large","max-video-preview":"max-video-preview:-1"},"canonical":"https:\/\/cooltivarte.com\/portal\/el-sodre-recibira-en-2022-el-primer-festival-internacional-de-artes-inclusivas\/","og_locale":"es_ES","og_type":"article","og_title":"El SODRE recibir\u00e1 en 2022 el primer Festival Internacional de Artes Inclusivas - Cooltivarte Portal","og_description":"COOLTIVARTE.COM es un portal digital colaborativo de actualizaci\u00f3n permanente dedicado a difundir el acontecer art\u00edstico y cultural, entrevista artistas, gestores y productores de las diferentes disciplinas del arte, y publicando art\u00edculos de reflexi\u00f3n de producci\u00f3n propia sobre los elementos culturales.","og_url":"https:\/\/cooltivarte.com\/portal\/el-sodre-recibira-en-2022-el-primer-festival-internacional-de-artes-inclusivas\/","og_site_name":"Cooltivarte Portal","article_publisher":"https:\/\/www.facebook.com\/cooltivartecom\/","article_author":"https:\/\/www.facebook.com\/cooltivartecom","article_published_time":"2021-09-03T00:32:41+00:00","article_modified_time":"2021-11-25T21:12:24+00:00","og_image":[{"width":960,"height":640,"url":"https:\/\/cooltivarte.com\/portal\/wp-content\/uploads\/2021\/09\/SODRE-recibira-en-2022-el-primer-Festival-Internacional-de-Artes-Inclusivas.jpg","type":"image\/jpeg"}],"author":"Cooltivarte","twitter_card":"summary_large_image","twitter_creator":"@https:\/\/x.com\/obolocultural","twitter_site":"@obolocultural","twitter_misc":{"Escrito por":"Cooltivarte","Tiempo de lectura":"3 minutos"},"schema":{"@context":"https:\/\/schema.org","@graph":[{"@type":"NewsArticle","@id":"https:\/\/cooltivarte.com\/portal\/el-sodre-recibira-en-2022-el-primer-festival-internacional-de-artes-inclusivas\/#article","isPartOf":{"@id":"https:\/\/cooltivarte.com\/portal\/el-sodre-recibira-en-2022-el-primer-festival-internacional-de-artes-inclusivas\/"},"author":{"name":"Cooltivarte","@id":"https:\/\/cooltivarte.com\/portal\/#\/schema\/person\/ec2a4f4e71b740d0c559c0ab9a157e19"},"headline":"El SODRE recibir\u00e1 en 2022 el primer Festival Internacional de Artes Inclusivas","datePublished":"2021-09-03T00:32:41+00:00","dateModified":"2021-11-25T21:12:24+00:00","mainEntityOfPage":{"@id":"https:\/\/cooltivarte.com\/portal\/el-sodre-recibira-en-2022-el-primer-festival-internacional-de-artes-inclusivas\/"},"wordCount":562,"publisher":{"@id":"https:\/\/cooltivarte.com\/portal\/#organization"},"image":{"@id":"https:\/\/cooltivarte.com\/portal\/el-sodre-recibira-en-2022-el-primer-festival-internacional-de-artes-inclusivas\/#primaryimage"},"thumbnailUrl":"https:\/\/cooltivarte.com\/portal\/wp-content\/uploads\/2021\/09\/SODRE-recibira-en-2022-el-primer-Festival-Internacional-de-Artes-Inclusivas.jpg","keywords":["Estados Miembros de la Uni\u00f3n Europea","Festival Internacional de Artes Inclusivas","Sodre"],"articleSection":["Noticias"],"inLanguage":"es-AR"},{"@type":"WebPage","@id":"https:\/\/cooltivarte.com\/portal\/el-sodre-recibira-en-2022-el-primer-festival-internacional-de-artes-inclusivas\/","url":"https:\/\/cooltivarte.com\/portal\/el-sodre-recibira-en-2022-el-primer-festival-internacional-de-artes-inclusivas\/","name":"El SODRE recibir\u00e1 en 2022 el primer Festival Internacional de Artes Inclusivas - Cooltivarte Portal","isPartOf":{"@id":"https:\/\/cooltivarte.com\/portal\/#website"},"primaryImageOfPage":{"@id":"https:\/\/cooltivarte.com\/portal\/el-sodre-recibira-en-2022-el-primer-festival-internacional-de-artes-inclusivas\/#primaryimage"},"image":{"@id":"https:\/\/cooltivarte.com\/portal\/el-sodre-recibira-en-2022-el-primer-festival-internacional-de-artes-inclusivas\/#primaryimage"},"thumbnailUrl":"https:\/\/cooltivarte.com\/portal\/wp-content\/uploads\/2021\/09\/SODRE-recibira-en-2022-el-primer-Festival-Internacional-de-Artes-Inclusivas.jpg","datePublished":"2021-09-03T00:32:41+00:00","dateModified":"2021-11-25T21:12:24+00:00","description":"COOLTIVARTE.COM es un portal digital colaborativo de actualizaci\u00f3n permanente dedicado a difundir el acontecer art\u00edstico y cultural, entrevista artistas, gestores y productores de las diferentes disciplinas del arte, y publicando art\u00edculos de reflexi\u00f3n de producci\u00f3n propia sobre los elementos culturales.","breadcrumb":{"@id":"https:\/\/cooltivarte.com\/portal\/el-sodre-recibira-en-2022-el-primer-festival-internacional-de-artes-inclusivas\/#breadcrumb"},"inLanguage":"es-AR","potentialAction":[{"@type":"ReadAction","target":["https:\/\/cooltivarte.com\/portal\/el-sodre-recibira-en-2022-el-primer-festival-internacional-de-artes-inclusivas\/"]}]},{"@type":"ImageObject","inLanguage":"es-AR","@id":"https:\/\/cooltivarte.com\/portal\/el-sodre-recibira-en-2022-el-primer-festival-internacional-de-artes-inclusivas\/#primaryimage","url":"https:\/\/cooltivarte.com\/portal\/wp-content\/uploads\/2021\/09\/SODRE-recibira-en-2022-el-primer-Festival-Internacional-de-Artes-Inclusivas.jpg","contentUrl":"https:\/\/cooltivarte.com\/portal\/wp-content\/uploads\/2021\/09\/SODRE-recibira-en-2022-el-primer-Festival-Internacional-de-Artes-Inclusivas.jpg","width":960,"height":640,"caption":"Con el auspicio de la red de institutos de cultura de los Estados Miembros de la Uni\u00f3n Europea, el SODRE recibir\u00e1 en 2022 el primer Festival Internacional de Artes Inclusivas organizado junto a numerosas asociaciones e instituciones locales."},{"@type":"BreadcrumbList","@id":"https:\/\/cooltivarte.com\/portal\/el-sodre-recibira-en-2022-el-primer-festival-internacional-de-artes-inclusivas\/#breadcrumb","itemListElement":[{"@type":"ListItem","position":1,"name":"Portada","item":"https:\/\/cooltivarte.com\/portal\/"},{"@type":"ListItem","position":2,"name":"El SODRE recibir\u00e1 en 2022 el primer Festival Internacional de Artes Inclusivas"}]},{"@type":"WebSite","@id":"https:\/\/cooltivarte.com\/portal\/#website","url":"https:\/\/cooltivarte.com\/portal\/","name":"Cooltivarte Portal","description":"Arte, cultura y turismo para el mundo ...","publisher":{"@id":"https:\/\/cooltivarte.com\/portal\/#organization"},"potentialAction":[{"@type":"SearchAction","target":{"@type":"EntryPoint","urlTemplate":"https:\/\/cooltivarte.com\/portal\/?s={search_term_string}"},"query-input":{"@type":"PropertyValueSpecification","valueRequired":true,"valueName":"search_term_string"}}],"inLanguage":"es-AR"},{"@type":"Organization","@id":"https:\/\/cooltivarte.com\/portal\/#organization","name":"cooltivarte","url":"https:\/\/cooltivarte.com\/portal\/","logo":{"@type":"ImageObject","inLanguage":"es-AR","@id":"https:\/\/cooltivarte.com\/portal\/#\/schema\/logo\/image\/","url":"https:\/\/cooltivarte.com\/portal\/wp-content\/uploads\/2020\/04\/logo-cooltivarte-v2.png","contentUrl":"https:\/\/cooltivarte.com\/portal\/wp-content\/uploads\/2020\/04\/logo-cooltivarte-v2.png","width":851,"height":243,"caption":"cooltivarte"},"image":{"@id":"https:\/\/cooltivarte.com\/portal\/#\/schema\/logo\/image\/"},"sameAs":["https:\/\/www.facebook.com\/cooltivartecom\/","https:\/\/x.com\/obolocultural","https:\/\/www.instagram.com\/_cooltivarte_\/","https:\/\/www.linkedin.com\/company\/-bolocultural?reportsuccess=8zaNG1HwhPbAR9iQhZ5rfGeqz_vQFftHun0ZWU0Wy9vNemRJ8vtcKdJvzQfW8XagyOJSKg0XvfJ1dp","https:\/\/www.pinterest.com\/cooltivarte\/","https:\/\/cooltivarte.tumblr.com\/","https:\/\/www.tiktok.com\/@cooltivarte","https:\/\/www.youtube.com\/@PrensaCooltivarte"]},{"@type":"Person","@id":"https:\/\/cooltivarte.com\/portal\/#\/schema\/person\/ec2a4f4e71b740d0c559c0ab9a157e19","name":"Cooltivarte","image":{"@type":"ImageObject","inLanguage":"es-AR","@id":"https:\/\/cooltivarte.com\/portal\/wp-content\/uploads\/2014\/05\/logo-cooltivarte-120x120.jpg","url":"https:\/\/cooltivarte.com\/portal\/wp-content\/uploads\/2014\/05\/logo-cooltivarte-120x120.jpg","contentUrl":"https:\/\/cooltivarte.com\/portal\/wp-content\/uploads\/2014\/05\/logo-cooltivarte-120x120.jpg","caption":"Cooltivarte"},"description":"Somos COOLTIVARTE.COM. Un portal digital dedicado a difundir el acontecer art\u00edstico y cultural del Uruguay. Estamos en la vuelta desde el a\u00f1o 2003, y como evoluci\u00f3n del bolet\u00edn Obolo Cultural, nos encontramos abocados a apoyar a los artistas nacionales brind\u00e1ndoles un espacio de difusi\u00f3n. Creemos en la idea de utilizar la potencialidad que hoy d\u00eda nos otorga la web, para que la cultura uruguaya y sus creadores dispongan de una din\u00e1mica ventana, que los ponga en contacto entre s\u00ed y con el mundo. Somos COOLTIVARTE.COM y pretendemos configurarnos como un portal din\u00e1mico, entretenido y atento a los nuevos emprendimientos, que busque siempre la interacci\u00f3n con los artistas.","sameAs":["http:\/\/www.cooltivarte.com","https:\/\/www.facebook.com\/cooltivartecom","https:\/\/www.instagram.com\/_cooltivarte_\/","https:\/\/www.linkedin.com\/company\/-bolocultural","https:\/\/www.pinterest.com\/cooltivarte\/","https:\/\/x.com\/https:\/\/x.com\/obolocultural","https:\/\/www.youtube.com\/@PrensaCooltivarte","https:\/\/www.tumblr.com\/blog\/cooltivarte"],"url":"https:\/\/cooltivarte.com\/portal\/author\/cooltivarte\/"}]}},"_links":{"self":[{"href":"https:\/\/cooltivarte.com\/portal\/wp-json\/wp\/v2\/posts\/72372","targetHints":{"allow":["GET"]}}],"collection":[{"href":"https:\/\/cooltivarte.com\/portal\/wp-json\/wp\/v2\/posts"}],"about":[{"href":"https:\/\/cooltivarte.com\/portal\/wp-json\/wp\/v2\/types\/post"}],"author":[{"embeddable":true,"href":"https:\/\/cooltivarte.com\/portal\/wp-json\/wp\/v2\/users\/8"}],"replies":[{"embeddable":true,"href":"https:\/\/cooltivarte.com\/portal\/wp-json\/wp\/v2\/comments?post=72372"}],"version-history":[{"count":2,"href":"https:\/\/cooltivarte.com\/portal\/wp-json\/wp\/v2\/posts\/72372\/revisions"}],"predecessor-version":[{"id":76409,"href":"https:\/\/cooltivarte.com\/portal\/wp-json\/wp\/v2\/posts\/72372\/revisions\/76409"}],"wp:featuredmedia":[{"embeddable":true,"href":"https:\/\/cooltivarte.com\/portal\/wp-json\/wp\/v2\/media\/72373"}],"wp:attachment":[{"href":"https:\/\/cooltivarte.com\/portal\/wp-json\/wp\/v2\/media?parent=72372"}],"wp:term":[{"taxonomy":"category","embeddable":true,"href":"https:\/\/cooltivarte.com\/portal\/wp-json\/wp\/v2\/categories?post=72372"},{"taxonomy":"post_tag","embeddable":true,"href":"https:\/\/cooltivarte.com\/portal\/wp-json\/wp\/v2\/tags?post=72372"}],"curies":[{"name":"wp","href":"https:\/\/api.w.org\/{rel}","templated":true}]}}