{"id":71777,"date":"2021-08-12T22:53:21","date_gmt":"2021-08-13T01:53:21","guid":{"rendered":"https:\/\/cooltivarte.com\/portal\/?p=71777"},"modified":"2023-05-28T12:16:10","modified_gmt":"2023-05-28T15:16:10","slug":"muerto-con-gloria-de-uruguay-al-mundo","status":"publish","type":"post","link":"https:\/\/cooltivarte.com\/portal\/muerto-con-gloria-de-uruguay-al-mundo\/","title":{"rendered":"Muerto con Gloria &#8211; De Uruguay al mundo."},"content":{"rendered":"\r\n<p>Se acaba de estrenar el tr\u00e1iler oficial de <em><strong>Muerto con Gloria<\/strong><\/em> la comedia uruguaya que est\u00e1 triunfando en el mundo.&nbsp;<\/p>\r\n\r\n<p>Este nuevo largometraje de <a href=\"https:\/\/cooltivarte.com\/portal\/?s=Mauro+Sarser\" target=\"_blank\" rel=\"noopener\"><strong>Mauro Sarser<\/strong><\/a>&nbsp;y <strong><a href=\"https:\/\/cooltivarte.com\/portal\/?s=Marcela+Matta\" target=\"_blank\" rel=\"noopener\">Marcela Matta<\/a><\/strong>&nbsp;(Los Modernos 2016) promete convertirse en otro gran \u00e9xito para la dupla uruguaya. Su nueva pel\u00edcula ha despertado el inter\u00e9s de grandes compa\u00f1\u00edas internacionales que adquirieron sus derechos. Entre ellas figuran <strong>Lionsgate<\/strong> para su emisi\u00f3n en Estados Unidos, <strong>Movistar +<\/strong> para la proyecci\u00f3n digital en Espa\u00f1a y <strong>AV-Jet<\/strong> que compr\u00f3 los derechos para Taiw\u00e1n. <strong>FilmSharks<\/strong>, su agente de ventas internacional, tambi\u00e9n est\u00e1 en tr\u00e1mites para que remakes de la pel\u00edcula sean realizados en Estados Unidos, Espa\u00f1a y M\u00e9xico.<\/p>\r\n\r\n\r\n\r\n<p>No es de extra\u00f1ar que esta producci\u00f3n cause tanto revuelo, probablemente uno de los puntos fuertes sea la naturalidad con que <a href=\"https:\/\/cooltivarte.com\/portal\/?s=Stefan%C3%ADa+Tortorella\" target=\"_blank\" rel=\"noopener\"><strong>Stefan\u00eda Tortorella<\/strong><\/a>&nbsp;interpreta a <strong>Gloria<\/strong>. Su actuaci\u00f3n logra sumergirnos en un t\u00f3rrido e ins\u00f3lito mundo en el que el objeto de sus m\u00e1s intensos deseos es un ente paranormal.<\/p>\r\n\r\n\r\n\r\n<p>Pero Gloria no es el \u00fanico factor positivo, los di\u00e1logos, los personajes secundarios (entre ellos destacan <a href=\"https:\/\/cooltivarte.com\/portal\/?s=Nenan+Pelenur\" target=\"_blank\" rel=\"noopener\"><strong>Nenan Pelenur<\/strong><\/a>, <strong>Federico Guerra<\/strong>, <a href=\"https:\/\/cooltivarte.com\/portal\/?s=Noelia+Campo\" target=\"_blank\" rel=\"noopener\"><strong>Noelia Campo<\/strong><\/a><strong>&nbsp;<\/strong>y el mismo <strong>Mauro Sarser<\/strong>) fueron tan cuidadosamente construidos que no solo nos har\u00e1n soltar unas cuantas carcajadas, sino tambi\u00e9n reflexionar sobre la complejidad de las relaciones, la idealizaci\u00f3n de la pareja y el apego emocional.<\/p>\r\n\r\n\r\n\r\n<p>Gran parte de la trama transcurre en la entra\u00f1able librer\u00eda <strong>Puro Verso<\/strong> y dentro de una casona antigua, cuyas paredes son testigo de las noches de lujuria que enloquecen a la protagonista mientras alcanza los orgasmos que a\u00fan no hab\u00eda experimentado a sus 30 a\u00f1os.<\/p>\r\n\r\n\r\n\r\n<p>El guionista y director Mauro Sarser, quien codirigi\u00f3 la pel\u00edcula con Marcela Matta, confes\u00f3 que la idea surgi\u00f3 de la an\u00e9cdota de una amiga que supuestamente vivi\u00f3 durante varios meses con una presencia que no pod\u00eda ver pero que pod\u00eda sentir. Sin embargo, Sarser opt\u00f3 por transformar esa posible historia de miedo en un v\u00ednculo sexual y amoroso que resulta por dem\u00e1s irreverente y divertido.<\/p>\r\n\r\n\r\n\r\n<p><em><strong>MUERTO CON GLORIA<\/strong><\/em> tendr\u00e1 su estreno mundial en el <strong>25\u00ba Fantasy Film Festival<\/strong> de Canad\u00e1, a celebrarse entre el 5 y el 25 de agosto y a finales de octubre tendremos el placer de disfrutarla en Uruguay.<\/p>\r\n<p>&nbsp;<\/p>\r\n<p>&nbsp;<\/p>\r\n<p>&nbsp;<\/p>\r\n","protected":false},"excerpt":{"rendered":"<p>Se acaba de estrenar el tr\u00e1iler oficial de Muerto con Gloria la comedia uruguaya que est\u00e1 triunfando en el mundo.&nbsp; Este nuevo largometraje de Mauro Sarser&nbsp;y Marcela Matta&nbsp;(Los Modernos 2016) promete convertirse en otro gran \u00e9xito para la dupla uruguaya. Su nueva pel\u00edcula ha despertado el inter\u00e9s de grandes compa\u00f1\u00edas internacionales que adquirieron sus derechos. [&hellip;]<\/p>\n","protected":false},"author":155,"featured_media":71787,"comment_status":"closed","ping_status":"closed","sticky":false,"template":"","format":"video","meta":{"om_disable_all_campaigns":false,"ngg_post_thumbnail":0,"jnews-multi-image_gallery":[],"jnews_single_post":{"subtitle":"Largometraje de Mauro Sarser\u00a0y Marcela Matta","format":"video","video":"https:\/\/youtu.be\/beendkYTUQU","gallery":"","source_name":"","source_url":"","via_name":"","via_url":"","override_template":"0","override":[{"template":"1","single_blog_custom":"","parallax":"1","fullscreen":"1","layout":"right-sidebar","sidebar":"default-sidebar","second_sidebar":"default-sidebar","sticky_sidebar":"1","share_position":"top","share_float_style":"share-monocrhome","show_share_counter":"1","show_view_counter":"1","show_featured":"1","show_post_meta":"1","show_post_author":"1","show_post_author_image":"1","show_post_date":"1","post_date_format":"default","post_date_format_custom":"Y\/m\/d","show_post_category":"1","show_post_reading_time":"0","post_reading_time_wpm":"300","show_zoom_button":"0","zoom_button_out_step":"2","zoom_button_in_step":"3","show_post_tag":"1","show_prev_next_post":"1","show_popup_post":"1","number_popup_post":"1","show_author_box":"0","show_post_related":"0","show_inline_post_related":"0"}],"override_image_size":"0","image_override":[{"single_post_thumbnail_size":"crop-500","single_post_gallery_size":"crop-500"}],"trending_post":"0","trending_post_position":"meta","trending_post_label":"Trending","sponsored_post":"0","sponsored_post_label":"Sponsored by","sponsored_post_name":"","sponsored_post_url":"","sponsored_post_logo_enable":"0","sponsored_post_logo":"","sponsored_post_desc":"","disable_ad":"0"},"jnews_primary_category":{"id":"","hide":""},"jnews_social_meta":{"fb_title":"","fb_description":"","fb_image":"","twitter_title":"","twitter_description":"","twitter_image":""},"jnews_override_counter":{"override_view_counter":"0","view_counter_number":"0","override_share_counter":"0","share_counter_number":"0","override_like_counter":"0","like_counter_number":"0","override_dislike_counter":"0","dislike_counter_number":"0"},"footnotes":""},"categories":[72],"tags":[12272,11464,3464,1427,14400,12003],"class_list":["post-71777","post","type-post","status-publish","format-video","has-post-thumbnail","hentry","category-cine","tag-cine-nacional","tag-estrenos","tag-marcela-matta","tag-mauro-sarser","tag-muerto-con-gloria","tag-noticias","post_format-post-format-video"],"yoast_head":"<!-- This site is optimized with the Yoast SEO plugin v27.4 - https:\/\/yoast.com\/product\/yoast-seo-wordpress\/ -->\n<title>Muerto con Gloria - De Uruguay al mundo. - Cooltivarte Portal<\/title>\n<meta name=\"description\" content=\"Este nuevo largometraje de Mauro Sarser y Marcela Matta (Los Modernos 2016) promete convertirse en otro gran \u00e9xito para la dupla uruguaya. Su nueva pel\u00edcula ha despertado el inter\u00e9s de grandes compa\u00f1\u00edas internacionales que adquirieron sus derechos.\" \/>\n<meta name=\"robots\" content=\"index, follow, max-snippet:-1, max-image-preview:large, max-video-preview:-1\" \/>\n<link rel=\"canonical\" href=\"https:\/\/cooltivarte.com\/portal\/muerto-con-gloria-de-uruguay-al-mundo\/\" \/>\n<meta property=\"og:locale\" content=\"es_ES\" \/>\n<meta property=\"og:type\" content=\"article\" \/>\n<meta property=\"og:title\" content=\"Muerto con Gloria - De Uruguay al mundo. Largometraje de Mauro Sarser\u00a0y Marcela Matta\" \/>\n<meta property=\"og:description\" content=\"Este nuevo largometraje de Mauro Sarser y Marcela Matta (Los Modernos 2016) promete convertirse en otro gran \u00e9xito para la dupla uruguaya. Su nueva pel\u00edcula ha despertado el inter\u00e9s de grandes compa\u00f1\u00edas internacionales que adquirieron sus derechos.\" \/>\n<meta property=\"og:url\" content=\"https:\/\/cooltivarte.com\/portal\/muerto-con-gloria-de-uruguay-al-mundo\/\" \/>\n<meta property=\"og:site_name\" content=\"Cooltivarte Portal\" \/>\n<meta property=\"article:publisher\" content=\"https:\/\/www.facebook.com\/cooltivartecom\/\" \/>\n<meta property=\"article:author\" content=\"https:\/\/www.facebook.com\/cineylibros\/\" \/>\n<meta property=\"article:published_time\" content=\"2021-08-13T01:53:21+00:00\" \/>\n<meta property=\"article:modified_time\" content=\"2023-05-28T15:16:10+00:00\" \/>\n<meta property=\"og:image\" content=\"https:\/\/cooltivarte.com\/portal\/wp-content\/uploads\/2021\/08\/hqdefault-30.jpg\" \/>\n\t<meta property=\"og:image:width\" content=\"480\" \/>\n\t<meta property=\"og:image:height\" content=\"360\" \/>\n\t<meta property=\"og:image:type\" content=\"image\/jpeg\" \/>\n<meta name=\"author\" content=\"Luciana Rodriguez\" \/>\n<meta name=\"twitter:card\" content=\"summary_large_image\" \/>\n<meta name=\"twitter:title\" content=\"Muerto con Gloria - De Uruguay al mundo. Largometraje de Mauro Sarser\u00a0y Marcela Matta\" \/>\n<meta name=\"twitter:description\" content=\"Este nuevo largometraje de Mauro Sarser y Marcela Matta (Los Modernos 2016) promete convertirse en otro gran \u00e9xito para la dupla uruguaya. Su nueva pel\u00edcula ha despertado el inter\u00e9s de grandes compa\u00f1\u00edas internacionales que adquirieron sus derechos.\" \/>\n<meta name=\"twitter:image\" content=\"https:\/\/cooltivarte.com\/portal\/wp-content\/uploads\/2021\/08\/hqdefault-30.jpg\" \/>\n<meta name=\"twitter:creator\" content=\"@https:\/\/x.com\/obolocultural\" \/>\n<meta name=\"twitter:site\" content=\"@obolocultural\" \/>\n<meta name=\"twitter:label1\" content=\"Escrito por\" \/>\n\t<meta name=\"twitter:data1\" content=\"Luciana Rodriguez\" \/>\n\t<meta name=\"twitter:label2\" content=\"Tiempo de lectura\" \/>\n\t<meta name=\"twitter:data2\" content=\"2 minutos\" \/>\n<!-- \/ Yoast SEO plugin. -->","yoast_head_json":{"title":"Muerto con Gloria - De Uruguay al mundo. - Cooltivarte Portal","description":"Este nuevo largometraje de Mauro Sarser y Marcela Matta (Los Modernos 2016) promete convertirse en otro gran \u00e9xito para la dupla uruguaya. Su nueva pel\u00edcula ha despertado el inter\u00e9s de grandes compa\u00f1\u00edas internacionales que adquirieron sus derechos.","robots":{"index":"index","follow":"follow","max-snippet":"max-snippet:-1","max-image-preview":"max-image-preview:large","max-video-preview":"max-video-preview:-1"},"canonical":"https:\/\/cooltivarte.com\/portal\/muerto-con-gloria-de-uruguay-al-mundo\/","og_locale":"es_ES","og_type":"article","og_title":"Muerto con Gloria - De Uruguay al mundo. Largometraje de Mauro Sarser\u00a0y Marcela Matta","og_description":"Este nuevo largometraje de Mauro Sarser y Marcela Matta (Los Modernos 2016) promete convertirse en otro gran \u00e9xito para la dupla uruguaya. Su nueva pel\u00edcula ha despertado el inter\u00e9s de grandes compa\u00f1\u00edas internacionales que adquirieron sus derechos.","og_url":"https:\/\/cooltivarte.com\/portal\/muerto-con-gloria-de-uruguay-al-mundo\/","og_site_name":"Cooltivarte Portal","article_publisher":"https:\/\/www.facebook.com\/cooltivartecom\/","article_author":"https:\/\/www.facebook.com\/cineylibros\/","article_published_time":"2021-08-13T01:53:21+00:00","article_modified_time":"2023-05-28T15:16:10+00:00","og_image":[{"width":480,"height":360,"url":"https:\/\/cooltivarte.com\/portal\/wp-content\/uploads\/2021\/08\/hqdefault-30.jpg","type":"image\/jpeg"}],"author":"Luciana Rodriguez","twitter_card":"summary_large_image","twitter_title":"Muerto con Gloria - De Uruguay al mundo. Largometraje de Mauro Sarser\u00a0y Marcela Matta","twitter_description":"Este nuevo largometraje de Mauro Sarser y Marcela Matta (Los Modernos 2016) promete convertirse en otro gran \u00e9xito para la dupla uruguaya. Su nueva pel\u00edcula ha despertado el inter\u00e9s de grandes compa\u00f1\u00edas internacionales que adquirieron sus derechos.","twitter_image":"https:\/\/cooltivarte.com\/portal\/wp-content\/uploads\/2021\/08\/hqdefault-30.jpg","twitter_creator":"@https:\/\/x.com\/obolocultural","twitter_site":"@obolocultural","twitter_misc":{"Escrito por":"Luciana Rodriguez","Tiempo de lectura":"2 minutos"},"schema":{"@context":"https:\/\/schema.org","@graph":[{"@type":"NewsArticle","@id":"https:\/\/cooltivarte.com\/portal\/muerto-con-gloria-de-uruguay-al-mundo\/#article","isPartOf":{"@id":"https:\/\/cooltivarte.com\/portal\/muerto-con-gloria-de-uruguay-al-mundo\/"},"author":{"name":"Luciana Rodriguez","@id":"https:\/\/cooltivarte.com\/portal\/#\/schema\/person\/5e9cf931afe7ffe76aa2a2d7d2c906bd"},"headline":"Muerto con Gloria &#8211; De Uruguay al mundo.","datePublished":"2021-08-13T01:53:21+00:00","dateModified":"2023-05-28T15:16:10+00:00","mainEntityOfPage":{"@id":"https:\/\/cooltivarte.com\/portal\/muerto-con-gloria-de-uruguay-al-mundo\/"},"wordCount":407,"publisher":{"@id":"https:\/\/cooltivarte.com\/portal\/#organization"},"image":{"@id":"https:\/\/cooltivarte.com\/portal\/muerto-con-gloria-de-uruguay-al-mundo\/#primaryimage"},"thumbnailUrl":"https:\/\/cooltivarte.com\/portal\/wp-content\/uploads\/2021\/08\/hqdefault-30.jpg","keywords":["cine nacional","Estrenos","MARCELA MATTA","Mauro Sarser","MUERTO con GLORIA","NOTICIAS"],"articleSection":["Cine y TV"],"inLanguage":"es-AR"},{"@type":"WebPage","@id":"https:\/\/cooltivarte.com\/portal\/muerto-con-gloria-de-uruguay-al-mundo\/","url":"https:\/\/cooltivarte.com\/portal\/muerto-con-gloria-de-uruguay-al-mundo\/","name":"Muerto con Gloria - De Uruguay al mundo. - Cooltivarte Portal","isPartOf":{"@id":"https:\/\/cooltivarte.com\/portal\/#website"},"primaryImageOfPage":{"@id":"https:\/\/cooltivarte.com\/portal\/muerto-con-gloria-de-uruguay-al-mundo\/#primaryimage"},"image":{"@id":"https:\/\/cooltivarte.com\/portal\/muerto-con-gloria-de-uruguay-al-mundo\/#primaryimage"},"thumbnailUrl":"https:\/\/cooltivarte.com\/portal\/wp-content\/uploads\/2021\/08\/hqdefault-30.jpg","datePublished":"2021-08-13T01:53:21+00:00","dateModified":"2023-05-28T15:16:10+00:00","description":"Este nuevo largometraje de Mauro Sarser y Marcela Matta (Los Modernos 2016) promete convertirse en otro gran \u00e9xito para la dupla uruguaya. Su nueva pel\u00edcula ha despertado el inter\u00e9s de grandes compa\u00f1\u00edas internacionales que adquirieron sus derechos.","breadcrumb":{"@id":"https:\/\/cooltivarte.com\/portal\/muerto-con-gloria-de-uruguay-al-mundo\/#breadcrumb"},"inLanguage":"es-AR","potentialAction":[{"@type":"ReadAction","target":["https:\/\/cooltivarte.com\/portal\/muerto-con-gloria-de-uruguay-al-mundo\/"]}]},{"@type":"ImageObject","inLanguage":"es-AR","@id":"https:\/\/cooltivarte.com\/portal\/muerto-con-gloria-de-uruguay-al-mundo\/#primaryimage","url":"https:\/\/cooltivarte.com\/portal\/wp-content\/uploads\/2021\/08\/hqdefault-30.jpg","contentUrl":"https:\/\/cooltivarte.com\/portal\/wp-content\/uploads\/2021\/08\/hqdefault-30.jpg","width":480,"height":360,"caption":"Muerto con Gloria - De Uruguay al mundo."},{"@type":"BreadcrumbList","@id":"https:\/\/cooltivarte.com\/portal\/muerto-con-gloria-de-uruguay-al-mundo\/#breadcrumb","itemListElement":[{"@type":"ListItem","position":1,"name":"Portada","item":"https:\/\/cooltivarte.com\/portal\/"},{"@type":"ListItem","position":2,"name":"Muerto con Gloria &#8211; De Uruguay al mundo."}]},{"@type":"WebSite","@id":"https:\/\/cooltivarte.com\/portal\/#website","url":"https:\/\/cooltivarte.com\/portal\/","name":"Cooltivarte Portal","description":"Arte, cultura y turismo para el mundo ...","publisher":{"@id":"https:\/\/cooltivarte.com\/portal\/#organization"},"potentialAction":[{"@type":"SearchAction","target":{"@type":"EntryPoint","urlTemplate":"https:\/\/cooltivarte.com\/portal\/?s={search_term_string}"},"query-input":{"@type":"PropertyValueSpecification","valueRequired":true,"valueName":"search_term_string"}}],"inLanguage":"es-AR"},{"@type":"Organization","@id":"https:\/\/cooltivarte.com\/portal\/#organization","name":"cooltivarte","url":"https:\/\/cooltivarte.com\/portal\/","logo":{"@type":"ImageObject","inLanguage":"es-AR","@id":"https:\/\/cooltivarte.com\/portal\/#\/schema\/logo\/image\/","url":"https:\/\/cooltivarte.com\/portal\/wp-content\/uploads\/2020\/04\/logo-cooltivarte-v2.png","contentUrl":"https:\/\/cooltivarte.com\/portal\/wp-content\/uploads\/2020\/04\/logo-cooltivarte-v2.png","width":851,"height":243,"caption":"cooltivarte"},"image":{"@id":"https:\/\/cooltivarte.com\/portal\/#\/schema\/logo\/image\/"},"sameAs":["https:\/\/www.facebook.com\/cooltivartecom\/","https:\/\/x.com\/obolocultural","https:\/\/www.instagram.com\/_cooltivarte_\/","https:\/\/www.linkedin.com\/company\/-bolocultural?reportsuccess=8zaNG1HwhPbAR9iQhZ5rfGeqz_vQFftHun0ZWU0Wy9vNemRJ8vtcKdJvzQfW8XagyOJSKg0XvfJ1dp","https:\/\/www.pinterest.com\/cooltivarte\/","https:\/\/cooltivarte.tumblr.com\/","https:\/\/www.tiktok.com\/@cooltivarte","https:\/\/www.youtube.com\/@PrensaCooltivarte"]},{"@type":"Person","@id":"https:\/\/cooltivarte.com\/portal\/#\/schema\/person\/5e9cf931afe7ffe76aa2a2d7d2c906bd","name":"Luciana Rodriguez","image":{"@type":"ImageObject","inLanguage":"es-AR","@id":"https:\/\/cooltivarte.com\/portal\/wp-content\/uploads\/2019\/10\/luciana-120x120.jpg","url":"https:\/\/cooltivarte.com\/portal\/wp-content\/uploads\/2019\/10\/luciana-120x120.jpg","contentUrl":"https:\/\/cooltivarte.com\/portal\/wp-content\/uploads\/2019\/10\/luciana-120x120.jpg","caption":"Luciana Rodriguez"},"description":"Luciana Rodr\u00edguez, mam\u00e1, fot\u00f3grafa, t\u00e9cnica en comunicaci\u00f3n social, actualmente realizando la licenciatura en comunicaci\u00f3n audiovisual en la Fic (Udelar). Desde peque\u00f1a mi primer amor fue el cine, tard\u00edamente encontr\u00e9 mi segunda pasi\u00f3n en la literatura. Mi sue\u00f1o es lograr convertirme en cineasta, principalmente dentro del cine documental, mientras tanto disfruto de las obras ajenas intentando por este medio que otros las conozcan.","sameAs":["https:\/\/entrenoslibroscine.wordpress.com\/","https:\/\/www.facebook.com\/cineylibros\/","https:\/\/www.instagram.com\/luciana.rodriguez.cine","https:\/\/www.linkedin.com\/company\/-bolocultural\/","https:\/\/www.pinterest.com\/cooltivarte\/","https:\/\/x.com\/https:\/\/x.com\/obolocultural","https:\/\/www.youtube.com\/@PrensaCooltivarte","https:\/\/cooltivarte.tumblr.com\/"],"url":"https:\/\/cooltivarte.com\/portal\/author\/luciana-rodriguez\/"}]}},"_links":{"self":[{"href":"https:\/\/cooltivarte.com\/portal\/wp-json\/wp\/v2\/posts\/71777","targetHints":{"allow":["GET"]}}],"collection":[{"href":"https:\/\/cooltivarte.com\/portal\/wp-json\/wp\/v2\/posts"}],"about":[{"href":"https:\/\/cooltivarte.com\/portal\/wp-json\/wp\/v2\/types\/post"}],"author":[{"embeddable":true,"href":"https:\/\/cooltivarte.com\/portal\/wp-json\/wp\/v2\/users\/155"}],"replies":[{"embeddable":true,"href":"https:\/\/cooltivarte.com\/portal\/wp-json\/wp\/v2\/comments?post=71777"}],"version-history":[{"count":4,"href":"https:\/\/cooltivarte.com\/portal\/wp-json\/wp\/v2\/posts\/71777\/revisions"}],"predecessor-version":[{"id":71788,"href":"https:\/\/cooltivarte.com\/portal\/wp-json\/wp\/v2\/posts\/71777\/revisions\/71788"}],"wp:featuredmedia":[{"embeddable":true,"href":"https:\/\/cooltivarte.com\/portal\/wp-json\/wp\/v2\/media\/71787"}],"wp:attachment":[{"href":"https:\/\/cooltivarte.com\/portal\/wp-json\/wp\/v2\/media?parent=71777"}],"wp:term":[{"taxonomy":"category","embeddable":true,"href":"https:\/\/cooltivarte.com\/portal\/wp-json\/wp\/v2\/categories?post=71777"},{"taxonomy":"post_tag","embeddable":true,"href":"https:\/\/cooltivarte.com\/portal\/wp-json\/wp\/v2\/tags?post=71777"}],"curies":[{"name":"wp","href":"https:\/\/api.w.org\/{rel}","templated":true}]}}