{"id":71536,"date":"2021-08-06T14:29:07","date_gmt":"2021-08-06T17:29:07","guid":{"rendered":"https:\/\/cooltivarte.com\/portal\/?p=71536"},"modified":"2021-08-19T17:21:19","modified_gmt":"2021-08-19T20:21:19","slug":"mitin-oriental-por-la-insurgencia-cultural","status":"publish","type":"post","link":"https:\/\/cooltivarte.com\/portal\/mitin-oriental-por-la-insurgencia-cultural\/","title":{"rendered":"Mit\u00edn Oriental por la Insurgencia Cultural"},"content":{"rendered":"<h2>El mi\u00e9rcoles 18 de agosto a las 20h se realizar\u00e1 por plataforma virtual el \u201cMit\u00edn Internacional por la Insurgencia Cultural\u201d promovido por la Federaci\u00f3n Internacional de Escritorxs por la Libertad (FIEL) recordando la vida, pasi\u00f3n y muerte de Federico Garc\u00eda Lorca en el d\u00eda de su fusilamiento.<\/h2>\n<p>Desde Uruguay se homenajear\u00e1 adem\u00e1s a dos grandes poetas, <strong>Virginia Brindis<\/strong> <strong>de Salas<\/strong> y <strong>Sa\u00fal Ibargoyen Islas<\/strong>, como potentes impulsores de la palabra y la libertad.<\/p>\n<p>Ser\u00e1 un encuentro con la poes\u00eda, el relato, la canci\u00f3n y el teatro.<\/p>\n<p>Nos acompa\u00f1aran:<strong> Miguel \u00c1ngel \u201cCristo\u201d Olivera, David Benavidez, Elaine Neres Albi, Esteban Siri, Ver\u00f3nica Loss, Mariana Figueroa, Sergio Schvarz, Pata Coche, Andrea Fontalvo, Wilson Faval, Noelia Viqueira, Wilson J. Cardozo, Jos\u00e9 Luis Machado, Mariana Figueroa, Marcelo Sosa Guridi, Marcos Pereira, Teresa Korondi, Martin Palacio Gamboa, Patricia Robaina, M\u00fasica para b\u00fahos, Juan Carlos Nikicer, David Benavidez, Hoski, Alfredo Villegas Orom\u00ed, Ananegra Quiroga, Michel Croz, Leonardo Hermann.<\/strong><\/p>\n<p>Se transmitir\u00e1 por You Tube de <a href=\"https:\/\/www.youtube.com\/channel\/UChY4xrGkJxeS6DxAjCZJzGA\/videos\" target=\"_blank\" rel=\"noopener\">Voces del Viento FIEL<\/a> y Facebook de Insurgencia Cultural.<\/p>\n<p><strong>Detalles del evento:<\/strong><\/p>\n<p><strong>Michel Croz<\/strong> (poeta, dramaturgo, docente uruguayo) y <strong>Leonardo Hermann<\/strong> (poeta, escritor, docente argentino) estar\u00e1n a cargo de presentar el programa general.<\/p>\n<p>Diversas actividades ser\u00e1n llevadas a cabo por:<\/p>\n<p>1) Homenaje a <strong>Federico Garc\u00eda Lorca<\/strong> en el R\u00edo de la Plata a cargo de <a href=\"https:\/\/cooltivarte.com\/portal\/?s=Mart\u00edn+Palacio+Gamboa\" target=\"_blank\" rel=\"noopener\"><strong>Mart\u00edn Palacio Gamboa<\/strong><\/a> (ensayista, poeta, narrador y docente uruguayo)<\/p>\n<p>2) Homenaje a <strong>Virginia Brindis de Salas<\/strong> a cargo de la cantautora uruguaya <a href=\"https:\/\/cooltivarte.com\/portal\/?s=Patricia+Robaina\" target=\"_blank\" rel=\"noopener\"><strong>Patricia Robaina<\/strong><\/a><\/p>\n<p>3) Homenaje a <strong>Sa\u00fal Ibargoyen Islas<\/strong> a cargo de las uruguayas <a href=\"https:\/\/cooltivarte.com\/portal\/?s=Teresa+Korondi\" target=\"_blank\" rel=\"noopener\"><strong>Teresa Korondi<\/strong><\/a>, escritora y comunicadora, y la gestora cultural Itzel Ibargoyen, hija del poeta.<\/p>\n<p>4) Se exhibir\u00e1 una escena de \u201cLa Palabra Incendiada\u201d basado en textos lorquianos por elenco del Taller de Teatro Independiente &#8211; Riveramento: <strong>Ver\u00f3nica Loss \/ David Benavidez \/ Elaine Neres Albi \/ Esteban Siri \/ Michel Croz<\/strong><\/p>\n<p>5) Lecturas y m\u00fasica de artistas y poetas<\/p>\n<p>&nbsp;<\/p>\n<p>&nbsp;<br \/>\n<iframe title=\"YouTube video player\" src=\"https:\/\/www.youtube.com\/embed\/ejKbPLCeiP0\" width=\"560\" height=\"315\" frameborder=\"0\" allowfullscreen=\"allowfullscreen\"><\/iframe><br \/>\n&nbsp;<\/p>\n<p>&nbsp;<\/p>\n<p>&nbsp;<\/p>\n<p>&nbsp;<\/p>\n<p>&nbsp;<\/p>\n","protected":false},"excerpt":{"rendered":"<p>El mi\u00e9rcoles 18 de agosto a las 20h se realizar\u00e1 por plataforma virtual el \u201cMit\u00edn Internacional por la Insurgencia Cultural\u201d promovido por la Federaci\u00f3n Internacional de Escritorxs por la Libertad (FIEL) recordando la vida, pasi\u00f3n y muerte de Federico Garc\u00eda Lorca en el d\u00eda de su fusilamiento. Desde Uruguay se homenajear\u00e1 adem\u00e1s a dos grandes [&hellip;]<\/p>\n","protected":false},"author":8,"featured_media":71537,"comment_status":"closed","ping_status":"closed","sticky":false,"template":"","format":"standard","meta":{"om_disable_all_campaigns":false,"ngg_post_thumbnail":0,"jnews-multi-image_gallery":[],"jnews_single_post":[],"jnews_primary_category":[],"jnews_social_meta":[],"jnews_override_counter":[],"footnotes":""},"categories":[55],"tags":[8225,4431,14321,8531,8719,8618],"class_list":["post-71536","post","type-post","status-publish","format-standard","has-post-thumbnail","hentry","category-poesia","tag-escritores","tag-federico-garcia-lorca","tag-insurgencia-cultural","tag-martin-palacio-gamboa","tag-patricia-robaina","tag-teresa-korondi"],"yoast_head":"<!-- This site is optimized with the Yoast SEO plugin v27.5 - https:\/\/yoast.com\/product\/yoast-seo-wordpress\/ -->\n<title>Mit\u00edn Oriental por la Insurgencia Cultural - Cooltivarte Portal<\/title>\n<meta name=\"description\" content=\"El mi\u00e9rcoles 18 de agosto a las 20h se realizar\u00e1 por plataforma virtual el \u201cMit\u00edn Internacional por la Insurgencia Cultural\u201d promovido por la Federaci\u00f3n Internacional de Escritorxs por la Libertad (FIEL) recordando la vida, pasi\u00f3n y muerte de Federico Garc\u00eda Lorca en el d\u00eda de su fusilamiento.\" \/>\n<meta name=\"robots\" content=\"index, follow, max-snippet:-1, max-image-preview:large, max-video-preview:-1\" \/>\n<link rel=\"canonical\" href=\"https:\/\/cooltivarte.com\/portal\/mitin-oriental-por-la-insurgencia-cultural\/\" \/>\n<meta property=\"og:locale\" content=\"es_ES\" \/>\n<meta property=\"og:type\" content=\"article\" \/>\n<meta property=\"og:title\" content=\"Mit\u00edn Oriental por la Insurgencia Cultural\" \/>\n<meta property=\"og:description\" content=\"El mi\u00e9rcoles 18 de agosto a las 20h se realizar\u00e1 por plataforma virtual el \u201cMit\u00edn Internacional por la Insurgencia Cultural\u201d promovido por la Federaci\u00f3n Internacional de Escritorxs por la Libertad (FIEL) recordando la vida, pasi\u00f3n y muerte de Federico Garc\u00eda Lorca en el d\u00eda de su fusilamiento.\" \/>\n<meta property=\"og:url\" content=\"https:\/\/cooltivarte.com\/portal\/mitin-oriental-por-la-insurgencia-cultural\/\" \/>\n<meta property=\"og:site_name\" content=\"Cooltivarte Portal\" \/>\n<meta property=\"article:publisher\" content=\"https:\/\/www.facebook.com\/cooltivartecom\/\" \/>\n<meta property=\"article:author\" content=\"https:\/\/www.facebook.com\/cooltivartecom\" \/>\n<meta property=\"article:published_time\" content=\"2021-08-06T17:29:07+00:00\" \/>\n<meta property=\"article:modified_time\" content=\"2021-08-19T20:21:19+00:00\" \/>\n<meta property=\"og:image\" content=\"https:\/\/cooltivarte.com\/portal\/wp-content\/uploads\/2021\/08\/Mitin-Oriental-por-la-Insurgencia-Cultural.jpg\" \/>\n\t<meta property=\"og:image:width\" content=\"696\" \/>\n\t<meta property=\"og:image:height\" content=\"928\" \/>\n\t<meta property=\"og:image:type\" content=\"image\/jpeg\" \/>\n<meta name=\"author\" content=\"Cooltivarte\" \/>\n<meta name=\"twitter:card\" content=\"summary_large_image\" \/>\n<meta name=\"twitter:title\" content=\"Mit\u00edn Oriental por la Insurgencia Cultural\" \/>\n<meta name=\"twitter:description\" content=\"El mi\u00e9rcoles 18 de agosto a las 20h se realizar\u00e1 por plataforma virtual el \u201cMit\u00edn Internacional por la Insurgencia Cultural\u201d promovido por la Federaci\u00f3n Internacional de Escritorxs por la Libertad (FIEL) recordando la vida, pasi\u00f3n y muerte de Federico Garc\u00eda Lorca en el d\u00eda de su fusilamiento.\" \/>\n<meta name=\"twitter:image\" content=\"https:\/\/cooltivarte.com\/portal\/wp-content\/uploads\/2021\/08\/Mitin-Oriental-por-la-Insurgencia-Cultural.jpg\" \/>\n<meta name=\"twitter:creator\" content=\"@https:\/\/x.com\/obolocultural\" \/>\n<meta name=\"twitter:site\" content=\"@obolocultural\" \/>\n<meta name=\"twitter:label1\" content=\"Escrito por\" \/>\n\t<meta name=\"twitter:data1\" content=\"Cooltivarte\" \/>\n\t<meta name=\"twitter:label2\" content=\"Tiempo de lectura\" \/>\n\t<meta name=\"twitter:data2\" content=\"2 minutos\" \/>\n<!-- \/ Yoast SEO plugin. -->","yoast_head_json":{"title":"Mit\u00edn Oriental por la Insurgencia Cultural - Cooltivarte Portal","description":"El mi\u00e9rcoles 18 de agosto a las 20h se realizar\u00e1 por plataforma virtual el \u201cMit\u00edn Internacional por la Insurgencia Cultural\u201d promovido por la Federaci\u00f3n Internacional de Escritorxs por la Libertad (FIEL) recordando la vida, pasi\u00f3n y muerte de Federico Garc\u00eda Lorca en el d\u00eda de su fusilamiento.","robots":{"index":"index","follow":"follow","max-snippet":"max-snippet:-1","max-image-preview":"max-image-preview:large","max-video-preview":"max-video-preview:-1"},"canonical":"https:\/\/cooltivarte.com\/portal\/mitin-oriental-por-la-insurgencia-cultural\/","og_locale":"es_ES","og_type":"article","og_title":"Mit\u00edn Oriental por la Insurgencia Cultural","og_description":"El mi\u00e9rcoles 18 de agosto a las 20h se realizar\u00e1 por plataforma virtual el \u201cMit\u00edn Internacional por la Insurgencia Cultural\u201d promovido por la Federaci\u00f3n Internacional de Escritorxs por la Libertad (FIEL) recordando la vida, pasi\u00f3n y muerte de Federico Garc\u00eda Lorca en el d\u00eda de su fusilamiento.","og_url":"https:\/\/cooltivarte.com\/portal\/mitin-oriental-por-la-insurgencia-cultural\/","og_site_name":"Cooltivarte Portal","article_publisher":"https:\/\/www.facebook.com\/cooltivartecom\/","article_author":"https:\/\/www.facebook.com\/cooltivartecom","article_published_time":"2021-08-06T17:29:07+00:00","article_modified_time":"2021-08-19T20:21:19+00:00","og_image":[{"width":696,"height":928,"url":"https:\/\/cooltivarte.com\/portal\/wp-content\/uploads\/2021\/08\/Mitin-Oriental-por-la-Insurgencia-Cultural.jpg","type":"image\/jpeg"}],"author":"Cooltivarte","twitter_card":"summary_large_image","twitter_title":"Mit\u00edn Oriental por la Insurgencia Cultural","twitter_description":"El mi\u00e9rcoles 18 de agosto a las 20h se realizar\u00e1 por plataforma virtual el \u201cMit\u00edn Internacional por la Insurgencia Cultural\u201d promovido por la Federaci\u00f3n Internacional de Escritorxs por la Libertad (FIEL) recordando la vida, pasi\u00f3n y muerte de Federico Garc\u00eda Lorca en el d\u00eda de su fusilamiento.","twitter_image":"https:\/\/cooltivarte.com\/portal\/wp-content\/uploads\/2021\/08\/Mitin-Oriental-por-la-Insurgencia-Cultural.jpg","twitter_creator":"@https:\/\/x.com\/obolocultural","twitter_site":"@obolocultural","twitter_misc":{"Escrito por":"Cooltivarte","Tiempo de lectura":"2 minutos"},"schema":{"@context":"https:\/\/schema.org","@graph":[{"@type":"NewsArticle","@id":"https:\/\/cooltivarte.com\/portal\/mitin-oriental-por-la-insurgencia-cultural\/#article","isPartOf":{"@id":"https:\/\/cooltivarte.com\/portal\/mitin-oriental-por-la-insurgencia-cultural\/"},"author":{"name":"Cooltivarte","@id":"https:\/\/cooltivarte.com\/portal\/#\/schema\/person\/ec2a4f4e71b740d0c559c0ab9a157e19"},"headline":"Mit\u00edn Oriental por la Insurgencia Cultural","datePublished":"2021-08-06T17:29:07+00:00","dateModified":"2021-08-19T20:21:19+00:00","mainEntityOfPage":{"@id":"https:\/\/cooltivarte.com\/portal\/mitin-oriental-por-la-insurgencia-cultural\/"},"wordCount":332,"publisher":{"@id":"https:\/\/cooltivarte.com\/portal\/#organization"},"image":{"@id":"https:\/\/cooltivarte.com\/portal\/mitin-oriental-por-la-insurgencia-cultural\/#primaryimage"},"thumbnailUrl":"https:\/\/cooltivarte.com\/portal\/wp-content\/uploads\/2021\/08\/Mitin-Oriental-por-la-Insurgencia-Cultural.jpg","keywords":["escritores","Federico Garc\u00eca Lorca","Insurgencia Cultural","Mart\u00edn Palacio Gamboa","PATRICIA ROBAINA","Teresa Korondi"],"articleSection":["Poetas"],"inLanguage":"es-AR"},{"@type":"WebPage","@id":"https:\/\/cooltivarte.com\/portal\/mitin-oriental-por-la-insurgencia-cultural\/","url":"https:\/\/cooltivarte.com\/portal\/mitin-oriental-por-la-insurgencia-cultural\/","name":"Mit\u00edn Oriental por la Insurgencia Cultural - Cooltivarte Portal","isPartOf":{"@id":"https:\/\/cooltivarte.com\/portal\/#website"},"primaryImageOfPage":{"@id":"https:\/\/cooltivarte.com\/portal\/mitin-oriental-por-la-insurgencia-cultural\/#primaryimage"},"image":{"@id":"https:\/\/cooltivarte.com\/portal\/mitin-oriental-por-la-insurgencia-cultural\/#primaryimage"},"thumbnailUrl":"https:\/\/cooltivarte.com\/portal\/wp-content\/uploads\/2021\/08\/Mitin-Oriental-por-la-Insurgencia-Cultural.jpg","datePublished":"2021-08-06T17:29:07+00:00","dateModified":"2021-08-19T20:21:19+00:00","description":"El mi\u00e9rcoles 18 de agosto a las 20h se realizar\u00e1 por plataforma virtual el \u201cMit\u00edn Internacional por la Insurgencia Cultural\u201d promovido por la Federaci\u00f3n Internacional de Escritorxs por la Libertad (FIEL) recordando la vida, pasi\u00f3n y muerte de Federico Garc\u00eda Lorca en el d\u00eda de su fusilamiento.","breadcrumb":{"@id":"https:\/\/cooltivarte.com\/portal\/mitin-oriental-por-la-insurgencia-cultural\/#breadcrumb"},"inLanguage":"es-AR","potentialAction":[{"@type":"ReadAction","target":["https:\/\/cooltivarte.com\/portal\/mitin-oriental-por-la-insurgencia-cultural\/"]}]},{"@type":"ImageObject","inLanguage":"es-AR","@id":"https:\/\/cooltivarte.com\/portal\/mitin-oriental-por-la-insurgencia-cultural\/#primaryimage","url":"https:\/\/cooltivarte.com\/portal\/wp-content\/uploads\/2021\/08\/Mitin-Oriental-por-la-Insurgencia-Cultural.jpg","contentUrl":"https:\/\/cooltivarte.com\/portal\/wp-content\/uploads\/2021\/08\/Mitin-Oriental-por-la-Insurgencia-Cultural.jpg","width":696,"height":928,"caption":"Mit\u00edn Oriental por la Insurgencia Cultural"},{"@type":"BreadcrumbList","@id":"https:\/\/cooltivarte.com\/portal\/mitin-oriental-por-la-insurgencia-cultural\/#breadcrumb","itemListElement":[{"@type":"ListItem","position":1,"name":"Portada","item":"https:\/\/cooltivarte.com\/portal\/"},{"@type":"ListItem","position":2,"name":"Mit\u00edn Oriental por la Insurgencia Cultural"}]},{"@type":"WebSite","@id":"https:\/\/cooltivarte.com\/portal\/#website","url":"https:\/\/cooltivarte.com\/portal\/","name":"Cooltivarte Portal","description":"Arte, cultura y turismo para el mundo ...","publisher":{"@id":"https:\/\/cooltivarte.com\/portal\/#organization"},"potentialAction":[{"@type":"SearchAction","target":{"@type":"EntryPoint","urlTemplate":"https:\/\/cooltivarte.com\/portal\/?s={search_term_string}"},"query-input":{"@type":"PropertyValueSpecification","valueRequired":true,"valueName":"search_term_string"}}],"inLanguage":"es-AR"},{"@type":"Organization","@id":"https:\/\/cooltivarte.com\/portal\/#organization","name":"cooltivarte","url":"https:\/\/cooltivarte.com\/portal\/","logo":{"@type":"ImageObject","inLanguage":"es-AR","@id":"https:\/\/cooltivarte.com\/portal\/#\/schema\/logo\/image\/","url":"https:\/\/cooltivarte.com\/portal\/wp-content\/uploads\/2020\/04\/logo-cooltivarte-v2.png","contentUrl":"https:\/\/cooltivarte.com\/portal\/wp-content\/uploads\/2020\/04\/logo-cooltivarte-v2.png","width":851,"height":243,"caption":"cooltivarte"},"image":{"@id":"https:\/\/cooltivarte.com\/portal\/#\/schema\/logo\/image\/"},"sameAs":["https:\/\/www.facebook.com\/cooltivartecom\/","https:\/\/x.com\/obolocultural","https:\/\/www.instagram.com\/_cooltivarte_\/","https:\/\/www.linkedin.com\/company\/-bolocultural?reportsuccess=8zaNG1HwhPbAR9iQhZ5rfGeqz_vQFftHun0ZWU0Wy9vNemRJ8vtcKdJvzQfW8XagyOJSKg0XvfJ1dp","https:\/\/www.pinterest.com\/cooltivarte\/","https:\/\/cooltivarte.tumblr.com\/","https:\/\/www.tiktok.com\/@cooltivarte","https:\/\/www.youtube.com\/@PrensaCooltivarte"]},{"@type":"Person","@id":"https:\/\/cooltivarte.com\/portal\/#\/schema\/person\/ec2a4f4e71b740d0c559c0ab9a157e19","name":"Cooltivarte","image":{"@type":"ImageObject","inLanguage":"es-AR","@id":"https:\/\/cooltivarte.com\/portal\/wp-content\/uploads\/2014\/05\/logo-cooltivarte-120x120.jpg","url":"https:\/\/cooltivarte.com\/portal\/wp-content\/uploads\/2014\/05\/logo-cooltivarte-120x120.jpg","contentUrl":"https:\/\/cooltivarte.com\/portal\/wp-content\/uploads\/2014\/05\/logo-cooltivarte-120x120.jpg","caption":"Cooltivarte"},"description":"Somos COOLTIVARTE.COM. Un portal digital dedicado a difundir el acontecer art\u00edstico y cultural del Uruguay. Estamos en la vuelta desde el a\u00f1o 2003, y como evoluci\u00f3n del bolet\u00edn Obolo Cultural, nos encontramos abocados a apoyar a los artistas nacionales brind\u00e1ndoles un espacio de difusi\u00f3n. Creemos en la idea de utilizar la potencialidad que hoy d\u00eda nos otorga la web, para que la cultura uruguaya y sus creadores dispongan de una din\u00e1mica ventana, que los ponga en contacto entre s\u00ed y con el mundo. Somos COOLTIVARTE.COM y pretendemos configurarnos como un portal din\u00e1mico, entretenido y atento a los nuevos emprendimientos, que busque siempre la interacci\u00f3n con los artistas.","sameAs":["http:\/\/www.cooltivarte.com","https:\/\/www.facebook.com\/cooltivartecom","https:\/\/www.instagram.com\/_cooltivarte_\/","https:\/\/www.linkedin.com\/company\/-bolocultural","https:\/\/www.pinterest.com\/cooltivarte\/","https:\/\/x.com\/https:\/\/x.com\/obolocultural","https:\/\/www.youtube.com\/@PrensaCooltivarte","https:\/\/www.tumblr.com\/blog\/cooltivarte"],"url":"https:\/\/cooltivarte.com\/portal\/author\/cooltivarte\/"}]}},"_links":{"self":[{"href":"https:\/\/cooltivarte.com\/portal\/wp-json\/wp\/v2\/posts\/71536","targetHints":{"allow":["GET"]}}],"collection":[{"href":"https:\/\/cooltivarte.com\/portal\/wp-json\/wp\/v2\/posts"}],"about":[{"href":"https:\/\/cooltivarte.com\/portal\/wp-json\/wp\/v2\/types\/post"}],"author":[{"embeddable":true,"href":"https:\/\/cooltivarte.com\/portal\/wp-json\/wp\/v2\/users\/8"}],"replies":[{"embeddable":true,"href":"https:\/\/cooltivarte.com\/portal\/wp-json\/wp\/v2\/comments?post=71536"}],"version-history":[{"count":4,"href":"https:\/\/cooltivarte.com\/portal\/wp-json\/wp\/v2\/posts\/71536\/revisions"}],"predecessor-version":[{"id":71931,"href":"https:\/\/cooltivarte.com\/portal\/wp-json\/wp\/v2\/posts\/71536\/revisions\/71931"}],"wp:featuredmedia":[{"embeddable":true,"href":"https:\/\/cooltivarte.com\/portal\/wp-json\/wp\/v2\/media\/71537"}],"wp:attachment":[{"href":"https:\/\/cooltivarte.com\/portal\/wp-json\/wp\/v2\/media?parent=71536"}],"wp:term":[{"taxonomy":"category","embeddable":true,"href":"https:\/\/cooltivarte.com\/portal\/wp-json\/wp\/v2\/categories?post=71536"},{"taxonomy":"post_tag","embeddable":true,"href":"https:\/\/cooltivarte.com\/portal\/wp-json\/wp\/v2\/tags?post=71536"}],"curies":[{"name":"wp","href":"https:\/\/api.w.org\/{rel}","templated":true}]}}