{"id":71427,"date":"2021-08-02T14:33:48","date_gmt":"2021-08-02T17:33:48","guid":{"rendered":"https:\/\/cooltivarte.com\/portal\/?p=71427"},"modified":"2021-08-09T19:49:04","modified_gmt":"2021-08-09T22:49:04","slug":"la-orquesta-de-las-mil-melodias-sabado-7-de-agosto-sala-del-museo-del-carnaval","status":"publish","type":"post","link":"https:\/\/cooltivarte.com\/portal\/la-orquesta-de-las-mil-melodias-sabado-7-de-agosto-sala-del-museo-del-carnaval\/","title":{"rendered":"La Orquesta de las Mil Melod\u00edas &#8211; S\u00e1bado 7 de agosto &#8211; Sala del Museo del Carnaval"},"content":{"rendered":"<p><strong>LA ORQUESTA DE LAS MIL MELOD\u00cdAS<\/strong><br \/>\n<strong>Sala del Museo del Carnaval<\/strong> | S\u00e1bado 7 de agosto, 21 horas.<\/p>\n<p>Una orquesta con 33 m\u00fasicos en escena, un espect\u00e1culo impactante donde la fantas\u00eda se mezcla con la realidad,<br \/>\nse siente en la piel, una experiencia art\u00edstica que abre el portal hacia otro tiempo.<\/p>\n<p>&nbsp;<\/p>\n<p>20hs. Apertura de puertas \/ 21hs. Comienzo de show (Puntual)<br \/>\nEntradas en venta en ABITAB<\/p>\n<p>&#8220;<em>Imag\u00ednese estar una nostalgiosa noche de luna llena en la terraza de un antiguo hotel bailando al son de una orquesta que deleita sus o\u00eddos con m\u00fasica de ensue\u00f1o, perfectamente arreglada, alternando ritmos de swing, jazz, foxtrot, charleston y rumba. Imag\u00ednese a usted con prendas de gala, en un entorno empenumbrado, altos candelabros con velas y luces colgadas entre las columnas. El sal\u00f3n entero es una obra de arte con detalles cl\u00e1sicos, mesas alrededor de la pista de baile y una extra\u00f1a neblina que lo rodea todo. Se escucha el silencioso vaiv\u00e9n de los pasos al bailar, la gente murmurar, la risa de la chica del bar, el tintineo de las copas al chocar.<\/em><br \/>\n<em>Y all\u00ed, La Orquesta de las Mil Melod\u00edas sonando de maravillas<\/em>&#8220;.<\/p>\n<p>&nbsp;<\/p>\n<p>&nbsp;<\/p>\n<p>&nbsp;<\/p>\n<div class=\"jeg_video_container jeg_video_content\"><iframe title=\"La Orquesta de las Mil Melodi\u0301as  - El Pie Feliz - LOMM\" width=\"500\" height=\"281\" src=\"https:\/\/www.youtube.com\/embed\/elM54qxadgY?feature=oembed\" frameborder=\"0\" allow=\"accelerometer; autoplay; clipboard-write; encrypted-media; gyroscope; picture-in-picture; web-share\" referrerpolicy=\"strict-origin-when-cross-origin\" allowfullscreen><\/iframe><\/div>\n<p>&nbsp;<\/p>\n<p>&nbsp;<\/p>\n<p>&nbsp;<\/p>\n<p>&nbsp;<\/p>\n","protected":false},"excerpt":{"rendered":"<p>LA ORQUESTA DE LAS MIL MELOD\u00cdAS Sala del Museo del Carnaval | S\u00e1bado 7 de agosto, 21 horas. Una orquesta con 33 m\u00fasicos en escena, un espect\u00e1culo impactante donde la fantas\u00eda se mezcla con la realidad, se siente en la piel, una experiencia art\u00edstica que abre el portal hacia otro tiempo. &nbsp; 20hs. Apertura de [&hellip;]<\/p>\n","protected":false},"author":8,"featured_media":71428,"comment_status":"closed","ping_status":"closed","sticky":false,"template":"","format":"standard","meta":{"om_disable_all_campaigns":false,"ngg_post_thumbnail":0,"jnews-multi-image_gallery":[],"jnews_single_post":[],"jnews_primary_category":[],"jnews_social_meta":[],"jnews_override_counter":[],"footnotes":""},"categories":[3394],"tags":[14291,14031],"class_list":["post-71427","post","type-post","status-publish","format-standard","has-post-thumbnail","hentry","category-eventos","tag-la-orquesta-de-las-mil-melodias","tag-sala-del-museo-del-carnaval"],"yoast_head":"<!-- This site is optimized with the Yoast SEO plugin v27.5 - https:\/\/yoast.com\/product\/yoast-seo-wordpress\/ -->\n<title>La Orquesta de las Mil Melod\u00edas - S\u00e1bado 7 de agosto - Sala del Museo del Carnaval - Cooltivarte Portal<\/title>\n<meta name=\"description\" content=\"LA ORQUESTA DE LAS MIL MELODIAS Sala del Museo del Carnaval | S\u00e1bado 7 de agosto, 21 horas.Una orquesta con 33 m\u00fasicos en escena, un espect\u00e1culo impactante donde la fantas\u00eda se mezcla con la realidad,se siente en la piel, una experiencia art\u00edstica que abre el portal hacia otro tiempo.\" \/>\n<meta name=\"robots\" content=\"index, follow, max-snippet:-1, max-image-preview:large, max-video-preview:-1\" \/>\n<link rel=\"canonical\" href=\"https:\/\/cooltivarte.com\/portal\/la-orquesta-de-las-mil-melodias-sabado-7-de-agosto-sala-del-museo-del-carnaval\/\" \/>\n<meta property=\"og:locale\" content=\"es_ES\" \/>\n<meta property=\"og:type\" content=\"article\" \/>\n<meta property=\"og:title\" content=\"La Orquesta de las Mil Melod\u00edas - S\u00e1bado 7 de agosto - Sala del Museo del Carnaval\" \/>\n<meta property=\"og:description\" content=\"LA ORQUESTA DE LAS MIL MELODIAS Sala del Museo del Carnaval | S\u00e1bado 7 de agosto, 21 horas.Una orquesta con 33 m\u00fasicos en escena, un espect\u00e1culo impactante donde la fantas\u00eda se mezcla con la realidad,se siente en la piel, una experiencia art\u00edstica que abre el portal hacia otro tiempo.\" \/>\n<meta property=\"og:url\" content=\"https:\/\/cooltivarte.com\/portal\/la-orquesta-de-las-mil-melodias-sabado-7-de-agosto-sala-del-museo-del-carnaval\/\" \/>\n<meta property=\"og:site_name\" content=\"Cooltivarte Portal\" \/>\n<meta property=\"article:publisher\" content=\"https:\/\/www.facebook.com\/cooltivartecom\/\" \/>\n<meta property=\"article:author\" content=\"https:\/\/www.facebook.com\/cooltivartecom\" \/>\n<meta property=\"article:published_time\" content=\"2021-08-02T17:33:48+00:00\" \/>\n<meta property=\"article:modified_time\" content=\"2021-08-09T22:49:04+00:00\" \/>\n<meta property=\"og:image\" content=\"https:\/\/cooltivarte.com\/portal\/wp-content\/uploads\/2021\/08\/LA-ORQUESTA-DE-LAS-MIL-MELODIAS.jpg\" \/>\n\t<meta property=\"og:image:width\" content=\"960\" \/>\n\t<meta property=\"og:image:height\" content=\"960\" \/>\n\t<meta property=\"og:image:type\" content=\"image\/jpeg\" \/>\n<meta name=\"author\" content=\"Cooltivarte\" \/>\n<meta name=\"twitter:card\" content=\"summary_large_image\" \/>\n<meta name=\"twitter:title\" content=\"La Orquesta de las Mil Melod\u00edas - S\u00e1bado 7 de agosto - Sala del Museo del Carnaval\" \/>\n<meta name=\"twitter:description\" content=\"LA ORQUESTA DE LAS MIL MELODIAS Sala del Museo del Carnaval | S\u00e1bado 7 de agosto, 21 horas.Una orquesta con 33 m\u00fasicos en escena, un espect\u00e1culo impactante donde la fantas\u00eda se mezcla con la realidad,se siente en la piel, una experiencia art\u00edstica que abre el portal hacia otro tiempo.\" \/>\n<meta name=\"twitter:image\" content=\"https:\/\/cooltivarte.com\/portal\/wp-content\/uploads\/2021\/08\/LA-ORQUESTA-DE-LAS-MIL-MELODIAS.jpg\" \/>\n<meta name=\"twitter:creator\" content=\"@https:\/\/x.com\/obolocultural\" \/>\n<meta name=\"twitter:site\" content=\"@obolocultural\" \/>\n<meta name=\"twitter:label1\" content=\"Escrito por\" \/>\n\t<meta name=\"twitter:data1\" content=\"Cooltivarte\" \/>\n\t<meta name=\"twitter:label2\" content=\"Tiempo de lectura\" \/>\n\t<meta name=\"twitter:data2\" content=\"1 minuto\" \/>\n<!-- \/ Yoast SEO plugin. -->","yoast_head_json":{"title":"La Orquesta de las Mil Melod\u00edas - S\u00e1bado 7 de agosto - Sala del Museo del Carnaval - Cooltivarte Portal","description":"LA ORQUESTA DE LAS MIL MELODIAS Sala del Museo del Carnaval | S\u00e1bado 7 de agosto, 21 horas.Una orquesta con 33 m\u00fasicos en escena, un espect\u00e1culo impactante donde la fantas\u00eda se mezcla con la realidad,se siente en la piel, una experiencia art\u00edstica que abre el portal hacia otro tiempo.","robots":{"index":"index","follow":"follow","max-snippet":"max-snippet:-1","max-image-preview":"max-image-preview:large","max-video-preview":"max-video-preview:-1"},"canonical":"https:\/\/cooltivarte.com\/portal\/la-orquesta-de-las-mil-melodias-sabado-7-de-agosto-sala-del-museo-del-carnaval\/","og_locale":"es_ES","og_type":"article","og_title":"La Orquesta de las Mil Melod\u00edas - S\u00e1bado 7 de agosto - Sala del Museo del Carnaval","og_description":"LA ORQUESTA DE LAS MIL MELODIAS Sala del Museo del Carnaval | S\u00e1bado 7 de agosto, 21 horas.Una orquesta con 33 m\u00fasicos en escena, un espect\u00e1culo impactante donde la fantas\u00eda se mezcla con la realidad,se siente en la piel, una experiencia art\u00edstica que abre el portal hacia otro tiempo.","og_url":"https:\/\/cooltivarte.com\/portal\/la-orquesta-de-las-mil-melodias-sabado-7-de-agosto-sala-del-museo-del-carnaval\/","og_site_name":"Cooltivarte Portal","article_publisher":"https:\/\/www.facebook.com\/cooltivartecom\/","article_author":"https:\/\/www.facebook.com\/cooltivartecom","article_published_time":"2021-08-02T17:33:48+00:00","article_modified_time":"2021-08-09T22:49:04+00:00","og_image":[{"width":960,"height":960,"url":"https:\/\/cooltivarte.com\/portal\/wp-content\/uploads\/2021\/08\/LA-ORQUESTA-DE-LAS-MIL-MELODIAS.jpg","type":"image\/jpeg"}],"author":"Cooltivarte","twitter_card":"summary_large_image","twitter_title":"La Orquesta de las Mil Melod\u00edas - S\u00e1bado 7 de agosto - Sala del Museo del Carnaval","twitter_description":"LA ORQUESTA DE LAS MIL MELODIAS Sala del Museo del Carnaval | S\u00e1bado 7 de agosto, 21 horas.Una orquesta con 33 m\u00fasicos en escena, un espect\u00e1culo impactante donde la fantas\u00eda se mezcla con la realidad,se siente en la piel, una experiencia art\u00edstica que abre el portal hacia otro tiempo.","twitter_image":"https:\/\/cooltivarte.com\/portal\/wp-content\/uploads\/2021\/08\/LA-ORQUESTA-DE-LAS-MIL-MELODIAS.jpg","twitter_creator":"@https:\/\/x.com\/obolocultural","twitter_site":"@obolocultural","twitter_misc":{"Escrito por":"Cooltivarte","Tiempo de lectura":"1 minuto"},"schema":{"@context":"https:\/\/schema.org","@graph":[{"@type":"NewsArticle","@id":"https:\/\/cooltivarte.com\/portal\/la-orquesta-de-las-mil-melodias-sabado-7-de-agosto-sala-del-museo-del-carnaval\/#article","isPartOf":{"@id":"https:\/\/cooltivarte.com\/portal\/la-orquesta-de-las-mil-melodias-sabado-7-de-agosto-sala-del-museo-del-carnaval\/"},"author":{"name":"Cooltivarte","@id":"https:\/\/cooltivarte.com\/portal\/#\/schema\/person\/ec2a4f4e71b740d0c559c0ab9a157e19"},"headline":"La Orquesta de las Mil Melod\u00edas &#8211; S\u00e1bado 7 de agosto &#8211; Sala del Museo del Carnaval","datePublished":"2021-08-02T17:33:48+00:00","dateModified":"2021-08-09T22:49:04+00:00","mainEntityOfPage":{"@id":"https:\/\/cooltivarte.com\/portal\/la-orquesta-de-las-mil-melodias-sabado-7-de-agosto-sala-del-museo-del-carnaval\/"},"wordCount":233,"publisher":{"@id":"https:\/\/cooltivarte.com\/portal\/#organization"},"image":{"@id":"https:\/\/cooltivarte.com\/portal\/la-orquesta-de-las-mil-melodias-sabado-7-de-agosto-sala-del-museo-del-carnaval\/#primaryimage"},"thumbnailUrl":"https:\/\/cooltivarte.com\/portal\/wp-content\/uploads\/2021\/08\/LA-ORQUESTA-DE-LAS-MIL-MELODIAS.jpg","keywords":["LA ORQUESTA DE LAS MIL MELOD\u00cdAS","Sala del Museo del Carnaval"],"articleSection":["Eventos"],"inLanguage":"es-AR"},{"@type":"WebPage","@id":"https:\/\/cooltivarte.com\/portal\/la-orquesta-de-las-mil-melodias-sabado-7-de-agosto-sala-del-museo-del-carnaval\/","url":"https:\/\/cooltivarte.com\/portal\/la-orquesta-de-las-mil-melodias-sabado-7-de-agosto-sala-del-museo-del-carnaval\/","name":"La Orquesta de las Mil Melod\u00edas - S\u00e1bado 7 de agosto - Sala del Museo del Carnaval - Cooltivarte Portal","isPartOf":{"@id":"https:\/\/cooltivarte.com\/portal\/#website"},"primaryImageOfPage":{"@id":"https:\/\/cooltivarte.com\/portal\/la-orquesta-de-las-mil-melodias-sabado-7-de-agosto-sala-del-museo-del-carnaval\/#primaryimage"},"image":{"@id":"https:\/\/cooltivarte.com\/portal\/la-orquesta-de-las-mil-melodias-sabado-7-de-agosto-sala-del-museo-del-carnaval\/#primaryimage"},"thumbnailUrl":"https:\/\/cooltivarte.com\/portal\/wp-content\/uploads\/2021\/08\/LA-ORQUESTA-DE-LAS-MIL-MELODIAS.jpg","datePublished":"2021-08-02T17:33:48+00:00","dateModified":"2021-08-09T22:49:04+00:00","description":"LA ORQUESTA DE LAS MIL MELODIAS Sala del Museo del Carnaval | S\u00e1bado 7 de agosto, 21 horas.Una orquesta con 33 m\u00fasicos en escena, un espect\u00e1culo impactante donde la fantas\u00eda se mezcla con la realidad,se siente en la piel, una experiencia art\u00edstica que abre el portal hacia otro tiempo.","breadcrumb":{"@id":"https:\/\/cooltivarte.com\/portal\/la-orquesta-de-las-mil-melodias-sabado-7-de-agosto-sala-del-museo-del-carnaval\/#breadcrumb"},"inLanguage":"es-AR","potentialAction":[{"@type":"ReadAction","target":["https:\/\/cooltivarte.com\/portal\/la-orquesta-de-las-mil-melodias-sabado-7-de-agosto-sala-del-museo-del-carnaval\/"]}]},{"@type":"ImageObject","inLanguage":"es-AR","@id":"https:\/\/cooltivarte.com\/portal\/la-orquesta-de-las-mil-melodias-sabado-7-de-agosto-sala-del-museo-del-carnaval\/#primaryimage","url":"https:\/\/cooltivarte.com\/portal\/wp-content\/uploads\/2021\/08\/LA-ORQUESTA-DE-LAS-MIL-MELODIAS.jpg","contentUrl":"https:\/\/cooltivarte.com\/portal\/wp-content\/uploads\/2021\/08\/LA-ORQUESTA-DE-LAS-MIL-MELODIAS.jpg","width":960,"height":960,"caption":"LA ORQUESTA DE LAS MIL MELODIAS"},{"@type":"BreadcrumbList","@id":"https:\/\/cooltivarte.com\/portal\/la-orquesta-de-las-mil-melodias-sabado-7-de-agosto-sala-del-museo-del-carnaval\/#breadcrumb","itemListElement":[{"@type":"ListItem","position":1,"name":"Portada","item":"https:\/\/cooltivarte.com\/portal\/"},{"@type":"ListItem","position":2,"name":"La Orquesta de las Mil Melod\u00edas &#8211; S\u00e1bado 7 de agosto &#8211; Sala del Museo del Carnaval"}]},{"@type":"WebSite","@id":"https:\/\/cooltivarte.com\/portal\/#website","url":"https:\/\/cooltivarte.com\/portal\/","name":"Cooltivarte Portal","description":"Arte, cultura y turismo para el mundo ...","publisher":{"@id":"https:\/\/cooltivarte.com\/portal\/#organization"},"potentialAction":[{"@type":"SearchAction","target":{"@type":"EntryPoint","urlTemplate":"https:\/\/cooltivarte.com\/portal\/?s={search_term_string}"},"query-input":{"@type":"PropertyValueSpecification","valueRequired":true,"valueName":"search_term_string"}}],"inLanguage":"es-AR"},{"@type":"Organization","@id":"https:\/\/cooltivarte.com\/portal\/#organization","name":"cooltivarte","url":"https:\/\/cooltivarte.com\/portal\/","logo":{"@type":"ImageObject","inLanguage":"es-AR","@id":"https:\/\/cooltivarte.com\/portal\/#\/schema\/logo\/image\/","url":"https:\/\/cooltivarte.com\/portal\/wp-content\/uploads\/2020\/04\/logo-cooltivarte-v2.png","contentUrl":"https:\/\/cooltivarte.com\/portal\/wp-content\/uploads\/2020\/04\/logo-cooltivarte-v2.png","width":851,"height":243,"caption":"cooltivarte"},"image":{"@id":"https:\/\/cooltivarte.com\/portal\/#\/schema\/logo\/image\/"},"sameAs":["https:\/\/www.facebook.com\/cooltivartecom\/","https:\/\/x.com\/obolocultural","https:\/\/www.instagram.com\/_cooltivarte_\/","https:\/\/www.linkedin.com\/company\/-bolocultural?reportsuccess=8zaNG1HwhPbAR9iQhZ5rfGeqz_vQFftHun0ZWU0Wy9vNemRJ8vtcKdJvzQfW8XagyOJSKg0XvfJ1dp","https:\/\/www.pinterest.com\/cooltivarte\/","https:\/\/cooltivarte.tumblr.com\/","https:\/\/www.tiktok.com\/@cooltivarte","https:\/\/www.youtube.com\/@PrensaCooltivarte"]},{"@type":"Person","@id":"https:\/\/cooltivarte.com\/portal\/#\/schema\/person\/ec2a4f4e71b740d0c559c0ab9a157e19","name":"Cooltivarte","image":{"@type":"ImageObject","inLanguage":"es-AR","@id":"https:\/\/cooltivarte.com\/portal\/wp-content\/uploads\/2014\/05\/logo-cooltivarte-120x120.jpg","url":"https:\/\/cooltivarte.com\/portal\/wp-content\/uploads\/2014\/05\/logo-cooltivarte-120x120.jpg","contentUrl":"https:\/\/cooltivarte.com\/portal\/wp-content\/uploads\/2014\/05\/logo-cooltivarte-120x120.jpg","caption":"Cooltivarte"},"description":"Somos COOLTIVARTE.COM. Un portal digital dedicado a difundir el acontecer art\u00edstico y cultural del Uruguay. Estamos en la vuelta desde el a\u00f1o 2003, y como evoluci\u00f3n del bolet\u00edn Obolo Cultural, nos encontramos abocados a apoyar a los artistas nacionales brind\u00e1ndoles un espacio de difusi\u00f3n. Creemos en la idea de utilizar la potencialidad que hoy d\u00eda nos otorga la web, para que la cultura uruguaya y sus creadores dispongan de una din\u00e1mica ventana, que los ponga en contacto entre s\u00ed y con el mundo. Somos COOLTIVARTE.COM y pretendemos configurarnos como un portal din\u00e1mico, entretenido y atento a los nuevos emprendimientos, que busque siempre la interacci\u00f3n con los artistas.","sameAs":["http:\/\/www.cooltivarte.com","https:\/\/www.facebook.com\/cooltivartecom","https:\/\/www.instagram.com\/_cooltivarte_\/","https:\/\/www.linkedin.com\/company\/-bolocultural","https:\/\/www.pinterest.com\/cooltivarte\/","https:\/\/x.com\/https:\/\/x.com\/obolocultural","https:\/\/www.youtube.com\/@PrensaCooltivarte","https:\/\/www.tumblr.com\/blog\/cooltivarte"],"url":"https:\/\/cooltivarte.com\/portal\/author\/cooltivarte\/"}]}},"_links":{"self":[{"href":"https:\/\/cooltivarte.com\/portal\/wp-json\/wp\/v2\/posts\/71427","targetHints":{"allow":["GET"]}}],"collection":[{"href":"https:\/\/cooltivarte.com\/portal\/wp-json\/wp\/v2\/posts"}],"about":[{"href":"https:\/\/cooltivarte.com\/portal\/wp-json\/wp\/v2\/types\/post"}],"author":[{"embeddable":true,"href":"https:\/\/cooltivarte.com\/portal\/wp-json\/wp\/v2\/users\/8"}],"replies":[{"embeddable":true,"href":"https:\/\/cooltivarte.com\/portal\/wp-json\/wp\/v2\/comments?post=71427"}],"version-history":[{"count":1,"href":"https:\/\/cooltivarte.com\/portal\/wp-json\/wp\/v2\/posts\/71427\/revisions"}],"predecessor-version":[{"id":71429,"href":"https:\/\/cooltivarte.com\/portal\/wp-json\/wp\/v2\/posts\/71427\/revisions\/71429"}],"wp:featuredmedia":[{"embeddable":true,"href":"https:\/\/cooltivarte.com\/portal\/wp-json\/wp\/v2\/media\/71428"}],"wp:attachment":[{"href":"https:\/\/cooltivarte.com\/portal\/wp-json\/wp\/v2\/media?parent=71427"}],"wp:term":[{"taxonomy":"category","embeddable":true,"href":"https:\/\/cooltivarte.com\/portal\/wp-json\/wp\/v2\/categories?post=71427"},{"taxonomy":"post_tag","embeddable":true,"href":"https:\/\/cooltivarte.com\/portal\/wp-json\/wp\/v2\/tags?post=71427"}],"curies":[{"name":"wp","href":"https:\/\/api.w.org\/{rel}","templated":true}]}}