{"id":71266,"date":"2021-07-22T11:17:33","date_gmt":"2021-07-22T14:17:33","guid":{"rendered":"https:\/\/cooltivarte.com\/portal\/?p=71266"},"modified":"2021-09-16T18:44:42","modified_gmt":"2021-09-16T21:44:42","slug":"secuelas-educativas-de-la-pandemia","status":"publish","type":"post","link":"https:\/\/cooltivarte.com\/portal\/secuelas-educativas-de-la-pandemia\/","title":{"rendered":"Secuelas educativas de la pandemia"},"content":{"rendered":"\r\n<p>Comparto mi participaci\u00f3n en el programa <strong><a href=\"https:\/\/www.tvciudad.uy\/programa\/mira-montevideo\/\" target=\"_blank\" rel=\"noreferrer noopener\">Mir\u00e1 Montevideo<\/a><\/strong>, de <strong>TV Ciudad<\/strong>, en donde estuve dialogando respecto de las brechas educativas que se han acentuado con la pandemia, en el contexto de problemas estructurales que presenta nuestro campo educativo desde hace varias d\u00e9cadas. Un tema que nos convoca a todos, sin excepci\u00f3n alguna.<\/p>\r\n\r\n\r\n\r\n<p><br \/><br \/><br \/><br \/><strong><a href=\"https:\/\/www.tvciudad.uy\/programa\/mira-montevideo\/\" target=\"_blank\" rel=\"noreferrer noopener\">Mir\u00e1 Montevideo<\/a><\/strong><\/p>\r\n\r\n\r\n\r\n<p>Programa de actualidad que nos trae en vivo las novedades de cultura, acciones solidarias, deportes y todo lo que pasa en la ciudad de Montevideo.<\/p>\r\n\r\n\r\n\r\n<p>M\u00f3viles, informes, historias, visitantes ilustres, actividades en los barrios, entrevistas y la opini\u00f3n de la gente.<\/p>\r\n\r\n\r\n\r\n<p>Conducen <strong><a href=\"https:\/\/cooltivarte.com\/portal\/?s=Noelia+Campo\" target=\"_blank\" rel=\"noreferrer noopener\">Noelia Campo<\/a><\/strong>, <strong><a href=\"https:\/\/cooltivarte.com\/portal\/?s=Jorge+Temponi\" target=\"_blank\" rel=\"noreferrer noopener\">Jorge Temponi<\/a><\/strong> y <strong><a href=\"https:\/\/cooltivarte.com\/portal\/?s=Morena+Ferreira\" target=\"_blank\" rel=\"noreferrer noopener\">Morena Ferreira<\/a><\/strong>.<\/p>\r\n\r\n\r\n\r\n<p><a href=\"https:\/\/www.facebook.com\/TVCIUDADuy\/\" target=\"_blank\" rel=\"noreferrer noopener\">https:\/\/www.facebook.com\/TVCIUDADuy\/<\/a><br \/><a href=\"https:\/\/twitter.com\/miramontevideo\" target=\"_blank\" rel=\"noreferrer noopener\">@miramontevideo<\/a><br \/><a href=\"https:\/\/instagram.com\/tvciudad\" target=\"_blank\" rel=\"noreferrer noopener\">https:\/\/instagram.com\/tvciudad<\/a><\/p>\r\n\r\n\r\n\r\n<p>&nbsp;<\/p>\r\n","protected":false},"excerpt":{"rendered":"<p>Comparto mi participaci\u00f3n en el programa Mir\u00e1 Montevideo, de TV Ciudad, en donde estuve dialogando respecto de las brechas educativas que se han acentuado con la pandemia, en el contexto de problemas estructurales que presenta nuestro campo educativo desde hace varias d\u00e9cadas. Un tema que nos convoca a todos, sin excepci\u00f3n alguna. Mir\u00e1 Montevideo Programa [&hellip;]<\/p>\n","protected":false},"author":9,"featured_media":71270,"comment_status":"closed","ping_status":"closed","sticky":false,"template":"","format":"video","meta":{"om_disable_all_campaigns":false,"ngg_post_thumbnail":0,"jnews-multi-image_gallery":[],"jnews_single_post":{"subtitle":"","format":"video","video":"https:\/\/www.youtube.com\/watch?v=pjJjHAEA2OA","gallery":"","source_name":"","source_url":"","via_name":"","via_url":"","override_template":"0","override":[{"template":"1","single_blog_custom":"","parallax":"1","fullscreen":"1","layout":"right-sidebar","sidebar":"default-sidebar","second_sidebar":"default-sidebar","sticky_sidebar":"1","share_position":"top","share_float_style":"share-monocrhome","show_share_counter":"1","show_view_counter":"1","show_featured":"1","show_post_meta":"1","show_post_author":"1","show_post_author_image":"1","show_post_date":"1","post_date_format":"default","post_date_format_custom":"Y\/m\/d","show_post_category":"1","show_post_reading_time":"0","post_reading_time_wpm":"300","show_zoom_button":"0","zoom_button_out_step":"2","zoom_button_in_step":"3","show_post_tag":"1","show_prev_next_post":"1","show_popup_post":"1","number_popup_post":"1","show_author_box":"0","show_post_related":"0","show_inline_post_related":"0"}],"override_image_size":"0","image_override":[{"single_post_thumbnail_size":"crop-500","single_post_gallery_size":"crop-500"}],"trending_post":"0","trending_post_position":"meta","trending_post_label":"Trending","sponsored_post":"0","sponsored_post_label":"Sponsored by","sponsored_post_name":"","sponsored_post_url":"","sponsored_post_logo_enable":"0","sponsored_post_logo":"","sponsored_post_desc":""},"jnews_primary_category":{"id":""},"jnews_social_meta":{"fb_title":"","fb_description":"","fb_image":"","twitter_title":"","twitter_description":"","twitter_image":""},"jnews_override_counter":{"override_view_counter":"0","view_counter_number":"0","override_share_counter":"0","share_counter_number":"0","override_like_counter":"0","like_counter_number":"0","override_dislike_counter":"0","dislike_counter_number":"0"},"footnotes":""},"categories":[3384],"tags":[445,6798,14233,14234,8055,5665,2851],"class_list":["post-71266","post","type-post","status-publish","format-video","has-post-thumbnail","hentry","category-educacion","tag-educacion","tag-jorge-temponi","tag-mira-montevideo","tag-morena-ferreira","tag-noelia-campo","tag-pandemia","tag-tv-ciudad","post_format-post-format-video"],"yoast_head":"<!-- This site is optimized with the Yoast SEO plugin v27.5 - https:\/\/yoast.com\/product\/yoast-seo-wordpress\/ -->\n<title>Secuelas educativas de la pandemia - Cooltivarte Portal<\/title>\n<meta name=\"description\" content=\"Comparto mi participaci\u00f3n en el programa Mir\u00e1 Montevideo, de TV Ciudad, en donde estuve dialogando respecto de las brechas educativas que se han acentuado con la pandemia, en el contexto de problemas estructurales que presenta nuestro campo educativo desde hace varias d\u00e9cadas. Un tema que nos convoca a todos, sin excepci\u00f3n alguna.\" \/>\n<meta name=\"robots\" content=\"index, follow, max-snippet:-1, max-image-preview:large, max-video-preview:-1\" \/>\n<link rel=\"canonical\" href=\"https:\/\/cooltivarte.com\/portal\/secuelas-educativas-de-la-pandemia\/\" \/>\n<meta property=\"og:locale\" content=\"es_ES\" \/>\n<meta property=\"og:type\" content=\"article\" \/>\n<meta property=\"og:title\" content=\"Secuelas educativas de la pandemia\" \/>\n<meta property=\"og:description\" content=\"Comparto mi participaci\u00f3n en el programa Mir\u00e1 Montevideo, de TV Ciudad, en donde estuve dialogando respecto de las brechas educativas que se han acentuado con la pandemia, en el contexto de problemas estructurales que presenta nuestro campo educativo desde hace varias d\u00e9cadas. Un tema que nos convoca a todos, sin excepci\u00f3n alguna.\" \/>\n<meta property=\"og:url\" content=\"https:\/\/cooltivarte.com\/portal\/secuelas-educativas-de-la-pandemia\/\" \/>\n<meta property=\"og:site_name\" content=\"Cooltivarte Portal\" \/>\n<meta property=\"article:publisher\" content=\"https:\/\/www.facebook.com\/cooltivartecom\/\" \/>\n<meta property=\"article:author\" content=\"http:\/\/www.facebook.com\/pablorom777\" \/>\n<meta property=\"article:published_time\" content=\"2021-07-22T14:17:33+00:00\" \/>\n<meta property=\"article:modified_time\" content=\"2021-09-16T21:44:42+00:00\" \/>\n<meta property=\"og:image\" content=\"https:\/\/cooltivarte.com\/portal\/wp-content\/uploads\/2021\/07\/mira-montevideo-pablo-romero.jpg\" \/>\n\t<meta property=\"og:image:width\" content=\"850\" \/>\n\t<meta property=\"og:image:height\" content=\"449\" \/>\n\t<meta property=\"og:image:type\" content=\"image\/jpeg\" \/>\n<meta name=\"author\" content=\"Pablo Romero\" \/>\n<meta name=\"twitter:card\" content=\"summary_large_image\" \/>\n<meta name=\"twitter:title\" content=\"Secuelas educativas de la pandemia\" \/>\n<meta name=\"twitter:description\" content=\"Comparto mi participaci\u00f3n en el programa Mir\u00e1 Montevideo, de TV Ciudad, en donde estuve dialogando respecto de las brechas educativas que se han acentuado con la pandemia, en el contexto de problemas estructurales que presenta nuestro campo educativo desde hace varias d\u00e9cadas. Un tema que nos convoca a todos, sin excepci\u00f3n alguna.\" \/>\n<meta name=\"twitter:image\" content=\"https:\/\/cooltivarte.com\/portal\/wp-content\/uploads\/2021\/07\/mira-montevideo-pablo-romero.jpg\" \/>\n<meta name=\"twitter:creator\" content=\"@https:\/\/twitter.com\/Pabloromero74\" \/>\n<meta name=\"twitter:site\" content=\"@obolocultural\" \/>\n<meta name=\"twitter:label1\" content=\"Escrito por\" \/>\n\t<meta name=\"twitter:data1\" content=\"Pablo Romero\" \/>\n\t<meta name=\"twitter:label2\" content=\"Tiempo de lectura\" \/>\n\t<meta name=\"twitter:data2\" content=\"1 minuto\" \/>\n<!-- \/ Yoast SEO plugin. -->","yoast_head_json":{"title":"Secuelas educativas de la pandemia - Cooltivarte Portal","description":"Comparto mi participaci\u00f3n en el programa Mir\u00e1 Montevideo, de TV Ciudad, en donde estuve dialogando respecto de las brechas educativas que se han acentuado con la pandemia, en el contexto de problemas estructurales que presenta nuestro campo educativo desde hace varias d\u00e9cadas. Un tema que nos convoca a todos, sin excepci\u00f3n alguna.","robots":{"index":"index","follow":"follow","max-snippet":"max-snippet:-1","max-image-preview":"max-image-preview:large","max-video-preview":"max-video-preview:-1"},"canonical":"https:\/\/cooltivarte.com\/portal\/secuelas-educativas-de-la-pandemia\/","og_locale":"es_ES","og_type":"article","og_title":"Secuelas educativas de la pandemia","og_description":"Comparto mi participaci\u00f3n en el programa Mir\u00e1 Montevideo, de TV Ciudad, en donde estuve dialogando respecto de las brechas educativas que se han acentuado con la pandemia, en el contexto de problemas estructurales que presenta nuestro campo educativo desde hace varias d\u00e9cadas. Un tema que nos convoca a todos, sin excepci\u00f3n alguna.","og_url":"https:\/\/cooltivarte.com\/portal\/secuelas-educativas-de-la-pandemia\/","og_site_name":"Cooltivarte Portal","article_publisher":"https:\/\/www.facebook.com\/cooltivartecom\/","article_author":"http:\/\/www.facebook.com\/pablorom777","article_published_time":"2021-07-22T14:17:33+00:00","article_modified_time":"2021-09-16T21:44:42+00:00","og_image":[{"width":850,"height":449,"url":"https:\/\/cooltivarte.com\/portal\/wp-content\/uploads\/2021\/07\/mira-montevideo-pablo-romero.jpg","type":"image\/jpeg"}],"author":"Pablo Romero","twitter_card":"summary_large_image","twitter_title":"Secuelas educativas de la pandemia","twitter_description":"Comparto mi participaci\u00f3n en el programa Mir\u00e1 Montevideo, de TV Ciudad, en donde estuve dialogando respecto de las brechas educativas que se han acentuado con la pandemia, en el contexto de problemas estructurales que presenta nuestro campo educativo desde hace varias d\u00e9cadas. Un tema que nos convoca a todos, sin excepci\u00f3n alguna.","twitter_image":"https:\/\/cooltivarte.com\/portal\/wp-content\/uploads\/2021\/07\/mira-montevideo-pablo-romero.jpg","twitter_creator":"@https:\/\/twitter.com\/Pabloromero74","twitter_site":"@obolocultural","twitter_misc":{"Escrito por":"Pablo Romero","Tiempo de lectura":"1 minuto"},"schema":{"@context":"https:\/\/schema.org","@graph":[{"@type":"NewsArticle","@id":"https:\/\/cooltivarte.com\/portal\/secuelas-educativas-de-la-pandemia\/#article","isPartOf":{"@id":"https:\/\/cooltivarte.com\/portal\/secuelas-educativas-de-la-pandemia\/"},"author":{"name":"Pablo Romero","@id":"https:\/\/cooltivarte.com\/portal\/#\/schema\/person\/4142f96deaf5a27e4da3000f2d909698"},"headline":"Secuelas educativas de la pandemia","datePublished":"2021-07-22T14:17:33+00:00","dateModified":"2021-09-16T21:44:42+00:00","mainEntityOfPage":{"@id":"https:\/\/cooltivarte.com\/portal\/secuelas-educativas-de-la-pandemia\/"},"wordCount":124,"publisher":{"@id":"https:\/\/cooltivarte.com\/portal\/#organization"},"image":{"@id":"https:\/\/cooltivarte.com\/portal\/secuelas-educativas-de-la-pandemia\/#primaryimage"},"thumbnailUrl":"https:\/\/cooltivarte.com\/portal\/wp-content\/uploads\/2021\/07\/mira-montevideo-pablo-romero.jpg","keywords":["Educaci\u00f3n","Jorge Temponi","Mir\u00e1 Montevideo","Morena Ferreira","Noelia Campo","Pandemia","tv ciudad"],"articleSection":["Educaci\u00f3n"],"inLanguage":"es-AR"},{"@type":"WebPage","@id":"https:\/\/cooltivarte.com\/portal\/secuelas-educativas-de-la-pandemia\/","url":"https:\/\/cooltivarte.com\/portal\/secuelas-educativas-de-la-pandemia\/","name":"Secuelas educativas de la pandemia - Cooltivarte Portal","isPartOf":{"@id":"https:\/\/cooltivarte.com\/portal\/#website"},"primaryImageOfPage":{"@id":"https:\/\/cooltivarte.com\/portal\/secuelas-educativas-de-la-pandemia\/#primaryimage"},"image":{"@id":"https:\/\/cooltivarte.com\/portal\/secuelas-educativas-de-la-pandemia\/#primaryimage"},"thumbnailUrl":"https:\/\/cooltivarte.com\/portal\/wp-content\/uploads\/2021\/07\/mira-montevideo-pablo-romero.jpg","datePublished":"2021-07-22T14:17:33+00:00","dateModified":"2021-09-16T21:44:42+00:00","description":"Comparto mi participaci\u00f3n en el programa Mir\u00e1 Montevideo, de TV Ciudad, en donde estuve dialogando respecto de las brechas educativas que se han acentuado con la pandemia, en el contexto de problemas estructurales que presenta nuestro campo educativo desde hace varias d\u00e9cadas. Un tema que nos convoca a todos, sin excepci\u00f3n alguna.","breadcrumb":{"@id":"https:\/\/cooltivarte.com\/portal\/secuelas-educativas-de-la-pandemia\/#breadcrumb"},"inLanguage":"es-AR","potentialAction":[{"@type":"ReadAction","target":["https:\/\/cooltivarte.com\/portal\/secuelas-educativas-de-la-pandemia\/"]}]},{"@type":"ImageObject","inLanguage":"es-AR","@id":"https:\/\/cooltivarte.com\/portal\/secuelas-educativas-de-la-pandemia\/#primaryimage","url":"https:\/\/cooltivarte.com\/portal\/wp-content\/uploads\/2021\/07\/mira-montevideo-pablo-romero.jpg","contentUrl":"https:\/\/cooltivarte.com\/portal\/wp-content\/uploads\/2021\/07\/mira-montevideo-pablo-romero.jpg","width":850,"height":449,"caption":"mir\u00e1 montevideo tv ciudad pablo romero"},{"@type":"BreadcrumbList","@id":"https:\/\/cooltivarte.com\/portal\/secuelas-educativas-de-la-pandemia\/#breadcrumb","itemListElement":[{"@type":"ListItem","position":1,"name":"Portada","item":"https:\/\/cooltivarte.com\/portal\/"},{"@type":"ListItem","position":2,"name":"Secuelas educativas de la pandemia"}]},{"@type":"WebSite","@id":"https:\/\/cooltivarte.com\/portal\/#website","url":"https:\/\/cooltivarte.com\/portal\/","name":"Cooltivarte Portal","description":"Arte, cultura y turismo para el mundo ...","publisher":{"@id":"https:\/\/cooltivarte.com\/portal\/#organization"},"potentialAction":[{"@type":"SearchAction","target":{"@type":"EntryPoint","urlTemplate":"https:\/\/cooltivarte.com\/portal\/?s={search_term_string}"},"query-input":{"@type":"PropertyValueSpecification","valueRequired":true,"valueName":"search_term_string"}}],"inLanguage":"es-AR"},{"@type":"Organization","@id":"https:\/\/cooltivarte.com\/portal\/#organization","name":"cooltivarte","url":"https:\/\/cooltivarte.com\/portal\/","logo":{"@type":"ImageObject","inLanguage":"es-AR","@id":"https:\/\/cooltivarte.com\/portal\/#\/schema\/logo\/image\/","url":"https:\/\/cooltivarte.com\/portal\/wp-content\/uploads\/2020\/04\/logo-cooltivarte-v2.png","contentUrl":"https:\/\/cooltivarte.com\/portal\/wp-content\/uploads\/2020\/04\/logo-cooltivarte-v2.png","width":851,"height":243,"caption":"cooltivarte"},"image":{"@id":"https:\/\/cooltivarte.com\/portal\/#\/schema\/logo\/image\/"},"sameAs":["https:\/\/www.facebook.com\/cooltivartecom\/","https:\/\/x.com\/obolocultural","https:\/\/www.instagram.com\/_cooltivarte_\/","https:\/\/www.linkedin.com\/company\/-bolocultural?reportsuccess=8zaNG1HwhPbAR9iQhZ5rfGeqz_vQFftHun0ZWU0Wy9vNemRJ8vtcKdJvzQfW8XagyOJSKg0XvfJ1dp","https:\/\/www.pinterest.com\/cooltivarte\/","https:\/\/cooltivarte.tumblr.com\/","https:\/\/www.tiktok.com\/@cooltivarte","https:\/\/www.youtube.com\/@PrensaCooltivarte"]},{"@type":"Person","@id":"https:\/\/cooltivarte.com\/portal\/#\/schema\/person\/4142f96deaf5a27e4da3000f2d909698","name":"Pablo Romero","image":{"@type":"ImageObject","inLanguage":"es-AR","@id":"https:\/\/cooltivarte.com\/portal\/wp-content\/uploads\/2014\/05\/pablo-romero-120x120.jpg","url":"https:\/\/cooltivarte.com\/portal\/wp-content\/uploads\/2014\/05\/pablo-romero-120x120.jpg","contentUrl":"https:\/\/cooltivarte.com\/portal\/wp-content\/uploads\/2014\/05\/pablo-romero-120x120.jpg","caption":"Pablo Romero"},"description":"Profesor de Filosof\u00eda (egresado del IPA) y posgraduado como Especialista en Pol\u00edtica y Gesti\u00f3n de la Educaci\u00f3n, es docente de \u00c9tica en Universidad CLAEH y de Filosof\u00eda en educaci\u00f3n secundaria. Autor de \"Sobre el sentido de educar\" (Ediciones B-Penguin Random House, 2021) y coautor de obras sobre el campo de la filosof\u00eda de la educaci\u00f3n, es expositor a nivel nacional e internacional sobre temas educativos. Se ha desempe\u00f1ado como docente de Argumentaci\u00f3n en la Universidad Cat\u00f3lica y realizado ciclos de columnas de filosof\u00eda en radio El Espectador y en el canal televisivo TV Ciudad.","sameAs":["http:\/\/pabloromero7.blogspot.com\/","http:\/\/www.facebook.com\/pablorom777","https:\/\/www.instagram.com\/pabloromero1974\/","https:\/\/www.linkedin.com\/in\/pablo-romero-garca-7b82989b\/","https:\/\/www.pinterest.com\/cooltivarte\/","https:\/\/x.com\/https:\/\/twitter.com\/Pabloromero74","https:\/\/www.youtube.com\/@PrensaCooltivarte","https:\/\/cooltivarte.tumblr.com\/"],"url":"https:\/\/cooltivarte.com\/portal\/author\/romero\/"}]}},"_links":{"self":[{"href":"https:\/\/cooltivarte.com\/portal\/wp-json\/wp\/v2\/posts\/71266","targetHints":{"allow":["GET"]}}],"collection":[{"href":"https:\/\/cooltivarte.com\/portal\/wp-json\/wp\/v2\/posts"}],"about":[{"href":"https:\/\/cooltivarte.com\/portal\/wp-json\/wp\/v2\/types\/post"}],"author":[{"embeddable":true,"href":"https:\/\/cooltivarte.com\/portal\/wp-json\/wp\/v2\/users\/9"}],"replies":[{"embeddable":true,"href":"https:\/\/cooltivarte.com\/portal\/wp-json\/wp\/v2\/comments?post=71266"}],"version-history":[{"count":2,"href":"https:\/\/cooltivarte.com\/portal\/wp-json\/wp\/v2\/posts\/71266\/revisions"}],"predecessor-version":[{"id":73723,"href":"https:\/\/cooltivarte.com\/portal\/wp-json\/wp\/v2\/posts\/71266\/revisions\/73723"}],"wp:featuredmedia":[{"embeddable":true,"href":"https:\/\/cooltivarte.com\/portal\/wp-json\/wp\/v2\/media\/71270"}],"wp:attachment":[{"href":"https:\/\/cooltivarte.com\/portal\/wp-json\/wp\/v2\/media?parent=71266"}],"wp:term":[{"taxonomy":"category","embeddable":true,"href":"https:\/\/cooltivarte.com\/portal\/wp-json\/wp\/v2\/categories?post=71266"},{"taxonomy":"post_tag","embeddable":true,"href":"https:\/\/cooltivarte.com\/portal\/wp-json\/wp\/v2\/tags?post=71266"}],"curies":[{"name":"wp","href":"https:\/\/api.w.org\/{rel}","templated":true}]}}