{"id":71109,"date":"2021-07-15T15:39:47","date_gmt":"2021-07-15T18:39:47","guid":{"rendered":"https:\/\/cooltivarte.com\/portal\/?p=71109"},"modified":"2021-11-16T20:16:39","modified_gmt":"2021-11-16T23:16:39","slug":"siete-claves-de-actualidad-los-motivos-de-rodo","status":"publish","type":"post","link":"https:\/\/cooltivarte.com\/portal\/siete-claves-de-actualidad-los-motivos-de-rodo\/","title":{"rendered":"Siete claves de actualidad &#8211; Los motivos de Rod\u00f3"},"content":{"rendered":"\r\n<p>Convocado por el <strong>Departamento de Cultura de la Intendencia de R\u00edo Negro<\/strong>, en el marco del 150 aniversario del nacimiento de <a href=\"https:\/\/cooltivarte.com\/portal\/?s=Jos%C3%A9+Enrique+Rod%C3%B3\" target=\"_blank\" rel=\"noreferrer noopener\"><strong>Jos\u00e9 Enrique Rod\u00f3<\/strong><\/a>, mi exposici\u00f3n titulada &#8220;<strong><a href=\"https:\/\/cooltivarte.com\/portal\/los-motivos-de-rodo-siete-claves-de-actualidad\/\" target=\"_blank\" rel=\"noreferrer noopener\">Los Motivos de Rod\u00f3. Siete claves de actualidad<\/a><\/strong>&#8220;, en donde coloco en escena algunos de los principales puntos de la vigencia rodoniana, el pensamiento de un autor vital para este siglo XXI.<\/p>\r\n\r\n\r\n\r\n<p>&nbsp;<\/p>\r\n\r\n\r\n\r\n<p>&nbsp;<\/p>\r\n","protected":false},"excerpt":{"rendered":"<p>Convocado por el Departamento de Cultura de la Intendencia de R\u00edo Negro, en el marco del 150 aniversario del nacimiento de Jos\u00e9 Enrique Rod\u00f3, mi exposici\u00f3n titulada &#8220;Los Motivos de Rod\u00f3. Siete claves de actualidad&#8220;, en donde coloco en escena algunos de los principales puntos de la vigencia rodoniana, el pensamiento de un autor vital [&hellip;]<\/p>\n","protected":false},"author":9,"featured_media":71111,"comment_status":"closed","ping_status":"closed","sticky":false,"template":"","format":"video","meta":{"om_disable_all_campaigns":false,"ngg_post_thumbnail":0,"jnews-multi-image_gallery":[],"jnews_single_post":{"subtitle":"","format":"video","video":"https:\/\/youtu.be\/Oe-FMvlxW6c","gallery":"","source_name":"","source_url":"","via_name":"","via_url":"","override_template":"0","override":[{"template":"1","single_blog_custom":"","parallax":"1","fullscreen":"1","layout":"right-sidebar","sidebar":"default-sidebar","second_sidebar":"default-sidebar","sticky_sidebar":"1","share_position":"top","share_float_style":"share-monocrhome","show_share_counter":"1","show_view_counter":"1","show_featured":"1","show_post_meta":"1","show_post_author":"1","show_post_author_image":"1","show_post_date":"1","post_date_format":"default","post_date_format_custom":"Y\/m\/d","show_post_category":"1","show_post_reading_time":"0","post_reading_time_wpm":"300","show_zoom_button":"0","zoom_button_out_step":"2","zoom_button_in_step":"3","show_post_tag":"1","show_prev_next_post":"1","show_popup_post":"1","number_popup_post":"1","show_author_box":"0","show_post_related":"0","show_inline_post_related":"0"}],"override_image_size":"0","image_override":[{"single_post_thumbnail_size":"crop-500","single_post_gallery_size":"crop-500"}],"trending_post":"0","trending_post_position":"meta","trending_post_label":"Trending","sponsored_post":"0","sponsored_post_label":"Sponsored by","sponsored_post_name":"","sponsored_post_url":"","sponsored_post_logo_enable":"0","sponsored_post_logo":"","sponsored_post_desc":""},"jnews_primary_category":{"id":""},"jnews_social_meta":{"fb_title":"","fb_description":"","fb_image":"","twitter_title":"","twitter_description":"","twitter_image":""},"jnews_override_counter":{"override_view_counter":"0","view_counter_number":"0","override_share_counter":"0","share_counter_number":"0","override_like_counter":"0","like_counter_number":"0","override_dislike_counter":"0","dislike_counter_number":"0"},"footnotes":""},"categories":[11531],"tags":[2613,445,14158,13107,13907],"class_list":["post-71109","post","type-post","status-publish","format-video","has-post-thumbnail","hentry","category-live","tag-departamento-de-cultura","tag-educacion","tag-intendencia-de-rio-negro","tag-jose-enrique-rodo","tag-rodo","post_format-post-format-video"],"yoast_head":"<!-- This site is optimized with the Yoast SEO plugin v27.5 - https:\/\/yoast.com\/product\/yoast-seo-wordpress\/ -->\n<title>Siete claves de actualidad - Los motivos de Rod\u00f3 - Cooltivarte Portal<\/title>\n<meta name=\"description\" content=\"Convocado por el Departamento de Cultura de la Intendencia de R\u00edo Negro, en el marco del 150 aniversario del nacimiento de Jos\u00e9 Enrique Rod\u00f3, mi exposici\u00f3n titulada &quot;Los Motivos de Rod\u00f3. Siete claves de actualidad&quot;, en donde coloco en escena algunos de los principales puntos de la vigencia rodoniana, el pensamiento de un autor vital para este siglo XXI.\" \/>\n<meta name=\"robots\" content=\"index, follow, max-snippet:-1, max-image-preview:large, max-video-preview:-1\" \/>\n<link rel=\"canonical\" href=\"https:\/\/cooltivarte.com\/portal\/siete-claves-de-actualidad-los-motivos-de-rodo\/\" \/>\n<meta property=\"og:locale\" content=\"es_ES\" \/>\n<meta property=\"og:type\" content=\"article\" \/>\n<meta property=\"og:title\" content=\"Siete claves de actualidad - Los motivos de Rod\u00f3\" \/>\n<meta property=\"og:description\" content=\"Convocado por el Departamento de Cultura de la Intendencia de R\u00edo Negro, en el marco del 150 aniversario del nacimiento de Jos\u00e9 Enrique Rod\u00f3, mi exposici\u00f3n titulada &quot;Los Motivos de Rod\u00f3. Siete claves de actualidad&quot;, en donde coloco en escena algunos de los principales puntos de la vigencia rodoniana, el pensamiento de un autor vital para este siglo XXI.\" \/>\n<meta property=\"og:url\" content=\"https:\/\/cooltivarte.com\/portal\/siete-claves-de-actualidad-los-motivos-de-rodo\/\" \/>\n<meta property=\"og:site_name\" content=\"Cooltivarte Portal\" \/>\n<meta property=\"article:publisher\" content=\"https:\/\/www.facebook.com\/cooltivartecom\/\" \/>\n<meta property=\"article:author\" content=\"http:\/\/www.facebook.com\/pablorom777\" \/>\n<meta property=\"article:published_time\" content=\"2021-07-15T18:39:47+00:00\" \/>\n<meta property=\"article:modified_time\" content=\"2021-11-16T23:16:39+00:00\" \/>\n<meta property=\"og:image\" content=\"https:\/\/cooltivarte.com\/portal\/wp-content\/uploads\/2021\/07\/hqdefault-35.jpg\" \/>\n\t<meta property=\"og:image:width\" content=\"480\" \/>\n\t<meta property=\"og:image:height\" content=\"360\" \/>\n\t<meta property=\"og:image:type\" content=\"image\/jpeg\" \/>\n<meta name=\"author\" content=\"Pablo Romero\" \/>\n<meta name=\"twitter:card\" content=\"summary_large_image\" \/>\n<meta name=\"twitter:title\" content=\"Siete claves de actualidad - Los motivos de Rod\u00f3\" \/>\n<meta name=\"twitter:description\" content=\"Convocado por el Departamento de Cultura de la Intendencia de R\u00edo Negro, en el marco del 150 aniversario del nacimiento de Jos\u00e9 Enrique Rod\u00f3, mi exposici\u00f3n titulada &quot;Los Motivos de Rod\u00f3. Siete claves de actualidad&quot;, en donde coloco en escena algunos de los principales puntos de la vigencia rodoniana, el pensamiento de un autor vital para este siglo XXI.\" \/>\n<meta name=\"twitter:image\" content=\"https:\/\/cooltivarte.com\/portal\/wp-content\/uploads\/2021\/07\/hqdefault-35.jpg\" \/>\n<meta name=\"twitter:creator\" content=\"@https:\/\/twitter.com\/Pabloromero74\" \/>\n<meta name=\"twitter:site\" content=\"@obolocultural\" \/>\n<meta name=\"twitter:label1\" content=\"Escrito por\" \/>\n\t<meta name=\"twitter:data1\" content=\"Pablo Romero\" \/>\n\t<meta name=\"twitter:label2\" content=\"Tiempo de lectura\" \/>\n\t<meta name=\"twitter:data2\" content=\"1 minuto\" \/>\n<!-- \/ Yoast SEO plugin. -->","yoast_head_json":{"title":"Siete claves de actualidad - Los motivos de Rod\u00f3 - Cooltivarte Portal","description":"Convocado por el Departamento de Cultura de la Intendencia de R\u00edo Negro, en el marco del 150 aniversario del nacimiento de Jos\u00e9 Enrique Rod\u00f3, mi exposici\u00f3n titulada \"Los Motivos de Rod\u00f3. Siete claves de actualidad\", en donde coloco en escena algunos de los principales puntos de la vigencia rodoniana, el pensamiento de un autor vital para este siglo XXI.","robots":{"index":"index","follow":"follow","max-snippet":"max-snippet:-1","max-image-preview":"max-image-preview:large","max-video-preview":"max-video-preview:-1"},"canonical":"https:\/\/cooltivarte.com\/portal\/siete-claves-de-actualidad-los-motivos-de-rodo\/","og_locale":"es_ES","og_type":"article","og_title":"Siete claves de actualidad - Los motivos de Rod\u00f3","og_description":"Convocado por el Departamento de Cultura de la Intendencia de R\u00edo Negro, en el marco del 150 aniversario del nacimiento de Jos\u00e9 Enrique Rod\u00f3, mi exposici\u00f3n titulada \"Los Motivos de Rod\u00f3. Siete claves de actualidad\", en donde coloco en escena algunos de los principales puntos de la vigencia rodoniana, el pensamiento de un autor vital para este siglo XXI.","og_url":"https:\/\/cooltivarte.com\/portal\/siete-claves-de-actualidad-los-motivos-de-rodo\/","og_site_name":"Cooltivarte Portal","article_publisher":"https:\/\/www.facebook.com\/cooltivartecom\/","article_author":"http:\/\/www.facebook.com\/pablorom777","article_published_time":"2021-07-15T18:39:47+00:00","article_modified_time":"2021-11-16T23:16:39+00:00","og_image":[{"width":480,"height":360,"url":"https:\/\/cooltivarte.com\/portal\/wp-content\/uploads\/2021\/07\/hqdefault-35.jpg","type":"image\/jpeg"}],"author":"Pablo Romero","twitter_card":"summary_large_image","twitter_title":"Siete claves de actualidad - Los motivos de Rod\u00f3","twitter_description":"Convocado por el Departamento de Cultura de la Intendencia de R\u00edo Negro, en el marco del 150 aniversario del nacimiento de Jos\u00e9 Enrique Rod\u00f3, mi exposici\u00f3n titulada \"Los Motivos de Rod\u00f3. Siete claves de actualidad\", en donde coloco en escena algunos de los principales puntos de la vigencia rodoniana, el pensamiento de un autor vital para este siglo XXI.","twitter_image":"https:\/\/cooltivarte.com\/portal\/wp-content\/uploads\/2021\/07\/hqdefault-35.jpg","twitter_creator":"@https:\/\/twitter.com\/Pabloromero74","twitter_site":"@obolocultural","twitter_misc":{"Escrito por":"Pablo Romero","Tiempo de lectura":"1 minuto"},"schema":{"@context":"https:\/\/schema.org","@graph":[{"@type":"NewsArticle","@id":"https:\/\/cooltivarte.com\/portal\/siete-claves-de-actualidad-los-motivos-de-rodo\/#article","isPartOf":{"@id":"https:\/\/cooltivarte.com\/portal\/siete-claves-de-actualidad-los-motivos-de-rodo\/"},"author":{"name":"Pablo Romero","@id":"https:\/\/cooltivarte.com\/portal\/#\/schema\/person\/4142f96deaf5a27e4da3000f2d909698"},"headline":"Siete claves de actualidad &#8211; Los motivos de Rod\u00f3","datePublished":"2021-07-15T18:39:47+00:00","dateModified":"2021-11-16T23:16:39+00:00","mainEntityOfPage":{"@id":"https:\/\/cooltivarte.com\/portal\/siete-claves-de-actualidad-los-motivos-de-rodo\/"},"wordCount":71,"publisher":{"@id":"https:\/\/cooltivarte.com\/portal\/#organization"},"image":{"@id":"https:\/\/cooltivarte.com\/portal\/siete-claves-de-actualidad-los-motivos-de-rodo\/#primaryimage"},"thumbnailUrl":"https:\/\/cooltivarte.com\/portal\/wp-content\/uploads\/2021\/07\/hqdefault-35.jpg","keywords":["Departamento de Cultura","Educaci\u00f3n","Intendencia de R\u00edo Negro","Jos\u00e9 Enrique Rod\u00f3","Rod\u00f3"],"articleSection":["Live"],"inLanguage":"es-AR"},{"@type":"WebPage","@id":"https:\/\/cooltivarte.com\/portal\/siete-claves-de-actualidad-los-motivos-de-rodo\/","url":"https:\/\/cooltivarte.com\/portal\/siete-claves-de-actualidad-los-motivos-de-rodo\/","name":"Siete claves de actualidad - Los motivos de Rod\u00f3 - Cooltivarte Portal","isPartOf":{"@id":"https:\/\/cooltivarte.com\/portal\/#website"},"primaryImageOfPage":{"@id":"https:\/\/cooltivarte.com\/portal\/siete-claves-de-actualidad-los-motivos-de-rodo\/#primaryimage"},"image":{"@id":"https:\/\/cooltivarte.com\/portal\/siete-claves-de-actualidad-los-motivos-de-rodo\/#primaryimage"},"thumbnailUrl":"https:\/\/cooltivarte.com\/portal\/wp-content\/uploads\/2021\/07\/hqdefault-35.jpg","datePublished":"2021-07-15T18:39:47+00:00","dateModified":"2021-11-16T23:16:39+00:00","description":"Convocado por el Departamento de Cultura de la Intendencia de R\u00edo Negro, en el marco del 150 aniversario del nacimiento de Jos\u00e9 Enrique Rod\u00f3, mi exposici\u00f3n titulada \"Los Motivos de Rod\u00f3. Siete claves de actualidad\", en donde coloco en escena algunos de los principales puntos de la vigencia rodoniana, el pensamiento de un autor vital para este siglo XXI.","breadcrumb":{"@id":"https:\/\/cooltivarte.com\/portal\/siete-claves-de-actualidad-los-motivos-de-rodo\/#breadcrumb"},"inLanguage":"es-AR","potentialAction":[{"@type":"ReadAction","target":["https:\/\/cooltivarte.com\/portal\/siete-claves-de-actualidad-los-motivos-de-rodo\/"]}]},{"@type":"ImageObject","inLanguage":"es-AR","@id":"https:\/\/cooltivarte.com\/portal\/siete-claves-de-actualidad-los-motivos-de-rodo\/#primaryimage","url":"https:\/\/cooltivarte.com\/portal\/wp-content\/uploads\/2021\/07\/hqdefault-35.jpg","contentUrl":"https:\/\/cooltivarte.com\/portal\/wp-content\/uploads\/2021\/07\/hqdefault-35.jpg","width":480,"height":360,"caption":"Jos\u00e9 Enrique Rod\u00f3, mi exposici\u00f3n titulada \"Los Motivos de Rod\u00f3. Siete claves de actualidad\""},{"@type":"BreadcrumbList","@id":"https:\/\/cooltivarte.com\/portal\/siete-claves-de-actualidad-los-motivos-de-rodo\/#breadcrumb","itemListElement":[{"@type":"ListItem","position":1,"name":"Portada","item":"https:\/\/cooltivarte.com\/portal\/"},{"@type":"ListItem","position":2,"name":"Siete claves de actualidad &#8211; Los motivos de Rod\u00f3"}]},{"@type":"WebSite","@id":"https:\/\/cooltivarte.com\/portal\/#website","url":"https:\/\/cooltivarte.com\/portal\/","name":"Cooltivarte Portal","description":"Arte, cultura y turismo para el mundo ...","publisher":{"@id":"https:\/\/cooltivarte.com\/portal\/#organization"},"potentialAction":[{"@type":"SearchAction","target":{"@type":"EntryPoint","urlTemplate":"https:\/\/cooltivarte.com\/portal\/?s={search_term_string}"},"query-input":{"@type":"PropertyValueSpecification","valueRequired":true,"valueName":"search_term_string"}}],"inLanguage":"es-AR"},{"@type":"Organization","@id":"https:\/\/cooltivarte.com\/portal\/#organization","name":"cooltivarte","url":"https:\/\/cooltivarte.com\/portal\/","logo":{"@type":"ImageObject","inLanguage":"es-AR","@id":"https:\/\/cooltivarte.com\/portal\/#\/schema\/logo\/image\/","url":"https:\/\/cooltivarte.com\/portal\/wp-content\/uploads\/2020\/04\/logo-cooltivarte-v2.png","contentUrl":"https:\/\/cooltivarte.com\/portal\/wp-content\/uploads\/2020\/04\/logo-cooltivarte-v2.png","width":851,"height":243,"caption":"cooltivarte"},"image":{"@id":"https:\/\/cooltivarte.com\/portal\/#\/schema\/logo\/image\/"},"sameAs":["https:\/\/www.facebook.com\/cooltivartecom\/","https:\/\/x.com\/obolocultural","https:\/\/www.instagram.com\/_cooltivarte_\/","https:\/\/www.linkedin.com\/company\/-bolocultural?reportsuccess=8zaNG1HwhPbAR9iQhZ5rfGeqz_vQFftHun0ZWU0Wy9vNemRJ8vtcKdJvzQfW8XagyOJSKg0XvfJ1dp","https:\/\/www.pinterest.com\/cooltivarte\/","https:\/\/cooltivarte.tumblr.com\/","https:\/\/www.tiktok.com\/@cooltivarte","https:\/\/www.youtube.com\/@PrensaCooltivarte"]},{"@type":"Person","@id":"https:\/\/cooltivarte.com\/portal\/#\/schema\/person\/4142f96deaf5a27e4da3000f2d909698","name":"Pablo Romero","image":{"@type":"ImageObject","inLanguage":"es-AR","@id":"https:\/\/cooltivarte.com\/portal\/wp-content\/uploads\/2014\/05\/pablo-romero-120x120.jpg","url":"https:\/\/cooltivarte.com\/portal\/wp-content\/uploads\/2014\/05\/pablo-romero-120x120.jpg","contentUrl":"https:\/\/cooltivarte.com\/portal\/wp-content\/uploads\/2014\/05\/pablo-romero-120x120.jpg","caption":"Pablo Romero"},"description":"Profesor de Filosof\u00eda (egresado del IPA) y posgraduado como Especialista en Pol\u00edtica y Gesti\u00f3n de la Educaci\u00f3n, es docente de \u00c9tica en Universidad CLAEH y de Filosof\u00eda en educaci\u00f3n secundaria. Autor de \"Sobre el sentido de educar\" (Ediciones B-Penguin Random House, 2021) y coautor de obras sobre el campo de la filosof\u00eda de la educaci\u00f3n, es expositor a nivel nacional e internacional sobre temas educativos. Se ha desempe\u00f1ado como docente de Argumentaci\u00f3n en la Universidad Cat\u00f3lica y realizado ciclos de columnas de filosof\u00eda en radio El Espectador y en el canal televisivo TV Ciudad.","sameAs":["http:\/\/pabloromero7.blogspot.com\/","http:\/\/www.facebook.com\/pablorom777","https:\/\/www.instagram.com\/pabloromero1974\/","https:\/\/www.linkedin.com\/in\/pablo-romero-garca-7b82989b\/","https:\/\/www.pinterest.com\/cooltivarte\/","https:\/\/x.com\/https:\/\/twitter.com\/Pabloromero74","https:\/\/www.youtube.com\/@PrensaCooltivarte","https:\/\/cooltivarte.tumblr.com\/"],"url":"https:\/\/cooltivarte.com\/portal\/author\/romero\/"}]}},"_links":{"self":[{"href":"https:\/\/cooltivarte.com\/portal\/wp-json\/wp\/v2\/posts\/71109","targetHints":{"allow":["GET"]}}],"collection":[{"href":"https:\/\/cooltivarte.com\/portal\/wp-json\/wp\/v2\/posts"}],"about":[{"href":"https:\/\/cooltivarte.com\/portal\/wp-json\/wp\/v2\/types\/post"}],"author":[{"embeddable":true,"href":"https:\/\/cooltivarte.com\/portal\/wp-json\/wp\/v2\/users\/9"}],"replies":[{"embeddable":true,"href":"https:\/\/cooltivarte.com\/portal\/wp-json\/wp\/v2\/comments?post=71109"}],"version-history":[{"count":2,"href":"https:\/\/cooltivarte.com\/portal\/wp-json\/wp\/v2\/posts\/71109\/revisions"}],"predecessor-version":[{"id":76159,"href":"https:\/\/cooltivarte.com\/portal\/wp-json\/wp\/v2\/posts\/71109\/revisions\/76159"}],"wp:featuredmedia":[{"embeddable":true,"href":"https:\/\/cooltivarte.com\/portal\/wp-json\/wp\/v2\/media\/71111"}],"wp:attachment":[{"href":"https:\/\/cooltivarte.com\/portal\/wp-json\/wp\/v2\/media?parent=71109"}],"wp:term":[{"taxonomy":"category","embeddable":true,"href":"https:\/\/cooltivarte.com\/portal\/wp-json\/wp\/v2\/categories?post=71109"},{"taxonomy":"post_tag","embeddable":true,"href":"https:\/\/cooltivarte.com\/portal\/wp-json\/wp\/v2\/tags?post=71109"}],"curies":[{"name":"wp","href":"https:\/\/api.w.org\/{rel}","templated":true}]}}