{"id":71098,"date":"2021-07-15T11:36:37","date_gmt":"2021-07-15T14:36:37","guid":{"rendered":"https:\/\/cooltivarte.com\/portal\/?p=71098"},"modified":"2021-07-15T11:37:24","modified_gmt":"2021-07-15T14:37:24","slug":"rodo-en-el-siglo-xxi-entrevista-a-pablo-romero-en-el-mural","status":"publish","type":"post","link":"https:\/\/cooltivarte.com\/portal\/rodo-en-el-siglo-xxi-entrevista-a-pablo-romero-en-el-mural\/","title":{"rendered":"Rod\u00f3 en el siglo XXI &#8211; Entrevista a Pablo Romero en El Mural"},"content":{"rendered":"\n<p><strong>Rod\u00f3 en el siglo XXI<\/strong><\/p>\n\n\n\n<p>Comparto entrevista que me realizaron en <strong><a href=\"https:\/\/radiouruguay.uy\/programas\/elmural\/\" target=\"_blank\" rel=\"noreferrer noopener\">El Mural<\/a><\/strong>, el programa de <strong>Luis Marcelo P\u00e9rez<\/strong> en Radio Uruguay, donde dialogamos sobre la obra de <a href=\"https:\/\/cooltivarte.com\/portal\/?s=Jos\u00e9+Enrique+Rod\u00f3\" target=\"_blank\" rel=\"noreferrer noopener\"><strong>Jos\u00e9 Enrique Rod\u00f3<\/strong><\/a>, a ra\u00edz del 150 aniversario de su nacimiento, colocando en escena algunos de los puntos de actualidad de un autor central del pensamiento uruguayo y latinoamericano.<br \/><br \/><br \/><\/p>\n\n\n\n<p><\/p>\n\n\n\n<iframe src=\"https:\/\/www.facebook.com\/plugins\/video.php?height=314&#038;href=https%3A%2F%2Fwww.facebook.com%2Fpabloromerogarcia74%2Fvideos%2F2920096811579822%2F&#038;show_text=false&#038;width=560&#038;t=0\" width=\"560\" height=\"314\" style=\"border:none;overflow:hidden\" scrolling=\"no\" frameborder=\"0\" allowfullscreen=\"true\" allow=\"autoplay; clipboard-write; encrypted-media; picture-in-picture; web-share\" allowFullScreen=\"true\"><\/iframe>\n\n\n\n<p><br \/><br \/><br \/><br \/><br \/><br \/><br \/><br \/><\/p>\n","protected":false},"excerpt":{"rendered":"<p>Rod\u00f3 en el siglo XXI Comparto entrevista que me realizaron en El Mural, el programa de Luis Marcelo P\u00e9rez en Radio Uruguay, donde dialogamos sobre la obra de Jos\u00e9 Enrique Rod\u00f3, a ra\u00edz del 150 aniversario de su nacimiento, colocando en escena algunos de los puntos de actualidad de un autor central del pensamiento uruguayo [&hellip;]<\/p>\n","protected":false},"author":9,"featured_media":71099,"comment_status":"closed","ping_status":"closed","sticky":false,"template":"","format":"standard","meta":{"om_disable_all_campaigns":false,"ngg_post_thumbnail":0,"jnews-multi-image_gallery":[],"jnews_single_post":[],"jnews_primary_category":[],"jnews_social_meta":[],"jnews_override_counter":[],"footnotes":""},"categories":[3384],"tags":[14154,14152,13107,14153,6754],"class_list":["post-71098","post","type-post","status-publish","format-standard","has-post-thumbnail","hentry","category-educacion","tag-150-aniversario","tag-el-mural","tag-jose-enrique-rodo","tag-luis-marcelo-perez","tag-radio-uruguay"],"yoast_head":"<!-- This site is optimized with the Yoast SEO plugin v27.5 - https:\/\/yoast.com\/product\/yoast-seo-wordpress\/ -->\n<title>Rod\u00f3 en el siglo XXI - Entrevista a Pablo Romero en El Mural - Cooltivarte Portal<\/title>\n<meta name=\"description\" content=\"Comparto entrevista que me realizaron en El Mural, el programa de Luis Marcelo P\u00e9rez en Radio Uruguay, donde dialogamos sobre la obra de Jos\u00e9 Enrique Rod\u00f3, a ra\u00edz del 150 aniversario de su nacimiento, colocando en escena algunos de los puntos de actualidad de un autor central del pensamiento uruguayo y latinoamericano\" \/>\n<meta name=\"robots\" content=\"index, follow, max-snippet:-1, max-image-preview:large, max-video-preview:-1\" \/>\n<link rel=\"canonical\" href=\"https:\/\/cooltivarte.com\/portal\/rodo-en-el-siglo-xxi-entrevista-a-pablo-romero-en-el-mural\/\" \/>\n<meta property=\"og:locale\" content=\"es_ES\" \/>\n<meta property=\"og:type\" content=\"article\" \/>\n<meta property=\"og:title\" content=\"Rod\u00f3 en el siglo XXI - Entrevista a Pablo Romero en El Mural\" \/>\n<meta property=\"og:description\" content=\"Comparto entrevista que me realizaron en El Mural, el programa de Luis Marcelo P\u00e9rez en Radio Uruguay, donde dialogamos sobre la obra de Jos\u00e9 Enrique Rod\u00f3, a ra\u00edz del 150 aniversario de su nacimiento, colocando en escena algunos de los puntos de actualidad de un autor central del pensamiento uruguayo y latinoamericano\" \/>\n<meta property=\"og:url\" content=\"https:\/\/cooltivarte.com\/portal\/rodo-en-el-siglo-xxi-entrevista-a-pablo-romero-en-el-mural\/\" \/>\n<meta property=\"og:site_name\" content=\"Cooltivarte Portal\" \/>\n<meta property=\"article:publisher\" content=\"https:\/\/www.facebook.com\/cooltivartecom\/\" \/>\n<meta property=\"article:author\" content=\"http:\/\/www.facebook.com\/pablorom777\" \/>\n<meta property=\"article:published_time\" content=\"2021-07-15T14:36:37+00:00\" \/>\n<meta property=\"article:modified_time\" content=\"2021-07-15T14:37:24+00:00\" \/>\n<meta property=\"og:image\" content=\"https:\/\/cooltivarte.com\/portal\/wp-content\/uploads\/2021\/07\/el-mural.jpg\" \/>\n\t<meta property=\"og:image:width\" content=\"600\" \/>\n\t<meta property=\"og:image:height\" content=\"350\" \/>\n\t<meta property=\"og:image:type\" content=\"image\/jpeg\" \/>\n<meta name=\"author\" content=\"Pablo Romero\" \/>\n<meta name=\"twitter:card\" content=\"summary_large_image\" \/>\n<meta name=\"twitter:title\" content=\"Rod\u00f3 en el siglo XXI - Entrevista a Pablo Romero en El Mural\" \/>\n<meta name=\"twitter:description\" content=\"Comparto entrevista que me realizaron en El Mural, el programa de Luis Marcelo P\u00e9rez en Radio Uruguay, donde dialogamos sobre la obra de Jos\u00e9 Enrique Rod\u00f3, a ra\u00edz del 150 aniversario de su nacimiento, colocando en escena algunos de los puntos de actualidad de un autor central del pensamiento uruguayo y latinoamericano\" \/>\n<meta name=\"twitter:image\" content=\"https:\/\/cooltivarte.com\/portal\/wp-content\/uploads\/2021\/07\/el-mural.jpg\" \/>\n<meta name=\"twitter:creator\" content=\"@https:\/\/twitter.com\/Pabloromero74\" \/>\n<meta name=\"twitter:site\" content=\"@obolocultural\" \/>\n<meta name=\"twitter:label1\" content=\"Escrito por\" \/>\n\t<meta name=\"twitter:data1\" content=\"Pablo Romero\" \/>\n\t<meta name=\"twitter:label2\" content=\"Tiempo de lectura\" \/>\n\t<meta name=\"twitter:data2\" content=\"1 minuto\" \/>\n<!-- \/ Yoast SEO plugin. -->","yoast_head_json":{"title":"Rod\u00f3 en el siglo XXI - Entrevista a Pablo Romero en El Mural - Cooltivarte Portal","description":"Comparto entrevista que me realizaron en El Mural, el programa de Luis Marcelo P\u00e9rez en Radio Uruguay, donde dialogamos sobre la obra de Jos\u00e9 Enrique Rod\u00f3, a ra\u00edz del 150 aniversario de su nacimiento, colocando en escena algunos de los puntos de actualidad de un autor central del pensamiento uruguayo y latinoamericano","robots":{"index":"index","follow":"follow","max-snippet":"max-snippet:-1","max-image-preview":"max-image-preview:large","max-video-preview":"max-video-preview:-1"},"canonical":"https:\/\/cooltivarte.com\/portal\/rodo-en-el-siglo-xxi-entrevista-a-pablo-romero-en-el-mural\/","og_locale":"es_ES","og_type":"article","og_title":"Rod\u00f3 en el siglo XXI - Entrevista a Pablo Romero en El Mural","og_description":"Comparto entrevista que me realizaron en El Mural, el programa de Luis Marcelo P\u00e9rez en Radio Uruguay, donde dialogamos sobre la obra de Jos\u00e9 Enrique Rod\u00f3, a ra\u00edz del 150 aniversario de su nacimiento, colocando en escena algunos de los puntos de actualidad de un autor central del pensamiento uruguayo y latinoamericano","og_url":"https:\/\/cooltivarte.com\/portal\/rodo-en-el-siglo-xxi-entrevista-a-pablo-romero-en-el-mural\/","og_site_name":"Cooltivarte Portal","article_publisher":"https:\/\/www.facebook.com\/cooltivartecom\/","article_author":"http:\/\/www.facebook.com\/pablorom777","article_published_time":"2021-07-15T14:36:37+00:00","article_modified_time":"2021-07-15T14:37:24+00:00","og_image":[{"width":600,"height":350,"url":"https:\/\/cooltivarte.com\/portal\/wp-content\/uploads\/2021\/07\/el-mural.jpg","type":"image\/jpeg"}],"author":"Pablo Romero","twitter_card":"summary_large_image","twitter_title":"Rod\u00f3 en el siglo XXI - Entrevista a Pablo Romero en El Mural","twitter_description":"Comparto entrevista que me realizaron en El Mural, el programa de Luis Marcelo P\u00e9rez en Radio Uruguay, donde dialogamos sobre la obra de Jos\u00e9 Enrique Rod\u00f3, a ra\u00edz del 150 aniversario de su nacimiento, colocando en escena algunos de los puntos de actualidad de un autor central del pensamiento uruguayo y latinoamericano","twitter_image":"https:\/\/cooltivarte.com\/portal\/wp-content\/uploads\/2021\/07\/el-mural.jpg","twitter_creator":"@https:\/\/twitter.com\/Pabloromero74","twitter_site":"@obolocultural","twitter_misc":{"Escrito por":"Pablo Romero","Tiempo de lectura":"1 minuto"},"schema":{"@context":"https:\/\/schema.org","@graph":[{"@type":"NewsArticle","@id":"https:\/\/cooltivarte.com\/portal\/rodo-en-el-siglo-xxi-entrevista-a-pablo-romero-en-el-mural\/#article","isPartOf":{"@id":"https:\/\/cooltivarte.com\/portal\/rodo-en-el-siglo-xxi-entrevista-a-pablo-romero-en-el-mural\/"},"author":{"name":"Pablo Romero","@id":"https:\/\/cooltivarte.com\/portal\/#\/schema\/person\/4142f96deaf5a27e4da3000f2d909698"},"headline":"Rod\u00f3 en el siglo XXI &#8211; Entrevista a Pablo Romero en El Mural","datePublished":"2021-07-15T14:36:37+00:00","dateModified":"2021-07-15T14:37:24+00:00","mainEntityOfPage":{"@id":"https:\/\/cooltivarte.com\/portal\/rodo-en-el-siglo-xxi-entrevista-a-pablo-romero-en-el-mural\/"},"wordCount":71,"publisher":{"@id":"https:\/\/cooltivarte.com\/portal\/#organization"},"image":{"@id":"https:\/\/cooltivarte.com\/portal\/rodo-en-el-siglo-xxi-entrevista-a-pablo-romero-en-el-mural\/#primaryimage"},"thumbnailUrl":"https:\/\/cooltivarte.com\/portal\/wp-content\/uploads\/2021\/07\/el-mural.jpg","keywords":["150 aniversario","El Mural","Jos\u00e9 Enrique Rod\u00f3","Luis Marcelo P\u00e9rez","Radio Uruguay"],"articleSection":["Educaci\u00f3n"],"inLanguage":"es-AR"},{"@type":"WebPage","@id":"https:\/\/cooltivarte.com\/portal\/rodo-en-el-siglo-xxi-entrevista-a-pablo-romero-en-el-mural\/","url":"https:\/\/cooltivarte.com\/portal\/rodo-en-el-siglo-xxi-entrevista-a-pablo-romero-en-el-mural\/","name":"Rod\u00f3 en el siglo XXI - Entrevista a Pablo Romero en El Mural - Cooltivarte Portal","isPartOf":{"@id":"https:\/\/cooltivarte.com\/portal\/#website"},"primaryImageOfPage":{"@id":"https:\/\/cooltivarte.com\/portal\/rodo-en-el-siglo-xxi-entrevista-a-pablo-romero-en-el-mural\/#primaryimage"},"image":{"@id":"https:\/\/cooltivarte.com\/portal\/rodo-en-el-siglo-xxi-entrevista-a-pablo-romero-en-el-mural\/#primaryimage"},"thumbnailUrl":"https:\/\/cooltivarte.com\/portal\/wp-content\/uploads\/2021\/07\/el-mural.jpg","datePublished":"2021-07-15T14:36:37+00:00","dateModified":"2021-07-15T14:37:24+00:00","description":"Comparto entrevista que me realizaron en El Mural, el programa de Luis Marcelo P\u00e9rez en Radio Uruguay, donde dialogamos sobre la obra de Jos\u00e9 Enrique Rod\u00f3, a ra\u00edz del 150 aniversario de su nacimiento, colocando en escena algunos de los puntos de actualidad de un autor central del pensamiento uruguayo y latinoamericano","breadcrumb":{"@id":"https:\/\/cooltivarte.com\/portal\/rodo-en-el-siglo-xxi-entrevista-a-pablo-romero-en-el-mural\/#breadcrumb"},"inLanguage":"es-AR","potentialAction":[{"@type":"ReadAction","target":["https:\/\/cooltivarte.com\/portal\/rodo-en-el-siglo-xxi-entrevista-a-pablo-romero-en-el-mural\/"]}]},{"@type":"ImageObject","inLanguage":"es-AR","@id":"https:\/\/cooltivarte.com\/portal\/rodo-en-el-siglo-xxi-entrevista-a-pablo-romero-en-el-mural\/#primaryimage","url":"https:\/\/cooltivarte.com\/portal\/wp-content\/uploads\/2021\/07\/el-mural.jpg","contentUrl":"https:\/\/cooltivarte.com\/portal\/wp-content\/uploads\/2021\/07\/el-mural.jpg","width":600,"height":350,"caption":"El Mural, el programa de Luis Marcelo P\u00e9rez en Radio Uruguay"},{"@type":"BreadcrumbList","@id":"https:\/\/cooltivarte.com\/portal\/rodo-en-el-siglo-xxi-entrevista-a-pablo-romero-en-el-mural\/#breadcrumb","itemListElement":[{"@type":"ListItem","position":1,"name":"Portada","item":"https:\/\/cooltivarte.com\/portal\/"},{"@type":"ListItem","position":2,"name":"Rod\u00f3 en el siglo XXI &#8211; Entrevista a Pablo Romero en El Mural"}]},{"@type":"WebSite","@id":"https:\/\/cooltivarte.com\/portal\/#website","url":"https:\/\/cooltivarte.com\/portal\/","name":"Cooltivarte Portal","description":"Arte, cultura y turismo para el mundo ...","publisher":{"@id":"https:\/\/cooltivarte.com\/portal\/#organization"},"potentialAction":[{"@type":"SearchAction","target":{"@type":"EntryPoint","urlTemplate":"https:\/\/cooltivarte.com\/portal\/?s={search_term_string}"},"query-input":{"@type":"PropertyValueSpecification","valueRequired":true,"valueName":"search_term_string"}}],"inLanguage":"es-AR"},{"@type":"Organization","@id":"https:\/\/cooltivarte.com\/portal\/#organization","name":"cooltivarte","url":"https:\/\/cooltivarte.com\/portal\/","logo":{"@type":"ImageObject","inLanguage":"es-AR","@id":"https:\/\/cooltivarte.com\/portal\/#\/schema\/logo\/image\/","url":"https:\/\/cooltivarte.com\/portal\/wp-content\/uploads\/2020\/04\/logo-cooltivarte-v2.png","contentUrl":"https:\/\/cooltivarte.com\/portal\/wp-content\/uploads\/2020\/04\/logo-cooltivarte-v2.png","width":851,"height":243,"caption":"cooltivarte"},"image":{"@id":"https:\/\/cooltivarte.com\/portal\/#\/schema\/logo\/image\/"},"sameAs":["https:\/\/www.facebook.com\/cooltivartecom\/","https:\/\/x.com\/obolocultural","https:\/\/www.instagram.com\/_cooltivarte_\/","https:\/\/www.linkedin.com\/company\/-bolocultural?reportsuccess=8zaNG1HwhPbAR9iQhZ5rfGeqz_vQFftHun0ZWU0Wy9vNemRJ8vtcKdJvzQfW8XagyOJSKg0XvfJ1dp","https:\/\/www.pinterest.com\/cooltivarte\/","https:\/\/cooltivarte.tumblr.com\/","https:\/\/www.tiktok.com\/@cooltivarte","https:\/\/www.youtube.com\/@PrensaCooltivarte"]},{"@type":"Person","@id":"https:\/\/cooltivarte.com\/portal\/#\/schema\/person\/4142f96deaf5a27e4da3000f2d909698","name":"Pablo Romero","image":{"@type":"ImageObject","inLanguage":"es-AR","@id":"https:\/\/cooltivarte.com\/portal\/wp-content\/uploads\/2014\/05\/pablo-romero-120x120.jpg","url":"https:\/\/cooltivarte.com\/portal\/wp-content\/uploads\/2014\/05\/pablo-romero-120x120.jpg","contentUrl":"https:\/\/cooltivarte.com\/portal\/wp-content\/uploads\/2014\/05\/pablo-romero-120x120.jpg","caption":"Pablo Romero"},"description":"Profesor de Filosof\u00eda (egresado del IPA) y posgraduado como Especialista en Pol\u00edtica y Gesti\u00f3n de la Educaci\u00f3n, es docente de \u00c9tica en Universidad CLAEH y de Filosof\u00eda en educaci\u00f3n secundaria. Autor de \"Sobre el sentido de educar\" (Ediciones B-Penguin Random House, 2021) y coautor de obras sobre el campo de la filosof\u00eda de la educaci\u00f3n, es expositor a nivel nacional e internacional sobre temas educativos. Se ha desempe\u00f1ado como docente de Argumentaci\u00f3n en la Universidad Cat\u00f3lica y realizado ciclos de columnas de filosof\u00eda en radio El Espectador y en el canal televisivo TV Ciudad.","sameAs":["http:\/\/pabloromero7.blogspot.com\/","http:\/\/www.facebook.com\/pablorom777","https:\/\/www.instagram.com\/pabloromero1974\/","https:\/\/www.linkedin.com\/in\/pablo-romero-garca-7b82989b\/","https:\/\/www.pinterest.com\/cooltivarte\/","https:\/\/x.com\/https:\/\/twitter.com\/Pabloromero74","https:\/\/www.youtube.com\/@PrensaCooltivarte","https:\/\/cooltivarte.tumblr.com\/"],"url":"https:\/\/cooltivarte.com\/portal\/author\/romero\/"}]}},"_links":{"self":[{"href":"https:\/\/cooltivarte.com\/portal\/wp-json\/wp\/v2\/posts\/71098","targetHints":{"allow":["GET"]}}],"collection":[{"href":"https:\/\/cooltivarte.com\/portal\/wp-json\/wp\/v2\/posts"}],"about":[{"href":"https:\/\/cooltivarte.com\/portal\/wp-json\/wp\/v2\/types\/post"}],"author":[{"embeddable":true,"href":"https:\/\/cooltivarte.com\/portal\/wp-json\/wp\/v2\/users\/9"}],"replies":[{"embeddable":true,"href":"https:\/\/cooltivarte.com\/portal\/wp-json\/wp\/v2\/comments?post=71098"}],"version-history":[{"count":3,"href":"https:\/\/cooltivarte.com\/portal\/wp-json\/wp\/v2\/posts\/71098\/revisions"}],"predecessor-version":[{"id":71103,"href":"https:\/\/cooltivarte.com\/portal\/wp-json\/wp\/v2\/posts\/71098\/revisions\/71103"}],"wp:featuredmedia":[{"embeddable":true,"href":"https:\/\/cooltivarte.com\/portal\/wp-json\/wp\/v2\/media\/71099"}],"wp:attachment":[{"href":"https:\/\/cooltivarte.com\/portal\/wp-json\/wp\/v2\/media?parent=71098"}],"wp:term":[{"taxonomy":"category","embeddable":true,"href":"https:\/\/cooltivarte.com\/portal\/wp-json\/wp\/v2\/categories?post=71098"},{"taxonomy":"post_tag","embeddable":true,"href":"https:\/\/cooltivarte.com\/portal\/wp-json\/wp\/v2\/tags?post=71098"}],"curies":[{"name":"wp","href":"https:\/\/api.w.org\/{rel}","templated":true}]}}