{"id":70869,"date":"2021-07-09T11:22:36","date_gmt":"2021-07-09T14:22:36","guid":{"rendered":"https:\/\/cooltivarte.com\/portal\/?p=70869"},"modified":"2024-04-26T20:50:10","modified_gmt":"2024-04-26T23:50:10","slug":"nicolas-klisich-pequenas-palabras","status":"publish","type":"post","link":"https:\/\/cooltivarte.com\/portal\/nicolas-klisich-pequenas-palabras\/","title":{"rendered":"Nicol\u00e1s Klisich &#8211; Peque\u00f1as palabras"},"content":{"rendered":"\r\n<h2 class=\"wp-block-heading\">Nuevo lanzamiento: \u2018<em>Peque\u00f1as palabras<\/em>\u2018 (2021) <a href=\"https:\/\/cooltivarte.com\/portal\/?s=Nicol\u00e1s+Klisich\" target=\"_blank\" rel=\"noreferrer noopener\">Nicol\u00e1s Klisich<\/a><\/h2>\r\n\r\n\r\n\r\n<p>Esta nueva colecci\u00f3n de canciones surgen en su mayor\u00eda en el marco de la colaboraci\u00f3n con el poeta y escritor <strong><a href=\"https:\/\/cooltivarte.com\/portal\/?s=Pablo+Galante\" target=\"_blank\" rel=\"noreferrer noopener\">Pablo Galante<\/a><\/strong>, con qui\u00e9n nos reunimos entre 2017 y 2019 para trabajar en la musicalizaci\u00f3n de poemas de Pablo, en la co-escritura de letras de canciones, inspiradas a partir de versos y\/o poemas de Pablo y\/o m\u00edos, y tambi\u00e9n en la mistura o fusi\u00f3n de versos, fragmentos y poemas de ambos autores.<\/p>\r\n\r\n\r\n\r\n<p>Finalmente integran este trabajo algunas canciones nuevas originales de Nicol\u00e1s seleccionadas junto a las anteriores por el equipo de producci\u00f3n del disco.<br \/><br \/><\/p>\r\n\r\n\r\n\r\n<p>&nbsp;<\/p>\r\n\r\n\r\n\r\n<p>Cantautor montevideano<br \/>Comienza su carrera solista en 2006 con el disco Por las ramas. Le siguen Sin prisa sin pausa (2010), Entrar en el juego (2015) y Peque\u00f1as palabras (2021).<br \/><br \/><\/p>\r\n\r\n\r\n\r\n<p>&nbsp;<\/p>\r\n\r\n\r\n\r\n<p>\u00ab Desde muy peque\u00f1o me fascin\u00f3 la m\u00fasica. En mi infancia escuchaba mucha radio, sobre todo folclore y canto popular, m\u00e1s o menos a los 10 a\u00f1os descubr\u00ed el LP \u201cRubber Soul\u201d, ah\u00ed me enganche definitivamente.<\/p>\r\n\r\n\r\n\r\n<p>A partir de la adolescencia comenc\u00e9 a tocar en bandas de covers, lo mas destacado de esta etapa fue mi participaci\u00f3n como bajista del tr\u00edo el\u00e9ctrico \u201cDe Bitters\u201d. Integrada adem\u00e1s por Javier Rasenti en bater\u00eda y Danilo Klisich en guitarra llegamos a participar del festival internacional \u201cSemana Beatle\u201d, organizado por el Cavern Club de Buenos Aires.<\/p>\r\n\r\n\r\n\r\n<p>Luego de unos a\u00f1os de relativamente poca actividad en lo musical, en el a\u00f1o 2000 decido retomar los estudios de guitarra y armon\u00eda con mi t\u00edo Esteban Klisich, hecho que me cambi\u00f3 la vida dado que empiezo a escribir mis primeras canciones \u00bb<br \/><br \/><\/p>\r\n\r\n\r\n\r\n<p>&nbsp;<\/p>\r\n\r\n\r\n\r\n<p><strong>Nicol\u00e1s Klisich \u00b7 Peque\u00f1as palabras<\/strong><br \/>Letra: <strong>Nicol\u00e1s Klisich &#8211; Pablo Galante \/ M\u00fasica: Nicol\u00e1s Klisich<\/strong><\/p>\r\n\r\n\r\n\r\n<p>M\u00fasicos participantes:<br \/><a href=\"https:\/\/cooltivarte.com\/portal\/?s=Nicol%C3%A1s+Klisich\" target=\"_blank\" rel=\"noreferrer noopener\"><strong>Nicol\u00e1s Klisich<\/strong><\/a>: voz, guitarras de nylon (armon\u00eda principal y solo)<br \/><strong><a href=\"https:\/\/cooltivarte.com\/portal\/?s=Valentina+Fonseca\" target=\"_blank\" rel=\"noreferrer noopener\">Valentina Fonseca<\/a><\/strong>: voz invitada<br \/><strong><a href=\"https:\/\/cooltivarte.com\/portal\/?s=Rodrigo+Acosta\" target=\"_blank\" rel=\"noreferrer noopener\">Rodrigo Acosta<\/a><\/strong>: guitarras de nylon (arreglo de acompa\u00f1amiento)<br \/><strong><a href=\"https:\/\/cooltivarte.com\/portal\/?s=Ignacio+Turell\" target=\"_blank\" rel=\"noreferrer noopener\">Ignacio Turell<\/a><\/strong>: guitarra de nylon (invitado)<br \/><strong><a href=\"https:\/\/cooltivarte.com\/portal\/?s=Andr\u00e9s+Pigatto\" target=\"_blank\" rel=\"noreferrer noopener\">Andr\u00e9s Pigatto<\/a><\/strong>: contrabajos (base y arreglo con arco)<br \/><strong><a href=\"https:\/\/cooltivarte.com\/portal\/?s=Andr\u00e9s+Bed\u00f3\" target=\"_blank\" rel=\"noreferrer noopener\">Andr\u00e9s Bed\u00f3<\/a><\/strong>: acorde\u00f3n<br \/><strong><a href=\"https:\/\/cooltivarte.com\/portal\/?s=Pablo+Meneses\" target=\"_blank\" rel=\"noreferrer noopener\">Pablo Meneses<\/a><\/strong>: bater\u00eda y percusi\u00f3n<\/p>\r\n\r\n\r\n\r\n<p>Realizaci\u00f3n de video: <strong>Pablo Meneses<\/strong><\/p>\r\n\r\n\r\n\r\n<p>Dise\u00f1o: <strong><a href=\"https:\/\/cooltivarte.com\/portal\/?s=Fernando+Foglino\" target=\"_blank\" rel=\"noreferrer noopener\">Fernando Foglino<\/a><\/strong><\/p>\r\n\r\n\r\n\r\n<p>Grabaci\u00f3n, edici\u00f3n y mezcla: <strong><a href=\"https:\/\/cooltivarte.com\/portal\/?s=Dami\u00e1n+Gularte\" target=\"_blank\" rel=\"noreferrer noopener\">Dami\u00e1n Gularte<\/a><\/strong><br \/>Masterizaci\u00f3n:<strong> <a href=\"https:\/\/cooltivarte.com\/portal\/?s=Elni\u00f1o+Quetocafuerte\" target=\"_blank\" rel=\"noreferrer noopener\">Elni\u00f1o Quetocafuerte<\/a><\/strong><\/p>\r\n\r\n\r\n\r\n<p>M\u00e1s informaci\u00f3n:<br \/><a href=\"http:\/\/www.nicolasklisich.wordpress.com\" target=\"_blank\" rel=\"noreferrer noopener\">www.nicolasklisich.wordpress.com<\/a><\/p>\r\n\r\n\r\n\r\n<p>&nbsp;<\/p>\r\n\r\n\r\n\r\n<div class=\"wp-block-embed__wrapper\">&nbsp;<\/div>\r\n<div>&nbsp;<\/div>\r\n<div>&nbsp;<\/div>\r\n<div>&nbsp;<\/div>\r\n\r\n\r\n\r\n<p><iframe src=\"https:\/\/open.spotify.com\/embed\/artist\/017CNoe8cOYkKeeDnpIfLC\" width=\"100%\" height=\"380\" frameborder=\"0\" allowfullscreen=\"allowfullscreen\"><\/iframe><\/p>\r\n<p>&nbsp;<\/p>\r\n","protected":false},"excerpt":{"rendered":"<p>Nuevo lanzamiento: \u2018Peque\u00f1as palabras\u2018 (2021) Nicol\u00e1s Klisich<\/p>\n<p>Esta nueva colecci\u00f3n de canciones surgen en su mayor\u00eda en el marco de la colaboraci\u00f3n con el poeta y escritor Pablo Galante, con qui\u00e9n nos reunimos entre 2017 y 2019 para trabajar en la musicalizaci\u00f3n de poemas de Pablo, en la co-escritura de letras de canciones, inspiradas a partir de versos y\/o poemas de Pablo y\/o m\u00edos, y tambi\u00e9n en la mistura o fusi\u00f3n de versos, fragmentos y poemas de ambos autores.<\/p>\n<p>Finalmente integran este trabajo algunas canciones nuevas originales de Nicol\u00e1s seleccionadas junto a las anteriores por el equipo de producci\u00f3n del disco.<\/p>\n","protected":false},"author":8,"featured_media":70870,"comment_status":"closed","ping_status":"closed","sticky":false,"template":"","format":"video","meta":{"om_disable_all_campaigns":false,"ngg_post_thumbnail":0,"jnews-multi-image_gallery":[],"jnews_single_post":{"subtitle":"","format":"video","video":"https:\/\/youtu.be\/izU2i3flhyo","gallery":"","source_name":"","source_url":"","via_name":"","via_url":"","override_template":"0","override":[{"template":"1","single_blog_custom":"","parallax":"1","fullscreen":"1","layout":"right-sidebar","sidebar":"default-sidebar","second_sidebar":"default-sidebar","sticky_sidebar":"1","share_position":"top","share_float_style":"share-monocrhome","show_share_counter":"1","show_view_counter":"1","show_featured":"1","show_post_meta":"1","show_post_author":"1","show_post_author_image":"1","show_post_date":"1","post_date_format":"default","post_date_format_custom":"Y\/m\/d","show_post_category":"1","show_post_reading_time":"0","post_reading_time_wpm":"300","show_zoom_button":"0","zoom_button_out_step":"2","zoom_button_in_step":"3","show_post_tag":"1","show_prev_next_post":"1","show_popup_post":"1","number_popup_post":"1","show_author_box":"0","show_post_related":"0","show_inline_post_related":"0"}],"override_image_size":"0","image_override":[{"single_post_thumbnail_size":"crop-500","single_post_gallery_size":"crop-500"}],"trending_post":"0","trending_post_position":"meta","trending_post_label":"Trending","sponsored_post":"0","sponsored_post_label":"Sponsored by","sponsored_post_name":"","sponsored_post_url":"","sponsored_post_logo_enable":"0","sponsored_post_logo":"","sponsored_post_desc":"","disable_ad":"0"},"jnews_primary_category":{"id":"","hide":""},"jnews_social_meta":{"fb_title":"","fb_description":"","fb_image":"","twitter_title":"","twitter_description":"","twitter_image":""},"jnews_override_counter":{"override_view_counter":"0","view_counter_number":"0","override_share_counter":"0","share_counter_number":"0","override_like_counter":"0","like_counter_number":"0","override_dislike_counter":"0","dislike_counter_number":"0"},"footnotes":""},"categories":[73],"tags":[339,2791,8502,14074],"class_list":["post-70869","post","type-post","status-publish","format-video","has-post-thumbnail","hentry","category-discos","tag-disco","tag-nicolas-klisich","tag-pablo-galante","tag-pequenas-palabras","post_format-post-format-video"],"yoast_head":"<!-- This site is optimized with the Yoast SEO plugin v27.5 - https:\/\/yoast.com\/product\/yoast-seo-wordpress\/ -->\n<title>Nicol\u00e1s Klisich - Peque\u00f1as palabras - Cooltivarte Portal<\/title>\n<meta name=\"description\" content=\"Esta nueva colecci\u00f3n de canciones surgen en su mayor\u00eda en el marco de la colaboraci\u00f3n con el poeta y escritor Pablo Galante, con qui\u00e9n nos reunimos entre 2017 y 2019 para trabajar en la musicalizaci\u00f3n de poemas de Pablo, en la co-escritura de letras de canciones, inspiradas a partir de versos y\/o poemas de Pablo y\/o m\u00edos, y tambi\u00e9n en la mistura o fusi\u00f3n de versos, fragmentos y poemas de ambos autores.\" \/>\n<meta name=\"robots\" content=\"index, follow, max-snippet:-1, max-image-preview:large, max-video-preview:-1\" \/>\n<link rel=\"canonical\" href=\"https:\/\/cooltivarte.com\/portal\/nicolas-klisich-pequenas-palabras\/\" \/>\n<meta property=\"og:locale\" content=\"es_ES\" \/>\n<meta property=\"og:type\" content=\"article\" \/>\n<meta property=\"og:title\" content=\"Nicol\u00e1s Klisich \u00b7 Peque\u00f1as palabras\" \/>\n<meta property=\"og:description\" content=\"Esta nueva colecci\u00f3n de canciones surgen en su mayor\u00eda en el marco de la colaboraci\u00f3n con el poeta y escritor Pablo Galante, con qui\u00e9n nos reunimos entre 2017 y 2019 para trabajar en la musicalizaci\u00f3n de poemas de Pablo, en la co-escritura de letras de canciones, inspiradas a partir de versos y\/o poemas de Pablo y\/o m\u00edos, y tambi\u00e9n en la mistura o fusi\u00f3n de versos, fragmentos y poemas de ambos autores.\" \/>\n<meta property=\"og:url\" content=\"https:\/\/cooltivarte.com\/portal\/nicolas-klisich-pequenas-palabras\/\" \/>\n<meta property=\"og:site_name\" content=\"Cooltivarte Portal\" \/>\n<meta property=\"article:publisher\" content=\"https:\/\/www.facebook.com\/cooltivartecom\/\" \/>\n<meta property=\"article:author\" content=\"https:\/\/www.facebook.com\/cooltivartecom\" \/>\n<meta property=\"article:published_time\" content=\"2021-07-09T14:22:36+00:00\" \/>\n<meta property=\"article:modified_time\" content=\"2024-04-26T23:50:10+00:00\" \/>\n<meta property=\"og:image\" content=\"https:\/\/cooltivarte.com\/portal\/wp-content\/uploads\/2021\/07\/Nicolas-Klisich-Pequenas-palabras-2021.jpg\" \/>\n\t<meta property=\"og:image:width\" content=\"960\" \/>\n\t<meta property=\"og:image:height\" content=\"852\" \/>\n\t<meta property=\"og:image:type\" content=\"image\/jpeg\" \/>\n<meta name=\"author\" content=\"Cooltivarte\" \/>\n<meta name=\"twitter:card\" content=\"summary_large_image\" \/>\n<meta name=\"twitter:title\" content=\"Nicol\u00e1s Klisich \u00b7 Peque\u00f1as palabras\" \/>\n<meta name=\"twitter:description\" content=\"Esta nueva colecci\u00f3n de canciones surgen en su mayor\u00eda en el marco de la colaboraci\u00f3n con el poeta y escritor Pablo Galante, con qui\u00e9n nos reunimos entre 2017 y 2019 para trabajar en la musicalizaci\u00f3n de poemas de Pablo, en la co-escritura de letras de canciones, inspiradas a partir de versos y\/o poemas de Pablo y\/o m\u00edos, y tambi\u00e9n en la mistura o fusi\u00f3n de versos, fragmentos y poemas de ambos autores.\" \/>\n<meta name=\"twitter:image\" content=\"https:\/\/cooltivarte.com\/portal\/wp-content\/uploads\/2021\/07\/Nicolas-Klisich-Pequenas-palabras-2021.jpg\" \/>\n<meta name=\"twitter:creator\" content=\"@https:\/\/x.com\/obolocultural\" \/>\n<meta name=\"twitter:site\" content=\"@obolocultural\" \/>\n<meta name=\"twitter:label1\" content=\"Escrito por\" \/>\n\t<meta name=\"twitter:data1\" content=\"Cooltivarte\" \/>\n\t<meta name=\"twitter:label2\" content=\"Tiempo de lectura\" \/>\n\t<meta name=\"twitter:data2\" content=\"2 minutos\" \/>\n<!-- \/ Yoast SEO plugin. -->","yoast_head_json":{"title":"Nicol\u00e1s Klisich - Peque\u00f1as palabras - Cooltivarte Portal","description":"Esta nueva colecci\u00f3n de canciones surgen en su mayor\u00eda en el marco de la colaboraci\u00f3n con el poeta y escritor Pablo Galante, con qui\u00e9n nos reunimos entre 2017 y 2019 para trabajar en la musicalizaci\u00f3n de poemas de Pablo, en la co-escritura de letras de canciones, inspiradas a partir de versos y\/o poemas de Pablo y\/o m\u00edos, y tambi\u00e9n en la mistura o fusi\u00f3n de versos, fragmentos y poemas de ambos autores.","robots":{"index":"index","follow":"follow","max-snippet":"max-snippet:-1","max-image-preview":"max-image-preview:large","max-video-preview":"max-video-preview:-1"},"canonical":"https:\/\/cooltivarte.com\/portal\/nicolas-klisich-pequenas-palabras\/","og_locale":"es_ES","og_type":"article","og_title":"Nicol\u00e1s Klisich \u00b7 Peque\u00f1as palabras","og_description":"Esta nueva colecci\u00f3n de canciones surgen en su mayor\u00eda en el marco de la colaboraci\u00f3n con el poeta y escritor Pablo Galante, con qui\u00e9n nos reunimos entre 2017 y 2019 para trabajar en la musicalizaci\u00f3n de poemas de Pablo, en la co-escritura de letras de canciones, inspiradas a partir de versos y\/o poemas de Pablo y\/o m\u00edos, y tambi\u00e9n en la mistura o fusi\u00f3n de versos, fragmentos y poemas de ambos autores.","og_url":"https:\/\/cooltivarte.com\/portal\/nicolas-klisich-pequenas-palabras\/","og_site_name":"Cooltivarte Portal","article_publisher":"https:\/\/www.facebook.com\/cooltivartecom\/","article_author":"https:\/\/www.facebook.com\/cooltivartecom","article_published_time":"2021-07-09T14:22:36+00:00","article_modified_time":"2024-04-26T23:50:10+00:00","og_image":[{"width":960,"height":852,"url":"https:\/\/cooltivarte.com\/portal\/wp-content\/uploads\/2021\/07\/Nicolas-Klisich-Pequenas-palabras-2021.jpg","type":"image\/jpeg"}],"author":"Cooltivarte","twitter_card":"summary_large_image","twitter_title":"Nicol\u00e1s Klisich \u00b7 Peque\u00f1as palabras","twitter_description":"Esta nueva colecci\u00f3n de canciones surgen en su mayor\u00eda en el marco de la colaboraci\u00f3n con el poeta y escritor Pablo Galante, con qui\u00e9n nos reunimos entre 2017 y 2019 para trabajar en la musicalizaci\u00f3n de poemas de Pablo, en la co-escritura de letras de canciones, inspiradas a partir de versos y\/o poemas de Pablo y\/o m\u00edos, y tambi\u00e9n en la mistura o fusi\u00f3n de versos, fragmentos y poemas de ambos autores.","twitter_image":"https:\/\/cooltivarte.com\/portal\/wp-content\/uploads\/2021\/07\/Nicolas-Klisich-Pequenas-palabras-2021.jpg","twitter_creator":"@https:\/\/x.com\/obolocultural","twitter_site":"@obolocultural","twitter_misc":{"Escrito por":"Cooltivarte","Tiempo de lectura":"2 minutos"},"schema":{"@context":"https:\/\/schema.org","@graph":[{"@type":"NewsArticle","@id":"https:\/\/cooltivarte.com\/portal\/nicolas-klisich-pequenas-palabras\/#article","isPartOf":{"@id":"https:\/\/cooltivarte.com\/portal\/nicolas-klisich-pequenas-palabras\/"},"author":{"name":"Cooltivarte","@id":"https:\/\/cooltivarte.com\/portal\/#\/schema\/person\/ec2a4f4e71b740d0c559c0ab9a157e19"},"headline":"Nicol\u00e1s Klisich &#8211; Peque\u00f1as palabras","datePublished":"2021-07-09T14:22:36+00:00","dateModified":"2024-04-26T23:50:10+00:00","mainEntityOfPage":{"@id":"https:\/\/cooltivarte.com\/portal\/nicolas-klisich-pequenas-palabras\/"},"wordCount":403,"publisher":{"@id":"https:\/\/cooltivarte.com\/portal\/#organization"},"image":{"@id":"https:\/\/cooltivarte.com\/portal\/nicolas-klisich-pequenas-palabras\/#primaryimage"},"thumbnailUrl":"https:\/\/cooltivarte.com\/portal\/wp-content\/uploads\/2021\/07\/Nicolas-Klisich-Pequenas-palabras-2021.jpg","keywords":["Disco","Nicol\u00e1s Klisich","PABLO GALANTE","Peque\u00f1as palabras"],"articleSection":["Discos"],"inLanguage":"es-AR"},{"@type":"WebPage","@id":"https:\/\/cooltivarte.com\/portal\/nicolas-klisich-pequenas-palabras\/","url":"https:\/\/cooltivarte.com\/portal\/nicolas-klisich-pequenas-palabras\/","name":"Nicol\u00e1s Klisich - Peque\u00f1as palabras - Cooltivarte Portal","isPartOf":{"@id":"https:\/\/cooltivarte.com\/portal\/#website"},"primaryImageOfPage":{"@id":"https:\/\/cooltivarte.com\/portal\/nicolas-klisich-pequenas-palabras\/#primaryimage"},"image":{"@id":"https:\/\/cooltivarte.com\/portal\/nicolas-klisich-pequenas-palabras\/#primaryimage"},"thumbnailUrl":"https:\/\/cooltivarte.com\/portal\/wp-content\/uploads\/2021\/07\/Nicolas-Klisich-Pequenas-palabras-2021.jpg","datePublished":"2021-07-09T14:22:36+00:00","dateModified":"2024-04-26T23:50:10+00:00","description":"Esta nueva colecci\u00f3n de canciones surgen en su mayor\u00eda en el marco de la colaboraci\u00f3n con el poeta y escritor Pablo Galante, con qui\u00e9n nos reunimos entre 2017 y 2019 para trabajar en la musicalizaci\u00f3n de poemas de Pablo, en la co-escritura de letras de canciones, inspiradas a partir de versos y\/o poemas de Pablo y\/o m\u00edos, y tambi\u00e9n en la mistura o fusi\u00f3n de versos, fragmentos y poemas de ambos autores.","breadcrumb":{"@id":"https:\/\/cooltivarte.com\/portal\/nicolas-klisich-pequenas-palabras\/#breadcrumb"},"inLanguage":"es-AR","potentialAction":[{"@type":"ReadAction","target":["https:\/\/cooltivarte.com\/portal\/nicolas-klisich-pequenas-palabras\/"]}]},{"@type":"ImageObject","inLanguage":"es-AR","@id":"https:\/\/cooltivarte.com\/portal\/nicolas-klisich-pequenas-palabras\/#primaryimage","url":"https:\/\/cooltivarte.com\/portal\/wp-content\/uploads\/2021\/07\/Nicolas-Klisich-Pequenas-palabras-2021.jpg","contentUrl":"https:\/\/cooltivarte.com\/portal\/wp-content\/uploads\/2021\/07\/Nicolas-Klisich-Pequenas-palabras-2021.jpg","width":960,"height":852,"caption":"Nicol\u00e1s Klisich \u00b7 Peque\u00f1as palabras \u00b7 \u00a92021"},{"@type":"BreadcrumbList","@id":"https:\/\/cooltivarte.com\/portal\/nicolas-klisich-pequenas-palabras\/#breadcrumb","itemListElement":[{"@type":"ListItem","position":1,"name":"Portada","item":"https:\/\/cooltivarte.com\/portal\/"},{"@type":"ListItem","position":2,"name":"Nicol\u00e1s Klisich &#8211; Peque\u00f1as palabras"}]},{"@type":"WebSite","@id":"https:\/\/cooltivarte.com\/portal\/#website","url":"https:\/\/cooltivarte.com\/portal\/","name":"Cooltivarte Portal","description":"Arte, cultura y turismo para el mundo ...","publisher":{"@id":"https:\/\/cooltivarte.com\/portal\/#organization"},"potentialAction":[{"@type":"SearchAction","target":{"@type":"EntryPoint","urlTemplate":"https:\/\/cooltivarte.com\/portal\/?s={search_term_string}"},"query-input":{"@type":"PropertyValueSpecification","valueRequired":true,"valueName":"search_term_string"}}],"inLanguage":"es-AR"},{"@type":"Organization","@id":"https:\/\/cooltivarte.com\/portal\/#organization","name":"cooltivarte","url":"https:\/\/cooltivarte.com\/portal\/","logo":{"@type":"ImageObject","inLanguage":"es-AR","@id":"https:\/\/cooltivarte.com\/portal\/#\/schema\/logo\/image\/","url":"https:\/\/cooltivarte.com\/portal\/wp-content\/uploads\/2020\/04\/logo-cooltivarte-v2.png","contentUrl":"https:\/\/cooltivarte.com\/portal\/wp-content\/uploads\/2020\/04\/logo-cooltivarte-v2.png","width":851,"height":243,"caption":"cooltivarte"},"image":{"@id":"https:\/\/cooltivarte.com\/portal\/#\/schema\/logo\/image\/"},"sameAs":["https:\/\/www.facebook.com\/cooltivartecom\/","https:\/\/x.com\/obolocultural","https:\/\/www.instagram.com\/_cooltivarte_\/","https:\/\/www.linkedin.com\/company\/-bolocultural?reportsuccess=8zaNG1HwhPbAR9iQhZ5rfGeqz_vQFftHun0ZWU0Wy9vNemRJ8vtcKdJvzQfW8XagyOJSKg0XvfJ1dp","https:\/\/www.pinterest.com\/cooltivarte\/","https:\/\/cooltivarte.tumblr.com\/","https:\/\/www.tiktok.com\/@cooltivarte","https:\/\/www.youtube.com\/@PrensaCooltivarte"]},{"@type":"Person","@id":"https:\/\/cooltivarte.com\/portal\/#\/schema\/person\/ec2a4f4e71b740d0c559c0ab9a157e19","name":"Cooltivarte","image":{"@type":"ImageObject","inLanguage":"es-AR","@id":"https:\/\/cooltivarte.com\/portal\/wp-content\/uploads\/2014\/05\/logo-cooltivarte-120x120.jpg","url":"https:\/\/cooltivarte.com\/portal\/wp-content\/uploads\/2014\/05\/logo-cooltivarte-120x120.jpg","contentUrl":"https:\/\/cooltivarte.com\/portal\/wp-content\/uploads\/2014\/05\/logo-cooltivarte-120x120.jpg","caption":"Cooltivarte"},"description":"Somos COOLTIVARTE.COM. Un portal digital dedicado a difundir el acontecer art\u00edstico y cultural del Uruguay. Estamos en la vuelta desde el a\u00f1o 2003, y como evoluci\u00f3n del bolet\u00edn Obolo Cultural, nos encontramos abocados a apoyar a los artistas nacionales brind\u00e1ndoles un espacio de difusi\u00f3n. Creemos en la idea de utilizar la potencialidad que hoy d\u00eda nos otorga la web, para que la cultura uruguaya y sus creadores dispongan de una din\u00e1mica ventana, que los ponga en contacto entre s\u00ed y con el mundo. Somos COOLTIVARTE.COM y pretendemos configurarnos como un portal din\u00e1mico, entretenido y atento a los nuevos emprendimientos, que busque siempre la interacci\u00f3n con los artistas.","sameAs":["http:\/\/www.cooltivarte.com","https:\/\/www.facebook.com\/cooltivartecom","https:\/\/www.instagram.com\/_cooltivarte_\/","https:\/\/www.linkedin.com\/company\/-bolocultural","https:\/\/www.pinterest.com\/cooltivarte\/","https:\/\/x.com\/https:\/\/x.com\/obolocultural","https:\/\/www.youtube.com\/@PrensaCooltivarte","https:\/\/www.tumblr.com\/blog\/cooltivarte"],"url":"https:\/\/cooltivarte.com\/portal\/author\/cooltivarte\/"}]}},"_links":{"self":[{"href":"https:\/\/cooltivarte.com\/portal\/wp-json\/wp\/v2\/posts\/70869","targetHints":{"allow":["GET"]}}],"collection":[{"href":"https:\/\/cooltivarte.com\/portal\/wp-json\/wp\/v2\/posts"}],"about":[{"href":"https:\/\/cooltivarte.com\/portal\/wp-json\/wp\/v2\/types\/post"}],"author":[{"embeddable":true,"href":"https:\/\/cooltivarte.com\/portal\/wp-json\/wp\/v2\/users\/8"}],"replies":[{"embeddable":true,"href":"https:\/\/cooltivarte.com\/portal\/wp-json\/wp\/v2\/comments?post=70869"}],"version-history":[{"count":6,"href":"https:\/\/cooltivarte.com\/portal\/wp-json\/wp\/v2\/posts\/70869\/revisions"}],"predecessor-version":[{"id":101091,"href":"https:\/\/cooltivarte.com\/portal\/wp-json\/wp\/v2\/posts\/70869\/revisions\/101091"}],"wp:featuredmedia":[{"embeddable":true,"href":"https:\/\/cooltivarte.com\/portal\/wp-json\/wp\/v2\/media\/70870"}],"wp:attachment":[{"href":"https:\/\/cooltivarte.com\/portal\/wp-json\/wp\/v2\/media?parent=70869"}],"wp:term":[{"taxonomy":"category","embeddable":true,"href":"https:\/\/cooltivarte.com\/portal\/wp-json\/wp\/v2\/categories?post=70869"},{"taxonomy":"post_tag","embeddable":true,"href":"https:\/\/cooltivarte.com\/portal\/wp-json\/wp\/v2\/tags?post=70869"}],"curies":[{"name":"wp","href":"https:\/\/api.w.org\/{rel}","templated":true}]}}