{"id":70759,"date":"2021-07-07T16:11:01","date_gmt":"2021-07-07T19:11:01","guid":{"rendered":"https:\/\/cooltivarte.com\/portal\/?p=70759"},"modified":"2021-10-20T18:42:35","modified_gmt":"2021-10-20T21:42:35","slug":"jorge-drexler-la-guerrilla-de-la-concordia","status":"publish","type":"post","link":"https:\/\/cooltivarte.com\/portal\/jorge-drexler-la-guerrilla-de-la-concordia\/","title":{"rendered":"Jorge Drexler &#8211; La Guerrilla de la Concordia"},"content":{"rendered":"\r\n<p>Nueva canci\u00f3n, este mi\u00e9rcoles 7 de julio 15hs (URU)<\/p>\r\n\r\n\r\n\r\n<p><strong><a href=\"https:\/\/cooltivarte.com\/portal\/?s=Jorge+Drexler\" target=\"_blank\" rel=\"noreferrer noopener\">Jorge Drexler<\/a><\/strong> presenta La guerrilla de la concordia, una llamada a la empat\u00eda frente al discurso del odio. La nueva canci\u00f3n, disponible desde este mi\u00e9rcoles a las 20,00 horas, tiene forma de canto global, con la voluntad de empujarnos a salir del ensimismamiento en el que hemos estado atrapados en los \u00faltimos tiempos. Es, de alguna manera, el reverso de Codo con codo &#8211; un tema introspectivo para tiempos de confinamiento. Si aquel cerraba una puerta, este la reabre con energ\u00eda.<\/p>\r\n\r\n\r\n\r\n<p>La guerrilla de la concordia anticipa el progresivo regreso de los reencuentros. \u201cVivimos un momento de reapertura, nos abrimos, estamos en grupo, compartimos espacio y extra\u00f1amos cosas tan simples como cantar con un grupo de personas en una misma habitaci\u00f3n\u201d, explica Drexler.<\/p>\r\n\r\n\r\n\r\n<p>Lo nuevo del cantante y compositor uruguayo tiene forma plural. La necesidad de lo colectivo se sustenta en la participaci\u00f3n del coro Gospel Factory, compartiendo as\u00ed el protagonismo. El coro, dirigido por Dani Reus, canaliza esa guerrilla de la concordia para alumbrar un tema diverso, generoso, combativo, alegre, decidido y emp\u00e1tico.<\/p>\r\n\r\n\r\n\r\n<p>El coro es crucial en la grabaci\u00f3n, completada con Borja Barrueta (percusi\u00f3n), Martin Leiton (bajo) y Juan Pietranera (piano), bajo la producci\u00f3n de Drexler y Carles Campi Camp\u00f3n. Un proceso largo de producci\u00f3n que cont\u00f3 tambi\u00e9n con la participaci\u00f3n en sus primeras etapas de Didi Gutman, pablopablo y Vicent Huma.<\/p>\r\n\r\n\r\n\r\n<p>El videoclip, dirigido por Didi Domenech, es una representaci\u00f3n visual y fiel al tema, alejada de artificios y que deja que la letra hable por s\u00ed sola. \u201cNos resultaba dif\u00edcil transmitir la energ\u00eda de la canci\u00f3n sin la presencia del coro, quer\u00edamos darle al v\u00eddeo ese punto de verdad, y creo que lo logramos plasmando esa fuerza propia que Gospel Factory imprimi\u00f3 en el estudio. Y Domenech aport\u00f3 algo que yo no tengo: la visi\u00f3n est\u00e9tica de lo que pasa, plasmar esa energ\u00eda sin intermediaci\u00f3n ni artificios\u201d.<\/p>\r\n\r\n\r\n\r\n<p>La fecha de presentaci\u00f3n no parece escogida al azar. Este 7 de julio de 2021 se cumplen cuatro a\u00f1os del lanzamiento de la multipremiada Telefon\u00eda, que fue el primer avance de su \u00faltimo trabajo de estudio, Salvavidas de hielo. Si Telefon\u00eda trataba de la comunicaci\u00f3n desde la intimidad, nuestra \u201cguerrilla\u201d lo hace desde un sentir colectivo: \u00a1Am\u00e9monos!<\/p>\r\n\r\n\r\n\r\n<p>La publicaci\u00f3n de La guerrilla de la concordia coincide con el 80 cumplea\u00f1os del fil\u00f3sofo espa\u00f1ol Antonio Escohotado, a quien Jorge cita en el ep\u00edgrafe y dedica la canci\u00f3n; y da paso a la gira que Drexler realizar\u00e1 este verano en Espa\u00f1a. Despu\u00e9s de 16 meses alejado de los conciertos presenciales, el artista se subir\u00e1 de nuevo a los escenarios en un tour en recintos singulares, para buscar la cercan\u00eda y conexi\u00f3n entre p\u00fablico y artista como vector de comunicaci\u00f3n.<\/p>\r\n\r\n\r\n\r\n<p>La energ\u00eda que supone retomar la actividad del directo ser\u00e1 un impulso tambi\u00e9n para la presentaci\u00f3n de la pieza tras su lanzamiento, adem\u00e1s de una oportunidad \u00fanica para acercarla al p\u00fablico, y auparla como merece, consolid\u00e1ndola as\u00ed como una canci\u00f3n imprescindible en su extenso repertorio.<\/p>\r\n\r\n\r\n\r\n<p>\u00a1Soltemos al aire nuestras octavillas de la guerrilla de la concordia!<br \/><br \/><br \/><\/p>\r\n\r\n\r\n\r\n<p>&nbsp;<\/p>\r\n\r\n\r\n\r\n<figure class=\"wp-block-embed is-type-rich is-provider-spotify wp-block-embed-spotify wp-embed-aspect-21-9 wp-has-aspect-ratio\">\r\n<div class=\"wp-block-embed__wrapper\"><iframe src=\"https:\/\/open.spotify.com\/embed\/artist\/4ssUf5gLb1GBLxi1BhPrVt?utm_source=generator\" width=\"100%\" height=\"380\" frameborder=\"0\" allowfullscreen=\"allowfullscreen\"><\/iframe><\/div>\r\n<\/figure>\r\n\r\n\r\n\r\n<p>&nbsp;<\/p>\r\n\r\n\r\n\r\n<p><strong>LA GUERRILLA DE LA CONCORDIA<\/strong><br \/>Para Antonio Escohotado<\/p>\r\n\r\n\r\n\r\n<p>Arm\u00e9monos!<br \/>Arm\u00e9monos de valor!<br \/>Arm\u00e9monos!<br \/>Arm\u00e9monos de valor, hasta los dientes!<\/p>\r\n\r\n\r\n\r\n<p>El miedo sali\u00f3 de su fosa<br \/>y hoy<br \/>amar es cosa de valientes!<\/p>\r\n\r\n\r\n\r\n<p>(Por lo tanto) Am\u00e9monos!<\/p>\r\n\r\n\r\n\r\n<p>Am\u00e9monos porque s\u00ed<\/p>\r\n\r\n\r\n\r\n<p>Am\u00e9monos!<\/p>\r\n\r\n\r\n\r\n<p>Ahora mismo y aqui \u0301, haciendo historia!<\/p>\r\n\r\n\r\n\r\n<p>Soltemos al aire nuestras octavillas<br \/>De la guerrilla de la concordia!<\/p>\r\n\r\n\r\n\r\n<p>Amar es ir a ciegas<br \/>el coraz\u00f3n despega<br \/>mientras todo arde<br \/>Odiar es mucho mas sencillo<\/p>\r\n\r\n\r\n\r\n<p>El odio es el lazarillo<\/p>\r\n\r\n\r\n\r\n<p>de los cobardes\u2026<\/p>\r\n\r\n\r\n\r\n<p>Cuerpo a cuerpo<br \/>Verso a verso<br \/>Es una Guerra de guerrillas!!<br \/>Hay un comando de poetas suicidas<br \/>rimando en las alcantarillas!!<\/p>\r\n\r\n\r\n\r\n<p>&nbsp;<\/p>\r\n\r\n\r\n\r\n<p>&nbsp;<\/p>\r\n\r\n\r\n\r\n<p>&nbsp; &nbsp; &nbsp; <script async=\"\" src=\"https:\/\/pagead2.googlesyndication.com\/pagead\/js\/adsbygoogle.js\"><\/script> <ins class=\"adsbygoogle\" style=\"display: block; text-align: center;\" data-ad-layout=\"in-article\" data-ad-format=\"fluid\" data-ad-client=\"ca-pub-1258162831753121\" data-ad-slot=\"3342291592\"><\/ins> <script>\r\n     (adsbygoogle = window.adsbygoogle || []).push({});\r\n<\/script> &nbsp; &nbsp; &nbsp;<\/p>\r\n\r\n\r\n\r\n<p>&nbsp;<\/p>\r\n\r\n\r\n\r\n<p><br \/><br \/><br \/>Puedes encontrar m\u00e1s informaci\u00f3n sobre Jorge Drexler en:<\/p>\r\n\r\n\r\n\r\n<p>&nbsp;<\/p>\r\n\r\n\r\n\r\n<p><a href=\"http:\/\/www.jorgedrexler.com\" target=\"_blank\" rel=\"noreferrer noopener\">http:\/\/www.jorgedrexler.com<\/a><br \/><a href=\"https:\/\/www.facebook.com\/jorgedrexleroficial\" target=\"_blank\" rel=\"noreferrer noopener\">https:\/\/www.facebook.com\/jorgedrexleroficial<\/a><br \/><a href=\"https:\/\/www.twitter.com\/drexlerjorge\" target=\"_blank\" rel=\"noreferrer noopener\">https:\/\/www.twitter.com\/drexlerjorge<\/a><br \/><a href=\"https:\/\/www.instagram.com\/drexlerjorge\" target=\"_blank\" rel=\"noreferrer noopener\">https:\/\/www.instagram.com\/drexlerjorge<\/a><\/p>\r\n\r\n\r\n\r\n<p>&nbsp;<\/p>\r\n\r\n\r\n\r\n<figure class=\"wp-block-embed is-type-rich is-provider-twitter wp-block-embed-twitter\">\r\n<div class=\"wp-block-embed__wrapper\">https:\/\/twitter.com\/drexlerjorge<\/div>\r\n<\/figure>\r\n\r\n\r\n\r\n<p>&nbsp;<\/p>\r\n\r\n\r\n\r\n<p>&nbsp;<\/p>\r\n\r\n\r\n\r\n<p>S\u00edguenos en Facebook (<a href=\"http:\/\/facebook.com\/SonyMusicSpain\" target=\"_blank\" rel=\"noreferrer noopener\">facebook.com\/SonyMusicSpain<\/a>) y Twitter (<a href=\"http:\/\/twitter.com\/SonyMusicSpain\" target=\"_blank\" rel=\"noreferrer noopener\">twitter.com\/SonyMusicSpain<\/a>)<br \/><br \/><br \/><br \/><br \/><br \/><\/p>\r\n","protected":false},"excerpt":{"rendered":"<p>&#8220;La Guerrilla de La Concordia&#8221; es el primer tema que anticipa el nuevo disco de estudio de Jorge Drexler, un canto a la concordia en momentos de crispaci\u00f3n.<br \/>\nSu lanzamiento coincide con el 4\u00ba Aniversario del lanzamiento de su \u00e9xito &#8220;Telef\u00f3nica&#8221; y coincide con el inicio de su nueva Gira.<\/p>\n","protected":false},"author":8,"featured_media":70761,"comment_status":"closed","ping_status":"closed","sticky":false,"template":"","format":"video","meta":{"om_disable_all_campaigns":false,"ngg_post_thumbnail":0,"jnews-multi-image_gallery":[],"jnews_single_post":{"subtitle":"","format":"video","video":"https:\/\/youtu.be\/Vy8v-oxtK1E","gallery":"","source_name":"","source_url":"","via_name":"","via_url":"","override_template":"0","override":[{"template":"1","single_blog_custom":"","parallax":"1","fullscreen":"1","layout":"right-sidebar","sidebar":"default-sidebar","second_sidebar":"default-sidebar","sticky_sidebar":"1","share_position":"top","share_float_style":"share-monocrhome","show_share_counter":"1","show_view_counter":"1","show_featured":"1","show_post_meta":"1","show_post_author":"1","show_post_author_image":"1","show_post_date":"1","post_date_format":"default","post_date_format_custom":"Y\/m\/d","show_post_category":"1","show_post_reading_time":"0","post_reading_time_wpm":"300","show_zoom_button":"0","zoom_button_out_step":"2","zoom_button_in_step":"3","show_post_tag":"1","show_prev_next_post":"1","show_popup_post":"1","number_popup_post":"1","show_author_box":"0","show_post_related":"0","show_inline_post_related":"0"}],"override_image_size":"0","image_override":[{"single_post_thumbnail_size":"crop-500","single_post_gallery_size":"crop-500"}],"trending_post":"0","trending_post_position":"meta","trending_post_label":"Trending","sponsored_post":"0","sponsored_post_label":"Sponsored by","sponsored_post_name":"","sponsored_post_url":"","sponsored_post_logo_enable":"0","sponsored_post_logo":"","sponsored_post_desc":""},"jnews_primary_category":{"id":""},"jnews_social_meta":{"fb_title":"","fb_description":"","fb_image":"","twitter_title":"","twitter_description":"","twitter_image":""},"jnews_override_counter":{"override_view_counter":"0","view_counter_number":"0","override_share_counter":"0","share_counter_number":"0","override_like_counter":"0","like_counter_number":"0","override_dislike_counter":"0","dislike_counter_number":"0"},"footnotes":""},"categories":[14772],"tags":[647,910,14052],"class_list":["post-70759","post","type-post","status-publish","format-video","has-post-thumbnail","hentry","category-video","tag-drexler","tag-jorge-drexler","tag-la-guerrilla-de-la-concordia","post_format-post-format-video"],"yoast_head":"<!-- This site is optimized with the Yoast SEO plugin v27.5 - https:\/\/yoast.com\/product\/yoast-seo-wordpress\/ -->\n<title>Jorge Drexler - La Guerrilla de la Concordia - Cooltivarte Portal<\/title>\n<meta name=\"description\" content=\"&quot;La Guerrilla de La Concordia&quot; es el primer tema que anticipa el nuevo disco de estudio de Jorge Drexler, un canto a la concordia en momentos de crispaci\u00f3n. Su lanzamiento coincide con el 4\u00ba Aniversario del lanzamiento de su \u00e9xito &quot;Telef\u00f3nica&quot; y coincide con el inicio de su nueva Gira.\" \/>\n<meta name=\"robots\" content=\"index, follow, max-snippet:-1, max-image-preview:large, max-video-preview:-1\" \/>\n<link rel=\"canonical\" href=\"https:\/\/cooltivarte.com\/portal\/jorge-drexler-la-guerrilla-de-la-concordia\/\" \/>\n<meta property=\"og:locale\" content=\"es_ES\" \/>\n<meta property=\"og:type\" content=\"article\" \/>\n<meta property=\"og:title\" content=\"Jorge Drexler - La Guerrilla de la Concordia\" \/>\n<meta property=\"og:description\" content=\"&quot;La Guerrilla de La Concordia&quot; es el primer tema que anticipa el nuevo disco de estudio de Jorge Drexler, un canto a la concordia en momentos de crispaci\u00f3n. Su lanzamiento coincide con el 4\u00ba Aniversario del lanzamiento de su \u00e9xito &quot;Telef\u00f3nica&quot; y coincide con el inicio de su nueva Gira.\" \/>\n<meta property=\"og:url\" content=\"https:\/\/cooltivarte.com\/portal\/jorge-drexler-la-guerrilla-de-la-concordia\/\" \/>\n<meta property=\"og:site_name\" content=\"Cooltivarte Portal\" \/>\n<meta property=\"article:publisher\" content=\"https:\/\/www.facebook.com\/cooltivartecom\/\" \/>\n<meta property=\"article:author\" content=\"https:\/\/www.facebook.com\/cooltivartecom\" \/>\n<meta property=\"article:published_time\" content=\"2021-07-07T19:11:01+00:00\" \/>\n<meta property=\"article:modified_time\" content=\"2021-10-20T21:42:35+00:00\" \/>\n<meta property=\"og:image\" content=\"https:\/\/cooltivarte.com\/portal\/wp-content\/uploads\/2021\/07\/hqdefault-11.jpg\" \/>\n\t<meta property=\"og:image:width\" content=\"480\" \/>\n\t<meta property=\"og:image:height\" content=\"360\" \/>\n\t<meta property=\"og:image:type\" content=\"image\/jpeg\" \/>\n<meta name=\"author\" content=\"Cooltivarte\" \/>\n<meta name=\"twitter:card\" content=\"summary_large_image\" \/>\n<meta name=\"twitter:title\" content=\"Jorge Drexler - La Guerrilla de la Concordia\" \/>\n<meta name=\"twitter:description\" content=\"&quot;La Guerrilla de La Concordia&quot; es el primer tema que anticipa el nuevo disco de estudio de Jorge Drexler, un canto a la concordia en momentos de crispaci\u00f3n. Su lanzamiento coincide con el 4\u00ba Aniversario del lanzamiento de su \u00e9xito &quot;Telef\u00f3nica&quot; y coincide con el inicio de su nueva Gira.\" \/>\n<meta name=\"twitter:image\" content=\"https:\/\/cooltivarte.com\/portal\/wp-content\/uploads\/2021\/07\/hqdefault-11.jpg\" \/>\n<meta name=\"twitter:creator\" content=\"@https:\/\/x.com\/obolocultural\" \/>\n<meta name=\"twitter:site\" content=\"@obolocultural\" \/>\n<meta name=\"twitter:label1\" content=\"Escrito por\" \/>\n\t<meta name=\"twitter:data1\" content=\"Cooltivarte\" \/>\n\t<meta name=\"twitter:label2\" content=\"Tiempo de lectura\" \/>\n\t<meta name=\"twitter:data2\" content=\"3 minutos\" \/>\n<!-- \/ Yoast SEO plugin. -->","yoast_head_json":{"title":"Jorge Drexler - La Guerrilla de la Concordia - Cooltivarte Portal","description":"\"La Guerrilla de La Concordia\" es el primer tema que anticipa el nuevo disco de estudio de Jorge Drexler, un canto a la concordia en momentos de crispaci\u00f3n. Su lanzamiento coincide con el 4\u00ba Aniversario del lanzamiento de su \u00e9xito \"Telef\u00f3nica\" y coincide con el inicio de su nueva Gira.","robots":{"index":"index","follow":"follow","max-snippet":"max-snippet:-1","max-image-preview":"max-image-preview:large","max-video-preview":"max-video-preview:-1"},"canonical":"https:\/\/cooltivarte.com\/portal\/jorge-drexler-la-guerrilla-de-la-concordia\/","og_locale":"es_ES","og_type":"article","og_title":"Jorge Drexler - La Guerrilla de la Concordia","og_description":"\"La Guerrilla de La Concordia\" es el primer tema que anticipa el nuevo disco de estudio de Jorge Drexler, un canto a la concordia en momentos de crispaci\u00f3n. Su lanzamiento coincide con el 4\u00ba Aniversario del lanzamiento de su \u00e9xito \"Telef\u00f3nica\" y coincide con el inicio de su nueva Gira.","og_url":"https:\/\/cooltivarte.com\/portal\/jorge-drexler-la-guerrilla-de-la-concordia\/","og_site_name":"Cooltivarte Portal","article_publisher":"https:\/\/www.facebook.com\/cooltivartecom\/","article_author":"https:\/\/www.facebook.com\/cooltivartecom","article_published_time":"2021-07-07T19:11:01+00:00","article_modified_time":"2021-10-20T21:42:35+00:00","og_image":[{"width":480,"height":360,"url":"https:\/\/cooltivarte.com\/portal\/wp-content\/uploads\/2021\/07\/hqdefault-11.jpg","type":"image\/jpeg"}],"author":"Cooltivarte","twitter_card":"summary_large_image","twitter_title":"Jorge Drexler - La Guerrilla de la Concordia","twitter_description":"\"La Guerrilla de La Concordia\" es el primer tema que anticipa el nuevo disco de estudio de Jorge Drexler, un canto a la concordia en momentos de crispaci\u00f3n. Su lanzamiento coincide con el 4\u00ba Aniversario del lanzamiento de su \u00e9xito \"Telef\u00f3nica\" y coincide con el inicio de su nueva Gira.","twitter_image":"https:\/\/cooltivarte.com\/portal\/wp-content\/uploads\/2021\/07\/hqdefault-11.jpg","twitter_creator":"@https:\/\/x.com\/obolocultural","twitter_site":"@obolocultural","twitter_misc":{"Escrito por":"Cooltivarte","Tiempo de lectura":"3 minutos"},"schema":{"@context":"https:\/\/schema.org","@graph":[{"@type":"NewsArticle","@id":"https:\/\/cooltivarte.com\/portal\/jorge-drexler-la-guerrilla-de-la-concordia\/#article","isPartOf":{"@id":"https:\/\/cooltivarte.com\/portal\/jorge-drexler-la-guerrilla-de-la-concordia\/"},"author":{"name":"Cooltivarte","@id":"https:\/\/cooltivarte.com\/portal\/#\/schema\/person\/ec2a4f4e71b740d0c559c0ab9a157e19"},"headline":"Jorge Drexler &#8211; La Guerrilla de la Concordia","datePublished":"2021-07-07T19:11:01+00:00","dateModified":"2021-10-20T21:42:35+00:00","mainEntityOfPage":{"@id":"https:\/\/cooltivarte.com\/portal\/jorge-drexler-la-guerrilla-de-la-concordia\/"},"wordCount":728,"publisher":{"@id":"https:\/\/cooltivarte.com\/portal\/#organization"},"image":{"@id":"https:\/\/cooltivarte.com\/portal\/jorge-drexler-la-guerrilla-de-la-concordia\/#primaryimage"},"thumbnailUrl":"https:\/\/cooltivarte.com\/portal\/wp-content\/uploads\/2021\/07\/hqdefault-11.jpg","keywords":["drexler","Jorge Drexler","La Guerrilla de la Concordia"],"articleSection":["Video"],"inLanguage":"es-AR"},{"@type":"WebPage","@id":"https:\/\/cooltivarte.com\/portal\/jorge-drexler-la-guerrilla-de-la-concordia\/","url":"https:\/\/cooltivarte.com\/portal\/jorge-drexler-la-guerrilla-de-la-concordia\/","name":"Jorge Drexler - La Guerrilla de la Concordia - Cooltivarte Portal","isPartOf":{"@id":"https:\/\/cooltivarte.com\/portal\/#website"},"primaryImageOfPage":{"@id":"https:\/\/cooltivarte.com\/portal\/jorge-drexler-la-guerrilla-de-la-concordia\/#primaryimage"},"image":{"@id":"https:\/\/cooltivarte.com\/portal\/jorge-drexler-la-guerrilla-de-la-concordia\/#primaryimage"},"thumbnailUrl":"https:\/\/cooltivarte.com\/portal\/wp-content\/uploads\/2021\/07\/hqdefault-11.jpg","datePublished":"2021-07-07T19:11:01+00:00","dateModified":"2021-10-20T21:42:35+00:00","description":"\"La Guerrilla de La Concordia\" es el primer tema que anticipa el nuevo disco de estudio de Jorge Drexler, un canto a la concordia en momentos de crispaci\u00f3n. Su lanzamiento coincide con el 4\u00ba Aniversario del lanzamiento de su \u00e9xito \"Telef\u00f3nica\" y coincide con el inicio de su nueva Gira.","breadcrumb":{"@id":"https:\/\/cooltivarte.com\/portal\/jorge-drexler-la-guerrilla-de-la-concordia\/#breadcrumb"},"inLanguage":"es-AR","potentialAction":[{"@type":"ReadAction","target":["https:\/\/cooltivarte.com\/portal\/jorge-drexler-la-guerrilla-de-la-concordia\/"]}]},{"@type":"ImageObject","inLanguage":"es-AR","@id":"https:\/\/cooltivarte.com\/portal\/jorge-drexler-la-guerrilla-de-la-concordia\/#primaryimage","url":"https:\/\/cooltivarte.com\/portal\/wp-content\/uploads\/2021\/07\/hqdefault-11.jpg","contentUrl":"https:\/\/cooltivarte.com\/portal\/wp-content\/uploads\/2021\/07\/hqdefault-11.jpg","width":480,"height":360,"caption":"Jorge Drexler - La Guerrilla de la Concordia"},{"@type":"BreadcrumbList","@id":"https:\/\/cooltivarte.com\/portal\/jorge-drexler-la-guerrilla-de-la-concordia\/#breadcrumb","itemListElement":[{"@type":"ListItem","position":1,"name":"Portada","item":"https:\/\/cooltivarte.com\/portal\/"},{"@type":"ListItem","position":2,"name":"Jorge Drexler &#8211; La Guerrilla de la Concordia"}]},{"@type":"WebSite","@id":"https:\/\/cooltivarte.com\/portal\/#website","url":"https:\/\/cooltivarte.com\/portal\/","name":"Cooltivarte Portal","description":"Arte, cultura y turismo para el mundo ...","publisher":{"@id":"https:\/\/cooltivarte.com\/portal\/#organization"},"potentialAction":[{"@type":"SearchAction","target":{"@type":"EntryPoint","urlTemplate":"https:\/\/cooltivarte.com\/portal\/?s={search_term_string}"},"query-input":{"@type":"PropertyValueSpecification","valueRequired":true,"valueName":"search_term_string"}}],"inLanguage":"es-AR"},{"@type":"Organization","@id":"https:\/\/cooltivarte.com\/portal\/#organization","name":"cooltivarte","url":"https:\/\/cooltivarte.com\/portal\/","logo":{"@type":"ImageObject","inLanguage":"es-AR","@id":"https:\/\/cooltivarte.com\/portal\/#\/schema\/logo\/image\/","url":"https:\/\/cooltivarte.com\/portal\/wp-content\/uploads\/2020\/04\/logo-cooltivarte-v2.png","contentUrl":"https:\/\/cooltivarte.com\/portal\/wp-content\/uploads\/2020\/04\/logo-cooltivarte-v2.png","width":851,"height":243,"caption":"cooltivarte"},"image":{"@id":"https:\/\/cooltivarte.com\/portal\/#\/schema\/logo\/image\/"},"sameAs":["https:\/\/www.facebook.com\/cooltivartecom\/","https:\/\/x.com\/obolocultural","https:\/\/www.instagram.com\/_cooltivarte_\/","https:\/\/www.linkedin.com\/company\/-bolocultural?reportsuccess=8zaNG1HwhPbAR9iQhZ5rfGeqz_vQFftHun0ZWU0Wy9vNemRJ8vtcKdJvzQfW8XagyOJSKg0XvfJ1dp","https:\/\/www.pinterest.com\/cooltivarte\/","https:\/\/cooltivarte.tumblr.com\/","https:\/\/www.tiktok.com\/@cooltivarte","https:\/\/www.youtube.com\/@PrensaCooltivarte"]},{"@type":"Person","@id":"https:\/\/cooltivarte.com\/portal\/#\/schema\/person\/ec2a4f4e71b740d0c559c0ab9a157e19","name":"Cooltivarte","image":{"@type":"ImageObject","inLanguage":"es-AR","@id":"https:\/\/cooltivarte.com\/portal\/wp-content\/uploads\/2014\/05\/logo-cooltivarte-120x120.jpg","url":"https:\/\/cooltivarte.com\/portal\/wp-content\/uploads\/2014\/05\/logo-cooltivarte-120x120.jpg","contentUrl":"https:\/\/cooltivarte.com\/portal\/wp-content\/uploads\/2014\/05\/logo-cooltivarte-120x120.jpg","caption":"Cooltivarte"},"description":"Somos COOLTIVARTE.COM. Un portal digital dedicado a difundir el acontecer art\u00edstico y cultural del Uruguay. Estamos en la vuelta desde el a\u00f1o 2003, y como evoluci\u00f3n del bolet\u00edn Obolo Cultural, nos encontramos abocados a apoyar a los artistas nacionales brind\u00e1ndoles un espacio de difusi\u00f3n. Creemos en la idea de utilizar la potencialidad que hoy d\u00eda nos otorga la web, para que la cultura uruguaya y sus creadores dispongan de una din\u00e1mica ventana, que los ponga en contacto entre s\u00ed y con el mundo. Somos COOLTIVARTE.COM y pretendemos configurarnos como un portal din\u00e1mico, entretenido y atento a los nuevos emprendimientos, que busque siempre la interacci\u00f3n con los artistas.","sameAs":["http:\/\/www.cooltivarte.com","https:\/\/www.facebook.com\/cooltivartecom","https:\/\/www.instagram.com\/_cooltivarte_\/","https:\/\/www.linkedin.com\/company\/-bolocultural","https:\/\/www.pinterest.com\/cooltivarte\/","https:\/\/x.com\/https:\/\/x.com\/obolocultural","https:\/\/www.youtube.com\/@PrensaCooltivarte","https:\/\/www.tumblr.com\/blog\/cooltivarte"],"url":"https:\/\/cooltivarte.com\/portal\/author\/cooltivarte\/"}]}},"_links":{"self":[{"href":"https:\/\/cooltivarte.com\/portal\/wp-json\/wp\/v2\/posts\/70759","targetHints":{"allow":["GET"]}}],"collection":[{"href":"https:\/\/cooltivarte.com\/portal\/wp-json\/wp\/v2\/posts"}],"about":[{"href":"https:\/\/cooltivarte.com\/portal\/wp-json\/wp\/v2\/types\/post"}],"author":[{"embeddable":true,"href":"https:\/\/cooltivarte.com\/portal\/wp-json\/wp\/v2\/users\/8"}],"replies":[{"embeddable":true,"href":"https:\/\/cooltivarte.com\/portal\/wp-json\/wp\/v2\/comments?post=70759"}],"version-history":[{"count":5,"href":"https:\/\/cooltivarte.com\/portal\/wp-json\/wp\/v2\/posts\/70759\/revisions"}],"predecessor-version":[{"id":75290,"href":"https:\/\/cooltivarte.com\/portal\/wp-json\/wp\/v2\/posts\/70759\/revisions\/75290"}],"wp:featuredmedia":[{"embeddable":true,"href":"https:\/\/cooltivarte.com\/portal\/wp-json\/wp\/v2\/media\/70761"}],"wp:attachment":[{"href":"https:\/\/cooltivarte.com\/portal\/wp-json\/wp\/v2\/media?parent=70759"}],"wp:term":[{"taxonomy":"category","embeddable":true,"href":"https:\/\/cooltivarte.com\/portal\/wp-json\/wp\/v2\/categories?post=70759"},{"taxonomy":"post_tag","embeddable":true,"href":"https:\/\/cooltivarte.com\/portal\/wp-json\/wp\/v2\/tags?post=70759"}],"curies":[{"name":"wp","href":"https:\/\/api.w.org\/{rel}","templated":true}]}}