{"id":70101,"date":"2021-06-16T13:22:26","date_gmt":"2021-06-16T16:22:26","guid":{"rendered":"https:\/\/cooltivarte.com\/portal\/?p=70101"},"modified":"2023-01-19T11:34:13","modified_gmt":"2023-01-19T14:34:13","slug":"la-sociedad-paliativa-de-byung-chul-han","status":"publish","type":"post","link":"https:\/\/cooltivarte.com\/portal\/la-sociedad-paliativa-de-byung-chul-han\/","title":{"rendered":"La Sociedad Paliativa de Byung-Chul Han"},"content":{"rendered":"\r\n<h2 class=\"wp-block-heading\">Relevamiento del libro &#8220;La Sociedad Paliativa&#8221;, de <strong><a href=\"https:\/\/cooltivarte.com\/portal\/?s=Byung-Chul+Han\" target=\"_blank\" rel=\"noreferrer noopener\">Byung-Chul Han<\/a><\/strong><\/h2>\r\n<div class=\"style-scope ytd-video-secondary-info-renderer\"><strong><br \/><br \/><\/strong><\/div>\r\n<div><a class=\"yt-simple-endpoint style-scope yt-formatted-string\" spellcheck=\"false\" href=\"https:\/\/cooltivarte.com\/portal\/?s=Claudio+Alvarez+Teran\" target=\"_blank\" rel=\"noopener\"><strong>Claudio Alvarez Teran<\/strong><\/a><\/div>\r\n<div>&nbsp;<\/div>\r\n\r\n\r\n\r\n<p>Sinopsis de <strong>LA SOCIEDAD PALIATIVA<\/strong><br \/>En la actualidad vivimos en una sociedad que ha desarrollado una fobia al dolor, en la que ya no hay lugar para el sufrimiento. Este miedo generalizado se refleja tanto en lo personal como lo social, e incluso en la pol\u00edtica. El imperativo neoliberal \u00abs\u00e9 feliz\u00bb, que esconde una exigencia de rendimiento, intenta evitar cualquier estado doloroso y nos empuja a un estado de anestesia permanente. Como en La sociedad del cansancio, <strong>Byung-Chul Han<\/strong> parte del supuesto de que en Occidente se ha producido un cambio radical de paradigma. Las sociedades premodernas ten\u00edan una relaci\u00f3n muy \u00edntima con el dolor y la muerte, que enfrentaban con dignidad y resignaci\u00f3n. Sin embargo, en la actualidad, la positividad de la felicidad desbanca a la negatividad del dolor, y se extiende al \u00e1mbito social. Al expulsar de la vida p\u00fablica los conflictos y las controversias, que podr\u00edan provocar dolorosas confrontaciones, se instaura una posdemocracia, que es en el fondo una democracia paliativa. Texto: <a href=\"https:\/\/www.casadellibro.com\/libro-la-sociedad-paliativa\/9788425446313\/12251784\" target=\"_blank\" rel=\"noreferrer noopener\">casadellibro.com<\/a><\/p>\r\n\r\n\r\n\r\n<p>&nbsp;<\/p>\r\n\r\n\r\n\r\n<p>&nbsp;<\/p>\r\n\r\n\r\n\r\n<p>&nbsp;<\/p>\r\n\r\n\r\n\r\n<p>&nbsp;<\/p>\r\n\r\n\r\n\r\n<p>&nbsp;<\/p>\r\n\r\n\r\n\r\n<p>&nbsp;<\/p>\r\n","protected":false},"excerpt":{"rendered":"<p>Relevamiento del libro &#8220;La Sociedad Paliativa&#8221;, de Byung-Chul Han Claudio Alvarez Teran &nbsp; Sinopsis de LA SOCIEDAD PALIATIVAEn la actualidad vivimos en una sociedad que ha desarrollado una fobia al dolor, en la que ya no hay lugar para el sufrimiento. Este miedo generalizado se refleja tanto en lo personal como lo social, e incluso [&hellip;]<\/p>\n","protected":false},"author":186,"featured_media":70103,"comment_status":"closed","ping_status":"closed","sticky":false,"template":"","format":"video","meta":{"om_disable_all_campaigns":false,"ngg_post_thumbnail":0,"jnews-multi-image_gallery":[],"jnews_single_post":{"subtitle":"","format":"video","video":"https:\/\/www.youtube.com\/watch?v=IiSX2eG8JAM&t=1s","gallery":"","source_name":"","source_url":"","via_name":"","via_url":"","override_template":"0","override":[{"template":"1","single_blog_custom":"","parallax":"1","fullscreen":"1","layout":"right-sidebar","sidebar":"default-sidebar","second_sidebar":"default-sidebar","sticky_sidebar":"1","share_position":"top","share_float_style":"share-monocrhome","show_share_counter":"1","show_view_counter":"1","show_featured":"1","show_post_meta":"1","show_post_author":"1","show_post_author_image":"1","show_post_date":"1","post_date_format":"default","post_date_format_custom":"Y\/m\/d","show_post_category":"1","show_post_reading_time":"0","post_reading_time_wpm":"300","show_zoom_button":"0","zoom_button_out_step":"2","zoom_button_in_step":"3","show_post_tag":"1","show_prev_next_post":"1","show_popup_post":"1","number_popup_post":"1","show_author_box":"0","show_post_related":"0","show_inline_post_related":"0"}],"override_image_size":"0","image_override":[{"single_post_thumbnail_size":"crop-500","single_post_gallery_size":"crop-500"}],"trending_post":"0","trending_post_position":"meta","trending_post_label":"Trending","sponsored_post":"0","sponsored_post_label":"Sponsored by","sponsored_post_name":"","sponsored_post_url":"","sponsored_post_logo_enable":"0","sponsored_post_logo":"","sponsored_post_desc":""},"jnews_primary_category":{"id":""},"jnews_social_meta":{"fb_title":"","fb_description":"","fb_image":"","twitter_title":"","twitter_description":"","twitter_image":""},"jnews_override_counter":{"override_view_counter":"0","view_counter_number":"0","override_share_counter":"0","share_counter_number":"0","override_like_counter":"0","like_counter_number":"0","override_dislike_counter":"0","dislike_counter_number":"0"},"footnotes":""},"categories":[56],"tags":[10516,10514,342,13866],"class_list":["post-70101","post","type-post","status-publish","format-video","has-post-thumbnail","hentry","category-narradores","tag-byung-chul-han","tag-claudio-alvarez-teran","tag-libro","tag-sociedad-paliativa","post_format-post-format-video"],"yoast_head":"<!-- This site is optimized with the Yoast SEO plugin v27.5 - https:\/\/yoast.com\/product\/yoast-seo-wordpress\/ -->\n<title>La Sociedad Paliativa de Byung-Chul Han - Cooltivarte Portal<\/title>\n<meta name=\"description\" content=\"En la actualidad vivimos en una sociedad que ha desarrollado una fobia al dolor, en la que ya no hay lugar para el sufrimiento. Este miedo generalizado se refleja tanto en lo personal como lo social, e incluso en la pol\u00edtica.\" \/>\n<meta name=\"robots\" content=\"index, follow, max-snippet:-1, max-image-preview:large, max-video-preview:-1\" \/>\n<link rel=\"canonical\" href=\"https:\/\/cooltivarte.com\/portal\/la-sociedad-paliativa-de-byung-chul-han\/\" \/>\n<meta property=\"og:locale\" content=\"es_ES\" \/>\n<meta property=\"og:type\" content=\"article\" \/>\n<meta property=\"og:title\" content=\"La Sociedad Paliativa de Byung-Chul Han\" \/>\n<meta property=\"og:description\" content=\"En la actualidad vivimos en una sociedad que ha desarrollado una fobia al dolor, en la que ya no hay lugar para el sufrimiento. Este miedo generalizado se refleja tanto en lo personal como lo social, e incluso en la pol\u00edtica.\" \/>\n<meta property=\"og:url\" content=\"https:\/\/cooltivarte.com\/portal\/la-sociedad-paliativa-de-byung-chul-han\/\" \/>\n<meta property=\"og:site_name\" content=\"Cooltivarte Portal\" \/>\n<meta property=\"article:publisher\" content=\"https:\/\/www.facebook.com\/cooltivartecom\/\" \/>\n<meta property=\"article:author\" content=\"http:\/\/www.facebook.com\/claudioateran\" \/>\n<meta property=\"article:published_time\" content=\"2021-06-16T16:22:26+00:00\" \/>\n<meta property=\"article:modified_time\" content=\"2023-01-19T14:34:13+00:00\" \/>\n<meta property=\"og:image\" content=\"https:\/\/cooltivarte.com\/portal\/wp-content\/uploads\/2021\/06\/hqdefault-39.jpg\" \/>\n\t<meta property=\"og:image:width\" content=\"480\" \/>\n\t<meta property=\"og:image:height\" content=\"360\" \/>\n\t<meta property=\"og:image:type\" content=\"image\/jpeg\" \/>\n<meta name=\"author\" content=\"Claudio Alvarez Teran\" \/>\n<meta name=\"twitter:card\" content=\"summary_large_image\" \/>\n<meta name=\"twitter:title\" content=\"La Sociedad Paliativa de Byung-Chul Han\" \/>\n<meta name=\"twitter:description\" content=\"En la actualidad vivimos en una sociedad que ha desarrollado una fobia al dolor, en la que ya no hay lugar para el sufrimiento. Este miedo generalizado se refleja tanto en lo personal como lo social, e incluso en la pol\u00edtica.\" \/>\n<meta name=\"twitter:image\" content=\"https:\/\/cooltivarte.com\/portal\/wp-content\/uploads\/2021\/06\/hqdefault-39.jpg\" \/>\n<meta name=\"twitter:creator\" content=\"@http:\/\/twitter.com\/claudioateran\" \/>\n<meta name=\"twitter:site\" content=\"@obolocultural\" \/>\n<meta name=\"twitter:label1\" content=\"Escrito por\" \/>\n\t<meta name=\"twitter:data1\" content=\"Claudio Alvarez Teran\" \/>\n\t<meta name=\"twitter:label2\" content=\"Tiempo de lectura\" \/>\n\t<meta name=\"twitter:data2\" content=\"1 minuto\" \/>\n<!-- \/ Yoast SEO plugin. -->","yoast_head_json":{"title":"La Sociedad Paliativa de Byung-Chul Han - Cooltivarte Portal","description":"En la actualidad vivimos en una sociedad que ha desarrollado una fobia al dolor, en la que ya no hay lugar para el sufrimiento. Este miedo generalizado se refleja tanto en lo personal como lo social, e incluso en la pol\u00edtica.","robots":{"index":"index","follow":"follow","max-snippet":"max-snippet:-1","max-image-preview":"max-image-preview:large","max-video-preview":"max-video-preview:-1"},"canonical":"https:\/\/cooltivarte.com\/portal\/la-sociedad-paliativa-de-byung-chul-han\/","og_locale":"es_ES","og_type":"article","og_title":"La Sociedad Paliativa de Byung-Chul Han","og_description":"En la actualidad vivimos en una sociedad que ha desarrollado una fobia al dolor, en la que ya no hay lugar para el sufrimiento. Este miedo generalizado se refleja tanto en lo personal como lo social, e incluso en la pol\u00edtica.","og_url":"https:\/\/cooltivarte.com\/portal\/la-sociedad-paliativa-de-byung-chul-han\/","og_site_name":"Cooltivarte Portal","article_publisher":"https:\/\/www.facebook.com\/cooltivartecom\/","article_author":"http:\/\/www.facebook.com\/claudioateran","article_published_time":"2021-06-16T16:22:26+00:00","article_modified_time":"2023-01-19T14:34:13+00:00","og_image":[{"width":480,"height":360,"url":"https:\/\/cooltivarte.com\/portal\/wp-content\/uploads\/2021\/06\/hqdefault-39.jpg","type":"image\/jpeg"}],"author":"Claudio Alvarez Teran","twitter_card":"summary_large_image","twitter_title":"La Sociedad Paliativa de Byung-Chul Han","twitter_description":"En la actualidad vivimos en una sociedad que ha desarrollado una fobia al dolor, en la que ya no hay lugar para el sufrimiento. Este miedo generalizado se refleja tanto en lo personal como lo social, e incluso en la pol\u00edtica.","twitter_image":"https:\/\/cooltivarte.com\/portal\/wp-content\/uploads\/2021\/06\/hqdefault-39.jpg","twitter_creator":"@http:\/\/twitter.com\/claudioateran","twitter_site":"@obolocultural","twitter_misc":{"Escrito por":"Claudio Alvarez Teran","Tiempo de lectura":"1 minuto"},"schema":{"@context":"https:\/\/schema.org","@graph":[{"@type":"NewsArticle","@id":"https:\/\/cooltivarte.com\/portal\/la-sociedad-paliativa-de-byung-chul-han\/#article","isPartOf":{"@id":"https:\/\/cooltivarte.com\/portal\/la-sociedad-paliativa-de-byung-chul-han\/"},"author":{"name":"Claudio Alvarez Teran","@id":"https:\/\/cooltivarte.com\/portal\/#\/schema\/person\/f2f309191818c8778b66e5f42dfa868d"},"headline":"La Sociedad Paliativa de Byung-Chul Han","datePublished":"2021-06-16T16:22:26+00:00","dateModified":"2023-01-19T14:34:13+00:00","mainEntityOfPage":{"@id":"https:\/\/cooltivarte.com\/portal\/la-sociedad-paliativa-de-byung-chul-han\/"},"wordCount":198,"publisher":{"@id":"https:\/\/cooltivarte.com\/portal\/#organization"},"image":{"@id":"https:\/\/cooltivarte.com\/portal\/la-sociedad-paliativa-de-byung-chul-han\/#primaryimage"},"thumbnailUrl":"https:\/\/cooltivarte.com\/portal\/wp-content\/uploads\/2021\/06\/hqdefault-39.jpg","keywords":["Byung-Chul Han","Claudio Alvarez Teran","Libro","SOCIEDAD PALIATIVA"],"articleSection":["Literatura"],"inLanguage":"es-AR"},{"@type":"WebPage","@id":"https:\/\/cooltivarte.com\/portal\/la-sociedad-paliativa-de-byung-chul-han\/","url":"https:\/\/cooltivarte.com\/portal\/la-sociedad-paliativa-de-byung-chul-han\/","name":"La Sociedad Paliativa de Byung-Chul Han - Cooltivarte Portal","isPartOf":{"@id":"https:\/\/cooltivarte.com\/portal\/#website"},"primaryImageOfPage":{"@id":"https:\/\/cooltivarte.com\/portal\/la-sociedad-paliativa-de-byung-chul-han\/#primaryimage"},"image":{"@id":"https:\/\/cooltivarte.com\/portal\/la-sociedad-paliativa-de-byung-chul-han\/#primaryimage"},"thumbnailUrl":"https:\/\/cooltivarte.com\/portal\/wp-content\/uploads\/2021\/06\/hqdefault-39.jpg","datePublished":"2021-06-16T16:22:26+00:00","dateModified":"2023-01-19T14:34:13+00:00","description":"En la actualidad vivimos en una sociedad que ha desarrollado una fobia al dolor, en la que ya no hay lugar para el sufrimiento. Este miedo generalizado se refleja tanto en lo personal como lo social, e incluso en la pol\u00edtica.","breadcrumb":{"@id":"https:\/\/cooltivarte.com\/portal\/la-sociedad-paliativa-de-byung-chul-han\/#breadcrumb"},"inLanguage":"es-AR","potentialAction":[{"@type":"ReadAction","target":["https:\/\/cooltivarte.com\/portal\/la-sociedad-paliativa-de-byung-chul-han\/"]}]},{"@type":"ImageObject","inLanguage":"es-AR","@id":"https:\/\/cooltivarte.com\/portal\/la-sociedad-paliativa-de-byung-chul-han\/#primaryimage","url":"https:\/\/cooltivarte.com\/portal\/wp-content\/uploads\/2021\/06\/hqdefault-39.jpg","contentUrl":"https:\/\/cooltivarte.com\/portal\/wp-content\/uploads\/2021\/06\/hqdefault-39.jpg","width":480,"height":360,"caption":"Relevamiento del libro \"La Sociedad Paliativa\", de Byung-Chul Han"},{"@type":"BreadcrumbList","@id":"https:\/\/cooltivarte.com\/portal\/la-sociedad-paliativa-de-byung-chul-han\/#breadcrumb","itemListElement":[{"@type":"ListItem","position":1,"name":"Portada","item":"https:\/\/cooltivarte.com\/portal\/"},{"@type":"ListItem","position":2,"name":"La Sociedad Paliativa de Byung-Chul Han"}]},{"@type":"WebSite","@id":"https:\/\/cooltivarte.com\/portal\/#website","url":"https:\/\/cooltivarte.com\/portal\/","name":"Cooltivarte Portal","description":"Arte, cultura y turismo para el mundo ...","publisher":{"@id":"https:\/\/cooltivarte.com\/portal\/#organization"},"potentialAction":[{"@type":"SearchAction","target":{"@type":"EntryPoint","urlTemplate":"https:\/\/cooltivarte.com\/portal\/?s={search_term_string}"},"query-input":{"@type":"PropertyValueSpecification","valueRequired":true,"valueName":"search_term_string"}}],"inLanguage":"es-AR"},{"@type":"Organization","@id":"https:\/\/cooltivarte.com\/portal\/#organization","name":"cooltivarte","url":"https:\/\/cooltivarte.com\/portal\/","logo":{"@type":"ImageObject","inLanguage":"es-AR","@id":"https:\/\/cooltivarte.com\/portal\/#\/schema\/logo\/image\/","url":"https:\/\/cooltivarte.com\/portal\/wp-content\/uploads\/2020\/04\/logo-cooltivarte-v2.png","contentUrl":"https:\/\/cooltivarte.com\/portal\/wp-content\/uploads\/2020\/04\/logo-cooltivarte-v2.png","width":851,"height":243,"caption":"cooltivarte"},"image":{"@id":"https:\/\/cooltivarte.com\/portal\/#\/schema\/logo\/image\/"},"sameAs":["https:\/\/www.facebook.com\/cooltivartecom\/","https:\/\/x.com\/obolocultural","https:\/\/www.instagram.com\/_cooltivarte_\/","https:\/\/www.linkedin.com\/company\/-bolocultural?reportsuccess=8zaNG1HwhPbAR9iQhZ5rfGeqz_vQFftHun0ZWU0Wy9vNemRJ8vtcKdJvzQfW8XagyOJSKg0XvfJ1dp","https:\/\/www.pinterest.com\/cooltivarte\/","https:\/\/cooltivarte.tumblr.com\/","https:\/\/www.tiktok.com\/@cooltivarte","https:\/\/www.youtube.com\/@PrensaCooltivarte"]},{"@type":"Person","@id":"https:\/\/cooltivarte.com\/portal\/#\/schema\/person\/f2f309191818c8778b66e5f42dfa868d","name":"Claudio Alvarez Teran","image":{"@type":"ImageObject","inLanguage":"es-AR","@id":"https:\/\/cooltivarte.com\/portal\/wp-content\/uploads\/2022\/02\/claudio-120x120.jpg","url":"https:\/\/cooltivarte.com\/portal\/wp-content\/uploads\/2022\/02\/claudio-120x120.jpg","contentUrl":"https:\/\/cooltivarte.com\/portal\/wp-content\/uploads\/2022\/02\/claudio-120x120.jpg","caption":"Claudio Alvarez Teran"},"description":"Buenos Aires, Argentina Profesor en Escuela Polimodal Latinoam\u00e9rica Profesor en Fundaci\u00f3n de Altos Estudios Esteban Adrogu\u00e9 Profesor en Instituto Fodehum Profesor en Instituto Cielo Azul Coordinador General de Comunicaciones de la Confederaci\u00f3n Farmac\u00e9utica Argentina Dise\u00f1o Curricular de la Orientaci\u00f3n en Comunicaci\u00f3n de la Escuela Secundaria Orientada Ciclo Superior para la Direcci\u00f3n Provincial de Educaci\u00f3n Secundaria de la Direcci\u00f3n General de Cultura y Educaci\u00f3n de la Provincia de Buenos Aires. A\u00f1o 2009. Conferencia \u00abLas certezas de la Modernidad, las incertidumbres de la Posmodernidad\u00bb 2002-2006","sameAs":["http:\/\/alvarezteran.com.ar\/","http:\/\/www.facebook.com\/claudioateran","https:\/\/www.instagram.com\/_cooltivarte_\/","https:\/\/www.linkedin.com\/in\/claudio-alvarez-tern-98026218\/","https:\/\/www.pinterest.com\/cooltivarte","https:\/\/x.com\/http:\/\/twitter.com\/claudioateran","https:\/\/www.youtube.com\/user\/yoclaudio751\/featured","https:\/\/www.tumblr.com\/blog\/cooltivarte"],"url":"https:\/\/cooltivarte.com\/portal\/author\/claudio-alvarez-teran\/"}]}},"_links":{"self":[{"href":"https:\/\/cooltivarte.com\/portal\/wp-json\/wp\/v2\/posts\/70101","targetHints":{"allow":["GET"]}}],"collection":[{"href":"https:\/\/cooltivarte.com\/portal\/wp-json\/wp\/v2\/posts"}],"about":[{"href":"https:\/\/cooltivarte.com\/portal\/wp-json\/wp\/v2\/types\/post"}],"author":[{"embeddable":true,"href":"https:\/\/cooltivarte.com\/portal\/wp-json\/wp\/v2\/users\/186"}],"replies":[{"embeddable":true,"href":"https:\/\/cooltivarte.com\/portal\/wp-json\/wp\/v2\/comments?post=70101"}],"version-history":[{"count":7,"href":"https:\/\/cooltivarte.com\/portal\/wp-json\/wp\/v2\/posts\/70101\/revisions"}],"predecessor-version":[{"id":78771,"href":"https:\/\/cooltivarte.com\/portal\/wp-json\/wp\/v2\/posts\/70101\/revisions\/78771"}],"wp:featuredmedia":[{"embeddable":true,"href":"https:\/\/cooltivarte.com\/portal\/wp-json\/wp\/v2\/media\/70103"}],"wp:attachment":[{"href":"https:\/\/cooltivarte.com\/portal\/wp-json\/wp\/v2\/media?parent=70101"}],"wp:term":[{"taxonomy":"category","embeddable":true,"href":"https:\/\/cooltivarte.com\/portal\/wp-json\/wp\/v2\/categories?post=70101"},{"taxonomy":"post_tag","embeddable":true,"href":"https:\/\/cooltivarte.com\/portal\/wp-json\/wp\/v2\/tags?post=70101"}],"curies":[{"name":"wp","href":"https:\/\/api.w.org\/{rel}","templated":true}]}}