{"id":68880,"date":"2021-05-26T10:32:50","date_gmt":"2021-05-26T13:32:50","guid":{"rendered":"https:\/\/cooltivarte.com\/portal\/?p=68880"},"modified":"2026-03-16T15:06:07","modified_gmt":"2026-03-16T18:06:07","slug":"carlos-quintana-ciclo-tu-burbuja-pinchare-arte-y-pandemia","status":"publish","type":"post","link":"https:\/\/cooltivarte.com\/portal\/carlos-quintana-ciclo-tu-burbuja-pinchare-arte-y-pandemia\/","title":{"rendered":"Carlos Quintana \u2013 CICLO: TU BURBUJA PINCHAR\u00c9. ARTE Y PANDEMIA"},"content":{"rendered":"\r\n<figure id=\"attachment_68884\" aria-describedby=\"caption-attachment-68884\" style=\"width: 1024px\" class=\"wp-caption aligncenter\"><img fetchpriority=\"high\" decoding=\"async\" class=\"wp-image-68884 size-large\" title=\"Carlos Quintana - Neuroexplosiones - Agosto 2014 - Sala Zitarrosa Fotograf\u00edas - Michelle Altier\" src=\"https:\/\/cooltivarte.com\/portal\/wp-content\/uploads\/2021\/05\/Carlos-Quintana-Neuroexplosiones-Agosto-2014-Sala-Zitarrosa-Fotografias-Michelle-Altier-www-cooltivarte-com-1024x700.jpg\" alt=\"Carlos Quintana - Neuroexplosiones - Agosto 2014 - Sala Zitarrosa Fotograf\u00edas - Michelle Altier\" width=\"1024\" height=\"700\" srcset=\"https:\/\/cooltivarte.com\/portal\/wp-content\/uploads\/2021\/05\/Carlos-Quintana-Neuroexplosiones-Agosto-2014-Sala-Zitarrosa-Fotografias-Michelle-Altier-www-cooltivarte-com-1024x700.jpg 1024w, https:\/\/cooltivarte.com\/portal\/wp-content\/uploads\/2021\/05\/Carlos-Quintana-Neuroexplosiones-Agosto-2014-Sala-Zitarrosa-Fotografias-Michelle-Altier-www-cooltivarte-com-300x205.jpg 300w, https:\/\/cooltivarte.com\/portal\/wp-content\/uploads\/2021\/05\/Carlos-Quintana-Neuroexplosiones-Agosto-2014-Sala-Zitarrosa-Fotografias-Michelle-Altier-www-cooltivarte-com-768x525.jpg 768w, https:\/\/cooltivarte.com\/portal\/wp-content\/uploads\/2021\/05\/Carlos-Quintana-Neuroexplosiones-Agosto-2014-Sala-Zitarrosa-Fotografias-Michelle-Altier-www-cooltivarte-com.jpg 1060w\" sizes=\"(max-width: 1024px) 100vw, 1024px\" \/><figcaption id=\"caption-attachment-68884\" class=\"wp-caption-text\">Carlos Quintana &#8211; Neuroexplosiones &#8211; Agosto 2014 &#8211; Sala Zitarrosa Fotograf\u00edas &#8211; Michelle Altier<\/figcaption><\/figure>\r\n<p>&nbsp;<\/p>\r\n<p>Contin\u00faa el ciclo &#8220;<strong><em>Tu burbuja pinchar\u00e9<\/em><\/strong>&#8220;, sobre la complicada situaci\u00f3n que viven los artistas en esta \u00e9poca de pandemia, con la posterior medida del cierre de los espacios art\u00edsticos.<\/p>\r\n\r\n\r\n\r\n<p>La falta de trabajo, incertidumbre econ\u00f3mica, injusticias, frustraciones, medidas concretas, propuestas y posibles alternativas; de todo eso trata este ciclo.<\/p>\r\n\r\n\r\n\r\n<p>Intentamos que los propios protagonistas, desde adentro, puedan comentar su situaci\u00f3n y qu\u00e9 medidas pueden tomarse para mejorar.<\/p>\r\n\r\n\r\n\r\n<p>Esta vez nos da su opini\u00f3n respecto al tema el artista <a href=\"https:\/\/cooltivarte.com\/portal\/?s=Carlos+Quintana\" target=\"_blank\" rel=\"noreferrer noopener\"><strong>Carlos Quintana<\/strong><\/a>.<br \/><br \/><br \/><\/p>\r\n\r\n\r\n\r\n<p>&nbsp;<\/p>\r\n\r\n\r\n\r\n<p>\u00bf<strong>C\u00f3mo ven\u00eds desarrollando tu actividad en la pandemia?<\/strong><\/p>\r\n\r\n\r\n\r\n<p>-Bastante bien, comparado con otros colegas y trabajadores en general. Siempre es dif\u00edcil para los artistas. Infinitamente m\u00e1s dif\u00edcil de lo que se pueda pensar. Aun as\u00ed, han logrado empeorar las cosas, aunque mi tarea docente no se resinti\u00f3 mucho.<br \/><br \/><br \/>\u00bf<strong>Cu\u00e1les han sido las principales dificultades que te trajeron las medidas a causa del covid?<\/strong><\/p>\r\n\r\n\r\n\r\n<p>-El da\u00f1o al intelecto de la poblaci\u00f3n tal vez sea lo m\u00e1s grave, pero la disminuci\u00f3n de los ingresos es lo que m\u00e1s incomodidad genera. Las medidas han perjudicado innecesariamente a la educaci\u00f3n y a todo lo que eso significa. Los aspectos emocionales de ni\u00f1os y adolescentes, no han sido tomados en cuenta por las autoridades a cargo. Entiendo que nadie estaba preparado para un evento mundial de estas caracter\u00edsticas, pero no evaluar los perjuicios a los seres en desarrollo, denotando falta de criterio y de coherencia, me resulta imperdonable. De la repercusi\u00f3n absolutamente negativa de las medidas en el sector del Arte y los Artistas, ni hablamos, pero no debemos olvidar que hay much\u00edsima gente en diferentes sectores que ha sido muy afectada.<br \/><br \/><strong>\u00bfQu\u00e9 medidas concretas pens\u00e1s que puede o debe impulsar el Estado para reactivar tu disciplina art\u00edstica?<\/strong><\/p>\r\n\r\n\r\n\r\n<p>-Eso es muy dif\u00edcil de responder. El Estado tiene que poner dinero, no solo para los artistas. Pero si al Arte nos referimos, deber\u00edamos empezar por tener autoridades que crean en el arte como mecanismo de mejora de la ciudadan\u00eda y comprendan el alcance y significado del Arte. Gente que entienda la expresi\u00f3n art\u00edstica m\u00e1s all\u00e1 de las tendencias comerciales de turno y m\u00e1s all\u00e1 del amiguismo y\/o la politiquer\u00eda.<br \/><br \/><br \/><strong>\u00bfQu\u00e9 medidas o acciones pueden impulsar los propios artistas para mejorar la actual situaci\u00f3n de par\u00e1lisis y p\u00e9rdida?<\/strong><\/p>\r\n\r\n\r\n\r\n<p>-No s\u00e9\u2026me parece que no hay mucho que pueda hacerse. No aceptar las condiciones impuestas y no salir desesperado a regalarse puede ser algo bueno. En mi opini\u00f3n se ha banalizado mucho la cosa. En ocasiones, la falta de \u00e9tica y de compromiso con la profesi\u00f3n y los colegas de los propios trabajadores del \u00b4\u00b4Arte\u00b4\u00b4, le quita credibilidad al sector y la cosa se debilita a\u00fan m\u00e1s.<br \/><br \/><br \/><strong>\u00bfQu\u00e9 papel juega la educaci\u00f3n en relaci\u00f3n con la formaci\u00f3n de p\u00fablico?<\/strong><\/p>\r\n\r\n\r\n\r\n<p>-Fundamental. Es la base de todo. La educaci\u00f3n, la tan mentada educaci\u00f3n de la que tanto se habla y por la que tan poco se hace, es la gran herramienta para mejorar la vida de las personas, pero sigue sin usarse debidamente. No parece ser parte de las \u00b4\u00b4Agendas\u00b4\u00b4 de los gobernantes formar individuos capaces de analizar correctamente las cosas y diferenciar entre los que es bueno para sus hijos y lo que no.<br \/><br \/><br \/><strong>\u00bfY desde los medios de comunicaci\u00f3n, que entiendes se puede hacer?<\/strong><\/p>\r\n\r\n\r\n\r\n<p>-Los medios de comunicaci\u00f3n podr\u00edan ser si quisieran, los grandes abanderados de las mejoras sociales, culturales y educativas en general, pero parad\u00f3jicamente operan en total sentido contrario a las necesidades reales de la poblaci\u00f3n.<\/p>\r\n\r\n\r\n\r\n<p>\u00bf<strong>La virtualidad genera posibilidades nuevas para los \u00e1mbitos culturales?<\/strong><\/p>\r\n\r\n\r\n\r\n<p>-La virtualidad no puede evaluarse en funci\u00f3n de actividades espec\u00edficas. En algunos casos creo que puede sumar y hasta generar cosas positivas pero nunca sustituir la interacci\u00f3n humana. La energ\u00eda de estar presente no puede competir con pantallas que se ven mal y se escuchan peor.<br \/><br \/><\/p>\r\n<p><iframe title=\"Carlos Quintana - Autosimilitud (Multiverso, 2019)\" src=\"https:\/\/www.youtube.com\/embed\/cRb5Vv23Cjo?si=PBlRkNlE-fX77Fft\" width=\"100%\" height=\"515\" frameborder=\"0\" allowfullscreen=\"allowfullscreen\"><span style=\"display: inline-block; width: 0px; overflow: hidden; line-height: 0;\" data-mce-type=\"bookmark\" class=\"mce_SELRES_start\">\ufeff<\/span><\/iframe><\/p>\r\n<p><br \/><br \/><strong><a href=\"https:\/\/cooltivarte.com\/portal\/?s=Carlos+Quintana\" target=\"_blank\" rel=\"noreferrer noopener\">Carlos Quintana<\/a><\/strong> es un m\u00fasico guitarrista, compositor, cantante, arreglador y productor art\u00edstico nacido en Montevideo.<\/p>\r\n\r\n\r\n\r\n<p>Su desempe\u00f1o como guitarrista le permiti\u00f3 formar parte de las bandas de los principales referentes de la m\u00fasica uruguaya, como por ejemplo: <a href=\"https:\/\/cooltivarte.com\/portal\/?s=Hugo+Fattoruso\" target=\"_blank\" rel=\"noreferrer noopener\">Hugo Fattoruso<\/a>, <a href=\"https:\/\/cooltivarte.com\/portal\/?s=Jaime+Roos\" target=\"_blank\" rel=\"noreferrer noopener\">Jaime Roos<\/a>, <a href=\"https:\/\/cooltivarte.com\/portal\/?s=Rub\u00e9n+Rada\" target=\"_blank\" rel=\"noreferrer noopener\">Rub\u00e9n Rada<\/a>, <a href=\"https:\/\/cooltivarte.com\/portal\/?s=Leo+Masl\u00edah\" target=\"_blank\" rel=\"noreferrer noopener\">Leo Masl\u00edah<\/a>, <a href=\"https:\/\/cooltivarte.com\/portal\/?s=Osvaldo+Fattoruso\" target=\"_blank\" rel=\"noreferrer noopener\">Osvaldo Fattoruso<\/a>, <a href=\"https:\/\/cooltivarte.com\/portal\/?s=Jos\u00e9+Carbajal\" target=\"_blank\" rel=\"noreferrer noopener\">Jos\u00e9 Carbajal<\/a> \u201cEl Sabalero\u201d, <a href=\"https:\/\/cooltivarte.com\/portal\/?s=Canario+Luna\" target=\"_blank\" rel=\"noreferrer noopener\">Canario Luna<\/a>, <a href=\"https:\/\/cooltivarte.com\/portal\/?s=Mariana+Ingold\" target=\"_blank\" rel=\"noreferrer noopener\">Mariana Ingold<\/a>, <a href=\"https:\/\/cooltivarte.com\/portal\/?s=Alberto+Magnone\" target=\"_blank\" rel=\"noreferrer noopener\">Alberto Magnone<\/a>, <a href=\"https:\/\/cooltivarte.com\/portal\/?s=Jorge+Galemire\" target=\"_blank\" rel=\"noreferrer noopener\">Jorge Galemire<\/a>, entre los m\u00e1s destacados.<\/p>\r\n\r\n\r\n\r\n<p>Form\u00f3 parte de 4 grupos de notoria influencia en la m\u00fasica popular \u201cfusi\u00f3n\u201d de Uruguay, a saber: <strong>DELANUKA<\/strong>, <strong>LOS PUSIL\u00c1NIMES<\/strong>,<strong> REPIQUE<\/strong> y <strong>PELIGRO DE MURGA<\/strong>.<\/p>\r\n\r\n\r\n\r\n<p>Ha compuesto m\u00fasica para teatro, cortos de video y para espect\u00e1culos de murga.<\/p>\r\n\r\n\r\n\r\n<p>Tiene 4 discos solistas: <strong>Ignominia<\/strong>,<strong> Canciones transparentes<\/strong>, <strong>Neuroexplosiones<\/strong> y <strong>Multiverso<\/strong>. Estos dos \u00faltimos realizados con el apoyo del FONAM.<\/p>\r\n\r\n\r\n\r\n<p>Le fue otorgada la beca FEFCA de creaci\u00f3n Justino Zavala Muniz 2012.<br \/>Tambi\u00e9n cuenta con una gran trayectoria como m\u00fasico de sesi\u00f3n.<\/p>\r\n\r\n\r\n\r\n<p><strong>M\u00fasica para teatro:<\/strong><br \/>Florencio y el conventillo &#8211; Direcci\u00f3n <strong>C\u00e9sar D\u00edaz<\/strong><br \/>A Marruecos por hach\u00eds &#8211; Direcci\u00f3n <strong>Jorge Denevi<\/strong><br \/>Agridulce &#8211; Direcci\u00f3n <strong>Sandra Bartolomeo<\/strong><br \/>Nuestro Hermano Direcci\u00f3n <strong>Javier Iglesias<\/strong><\/p>\r\n\r\n\r\n\r\n<p>Su propuesta ha sido varias veces defi- nida como ecl\u00e9ctica y llena de sorpresas.<\/p>\r\n\r\n\r\n\r\n<p>Cuenta adem\u00e1s con una larga trayectoria como docente en el \u00e1rea de guitarra el\u00e9ctrica, guitarra popular, improvisaci\u00f3n y armon\u00eda. Adem\u00e1s de las clases particulares a estudiantes de diferentes instrumentos, ha trabajado en escuelas de m\u00fasica, como Yamaha, Movimiento Cultural Jazz a la Calle y Taller Uruguayo de M\u00fasica Popular (TUMP) d\u00f3nde se desempe\u00f1a actualmente en diferentes \u00e1reas.<\/p>\r\n\r\n\r\n\r\n<p>Dirige la \u00b4\u00b4Orquesta Inestable\u00b4\u00b4 del Tump. Un grupo integrado por docentes de dicha instituci\u00f3n y que realizan un repertorio basado en compositores uruguayos como Jorge Galemire, Gustavo Pena y Jorge Lazaroff, entre otros<br \/>Tambi\u00e9n se encuentra al frente de la producci\u00f3n art\u00edstica del \u00e1lbum debut del grupo Espacio Reducido que se encuentra en proceso.<br \/><br \/><\/p>\r\n<p>&nbsp;<\/p>\r\n<p>&nbsp;<\/p>\r\n<p><iframe title=\"Spotify Embed: Carlos Quintana\" style=\"border-radius: 12px\" width=\"100%\" height=\"352\" frameborder=\"0\" allowfullscreen allow=\"autoplay; clipboard-write; encrypted-media; fullscreen; picture-in-picture\" loading=\"lazy\" src=\"https:\/\/open.spotify.com\/embed\/artist\/0AwDr1u0zxFKrj7TzvJlOk?si=qJsrKFGTS4GWuEWOQ7bFxg&amp;utm_source=oembed\"><\/iframe><\/p>\r\n\r\n\r\n\r\n<figure class=\"wp-block-embed is-type-rich is-provider-spotify wp-block-embed-spotify wp-embed-aspect-9-16 wp-has-aspect-ratio\"><\/figure>\r\n<figure class=\"wp-block-embed is-type-rich is-provider-spotify wp-block-embed-spotify wp-embed-aspect-9-16 wp-has-aspect-ratio\">\r\n<div class=\"wp-block-embed__wrapper\">&nbsp;<\/div>\r\n<\/figure>\r\n\r\n\r\n\r\n<p>&nbsp;<\/p>\r\n\r\n\r\n\r\n<p><a href=\"https:\/\/www.instagram.com\/carlos.quintana.129\/\" target=\"_blank\" rel=\"noreferrer noopener\">https:\/\/www.instagram.com\/carlos.quintana.129\/<\/a><\/p>\r\n\r\n\r\n\r\n<p>&nbsp;<\/p>\r\n\r\n\r\n\r\n<p><a href=\"https:\/\/www.facebook.com\/carlos.quintana.129\" target=\"_blank\" rel=\"noreferrer noopener\">https:\/\/www.facebook.com\/carlos.quintana.129<\/a><br \/><br \/><br \/><br \/><\/p>\r\n\r\n\r\n\r\n<p><br \/>Imagen portada &#8211; Archivo: <a href=\"https:\/\/cooltivarte.com\/portal\/carlos-quintana-presenta-neuroexplosiones\/\" target=\"_blank\" rel=\"noreferrer noopener\">Carlos Quintana &#8211; Neuroexplosiones<\/a> &#8211; Agosto 2014 &#8211; Sala Zitarrosa &#8211; Fotograf\u00edas &#8211; <strong><a href=\"https:\/\/cooltivarte.com\/portal\/author\/michelle\/\" target=\"_blank\" rel=\"noreferrer noopener\">Michelle Altier<\/a><\/strong><\/p>\r\n\r\n\r\n\r\n<p>&nbsp;<\/p>\r\n\r\n\r\n\r\n<p>&nbsp;<\/p>\r\n","protected":false},"excerpt":{"rendered":"<p>Contin\u00faa el ciclo &#8220;Tu burbuja pinchar\u00e9&#8221;, sobre la complicada situaci\u00f3n que viven los artistas en esta \u00e9poca de pandemia, con la posterior medida del cierre de los espacios art\u00edsticos.<\/p>\n<p>La falta de trabajo, incertidumbre econ\u00f3mica, injusticias, frustraciones, medidas concretas, propuestas y posibles alternativas; de todo eso trata este ciclo.<\/p>\n<p>Intentamos que los propios protagonistas, desde adentro, puedan comentar su situaci\u00f3n y qu\u00e9 medidas pueden tomarse para mejorar.<\/p>\n<p>Esta vez nos da su opini\u00f3n respecto al tema el artista Carlos Quintana.<\/p>\n","protected":false},"author":10,"featured_media":68884,"comment_status":"closed","ping_status":"closed","sticky":false,"template":"","format":"standard","meta":{"om_disable_all_campaigns":false,"ngg_post_thumbnail":0,"jnews-multi-image_gallery":[],"jnews_single_post":{"format":"standard","override":[{"template":"4","parallax":"1","layout":"right-sidebar","sidebar":"default-sidebar","second_sidebar":"default-sidebar","sticky_sidebar":"1","share_position":"bottom","share_float_style":"share-monocrhome","show_share_counter":"1","show_view_counter":"1","show_featured":"1","show_post_meta":"1","show_post_author":"1","show_post_author_image":"1","show_post_date":"1","post_date_format":"default","post_date_format_custom":"Y\/m\/d","show_post_category":"1","post_reading_time_wpm":"300","post_calculate_word_method":"str_word_count","zoom_button_out_step":"2","zoom_button_in_step":"3","show_post_tag":"1","show_prev_next_post":"1","show_popup_post":"1","show_comment_section":"1","number_popup_post":"1","show_author_box":"1","show_post_related":"0","show_inline_post_related":"0"}],"image_override":[{"single_post_thumbnail_size":"no-crop","single_post_gallery_size":"crop-500"}],"trending_post_position":"meta","trending_post_label":"Trending","sponsored_post_label":"Sponsored by","disable_ad":"0","subtitle":""},"jnews_primary_category":[],"jnews_social_meta":[],"jnews_override_counter":{"view_counter_number":"0","share_counter_number":"0","like_counter_number":"0","dislike_counter_number":"0"},"footnotes":""},"categories":[13361],"tags":[10122,155,1149,156,280,13603],"class_list":["post-68880","post","type-post","status-publish","format-standard","has-post-thumbnail","hentry","category-tu-burbuja-pinchare","tag-arreglador","tag-cantante","tag-carlos-quintana","tag-compositor","tag-musico","tag-productor-artistico"],"yoast_head":"<!-- This site is optimized with the Yoast SEO plugin v27.5 - https:\/\/yoast.com\/product\/yoast-seo-wordpress\/ -->\n<title>Carlos Quintana \u2013 CICLO: TU BURBUJA PINCHAR\u00c9. ARTE Y PANDEMIA - Cooltivarte Portal<\/title>\n<meta name=\"description\" content=\"Contin\u00faa el ciclo \u00abTu burbuja pinchar\u00e9\u00ab, sobre la complicada situaci\u00f3n que viven los artistas en esta \u00e9poca de pandemia, con la posterior medida del cierre de los espacios art\u00edsticos.\" \/>\n<meta name=\"robots\" content=\"index, follow, max-snippet:-1, max-image-preview:large, max-video-preview:-1\" \/>\n<link rel=\"canonical\" href=\"https:\/\/cooltivarte.com\/portal\/carlos-quintana-ciclo-tu-burbuja-pinchare-arte-y-pandemia\/\" \/>\n<meta property=\"og:locale\" content=\"es_ES\" \/>\n<meta property=\"og:type\" content=\"article\" \/>\n<meta property=\"og:title\" content=\"Carlos Quintana \u2013 CICLO: TU BURBUJA PINCHAR\u00c9. ARTE Y PANDEMIA\" \/>\n<meta property=\"og:description\" content=\"Contin\u00faa el ciclo \u00abTu burbuja pinchar\u00e9\u00ab, sobre la complicada situaci\u00f3n que viven los artistas en esta \u00e9poca de pandemia, con la posterior medida del cierre de los espacios art\u00edsticos.\" \/>\n<meta property=\"og:url\" content=\"https:\/\/cooltivarte.com\/portal\/carlos-quintana-ciclo-tu-burbuja-pinchare-arte-y-pandemia\/\" \/>\n<meta property=\"og:site_name\" content=\"Cooltivarte Portal\" \/>\n<meta property=\"article:publisher\" content=\"https:\/\/www.facebook.com\/cooltivartecom\/\" \/>\n<meta property=\"article:author\" content=\"https:\/\/www.facebook.com\/mauricio.conde.1420\" \/>\n<meta property=\"article:published_time\" content=\"2021-05-26T13:32:50+00:00\" \/>\n<meta property=\"article:modified_time\" content=\"2026-03-16T18:06:07+00:00\" \/>\n<meta property=\"og:image\" content=\"https:\/\/cooltivarte.com\/portal\/wp-content\/uploads\/2021\/05\/Carlos-Quintana-Neuroexplosiones-Agosto-2014-Sala-Zitarrosa-Fotografias-Michelle-Altier-www-cooltivarte-com.jpg\" \/>\n\t<meta property=\"og:image:width\" content=\"1060\" \/>\n\t<meta property=\"og:image:height\" content=\"725\" \/>\n\t<meta property=\"og:image:type\" content=\"image\/jpeg\" \/>\n<meta name=\"author\" content=\"Mauricio Conde\" \/>\n<meta name=\"twitter:card\" content=\"summary_large_image\" \/>\n<meta name=\"twitter:title\" content=\"Carlos Quintana \u2013 CICLO: TU BURBUJA PINCHAR\u00c9. ARTE Y PANDEMIA\" \/>\n<meta name=\"twitter:description\" content=\"Contin\u00faa el ciclo \u00abTu burbuja pinchar\u00e9\u00ab, sobre la complicada situaci\u00f3n que viven los artistas en esta \u00e9poca de pandemia, con la posterior medida del cierre de los espacios art\u00edsticos.\" \/>\n<meta name=\"twitter:image\" content=\"https:\/\/cooltivarte.com\/portal\/wp-content\/uploads\/2021\/05\/Carlos-Quintana-Neuroexplosiones-Agosto-2014-Sala-Zitarrosa-Fotografias-Michelle-Altier-www-cooltivarte-com.jpg\" \/>\n<meta name=\"twitter:creator\" content=\"@https:\/\/x.com\/obolocultural\" \/>\n<meta name=\"twitter:site\" content=\"@obolocultural\" \/>\n<meta name=\"twitter:label1\" content=\"Escrito por\" \/>\n\t<meta name=\"twitter:data1\" content=\"Mauricio Conde\" \/>\n\t<meta name=\"twitter:label2\" content=\"Tiempo de lectura\" \/>\n\t<meta name=\"twitter:data2\" content=\"5 minutos\" \/>\n<!-- \/ Yoast SEO plugin. -->","yoast_head_json":{"title":"Carlos Quintana \u2013 CICLO: TU BURBUJA PINCHAR\u00c9. ARTE Y PANDEMIA - Cooltivarte Portal","description":"Contin\u00faa el ciclo \u00abTu burbuja pinchar\u00e9\u00ab, sobre la complicada situaci\u00f3n que viven los artistas en esta \u00e9poca de pandemia, con la posterior medida del cierre de los espacios art\u00edsticos.","robots":{"index":"index","follow":"follow","max-snippet":"max-snippet:-1","max-image-preview":"max-image-preview:large","max-video-preview":"max-video-preview:-1"},"canonical":"https:\/\/cooltivarte.com\/portal\/carlos-quintana-ciclo-tu-burbuja-pinchare-arte-y-pandemia\/","og_locale":"es_ES","og_type":"article","og_title":"Carlos Quintana \u2013 CICLO: TU BURBUJA PINCHAR\u00c9. ARTE Y PANDEMIA","og_description":"Contin\u00faa el ciclo \u00abTu burbuja pinchar\u00e9\u00ab, sobre la complicada situaci\u00f3n que viven los artistas en esta \u00e9poca de pandemia, con la posterior medida del cierre de los espacios art\u00edsticos.","og_url":"https:\/\/cooltivarte.com\/portal\/carlos-quintana-ciclo-tu-burbuja-pinchare-arte-y-pandemia\/","og_site_name":"Cooltivarte Portal","article_publisher":"https:\/\/www.facebook.com\/cooltivartecom\/","article_author":"https:\/\/www.facebook.com\/mauricio.conde.1420","article_published_time":"2021-05-26T13:32:50+00:00","article_modified_time":"2026-03-16T18:06:07+00:00","og_image":[{"width":1060,"height":725,"url":"https:\/\/cooltivarte.com\/portal\/wp-content\/uploads\/2021\/05\/Carlos-Quintana-Neuroexplosiones-Agosto-2014-Sala-Zitarrosa-Fotografias-Michelle-Altier-www-cooltivarte-com.jpg","type":"image\/jpeg"}],"author":"Mauricio Conde","twitter_card":"summary_large_image","twitter_title":"Carlos Quintana \u2013 CICLO: TU BURBUJA PINCHAR\u00c9. ARTE Y PANDEMIA","twitter_description":"Contin\u00faa el ciclo \u00abTu burbuja pinchar\u00e9\u00ab, sobre la complicada situaci\u00f3n que viven los artistas en esta \u00e9poca de pandemia, con la posterior medida del cierre de los espacios art\u00edsticos.","twitter_image":"https:\/\/cooltivarte.com\/portal\/wp-content\/uploads\/2021\/05\/Carlos-Quintana-Neuroexplosiones-Agosto-2014-Sala-Zitarrosa-Fotografias-Michelle-Altier-www-cooltivarte-com.jpg","twitter_creator":"@https:\/\/x.com\/obolocultural","twitter_site":"@obolocultural","twitter_misc":{"Escrito por":"Mauricio Conde","Tiempo de lectura":"5 minutos"},"schema":{"@context":"https:\/\/schema.org","@graph":[{"@type":"NewsArticle","@id":"https:\/\/cooltivarte.com\/portal\/carlos-quintana-ciclo-tu-burbuja-pinchare-arte-y-pandemia\/#article","isPartOf":{"@id":"https:\/\/cooltivarte.com\/portal\/carlos-quintana-ciclo-tu-burbuja-pinchare-arte-y-pandemia\/"},"author":{"name":"Mauricio Conde","@id":"https:\/\/cooltivarte.com\/portal\/#\/schema\/person\/dc149811efaf4777782d9d88fec544be"},"headline":"Carlos Quintana \u2013 CICLO: TU BURBUJA PINCHAR\u00c9. ARTE Y PANDEMIA","datePublished":"2021-05-26T13:32:50+00:00","dateModified":"2026-03-16T18:06:07+00:00","mainEntityOfPage":{"@id":"https:\/\/cooltivarte.com\/portal\/carlos-quintana-ciclo-tu-burbuja-pinchare-arte-y-pandemia\/"},"wordCount":1096,"publisher":{"@id":"https:\/\/cooltivarte.com\/portal\/#organization"},"image":{"@id":"https:\/\/cooltivarte.com\/portal\/carlos-quintana-ciclo-tu-burbuja-pinchare-arte-y-pandemia\/#primaryimage"},"thumbnailUrl":"https:\/\/cooltivarte.com\/portal\/wp-content\/uploads\/2021\/05\/Carlos-Quintana-Neuroexplosiones-Agosto-2014-Sala-Zitarrosa-Fotografias-Michelle-Altier-www-cooltivarte-com.jpg","keywords":["arreglador","cantante","Carlos Quintana","compositor","M\u00fasico","productor art\u00edstico"],"articleSection":["Tu Burbuja Pinchar\u00e9"],"inLanguage":"es-AR"},{"@type":"WebPage","@id":"https:\/\/cooltivarte.com\/portal\/carlos-quintana-ciclo-tu-burbuja-pinchare-arte-y-pandemia\/","url":"https:\/\/cooltivarte.com\/portal\/carlos-quintana-ciclo-tu-burbuja-pinchare-arte-y-pandemia\/","name":"Carlos Quintana \u2013 CICLO: TU BURBUJA PINCHAR\u00c9. ARTE Y PANDEMIA - Cooltivarte Portal","isPartOf":{"@id":"https:\/\/cooltivarte.com\/portal\/#website"},"primaryImageOfPage":{"@id":"https:\/\/cooltivarte.com\/portal\/carlos-quintana-ciclo-tu-burbuja-pinchare-arte-y-pandemia\/#primaryimage"},"image":{"@id":"https:\/\/cooltivarte.com\/portal\/carlos-quintana-ciclo-tu-burbuja-pinchare-arte-y-pandemia\/#primaryimage"},"thumbnailUrl":"https:\/\/cooltivarte.com\/portal\/wp-content\/uploads\/2021\/05\/Carlos-Quintana-Neuroexplosiones-Agosto-2014-Sala-Zitarrosa-Fotografias-Michelle-Altier-www-cooltivarte-com.jpg","datePublished":"2021-05-26T13:32:50+00:00","dateModified":"2026-03-16T18:06:07+00:00","description":"Contin\u00faa el ciclo \u00abTu burbuja pinchar\u00e9\u00ab, sobre la complicada situaci\u00f3n que viven los artistas en esta \u00e9poca de pandemia, con la posterior medida del cierre de los espacios art\u00edsticos.","breadcrumb":{"@id":"https:\/\/cooltivarte.com\/portal\/carlos-quintana-ciclo-tu-burbuja-pinchare-arte-y-pandemia\/#breadcrumb"},"inLanguage":"es-AR","potentialAction":[{"@type":"ReadAction","target":["https:\/\/cooltivarte.com\/portal\/carlos-quintana-ciclo-tu-burbuja-pinchare-arte-y-pandemia\/"]}]},{"@type":"ImageObject","inLanguage":"es-AR","@id":"https:\/\/cooltivarte.com\/portal\/carlos-quintana-ciclo-tu-burbuja-pinchare-arte-y-pandemia\/#primaryimage","url":"https:\/\/cooltivarte.com\/portal\/wp-content\/uploads\/2021\/05\/Carlos-Quintana-Neuroexplosiones-Agosto-2014-Sala-Zitarrosa-Fotografias-Michelle-Altier-www-cooltivarte-com.jpg","contentUrl":"https:\/\/cooltivarte.com\/portal\/wp-content\/uploads\/2021\/05\/Carlos-Quintana-Neuroexplosiones-Agosto-2014-Sala-Zitarrosa-Fotografias-Michelle-Altier-www-cooltivarte-com.jpg","width":1060,"height":725,"caption":"Carlos Quintana - Neuroexplosiones - Agosto 2014 - Sala Zitarrosa Fotograf\u00edas - Michelle Altier www.cooltivarte.com"},{"@type":"BreadcrumbList","@id":"https:\/\/cooltivarte.com\/portal\/carlos-quintana-ciclo-tu-burbuja-pinchare-arte-y-pandemia\/#breadcrumb","itemListElement":[{"@type":"ListItem","position":1,"name":"Portada","item":"https:\/\/cooltivarte.com\/portal\/"},{"@type":"ListItem","position":2,"name":"Carlos Quintana \u2013 CICLO: TU BURBUJA PINCHAR\u00c9. ARTE Y PANDEMIA"}]},{"@type":"WebSite","@id":"https:\/\/cooltivarte.com\/portal\/#website","url":"https:\/\/cooltivarte.com\/portal\/","name":"Cooltivarte Portal","description":"Arte, cultura y turismo para el mundo ...","publisher":{"@id":"https:\/\/cooltivarte.com\/portal\/#organization"},"potentialAction":[{"@type":"SearchAction","target":{"@type":"EntryPoint","urlTemplate":"https:\/\/cooltivarte.com\/portal\/?s={search_term_string}"},"query-input":{"@type":"PropertyValueSpecification","valueRequired":true,"valueName":"search_term_string"}}],"inLanguage":"es-AR"},{"@type":"Organization","@id":"https:\/\/cooltivarte.com\/portal\/#organization","name":"cooltivarte","url":"https:\/\/cooltivarte.com\/portal\/","logo":{"@type":"ImageObject","inLanguage":"es-AR","@id":"https:\/\/cooltivarte.com\/portal\/#\/schema\/logo\/image\/","url":"https:\/\/cooltivarte.com\/portal\/wp-content\/uploads\/2020\/04\/logo-cooltivarte-v2.png","contentUrl":"https:\/\/cooltivarte.com\/portal\/wp-content\/uploads\/2020\/04\/logo-cooltivarte-v2.png","width":851,"height":243,"caption":"cooltivarte"},"image":{"@id":"https:\/\/cooltivarte.com\/portal\/#\/schema\/logo\/image\/"},"sameAs":["https:\/\/www.facebook.com\/cooltivartecom\/","https:\/\/x.com\/obolocultural","https:\/\/www.instagram.com\/_cooltivarte_\/","https:\/\/www.linkedin.com\/company\/-bolocultural?reportsuccess=8zaNG1HwhPbAR9iQhZ5rfGeqz_vQFftHun0ZWU0Wy9vNemRJ8vtcKdJvzQfW8XagyOJSKg0XvfJ1dp","https:\/\/www.pinterest.com\/cooltivarte\/","https:\/\/cooltivarte.tumblr.com\/","https:\/\/www.tiktok.com\/@cooltivarte","https:\/\/www.youtube.com\/@PrensaCooltivarte"]},{"@type":"Person","@id":"https:\/\/cooltivarte.com\/portal\/#\/schema\/person\/dc149811efaf4777782d9d88fec544be","name":"Mauricio Conde","image":{"@type":"ImageObject","inLanguage":"es-AR","@id":"https:\/\/cooltivarte.com\/portal\/wp-content\/uploads\/2015\/03\/fotomconde-120x120.jpg","url":"https:\/\/cooltivarte.com\/portal\/wp-content\/uploads\/2015\/03\/fotomconde-120x120.jpg","contentUrl":"https:\/\/cooltivarte.com\/portal\/wp-content\/uploads\/2015\/03\/fotomconde-120x120.jpg","caption":"Mauricio Conde"},"description":"Naci\u00f3 en San Jos\u00e9 el 23 de mayo de 1983. En 2010 conoci\u00f3 a Federico Meneses, impulsor de \u00f3bolo cultural y m\u00e1s tarde de cooltivarte.com, y se incorpor\u00f3 como co-director y editor responsable de ese medio digital. En COOLTIVARTE tambi\u00e9n redacta y dise\u00f1a art\u00edculos, entrevistas e informaci\u00f3n sobre el quehacer art\u00edstico y cultural existente en el pa\u00eds. Siempre curioso por seguir aprendiendo elementos vinculados a la cultura, el arte y la educaci\u00f3n.","sameAs":["https:\/\/www.cooltivarte.com","https:\/\/www.facebook.com\/mauricio.conde.1420","https:\/\/www.instagram.com\/_cooltivarte_\/","https:\/\/www.linkedin.com\/company\/-bolocultural","https:\/\/www.pinterest.com\/cooltivarte","https:\/\/x.com\/https:\/\/x.com\/obolocultural","https:\/\/www.youtube.com\/@PrensaCooltivarte","https:\/\/www.tumblr.com\/blog\/cooltivarte"],"url":"https:\/\/cooltivarte.com\/portal\/author\/mauricio\/"}]}},"_links":{"self":[{"href":"https:\/\/cooltivarte.com\/portal\/wp-json\/wp\/v2\/posts\/68880","targetHints":{"allow":["GET"]}}],"collection":[{"href":"https:\/\/cooltivarte.com\/portal\/wp-json\/wp\/v2\/posts"}],"about":[{"href":"https:\/\/cooltivarte.com\/portal\/wp-json\/wp\/v2\/types\/post"}],"author":[{"embeddable":true,"href":"https:\/\/cooltivarte.com\/portal\/wp-json\/wp\/v2\/users\/10"}],"replies":[{"embeddable":true,"href":"https:\/\/cooltivarte.com\/portal\/wp-json\/wp\/v2\/comments?post=68880"}],"version-history":[{"count":14,"href":"https:\/\/cooltivarte.com\/portal\/wp-json\/wp\/v2\/posts\/68880\/revisions"}],"predecessor-version":[{"id":123963,"href":"https:\/\/cooltivarte.com\/portal\/wp-json\/wp\/v2\/posts\/68880\/revisions\/123963"}],"wp:featuredmedia":[{"embeddable":true,"href":"https:\/\/cooltivarte.com\/portal\/wp-json\/wp\/v2\/media\/68884"}],"wp:attachment":[{"href":"https:\/\/cooltivarte.com\/portal\/wp-json\/wp\/v2\/media?parent=68880"}],"wp:term":[{"taxonomy":"category","embeddable":true,"href":"https:\/\/cooltivarte.com\/portal\/wp-json\/wp\/v2\/categories?post=68880"},{"taxonomy":"post_tag","embeddable":true,"href":"https:\/\/cooltivarte.com\/portal\/wp-json\/wp\/v2\/tags?post=68880"}],"curies":[{"name":"wp","href":"https:\/\/api.w.org\/{rel}","templated":true}]}}